{"id":118907,"date":"2024-10-21T12:37:43","date_gmt":"2024-10-21T15:37:43","guid":{"rendered":"https:\/\/redenoticiaz.com.br\/litoralsp\/2024\/10\/21\/receita-federal-realiza-leilao-de-eletronicos-veiculos-e-outros-itens"},"modified":"2024-10-21T12:37:43","modified_gmt":"2024-10-21T15:37:43","slug":"receita-federal-realiza-leilao-de-eletronicos-veiculos-e-outros-itens","status":"publish","type":"post","link":"https:\/\/redenoticiaz.com.br\/litoralsp\/2024\/10\/21\/receita-federal-realiza-leilao-de-eletronicos-veiculos-e-outros-itens","title":{"rendered":"Receita Federal realiza leil\u00e3o de eletr\u00f4nicos, ve\u00edculos e outros itens"},"content":{"rendered":"<p data-sourcepos=\"5:1-5:288\">A Receita Federal ir\u00e1 realizar no dia 5 de novembro mais um leil\u00e3o regional de mercadorias apreendidas ou abandonadas. A a\u00e7\u00e3o, que ser\u00e1 realizada de forma eletr\u00f4nica, oferece uma variedade de produtos a pre\u00e7os atrativos, como celulares, eletr\u00f4nicos, ve\u00edculos e muito mais.<\/p>\n<p data-sourcepos=\"7:1-7:296\">Ao todo, s\u00e3o 129 lotes dispon\u00edveis para lances, com valores que variam de R$ 10 a R$ 1,2 milh\u00e3o. Entre os destaques do leil\u00e3o est\u00e3o um iPhone 11 a partir de R$ 300, um MacBook a partir de R$ 1 mil, dois carros Fiat Palio a partir de R$ 7,2 mil e uma caminhonete Iveco Daily a partir de R$ 42 mil.<\/p>\n<p data-sourcepos=\"9:1-9:20\"><strong>Como participar:<\/strong><\/p>\n<p data-sourcepos=\"11:1-11:340\">Para participar do leil\u00e3o, \u00e9 necess\u00e1rio realizar um cadastro no sistema da Receita Federal e apresentar os documentos exigidos, como CPF ou CNPJ e selo de confiabilidade. Os lances poder\u00e3o ser feitos online entre os dias 25 de outubro e 1\u00b0 de novembro. A sess\u00e3o para lances ser\u00e1 realizada no dia 5 de novembro, \u00e0s 10h (hor\u00e1rio de Bras\u00edlia).<\/p>\n<p data-sourcepos=\"13:1-13:24\"><strong>Visita\u00e7\u00e3o dos lotes:<\/strong><\/p>\n<p data-sourcepos=\"15:1-15:212\">Os lotes estar\u00e3o dispon\u00edveis para visita\u00e7\u00e3o entre os dias 25 de outubro e 1\u00b0 de novembro, em dias \u00fateis e mediante agendamento pr\u00e9vio. Os endere\u00e7os e hor\u00e1rios para visita\u00e7\u00e3o est\u00e3o dispon\u00edveis no <a href=\"http:\/\/www25.receita.fazenda.gov.br\/sle-sociedade\/portal\/edital\/800100\/5\/2024\">edital do leil\u00e3o.\u00a0<\/a><\/p>\n<p data-sourcepos=\"15:1-15:212\"><strong>\u00a0LEIA MAIS\u00a0<\/strong><\/p>\n<ul>\n<li data-sourcepos=\"15:1-15:212\"><a href=\"https:\/\/redenoticiaz.com.br\/blog\/2024\/10\/21\/magazine-luiza-abre-novas-vagas-de-emprego-veja-como-se-candidatar\">Magazine Luiza abre novas vagas de emprego; veja como se candidatar<\/a><\/li>\n<li data-sourcepos=\"15:1-15:212\"><a href=\"https:\/\/redenoticiaz.com.br\/blog\/2024\/10\/20\/governo-deve-liberar-r-150-mi-para-empresas-afetadas-por-apagao-em-sp\">Governo deve liberar R$ 150 mi para empresas afetadas por apag\u00e3o em SP<\/a><\/li>\n<\/ul>\n<p>&nbsp;<\/p>\n","protected":false},"excerpt":{"rendered":"<p>A Receita Federal ir\u00e1 realizar no dia 5 de novembro mais um leil\u00e3o regional de mercadorias apreendidas ou abandonadas. A a\u00e7\u00e3o, que ser\u00e1 realizada de forma eletr\u00f4nica, oferece uma variedade de produtos a pre\u00e7os atrativos, como celulares, eletr\u00f4nicos, ve\u00edculos e muito mais. Ao todo, s\u00e3o 129 lotes dispon\u00edveis para lances, com valores que variam de &hellip;<\/p>\n","protected":false},"author":30,"featured_media":118908,"comment_status":"open","ping_status":"closed","sticky":false,"template":"","format":"standard","meta":{"footnotes":""},"categories":[97],"tags":[32543,21944,2183,9938],"class_list":["post-118907","post","type-post","status-publish","format-standard","has-post-thumbnail","hentry","category-economia","tag-eletronicos","tag-leilao","tag-receita-federal","tag-veiculos"],"yoast_head":"<!-- This site is optimized with the Yoast SEO plugin v27.4 - https:\/\/yoast.com\/product\/yoast-seo-wordpress\/ -->\n<title>Receita Federal realiza leil\u00e3o de eletr\u00f4nicos, ve\u00edculos e outros itens - Litoral SP<\/title>\n<meta name=\"description\" content=\"A Receita Federal ir\u00e1 realizar no dia 5 de novembro mais um leil\u00e3o regional de mercadorias apreendidas ou abandonadas.\" \/>\n<meta name=\"robots\" content=\"index, follow, max-snippet:-1, max-image-preview:large, max-video-preview:-1\" \/>\n<link rel=\"canonical\" href=\"https:\/\/redenoticiaz.com.br\/litoralsp\/2024\/10\/21\/receita-federal-realiza-leilao-de-eletronicos-veiculos-e-outros-itens\" \/>\n<meta property=\"og:locale\" content=\"pt_BR\" \/>\n<meta property=\"og:type\" content=\"article\" \/>\n<meta property=\"og:title\" content=\"Receita Federal realiza leil\u00e3o de eletr\u00f4nicos, ve\u00edculos e outros itens - Litoral SP\" \/>\n<meta property=\"og:description\" content=\"A Receita Federal ir\u00e1 realizar no dia 5 de novembro mais um leil\u00e3o regional de mercadorias apreendidas ou abandonadas.\" \/>\n<meta property=\"og:url\" content=\"https:\/\/redenoticiaz.com.br\/litoralsp\/2024\/10\/21\/receita-federal-realiza-leilao-de-eletronicos-veiculos-e-outros-itens\" \/>\n<meta property=\"og:site_name\" content=\"Litoral SP\" \/>\n<meta property=\"article:published_time\" content=\"2024-10-21T15:37:43+00:00\" \/>\n<meta property=\"og:image\" content=\"https:\/\/redenoticiaz.com.br\/litoralsp\/wp-content\/uploads\/sites\/3\/2024\/10\/leilao.jpg?v=1729525011\" \/>\n\t<meta property=\"og:image:width\" content=\"1200\" \/>\n\t<meta property=\"og:image:height\" content=\"628\" \/>\n\t<meta property=\"og:image:type\" content=\"image\/jpeg\" \/>\n<meta name=\"author\" content=\"Carina Reifonas\" \/>\n<meta name=\"twitter:card\" content=\"summary_large_image\" \/>\n<meta name=\"twitter:label1\" content=\"Escrito por\" \/>\n\t<meta name=\"twitter:data1\" content=\"Carina Reifonas\" \/>\n\t<meta name=\"twitter:label2\" content=\"Est. tempo de leitura\" \/>\n\t<meta name=\"twitter:data2\" content=\"2 minutos\" \/>\n<script type=\"application\/ld+json\" class=\"yoast-schema-graph\">{\"@context\":\"https:\\\/\\\/schema.org\",\"@graph\":[{\"@type\":\"Article\",\"@id\":\"https:\\\/\\\/redenoticiaz.com.br\\\/litoralsp\\\/2024\\\/10\\\/21\\\/receita-federal-realiza-leilao-de-eletronicos-veiculos-e-outros-itens#article\",\"isPartOf\":{\"@id\":\"https:\\\/\\\/redenoticiaz.com.br\\\/litoralsp\\\/2024\\\/10\\\/21\\\/receita-federal-realiza-leilao-de-eletronicos-veiculos-e-outros-itens\"},\"author\":{\"name\":\"Carina Reifonas\",\"@id\":\"https:\\\/\\\/redenoticiaz.com.br\\\/litoralsp\\\/#\\\/schema\\\/person\\\/1f84d6e94e6a62d2d81199d7503e9e90\"},\"headline\":\"Receita Federal realiza leil\u00e3o de eletr\u00f4nicos, ve\u00edculos e outros itens\",\"datePublished\":\"2024-10-21T15:37:43+00:00\",\"mainEntityOfPage\":{\"@id\":\"https:\\\/\\\/redenoticiaz.com.br\\\/litoralsp\\\/2024\\\/10\\\/21\\\/receita-federal-realiza-leilao-de-eletronicos-veiculos-e-outros-itens\"},\"wordCount\":256,\"commentCount\":0,\"publisher\":{\"@id\":\"https:\\\/\\\/redenoticiaz.com.br\\\/litoralsp\\\/#organization\"},\"image\":{\"@id\":\"https:\\\/\\\/redenoticiaz.com.br\\\/litoralsp\\\/2024\\\/10\\\/21\\\/receita-federal-realiza-leilao-de-eletronicos-veiculos-e-outros-itens#primaryimage\"},\"thumbnailUrl\":\"https:\\\/\\\/redenoticiaz.com.br\\\/litoralsp\\\/wp-content\\\/uploads\\\/sites\\\/3\\\/2024\\\/10\\\/leilao.jpg?v=1729525011\",\"keywords\":[\"ELETRONICOS\",\"LEIL\u00c3O\",\"Receita Federal\",\"VE\u00cdCULOS\"],\"articleSection\":[\"Economia\"],\"inLanguage\":\"pt-BR\",\"potentialAction\":[{\"@type\":\"CommentAction\",\"name\":\"Comment\",\"target\":[\"https:\\\/\\\/redenoticiaz.com.br\\\/litoralsp\\\/2024\\\/10\\\/21\\\/receita-federal-realiza-leilao-de-eletronicos-veiculos-e-outros-itens#respond\"]}]},{\"@type\":\"WebPage\",\"@id\":\"https:\\\/\\\/redenoticiaz.com.br\\\/litoralsp\\\/2024\\\/10\\\/21\\\/receita-federal-realiza-leilao-de-eletronicos-veiculos-e-outros-itens\",\"url\":\"https:\\\/\\\/redenoticiaz.com.br\\\/litoralsp\\\/2024\\\/10\\\/21\\\/receita-federal-realiza-leilao-de-eletronicos-veiculos-e-outros-itens\",\"name\":\"Receita Federal realiza leil\u00e3o de eletr\u00f4nicos, ve\u00edculos e outros itens - Litoral SP\",\"isPartOf\":{\"@id\":\"https:\\\/\\\/redenoticiaz.com.br\\\/litoralsp\\\/#website\"},\"primaryImageOfPage\":{\"@id\":\"https:\\\/\\\/redenoticiaz.com.br\\\/litoralsp\\\/2024\\\/10\\\/21\\\/receita-federal-realiza-leilao-de-eletronicos-veiculos-e-outros-itens#primaryimage\"},\"image\":{\"@id\":\"https:\\\/\\\/redenoticiaz.com.br\\\/litoralsp\\\/2024\\\/10\\\/21\\\/receita-federal-realiza-leilao-de-eletronicos-veiculos-e-outros-itens#primaryimage\"},\"thumbnailUrl\":\"https:\\\/\\\/redenoticiaz.com.br\\\/litoralsp\\\/wp-content\\\/uploads\\\/sites\\\/3\\\/2024\\\/10\\\/leilao.jpg?v=1729525011\",\"datePublished\":\"2024-10-21T15:37:43+00:00\",\"description\":\"A Receita Federal ir\u00e1 realizar no dia 5 de novembro mais um leil\u00e3o regional de mercadorias apreendidas ou abandonadas.\",\"inLanguage\":\"pt-BR\",\"potentialAction\":[{\"@type\":\"ReadAction\",\"target\":[\"https:\\\/\\\/redenoticiaz.com.br\\\/litoralsp\\\/2024\\\/10\\\/21\\\/receita-federal-realiza-leilao-de-eletronicos-veiculos-e-outros-itens\"]}]},{\"@type\":\"ImageObject\",\"inLanguage\":\"pt-BR\",\"@id\":\"https:\\\/\\\/redenoticiaz.com.br\\\/litoralsp\\\/2024\\\/10\\\/21\\\/receita-federal-realiza-leilao-de-eletronicos-veiculos-e-outros-itens#primaryimage\",\"url\":\"https:\\\/\\\/redenoticiaz.com.br\\\/litoralsp\\\/wp-content\\\/uploads\\\/sites\\\/3\\\/2024\\\/10\\\/leilao.jpg?v=1729525011\",\"contentUrl\":\"https:\\\/\\\/redenoticiaz.com.br\\\/litoralsp\\\/wp-content\\\/uploads\\\/sites\\\/3\\\/2024\\\/10\\\/leilao.jpg?v=1729525011\",\"width\":1200,\"height\":628,\"caption\":\"Receita Federal realiza leil\u00e3o de eletr\u00f4nicos, ve\u00edculos e outros itens.\"},{\"@type\":\"WebSite\",\"@id\":\"https:\\\/\\\/redenoticiaz.com.br\\\/litoralsp\\\/#website\",\"url\":\"https:\\\/\\\/redenoticiaz.com.br\\\/litoralsp\\\/\",\"name\":\"Litoral SP\",\"description\":\"Rede NoticiaZ\",\"publisher\":{\"@id\":\"https:\\\/\\\/redenoticiaz.com.br\\\/litoralsp\\\/#organization\"},\"potentialAction\":[{\"@type\":\"SearchAction\",\"target\":{\"@type\":\"EntryPoint\",\"urlTemplate\":\"https:\\\/\\\/redenoticiaz.com.br\\\/litoralsp\\\/?s={search_term_string}\"},\"query-input\":{\"@type\":\"PropertyValueSpecification\",\"valueRequired\":true,\"valueName\":\"search_term_string\"}}],\"inLanguage\":\"pt-BR\"},{\"@type\":\"Organization\",\"@id\":\"https:\\\/\\\/redenoticiaz.com.br\\\/litoralsp\\\/#organization\",\"name\":\"Litoral SP\",\"url\":\"https:\\\/\\\/redenoticiaz.com.br\\\/litoralsp\\\/\",\"logo\":{\"@type\":\"ImageObject\",\"inLanguage\":\"pt-BR\",\"@id\":\"https:\\\/\\\/redenoticiaz.com.br\\\/litoralsp\\\/#\\\/schema\\\/logo\\\/image\\\/\",\"url\":\"https:\\\/\\\/redenoticiaz.com.br\\\/litoralsp\\\/wp-content\\\/uploads\\\/sites\\\/3\\\/2020\\\/11\\\/logo.jpg\",\"contentUrl\":\"https:\\\/\\\/redenoticiaz.com.br\\\/litoralsp\\\/wp-content\\\/uploads\\\/sites\\\/3\\\/2020\\\/11\\\/logo.jpg\",\"width\":400,\"height\":250,\"caption\":\"Litoral SP\"},\"image\":{\"@id\":\"https:\\\/\\\/redenoticiaz.com.br\\\/litoralsp\\\/#\\\/schema\\\/logo\\\/image\\\/\"}},{\"@type\":\"Person\",\"@id\":\"https:\\\/\\\/redenoticiaz.com.br\\\/litoralsp\\\/#\\\/schema\\\/person\\\/1f84d6e94e6a62d2d81199d7503e9e90\",\"name\":\"Carina Reifonas\",\"image\":{\"@type\":\"ImageObject\",\"inLanguage\":\"pt-BR\",\"@id\":\"https:\\\/\\\/secure.gravatar.com\\\/avatar\\\/04c59859b23696cf867715880f81d5c037e60109730bdb4e6670ec2a2245bc97?s=96&d=mm&r=g\",\"url\":\"https:\\\/\\\/secure.gravatar.com\\\/avatar\\\/04c59859b23696cf867715880f81d5c037e60109730bdb4e6670ec2a2245bc97?s=96&d=mm&r=g\",\"contentUrl\":\"https:\\\/\\\/secure.gravatar.com\\\/avatar\\\/04c59859b23696cf867715880f81d5c037e60109730bdb4e6670ec2a2245bc97?s=96&d=mm&r=g\",\"caption\":\"Carina Reifonas\"},\"url\":\"https:\\\/\\\/redenoticiaz.com.br\\\/litoralsp\\\/author\\\/carinareifonas\"}]}<\/script>\n<!-- \/ Yoast SEO plugin. -->","yoast_head_json":{"title":"Receita Federal realiza leil\u00e3o de eletr\u00f4nicos, ve\u00edculos e outros itens - Litoral SP","description":"A Receita Federal ir\u00e1 realizar no dia 5 de novembro mais um leil\u00e3o regional de mercadorias apreendidas ou abandonadas.","robots":{"index":"index","follow":"follow","max-snippet":"max-snippet:-1","max-image-preview":"max-image-preview:large","max-video-preview":"max-video-preview:-1"},"canonical":"https:\/\/redenoticiaz.com.br\/litoralsp\/2024\/10\/21\/receita-federal-realiza-leilao-de-eletronicos-veiculos-e-outros-itens","og_locale":"pt_BR","og_type":"article","og_title":"Receita Federal realiza leil\u00e3o de eletr\u00f4nicos, ve\u00edculos e outros itens - Litoral SP","og_description":"A Receita Federal ir\u00e1 realizar no dia 5 de novembro mais um leil\u00e3o regional de mercadorias apreendidas ou abandonadas.","og_url":"https:\/\/redenoticiaz.com.br\/litoralsp\/2024\/10\/21\/receita-federal-realiza-leilao-de-eletronicos-veiculos-e-outros-itens","og_site_name":"Litoral SP","article_published_time":"2024-10-21T15:37:43+00:00","og_image":[{"width":1200,"height":628,"url":"https:\/\/redenoticiaz.com.br\/litoralsp\/wp-content\/uploads\/sites\/3\/2024\/10\/leilao.jpg?v=1729525011","type":"image\/jpeg"}],"author":"Carina Reifonas","twitter_card":"summary_large_image","twitter_misc":{"Escrito por":"Carina Reifonas","Est. tempo de leitura":"2 minutos"},"schema":{"@context":"https:\/\/schema.org","@graph":[{"@type":"Article","@id":"https:\/\/redenoticiaz.com.br\/litoralsp\/2024\/10\/21\/receita-federal-realiza-leilao-de-eletronicos-veiculos-e-outros-itens#article","isPartOf":{"@id":"https:\/\/redenoticiaz.com.br\/litoralsp\/2024\/10\/21\/receita-federal-realiza-leilao-de-eletronicos-veiculos-e-outros-itens"},"author":{"name":"Carina Reifonas","@id":"https:\/\/redenoticiaz.com.br\/litoralsp\/#\/schema\/person\/1f84d6e94e6a62d2d81199d7503e9e90"},"headline":"Receita Federal realiza leil\u00e3o de eletr\u00f4nicos, ve\u00edculos e outros itens","datePublished":"2024-10-21T15:37:43+00:00","mainEntityOfPage":{"@id":"https:\/\/redenoticiaz.com.br\/litoralsp\/2024\/10\/21\/receita-federal-realiza-leilao-de-eletronicos-veiculos-e-outros-itens"},"wordCount":256,"commentCount":0,"publisher":{"@id":"https:\/\/redenoticiaz.com.br\/litoralsp\/#organization"},"image":{"@id":"https:\/\/redenoticiaz.com.br\/litoralsp\/2024\/10\/21\/receita-federal-realiza-leilao-de-eletronicos-veiculos-e-outros-itens#primaryimage"},"thumbnailUrl":"https:\/\/redenoticiaz.com.br\/litoralsp\/wp-content\/uploads\/sites\/3\/2024\/10\/leilao.jpg?v=1729525011","keywords":["ELETRONICOS","LEIL\u00c3O","Receita Federal","VE\u00cdCULOS"],"articleSection":["Economia"],"inLanguage":"pt-BR","potentialAction":[{"@type":"CommentAction","name":"Comment","target":["https:\/\/redenoticiaz.com.br\/litoralsp\/2024\/10\/21\/receita-federal-realiza-leilao-de-eletronicos-veiculos-e-outros-itens#respond"]}]},{"@type":"WebPage","@id":"https:\/\/redenoticiaz.com.br\/litoralsp\/2024\/10\/21\/receita-federal-realiza-leilao-de-eletronicos-veiculos-e-outros-itens","url":"https:\/\/redenoticiaz.com.br\/litoralsp\/2024\/10\/21\/receita-federal-realiza-leilao-de-eletronicos-veiculos-e-outros-itens","name":"Receita Federal realiza leil\u00e3o de eletr\u00f4nicos, ve\u00edculos e outros itens - Litoral SP","isPartOf":{"@id":"https:\/\/redenoticiaz.com.br\/litoralsp\/#website"},"primaryImageOfPage":{"@id":"https:\/\/redenoticiaz.com.br\/litoralsp\/2024\/10\/21\/receita-federal-realiza-leilao-de-eletronicos-veiculos-e-outros-itens#primaryimage"},"image":{"@id":"https:\/\/redenoticiaz.com.br\/litoralsp\/2024\/10\/21\/receita-federal-realiza-leilao-de-eletronicos-veiculos-e-outros-itens#primaryimage"},"thumbnailUrl":"https:\/\/redenoticiaz.com.br\/litoralsp\/wp-content\/uploads\/sites\/3\/2024\/10\/leilao.jpg?v=1729525011","datePublished":"2024-10-21T15:37:43+00:00","description":"A Receita Federal ir\u00e1 realizar no dia 5 de novembro mais um leil\u00e3o regional de mercadorias apreendidas ou abandonadas.","inLanguage":"pt-BR","potentialAction":[{"@type":"ReadAction","target":["https:\/\/redenoticiaz.com.br\/litoralsp\/2024\/10\/21\/receita-federal-realiza-leilao-de-eletronicos-veiculos-e-outros-itens"]}]},{"@type":"ImageObject","inLanguage":"pt-BR","@id":"https:\/\/redenoticiaz.com.br\/litoralsp\/2024\/10\/21\/receita-federal-realiza-leilao-de-eletronicos-veiculos-e-outros-itens#primaryimage","url":"https:\/\/redenoticiaz.com.br\/litoralsp\/wp-content\/uploads\/sites\/3\/2024\/10\/leilao.jpg?v=1729525011","contentUrl":"https:\/\/redenoticiaz.com.br\/litoralsp\/wp-content\/uploads\/sites\/3\/2024\/10\/leilao.jpg?v=1729525011","width":1200,"height":628,"caption":"Receita Federal realiza leil\u00e3o de eletr\u00f4nicos, ve\u00edculos e outros itens."},{"@type":"WebSite","@id":"https:\/\/redenoticiaz.com.br\/litoralsp\/#website","url":"https:\/\/redenoticiaz.com.br\/litoralsp\/","name":"Litoral SP","description":"Rede NoticiaZ","publisher":{"@id":"https:\/\/redenoticiaz.com.br\/litoralsp\/#organization"},"potentialAction":[{"@type":"SearchAction","target":{"@type":"EntryPoint","urlTemplate":"https:\/\/redenoticiaz.com.br\/litoralsp\/?s={search_term_string}"},"query-input":{"@type":"PropertyValueSpecification","valueRequired":true,"valueName":"search_term_string"}}],"inLanguage":"pt-BR"},{"@type":"Organization","@id":"https:\/\/redenoticiaz.com.br\/litoralsp\/#organization","name":"Litoral SP","url":"https:\/\/redenoticiaz.com.br\/litoralsp\/","logo":{"@type":"ImageObject","inLanguage":"pt-BR","@id":"https:\/\/redenoticiaz.com.br\/litoralsp\/#\/schema\/logo\/image\/","url":"https:\/\/redenoticiaz.com.br\/litoralsp\/wp-content\/uploads\/sites\/3\/2020\/11\/logo.jpg","contentUrl":"https:\/\/redenoticiaz.com.br\/litoralsp\/wp-content\/uploads\/sites\/3\/2020\/11\/logo.jpg","width":400,"height":250,"caption":"Litoral SP"},"image":{"@id":"https:\/\/redenoticiaz.com.br\/litoralsp\/#\/schema\/logo\/image\/"}},{"@type":"Person","@id":"https:\/\/redenoticiaz.com.br\/litoralsp\/#\/schema\/person\/1f84d6e94e6a62d2d81199d7503e9e90","name":"Carina Reifonas","image":{"@type":"ImageObject","inLanguage":"pt-BR","@id":"https:\/\/secure.gravatar.com\/avatar\/04c59859b23696cf867715880f81d5c037e60109730bdb4e6670ec2a2245bc97?s=96&d=mm&r=g","url":"https:\/\/secure.gravatar.com\/avatar\/04c59859b23696cf867715880f81d5c037e60109730bdb4e6670ec2a2245bc97?s=96&d=mm&r=g","contentUrl":"https:\/\/secure.gravatar.com\/avatar\/04c59859b23696cf867715880f81d5c037e60109730bdb4e6670ec2a2245bc97?s=96&d=mm&r=g","caption":"Carina Reifonas"},"url":"https:\/\/redenoticiaz.com.br\/litoralsp\/author\/carinareifonas"}]}},"_links":{"self":[{"href":"https:\/\/redenoticiaz.com.br\/litoralsp\/wp-json\/wp\/v2\/posts\/118907","targetHints":{"allow":["GET"]}}],"collection":[{"href":"https:\/\/redenoticiaz.com.br\/litoralsp\/wp-json\/wp\/v2\/posts"}],"about":[{"href":"https:\/\/redenoticiaz.com.br\/litoralsp\/wp-json\/wp\/v2\/types\/post"}],"author":[{"embeddable":true,"href":"https:\/\/redenoticiaz.com.br\/litoralsp\/wp-json\/wp\/v2\/users\/30"}],"replies":[{"embeddable":true,"href":"https:\/\/redenoticiaz.com.br\/litoralsp\/wp-json\/wp\/v2\/comments?post=118907"}],"version-history":[{"count":0,"href":"https:\/\/redenoticiaz.com.br\/litoralsp\/wp-json\/wp\/v2\/posts\/118907\/revisions"}],"wp:featuredmedia":[{"embeddable":true,"href":"https:\/\/redenoticiaz.com.br\/litoralsp\/wp-json\/wp\/v2\/media\/118908"}],"wp:attachment":[{"href":"https:\/\/redenoticiaz.com.br\/litoralsp\/wp-json\/wp\/v2\/media?parent=118907"}],"wp:term":[{"taxonomy":"category","embeddable":true,"href":"https:\/\/redenoticiaz.com.br\/litoralsp\/wp-json\/wp\/v2\/categories?post=118907"},{"taxonomy":"post_tag","embeddable":true,"href":"https:\/\/redenoticiaz.com.br\/litoralsp\/wp-json\/wp\/v2\/tags?post=118907"}],"curies":[{"name":"wp","href":"https:\/\/api.w.org\/{rel}","templated":true}]}}