{"id":11904,"date":"2021-07-27T12:58:05","date_gmt":"2021-07-27T15:58:05","guid":{"rendered":"https:\/\/redenoticiaz.com.br\/litoralsp\/?p=11904"},"modified":"2021-07-27T12:58:25","modified_gmt":"2021-07-27T15:58:25","slug":"jovem-morre-baleado-em-ilhabela","status":"publish","type":"post","link":"https:\/\/redenoticiaz.com.br\/litoralsp\/2021\/07\/27\/jovem-morre-baleado-em-ilhabela","title":{"rendered":"Jovem morre baleado em Ilhabela"},"content":{"rendered":"<p>A Pol\u00edcia Civil de <a href=\"https:\/\/www.ilhabela.sp.gov.br\/\">Ilhabela<\/a> iniciou as investiga\u00e7\u00f5es para apurar o crime de dois <strong>jovens<\/strong> que foram baleados na cidade. Um deles, que tinha 24 anos morreu no local, enquanto isso um outro rapaz tamb\u00e9m foi atingido pelos tiros, mas sobreviveu.<\/p>\n<p>Segundo a pol\u00edcia, o crime ocorreu na Rua Josenilda Feliciana, no bairro Itaquanduba. Os moradores contaram aos oficiais que ouviram o barulho dos disparos e em seguida viram os dois homens ca\u00eddos.<\/p>\n<div class=\"mc-column content-text active-extra-styles \" data-block-type=\"unstyled\" data-block-weight=\"45\" data-block-id=\"3\">\n<p class=\"content-text__container \" data-track-category=\"Link no Texto\" data-track-links=\"\">O SAMU foi acionado, mas quando chegou ao local um dos jovens que tinha sido baleado com dois tiros no peito, n\u00e3o resistiu e morreu no pr\u00f3prio local. J\u00e1 o segundo estava consciente e foi levado para um hospital de Ilhabela, onde segue internado.<\/p>\n<\/div>\n<div class=\"mc-column content-text active-extra-styles \" data-block-type=\"unstyled\" data-block-weight=\"57\" data-block-id=\"4\">\n<p class=\"content-text__container \" data-track-category=\"Link no Texto\" data-track-links=\"\">Testemunhas apontaram como suspeito um homem que estava com os jovens momentos antes do crime, mas deixou o local em seguida. Ele chegou a ser detido, mas em seu depoimento a Pol\u00edcia Civil informou que n\u00e3o foram encontradas provas que o ligassem a morte e a tentativa de homic\u00eddio. O caso segue sendo investigado.<\/p>\n<p data-track-category=\"Link no Texto\" data-track-links=\"\"><strong>LEIA TAMB\u00c9M<\/strong><\/p>\n<p data-track-category=\"Link no Texto\" data-track-links=\"\"><a href=\"https:\/\/redenoticiaz.com.br\/litoralsp\/2021\/07\/26\/policia-de-caraguatatuba-prende-acusado-de-matar-mulher-ha-quatro-anos\">Pol\u00edcia de Caraguatatuba prende acusado de matar mulher h\u00e1 quatro anos<\/a><\/p>\n<\/div>\n","protected":false},"excerpt":{"rendered":"<p>A Pol\u00edcia Civil de Ilhabela iniciou as investiga\u00e7\u00f5es para apurar o crime de dois jovens que foram baleados na cidade. Um deles, que tinha 24 anos morreu no local, enquanto isso um outro rapaz tamb\u00e9m foi atingido pelos tiros, mas sobreviveu. Segundo a pol\u00edcia, o crime ocorreu na Rua Josenilda Feliciana, no bairro Itaquanduba. Os &hellip;<\/p>\n","protected":false},"author":6,"featured_media":11905,"comment_status":"open","ping_status":"closed","sticky":false,"template":"","format":"standard","meta":{"footnotes":""},"categories":[3411,10],"tags":[3999,10972,28673,1762],"class_list":["post-11904","post","type-post","status-publish","format-standard","has-post-thumbnail","hentry","category-ilhabela","category-policia","tag-ilhabela","tag-investigacao","tag-jovens-baleados","tag-policia-civil"],"yoast_head":"<!-- This site is optimized with the Yoast SEO plugin v27.5 - https:\/\/yoast.com\/product\/yoast-seo-wordpress\/ -->\n<title>Jovem morre baleado em Ilhabela - Litoral SP<\/title>\n<meta name=\"description\" content=\"A Pol\u00edcia Civil de Ilhabela iniciou as investiga\u00e7\u00f5es para apurar o crime de dois jovens que foram baleados na cidade. Um deles, que\" \/>\n<meta name=\"robots\" content=\"index, follow, max-snippet:-1, max-image-preview:large, max-video-preview:-1\" \/>\n<link rel=\"canonical\" href=\"https:\/\/redenoticiaz.com.br\/litoralsp\/2021\/07\/27\/jovem-morre-baleado-em-ilhabela\" \/>\n<meta property=\"og:locale\" content=\"pt_BR\" \/>\n<meta property=\"og:type\" content=\"article\" \/>\n<meta property=\"og:title\" content=\"Jovem morre baleado em Ilhabela - Litoral SP\" \/>\n<meta property=\"og:description\" content=\"A Pol\u00edcia Civil de Ilhabela iniciou as investiga\u00e7\u00f5es para apurar o crime de dois jovens que foram baleados na cidade. Um deles, que\" \/>\n<meta property=\"og:url\" content=\"https:\/\/redenoticiaz.com.br\/litoralsp\/2021\/07\/27\/jovem-morre-baleado-em-ilhabela\" \/>\n<meta property=\"og:site_name\" content=\"Litoral SP\" \/>\n<meta property=\"article:published_time\" content=\"2021-07-27T15:58:05+00:00\" \/>\n<meta property=\"article:modified_time\" content=\"2021-07-27T15:58:25+00:00\" \/>\n<meta property=\"og:image\" content=\"https:\/\/redenoticiaz.com.br\/litoralsp\/wp-content\/uploads\/sites\/3\/2021\/07\/delegacia_ilhabela-546347_1028-771-0-0.jpg\" \/>\n\t<meta property=\"og:image:width\" content=\"1028\" \/>\n\t<meta property=\"og:image:height\" content=\"771\" \/>\n\t<meta property=\"og:image:type\" content=\"image\/jpeg\" \/>\n<meta name=\"author\" content=\"Leonardo Francisco\" \/>\n<meta name=\"twitter:card\" content=\"summary_large_image\" \/>\n<meta name=\"twitter:label1\" content=\"Escrito por\" \/>\n\t<meta name=\"twitter:data1\" content=\"Leonardo Francisco\" \/>\n\t<meta name=\"twitter:label2\" content=\"Est. tempo de leitura\" \/>\n\t<meta name=\"twitter:data2\" content=\"1 minuto\" \/>\n<script type=\"application\/ld+json\" class=\"yoast-schema-graph\">{\"@context\":\"https:\\\/\\\/schema.org\",\"@graph\":[{\"@type\":\"Article\",\"@id\":\"https:\\\/\\\/redenoticiaz.com.br\\\/litoralsp\\\/2021\\\/07\\\/27\\\/jovem-morre-baleado-em-ilhabela#article\",\"isPartOf\":{\"@id\":\"https:\\\/\\\/redenoticiaz.com.br\\\/litoralsp\\\/2021\\\/07\\\/27\\\/jovem-morre-baleado-em-ilhabela\"},\"author\":{\"name\":\"Leonardo Francisco\",\"@id\":\"https:\\\/\\\/redenoticiaz.com.br\\\/litoralsp\\\/#\\\/schema\\\/person\\\/0f0b8a5bdafefe82841e07ae8d81ecb3\"},\"headline\":\"Jovem morre baleado em Ilhabela\",\"datePublished\":\"2021-07-27T15:58:05+00:00\",\"dateModified\":\"2021-07-27T15:58:25+00:00\",\"mainEntityOfPage\":{\"@id\":\"https:\\\/\\\/redenoticiaz.com.br\\\/litoralsp\\\/2021\\\/07\\\/27\\\/jovem-morre-baleado-em-ilhabela\"},\"wordCount\":200,\"commentCount\":0,\"publisher\":{\"@id\":\"https:\\\/\\\/redenoticiaz.com.br\\\/litoralsp\\\/#organization\"},\"image\":{\"@id\":\"https:\\\/\\\/redenoticiaz.com.br\\\/litoralsp\\\/2021\\\/07\\\/27\\\/jovem-morre-baleado-em-ilhabela#primaryimage\"},\"thumbnailUrl\":\"https:\\\/\\\/redenoticiaz.com.br\\\/litoralsp\\\/wp-content\\\/uploads\\\/sites\\\/3\\\/2021\\\/07\\\/delegacia_ilhabela-546347_1028-771-0-0.jpg\",\"keywords\":[\"ILHABELA\",\"investiga\u00e7\u00e3o\",\"JOVENS BALEADOS\",\"POL\u00cdCIA CIVIL\"],\"articleSection\":[\"IlhaBela\",\"Pol\u00edcia\"],\"inLanguage\":\"pt-BR\",\"potentialAction\":[{\"@type\":\"CommentAction\",\"name\":\"Comment\",\"target\":[\"https:\\\/\\\/redenoticiaz.com.br\\\/litoralsp\\\/2021\\\/07\\\/27\\\/jovem-morre-baleado-em-ilhabela#respond\"]}]},{\"@type\":\"WebPage\",\"@id\":\"https:\\\/\\\/redenoticiaz.com.br\\\/litoralsp\\\/2021\\\/07\\\/27\\\/jovem-morre-baleado-em-ilhabela\",\"url\":\"https:\\\/\\\/redenoticiaz.com.br\\\/litoralsp\\\/2021\\\/07\\\/27\\\/jovem-morre-baleado-em-ilhabela\",\"name\":\"Jovem morre baleado em Ilhabela - Litoral SP\",\"isPartOf\":{\"@id\":\"https:\\\/\\\/redenoticiaz.com.br\\\/litoralsp\\\/#website\"},\"primaryImageOfPage\":{\"@id\":\"https:\\\/\\\/redenoticiaz.com.br\\\/litoralsp\\\/2021\\\/07\\\/27\\\/jovem-morre-baleado-em-ilhabela#primaryimage\"},\"image\":{\"@id\":\"https:\\\/\\\/redenoticiaz.com.br\\\/litoralsp\\\/2021\\\/07\\\/27\\\/jovem-morre-baleado-em-ilhabela#primaryimage\"},\"thumbnailUrl\":\"https:\\\/\\\/redenoticiaz.com.br\\\/litoralsp\\\/wp-content\\\/uploads\\\/sites\\\/3\\\/2021\\\/07\\\/delegacia_ilhabela-546347_1028-771-0-0.jpg\",\"datePublished\":\"2021-07-27T15:58:05+00:00\",\"dateModified\":\"2021-07-27T15:58:25+00:00\",\"description\":\"A Pol\u00edcia Civil de Ilhabela iniciou as investiga\u00e7\u00f5es para apurar o crime de dois jovens que foram baleados na cidade. Um deles, que\",\"inLanguage\":\"pt-BR\",\"potentialAction\":[{\"@type\":\"ReadAction\",\"target\":[\"https:\\\/\\\/redenoticiaz.com.br\\\/litoralsp\\\/2021\\\/07\\\/27\\\/jovem-morre-baleado-em-ilhabela\"]}]},{\"@type\":\"ImageObject\",\"inLanguage\":\"pt-BR\",\"@id\":\"https:\\\/\\\/redenoticiaz.com.br\\\/litoralsp\\\/2021\\\/07\\\/27\\\/jovem-morre-baleado-em-ilhabela#primaryimage\",\"url\":\"https:\\\/\\\/redenoticiaz.com.br\\\/litoralsp\\\/wp-content\\\/uploads\\\/sites\\\/3\\\/2021\\\/07\\\/delegacia_ilhabela-546347_1028-771-0-0.jpg\",\"contentUrl\":\"https:\\\/\\\/redenoticiaz.com.br\\\/litoralsp\\\/wp-content\\\/uploads\\\/sites\\\/3\\\/2021\\\/07\\\/delegacia_ilhabela-546347_1028-771-0-0.jpg\",\"width\":1028,\"height\":771,\"caption\":\"Caso sobre a motiva\u00e7\u00e3o do crime est\u00e1 em andamento.\"},{\"@type\":\"WebSite\",\"@id\":\"https:\\\/\\\/redenoticiaz.com.br\\\/litoralsp\\\/#website\",\"url\":\"https:\\\/\\\/redenoticiaz.com.br\\\/litoralsp\\\/\",\"name\":\"Litoral SP\",\"description\":\"Rede NoticiaZ\",\"publisher\":{\"@id\":\"https:\\\/\\\/redenoticiaz.com.br\\\/litoralsp\\\/#organization\"},\"potentialAction\":[{\"@type\":\"SearchAction\",\"target\":{\"@type\":\"EntryPoint\",\"urlTemplate\":\"https:\\\/\\\/redenoticiaz.com.br\\\/litoralsp\\\/?s={search_term_string}\"},\"query-input\":{\"@type\":\"PropertyValueSpecification\",\"valueRequired\":true,\"valueName\":\"search_term_string\"}}],\"inLanguage\":\"pt-BR\"},{\"@type\":\"Organization\",\"@id\":\"https:\\\/\\\/redenoticiaz.com.br\\\/litoralsp\\\/#organization\",\"name\":\"Litoral SP\",\"url\":\"https:\\\/\\\/redenoticiaz.com.br\\\/litoralsp\\\/\",\"logo\":{\"@type\":\"ImageObject\",\"inLanguage\":\"pt-BR\",\"@id\":\"https:\\\/\\\/redenoticiaz.com.br\\\/litoralsp\\\/#\\\/schema\\\/logo\\\/image\\\/\",\"url\":\"https:\\\/\\\/redenoticiaz.com.br\\\/litoralsp\\\/wp-content\\\/uploads\\\/sites\\\/3\\\/2020\\\/11\\\/logo.jpg\",\"contentUrl\":\"https:\\\/\\\/redenoticiaz.com.br\\\/litoralsp\\\/wp-content\\\/uploads\\\/sites\\\/3\\\/2020\\\/11\\\/logo.jpg\",\"width\":400,\"height\":250,\"caption\":\"Litoral SP\"},\"image\":{\"@id\":\"https:\\\/\\\/redenoticiaz.com.br\\\/litoralsp\\\/#\\\/schema\\\/logo\\\/image\\\/\"}},{\"@type\":\"Person\",\"@id\":\"https:\\\/\\\/redenoticiaz.com.br\\\/litoralsp\\\/#\\\/schema\\\/person\\\/0f0b8a5bdafefe82841e07ae8d81ecb3\",\"name\":\"Leonardo Francisco\",\"image\":{\"@type\":\"ImageObject\",\"inLanguage\":\"pt-BR\",\"@id\":\"https:\\\/\\\/secure.gravatar.com\\\/avatar\\\/a7358cb406a99b682ec6df1e77e31ae82e63601f6784e8a3df411d72b37864da?s=96&d=mm&r=g\",\"url\":\"https:\\\/\\\/secure.gravatar.com\\\/avatar\\\/a7358cb406a99b682ec6df1e77e31ae82e63601f6784e8a3df411d72b37864da?s=96&d=mm&r=g\",\"contentUrl\":\"https:\\\/\\\/secure.gravatar.com\\\/avatar\\\/a7358cb406a99b682ec6df1e77e31ae82e63601f6784e8a3df411d72b37864da?s=96&d=mm&r=g\",\"caption\":\"Leonardo Francisco\"},\"url\":\"https:\\\/\\\/redenoticiaz.com.br\\\/litoralsp\\\/author\\\/leonardo-francisco\"}]}<\/script>\n<!-- \/ Yoast SEO plugin. -->","yoast_head_json":{"title":"Jovem morre baleado em Ilhabela - Litoral SP","description":"A Pol\u00edcia Civil de Ilhabela iniciou as investiga\u00e7\u00f5es para apurar o crime de dois jovens que foram baleados na cidade. Um deles, que","robots":{"index":"index","follow":"follow","max-snippet":"max-snippet:-1","max-image-preview":"max-image-preview:large","max-video-preview":"max-video-preview:-1"},"canonical":"https:\/\/redenoticiaz.com.br\/litoralsp\/2021\/07\/27\/jovem-morre-baleado-em-ilhabela","og_locale":"pt_BR","og_type":"article","og_title":"Jovem morre baleado em Ilhabela - Litoral SP","og_description":"A Pol\u00edcia Civil de Ilhabela iniciou as investiga\u00e7\u00f5es para apurar o crime de dois jovens que foram baleados na cidade. Um deles, que","og_url":"https:\/\/redenoticiaz.com.br\/litoralsp\/2021\/07\/27\/jovem-morre-baleado-em-ilhabela","og_site_name":"Litoral SP","article_published_time":"2021-07-27T15:58:05+00:00","article_modified_time":"2021-07-27T15:58:25+00:00","og_image":[{"width":1028,"height":771,"url":"https:\/\/redenoticiaz.com.br\/litoralsp\/wp-content\/uploads\/sites\/3\/2021\/07\/delegacia_ilhabela-546347_1028-771-0-0.jpg","type":"image\/jpeg"}],"author":"Leonardo Francisco","twitter_card":"summary_large_image","twitter_misc":{"Escrito por":"Leonardo Francisco","Est. tempo de leitura":"1 minuto"},"schema":{"@context":"https:\/\/schema.org","@graph":[{"@type":"Article","@id":"https:\/\/redenoticiaz.com.br\/litoralsp\/2021\/07\/27\/jovem-morre-baleado-em-ilhabela#article","isPartOf":{"@id":"https:\/\/redenoticiaz.com.br\/litoralsp\/2021\/07\/27\/jovem-morre-baleado-em-ilhabela"},"author":{"name":"Leonardo Francisco","@id":"https:\/\/redenoticiaz.com.br\/litoralsp\/#\/schema\/person\/0f0b8a5bdafefe82841e07ae8d81ecb3"},"headline":"Jovem morre baleado em Ilhabela","datePublished":"2021-07-27T15:58:05+00:00","dateModified":"2021-07-27T15:58:25+00:00","mainEntityOfPage":{"@id":"https:\/\/redenoticiaz.com.br\/litoralsp\/2021\/07\/27\/jovem-morre-baleado-em-ilhabela"},"wordCount":200,"commentCount":0,"publisher":{"@id":"https:\/\/redenoticiaz.com.br\/litoralsp\/#organization"},"image":{"@id":"https:\/\/redenoticiaz.com.br\/litoralsp\/2021\/07\/27\/jovem-morre-baleado-em-ilhabela#primaryimage"},"thumbnailUrl":"https:\/\/redenoticiaz.com.br\/litoralsp\/wp-content\/uploads\/sites\/3\/2021\/07\/delegacia_ilhabela-546347_1028-771-0-0.jpg","keywords":["ILHABELA","investiga\u00e7\u00e3o","JOVENS BALEADOS","POL\u00cdCIA CIVIL"],"articleSection":["IlhaBela","Pol\u00edcia"],"inLanguage":"pt-BR","potentialAction":[{"@type":"CommentAction","name":"Comment","target":["https:\/\/redenoticiaz.com.br\/litoralsp\/2021\/07\/27\/jovem-morre-baleado-em-ilhabela#respond"]}]},{"@type":"WebPage","@id":"https:\/\/redenoticiaz.com.br\/litoralsp\/2021\/07\/27\/jovem-morre-baleado-em-ilhabela","url":"https:\/\/redenoticiaz.com.br\/litoralsp\/2021\/07\/27\/jovem-morre-baleado-em-ilhabela","name":"Jovem morre baleado em Ilhabela - Litoral SP","isPartOf":{"@id":"https:\/\/redenoticiaz.com.br\/litoralsp\/#website"},"primaryImageOfPage":{"@id":"https:\/\/redenoticiaz.com.br\/litoralsp\/2021\/07\/27\/jovem-morre-baleado-em-ilhabela#primaryimage"},"image":{"@id":"https:\/\/redenoticiaz.com.br\/litoralsp\/2021\/07\/27\/jovem-morre-baleado-em-ilhabela#primaryimage"},"thumbnailUrl":"https:\/\/redenoticiaz.com.br\/litoralsp\/wp-content\/uploads\/sites\/3\/2021\/07\/delegacia_ilhabela-546347_1028-771-0-0.jpg","datePublished":"2021-07-27T15:58:05+00:00","dateModified":"2021-07-27T15:58:25+00:00","description":"A Pol\u00edcia Civil de Ilhabela iniciou as investiga\u00e7\u00f5es para apurar o crime de dois jovens que foram baleados na cidade. Um deles, que","inLanguage":"pt-BR","potentialAction":[{"@type":"ReadAction","target":["https:\/\/redenoticiaz.com.br\/litoralsp\/2021\/07\/27\/jovem-morre-baleado-em-ilhabela"]}]},{"@type":"ImageObject","inLanguage":"pt-BR","@id":"https:\/\/redenoticiaz.com.br\/litoralsp\/2021\/07\/27\/jovem-morre-baleado-em-ilhabela#primaryimage","url":"https:\/\/redenoticiaz.com.br\/litoralsp\/wp-content\/uploads\/sites\/3\/2021\/07\/delegacia_ilhabela-546347_1028-771-0-0.jpg","contentUrl":"https:\/\/redenoticiaz.com.br\/litoralsp\/wp-content\/uploads\/sites\/3\/2021\/07\/delegacia_ilhabela-546347_1028-771-0-0.jpg","width":1028,"height":771,"caption":"Caso sobre a motiva\u00e7\u00e3o do crime est\u00e1 em andamento."},{"@type":"WebSite","@id":"https:\/\/redenoticiaz.com.br\/litoralsp\/#website","url":"https:\/\/redenoticiaz.com.br\/litoralsp\/","name":"Litoral SP","description":"Rede NoticiaZ","publisher":{"@id":"https:\/\/redenoticiaz.com.br\/litoralsp\/#organization"},"potentialAction":[{"@type":"SearchAction","target":{"@type":"EntryPoint","urlTemplate":"https:\/\/redenoticiaz.com.br\/litoralsp\/?s={search_term_string}"},"query-input":{"@type":"PropertyValueSpecification","valueRequired":true,"valueName":"search_term_string"}}],"inLanguage":"pt-BR"},{"@type":"Organization","@id":"https:\/\/redenoticiaz.com.br\/litoralsp\/#organization","name":"Litoral SP","url":"https:\/\/redenoticiaz.com.br\/litoralsp\/","logo":{"@type":"ImageObject","inLanguage":"pt-BR","@id":"https:\/\/redenoticiaz.com.br\/litoralsp\/#\/schema\/logo\/image\/","url":"https:\/\/redenoticiaz.com.br\/litoralsp\/wp-content\/uploads\/sites\/3\/2020\/11\/logo.jpg","contentUrl":"https:\/\/redenoticiaz.com.br\/litoralsp\/wp-content\/uploads\/sites\/3\/2020\/11\/logo.jpg","width":400,"height":250,"caption":"Litoral SP"},"image":{"@id":"https:\/\/redenoticiaz.com.br\/litoralsp\/#\/schema\/logo\/image\/"}},{"@type":"Person","@id":"https:\/\/redenoticiaz.com.br\/litoralsp\/#\/schema\/person\/0f0b8a5bdafefe82841e07ae8d81ecb3","name":"Leonardo Francisco","image":{"@type":"ImageObject","inLanguage":"pt-BR","@id":"https:\/\/secure.gravatar.com\/avatar\/a7358cb406a99b682ec6df1e77e31ae82e63601f6784e8a3df411d72b37864da?s=96&d=mm&r=g","url":"https:\/\/secure.gravatar.com\/avatar\/a7358cb406a99b682ec6df1e77e31ae82e63601f6784e8a3df411d72b37864da?s=96&d=mm&r=g","contentUrl":"https:\/\/secure.gravatar.com\/avatar\/a7358cb406a99b682ec6df1e77e31ae82e63601f6784e8a3df411d72b37864da?s=96&d=mm&r=g","caption":"Leonardo Francisco"},"url":"https:\/\/redenoticiaz.com.br\/litoralsp\/author\/leonardo-francisco"}]}},"_links":{"self":[{"href":"https:\/\/redenoticiaz.com.br\/litoralsp\/wp-json\/wp\/v2\/posts\/11904","targetHints":{"allow":["GET"]}}],"collection":[{"href":"https:\/\/redenoticiaz.com.br\/litoralsp\/wp-json\/wp\/v2\/posts"}],"about":[{"href":"https:\/\/redenoticiaz.com.br\/litoralsp\/wp-json\/wp\/v2\/types\/post"}],"author":[{"embeddable":true,"href":"https:\/\/redenoticiaz.com.br\/litoralsp\/wp-json\/wp\/v2\/users\/6"}],"replies":[{"embeddable":true,"href":"https:\/\/redenoticiaz.com.br\/litoralsp\/wp-json\/wp\/v2\/comments?post=11904"}],"version-history":[{"count":1,"href":"https:\/\/redenoticiaz.com.br\/litoralsp\/wp-json\/wp\/v2\/posts\/11904\/revisions"}],"predecessor-version":[{"id":11906,"href":"https:\/\/redenoticiaz.com.br\/litoralsp\/wp-json\/wp\/v2\/posts\/11904\/revisions\/11906"}],"wp:featuredmedia":[{"embeddable":true,"href":"https:\/\/redenoticiaz.com.br\/litoralsp\/wp-json\/wp\/v2\/media\/11905"}],"wp:attachment":[{"href":"https:\/\/redenoticiaz.com.br\/litoralsp\/wp-json\/wp\/v2\/media?parent=11904"}],"wp:term":[{"taxonomy":"category","embeddable":true,"href":"https:\/\/redenoticiaz.com.br\/litoralsp\/wp-json\/wp\/v2\/categories?post=11904"},{"taxonomy":"post_tag","embeddable":true,"href":"https:\/\/redenoticiaz.com.br\/litoralsp\/wp-json\/wp\/v2\/tags?post=11904"}],"curies":[{"name":"wp","href":"https:\/\/api.w.org\/{rel}","templated":true}]}}