{"id":119044,"date":"2024-10-30T11:54:58","date_gmt":"2024-10-30T14:54:58","guid":{"rendered":"https:\/\/redenoticiaz.com.br\/litoralsp\/2024\/10\/30\/incendio-de-grandes-proporcoes-atinge-shopping-em-sao-paulo"},"modified":"2024-10-30T11:54:58","modified_gmt":"2024-10-30T14:54:58","slug":"incendio-de-grandes-proporcoes-atinge-shopping-em-sao-paulo","status":"publish","type":"post","link":"https:\/\/redenoticiaz.com.br\/litoralsp\/2024\/10\/30\/incendio-de-grandes-proporcoes-atinge-shopping-em-sao-paulo","title":{"rendered":"Inc\u00eandio de grandes propor\u00e7\u00f5es atinge Shopping em S\u00e3o Paulo"},"content":{"rendered":"<p>Um inc\u00eandio de grandes propor\u00e7\u00f5es come\u00e7ou no Shopping 25 de Mar\u00e7o, localizado no Br\u00e1s, em S\u00e3o Paulo, por volta das 6h40 desta quarta-feira (30). O Corpo de Bombeiros ainda n\u00e3o havia controlado o fogo at\u00e9 as 9h, mobilizando 22 viaturas e 75 bombeiros para combater as chamas, que geraram fuma\u00e7a escura a mais de 150 metros de altura.<\/p>\n<p>Parte do teto do shopping desabou por volta das 8h, e as causas do inc\u00eandio ainda n\u00e3o foram esclarecidas. Lojistas relataram que o shopping ficou sem energia el\u00e9trica na tarde anterior, mas n\u00e3o h\u00e1 confirma\u00e7\u00e3o de rela\u00e7\u00e3o entre a falta de luz e o inc\u00eandio.<\/p>\n<p>Uma mulher de 21 anos foi hospitalizada ap\u00f3s inalar fuma\u00e7a, mas seu estado de sa\u00fade \u00e9 est\u00e1vel. As autoridades est\u00e3o preocupadas com a possibilidade de colapso da estrutura, dada a quantidade de material inflam\u00e1vel presente no local.<\/p>\n<div id='gallery-1' class='gallery galleryid-119044 gallery-columns-3 gallery-size-medium'><figure class='gallery-item'>\n\t\t\t<div class='gallery-icon landscape'>\n\t\t\t\t<a href='https:\/\/redenoticiaz.com.br\/litoralsp\/2024\/10\/30\/incendio-de-grandes-proporcoes-atinge-shopping-em-sao-paulo\/464913850_988769583267561_2889586390347033073_n'><img loading=\"lazy\" decoding=\"async\" width=\"300\" height=\"225\" src=\"https:\/\/redenoticiaz.com.br\/litoralsp\/wp-content\/uploads\/sites\/3\/2024\/10\/464913850_988769583267561_2889586390347033073_n-300x225.jpg?v=1730299626\" class=\"attachment-medium size-medium\" alt=\"\" srcset=\"https:\/\/redenoticiaz.com.br\/litoralsp\/wp-content\/uploads\/sites\/3\/2024\/10\/464913850_988769583267561_2889586390347033073_n-300x225.jpg?v=1730299626 300w, https:\/\/redenoticiaz.com.br\/litoralsp\/wp-content\/uploads\/sites\/3\/2024\/10\/464913850_988769583267561_2889586390347033073_n.jpg?v=1730299626 751w\" sizes=\"auto, (max-width: 300px) 100vw, 300px\" \/><\/a>\n\t\t\t<\/div><\/figure><figure class='gallery-item'>\n\t\t\t<div class='gallery-icon landscape'>\n\t\t\t\t<a href='https:\/\/redenoticiaz.com.br\/litoralsp\/2024\/10\/30\/incendio-de-grandes-proporcoes-atinge-shopping-em-sao-paulo\/464931777_988769579934228_7139942658509123694_n-1'><img loading=\"lazy\" decoding=\"async\" width=\"300\" height=\"225\" src=\"https:\/\/redenoticiaz.com.br\/litoralsp\/wp-content\/uploads\/sites\/3\/2024\/10\/464931777_988769579934228_7139942658509123694_n-1-300x225.jpg?v=1730299629\" class=\"attachment-medium size-medium\" alt=\"\" srcset=\"https:\/\/redenoticiaz.com.br\/litoralsp\/wp-content\/uploads\/sites\/3\/2024\/10\/464931777_988769579934228_7139942658509123694_n-1-300x225.jpg?v=1730299629 300w, https:\/\/redenoticiaz.com.br\/litoralsp\/wp-content\/uploads\/sites\/3\/2024\/10\/464931777_988769579934228_7139942658509123694_n-1-768x576.jpg?v=1730299629 768w, https:\/\/redenoticiaz.com.br\/litoralsp\/wp-content\/uploads\/sites\/3\/2024\/10\/464931777_988769579934228_7139942658509123694_n-1.jpg?v=1730299629 1000w\" sizes=\"auto, (max-width: 300px) 100vw, 300px\" \/><\/a>\n\t\t\t<\/div><\/figure><figure class='gallery-item'>\n\t\t\t<div class='gallery-icon landscape'>\n\t\t\t\t<a href='https:\/\/redenoticiaz.com.br\/litoralsp\/2024\/10\/30\/incendio-de-grandes-proporcoes-atinge-shopping-em-sao-paulo\/464938349_988769576600895_3496447232745502662_n'><img loading=\"lazy\" decoding=\"async\" width=\"300\" height=\"225\" src=\"https:\/\/redenoticiaz.com.br\/litoralsp\/wp-content\/uploads\/sites\/3\/2024\/10\/464938349_988769576600895_3496447232745502662_n-300x225.jpg?v=1730299632\" class=\"attachment-medium size-medium\" alt=\"\" srcset=\"https:\/\/redenoticiaz.com.br\/litoralsp\/wp-content\/uploads\/sites\/3\/2024\/10\/464938349_988769576600895_3496447232745502662_n-300x225.jpg?v=1730299632 300w, https:\/\/redenoticiaz.com.br\/litoralsp\/wp-content\/uploads\/sites\/3\/2024\/10\/464938349_988769576600895_3496447232745502662_n.jpg?v=1730299632 751w\" sizes=\"auto, (max-width: 300px) 100vw, 300px\" \/><\/a>\n\t\t\t<\/div><\/figure>\n\t\t<\/div>\n\n<h3><strong>LEIA MAIS\u00a0<\/strong><\/h3>\n<ul>\n<li><a href=\"https:\/\/redenoticiaz.com.br\/blog\/2024\/10\/30\/oportunidades-de-emprego-na-urbitec-construcoes\">Oportunidades de emprego na Urbitec Constru\u00e7\u00f5es<\/a><\/li>\n<li><a href=\"https:\/\/redenoticiaz.com.br\/blog\/2024\/10\/30\/crianca-foge-de-creche-em-jundiai\">Crian\u00e7a foge de creche em Jundia\u00ed<\/a><\/li>\n<\/ul>\n<div id=\"allow-copy_covered_elem_id_1730299739592\" class=\"allow-copy_cover allow-copy_cover__minimized\" style=\"top: 329px;left: 290.359px;width: 259.359px;height: 194.734px\" data-check-covered-elem-position-interval=\"181\">\n<ul class=\"allow-copy_cover-actions\">\n<li class=\"allow-copy_cover-action allow-copy_grab-btn\" title=\"Capturar Texto\"><\/li>\n<li class=\"allow-copy_cover-action allow-copy_copy-to-clipboard-btn allow-copy__hidden\" title=\"Copiar todo o texto para a \u00e1rea de transfer\u00eancia\"><\/li>\n<li class=\"allow-copy_cover-action allow-copy_reset-btn allow-copy__hidden\" title=\"Limpar Texto\"><\/li>\n<li class=\"allow-copy_cover-action  allow-copy_maximize-btn\" title=\"Maximizar\"><\/li>\n<li class=\"allow-copy_cover-action allow-copy_minimize-btn allow-copy__hidden\" title=\"Minimizar\"><\/li>\n<li class=\"allow-copy_cover-action allow-copy_beta-icon \" title=\"Desculpe :( \nIsso \u00e9 uma funcionalidade beta.\nPode n\u00e3o funcionar corretamente.\nDesative-a nas configura\u00e7\u00f5es se n\u00e3o gostar.\">Beta<\/li>\n<\/ul>\n<p><span class=\"allow-copy__beta-testing-label\" title=\"Desculpe :( \nIsso \u00e9 uma funcionalidade beta.\nPode n\u00e3o funcionar corretamente.\nDesative-a nas configura\u00e7\u00f5es se n\u00e3o gostar.\">Funcionalidade Beta<i class=\"allow-copy__settings\">  <\/i><\/span><\/div>\n<div id=\"allow-copy_covered_elem_id_1730300009272\" class=\"allow-copy_cover allow-copy_cover__minimized\" style=\"top: 377px;left: 553.719px;width: 259.359px;height: 194.078px\" data-check-covered-elem-position-interval=\"231\">\n<ul class=\"allow-copy_cover-actions\">\n<li class=\"allow-copy_cover-action allow-copy_grab-btn\" title=\"Capturar Texto\"><\/li>\n<li class=\"allow-copy_cover-action allow-copy_copy-to-clipboard-btn allow-copy__hidden\" title=\"Copiar todo o texto para a \u00e1rea de transfer\u00eancia\"><\/li>\n<li class=\"allow-copy_cover-action allow-copy_reset-btn allow-copy__hidden\" title=\"Limpar Texto\"><\/li>\n<li class=\"allow-copy_cover-action  allow-copy_maximize-btn\" title=\"Maximizar\"><\/li>\n<li class=\"allow-copy_cover-action allow-copy_minimize-btn allow-copy__hidden\" title=\"Minimizar\"><\/li>\n<li class=\"allow-copy_cover-action allow-copy_beta-icon \" title=\"Desculpe :( \nIsso \u00e9 uma funcionalidade beta.\nPode n\u00e3o funcionar corretamente.\nDesative-a nas configura\u00e7\u00f5es se n\u00e3o gostar.\">Beta<\/li>\n<\/ul>\n<p><span class=\"allow-copy__beta-testing-label\" title=\"Desculpe :( \nIsso \u00e9 uma funcionalidade beta.\nPode n\u00e3o funcionar corretamente.\nDesative-a nas configura\u00e7\u00f5es se n\u00e3o gostar.\">Funcionalidade Beta<i class=\"allow-copy__settings\">  <\/i><\/span><\/div>\n","protected":false},"excerpt":{"rendered":"<p>Um inc\u00eandio de grandes propor\u00e7\u00f5es come\u00e7ou no Shopping 25 de Mar\u00e7o, localizado no Br\u00e1s, em S\u00e3o Paulo, por volta das 6h40 desta quarta-feira (30). O Corpo de Bombeiros ainda n\u00e3o havia controlado o fogo at\u00e9 as 9h, mobilizando 22 viaturas e 75 bombeiros para combater as chamas, que geraram fuma\u00e7a escura a mais de 150 &hellip;<\/p>\n","protected":false},"author":30,"featured_media":119046,"comment_status":"open","ping_status":"closed","sticky":false,"template":"","format":"standard","meta":{"footnotes":""},"categories":[10],"tags":[3938,39997,4039,65,4310],"class_list":["post-119044","post","type-post","status-publish","format-standard","has-post-thumbnail","hentry","category-policia","tag-25-de-marco","tag-bras","tag-incendio","tag-sao-paulo","tag-shopping"],"yoast_head":"<!-- This site is optimized with the Yoast SEO plugin v27.5 - https:\/\/yoast.com\/product\/yoast-seo-wordpress\/ -->\n<title>Inc\u00eandio de grandes propor\u00e7\u00f5es atinge Shopping em S\u00e3o Paulo - Litoral SP<\/title>\n<meta name=\"description\" content=\"Um inc\u00eandio de grandes propor\u00e7\u00f5es come\u00e7ou no Shopping 25 de Mar\u00e7o, localizado no Br\u00e1s, em S\u00e3o Paulo, por volta das 6h40 desta quarta.\" \/>\n<meta name=\"robots\" content=\"index, follow, max-snippet:-1, max-image-preview:large, max-video-preview:-1\" \/>\n<link rel=\"canonical\" href=\"https:\/\/redenoticiaz.com.br\/litoralsp\/2024\/10\/30\/incendio-de-grandes-proporcoes-atinge-shopping-em-sao-paulo\" \/>\n<meta property=\"og:locale\" content=\"pt_BR\" \/>\n<meta property=\"og:type\" content=\"article\" \/>\n<meta property=\"og:title\" content=\"Inc\u00eandio de grandes propor\u00e7\u00f5es atinge Shopping em S\u00e3o Paulo - Litoral SP\" \/>\n<meta property=\"og:description\" content=\"Um inc\u00eandio de grandes propor\u00e7\u00f5es come\u00e7ou no Shopping 25 de Mar\u00e7o, localizado no Br\u00e1s, em S\u00e3o Paulo, por volta das 6h40 desta quarta.\" \/>\n<meta property=\"og:url\" content=\"https:\/\/redenoticiaz.com.br\/litoralsp\/2024\/10\/30\/incendio-de-grandes-proporcoes-atinge-shopping-em-sao-paulo\" \/>\n<meta property=\"og:site_name\" content=\"Litoral SP\" \/>\n<meta property=\"article:published_time\" content=\"2024-10-30T14:54:58+00:00\" \/>\n<meta property=\"og:image\" content=\"https:\/\/redenoticiaz.com.br\/litoralsp\/wp-content\/uploads\/sites\/3\/2024\/10\/464931777_988769579934228_7139942658509123694_n-1.jpg?v=1730299629\" \/>\n\t<meta property=\"og:image:width\" content=\"1000\" \/>\n\t<meta property=\"og:image:height\" content=\"750\" \/>\n\t<meta property=\"og:image:type\" content=\"image\/jpeg\" \/>\n<meta name=\"author\" content=\"Carina Reifonas\" \/>\n<meta name=\"twitter:card\" content=\"summary_large_image\" \/>\n<meta name=\"twitter:label1\" content=\"Escrito por\" \/>\n\t<meta name=\"twitter:data1\" content=\"Carina Reifonas\" \/>\n\t<meta name=\"twitter:label2\" content=\"Est. tempo de leitura\" \/>\n\t<meta name=\"twitter:data2\" content=\"2 minutos\" \/>\n<script type=\"application\/ld+json\" class=\"yoast-schema-graph\">{\"@context\":\"https:\\\/\\\/schema.org\",\"@graph\":[{\"@type\":\"Article\",\"@id\":\"https:\\\/\\\/redenoticiaz.com.br\\\/litoralsp\\\/2024\\\/10\\\/30\\\/incendio-de-grandes-proporcoes-atinge-shopping-em-sao-paulo#article\",\"isPartOf\":{\"@id\":\"https:\\\/\\\/redenoticiaz.com.br\\\/litoralsp\\\/2024\\\/10\\\/30\\\/incendio-de-grandes-proporcoes-atinge-shopping-em-sao-paulo\"},\"author\":{\"name\":\"Carina Reifonas\",\"@id\":\"https:\\\/\\\/redenoticiaz.com.br\\\/litoralsp\\\/#\\\/schema\\\/person\\\/1f84d6e94e6a62d2d81199d7503e9e90\"},\"headline\":\"Inc\u00eandio de grandes propor\u00e7\u00f5es atinge Shopping em S\u00e3o Paulo\",\"datePublished\":\"2024-10-30T14:54:58+00:00\",\"mainEntityOfPage\":{\"@id\":\"https:\\\/\\\/redenoticiaz.com.br\\\/litoralsp\\\/2024\\\/10\\\/30\\\/incendio-de-grandes-proporcoes-atinge-shopping-em-sao-paulo\"},\"wordCount\":192,\"commentCount\":0,\"publisher\":{\"@id\":\"https:\\\/\\\/redenoticiaz.com.br\\\/litoralsp\\\/#organization\"},\"image\":{\"@id\":\"https:\\\/\\\/redenoticiaz.com.br\\\/litoralsp\\\/2024\\\/10\\\/30\\\/incendio-de-grandes-proporcoes-atinge-shopping-em-sao-paulo#primaryimage\"},\"thumbnailUrl\":\"https:\\\/\\\/redenoticiaz.com.br\\\/litoralsp\\\/wp-content\\\/uploads\\\/sites\\\/3\\\/2024\\\/10\\\/464931777_988769579934228_7139942658509123694_n-1.jpg?v=1730299629\",\"keywords\":[\"25 DE MAR\u00c7O\",\"BR\u00c1S\",\"inc\u00eandio\",\"S\u00e3o Paulo\",\"Shopping\"],\"articleSection\":[\"Pol\u00edcia\"],\"inLanguage\":\"pt-BR\",\"potentialAction\":[{\"@type\":\"CommentAction\",\"name\":\"Comment\",\"target\":[\"https:\\\/\\\/redenoticiaz.com.br\\\/litoralsp\\\/2024\\\/10\\\/30\\\/incendio-de-grandes-proporcoes-atinge-shopping-em-sao-paulo#respond\"]}]},{\"@type\":\"WebPage\",\"@id\":\"https:\\\/\\\/redenoticiaz.com.br\\\/litoralsp\\\/2024\\\/10\\\/30\\\/incendio-de-grandes-proporcoes-atinge-shopping-em-sao-paulo\",\"url\":\"https:\\\/\\\/redenoticiaz.com.br\\\/litoralsp\\\/2024\\\/10\\\/30\\\/incendio-de-grandes-proporcoes-atinge-shopping-em-sao-paulo\",\"name\":\"Inc\u00eandio de grandes propor\u00e7\u00f5es atinge Shopping em S\u00e3o Paulo - Litoral SP\",\"isPartOf\":{\"@id\":\"https:\\\/\\\/redenoticiaz.com.br\\\/litoralsp\\\/#website\"},\"primaryImageOfPage\":{\"@id\":\"https:\\\/\\\/redenoticiaz.com.br\\\/litoralsp\\\/2024\\\/10\\\/30\\\/incendio-de-grandes-proporcoes-atinge-shopping-em-sao-paulo#primaryimage\"},\"image\":{\"@id\":\"https:\\\/\\\/redenoticiaz.com.br\\\/litoralsp\\\/2024\\\/10\\\/30\\\/incendio-de-grandes-proporcoes-atinge-shopping-em-sao-paulo#primaryimage\"},\"thumbnailUrl\":\"https:\\\/\\\/redenoticiaz.com.br\\\/litoralsp\\\/wp-content\\\/uploads\\\/sites\\\/3\\\/2024\\\/10\\\/464931777_988769579934228_7139942658509123694_n-1.jpg?v=1730299629\",\"datePublished\":\"2024-10-30T14:54:58+00:00\",\"description\":\"Um inc\u00eandio de grandes propor\u00e7\u00f5es come\u00e7ou no Shopping 25 de Mar\u00e7o, localizado no Br\u00e1s, em S\u00e3o Paulo, por volta das 6h40 desta quarta.\",\"inLanguage\":\"pt-BR\",\"potentialAction\":[{\"@type\":\"ReadAction\",\"target\":[\"https:\\\/\\\/redenoticiaz.com.br\\\/litoralsp\\\/2024\\\/10\\\/30\\\/incendio-de-grandes-proporcoes-atinge-shopping-em-sao-paulo\"]}]},{\"@type\":\"ImageObject\",\"inLanguage\":\"pt-BR\",\"@id\":\"https:\\\/\\\/redenoticiaz.com.br\\\/litoralsp\\\/2024\\\/10\\\/30\\\/incendio-de-grandes-proporcoes-atinge-shopping-em-sao-paulo#primaryimage\",\"url\":\"https:\\\/\\\/redenoticiaz.com.br\\\/litoralsp\\\/wp-content\\\/uploads\\\/sites\\\/3\\\/2024\\\/10\\\/464931777_988769579934228_7139942658509123694_n-1.jpg?v=1730299629\",\"contentUrl\":\"https:\\\/\\\/redenoticiaz.com.br\\\/litoralsp\\\/wp-content\\\/uploads\\\/sites\\\/3\\\/2024\\\/10\\\/464931777_988769579934228_7139942658509123694_n-1.jpg?v=1730299629\",\"width\":1000,\"height\":750},{\"@type\":\"WebSite\",\"@id\":\"https:\\\/\\\/redenoticiaz.com.br\\\/litoralsp\\\/#website\",\"url\":\"https:\\\/\\\/redenoticiaz.com.br\\\/litoralsp\\\/\",\"name\":\"Litoral SP\",\"description\":\"Rede NoticiaZ\",\"publisher\":{\"@id\":\"https:\\\/\\\/redenoticiaz.com.br\\\/litoralsp\\\/#organization\"},\"potentialAction\":[{\"@type\":\"SearchAction\",\"target\":{\"@type\":\"EntryPoint\",\"urlTemplate\":\"https:\\\/\\\/redenoticiaz.com.br\\\/litoralsp\\\/?s={search_term_string}\"},\"query-input\":{\"@type\":\"PropertyValueSpecification\",\"valueRequired\":true,\"valueName\":\"search_term_string\"}}],\"inLanguage\":\"pt-BR\"},{\"@type\":\"Organization\",\"@id\":\"https:\\\/\\\/redenoticiaz.com.br\\\/litoralsp\\\/#organization\",\"name\":\"Litoral SP\",\"url\":\"https:\\\/\\\/redenoticiaz.com.br\\\/litoralsp\\\/\",\"logo\":{\"@type\":\"ImageObject\",\"inLanguage\":\"pt-BR\",\"@id\":\"https:\\\/\\\/redenoticiaz.com.br\\\/litoralsp\\\/#\\\/schema\\\/logo\\\/image\\\/\",\"url\":\"https:\\\/\\\/redenoticiaz.com.br\\\/litoralsp\\\/wp-content\\\/uploads\\\/sites\\\/3\\\/2020\\\/11\\\/logo.jpg\",\"contentUrl\":\"https:\\\/\\\/redenoticiaz.com.br\\\/litoralsp\\\/wp-content\\\/uploads\\\/sites\\\/3\\\/2020\\\/11\\\/logo.jpg\",\"width\":400,\"height\":250,\"caption\":\"Litoral SP\"},\"image\":{\"@id\":\"https:\\\/\\\/redenoticiaz.com.br\\\/litoralsp\\\/#\\\/schema\\\/logo\\\/image\\\/\"}},{\"@type\":\"Person\",\"@id\":\"https:\\\/\\\/redenoticiaz.com.br\\\/litoralsp\\\/#\\\/schema\\\/person\\\/1f84d6e94e6a62d2d81199d7503e9e90\",\"name\":\"Carina Reifonas\",\"image\":{\"@type\":\"ImageObject\",\"inLanguage\":\"pt-BR\",\"@id\":\"https:\\\/\\\/secure.gravatar.com\\\/avatar\\\/04c59859b23696cf867715880f81d5c037e60109730bdb4e6670ec2a2245bc97?s=96&d=mm&r=g\",\"url\":\"https:\\\/\\\/secure.gravatar.com\\\/avatar\\\/04c59859b23696cf867715880f81d5c037e60109730bdb4e6670ec2a2245bc97?s=96&d=mm&r=g\",\"contentUrl\":\"https:\\\/\\\/secure.gravatar.com\\\/avatar\\\/04c59859b23696cf867715880f81d5c037e60109730bdb4e6670ec2a2245bc97?s=96&d=mm&r=g\",\"caption\":\"Carina Reifonas\"},\"url\":\"https:\\\/\\\/redenoticiaz.com.br\\\/litoralsp\\\/author\\\/carinareifonas\"}]}<\/script>\n<!-- \/ Yoast SEO plugin. -->","yoast_head_json":{"title":"Inc\u00eandio de grandes propor\u00e7\u00f5es atinge Shopping em S\u00e3o Paulo - Litoral SP","description":"Um inc\u00eandio de grandes propor\u00e7\u00f5es come\u00e7ou no Shopping 25 de Mar\u00e7o, localizado no Br\u00e1s, em S\u00e3o Paulo, por volta das 6h40 desta quarta.","robots":{"index":"index","follow":"follow","max-snippet":"max-snippet:-1","max-image-preview":"max-image-preview:large","max-video-preview":"max-video-preview:-1"},"canonical":"https:\/\/redenoticiaz.com.br\/litoralsp\/2024\/10\/30\/incendio-de-grandes-proporcoes-atinge-shopping-em-sao-paulo","og_locale":"pt_BR","og_type":"article","og_title":"Inc\u00eandio de grandes propor\u00e7\u00f5es atinge Shopping em S\u00e3o Paulo - Litoral SP","og_description":"Um inc\u00eandio de grandes propor\u00e7\u00f5es come\u00e7ou no Shopping 25 de Mar\u00e7o, localizado no Br\u00e1s, em S\u00e3o Paulo, por volta das 6h40 desta quarta.","og_url":"https:\/\/redenoticiaz.com.br\/litoralsp\/2024\/10\/30\/incendio-de-grandes-proporcoes-atinge-shopping-em-sao-paulo","og_site_name":"Litoral SP","article_published_time":"2024-10-30T14:54:58+00:00","og_image":[{"width":1000,"height":750,"url":"https:\/\/redenoticiaz.com.br\/litoralsp\/wp-content\/uploads\/sites\/3\/2024\/10\/464931777_988769579934228_7139942658509123694_n-1.jpg?v=1730299629","type":"image\/jpeg"}],"author":"Carina Reifonas","twitter_card":"summary_large_image","twitter_misc":{"Escrito por":"Carina Reifonas","Est. tempo de leitura":"2 minutos"},"schema":{"@context":"https:\/\/schema.org","@graph":[{"@type":"Article","@id":"https:\/\/redenoticiaz.com.br\/litoralsp\/2024\/10\/30\/incendio-de-grandes-proporcoes-atinge-shopping-em-sao-paulo#article","isPartOf":{"@id":"https:\/\/redenoticiaz.com.br\/litoralsp\/2024\/10\/30\/incendio-de-grandes-proporcoes-atinge-shopping-em-sao-paulo"},"author":{"name":"Carina Reifonas","@id":"https:\/\/redenoticiaz.com.br\/litoralsp\/#\/schema\/person\/1f84d6e94e6a62d2d81199d7503e9e90"},"headline":"Inc\u00eandio de grandes propor\u00e7\u00f5es atinge Shopping em S\u00e3o Paulo","datePublished":"2024-10-30T14:54:58+00:00","mainEntityOfPage":{"@id":"https:\/\/redenoticiaz.com.br\/litoralsp\/2024\/10\/30\/incendio-de-grandes-proporcoes-atinge-shopping-em-sao-paulo"},"wordCount":192,"commentCount":0,"publisher":{"@id":"https:\/\/redenoticiaz.com.br\/litoralsp\/#organization"},"image":{"@id":"https:\/\/redenoticiaz.com.br\/litoralsp\/2024\/10\/30\/incendio-de-grandes-proporcoes-atinge-shopping-em-sao-paulo#primaryimage"},"thumbnailUrl":"https:\/\/redenoticiaz.com.br\/litoralsp\/wp-content\/uploads\/sites\/3\/2024\/10\/464931777_988769579934228_7139942658509123694_n-1.jpg?v=1730299629","keywords":["25 DE MAR\u00c7O","BR\u00c1S","inc\u00eandio","S\u00e3o Paulo","Shopping"],"articleSection":["Pol\u00edcia"],"inLanguage":"pt-BR","potentialAction":[{"@type":"CommentAction","name":"Comment","target":["https:\/\/redenoticiaz.com.br\/litoralsp\/2024\/10\/30\/incendio-de-grandes-proporcoes-atinge-shopping-em-sao-paulo#respond"]}]},{"@type":"WebPage","@id":"https:\/\/redenoticiaz.com.br\/litoralsp\/2024\/10\/30\/incendio-de-grandes-proporcoes-atinge-shopping-em-sao-paulo","url":"https:\/\/redenoticiaz.com.br\/litoralsp\/2024\/10\/30\/incendio-de-grandes-proporcoes-atinge-shopping-em-sao-paulo","name":"Inc\u00eandio de grandes propor\u00e7\u00f5es atinge Shopping em S\u00e3o Paulo - Litoral SP","isPartOf":{"@id":"https:\/\/redenoticiaz.com.br\/litoralsp\/#website"},"primaryImageOfPage":{"@id":"https:\/\/redenoticiaz.com.br\/litoralsp\/2024\/10\/30\/incendio-de-grandes-proporcoes-atinge-shopping-em-sao-paulo#primaryimage"},"image":{"@id":"https:\/\/redenoticiaz.com.br\/litoralsp\/2024\/10\/30\/incendio-de-grandes-proporcoes-atinge-shopping-em-sao-paulo#primaryimage"},"thumbnailUrl":"https:\/\/redenoticiaz.com.br\/litoralsp\/wp-content\/uploads\/sites\/3\/2024\/10\/464931777_988769579934228_7139942658509123694_n-1.jpg?v=1730299629","datePublished":"2024-10-30T14:54:58+00:00","description":"Um inc\u00eandio de grandes propor\u00e7\u00f5es come\u00e7ou no Shopping 25 de Mar\u00e7o, localizado no Br\u00e1s, em S\u00e3o Paulo, por volta das 6h40 desta quarta.","inLanguage":"pt-BR","potentialAction":[{"@type":"ReadAction","target":["https:\/\/redenoticiaz.com.br\/litoralsp\/2024\/10\/30\/incendio-de-grandes-proporcoes-atinge-shopping-em-sao-paulo"]}]},{"@type":"ImageObject","inLanguage":"pt-BR","@id":"https:\/\/redenoticiaz.com.br\/litoralsp\/2024\/10\/30\/incendio-de-grandes-proporcoes-atinge-shopping-em-sao-paulo#primaryimage","url":"https:\/\/redenoticiaz.com.br\/litoralsp\/wp-content\/uploads\/sites\/3\/2024\/10\/464931777_988769579934228_7139942658509123694_n-1.jpg?v=1730299629","contentUrl":"https:\/\/redenoticiaz.com.br\/litoralsp\/wp-content\/uploads\/sites\/3\/2024\/10\/464931777_988769579934228_7139942658509123694_n-1.jpg?v=1730299629","width":1000,"height":750},{"@type":"WebSite","@id":"https:\/\/redenoticiaz.com.br\/litoralsp\/#website","url":"https:\/\/redenoticiaz.com.br\/litoralsp\/","name":"Litoral SP","description":"Rede NoticiaZ","publisher":{"@id":"https:\/\/redenoticiaz.com.br\/litoralsp\/#organization"},"potentialAction":[{"@type":"SearchAction","target":{"@type":"EntryPoint","urlTemplate":"https:\/\/redenoticiaz.com.br\/litoralsp\/?s={search_term_string}"},"query-input":{"@type":"PropertyValueSpecification","valueRequired":true,"valueName":"search_term_string"}}],"inLanguage":"pt-BR"},{"@type":"Organization","@id":"https:\/\/redenoticiaz.com.br\/litoralsp\/#organization","name":"Litoral SP","url":"https:\/\/redenoticiaz.com.br\/litoralsp\/","logo":{"@type":"ImageObject","inLanguage":"pt-BR","@id":"https:\/\/redenoticiaz.com.br\/litoralsp\/#\/schema\/logo\/image\/","url":"https:\/\/redenoticiaz.com.br\/litoralsp\/wp-content\/uploads\/sites\/3\/2020\/11\/logo.jpg","contentUrl":"https:\/\/redenoticiaz.com.br\/litoralsp\/wp-content\/uploads\/sites\/3\/2020\/11\/logo.jpg","width":400,"height":250,"caption":"Litoral SP"},"image":{"@id":"https:\/\/redenoticiaz.com.br\/litoralsp\/#\/schema\/logo\/image\/"}},{"@type":"Person","@id":"https:\/\/redenoticiaz.com.br\/litoralsp\/#\/schema\/person\/1f84d6e94e6a62d2d81199d7503e9e90","name":"Carina Reifonas","image":{"@type":"ImageObject","inLanguage":"pt-BR","@id":"https:\/\/secure.gravatar.com\/avatar\/04c59859b23696cf867715880f81d5c037e60109730bdb4e6670ec2a2245bc97?s=96&d=mm&r=g","url":"https:\/\/secure.gravatar.com\/avatar\/04c59859b23696cf867715880f81d5c037e60109730bdb4e6670ec2a2245bc97?s=96&d=mm&r=g","contentUrl":"https:\/\/secure.gravatar.com\/avatar\/04c59859b23696cf867715880f81d5c037e60109730bdb4e6670ec2a2245bc97?s=96&d=mm&r=g","caption":"Carina Reifonas"},"url":"https:\/\/redenoticiaz.com.br\/litoralsp\/author\/carinareifonas"}]}},"_links":{"self":[{"href":"https:\/\/redenoticiaz.com.br\/litoralsp\/wp-json\/wp\/v2\/posts\/119044","targetHints":{"allow":["GET"]}}],"collection":[{"href":"https:\/\/redenoticiaz.com.br\/litoralsp\/wp-json\/wp\/v2\/posts"}],"about":[{"href":"https:\/\/redenoticiaz.com.br\/litoralsp\/wp-json\/wp\/v2\/types\/post"}],"author":[{"embeddable":true,"href":"https:\/\/redenoticiaz.com.br\/litoralsp\/wp-json\/wp\/v2\/users\/30"}],"replies":[{"embeddable":true,"href":"https:\/\/redenoticiaz.com.br\/litoralsp\/wp-json\/wp\/v2\/comments?post=119044"}],"version-history":[{"count":1,"href":"https:\/\/redenoticiaz.com.br\/litoralsp\/wp-json\/wp\/v2\/posts\/119044\/revisions"}],"predecessor-version":[{"id":119048,"href":"https:\/\/redenoticiaz.com.br\/litoralsp\/wp-json\/wp\/v2\/posts\/119044\/revisions\/119048"}],"wp:featuredmedia":[{"embeddable":true,"href":"https:\/\/redenoticiaz.com.br\/litoralsp\/wp-json\/wp\/v2\/media\/119046"}],"wp:attachment":[{"href":"https:\/\/redenoticiaz.com.br\/litoralsp\/wp-json\/wp\/v2\/media?parent=119044"}],"wp:term":[{"taxonomy":"category","embeddable":true,"href":"https:\/\/redenoticiaz.com.br\/litoralsp\/wp-json\/wp\/v2\/categories?post=119044"},{"taxonomy":"post_tag","embeddable":true,"href":"https:\/\/redenoticiaz.com.br\/litoralsp\/wp-json\/wp\/v2\/tags?post=119044"}],"curies":[{"name":"wp","href":"https:\/\/api.w.org\/{rel}","templated":true}]}}