{"id":119052,"date":"2024-11-02T12:00:26","date_gmt":"2024-11-02T15:00:26","guid":{"rendered":"https:\/\/redenoticiaz.com.br\/litoralsp\/?p=119052"},"modified":"2024-10-30T13:36:48","modified_gmt":"2024-10-30T16:36:48","slug":"veja-o-filme-mais-premiado-nos-premios-martin-fierro-de-cinema-e-series-2024","status":"publish","type":"post","link":"https:\/\/redenoticiaz.com.br\/litoralsp\/2024\/11\/02\/veja-o-filme-mais-premiado-nos-premios-martin-fierro-de-cinema-e-series-2024","title":{"rendered":"Veja o filme mais premiado nos Pr\u00eamios Mart\u00edn Fierro de Cinema e S\u00e9ries 2024"},"content":{"rendered":"<p>Na \u00faltima semana, o filme argentino de com\u00e9dia dram\u00e1tica Puan, protagonizada por Marcelo Subiotto e Leonardo Sbaraglia, e dirigido por Mar\u00eda Alch\u00e9 e Benjam\u00edn Naishtat, foi o maior ganhador dos Pr\u00eamios Mart\u00edn Fierro de Cinema e S\u00e9ries de 2024, levando sete pr\u00eamios nas seguintes categorias:<\/p>\n<ul>\n<li>Melhor filme<\/li>\n<li>Melhor dire\u00e7\u00e3o para Mar\u00eda Alch\u00e9 e Benjam\u00edn Naishtat<\/li>\n<li>Melhor ator de com\u00e9dia para Marcelo Subiotto<\/li>\n<li>Melhor atriz coadjuvante para Alejandra Flechner<\/li>\n<li>Melhor ator coadjuvante de com\u00e9dia para Leonardo Sbaraglia<\/li>\n<li>Melhor roteiro para Mar\u00eda Alch\u00e9 e Benjam\u00edn Naishtat<\/li>\n<li>Melhor m\u00fasica original para Santiago Dolan<\/li>\n<\/ul>\n<p><iframe loading=\"lazy\" title=\"PUAN | Trailer Oficial\" width=\"500\" height=\"281\" src=\"https:\/\/www.youtube.com\/embed\/RWkQ3Xg43ds?feature=oembed\" frameborder=\"0\" allow=\"accelerometer; autoplay; clipboard-write; encrypted-media; gyroscope; picture-in-picture; web-share\" referrerpolicy=\"strict-origin-when-cross-origin\" allowfullscreen><\/iframe><\/p>\n<p>Na trama, o professor de filosofia Marcelo Pena (Marcelo Subiotto), parece prestes a conquistar um importante cargo na Universidade de Buenos Aires, ap\u00f3s a morte repentina de seu mentor, mas tudo pode mudar com o retorno da Alemanha de seu colega Rafael Sujarchuk (Leonardo Sbaraglia).<\/p>\n<p>Puan, coproduzido pela produtora brasileira Bubbles Project, comandada por Tatiana Leite, est\u00e1 dispon\u00edvel no Prime Video.<\/p>\n<h3><strong>LEIA MAIS\u00a0<\/strong><\/h3>\n<p><a href=\"https:\/\/redenoticiaz.com.br\/blog\/2024\/10\/27\/o-que-chega-a-netflix-em-novembro-veja\">O que chega \u00e0 Netflix em novembro; veja<\/a><\/p>\n<p><a href=\"https:\/\/redenoticiaz.com.br\/blog\/2024\/05\/01\/trailer-de-serie-biografica-de-ayrton-senna-veja\">Trailer de s\u00e9rie biogr\u00e1fica de Ayrton Senna; veja<\/a><\/p>\n","protected":false},"excerpt":{"rendered":"<p>Na \u00faltima semana, o filme argentino de com\u00e9dia dram\u00e1tica Puan, protagonizada por Marcelo Subiotto e Leonardo Sbaraglia, e dirigido por Mar\u00eda Alch\u00e9 e Benjam\u00edn Naishtat, foi o maior ganhador dos Pr\u00eamios Mart\u00edn Fierro de Cinema e S\u00e9ries de 2024, levando sete pr\u00eamios nas seguintes categorias: Melhor filme Melhor dire\u00e7\u00e3o para Mar\u00eda Alch\u00e9 e Benjam\u00edn Naishtat &hellip;<\/p>\n","protected":false},"author":30,"featured_media":119053,"comment_status":"open","ping_status":"closed","sticky":false,"template":"","format":"standard","meta":{"footnotes":""},"categories":[62064],"tags":[55547,68853,68854],"class_list":["post-119052","post","type-post","status-publish","format-standard","has-post-thumbnail","hentry","category-cameraz","tag-filme","tag-premios-martin-fierro-de-cinema-e-serires","tag-puan"],"yoast_head":"<!-- This site is optimized with the Yoast SEO plugin v27.4 - https:\/\/yoast.com\/product\/yoast-seo-wordpress\/ -->\n<title>Veja o filme mais premiado nos Pr\u00eamios Mart\u00edn Fierro de Cinema e S\u00e9ries 2024 - Litoral SP<\/title>\n<meta name=\"description\" content=\"Na \u00faltima semana, o filme argentino de com\u00e9dia dram\u00e1tica Puan, protagonizada por Marcelo Subiotto e Leonardo Sbaraglia, e dirigido por Mar\u00eda Alch\u00e9\" \/>\n<meta name=\"robots\" content=\"index, follow, max-snippet:-1, max-image-preview:large, max-video-preview:-1\" \/>\n<link rel=\"canonical\" href=\"https:\/\/redenoticiaz.com.br\/litoralsp\/2024\/11\/02\/veja-o-filme-mais-premiado-nos-premios-martin-fierro-de-cinema-e-series-2024\" \/>\n<meta property=\"og:locale\" content=\"pt_BR\" \/>\n<meta property=\"og:type\" content=\"article\" \/>\n<meta property=\"og:title\" content=\"Veja o filme mais premiado nos Pr\u00eamios Mart\u00edn Fierro de Cinema e S\u00e9ries 2024 - Litoral SP\" \/>\n<meta property=\"og:description\" content=\"Na \u00faltima semana, o filme argentino de com\u00e9dia dram\u00e1tica Puan, protagonizada por Marcelo Subiotto e Leonardo Sbaraglia, e dirigido por Mar\u00eda Alch\u00e9\" \/>\n<meta property=\"og:url\" content=\"https:\/\/redenoticiaz.com.br\/litoralsp\/2024\/11\/02\/veja-o-filme-mais-premiado-nos-premios-martin-fierro-de-cinema-e-series-2024\" \/>\n<meta property=\"og:site_name\" content=\"Litoral SP\" \/>\n<meta property=\"article:published_time\" content=\"2024-11-02T15:00:26+00:00\" \/>\n<meta property=\"og:image\" content=\"https:\/\/redenoticiaz.com.br\/litoralsp\/wp-content\/uploads\/sites\/3\/2024\/10\/leoymarcelo-v2-scaled.jpg?v=1730306113\" \/>\n\t<meta property=\"og:image:width\" content=\"1920\" \/>\n\t<meta property=\"og:image:height\" content=\"1080\" \/>\n\t<meta property=\"og:image:type\" content=\"image\/jpeg\" \/>\n<meta name=\"author\" content=\"Carina Reifonas\" \/>\n<meta name=\"twitter:card\" content=\"summary_large_image\" \/>\n<meta name=\"twitter:label1\" content=\"Escrito por\" \/>\n\t<meta name=\"twitter:data1\" content=\"Carina Reifonas\" \/>\n\t<meta name=\"twitter:label2\" content=\"Est. tempo de leitura\" \/>\n\t<meta name=\"twitter:data2\" content=\"2 minutos\" \/>\n<script type=\"application\/ld+json\" class=\"yoast-schema-graph\">{\"@context\":\"https:\\\/\\\/schema.org\",\"@graph\":[{\"@type\":\"Article\",\"@id\":\"https:\\\/\\\/redenoticiaz.com.br\\\/litoralsp\\\/2024\\\/11\\\/02\\\/veja-o-filme-mais-premiado-nos-premios-martin-fierro-de-cinema-e-series-2024#article\",\"isPartOf\":{\"@id\":\"https:\\\/\\\/redenoticiaz.com.br\\\/litoralsp\\\/2024\\\/11\\\/02\\\/veja-o-filme-mais-premiado-nos-premios-martin-fierro-de-cinema-e-series-2024\"},\"author\":{\"name\":\"Carina Reifonas\",\"@id\":\"https:\\\/\\\/redenoticiaz.com.br\\\/litoralsp\\\/#\\\/schema\\\/person\\\/1f84d6e94e6a62d2d81199d7503e9e90\"},\"headline\":\"Veja o filme mais premiado nos Pr\u00eamios Mart\u00edn Fierro de Cinema e S\u00e9ries 2024\",\"datePublished\":\"2024-11-02T15:00:26+00:00\",\"mainEntityOfPage\":{\"@id\":\"https:\\\/\\\/redenoticiaz.com.br\\\/litoralsp\\\/2024\\\/11\\\/02\\\/veja-o-filme-mais-premiado-nos-premios-martin-fierro-de-cinema-e-series-2024\"},\"wordCount\":212,\"commentCount\":0,\"publisher\":{\"@id\":\"https:\\\/\\\/redenoticiaz.com.br\\\/litoralsp\\\/#organization\"},\"image\":{\"@id\":\"https:\\\/\\\/redenoticiaz.com.br\\\/litoralsp\\\/2024\\\/11\\\/02\\\/veja-o-filme-mais-premiado-nos-premios-martin-fierro-de-cinema-e-series-2024#primaryimage\"},\"thumbnailUrl\":\"https:\\\/\\\/redenoticiaz.com.br\\\/litoralsp\\\/wp-content\\\/uploads\\\/sites\\\/3\\\/2024\\\/10\\\/leoymarcelo-v2-scaled.jpg?v=1730306113\",\"keywords\":[\"FILME\",\"Pr\u00eamios Mart\u00edn Fierro de Cinema e S\u00e9rires\",\"Puan\"],\"articleSection\":[\"C\u00e2mera Z\"],\"inLanguage\":\"pt-BR\",\"potentialAction\":[{\"@type\":\"CommentAction\",\"name\":\"Comment\",\"target\":[\"https:\\\/\\\/redenoticiaz.com.br\\\/litoralsp\\\/2024\\\/11\\\/02\\\/veja-o-filme-mais-premiado-nos-premios-martin-fierro-de-cinema-e-series-2024#respond\"]}]},{\"@type\":\"WebPage\",\"@id\":\"https:\\\/\\\/redenoticiaz.com.br\\\/litoralsp\\\/2024\\\/11\\\/02\\\/veja-o-filme-mais-premiado-nos-premios-martin-fierro-de-cinema-e-series-2024\",\"url\":\"https:\\\/\\\/redenoticiaz.com.br\\\/litoralsp\\\/2024\\\/11\\\/02\\\/veja-o-filme-mais-premiado-nos-premios-martin-fierro-de-cinema-e-series-2024\",\"name\":\"Veja o filme mais premiado nos Pr\u00eamios Mart\u00edn Fierro de Cinema e S\u00e9ries 2024 - Litoral SP\",\"isPartOf\":{\"@id\":\"https:\\\/\\\/redenoticiaz.com.br\\\/litoralsp\\\/#website\"},\"primaryImageOfPage\":{\"@id\":\"https:\\\/\\\/redenoticiaz.com.br\\\/litoralsp\\\/2024\\\/11\\\/02\\\/veja-o-filme-mais-premiado-nos-premios-martin-fierro-de-cinema-e-series-2024#primaryimage\"},\"image\":{\"@id\":\"https:\\\/\\\/redenoticiaz.com.br\\\/litoralsp\\\/2024\\\/11\\\/02\\\/veja-o-filme-mais-premiado-nos-premios-martin-fierro-de-cinema-e-series-2024#primaryimage\"},\"thumbnailUrl\":\"https:\\\/\\\/redenoticiaz.com.br\\\/litoralsp\\\/wp-content\\\/uploads\\\/sites\\\/3\\\/2024\\\/10\\\/leoymarcelo-v2-scaled.jpg?v=1730306113\",\"datePublished\":\"2024-11-02T15:00:26+00:00\",\"description\":\"Na \u00faltima semana, o filme argentino de com\u00e9dia dram\u00e1tica Puan, protagonizada por Marcelo Subiotto e Leonardo Sbaraglia, e dirigido por Mar\u00eda Alch\u00e9\",\"inLanguage\":\"pt-BR\",\"potentialAction\":[{\"@type\":\"ReadAction\",\"target\":[\"https:\\\/\\\/redenoticiaz.com.br\\\/litoralsp\\\/2024\\\/11\\\/02\\\/veja-o-filme-mais-premiado-nos-premios-martin-fierro-de-cinema-e-series-2024\"]}]},{\"@type\":\"ImageObject\",\"inLanguage\":\"pt-BR\",\"@id\":\"https:\\\/\\\/redenoticiaz.com.br\\\/litoralsp\\\/2024\\\/11\\\/02\\\/veja-o-filme-mais-premiado-nos-premios-martin-fierro-de-cinema-e-series-2024#primaryimage\",\"url\":\"https:\\\/\\\/redenoticiaz.com.br\\\/litoralsp\\\/wp-content\\\/uploads\\\/sites\\\/3\\\/2024\\\/10\\\/leoymarcelo-v2-scaled.jpg?v=1730306113\",\"contentUrl\":\"https:\\\/\\\/redenoticiaz.com.br\\\/litoralsp\\\/wp-content\\\/uploads\\\/sites\\\/3\\\/2024\\\/10\\\/leoymarcelo-v2-scaled.jpg?v=1730306113\",\"width\":1920,\"height\":1080,\"caption\":\"Filme mais premiado nos Pr\u00eamios Mart\u00edn Fierro de Cinema e S\u00e9ries 2024.\"},{\"@type\":\"WebSite\",\"@id\":\"https:\\\/\\\/redenoticiaz.com.br\\\/litoralsp\\\/#website\",\"url\":\"https:\\\/\\\/redenoticiaz.com.br\\\/litoralsp\\\/\",\"name\":\"Litoral SP\",\"description\":\"Rede NoticiaZ\",\"publisher\":{\"@id\":\"https:\\\/\\\/redenoticiaz.com.br\\\/litoralsp\\\/#organization\"},\"potentialAction\":[{\"@type\":\"SearchAction\",\"target\":{\"@type\":\"EntryPoint\",\"urlTemplate\":\"https:\\\/\\\/redenoticiaz.com.br\\\/litoralsp\\\/?s={search_term_string}\"},\"query-input\":{\"@type\":\"PropertyValueSpecification\",\"valueRequired\":true,\"valueName\":\"search_term_string\"}}],\"inLanguage\":\"pt-BR\"},{\"@type\":\"Organization\",\"@id\":\"https:\\\/\\\/redenoticiaz.com.br\\\/litoralsp\\\/#organization\",\"name\":\"Litoral SP\",\"url\":\"https:\\\/\\\/redenoticiaz.com.br\\\/litoralsp\\\/\",\"logo\":{\"@type\":\"ImageObject\",\"inLanguage\":\"pt-BR\",\"@id\":\"https:\\\/\\\/redenoticiaz.com.br\\\/litoralsp\\\/#\\\/schema\\\/logo\\\/image\\\/\",\"url\":\"https:\\\/\\\/redenoticiaz.com.br\\\/litoralsp\\\/wp-content\\\/uploads\\\/sites\\\/3\\\/2020\\\/11\\\/logo.jpg\",\"contentUrl\":\"https:\\\/\\\/redenoticiaz.com.br\\\/litoralsp\\\/wp-content\\\/uploads\\\/sites\\\/3\\\/2020\\\/11\\\/logo.jpg\",\"width\":400,\"height\":250,\"caption\":\"Litoral SP\"},\"image\":{\"@id\":\"https:\\\/\\\/redenoticiaz.com.br\\\/litoralsp\\\/#\\\/schema\\\/logo\\\/image\\\/\"}},{\"@type\":\"Person\",\"@id\":\"https:\\\/\\\/redenoticiaz.com.br\\\/litoralsp\\\/#\\\/schema\\\/person\\\/1f84d6e94e6a62d2d81199d7503e9e90\",\"name\":\"Carina Reifonas\",\"image\":{\"@type\":\"ImageObject\",\"inLanguage\":\"pt-BR\",\"@id\":\"https:\\\/\\\/secure.gravatar.com\\\/avatar\\\/04c59859b23696cf867715880f81d5c037e60109730bdb4e6670ec2a2245bc97?s=96&d=mm&r=g\",\"url\":\"https:\\\/\\\/secure.gravatar.com\\\/avatar\\\/04c59859b23696cf867715880f81d5c037e60109730bdb4e6670ec2a2245bc97?s=96&d=mm&r=g\",\"contentUrl\":\"https:\\\/\\\/secure.gravatar.com\\\/avatar\\\/04c59859b23696cf867715880f81d5c037e60109730bdb4e6670ec2a2245bc97?s=96&d=mm&r=g\",\"caption\":\"Carina Reifonas\"},\"url\":\"https:\\\/\\\/redenoticiaz.com.br\\\/litoralsp\\\/author\\\/carinareifonas\"}]}<\/script>\n<!-- \/ Yoast SEO plugin. -->","yoast_head_json":{"title":"Veja o filme mais premiado nos Pr\u00eamios Mart\u00edn Fierro de Cinema e S\u00e9ries 2024 - Litoral SP","description":"Na \u00faltima semana, o filme argentino de com\u00e9dia dram\u00e1tica Puan, protagonizada por Marcelo Subiotto e Leonardo Sbaraglia, e dirigido por Mar\u00eda Alch\u00e9","robots":{"index":"index","follow":"follow","max-snippet":"max-snippet:-1","max-image-preview":"max-image-preview:large","max-video-preview":"max-video-preview:-1"},"canonical":"https:\/\/redenoticiaz.com.br\/litoralsp\/2024\/11\/02\/veja-o-filme-mais-premiado-nos-premios-martin-fierro-de-cinema-e-series-2024","og_locale":"pt_BR","og_type":"article","og_title":"Veja o filme mais premiado nos Pr\u00eamios Mart\u00edn Fierro de Cinema e S\u00e9ries 2024 - Litoral SP","og_description":"Na \u00faltima semana, o filme argentino de com\u00e9dia dram\u00e1tica Puan, protagonizada por Marcelo Subiotto e Leonardo Sbaraglia, e dirigido por Mar\u00eda Alch\u00e9","og_url":"https:\/\/redenoticiaz.com.br\/litoralsp\/2024\/11\/02\/veja-o-filme-mais-premiado-nos-premios-martin-fierro-de-cinema-e-series-2024","og_site_name":"Litoral SP","article_published_time":"2024-11-02T15:00:26+00:00","og_image":[{"width":1920,"height":1080,"url":"https:\/\/redenoticiaz.com.br\/litoralsp\/wp-content\/uploads\/sites\/3\/2024\/10\/leoymarcelo-v2-scaled.jpg?v=1730306113","type":"image\/jpeg"}],"author":"Carina Reifonas","twitter_card":"summary_large_image","twitter_misc":{"Escrito por":"Carina Reifonas","Est. tempo de leitura":"2 minutos"},"schema":{"@context":"https:\/\/schema.org","@graph":[{"@type":"Article","@id":"https:\/\/redenoticiaz.com.br\/litoralsp\/2024\/11\/02\/veja-o-filme-mais-premiado-nos-premios-martin-fierro-de-cinema-e-series-2024#article","isPartOf":{"@id":"https:\/\/redenoticiaz.com.br\/litoralsp\/2024\/11\/02\/veja-o-filme-mais-premiado-nos-premios-martin-fierro-de-cinema-e-series-2024"},"author":{"name":"Carina Reifonas","@id":"https:\/\/redenoticiaz.com.br\/litoralsp\/#\/schema\/person\/1f84d6e94e6a62d2d81199d7503e9e90"},"headline":"Veja o filme mais premiado nos Pr\u00eamios Mart\u00edn Fierro de Cinema e S\u00e9ries 2024","datePublished":"2024-11-02T15:00:26+00:00","mainEntityOfPage":{"@id":"https:\/\/redenoticiaz.com.br\/litoralsp\/2024\/11\/02\/veja-o-filme-mais-premiado-nos-premios-martin-fierro-de-cinema-e-series-2024"},"wordCount":212,"commentCount":0,"publisher":{"@id":"https:\/\/redenoticiaz.com.br\/litoralsp\/#organization"},"image":{"@id":"https:\/\/redenoticiaz.com.br\/litoralsp\/2024\/11\/02\/veja-o-filme-mais-premiado-nos-premios-martin-fierro-de-cinema-e-series-2024#primaryimage"},"thumbnailUrl":"https:\/\/redenoticiaz.com.br\/litoralsp\/wp-content\/uploads\/sites\/3\/2024\/10\/leoymarcelo-v2-scaled.jpg?v=1730306113","keywords":["FILME","Pr\u00eamios Mart\u00edn Fierro de Cinema e S\u00e9rires","Puan"],"articleSection":["C\u00e2mera Z"],"inLanguage":"pt-BR","potentialAction":[{"@type":"CommentAction","name":"Comment","target":["https:\/\/redenoticiaz.com.br\/litoralsp\/2024\/11\/02\/veja-o-filme-mais-premiado-nos-premios-martin-fierro-de-cinema-e-series-2024#respond"]}]},{"@type":"WebPage","@id":"https:\/\/redenoticiaz.com.br\/litoralsp\/2024\/11\/02\/veja-o-filme-mais-premiado-nos-premios-martin-fierro-de-cinema-e-series-2024","url":"https:\/\/redenoticiaz.com.br\/litoralsp\/2024\/11\/02\/veja-o-filme-mais-premiado-nos-premios-martin-fierro-de-cinema-e-series-2024","name":"Veja o filme mais premiado nos Pr\u00eamios Mart\u00edn Fierro de Cinema e S\u00e9ries 2024 - Litoral SP","isPartOf":{"@id":"https:\/\/redenoticiaz.com.br\/litoralsp\/#website"},"primaryImageOfPage":{"@id":"https:\/\/redenoticiaz.com.br\/litoralsp\/2024\/11\/02\/veja-o-filme-mais-premiado-nos-premios-martin-fierro-de-cinema-e-series-2024#primaryimage"},"image":{"@id":"https:\/\/redenoticiaz.com.br\/litoralsp\/2024\/11\/02\/veja-o-filme-mais-premiado-nos-premios-martin-fierro-de-cinema-e-series-2024#primaryimage"},"thumbnailUrl":"https:\/\/redenoticiaz.com.br\/litoralsp\/wp-content\/uploads\/sites\/3\/2024\/10\/leoymarcelo-v2-scaled.jpg?v=1730306113","datePublished":"2024-11-02T15:00:26+00:00","description":"Na \u00faltima semana, o filme argentino de com\u00e9dia dram\u00e1tica Puan, protagonizada por Marcelo Subiotto e Leonardo Sbaraglia, e dirigido por Mar\u00eda Alch\u00e9","inLanguage":"pt-BR","potentialAction":[{"@type":"ReadAction","target":["https:\/\/redenoticiaz.com.br\/litoralsp\/2024\/11\/02\/veja-o-filme-mais-premiado-nos-premios-martin-fierro-de-cinema-e-series-2024"]}]},{"@type":"ImageObject","inLanguage":"pt-BR","@id":"https:\/\/redenoticiaz.com.br\/litoralsp\/2024\/11\/02\/veja-o-filme-mais-premiado-nos-premios-martin-fierro-de-cinema-e-series-2024#primaryimage","url":"https:\/\/redenoticiaz.com.br\/litoralsp\/wp-content\/uploads\/sites\/3\/2024\/10\/leoymarcelo-v2-scaled.jpg?v=1730306113","contentUrl":"https:\/\/redenoticiaz.com.br\/litoralsp\/wp-content\/uploads\/sites\/3\/2024\/10\/leoymarcelo-v2-scaled.jpg?v=1730306113","width":1920,"height":1080,"caption":"Filme mais premiado nos Pr\u00eamios Mart\u00edn Fierro de Cinema e S\u00e9ries 2024."},{"@type":"WebSite","@id":"https:\/\/redenoticiaz.com.br\/litoralsp\/#website","url":"https:\/\/redenoticiaz.com.br\/litoralsp\/","name":"Litoral SP","description":"Rede NoticiaZ","publisher":{"@id":"https:\/\/redenoticiaz.com.br\/litoralsp\/#organization"},"potentialAction":[{"@type":"SearchAction","target":{"@type":"EntryPoint","urlTemplate":"https:\/\/redenoticiaz.com.br\/litoralsp\/?s={search_term_string}"},"query-input":{"@type":"PropertyValueSpecification","valueRequired":true,"valueName":"search_term_string"}}],"inLanguage":"pt-BR"},{"@type":"Organization","@id":"https:\/\/redenoticiaz.com.br\/litoralsp\/#organization","name":"Litoral SP","url":"https:\/\/redenoticiaz.com.br\/litoralsp\/","logo":{"@type":"ImageObject","inLanguage":"pt-BR","@id":"https:\/\/redenoticiaz.com.br\/litoralsp\/#\/schema\/logo\/image\/","url":"https:\/\/redenoticiaz.com.br\/litoralsp\/wp-content\/uploads\/sites\/3\/2020\/11\/logo.jpg","contentUrl":"https:\/\/redenoticiaz.com.br\/litoralsp\/wp-content\/uploads\/sites\/3\/2020\/11\/logo.jpg","width":400,"height":250,"caption":"Litoral SP"},"image":{"@id":"https:\/\/redenoticiaz.com.br\/litoralsp\/#\/schema\/logo\/image\/"}},{"@type":"Person","@id":"https:\/\/redenoticiaz.com.br\/litoralsp\/#\/schema\/person\/1f84d6e94e6a62d2d81199d7503e9e90","name":"Carina Reifonas","image":{"@type":"ImageObject","inLanguage":"pt-BR","@id":"https:\/\/secure.gravatar.com\/avatar\/04c59859b23696cf867715880f81d5c037e60109730bdb4e6670ec2a2245bc97?s=96&d=mm&r=g","url":"https:\/\/secure.gravatar.com\/avatar\/04c59859b23696cf867715880f81d5c037e60109730bdb4e6670ec2a2245bc97?s=96&d=mm&r=g","contentUrl":"https:\/\/secure.gravatar.com\/avatar\/04c59859b23696cf867715880f81d5c037e60109730bdb4e6670ec2a2245bc97?s=96&d=mm&r=g","caption":"Carina Reifonas"},"url":"https:\/\/redenoticiaz.com.br\/litoralsp\/author\/carinareifonas"}]}},"_links":{"self":[{"href":"https:\/\/redenoticiaz.com.br\/litoralsp\/wp-json\/wp\/v2\/posts\/119052","targetHints":{"allow":["GET"]}}],"collection":[{"href":"https:\/\/redenoticiaz.com.br\/litoralsp\/wp-json\/wp\/v2\/posts"}],"about":[{"href":"https:\/\/redenoticiaz.com.br\/litoralsp\/wp-json\/wp\/v2\/types\/post"}],"author":[{"embeddable":true,"href":"https:\/\/redenoticiaz.com.br\/litoralsp\/wp-json\/wp\/v2\/users\/30"}],"replies":[{"embeddable":true,"href":"https:\/\/redenoticiaz.com.br\/litoralsp\/wp-json\/wp\/v2\/comments?post=119052"}],"version-history":[{"count":1,"href":"https:\/\/redenoticiaz.com.br\/litoralsp\/wp-json\/wp\/v2\/posts\/119052\/revisions"}],"predecessor-version":[{"id":119109,"href":"https:\/\/redenoticiaz.com.br\/litoralsp\/wp-json\/wp\/v2\/posts\/119052\/revisions\/119109"}],"wp:featuredmedia":[{"embeddable":true,"href":"https:\/\/redenoticiaz.com.br\/litoralsp\/wp-json\/wp\/v2\/media\/119053"}],"wp:attachment":[{"href":"https:\/\/redenoticiaz.com.br\/litoralsp\/wp-json\/wp\/v2\/media?parent=119052"}],"wp:term":[{"taxonomy":"category","embeddable":true,"href":"https:\/\/redenoticiaz.com.br\/litoralsp\/wp-json\/wp\/v2\/categories?post=119052"},{"taxonomy":"post_tag","embeddable":true,"href":"https:\/\/redenoticiaz.com.br\/litoralsp\/wp-json\/wp\/v2\/tags?post=119052"}],"curies":[{"name":"wp","href":"https:\/\/api.w.org\/{rel}","templated":true}]}}