{"id":119101,"date":"2024-11-03T14:00:30","date_gmt":"2024-11-03T17:00:30","guid":{"rendered":"https:\/\/redenoticiaz.com.br\/litoralsp\/?p=119101"},"modified":"2024-11-01T17:29:01","modified_gmt":"2024-11-01T20:29:01","slug":"maioria-das-cidades-tem-baixo-indice-de-desenvolvimento-sustentavel","status":"publish","type":"post","link":"https:\/\/redenoticiaz.com.br\/litoralsp\/2024\/11\/03\/maioria-das-cidades-tem-baixo-indice-de-desenvolvimento-sustentavel","title":{"rendered":"Maioria das cidades tem baixo \u00edndice de desenvolvimento sustent\u00e1vel"},"content":{"rendered":"<p>A terceira atualiza\u00e7\u00e3o do \u00cdndice de Desenvolvimento Sustent\u00e1vel das Cidades (IDSC-BR), apresentada nesta sexta-feira (1\u00ba) em Bras\u00edlia, revelou que 2.885 cidades, o que representa 51,3% do apresentou n\u00edvel baixo na classifica\u00e7\u00e3o.<img decoding=\"async\" src=\"https:\/\/agenciabrasil.ebc.com.br\/ebc.png?id=1618015&amp;o=node\" \/><img decoding=\"async\" src=\"https:\/\/agenciabrasil.ebc.com.br\/ebc.gif?id=1618015&amp;o=node\" \/><\/p>\n<p>Nenhuma cidade brasileira atingiu o n\u00edvel muito alto, mas 91, ou seja, 1,6% j\u00e1 est\u00e3o com alto n\u00edvel de desenvolvimento sustent\u00e1vel. Os munic\u00edpios com \u00edndices muito baixos representam 16,8% do total e s\u00e3o 934 localidades.<\/p>\n<p>A ferramenta mede avan\u00e7os e desafios a serem enfrentados pelos munic\u00edpios brasileiros para erradicar a pobreza e proteger o planeta, a partir de 100 \u00edndices nacionais para o acompanhamento da evolu\u00e7\u00e3o dos Objetivos de Desenvolvimento Sustent\u00e1vel (ODS).<\/p>\n<div class=\"dnd-widget-wrapper context-grande_6colunas type-image atom-align-left\">\n<div class=\"dnd-atom-rendered\"><img decoding=\"async\" title=\"Fabio Rodrigues-Pozzebom\/ Ag\u00eancia Brasil\" src=\"https:\/\/imagens.ebc.com.br\/jX7Xu6t40QkQn2lO_AS5_5tdMpQ=\/463x0\/smart\/https:\/\/agenciabrasil.ebc.com.br\/sites\/default\/files\/thumbnails\/image\/2024\/11\/01\/20241101_124704360_ios.jpg?itok=gt1yLJuq\" alt=\"Bras\u00edlia (DF) 01\/11\/2024 O Coordenador geral do Instituto Cidades Sustent\u00e1veis, Jorge Abrah\u00e3o, durante lan\u00e7amento da terceira edi\u00e7\u00e3o do \u00cdndice de Desenvolvimento Sustent\u00e1vel das Cidades 2024 (IDSC-BR) Foto: Fabio Rodrigues-Pozzebom\/ Ag\u00eancia Brasil\" \/><\/div>\n<div class=\"dnd-caption-wrapper\">\n<div class=\"meta\">\u00cdndice traduz um pouco da qualidade de vida nos territ\u00f3rios, diz Jorge Abrah\u00e3o, do Instituto Cidades Sustent\u00e1veis &#8211;\u00a0<strong>Fabio Rodrigues-Pozzebom\/Ag\u00eancia Brasil<\/strong><\/div>\n<div><\/div>\n<\/div>\n<\/div>\n<p>\u201c\u00c9 um retrato do n\u00edvel de desenvolvimento sustent\u00e1vel das cidades, que traduz um pouco da qualidade de vida nos territ\u00f3rios. E \u00e9 este o grande objetivo dele [\u00edndice]: melhorar a qualidade de vida\u201d, destaca o diretor-presidente do Instituto Cidades Sustent\u00e1veis, respons\u00e1vel por desenvolver a ferramenta, Jorge Abrah\u00e3o.<\/p>\n<p>Os \u00edndices podem ser consultados por meio de uma\u00a0<a href=\"https:\/\/idsc.cidadessustentaveis.org.br\/\" target=\"_blank\" rel=\"noopener\">plataforma<\/a>\u00a0na internet, que permite a consulta por cidade, al\u00e9m de disponibilizar um\u00a0<em>ranking<\/em>\u00a0e um mapa interativo com recortes por ODS.<\/p>\n<p>Segundo Abrah\u00e3o, essa atualiza\u00e7\u00e3o traz avan\u00e7os e retrocessos em rela\u00e7\u00e3o aos \u00faltimos \u00edndices divulgados em 2023, quando 70% dos munic\u00edpios foram classificados com \u00edndice baixo. \u201cDobrou o n\u00famero de cidades que passou ao n\u00edvel alto de desenvolvimento sustent\u00e1vel, reduziu-se o n\u00famero de cidades que estavam nos n\u00edveis baixo e muito baixo. Ent\u00e3o, tem um movimento que come\u00e7a a existir das cidades, avan\u00e7ando nessa agenda\u201d, destaca.<\/p>\n<p>Um recorte que chama aten\u00e7\u00e3o \u00e9 o regional, no qual mostra-se que, na Regi\u00e3o Norte, prevalece o maior n\u00famero de cidades com n\u00edvel muito baixo. A m\u00e9dia de pontua\u00e7\u00e3o para regi\u00e3o foi de apenas 38,8 pontos em uma escala de zero a 80\/100 \u2013 o \u00edndice \u00e9 considerado muito baixo at\u00e9 39,9; baixo, at\u00e9 49,9; m\u00e9dio, at\u00e9 59,9; alto; at\u00e9 79,9 e muito alto, acima disso.<\/p>\n<p>As regi\u00f5es Nordeste e Centro-Oeste tiveram m\u00e9dias baixas, respectivamente de 41,7 e 46,3 pontos, e as regi\u00f5es Sul e Sudeste, pontua\u00e7\u00e3o m\u00e9dia, de 50,6 e 51,5 respectivamente.<\/p>\n<p>Segundo Abrah\u00e3o, o Brasil \u00e9 o \u00fanico pa\u00eds que tem uma ferramenta de acompanhamento dos 17 ODSs em todos os 5.570 munic\u00edpios. E nesta edi\u00e7\u00e3o, h\u00e1 uma novidade que possibilita o recorte da sugest\u00e3o feita pelo Brasil \u00e0 Organiza\u00e7\u00e3o das Na\u00e7\u00f5es Unidas de criar uma 18\u00aa ODS para avaliar as cidades brasileiras quanto aos indicadores relativos a igualdade \u00e9tnico-racial.<\/p>\n<h2>Integra\u00e7\u00e3o<\/h2>\n<p>A terceira edi\u00e7\u00e3o do IDSC \u00e9 resultado de parceria entre o Minist\u00e9rio do Meio Ambiente e Mudan\u00e7a do Clima (MMA) e a Caixa Econ\u00f4mica Federal, com apoio institucional da Comiss\u00e3o Nacional dos ODS da Secretaria-Geral da Presid\u00eancia da Rep\u00fablica; da Estrat\u00e9gia ODS, coaliz\u00e3o multissetorial voltada para o apoio \u00e0 implementa\u00e7\u00e3o da Agenda 2030 no Brasil, da Frente Nacional de Prefeitos e Prefeitas e do Centro de Desenvolvimento Sustent\u00e1vel da Universidade de Bras\u00edlia (UnB).<\/p>\n<p>Para Abrah\u00e3o, a vis\u00e3o panor\u00e2mica trazida pela integra\u00e7\u00e3o de v\u00e1rias frentes precisa ser refletida tamb\u00e9m na atua\u00e7\u00e3o das diferentes esferas de governo e da iniciativa privada. \u201cOs desafios est\u00e3o t\u00e3o grandes que as empresas t\u00eam que olhar al\u00e9m dos seus muros, na sociedade, como \u00e9 que podem usar sua capacidade de convoca\u00e7\u00e3o, de comunica\u00e7\u00e3o, de atua\u00e7\u00e3o pol\u00edtica at\u00e9, mas pelo interesse comum, porque a gente percebe que, quando existem os problemas, as empresas tamb\u00e9m s\u00e3o afetadas.\u201d<\/p>\n<h2>Pol\u00edticas p\u00fablicas<\/h2>\n<p>O secret\u00e1rio de Meio Ambiente Urbano e Qualidade Ambiental do Minist\u00e9rio do Meio Ambiente, Adalberto Maluf, considera a ferramenta um orientador para pol\u00edticas p\u00fablicas, em que os governos municipais conseguem ter refer\u00eancias de pol\u00edticas exitosas como modelo, os estados percebem onde devem empenhar esfor\u00e7os e o poder p\u00fablico federal podem direcionar melhor os recursos.<\/p>\n<p>\u201cCom o \u00edndice, podemos avaliar qual foi o hist\u00f3rico da implementa\u00e7\u00e3o das pol\u00edticas p\u00fablicas nos \u00faltimos anos, onde tiveram resultado melhor, o por qu\u00ea de terem sido bem-sucedidas ou n\u00e3o terem sido bem-sucedidas, para que, \u00e0 medida que a gente avance, em especial, com os novos investimentos, com o acompanhamento das emendas parlamentares, a gente consiga ter uma clareza maior do tipo de pol\u00edtica p\u00fablica que gera resultado e consegue ser medido\u201d, conclui.<\/p>\n<h2>Na\u00e7\u00f5es Unidas<\/h2>\n<p>Os 17 Objetivos de Desenvolvimento Sustent\u00e1vel s\u00e3o parte de um plano de a\u00e7\u00e3o criado pela Organiza\u00e7\u00e3o das Na\u00e7\u00f5es Unidas (ONU) com metas que buscam a erradica\u00e7\u00e3o da pobreza, proteger o meio ambiente e garantir a seguran\u00e7a clim\u00e1tica em uma Agenda 2030.<\/p>\n<p>Leia mais<\/p>\n<p><a href=\"https:\/\/redenoticiaz.com.br\/blog\/2023\/09\/08\/jundiai-se-torna-lider-em-desenvolvimento-sustentavel\">Jundia\u00ed se torna l\u00edder em desenvolvimento sustent\u00e1vel<\/a><\/p>\n<p><a href=\"https:\/\/redenoticiaz.com.br\/blog\/2024\/11\/01\/jundiai-e-a-3a-melhor-cidade-do-brasil-para-se-viver\">Jundia\u00ed \u00e9 a 3\u00aa melhor cidade do Brasil para se viver<\/a><\/p>\n<p>&nbsp;<\/p>\n","protected":false},"excerpt":{"rendered":"<p>A terceira atualiza\u00e7\u00e3o do \u00cdndice de Desenvolvimento Sustent\u00e1vel das Cidades (IDSC-BR), apresentada nesta sexta-feira (1\u00ba) em Bras\u00edlia, revelou que 2.885 cidades, o que representa 51,3% do apresentou n\u00edvel baixo na classifica\u00e7\u00e3o. Nenhuma cidade brasileira atingiu o n\u00edvel muito alto, mas 91, ou seja, 1,6% j\u00e1 est\u00e3o com alto n\u00edvel de desenvolvimento sustent\u00e1vel. Os munic\u00edpios com &hellip;<\/p>\n","protected":false},"author":12,"featured_media":119104,"comment_status":"open","ping_status":"closed","sticky":false,"template":"","format":"standard","meta":{"footnotes":""},"categories":[1487],"tags":[30883,68867,12263],"class_list":["post-119101","post","type-post","status-publish","format-standard","has-post-thumbnail","hentry","category-meio-ambiente","tag-cidades","tag-desenvolvimento-sustentavel","tag-meio-ambiente"],"yoast_head":"<!-- This site is optimized with the Yoast SEO plugin v27.5 - https:\/\/yoast.com\/product\/yoast-seo-wordpress\/ -->\n<title>Maioria das cidades tem baixo \u00edndice de desenvolvimento sustent\u00e1vel - Litoral SP<\/title>\n<meta name=\"description\" content=\"A terceira atualiza\u00e7\u00e3o do \u00cdndice de Desenvolvimento Sustent\u00e1vel das Cidades (IDSC-BR), apresentada nesta sexta-feira (1\u00ba) em Bras\u00edlia, revelou que 2.885 cidades, o que representa 51,3% do apresentou n\u00edvel baixo na classifica\u00e7\u00e3o.\" \/>\n<meta name=\"robots\" content=\"index, follow, max-snippet:-1, max-image-preview:large, max-video-preview:-1\" \/>\n<link rel=\"canonical\" href=\"https:\/\/redenoticiaz.com.br\/litoralsp\/2024\/11\/03\/maioria-das-cidades-tem-baixo-indice-de-desenvolvimento-sustentavel\" \/>\n<meta property=\"og:locale\" content=\"pt_BR\" \/>\n<meta property=\"og:type\" content=\"article\" \/>\n<meta property=\"og:title\" content=\"Maioria das cidades tem baixo \u00edndice de desenvolvimento sustent\u00e1vel - Litoral SP\" \/>\n<meta property=\"og:description\" content=\"A terceira atualiza\u00e7\u00e3o do \u00cdndice de Desenvolvimento Sustent\u00e1vel das Cidades (IDSC-BR), apresentada nesta sexta-feira (1\u00ba) em Bras\u00edlia, revelou que 2.885 cidades, o que representa 51,3% do apresentou n\u00edvel baixo na classifica\u00e7\u00e3o.\" \/>\n<meta property=\"og:url\" content=\"https:\/\/redenoticiaz.com.br\/litoralsp\/2024\/11\/03\/maioria-das-cidades-tem-baixo-indice-de-desenvolvimento-sustentavel\" \/>\n<meta property=\"og:site_name\" content=\"Litoral SP\" \/>\n<meta property=\"article:published_time\" content=\"2024-11-03T17:00:30+00:00\" \/>\n<meta property=\"og:image\" content=\"https:\/\/redenoticiaz.com.br\/litoralsp\/wp-content\/uploads\/sites\/3\/2024\/11\/meio-ambiente-cora\u00e7\u00e3o.jpg?v=1595899780\" \/>\n\t<meta property=\"og:image:width\" content=\"519\" \/>\n\t<meta property=\"og:image:height\" content=\"298\" \/>\n\t<meta property=\"og:image:type\" content=\"image\/jpeg\" \/>\n<meta name=\"author\" content=\"Gustavo Silva\" \/>\n<meta name=\"twitter:card\" content=\"summary_large_image\" \/>\n<meta name=\"twitter:label1\" content=\"Escrito por\" \/>\n\t<meta name=\"twitter:data1\" content=\"Gustavo Silva\" \/>\n\t<meta name=\"twitter:label2\" content=\"Est. tempo de leitura\" \/>\n\t<meta name=\"twitter:data2\" content=\"5 minutos\" \/>\n<script type=\"application\/ld+json\" class=\"yoast-schema-graph\">{\"@context\":\"https:\\\/\\\/schema.org\",\"@graph\":[{\"@type\":\"Article\",\"@id\":\"https:\\\/\\\/redenoticiaz.com.br\\\/litoralsp\\\/2024\\\/11\\\/03\\\/maioria-das-cidades-tem-baixo-indice-de-desenvolvimento-sustentavel#article\",\"isPartOf\":{\"@id\":\"https:\\\/\\\/redenoticiaz.com.br\\\/litoralsp\\\/2024\\\/11\\\/03\\\/maioria-das-cidades-tem-baixo-indice-de-desenvolvimento-sustentavel\"},\"author\":{\"name\":\"Gustavo Silva\",\"@id\":\"https:\\\/\\\/redenoticiaz.com.br\\\/litoralsp\\\/#\\\/schema\\\/person\\\/16057b37a3c0ee6b096d7f887c566e2e\"},\"headline\":\"Maioria das cidades tem baixo \u00edndice de desenvolvimento sustent\u00e1vel\",\"datePublished\":\"2024-11-03T17:00:30+00:00\",\"mainEntityOfPage\":{\"@id\":\"https:\\\/\\\/redenoticiaz.com.br\\\/litoralsp\\\/2024\\\/11\\\/03\\\/maioria-das-cidades-tem-baixo-indice-de-desenvolvimento-sustentavel\"},\"wordCount\":851,\"commentCount\":0,\"publisher\":{\"@id\":\"https:\\\/\\\/redenoticiaz.com.br\\\/litoralsp\\\/#organization\"},\"image\":{\"@id\":\"https:\\\/\\\/redenoticiaz.com.br\\\/litoralsp\\\/2024\\\/11\\\/03\\\/maioria-das-cidades-tem-baixo-indice-de-desenvolvimento-sustentavel#primaryimage\"},\"thumbnailUrl\":\"https:\\\/\\\/redenoticiaz.com.br\\\/litoralsp\\\/wp-content\\\/uploads\\\/sites\\\/3\\\/2024\\\/11\\\/meio-ambiente-cora\u00e7\u00e3o.jpg?v=1595899780\",\"keywords\":[\"CIDADES\",\"Desenvolvimento Sustent\u00e1vel\",\"MEIO AMBIENTE\"],\"articleSection\":[\"Meio Ambiente\"],\"inLanguage\":\"pt-BR\",\"potentialAction\":[{\"@type\":\"CommentAction\",\"name\":\"Comment\",\"target\":[\"https:\\\/\\\/redenoticiaz.com.br\\\/litoralsp\\\/2024\\\/11\\\/03\\\/maioria-das-cidades-tem-baixo-indice-de-desenvolvimento-sustentavel#respond\"]}]},{\"@type\":\"WebPage\",\"@id\":\"https:\\\/\\\/redenoticiaz.com.br\\\/litoralsp\\\/2024\\\/11\\\/03\\\/maioria-das-cidades-tem-baixo-indice-de-desenvolvimento-sustentavel\",\"url\":\"https:\\\/\\\/redenoticiaz.com.br\\\/litoralsp\\\/2024\\\/11\\\/03\\\/maioria-das-cidades-tem-baixo-indice-de-desenvolvimento-sustentavel\",\"name\":\"Maioria das cidades tem baixo \u00edndice de desenvolvimento sustent\u00e1vel - Litoral SP\",\"isPartOf\":{\"@id\":\"https:\\\/\\\/redenoticiaz.com.br\\\/litoralsp\\\/#website\"},\"primaryImageOfPage\":{\"@id\":\"https:\\\/\\\/redenoticiaz.com.br\\\/litoralsp\\\/2024\\\/11\\\/03\\\/maioria-das-cidades-tem-baixo-indice-de-desenvolvimento-sustentavel#primaryimage\"},\"image\":{\"@id\":\"https:\\\/\\\/redenoticiaz.com.br\\\/litoralsp\\\/2024\\\/11\\\/03\\\/maioria-das-cidades-tem-baixo-indice-de-desenvolvimento-sustentavel#primaryimage\"},\"thumbnailUrl\":\"https:\\\/\\\/redenoticiaz.com.br\\\/litoralsp\\\/wp-content\\\/uploads\\\/sites\\\/3\\\/2024\\\/11\\\/meio-ambiente-cora\u00e7\u00e3o.jpg?v=1595899780\",\"datePublished\":\"2024-11-03T17:00:30+00:00\",\"description\":\"A terceira atualiza\u00e7\u00e3o do \u00cdndice de Desenvolvimento Sustent\u00e1vel das Cidades (IDSC-BR), apresentada nesta sexta-feira (1\u00ba) em Bras\u00edlia, revelou que 2.885 cidades, o que representa 51,3% do apresentou n\u00edvel baixo na classifica\u00e7\u00e3o.\",\"inLanguage\":\"pt-BR\",\"potentialAction\":[{\"@type\":\"ReadAction\",\"target\":[\"https:\\\/\\\/redenoticiaz.com.br\\\/litoralsp\\\/2024\\\/11\\\/03\\\/maioria-das-cidades-tem-baixo-indice-de-desenvolvimento-sustentavel\"]}]},{\"@type\":\"ImageObject\",\"inLanguage\":\"pt-BR\",\"@id\":\"https:\\\/\\\/redenoticiaz.com.br\\\/litoralsp\\\/2024\\\/11\\\/03\\\/maioria-das-cidades-tem-baixo-indice-de-desenvolvimento-sustentavel#primaryimage\",\"url\":\"https:\\\/\\\/redenoticiaz.com.br\\\/litoralsp\\\/wp-content\\\/uploads\\\/sites\\\/3\\\/2024\\\/11\\\/meio-ambiente-cora\u00e7\u00e3o.jpg?v=1595899780\",\"contentUrl\":\"https:\\\/\\\/redenoticiaz.com.br\\\/litoralsp\\\/wp-content\\\/uploads\\\/sites\\\/3\\\/2024\\\/11\\\/meio-ambiente-cora\u00e7\u00e3o.jpg?v=1595899780\",\"width\":519,\"height\":298},{\"@type\":\"WebSite\",\"@id\":\"https:\\\/\\\/redenoticiaz.com.br\\\/litoralsp\\\/#website\",\"url\":\"https:\\\/\\\/redenoticiaz.com.br\\\/litoralsp\\\/\",\"name\":\"Litoral SP\",\"description\":\"Rede NoticiaZ\",\"publisher\":{\"@id\":\"https:\\\/\\\/redenoticiaz.com.br\\\/litoralsp\\\/#organization\"},\"potentialAction\":[{\"@type\":\"SearchAction\",\"target\":{\"@type\":\"EntryPoint\",\"urlTemplate\":\"https:\\\/\\\/redenoticiaz.com.br\\\/litoralsp\\\/?s={search_term_string}\"},\"query-input\":{\"@type\":\"PropertyValueSpecification\",\"valueRequired\":true,\"valueName\":\"search_term_string\"}}],\"inLanguage\":\"pt-BR\"},{\"@type\":\"Organization\",\"@id\":\"https:\\\/\\\/redenoticiaz.com.br\\\/litoralsp\\\/#organization\",\"name\":\"Litoral SP\",\"url\":\"https:\\\/\\\/redenoticiaz.com.br\\\/litoralsp\\\/\",\"logo\":{\"@type\":\"ImageObject\",\"inLanguage\":\"pt-BR\",\"@id\":\"https:\\\/\\\/redenoticiaz.com.br\\\/litoralsp\\\/#\\\/schema\\\/logo\\\/image\\\/\",\"url\":\"https:\\\/\\\/redenoticiaz.com.br\\\/litoralsp\\\/wp-content\\\/uploads\\\/sites\\\/3\\\/2020\\\/11\\\/logo.jpg\",\"contentUrl\":\"https:\\\/\\\/redenoticiaz.com.br\\\/litoralsp\\\/wp-content\\\/uploads\\\/sites\\\/3\\\/2020\\\/11\\\/logo.jpg\",\"width\":400,\"height\":250,\"caption\":\"Litoral SP\"},\"image\":{\"@id\":\"https:\\\/\\\/redenoticiaz.com.br\\\/litoralsp\\\/#\\\/schema\\\/logo\\\/image\\\/\"}},{\"@type\":\"Person\",\"@id\":\"https:\\\/\\\/redenoticiaz.com.br\\\/litoralsp\\\/#\\\/schema\\\/person\\\/16057b37a3c0ee6b096d7f887c566e2e\",\"name\":\"Gustavo Silva\",\"image\":{\"@type\":\"ImageObject\",\"inLanguage\":\"pt-BR\",\"@id\":\"https:\\\/\\\/secure.gravatar.com\\\/avatar\\\/3ee4e82f93b26de0a7cf4ea5eb7893da637ed6bb0c9170c58065944c56e28a33?s=96&d=mm&r=g\",\"url\":\"https:\\\/\\\/secure.gravatar.com\\\/avatar\\\/3ee4e82f93b26de0a7cf4ea5eb7893da637ed6bb0c9170c58065944c56e28a33?s=96&d=mm&r=g\",\"contentUrl\":\"https:\\\/\\\/secure.gravatar.com\\\/avatar\\\/3ee4e82f93b26de0a7cf4ea5eb7893da637ed6bb0c9170c58065944c56e28a33?s=96&d=mm&r=g\",\"caption\":\"Gustavo Silva\"},\"url\":\"https:\\\/\\\/redenoticiaz.com.br\\\/litoralsp\\\/author\\\/gustavosilva\"}]}<\/script>\n<!-- \/ Yoast SEO plugin. -->","yoast_head_json":{"title":"Maioria das cidades tem baixo \u00edndice de desenvolvimento sustent\u00e1vel - Litoral SP","description":"A terceira atualiza\u00e7\u00e3o do \u00cdndice de Desenvolvimento Sustent\u00e1vel das Cidades (IDSC-BR), apresentada nesta sexta-feira (1\u00ba) em Bras\u00edlia, revelou que 2.885 cidades, o que representa 51,3% do apresentou n\u00edvel baixo na classifica\u00e7\u00e3o.","robots":{"index":"index","follow":"follow","max-snippet":"max-snippet:-1","max-image-preview":"max-image-preview:large","max-video-preview":"max-video-preview:-1"},"canonical":"https:\/\/redenoticiaz.com.br\/litoralsp\/2024\/11\/03\/maioria-das-cidades-tem-baixo-indice-de-desenvolvimento-sustentavel","og_locale":"pt_BR","og_type":"article","og_title":"Maioria das cidades tem baixo \u00edndice de desenvolvimento sustent\u00e1vel - Litoral SP","og_description":"A terceira atualiza\u00e7\u00e3o do \u00cdndice de Desenvolvimento Sustent\u00e1vel das Cidades (IDSC-BR), apresentada nesta sexta-feira (1\u00ba) em Bras\u00edlia, revelou que 2.885 cidades, o que representa 51,3% do apresentou n\u00edvel baixo na classifica\u00e7\u00e3o.","og_url":"https:\/\/redenoticiaz.com.br\/litoralsp\/2024\/11\/03\/maioria-das-cidades-tem-baixo-indice-de-desenvolvimento-sustentavel","og_site_name":"Litoral SP","article_published_time":"2024-11-03T17:00:30+00:00","og_image":[{"width":519,"height":298,"url":"https:\/\/redenoticiaz.com.br\/litoralsp\/wp-content\/uploads\/sites\/3\/2024\/11\/meio-ambiente-cora\u00e7\u00e3o.jpg?v=1595899780","type":"image\/jpeg"}],"author":"Gustavo Silva","twitter_card":"summary_large_image","twitter_misc":{"Escrito por":"Gustavo Silva","Est. tempo de leitura":"5 minutos"},"schema":{"@context":"https:\/\/schema.org","@graph":[{"@type":"Article","@id":"https:\/\/redenoticiaz.com.br\/litoralsp\/2024\/11\/03\/maioria-das-cidades-tem-baixo-indice-de-desenvolvimento-sustentavel#article","isPartOf":{"@id":"https:\/\/redenoticiaz.com.br\/litoralsp\/2024\/11\/03\/maioria-das-cidades-tem-baixo-indice-de-desenvolvimento-sustentavel"},"author":{"name":"Gustavo Silva","@id":"https:\/\/redenoticiaz.com.br\/litoralsp\/#\/schema\/person\/16057b37a3c0ee6b096d7f887c566e2e"},"headline":"Maioria das cidades tem baixo \u00edndice de desenvolvimento sustent\u00e1vel","datePublished":"2024-11-03T17:00:30+00:00","mainEntityOfPage":{"@id":"https:\/\/redenoticiaz.com.br\/litoralsp\/2024\/11\/03\/maioria-das-cidades-tem-baixo-indice-de-desenvolvimento-sustentavel"},"wordCount":851,"commentCount":0,"publisher":{"@id":"https:\/\/redenoticiaz.com.br\/litoralsp\/#organization"},"image":{"@id":"https:\/\/redenoticiaz.com.br\/litoralsp\/2024\/11\/03\/maioria-das-cidades-tem-baixo-indice-de-desenvolvimento-sustentavel#primaryimage"},"thumbnailUrl":"https:\/\/redenoticiaz.com.br\/litoralsp\/wp-content\/uploads\/sites\/3\/2024\/11\/meio-ambiente-cora\u00e7\u00e3o.jpg?v=1595899780","keywords":["CIDADES","Desenvolvimento Sustent\u00e1vel","MEIO AMBIENTE"],"articleSection":["Meio Ambiente"],"inLanguage":"pt-BR","potentialAction":[{"@type":"CommentAction","name":"Comment","target":["https:\/\/redenoticiaz.com.br\/litoralsp\/2024\/11\/03\/maioria-das-cidades-tem-baixo-indice-de-desenvolvimento-sustentavel#respond"]}]},{"@type":"WebPage","@id":"https:\/\/redenoticiaz.com.br\/litoralsp\/2024\/11\/03\/maioria-das-cidades-tem-baixo-indice-de-desenvolvimento-sustentavel","url":"https:\/\/redenoticiaz.com.br\/litoralsp\/2024\/11\/03\/maioria-das-cidades-tem-baixo-indice-de-desenvolvimento-sustentavel","name":"Maioria das cidades tem baixo \u00edndice de desenvolvimento sustent\u00e1vel - Litoral SP","isPartOf":{"@id":"https:\/\/redenoticiaz.com.br\/litoralsp\/#website"},"primaryImageOfPage":{"@id":"https:\/\/redenoticiaz.com.br\/litoralsp\/2024\/11\/03\/maioria-das-cidades-tem-baixo-indice-de-desenvolvimento-sustentavel#primaryimage"},"image":{"@id":"https:\/\/redenoticiaz.com.br\/litoralsp\/2024\/11\/03\/maioria-das-cidades-tem-baixo-indice-de-desenvolvimento-sustentavel#primaryimage"},"thumbnailUrl":"https:\/\/redenoticiaz.com.br\/litoralsp\/wp-content\/uploads\/sites\/3\/2024\/11\/meio-ambiente-cora\u00e7\u00e3o.jpg?v=1595899780","datePublished":"2024-11-03T17:00:30+00:00","description":"A terceira atualiza\u00e7\u00e3o do \u00cdndice de Desenvolvimento Sustent\u00e1vel das Cidades (IDSC-BR), apresentada nesta sexta-feira (1\u00ba) em Bras\u00edlia, revelou que 2.885 cidades, o que representa 51,3% do apresentou n\u00edvel baixo na classifica\u00e7\u00e3o.","inLanguage":"pt-BR","potentialAction":[{"@type":"ReadAction","target":["https:\/\/redenoticiaz.com.br\/litoralsp\/2024\/11\/03\/maioria-das-cidades-tem-baixo-indice-de-desenvolvimento-sustentavel"]}]},{"@type":"ImageObject","inLanguage":"pt-BR","@id":"https:\/\/redenoticiaz.com.br\/litoralsp\/2024\/11\/03\/maioria-das-cidades-tem-baixo-indice-de-desenvolvimento-sustentavel#primaryimage","url":"https:\/\/redenoticiaz.com.br\/litoralsp\/wp-content\/uploads\/sites\/3\/2024\/11\/meio-ambiente-cora\u00e7\u00e3o.jpg?v=1595899780","contentUrl":"https:\/\/redenoticiaz.com.br\/litoralsp\/wp-content\/uploads\/sites\/3\/2024\/11\/meio-ambiente-cora\u00e7\u00e3o.jpg?v=1595899780","width":519,"height":298},{"@type":"WebSite","@id":"https:\/\/redenoticiaz.com.br\/litoralsp\/#website","url":"https:\/\/redenoticiaz.com.br\/litoralsp\/","name":"Litoral SP","description":"Rede NoticiaZ","publisher":{"@id":"https:\/\/redenoticiaz.com.br\/litoralsp\/#organization"},"potentialAction":[{"@type":"SearchAction","target":{"@type":"EntryPoint","urlTemplate":"https:\/\/redenoticiaz.com.br\/litoralsp\/?s={search_term_string}"},"query-input":{"@type":"PropertyValueSpecification","valueRequired":true,"valueName":"search_term_string"}}],"inLanguage":"pt-BR"},{"@type":"Organization","@id":"https:\/\/redenoticiaz.com.br\/litoralsp\/#organization","name":"Litoral SP","url":"https:\/\/redenoticiaz.com.br\/litoralsp\/","logo":{"@type":"ImageObject","inLanguage":"pt-BR","@id":"https:\/\/redenoticiaz.com.br\/litoralsp\/#\/schema\/logo\/image\/","url":"https:\/\/redenoticiaz.com.br\/litoralsp\/wp-content\/uploads\/sites\/3\/2020\/11\/logo.jpg","contentUrl":"https:\/\/redenoticiaz.com.br\/litoralsp\/wp-content\/uploads\/sites\/3\/2020\/11\/logo.jpg","width":400,"height":250,"caption":"Litoral SP"},"image":{"@id":"https:\/\/redenoticiaz.com.br\/litoralsp\/#\/schema\/logo\/image\/"}},{"@type":"Person","@id":"https:\/\/redenoticiaz.com.br\/litoralsp\/#\/schema\/person\/16057b37a3c0ee6b096d7f887c566e2e","name":"Gustavo Silva","image":{"@type":"ImageObject","inLanguage":"pt-BR","@id":"https:\/\/secure.gravatar.com\/avatar\/3ee4e82f93b26de0a7cf4ea5eb7893da637ed6bb0c9170c58065944c56e28a33?s=96&d=mm&r=g","url":"https:\/\/secure.gravatar.com\/avatar\/3ee4e82f93b26de0a7cf4ea5eb7893da637ed6bb0c9170c58065944c56e28a33?s=96&d=mm&r=g","contentUrl":"https:\/\/secure.gravatar.com\/avatar\/3ee4e82f93b26de0a7cf4ea5eb7893da637ed6bb0c9170c58065944c56e28a33?s=96&d=mm&r=g","caption":"Gustavo Silva"},"url":"https:\/\/redenoticiaz.com.br\/litoralsp\/author\/gustavosilva"}]}},"_links":{"self":[{"href":"https:\/\/redenoticiaz.com.br\/litoralsp\/wp-json\/wp\/v2\/posts\/119101","targetHints":{"allow":["GET"]}}],"collection":[{"href":"https:\/\/redenoticiaz.com.br\/litoralsp\/wp-json\/wp\/v2\/posts"}],"about":[{"href":"https:\/\/redenoticiaz.com.br\/litoralsp\/wp-json\/wp\/v2\/types\/post"}],"author":[{"embeddable":true,"href":"https:\/\/redenoticiaz.com.br\/litoralsp\/wp-json\/wp\/v2\/users\/12"}],"replies":[{"embeddable":true,"href":"https:\/\/redenoticiaz.com.br\/litoralsp\/wp-json\/wp\/v2\/comments?post=119101"}],"version-history":[{"count":1,"href":"https:\/\/redenoticiaz.com.br\/litoralsp\/wp-json\/wp\/v2\/posts\/119101\/revisions"}],"predecessor-version":[{"id":119103,"href":"https:\/\/redenoticiaz.com.br\/litoralsp\/wp-json\/wp\/v2\/posts\/119101\/revisions\/119103"}],"wp:featuredmedia":[{"embeddable":true,"href":"https:\/\/redenoticiaz.com.br\/litoralsp\/wp-json\/wp\/v2\/media\/119104"}],"wp:attachment":[{"href":"https:\/\/redenoticiaz.com.br\/litoralsp\/wp-json\/wp\/v2\/media?parent=119101"}],"wp:term":[{"taxonomy":"category","embeddable":true,"href":"https:\/\/redenoticiaz.com.br\/litoralsp\/wp-json\/wp\/v2\/categories?post=119101"},{"taxonomy":"post_tag","embeddable":true,"href":"https:\/\/redenoticiaz.com.br\/litoralsp\/wp-json\/wp\/v2\/tags?post=119101"}],"curies":[{"name":"wp","href":"https:\/\/api.w.org\/{rel}","templated":true}]}}