{"id":119105,"date":"2024-11-03T15:00:15","date_gmt":"2024-11-03T18:00:15","guid":{"rendered":"https:\/\/redenoticiaz.com.br\/litoralsp\/?p=119105"},"modified":"2024-11-01T17:32:19","modified_gmt":"2024-11-01T20:32:19","slug":"novembro-tera-chuvas-e-calor-em-excesso-em-algumas-regioes-do-pais","status":"publish","type":"post","link":"https:\/\/redenoticiaz.com.br\/litoralsp\/2024\/11\/03\/novembro-tera-chuvas-e-calor-em-excesso-em-algumas-regioes-do-pais","title":{"rendered":"Novembro ter\u00e1 chuvas e calor em excesso em algumas regi\u00f5es do pa\u00eds"},"content":{"rendered":"<p>Iniciado nesta sexta-feira (1\u00ba), o m\u00eas de novembro ter\u00e1 chuvas acima da m\u00e9dia em grande parte da regi\u00e3o Sudeste, Goi\u00e1s, centro-leste do Mato Grosso, Acre, Roraima, noroeste e sudeste do Amazonas.\u00a0A previs\u00e3o \u00e9 do Instituto Nacional de Meteorologia (Inmet), vinculado ao Minist\u00e9rio da Agricultura e Pecu\u00e1ria.<img decoding=\"async\" src=\"https:\/\/agenciabrasil.ebc.com.br\/ebc.png?id=1617950&amp;o=node\" \/><img decoding=\"async\" src=\"https:\/\/agenciabrasil.ebc.com.br\/ebc.gif?id=1617950&amp;o=node\" \/><\/p>\n<p>J\u00e1 o Rio Grande do Sul ter\u00e1 precipita\u00e7\u00e3o na faixa normal, com algumas localidades acima da m\u00e9dia.<\/p>\n<p>Para grande parte da regi\u00e3o Nordeste, centro-norte do Par\u00e1, Amap\u00e1, Roraima, bem como no sudoeste do Mato Grosso do Sul e Mato Grosso, s\u00e3o previstas chuvas pr\u00f3ximas e abaixo da m\u00e9dia do m\u00eas.<\/p>\n<h2>Soja<\/h2>\n<p>O Inmet estima que essa pouca chuva para o nordeste da regi\u00e3o amaz\u00f4nica e parte significativa da regi\u00e3o Nordeste pode dificultar o plantio de soja com a redu\u00e7\u00e3o dos n\u00edveis de umidade no solo, principalmente na regi\u00e3o que abrange os estados do Maranh\u00e3o, Tocantins, Piau\u00ed e Bahia \u2013 \u00e1rea conhecida como Matopiba.<\/p>\n<p>A previs\u00e3o do clima para as regi\u00f5es Centro-Oeste e Sudeste neste 11\u00ba m\u00eas do ano \u00e9 de chuvas mais regulares que devem favorecer o plantio e o desenvolvimento dos cultivos de primeira safra.<\/p>\n<p>Em grande parte da regi\u00e3o Sul, haver\u00e1 chuvas pr\u00f3ximas \u00e0 m\u00e9dia hist\u00f3rica e os n\u00edveis de umidade no solo permanecer\u00e3o elevados, podendo beneficiar os cultivos de inverno &#8211; na fase de enchimento de gr\u00e3os e o desenvolvimento da safra 2024\/2025.<\/p>\n<h2>Temperaturas<\/h2>\n<p>As informa\u00e7\u00f5es meteorol\u00f3gicas do Inmet indicam, ainda, que as temperaturas dever\u00e3o ser acima da m\u00e9dia em grande parte do pa\u00eds.<\/p>\n<p>Especificamente em \u00e1reas do norte das regi\u00f5es Norte e Nordeste, dias de calor em excesso podem ter temperaturas m\u00e9dias acima dos 28 graus celsius (\u00baC).<\/p>\n<p>Mas, em localidades do leste da regi\u00e3o Sudeste e regi\u00e3o Sul, por causa da ocorr\u00eancia de dias consecutivos com chuva, as temperaturas ficar\u00e3o pr\u00f3ximas ou ligeiramente abaixo da m\u00e9dia.<\/p>\n<p>Leia mais<\/p>\n<p><a href=\"https:\/\/redenoticiaz.com.br\/blog\/2024\/10\/13\/novo-radar-meteorologico-de-alta-tecnologia-vai-detectar-eventos-climaticos-extremos\">Novo radar meteorol\u00f3gico de alta tecnologia vai detectar eventos clim\u00e1ticos extremos<\/a><\/p>\n<p><a href=\"https:\/\/redenoticiaz.com.br\/blog\/2024\/10\/05\/saude-lanca-guia-sobre-mudancas-climaticas-para-profissionais-de-saude\">Sa\u00fade lan\u00e7a guia sobre mudan\u00e7as clim\u00e1ticas para profissionais de sa\u00fade<\/a><\/p>\n","protected":false},"excerpt":{"rendered":"<p>Iniciado nesta sexta-feira (1\u00ba), o m\u00eas de novembro ter\u00e1 chuvas acima da m\u00e9dia em grande parte da regi\u00e3o Sudeste, Goi\u00e1s, centro-leste do Mato Grosso, Acre, Roraima, noroeste e sudeste do Amazonas.\u00a0A previs\u00e3o \u00e9 do Instituto Nacional de Meteorologia (Inmet), vinculado ao Minist\u00e9rio da Agricultura e Pecu\u00e1ria. J\u00e1 o Rio Grande do Sul ter\u00e1 precipita\u00e7\u00e3o na &hellip;<\/p>\n","protected":false},"author":12,"featured_media":119106,"comment_status":"open","ping_status":"closed","sticky":false,"template":"","format":"standard","meta":{"footnotes":""},"categories":[26798],"tags":[35010,68868,15154],"class_list":["post-119105","post","type-post","status-publish","format-standard","has-post-thumbnail","hentry","category-climatologia","tag-clima","tag-maatopiba","tag-previsao"],"yoast_head":"<!-- This site is optimized with the Yoast SEO plugin v27.4 - https:\/\/yoast.com\/product\/yoast-seo-wordpress\/ -->\n<title>Novembro ter\u00e1 chuvas e calor em excesso em algumas regi\u00f5es do pa\u00eds - Litoral SP<\/title>\n<meta name=\"description\" content=\"\u00a0A previs\u00e3o \u00e9 do Instituto Nacional de Meteorologia (Inmet), vinculado ao Minist\u00e9rio da Agricultura e Pecu\u00e1ria.\" \/>\n<meta name=\"robots\" content=\"index, follow, max-snippet:-1, max-image-preview:large, max-video-preview:-1\" \/>\n<link rel=\"canonical\" href=\"https:\/\/redenoticiaz.com.br\/litoralsp\/2024\/11\/03\/novembro-tera-chuvas-e-calor-em-excesso-em-algumas-regioes-do-pais\" \/>\n<meta property=\"og:locale\" content=\"pt_BR\" \/>\n<meta property=\"og:type\" content=\"article\" \/>\n<meta property=\"og:title\" content=\"Novembro ter\u00e1 chuvas e calor em excesso em algumas regi\u00f5es do pa\u00eds - Litoral SP\" \/>\n<meta property=\"og:description\" content=\"\u00a0A previs\u00e3o \u00e9 do Instituto Nacional de Meteorologia (Inmet), vinculado ao Minist\u00e9rio da Agricultura e Pecu\u00e1ria.\" \/>\n<meta property=\"og:url\" content=\"https:\/\/redenoticiaz.com.br\/litoralsp\/2024\/11\/03\/novembro-tera-chuvas-e-calor-em-excesso-em-algumas-regioes-do-pais\" \/>\n<meta property=\"og:site_name\" content=\"Litoral SP\" \/>\n<meta property=\"article:published_time\" content=\"2024-11-03T18:00:15+00:00\" \/>\n<meta property=\"og:image\" content=\"https:\/\/redenoticiaz.com.br\/litoralsp\/wp-content\/uploads\/sites\/3\/2024\/11\/chuvas_de_verao_defesa_civil_auditorio-57-1.jpg?v=1679396608\" \/>\n\t<meta property=\"og:image:width\" content=\"1323\" \/>\n\t<meta property=\"og:image:height\" content=\"770\" \/>\n\t<meta property=\"og:image:type\" content=\"image\/jpeg\" \/>\n<meta name=\"author\" content=\"Gustavo Silva\" \/>\n<meta name=\"twitter:card\" content=\"summary_large_image\" \/>\n<meta name=\"twitter:label1\" content=\"Escrito por\" \/>\n\t<meta name=\"twitter:data1\" content=\"Gustavo Silva\" \/>\n\t<meta name=\"twitter:label2\" content=\"Est. tempo de leitura\" \/>\n\t<meta name=\"twitter:data2\" content=\"3 minutos\" \/>\n<script type=\"application\/ld+json\" class=\"yoast-schema-graph\">{\"@context\":\"https:\\\/\\\/schema.org\",\"@graph\":[{\"@type\":\"Article\",\"@id\":\"https:\\\/\\\/redenoticiaz.com.br\\\/litoralsp\\\/2024\\\/11\\\/03\\\/novembro-tera-chuvas-e-calor-em-excesso-em-algumas-regioes-do-pais#article\",\"isPartOf\":{\"@id\":\"https:\\\/\\\/redenoticiaz.com.br\\\/litoralsp\\\/2024\\\/11\\\/03\\\/novembro-tera-chuvas-e-calor-em-excesso-em-algumas-regioes-do-pais\"},\"author\":{\"name\":\"Gustavo Silva\",\"@id\":\"https:\\\/\\\/redenoticiaz.com.br\\\/litoralsp\\\/#\\\/schema\\\/person\\\/16057b37a3c0ee6b096d7f887c566e2e\"},\"headline\":\"Novembro ter\u00e1 chuvas e calor em excesso em algumas regi\u00f5es do pa\u00eds\",\"datePublished\":\"2024-11-03T18:00:15+00:00\",\"mainEntityOfPage\":{\"@id\":\"https:\\\/\\\/redenoticiaz.com.br\\\/litoralsp\\\/2024\\\/11\\\/03\\\/novembro-tera-chuvas-e-calor-em-excesso-em-algumas-regioes-do-pais\"},\"wordCount\":378,\"commentCount\":0,\"publisher\":{\"@id\":\"https:\\\/\\\/redenoticiaz.com.br\\\/litoralsp\\\/#organization\"},\"image\":{\"@id\":\"https:\\\/\\\/redenoticiaz.com.br\\\/litoralsp\\\/2024\\\/11\\\/03\\\/novembro-tera-chuvas-e-calor-em-excesso-em-algumas-regioes-do-pais#primaryimage\"},\"thumbnailUrl\":\"https:\\\/\\\/redenoticiaz.com.br\\\/litoralsp\\\/wp-content\\\/uploads\\\/sites\\\/3\\\/2024\\\/11\\\/chuvas_de_verao_defesa_civil_auditorio-57-1.jpg?v=1679396608\",\"keywords\":[\"CLIMA\",\"maatopiba\",\"PREVIS\u00c3O\"],\"articleSection\":[\"Climatologia\"],\"inLanguage\":\"pt-BR\",\"potentialAction\":[{\"@type\":\"CommentAction\",\"name\":\"Comment\",\"target\":[\"https:\\\/\\\/redenoticiaz.com.br\\\/litoralsp\\\/2024\\\/11\\\/03\\\/novembro-tera-chuvas-e-calor-em-excesso-em-algumas-regioes-do-pais#respond\"]}]},{\"@type\":\"WebPage\",\"@id\":\"https:\\\/\\\/redenoticiaz.com.br\\\/litoralsp\\\/2024\\\/11\\\/03\\\/novembro-tera-chuvas-e-calor-em-excesso-em-algumas-regioes-do-pais\",\"url\":\"https:\\\/\\\/redenoticiaz.com.br\\\/litoralsp\\\/2024\\\/11\\\/03\\\/novembro-tera-chuvas-e-calor-em-excesso-em-algumas-regioes-do-pais\",\"name\":\"Novembro ter\u00e1 chuvas e calor em excesso em algumas regi\u00f5es do pa\u00eds - Litoral SP\",\"isPartOf\":{\"@id\":\"https:\\\/\\\/redenoticiaz.com.br\\\/litoralsp\\\/#website\"},\"primaryImageOfPage\":{\"@id\":\"https:\\\/\\\/redenoticiaz.com.br\\\/litoralsp\\\/2024\\\/11\\\/03\\\/novembro-tera-chuvas-e-calor-em-excesso-em-algumas-regioes-do-pais#primaryimage\"},\"image\":{\"@id\":\"https:\\\/\\\/redenoticiaz.com.br\\\/litoralsp\\\/2024\\\/11\\\/03\\\/novembro-tera-chuvas-e-calor-em-excesso-em-algumas-regioes-do-pais#primaryimage\"},\"thumbnailUrl\":\"https:\\\/\\\/redenoticiaz.com.br\\\/litoralsp\\\/wp-content\\\/uploads\\\/sites\\\/3\\\/2024\\\/11\\\/chuvas_de_verao_defesa_civil_auditorio-57-1.jpg?v=1679396608\",\"datePublished\":\"2024-11-03T18:00:15+00:00\",\"description\":\"\u00a0A previs\u00e3o \u00e9 do Instituto Nacional de Meteorologia (Inmet), vinculado ao Minist\u00e9rio da Agricultura e Pecu\u00e1ria.\",\"inLanguage\":\"pt-BR\",\"potentialAction\":[{\"@type\":\"ReadAction\",\"target\":[\"https:\\\/\\\/redenoticiaz.com.br\\\/litoralsp\\\/2024\\\/11\\\/03\\\/novembro-tera-chuvas-e-calor-em-excesso-em-algumas-regioes-do-pais\"]}]},{\"@type\":\"ImageObject\",\"inLanguage\":\"pt-BR\",\"@id\":\"https:\\\/\\\/redenoticiaz.com.br\\\/litoralsp\\\/2024\\\/11\\\/03\\\/novembro-tera-chuvas-e-calor-em-excesso-em-algumas-regioes-do-pais#primaryimage\",\"url\":\"https:\\\/\\\/redenoticiaz.com.br\\\/litoralsp\\\/wp-content\\\/uploads\\\/sites\\\/3\\\/2024\\\/11\\\/chuvas_de_verao_defesa_civil_auditorio-57-1.jpg?v=1679396608\",\"contentUrl\":\"https:\\\/\\\/redenoticiaz.com.br\\\/litoralsp\\\/wp-content\\\/uploads\\\/sites\\\/3\\\/2024\\\/11\\\/chuvas_de_verao_defesa_civil_auditorio-57-1.jpg?v=1679396608\",\"width\":1323,\"height\":770,\"caption\":\"Cr\u00e9ditos: Divulga\u00e7\u00e3o\\\/Prefeitura de Jundia\u00ed\"},{\"@type\":\"WebSite\",\"@id\":\"https:\\\/\\\/redenoticiaz.com.br\\\/litoralsp\\\/#website\",\"url\":\"https:\\\/\\\/redenoticiaz.com.br\\\/litoralsp\\\/\",\"name\":\"Litoral SP\",\"description\":\"Rede NoticiaZ\",\"publisher\":{\"@id\":\"https:\\\/\\\/redenoticiaz.com.br\\\/litoralsp\\\/#organization\"},\"potentialAction\":[{\"@type\":\"SearchAction\",\"target\":{\"@type\":\"EntryPoint\",\"urlTemplate\":\"https:\\\/\\\/redenoticiaz.com.br\\\/litoralsp\\\/?s={search_term_string}\"},\"query-input\":{\"@type\":\"PropertyValueSpecification\",\"valueRequired\":true,\"valueName\":\"search_term_string\"}}],\"inLanguage\":\"pt-BR\"},{\"@type\":\"Organization\",\"@id\":\"https:\\\/\\\/redenoticiaz.com.br\\\/litoralsp\\\/#organization\",\"name\":\"Litoral SP\",\"url\":\"https:\\\/\\\/redenoticiaz.com.br\\\/litoralsp\\\/\",\"logo\":{\"@type\":\"ImageObject\",\"inLanguage\":\"pt-BR\",\"@id\":\"https:\\\/\\\/redenoticiaz.com.br\\\/litoralsp\\\/#\\\/schema\\\/logo\\\/image\\\/\",\"url\":\"https:\\\/\\\/redenoticiaz.com.br\\\/litoralsp\\\/wp-content\\\/uploads\\\/sites\\\/3\\\/2020\\\/11\\\/logo.jpg\",\"contentUrl\":\"https:\\\/\\\/redenoticiaz.com.br\\\/litoralsp\\\/wp-content\\\/uploads\\\/sites\\\/3\\\/2020\\\/11\\\/logo.jpg\",\"width\":400,\"height\":250,\"caption\":\"Litoral SP\"},\"image\":{\"@id\":\"https:\\\/\\\/redenoticiaz.com.br\\\/litoralsp\\\/#\\\/schema\\\/logo\\\/image\\\/\"}},{\"@type\":\"Person\",\"@id\":\"https:\\\/\\\/redenoticiaz.com.br\\\/litoralsp\\\/#\\\/schema\\\/person\\\/16057b37a3c0ee6b096d7f887c566e2e\",\"name\":\"Gustavo Silva\",\"image\":{\"@type\":\"ImageObject\",\"inLanguage\":\"pt-BR\",\"@id\":\"https:\\\/\\\/secure.gravatar.com\\\/avatar\\\/3ee4e82f93b26de0a7cf4ea5eb7893da637ed6bb0c9170c58065944c56e28a33?s=96&d=mm&r=g\",\"url\":\"https:\\\/\\\/secure.gravatar.com\\\/avatar\\\/3ee4e82f93b26de0a7cf4ea5eb7893da637ed6bb0c9170c58065944c56e28a33?s=96&d=mm&r=g\",\"contentUrl\":\"https:\\\/\\\/secure.gravatar.com\\\/avatar\\\/3ee4e82f93b26de0a7cf4ea5eb7893da637ed6bb0c9170c58065944c56e28a33?s=96&d=mm&r=g\",\"caption\":\"Gustavo Silva\"},\"url\":\"https:\\\/\\\/redenoticiaz.com.br\\\/litoralsp\\\/author\\\/gustavosilva\"}]}<\/script>\n<!-- \/ Yoast SEO plugin. -->","yoast_head_json":{"title":"Novembro ter\u00e1 chuvas e calor em excesso em algumas regi\u00f5es do pa\u00eds - Litoral SP","description":"\u00a0A previs\u00e3o \u00e9 do Instituto Nacional de Meteorologia (Inmet), vinculado ao Minist\u00e9rio da Agricultura e Pecu\u00e1ria.","robots":{"index":"index","follow":"follow","max-snippet":"max-snippet:-1","max-image-preview":"max-image-preview:large","max-video-preview":"max-video-preview:-1"},"canonical":"https:\/\/redenoticiaz.com.br\/litoralsp\/2024\/11\/03\/novembro-tera-chuvas-e-calor-em-excesso-em-algumas-regioes-do-pais","og_locale":"pt_BR","og_type":"article","og_title":"Novembro ter\u00e1 chuvas e calor em excesso em algumas regi\u00f5es do pa\u00eds - Litoral SP","og_description":"\u00a0A previs\u00e3o \u00e9 do Instituto Nacional de Meteorologia (Inmet), vinculado ao Minist\u00e9rio da Agricultura e Pecu\u00e1ria.","og_url":"https:\/\/redenoticiaz.com.br\/litoralsp\/2024\/11\/03\/novembro-tera-chuvas-e-calor-em-excesso-em-algumas-regioes-do-pais","og_site_name":"Litoral SP","article_published_time":"2024-11-03T18:00:15+00:00","og_image":[{"width":1323,"height":770,"url":"https:\/\/redenoticiaz.com.br\/litoralsp\/wp-content\/uploads\/sites\/3\/2024\/11\/chuvas_de_verao_defesa_civil_auditorio-57-1.jpg?v=1679396608","type":"image\/jpeg"}],"author":"Gustavo Silva","twitter_card":"summary_large_image","twitter_misc":{"Escrito por":"Gustavo Silva","Est. tempo de leitura":"3 minutos"},"schema":{"@context":"https:\/\/schema.org","@graph":[{"@type":"Article","@id":"https:\/\/redenoticiaz.com.br\/litoralsp\/2024\/11\/03\/novembro-tera-chuvas-e-calor-em-excesso-em-algumas-regioes-do-pais#article","isPartOf":{"@id":"https:\/\/redenoticiaz.com.br\/litoralsp\/2024\/11\/03\/novembro-tera-chuvas-e-calor-em-excesso-em-algumas-regioes-do-pais"},"author":{"name":"Gustavo Silva","@id":"https:\/\/redenoticiaz.com.br\/litoralsp\/#\/schema\/person\/16057b37a3c0ee6b096d7f887c566e2e"},"headline":"Novembro ter\u00e1 chuvas e calor em excesso em algumas regi\u00f5es do pa\u00eds","datePublished":"2024-11-03T18:00:15+00:00","mainEntityOfPage":{"@id":"https:\/\/redenoticiaz.com.br\/litoralsp\/2024\/11\/03\/novembro-tera-chuvas-e-calor-em-excesso-em-algumas-regioes-do-pais"},"wordCount":378,"commentCount":0,"publisher":{"@id":"https:\/\/redenoticiaz.com.br\/litoralsp\/#organization"},"image":{"@id":"https:\/\/redenoticiaz.com.br\/litoralsp\/2024\/11\/03\/novembro-tera-chuvas-e-calor-em-excesso-em-algumas-regioes-do-pais#primaryimage"},"thumbnailUrl":"https:\/\/redenoticiaz.com.br\/litoralsp\/wp-content\/uploads\/sites\/3\/2024\/11\/chuvas_de_verao_defesa_civil_auditorio-57-1.jpg?v=1679396608","keywords":["CLIMA","maatopiba","PREVIS\u00c3O"],"articleSection":["Climatologia"],"inLanguage":"pt-BR","potentialAction":[{"@type":"CommentAction","name":"Comment","target":["https:\/\/redenoticiaz.com.br\/litoralsp\/2024\/11\/03\/novembro-tera-chuvas-e-calor-em-excesso-em-algumas-regioes-do-pais#respond"]}]},{"@type":"WebPage","@id":"https:\/\/redenoticiaz.com.br\/litoralsp\/2024\/11\/03\/novembro-tera-chuvas-e-calor-em-excesso-em-algumas-regioes-do-pais","url":"https:\/\/redenoticiaz.com.br\/litoralsp\/2024\/11\/03\/novembro-tera-chuvas-e-calor-em-excesso-em-algumas-regioes-do-pais","name":"Novembro ter\u00e1 chuvas e calor em excesso em algumas regi\u00f5es do pa\u00eds - Litoral SP","isPartOf":{"@id":"https:\/\/redenoticiaz.com.br\/litoralsp\/#website"},"primaryImageOfPage":{"@id":"https:\/\/redenoticiaz.com.br\/litoralsp\/2024\/11\/03\/novembro-tera-chuvas-e-calor-em-excesso-em-algumas-regioes-do-pais#primaryimage"},"image":{"@id":"https:\/\/redenoticiaz.com.br\/litoralsp\/2024\/11\/03\/novembro-tera-chuvas-e-calor-em-excesso-em-algumas-regioes-do-pais#primaryimage"},"thumbnailUrl":"https:\/\/redenoticiaz.com.br\/litoralsp\/wp-content\/uploads\/sites\/3\/2024\/11\/chuvas_de_verao_defesa_civil_auditorio-57-1.jpg?v=1679396608","datePublished":"2024-11-03T18:00:15+00:00","description":"\u00a0A previs\u00e3o \u00e9 do Instituto Nacional de Meteorologia (Inmet), vinculado ao Minist\u00e9rio da Agricultura e Pecu\u00e1ria.","inLanguage":"pt-BR","potentialAction":[{"@type":"ReadAction","target":["https:\/\/redenoticiaz.com.br\/litoralsp\/2024\/11\/03\/novembro-tera-chuvas-e-calor-em-excesso-em-algumas-regioes-do-pais"]}]},{"@type":"ImageObject","inLanguage":"pt-BR","@id":"https:\/\/redenoticiaz.com.br\/litoralsp\/2024\/11\/03\/novembro-tera-chuvas-e-calor-em-excesso-em-algumas-regioes-do-pais#primaryimage","url":"https:\/\/redenoticiaz.com.br\/litoralsp\/wp-content\/uploads\/sites\/3\/2024\/11\/chuvas_de_verao_defesa_civil_auditorio-57-1.jpg?v=1679396608","contentUrl":"https:\/\/redenoticiaz.com.br\/litoralsp\/wp-content\/uploads\/sites\/3\/2024\/11\/chuvas_de_verao_defesa_civil_auditorio-57-1.jpg?v=1679396608","width":1323,"height":770,"caption":"Cr\u00e9ditos: Divulga\u00e7\u00e3o\/Prefeitura de Jundia\u00ed"},{"@type":"WebSite","@id":"https:\/\/redenoticiaz.com.br\/litoralsp\/#website","url":"https:\/\/redenoticiaz.com.br\/litoralsp\/","name":"Litoral SP","description":"Rede NoticiaZ","publisher":{"@id":"https:\/\/redenoticiaz.com.br\/litoralsp\/#organization"},"potentialAction":[{"@type":"SearchAction","target":{"@type":"EntryPoint","urlTemplate":"https:\/\/redenoticiaz.com.br\/litoralsp\/?s={search_term_string}"},"query-input":{"@type":"PropertyValueSpecification","valueRequired":true,"valueName":"search_term_string"}}],"inLanguage":"pt-BR"},{"@type":"Organization","@id":"https:\/\/redenoticiaz.com.br\/litoralsp\/#organization","name":"Litoral SP","url":"https:\/\/redenoticiaz.com.br\/litoralsp\/","logo":{"@type":"ImageObject","inLanguage":"pt-BR","@id":"https:\/\/redenoticiaz.com.br\/litoralsp\/#\/schema\/logo\/image\/","url":"https:\/\/redenoticiaz.com.br\/litoralsp\/wp-content\/uploads\/sites\/3\/2020\/11\/logo.jpg","contentUrl":"https:\/\/redenoticiaz.com.br\/litoralsp\/wp-content\/uploads\/sites\/3\/2020\/11\/logo.jpg","width":400,"height":250,"caption":"Litoral SP"},"image":{"@id":"https:\/\/redenoticiaz.com.br\/litoralsp\/#\/schema\/logo\/image\/"}},{"@type":"Person","@id":"https:\/\/redenoticiaz.com.br\/litoralsp\/#\/schema\/person\/16057b37a3c0ee6b096d7f887c566e2e","name":"Gustavo Silva","image":{"@type":"ImageObject","inLanguage":"pt-BR","@id":"https:\/\/secure.gravatar.com\/avatar\/3ee4e82f93b26de0a7cf4ea5eb7893da637ed6bb0c9170c58065944c56e28a33?s=96&d=mm&r=g","url":"https:\/\/secure.gravatar.com\/avatar\/3ee4e82f93b26de0a7cf4ea5eb7893da637ed6bb0c9170c58065944c56e28a33?s=96&d=mm&r=g","contentUrl":"https:\/\/secure.gravatar.com\/avatar\/3ee4e82f93b26de0a7cf4ea5eb7893da637ed6bb0c9170c58065944c56e28a33?s=96&d=mm&r=g","caption":"Gustavo Silva"},"url":"https:\/\/redenoticiaz.com.br\/litoralsp\/author\/gustavosilva"}]}},"_links":{"self":[{"href":"https:\/\/redenoticiaz.com.br\/litoralsp\/wp-json\/wp\/v2\/posts\/119105","targetHints":{"allow":["GET"]}}],"collection":[{"href":"https:\/\/redenoticiaz.com.br\/litoralsp\/wp-json\/wp\/v2\/posts"}],"about":[{"href":"https:\/\/redenoticiaz.com.br\/litoralsp\/wp-json\/wp\/v2\/types\/post"}],"author":[{"embeddable":true,"href":"https:\/\/redenoticiaz.com.br\/litoralsp\/wp-json\/wp\/v2\/users\/12"}],"replies":[{"embeddable":true,"href":"https:\/\/redenoticiaz.com.br\/litoralsp\/wp-json\/wp\/v2\/comments?post=119105"}],"version-history":[{"count":1,"href":"https:\/\/redenoticiaz.com.br\/litoralsp\/wp-json\/wp\/v2\/posts\/119105\/revisions"}],"predecessor-version":[{"id":119117,"href":"https:\/\/redenoticiaz.com.br\/litoralsp\/wp-json\/wp\/v2\/posts\/119105\/revisions\/119117"}],"wp:featuredmedia":[{"embeddable":true,"href":"https:\/\/redenoticiaz.com.br\/litoralsp\/wp-json\/wp\/v2\/media\/119106"}],"wp:attachment":[{"href":"https:\/\/redenoticiaz.com.br\/litoralsp\/wp-json\/wp\/v2\/media?parent=119105"}],"wp:term":[{"taxonomy":"category","embeddable":true,"href":"https:\/\/redenoticiaz.com.br\/litoralsp\/wp-json\/wp\/v2\/categories?post=119105"},{"taxonomy":"post_tag","embeddable":true,"href":"https:\/\/redenoticiaz.com.br\/litoralsp\/wp-json\/wp\/v2\/tags?post=119105"}],"curies":[{"name":"wp","href":"https:\/\/api.w.org\/{rel}","templated":true}]}}