{"id":119125,"date":"2024-11-04T10:16:33","date_gmt":"2024-11-04T13:16:33","guid":{"rendered":"https:\/\/redenoticiaz.com.br\/litoralsp\/2024\/11\/04\/morre-agnaldo-rayol-destaque-da-musica-brasileira-aos-86-anos"},"modified":"2024-11-04T10:16:33","modified_gmt":"2024-11-04T13:16:33","slug":"morre-agnaldo-rayol-destaque-da-musica-brasileira-aos-86-anos","status":"publish","type":"post","link":"https:\/\/redenoticiaz.com.br\/litoralsp\/2024\/11\/04\/morre-agnaldo-rayol-destaque-da-musica-brasileira-aos-86-anos","title":{"rendered":"Morre Agnaldo Rayol, destaque da m\u00fasica brasileira, aos 86 anos"},"content":{"rendered":"<p>O cantor Agnaldo Rayol, um dos grandes nomes da m\u00fasica brasileira, faleceu nesta segunda-feira (4), aos 86 anos, em S\u00e3o Paulo. A informa\u00e7\u00e3o foi confirmada pela assessoria do cantor.<\/p>\n<p>Rayol sofreu uma queda em casa, bateu a cabe\u00e7a e foi internado no Hospital HSANP, na zona norte da capital paulista, mas n\u00e3o resistiu. Com uma carreira que come\u00e7ou aos 5 anos, quando participou de um programa na R\u00e1dio Nacional, o artista encantou gera\u00e7\u00f5es com sua voz marcante e inconfund\u00edvel.<\/p>\n<p><strong>LEIA MAIS\u00a0<\/strong><\/p>\n<p><a href=\"https:\/\/redenoticiaz.com.br\/blog\/2024\/11\/04\/video-policia-apreende-ambulancia-com-15-tonelada-de-maconha\" target=\"_blank\" rel=\"noopener\">V\u00cdDEO \u2014 Pol\u00edcia apreende ambul\u00e2ncia com 1,5 tonelada de maconha<\/a><\/p>\n<p><a href=\"https:\/\/redenoticiaz.com.br\/blog\/2024\/11\/04\/corpo-carbonizado-em-carro-em-itupeva-e-identificado-como-ex-policial-militar\" target=\"_blank\" rel=\"noopener\">Corpo carbonizado em carro em Itupeva \u00e9 identificado como ex-policial militar<\/a><\/p>\n","protected":false},"excerpt":{"rendered":"<p>O cantor Agnaldo Rayol, um dos grandes nomes da m\u00fasica brasileira, faleceu nesta segunda-feira (4), aos 86 anos, em S\u00e3o Paulo. A informa\u00e7\u00e3o foi confirmada pela assessoria do cantor. Rayol sofreu uma queda em casa, bateu a cabe\u00e7a e foi internado no Hospital HSANP, na zona norte da capital paulista, mas n\u00e3o resistiu. Com uma &hellip;<\/p>\n","protected":false},"author":30,"featured_media":119126,"comment_status":"open","ping_status":"closed","sticky":false,"template":"","format":"standard","meta":{"footnotes":""},"categories":[60954],"tags":[68869,37996,64142],"class_list":["post-119125","post","type-post","status-publish","format-standard","has-post-thumbnail","hentry","category-celebridades","tag-agnaldo-rayol","tag-morre","tag-musica-brasileira"],"yoast_head":"<!-- This site is optimized with the Yoast SEO plugin v27.4 - https:\/\/yoast.com\/product\/yoast-seo-wordpress\/ -->\n<title>Morre Agnaldo Rayol, destaque da m\u00fasica brasileira, aos 86 anos - Litoral SP<\/title>\n<meta name=\"description\" content=\"O cantor Agnaldo Rayol, um dos grandes nomes da m\u00fasica brasileira, faleceu nesta segunda-feira (4), aos 86 anos, em S\u00e3o Paulo.\" \/>\n<meta name=\"robots\" content=\"index, follow, max-snippet:-1, max-image-preview:large, max-video-preview:-1\" \/>\n<link rel=\"canonical\" href=\"https:\/\/redenoticiaz.com.br\/litoralsp\/2024\/11\/04\/morre-agnaldo-rayol-destaque-da-musica-brasileira-aos-86-anos\" \/>\n<meta property=\"og:locale\" content=\"pt_BR\" \/>\n<meta property=\"og:type\" content=\"article\" \/>\n<meta property=\"og:title\" content=\"Morre Agnaldo Rayol, destaque da m\u00fasica brasileira, aos 86 anos - Litoral SP\" \/>\n<meta property=\"og:description\" content=\"O cantor Agnaldo Rayol, um dos grandes nomes da m\u00fasica brasileira, faleceu nesta segunda-feira (4), aos 86 anos, em S\u00e3o Paulo.\" \/>\n<meta property=\"og:url\" content=\"https:\/\/redenoticiaz.com.br\/litoralsp\/2024\/11\/04\/morre-agnaldo-rayol-destaque-da-musica-brasileira-aos-86-anos\" \/>\n<meta property=\"og:site_name\" content=\"Litoral SP\" \/>\n<meta property=\"article:published_time\" content=\"2024-11-04T13:16:33+00:00\" \/>\n<meta property=\"og:image\" content=\"https:\/\/redenoticiaz.com.br\/litoralsp\/wp-content\/uploads\/sites\/3\/2024\/11\/AGNALDO-RAYOL.jpg?v=1730726163\" \/>\n\t<meta property=\"og:image:width\" content=\"1200\" \/>\n\t<meta property=\"og:image:height\" content=\"628\" \/>\n\t<meta property=\"og:image:type\" content=\"image\/jpeg\" \/>\n<meta name=\"author\" content=\"Carina Reifonas\" \/>\n<meta name=\"twitter:card\" content=\"summary_large_image\" \/>\n<meta name=\"twitter:label1\" content=\"Escrito por\" \/>\n\t<meta name=\"twitter:data1\" content=\"Carina Reifonas\" \/>\n\t<meta name=\"twitter:label2\" content=\"Est. tempo de leitura\" \/>\n\t<meta name=\"twitter:data2\" content=\"1 minuto\" \/>\n<script type=\"application\/ld+json\" class=\"yoast-schema-graph\">{\"@context\":\"https:\\\/\\\/schema.org\",\"@graph\":[{\"@type\":\"Article\",\"@id\":\"https:\\\/\\\/redenoticiaz.com.br\\\/litoralsp\\\/2024\\\/11\\\/04\\\/morre-agnaldo-rayol-destaque-da-musica-brasileira-aos-86-anos#article\",\"isPartOf\":{\"@id\":\"https:\\\/\\\/redenoticiaz.com.br\\\/litoralsp\\\/2024\\\/11\\\/04\\\/morre-agnaldo-rayol-destaque-da-musica-brasileira-aos-86-anos\"},\"author\":{\"name\":\"Carina Reifonas\",\"@id\":\"https:\\\/\\\/redenoticiaz.com.br\\\/litoralsp\\\/#\\\/schema\\\/person\\\/1f84d6e94e6a62d2d81199d7503e9e90\"},\"headline\":\"Morre Agnaldo Rayol, destaque da m\u00fasica brasileira, aos 86 anos\",\"datePublished\":\"2024-11-04T13:16:33+00:00\",\"mainEntityOfPage\":{\"@id\":\"https:\\\/\\\/redenoticiaz.com.br\\\/litoralsp\\\/2024\\\/11\\\/04\\\/morre-agnaldo-rayol-destaque-da-musica-brasileira-aos-86-anos\"},\"wordCount\":118,\"commentCount\":0,\"publisher\":{\"@id\":\"https:\\\/\\\/redenoticiaz.com.br\\\/litoralsp\\\/#organization\"},\"image\":{\"@id\":\"https:\\\/\\\/redenoticiaz.com.br\\\/litoralsp\\\/2024\\\/11\\\/04\\\/morre-agnaldo-rayol-destaque-da-musica-brasileira-aos-86-anos#primaryimage\"},\"thumbnailUrl\":\"https:\\\/\\\/redenoticiaz.com.br\\\/litoralsp\\\/wp-content\\\/uploads\\\/sites\\\/3\\\/2024\\\/11\\\/AGNALDO-RAYOL.jpg?v=1730726163\",\"keywords\":[\"Agnaldo Rayol\",\"MORRE\",\"m\u00fasica brasileira\"],\"articleSection\":[\"Celebridades\"],\"inLanguage\":\"pt-BR\",\"potentialAction\":[{\"@type\":\"CommentAction\",\"name\":\"Comment\",\"target\":[\"https:\\\/\\\/redenoticiaz.com.br\\\/litoralsp\\\/2024\\\/11\\\/04\\\/morre-agnaldo-rayol-destaque-da-musica-brasileira-aos-86-anos#respond\"]}]},{\"@type\":\"WebPage\",\"@id\":\"https:\\\/\\\/redenoticiaz.com.br\\\/litoralsp\\\/2024\\\/11\\\/04\\\/morre-agnaldo-rayol-destaque-da-musica-brasileira-aos-86-anos\",\"url\":\"https:\\\/\\\/redenoticiaz.com.br\\\/litoralsp\\\/2024\\\/11\\\/04\\\/morre-agnaldo-rayol-destaque-da-musica-brasileira-aos-86-anos\",\"name\":\"Morre Agnaldo Rayol, destaque da m\u00fasica brasileira, aos 86 anos - Litoral SP\",\"isPartOf\":{\"@id\":\"https:\\\/\\\/redenoticiaz.com.br\\\/litoralsp\\\/#website\"},\"primaryImageOfPage\":{\"@id\":\"https:\\\/\\\/redenoticiaz.com.br\\\/litoralsp\\\/2024\\\/11\\\/04\\\/morre-agnaldo-rayol-destaque-da-musica-brasileira-aos-86-anos#primaryimage\"},\"image\":{\"@id\":\"https:\\\/\\\/redenoticiaz.com.br\\\/litoralsp\\\/2024\\\/11\\\/04\\\/morre-agnaldo-rayol-destaque-da-musica-brasileira-aos-86-anos#primaryimage\"},\"thumbnailUrl\":\"https:\\\/\\\/redenoticiaz.com.br\\\/litoralsp\\\/wp-content\\\/uploads\\\/sites\\\/3\\\/2024\\\/11\\\/AGNALDO-RAYOL.jpg?v=1730726163\",\"datePublished\":\"2024-11-04T13:16:33+00:00\",\"description\":\"O cantor Agnaldo Rayol, um dos grandes nomes da m\u00fasica brasileira, faleceu nesta segunda-feira (4), aos 86 anos, em S\u00e3o Paulo.\",\"inLanguage\":\"pt-BR\",\"potentialAction\":[{\"@type\":\"ReadAction\",\"target\":[\"https:\\\/\\\/redenoticiaz.com.br\\\/litoralsp\\\/2024\\\/11\\\/04\\\/morre-agnaldo-rayol-destaque-da-musica-brasileira-aos-86-anos\"]}]},{\"@type\":\"ImageObject\",\"inLanguage\":\"pt-BR\",\"@id\":\"https:\\\/\\\/redenoticiaz.com.br\\\/litoralsp\\\/2024\\\/11\\\/04\\\/morre-agnaldo-rayol-destaque-da-musica-brasileira-aos-86-anos#primaryimage\",\"url\":\"https:\\\/\\\/redenoticiaz.com.br\\\/litoralsp\\\/wp-content\\\/uploads\\\/sites\\\/3\\\/2024\\\/11\\\/AGNALDO-RAYOL.jpg?v=1730726163\",\"contentUrl\":\"https:\\\/\\\/redenoticiaz.com.br\\\/litoralsp\\\/wp-content\\\/uploads\\\/sites\\\/3\\\/2024\\\/11\\\/AGNALDO-RAYOL.jpg?v=1730726163\",\"width\":1200,\"height\":628},{\"@type\":\"WebSite\",\"@id\":\"https:\\\/\\\/redenoticiaz.com.br\\\/litoralsp\\\/#website\",\"url\":\"https:\\\/\\\/redenoticiaz.com.br\\\/litoralsp\\\/\",\"name\":\"Litoral SP\",\"description\":\"Rede NoticiaZ\",\"publisher\":{\"@id\":\"https:\\\/\\\/redenoticiaz.com.br\\\/litoralsp\\\/#organization\"},\"potentialAction\":[{\"@type\":\"SearchAction\",\"target\":{\"@type\":\"EntryPoint\",\"urlTemplate\":\"https:\\\/\\\/redenoticiaz.com.br\\\/litoralsp\\\/?s={search_term_string}\"},\"query-input\":{\"@type\":\"PropertyValueSpecification\",\"valueRequired\":true,\"valueName\":\"search_term_string\"}}],\"inLanguage\":\"pt-BR\"},{\"@type\":\"Organization\",\"@id\":\"https:\\\/\\\/redenoticiaz.com.br\\\/litoralsp\\\/#organization\",\"name\":\"Litoral SP\",\"url\":\"https:\\\/\\\/redenoticiaz.com.br\\\/litoralsp\\\/\",\"logo\":{\"@type\":\"ImageObject\",\"inLanguage\":\"pt-BR\",\"@id\":\"https:\\\/\\\/redenoticiaz.com.br\\\/litoralsp\\\/#\\\/schema\\\/logo\\\/image\\\/\",\"url\":\"https:\\\/\\\/redenoticiaz.com.br\\\/litoralsp\\\/wp-content\\\/uploads\\\/sites\\\/3\\\/2020\\\/11\\\/logo.jpg\",\"contentUrl\":\"https:\\\/\\\/redenoticiaz.com.br\\\/litoralsp\\\/wp-content\\\/uploads\\\/sites\\\/3\\\/2020\\\/11\\\/logo.jpg\",\"width\":400,\"height\":250,\"caption\":\"Litoral SP\"},\"image\":{\"@id\":\"https:\\\/\\\/redenoticiaz.com.br\\\/litoralsp\\\/#\\\/schema\\\/logo\\\/image\\\/\"}},{\"@type\":\"Person\",\"@id\":\"https:\\\/\\\/redenoticiaz.com.br\\\/litoralsp\\\/#\\\/schema\\\/person\\\/1f84d6e94e6a62d2d81199d7503e9e90\",\"name\":\"Carina Reifonas\",\"image\":{\"@type\":\"ImageObject\",\"inLanguage\":\"pt-BR\",\"@id\":\"https:\\\/\\\/secure.gravatar.com\\\/avatar\\\/04c59859b23696cf867715880f81d5c037e60109730bdb4e6670ec2a2245bc97?s=96&d=mm&r=g\",\"url\":\"https:\\\/\\\/secure.gravatar.com\\\/avatar\\\/04c59859b23696cf867715880f81d5c037e60109730bdb4e6670ec2a2245bc97?s=96&d=mm&r=g\",\"contentUrl\":\"https:\\\/\\\/secure.gravatar.com\\\/avatar\\\/04c59859b23696cf867715880f81d5c037e60109730bdb4e6670ec2a2245bc97?s=96&d=mm&r=g\",\"caption\":\"Carina Reifonas\"},\"url\":\"https:\\\/\\\/redenoticiaz.com.br\\\/litoralsp\\\/author\\\/carinareifonas\"}]}<\/script>\n<!-- \/ Yoast SEO plugin. -->","yoast_head_json":{"title":"Morre Agnaldo Rayol, destaque da m\u00fasica brasileira, aos 86 anos - Litoral SP","description":"O cantor Agnaldo Rayol, um dos grandes nomes da m\u00fasica brasileira, faleceu nesta segunda-feira (4), aos 86 anos, em S\u00e3o Paulo.","robots":{"index":"index","follow":"follow","max-snippet":"max-snippet:-1","max-image-preview":"max-image-preview:large","max-video-preview":"max-video-preview:-1"},"canonical":"https:\/\/redenoticiaz.com.br\/litoralsp\/2024\/11\/04\/morre-agnaldo-rayol-destaque-da-musica-brasileira-aos-86-anos","og_locale":"pt_BR","og_type":"article","og_title":"Morre Agnaldo Rayol, destaque da m\u00fasica brasileira, aos 86 anos - Litoral SP","og_description":"O cantor Agnaldo Rayol, um dos grandes nomes da m\u00fasica brasileira, faleceu nesta segunda-feira (4), aos 86 anos, em S\u00e3o Paulo.","og_url":"https:\/\/redenoticiaz.com.br\/litoralsp\/2024\/11\/04\/morre-agnaldo-rayol-destaque-da-musica-brasileira-aos-86-anos","og_site_name":"Litoral SP","article_published_time":"2024-11-04T13:16:33+00:00","og_image":[{"width":1200,"height":628,"url":"https:\/\/redenoticiaz.com.br\/litoralsp\/wp-content\/uploads\/sites\/3\/2024\/11\/AGNALDO-RAYOL.jpg?v=1730726163","type":"image\/jpeg"}],"author":"Carina Reifonas","twitter_card":"summary_large_image","twitter_misc":{"Escrito por":"Carina Reifonas","Est. tempo de leitura":"1 minuto"},"schema":{"@context":"https:\/\/schema.org","@graph":[{"@type":"Article","@id":"https:\/\/redenoticiaz.com.br\/litoralsp\/2024\/11\/04\/morre-agnaldo-rayol-destaque-da-musica-brasileira-aos-86-anos#article","isPartOf":{"@id":"https:\/\/redenoticiaz.com.br\/litoralsp\/2024\/11\/04\/morre-agnaldo-rayol-destaque-da-musica-brasileira-aos-86-anos"},"author":{"name":"Carina Reifonas","@id":"https:\/\/redenoticiaz.com.br\/litoralsp\/#\/schema\/person\/1f84d6e94e6a62d2d81199d7503e9e90"},"headline":"Morre Agnaldo Rayol, destaque da m\u00fasica brasileira, aos 86 anos","datePublished":"2024-11-04T13:16:33+00:00","mainEntityOfPage":{"@id":"https:\/\/redenoticiaz.com.br\/litoralsp\/2024\/11\/04\/morre-agnaldo-rayol-destaque-da-musica-brasileira-aos-86-anos"},"wordCount":118,"commentCount":0,"publisher":{"@id":"https:\/\/redenoticiaz.com.br\/litoralsp\/#organization"},"image":{"@id":"https:\/\/redenoticiaz.com.br\/litoralsp\/2024\/11\/04\/morre-agnaldo-rayol-destaque-da-musica-brasileira-aos-86-anos#primaryimage"},"thumbnailUrl":"https:\/\/redenoticiaz.com.br\/litoralsp\/wp-content\/uploads\/sites\/3\/2024\/11\/AGNALDO-RAYOL.jpg?v=1730726163","keywords":["Agnaldo Rayol","MORRE","m\u00fasica brasileira"],"articleSection":["Celebridades"],"inLanguage":"pt-BR","potentialAction":[{"@type":"CommentAction","name":"Comment","target":["https:\/\/redenoticiaz.com.br\/litoralsp\/2024\/11\/04\/morre-agnaldo-rayol-destaque-da-musica-brasileira-aos-86-anos#respond"]}]},{"@type":"WebPage","@id":"https:\/\/redenoticiaz.com.br\/litoralsp\/2024\/11\/04\/morre-agnaldo-rayol-destaque-da-musica-brasileira-aos-86-anos","url":"https:\/\/redenoticiaz.com.br\/litoralsp\/2024\/11\/04\/morre-agnaldo-rayol-destaque-da-musica-brasileira-aos-86-anos","name":"Morre Agnaldo Rayol, destaque da m\u00fasica brasileira, aos 86 anos - Litoral SP","isPartOf":{"@id":"https:\/\/redenoticiaz.com.br\/litoralsp\/#website"},"primaryImageOfPage":{"@id":"https:\/\/redenoticiaz.com.br\/litoralsp\/2024\/11\/04\/morre-agnaldo-rayol-destaque-da-musica-brasileira-aos-86-anos#primaryimage"},"image":{"@id":"https:\/\/redenoticiaz.com.br\/litoralsp\/2024\/11\/04\/morre-agnaldo-rayol-destaque-da-musica-brasileira-aos-86-anos#primaryimage"},"thumbnailUrl":"https:\/\/redenoticiaz.com.br\/litoralsp\/wp-content\/uploads\/sites\/3\/2024\/11\/AGNALDO-RAYOL.jpg?v=1730726163","datePublished":"2024-11-04T13:16:33+00:00","description":"O cantor Agnaldo Rayol, um dos grandes nomes da m\u00fasica brasileira, faleceu nesta segunda-feira (4), aos 86 anos, em S\u00e3o Paulo.","inLanguage":"pt-BR","potentialAction":[{"@type":"ReadAction","target":["https:\/\/redenoticiaz.com.br\/litoralsp\/2024\/11\/04\/morre-agnaldo-rayol-destaque-da-musica-brasileira-aos-86-anos"]}]},{"@type":"ImageObject","inLanguage":"pt-BR","@id":"https:\/\/redenoticiaz.com.br\/litoralsp\/2024\/11\/04\/morre-agnaldo-rayol-destaque-da-musica-brasileira-aos-86-anos#primaryimage","url":"https:\/\/redenoticiaz.com.br\/litoralsp\/wp-content\/uploads\/sites\/3\/2024\/11\/AGNALDO-RAYOL.jpg?v=1730726163","contentUrl":"https:\/\/redenoticiaz.com.br\/litoralsp\/wp-content\/uploads\/sites\/3\/2024\/11\/AGNALDO-RAYOL.jpg?v=1730726163","width":1200,"height":628},{"@type":"WebSite","@id":"https:\/\/redenoticiaz.com.br\/litoralsp\/#website","url":"https:\/\/redenoticiaz.com.br\/litoralsp\/","name":"Litoral SP","description":"Rede NoticiaZ","publisher":{"@id":"https:\/\/redenoticiaz.com.br\/litoralsp\/#organization"},"potentialAction":[{"@type":"SearchAction","target":{"@type":"EntryPoint","urlTemplate":"https:\/\/redenoticiaz.com.br\/litoralsp\/?s={search_term_string}"},"query-input":{"@type":"PropertyValueSpecification","valueRequired":true,"valueName":"search_term_string"}}],"inLanguage":"pt-BR"},{"@type":"Organization","@id":"https:\/\/redenoticiaz.com.br\/litoralsp\/#organization","name":"Litoral SP","url":"https:\/\/redenoticiaz.com.br\/litoralsp\/","logo":{"@type":"ImageObject","inLanguage":"pt-BR","@id":"https:\/\/redenoticiaz.com.br\/litoralsp\/#\/schema\/logo\/image\/","url":"https:\/\/redenoticiaz.com.br\/litoralsp\/wp-content\/uploads\/sites\/3\/2020\/11\/logo.jpg","contentUrl":"https:\/\/redenoticiaz.com.br\/litoralsp\/wp-content\/uploads\/sites\/3\/2020\/11\/logo.jpg","width":400,"height":250,"caption":"Litoral SP"},"image":{"@id":"https:\/\/redenoticiaz.com.br\/litoralsp\/#\/schema\/logo\/image\/"}},{"@type":"Person","@id":"https:\/\/redenoticiaz.com.br\/litoralsp\/#\/schema\/person\/1f84d6e94e6a62d2d81199d7503e9e90","name":"Carina Reifonas","image":{"@type":"ImageObject","inLanguage":"pt-BR","@id":"https:\/\/secure.gravatar.com\/avatar\/04c59859b23696cf867715880f81d5c037e60109730bdb4e6670ec2a2245bc97?s=96&d=mm&r=g","url":"https:\/\/secure.gravatar.com\/avatar\/04c59859b23696cf867715880f81d5c037e60109730bdb4e6670ec2a2245bc97?s=96&d=mm&r=g","contentUrl":"https:\/\/secure.gravatar.com\/avatar\/04c59859b23696cf867715880f81d5c037e60109730bdb4e6670ec2a2245bc97?s=96&d=mm&r=g","caption":"Carina Reifonas"},"url":"https:\/\/redenoticiaz.com.br\/litoralsp\/author\/carinareifonas"}]}},"_links":{"self":[{"href":"https:\/\/redenoticiaz.com.br\/litoralsp\/wp-json\/wp\/v2\/posts\/119125","targetHints":{"allow":["GET"]}}],"collection":[{"href":"https:\/\/redenoticiaz.com.br\/litoralsp\/wp-json\/wp\/v2\/posts"}],"about":[{"href":"https:\/\/redenoticiaz.com.br\/litoralsp\/wp-json\/wp\/v2\/types\/post"}],"author":[{"embeddable":true,"href":"https:\/\/redenoticiaz.com.br\/litoralsp\/wp-json\/wp\/v2\/users\/30"}],"replies":[{"embeddable":true,"href":"https:\/\/redenoticiaz.com.br\/litoralsp\/wp-json\/wp\/v2\/comments?post=119125"}],"version-history":[{"count":0,"href":"https:\/\/redenoticiaz.com.br\/litoralsp\/wp-json\/wp\/v2\/posts\/119125\/revisions"}],"wp:featuredmedia":[{"embeddable":true,"href":"https:\/\/redenoticiaz.com.br\/litoralsp\/wp-json\/wp\/v2\/media\/119126"}],"wp:attachment":[{"href":"https:\/\/redenoticiaz.com.br\/litoralsp\/wp-json\/wp\/v2\/media?parent=119125"}],"wp:term":[{"taxonomy":"category","embeddable":true,"href":"https:\/\/redenoticiaz.com.br\/litoralsp\/wp-json\/wp\/v2\/categories?post=119125"},{"taxonomy":"post_tag","embeddable":true,"href":"https:\/\/redenoticiaz.com.br\/litoralsp\/wp-json\/wp\/v2\/tags?post=119125"}],"curies":[{"name":"wp","href":"https:\/\/api.w.org\/{rel}","templated":true}]}}