{"id":119130,"date":"2024-11-04T11:43:16","date_gmt":"2024-11-04T14:43:16","guid":{"rendered":"https:\/\/redenoticiaz.com.br\/litoralsp\/2024\/11\/04\/inicio-imediato-concurso-da-emus-de-mongagua-sp-ultimos-dias-de-inscricao-para-1-536-vagas"},"modified":"2024-11-04T11:44:41","modified_gmt":"2024-11-04T14:44:41","slug":"inicio-imediato-concurso-da-emus-de-mongagua-sp-ultimos-dias-de-inscricao-para-1-536-vagas","status":"publish","type":"post","link":"https:\/\/redenoticiaz.com.br\/litoralsp\/2024\/11\/04\/inicio-imediato-concurso-da-emus-de-mongagua-sp-ultimos-dias-de-inscricao-para-1-536-vagas","title":{"rendered":"INICIO IMEDIATO! Concurso da EMUS de Mongagu\u00e1 SP: \u00faltimos dias de inscri\u00e7\u00e3o para 1.536 vagas"},"content":{"rendered":"<p>Entra na reta final a inscri\u00e7\u00e3o para o\u00a0<strong>concurso da EMUS de Mongagu\u00e1<\/strong>\u00a0(Empresa Municipal de Sa\u00fade), localizada na Regi\u00e3o Metropolitana da Baixada Santista, a cerca de 90 km de dist\u00e2ncia da capital paulista.<\/p>\n<p><a href=\"https:\/\/chat.whatsapp.com\/IZvl6ywXD9K5Zh7loxWKGE\" target=\"_blank\" rel=\"noopener\">\ud83d\udcf2 Junte-se ao canal de empregos do Rede Noticias no WhatsApp<\/a><\/p>\n<p>O prazo se encerrar\u00e1 na segunda-feira, dia 4 de novembro. Ao todo, o certame re\u00fane 1.536 vagas, sendo 256 para contrata\u00e7\u00e3o imediata e 1.280 para forma\u00e7\u00e3o de cadastro reserva (CR).<\/p>\n<p>Oportunidades s\u00e3o para diversos cargos, de todos os n\u00edveis escolares, com sal\u00e1rios que partem de R$ 1.429,39 e chegam a R$ 7.146,95.<\/p>\n<p>O formul\u00e1rio de inscri\u00e7\u00e3o est\u00e1 dispon\u00edvel no site do Instituto de Desenvolvimento Educacional, Cultural e Assistencial Nacional \u2013 Idecan (<a href=\"https:\/\/idecan.selecao.net.br\/informacoes\/71\/\" target=\"_blank\" rel=\"noopener\">www.idecan.org.br<\/a>), organizador do processo de sele\u00e7\u00e3o. As taxas custam:<\/p>\n<ul>\n<li>R$ 80 para ensino fundamental;<\/li>\n<li>R$ 110 para n\u00edveis m\u00e9dio e t\u00e9cnico; e<\/li>\n<li>R$ 150 para forma\u00e7\u00e3o superior.<\/li>\n<\/ul>\n<p>Todos os questionamentos relacionados ao concurso p\u00fablico dever\u00e3o ser direcionados aos canais de atendimento do Idecan, dispon\u00edveis por chat on-line atrav\u00e9s do endere\u00e7o eletr\u00f4nico www.idecan.org.br, por e-mail concursomongagua@idecan.org.br ou por telefones (61) 3201-6225 e 0800 8782696, de segunda a sexta-feira (dias \u00fateis), das 8h \u00e0s 12h e das 13h \u00e0s 17h.<\/p>\n<p>Vale ressaltar que o concurso p\u00fablico da Empresa Municipal de Sa\u00fade teve a sua primeira retifica\u00e7\u00e3o publicada. Entre as principais altera\u00e7\u00f5es, est\u00e3o a exclus\u00e3o do cargo de procurador aut\u00e1rquico e a altera\u00e7\u00e3o da data da prova objetiva \u2013 inicialmente marcada para 1\u00ba de dezembro, agora ser\u00e1 aplicada em 8 de dezembro.<\/p>\n<p>&#8211; &#8211; &#8211;<\/p>\n<div dir=\"ltr\"><a href=\"https:\/\/chat.whatsapp.com\/IZvl6ywXD9K5Zh7loxWKGE\">\ud83d\udcf2 Junte-se ao canal de empregos do Rede Noticias WhatsApp<\/a><\/div>\n<div id=\"yiv5066794852AppleMailSignature\" dir=\"ltr\"><\/div>\n<div id=\"yiv5066794852AppleMailSignature\" dir=\"ltr\">Siga nossas redes sociais no Instagram e Facebook para ficar por dentro de todas as novidades e atualiza\u00e7\u00f5es!<\/div>\n<div id=\"yiv5066794852AppleMailSignature\" dir=\"ltr\"><\/div>\n<div id=\"yiv5066794852AppleMailSignature\" dir=\"ltr\"><a href=\"https:\/\/www.facebook.com\/p\/Rede-Noticiaz-100063557592062\/?_rdr\">Facebook &#8211; Rede Noticiaz<\/a><\/div>\n<div id=\"yiv5066794852AppleMailSignature\" dir=\"ltr\"><a href=\"https:\/\/www.instagram.com\/redenoticiaz\/\">Instagram &#8211; Rede Noticiaz<\/a><\/div>\n<div id=\"yiv5066794852AppleMailSignature\" dir=\"ltr\"><\/div>\n<p><strong>Leia mais<\/strong><\/p>\n<p><a href=\"https:\/\/redenoticiaz.com.br\/blog\/2024\/07\/17\/processo-seletivo-globo-esta-com-inscricoes-abertas\">Processo seletivo Globo est\u00e1 com inscri\u00e7\u00f5es abertas<\/a><\/p>\n<p><a href=\"https:\/\/redenoticiaz.com.br\/blog\/2024\/07\/17\/shopee-331-novas-vagas-de-emprego\">Shopee \u2013 331 novas vagas de emprego<\/a><\/p>\n<p><a href=\"https:\/\/redenoticiaz.com.br\/blog\/2024\/07\/17\/talenti-tem-mais-de-350-vagas-abertas-na-area-de-tecnologia\">TalenTI tem mais de 350 vagas abertas na \u00e1rea de tecnologia<\/a><\/p>\n","protected":false},"excerpt":{"rendered":"<p>Entra na reta final a inscri\u00e7\u00e3o para o\u00a0concurso da EMUS de Mongagu\u00e1\u00a0(Empresa Municipal de Sa\u00fade), localizada na Regi\u00e3o Metropolitana da Baixada Santista, a cerca de 90 km de dist\u00e2ncia da capital paulista. \ud83d\udcf2 Junte-se ao canal de empregos do Rede Noticias no WhatsApp O prazo se encerrar\u00e1 na segunda-feira, dia 4 de novembro. Ao todo, &hellip;<\/p>\n","protected":false},"author":12,"featured_media":119131,"comment_status":"open","ping_status":"closed","sticky":false,"template":"","format":"standard","meta":{"footnotes":""},"categories":[67963,183],"tags":[1051,31446,22019],"class_list":["post-119130","post","type-post","status-publish","format-standard","has-post-thumbnail","hentry","category-emprego","category-mongagua","tag-mongagua","tag-trabalho","tag-vagas"],"yoast_head":"<!-- This site is optimized with the Yoast SEO plugin v27.4 - https:\/\/yoast.com\/product\/yoast-seo-wordpress\/ -->\n<title>INICIO IMEDIATO! Concurso da EMUS de Mongagu\u00e1 SP: \u00faltimos dias de inscri\u00e7\u00e3o para 1.536 vagas - Litoral SP<\/title>\n<meta name=\"description\" content=\"Entra na reta final a inscri\u00e7\u00e3o para o\u00a0concurso da EMUS de Mongagu\u00e1\u00a0(Empresa Municipal de Sa\u00fade), localizada na Regi\u00e3o Metropolitana da Baixada Santista, a cerca de 90 km de dist\u00e2ncia da capital paulista.\" \/>\n<meta name=\"robots\" content=\"index, follow, max-snippet:-1, max-image-preview:large, max-video-preview:-1\" \/>\n<link rel=\"canonical\" href=\"https:\/\/redenoticiaz.com.br\/litoralsp\/2024\/11\/04\/inicio-imediato-concurso-da-emus-de-mongagua-sp-ultimos-dias-de-inscricao-para-1-536-vagas\" \/>\n<meta property=\"og:locale\" content=\"pt_BR\" \/>\n<meta property=\"og:type\" content=\"article\" \/>\n<meta property=\"og:title\" content=\"INICIO IMEDIATO! Concurso da EMUS de Mongagu\u00e1 SP: \u00faltimos dias de inscri\u00e7\u00e3o para 1.536 vagas - Litoral SP\" \/>\n<meta property=\"og:description\" content=\"Entra na reta final a inscri\u00e7\u00e3o para o\u00a0concurso da EMUS de Mongagu\u00e1\u00a0(Empresa Municipal de Sa\u00fade), localizada na Regi\u00e3o Metropolitana da Baixada Santista, a cerca de 90 km de dist\u00e2ncia da capital paulista.\" \/>\n<meta property=\"og:url\" content=\"https:\/\/redenoticiaz.com.br\/litoralsp\/2024\/11\/04\/inicio-imediato-concurso-da-emus-de-mongagua-sp-ultimos-dias-de-inscricao-para-1-536-vagas\" \/>\n<meta property=\"og:site_name\" content=\"Litoral SP\" \/>\n<meta property=\"article:published_time\" content=\"2024-11-04T14:43:16+00:00\" \/>\n<meta property=\"article:modified_time\" content=\"2024-11-04T14:44:41+00:00\" \/>\n<meta property=\"og:image\" content=\"https:\/\/redenoticiaz.com.br\/litoralsp\/wp-content\/uploads\/sites\/3\/2024\/11\/408956_widelg.jpg?v=1730731360\" \/>\n\t<meta property=\"og:image:width\" content=\"688\" \/>\n\t<meta property=\"og:image:height\" content=\"450\" \/>\n\t<meta property=\"og:image:type\" content=\"image\/jpeg\" \/>\n<meta name=\"author\" content=\"Gustavo Silva\" \/>\n<meta name=\"twitter:card\" content=\"summary_large_image\" \/>\n<meta name=\"twitter:label1\" content=\"Escrito por\" \/>\n\t<meta name=\"twitter:data1\" content=\"Gustavo Silva\" \/>\n\t<meta name=\"twitter:label2\" content=\"Est. tempo de leitura\" \/>\n\t<meta name=\"twitter:data2\" content=\"2 minutos\" \/>\n<script type=\"application\/ld+json\" class=\"yoast-schema-graph\">{\"@context\":\"https:\\\/\\\/schema.org\",\"@graph\":[{\"@type\":\"Article\",\"@id\":\"https:\\\/\\\/redenoticiaz.com.br\\\/litoralsp\\\/2024\\\/11\\\/04\\\/inicio-imediato-concurso-da-emus-de-mongagua-sp-ultimos-dias-de-inscricao-para-1-536-vagas#article\",\"isPartOf\":{\"@id\":\"https:\\\/\\\/redenoticiaz.com.br\\\/litoralsp\\\/2024\\\/11\\\/04\\\/inicio-imediato-concurso-da-emus-de-mongagua-sp-ultimos-dias-de-inscricao-para-1-536-vagas\"},\"author\":{\"name\":\"Gustavo Silva\",\"@id\":\"https:\\\/\\\/redenoticiaz.com.br\\\/litoralsp\\\/#\\\/schema\\\/person\\\/16057b37a3c0ee6b096d7f887c566e2e\"},\"headline\":\"INICIO IMEDIATO! Concurso da EMUS de Mongagu\u00e1 SP: \u00faltimos dias de inscri\u00e7\u00e3o para 1.536 vagas\",\"datePublished\":\"2024-11-04T14:43:16+00:00\",\"dateModified\":\"2024-11-04T14:44:41+00:00\",\"mainEntityOfPage\":{\"@id\":\"https:\\\/\\\/redenoticiaz.com.br\\\/litoralsp\\\/2024\\\/11\\\/04\\\/inicio-imediato-concurso-da-emus-de-mongagua-sp-ultimos-dias-de-inscricao-para-1-536-vagas\"},\"wordCount\":347,\"commentCount\":0,\"publisher\":{\"@id\":\"https:\\\/\\\/redenoticiaz.com.br\\\/litoralsp\\\/#organization\"},\"image\":{\"@id\":\"https:\\\/\\\/redenoticiaz.com.br\\\/litoralsp\\\/2024\\\/11\\\/04\\\/inicio-imediato-concurso-da-emus-de-mongagua-sp-ultimos-dias-de-inscricao-para-1-536-vagas#primaryimage\"},\"thumbnailUrl\":\"https:\\\/\\\/redenoticiaz.com.br\\\/litoralsp\\\/wp-content\\\/uploads\\\/sites\\\/3\\\/2024\\\/11\\\/408956_widelg.jpg?v=1730731360\",\"keywords\":[\"MONGAGU\u00c1\",\"trabalho\",\"VAGAS\"],\"articleSection\":[\"Emprego\",\"Mongagu\u00e1\"],\"inLanguage\":\"pt-BR\",\"potentialAction\":[{\"@type\":\"CommentAction\",\"name\":\"Comment\",\"target\":[\"https:\\\/\\\/redenoticiaz.com.br\\\/litoralsp\\\/2024\\\/11\\\/04\\\/inicio-imediato-concurso-da-emus-de-mongagua-sp-ultimos-dias-de-inscricao-para-1-536-vagas#respond\"]}]},{\"@type\":\"WebPage\",\"@id\":\"https:\\\/\\\/redenoticiaz.com.br\\\/litoralsp\\\/2024\\\/11\\\/04\\\/inicio-imediato-concurso-da-emus-de-mongagua-sp-ultimos-dias-de-inscricao-para-1-536-vagas\",\"url\":\"https:\\\/\\\/redenoticiaz.com.br\\\/litoralsp\\\/2024\\\/11\\\/04\\\/inicio-imediato-concurso-da-emus-de-mongagua-sp-ultimos-dias-de-inscricao-para-1-536-vagas\",\"name\":\"INICIO IMEDIATO! Concurso da EMUS de Mongagu\u00e1 SP: \u00faltimos dias de inscri\u00e7\u00e3o para 1.536 vagas - Litoral SP\",\"isPartOf\":{\"@id\":\"https:\\\/\\\/redenoticiaz.com.br\\\/litoralsp\\\/#website\"},\"primaryImageOfPage\":{\"@id\":\"https:\\\/\\\/redenoticiaz.com.br\\\/litoralsp\\\/2024\\\/11\\\/04\\\/inicio-imediato-concurso-da-emus-de-mongagua-sp-ultimos-dias-de-inscricao-para-1-536-vagas#primaryimage\"},\"image\":{\"@id\":\"https:\\\/\\\/redenoticiaz.com.br\\\/litoralsp\\\/2024\\\/11\\\/04\\\/inicio-imediato-concurso-da-emus-de-mongagua-sp-ultimos-dias-de-inscricao-para-1-536-vagas#primaryimage\"},\"thumbnailUrl\":\"https:\\\/\\\/redenoticiaz.com.br\\\/litoralsp\\\/wp-content\\\/uploads\\\/sites\\\/3\\\/2024\\\/11\\\/408956_widelg.jpg?v=1730731360\",\"datePublished\":\"2024-11-04T14:43:16+00:00\",\"dateModified\":\"2024-11-04T14:44:41+00:00\",\"description\":\"Entra na reta final a inscri\u00e7\u00e3o para o\u00a0concurso da EMUS de Mongagu\u00e1\u00a0(Empresa Municipal de Sa\u00fade), localizada na Regi\u00e3o Metropolitana da Baixada Santista, a cerca de 90 km de dist\u00e2ncia da capital paulista.\",\"inLanguage\":\"pt-BR\",\"potentialAction\":[{\"@type\":\"ReadAction\",\"target\":[\"https:\\\/\\\/redenoticiaz.com.br\\\/litoralsp\\\/2024\\\/11\\\/04\\\/inicio-imediato-concurso-da-emus-de-mongagua-sp-ultimos-dias-de-inscricao-para-1-536-vagas\"]}]},{\"@type\":\"ImageObject\",\"inLanguage\":\"pt-BR\",\"@id\":\"https:\\\/\\\/redenoticiaz.com.br\\\/litoralsp\\\/2024\\\/11\\\/04\\\/inicio-imediato-concurso-da-emus-de-mongagua-sp-ultimos-dias-de-inscricao-para-1-536-vagas#primaryimage\",\"url\":\"https:\\\/\\\/redenoticiaz.com.br\\\/litoralsp\\\/wp-content\\\/uploads\\\/sites\\\/3\\\/2024\\\/11\\\/408956_widelg.jpg?v=1730731360\",\"contentUrl\":\"https:\\\/\\\/redenoticiaz.com.br\\\/litoralsp\\\/wp-content\\\/uploads\\\/sites\\\/3\\\/2024\\\/11\\\/408956_widelg.jpg?v=1730731360\",\"width\":688,\"height\":450},{\"@type\":\"WebSite\",\"@id\":\"https:\\\/\\\/redenoticiaz.com.br\\\/litoralsp\\\/#website\",\"url\":\"https:\\\/\\\/redenoticiaz.com.br\\\/litoralsp\\\/\",\"name\":\"Litoral SP\",\"description\":\"Rede NoticiaZ\",\"publisher\":{\"@id\":\"https:\\\/\\\/redenoticiaz.com.br\\\/litoralsp\\\/#organization\"},\"potentialAction\":[{\"@type\":\"SearchAction\",\"target\":{\"@type\":\"EntryPoint\",\"urlTemplate\":\"https:\\\/\\\/redenoticiaz.com.br\\\/litoralsp\\\/?s={search_term_string}\"},\"query-input\":{\"@type\":\"PropertyValueSpecification\",\"valueRequired\":true,\"valueName\":\"search_term_string\"}}],\"inLanguage\":\"pt-BR\"},{\"@type\":\"Organization\",\"@id\":\"https:\\\/\\\/redenoticiaz.com.br\\\/litoralsp\\\/#organization\",\"name\":\"Litoral SP\",\"url\":\"https:\\\/\\\/redenoticiaz.com.br\\\/litoralsp\\\/\",\"logo\":{\"@type\":\"ImageObject\",\"inLanguage\":\"pt-BR\",\"@id\":\"https:\\\/\\\/redenoticiaz.com.br\\\/litoralsp\\\/#\\\/schema\\\/logo\\\/image\\\/\",\"url\":\"https:\\\/\\\/redenoticiaz.com.br\\\/litoralsp\\\/wp-content\\\/uploads\\\/sites\\\/3\\\/2020\\\/11\\\/logo.jpg\",\"contentUrl\":\"https:\\\/\\\/redenoticiaz.com.br\\\/litoralsp\\\/wp-content\\\/uploads\\\/sites\\\/3\\\/2020\\\/11\\\/logo.jpg\",\"width\":400,\"height\":250,\"caption\":\"Litoral SP\"},\"image\":{\"@id\":\"https:\\\/\\\/redenoticiaz.com.br\\\/litoralsp\\\/#\\\/schema\\\/logo\\\/image\\\/\"}},{\"@type\":\"Person\",\"@id\":\"https:\\\/\\\/redenoticiaz.com.br\\\/litoralsp\\\/#\\\/schema\\\/person\\\/16057b37a3c0ee6b096d7f887c566e2e\",\"name\":\"Gustavo Silva\",\"image\":{\"@type\":\"ImageObject\",\"inLanguage\":\"pt-BR\",\"@id\":\"https:\\\/\\\/secure.gravatar.com\\\/avatar\\\/3ee4e82f93b26de0a7cf4ea5eb7893da637ed6bb0c9170c58065944c56e28a33?s=96&d=mm&r=g\",\"url\":\"https:\\\/\\\/secure.gravatar.com\\\/avatar\\\/3ee4e82f93b26de0a7cf4ea5eb7893da637ed6bb0c9170c58065944c56e28a33?s=96&d=mm&r=g\",\"contentUrl\":\"https:\\\/\\\/secure.gravatar.com\\\/avatar\\\/3ee4e82f93b26de0a7cf4ea5eb7893da637ed6bb0c9170c58065944c56e28a33?s=96&d=mm&r=g\",\"caption\":\"Gustavo Silva\"},\"url\":\"https:\\\/\\\/redenoticiaz.com.br\\\/litoralsp\\\/author\\\/gustavosilva\"}]}<\/script>\n<!-- \/ Yoast SEO plugin. -->","yoast_head_json":{"title":"INICIO IMEDIATO! Concurso da EMUS de Mongagu\u00e1 SP: \u00faltimos dias de inscri\u00e7\u00e3o para 1.536 vagas - Litoral SP","description":"Entra na reta final a inscri\u00e7\u00e3o para o\u00a0concurso da EMUS de Mongagu\u00e1\u00a0(Empresa Municipal de Sa\u00fade), localizada na Regi\u00e3o Metropolitana da Baixada Santista, a cerca de 90 km de dist\u00e2ncia da capital paulista.","robots":{"index":"index","follow":"follow","max-snippet":"max-snippet:-1","max-image-preview":"max-image-preview:large","max-video-preview":"max-video-preview:-1"},"canonical":"https:\/\/redenoticiaz.com.br\/litoralsp\/2024\/11\/04\/inicio-imediato-concurso-da-emus-de-mongagua-sp-ultimos-dias-de-inscricao-para-1-536-vagas","og_locale":"pt_BR","og_type":"article","og_title":"INICIO IMEDIATO! Concurso da EMUS de Mongagu\u00e1 SP: \u00faltimos dias de inscri\u00e7\u00e3o para 1.536 vagas - Litoral SP","og_description":"Entra na reta final a inscri\u00e7\u00e3o para o\u00a0concurso da EMUS de Mongagu\u00e1\u00a0(Empresa Municipal de Sa\u00fade), localizada na Regi\u00e3o Metropolitana da Baixada Santista, a cerca de 90 km de dist\u00e2ncia da capital paulista.","og_url":"https:\/\/redenoticiaz.com.br\/litoralsp\/2024\/11\/04\/inicio-imediato-concurso-da-emus-de-mongagua-sp-ultimos-dias-de-inscricao-para-1-536-vagas","og_site_name":"Litoral SP","article_published_time":"2024-11-04T14:43:16+00:00","article_modified_time":"2024-11-04T14:44:41+00:00","og_image":[{"width":688,"height":450,"url":"https:\/\/redenoticiaz.com.br\/litoralsp\/wp-content\/uploads\/sites\/3\/2024\/11\/408956_widelg.jpg?v=1730731360","type":"image\/jpeg"}],"author":"Gustavo Silva","twitter_card":"summary_large_image","twitter_misc":{"Escrito por":"Gustavo Silva","Est. tempo de leitura":"2 minutos"},"schema":{"@context":"https:\/\/schema.org","@graph":[{"@type":"Article","@id":"https:\/\/redenoticiaz.com.br\/litoralsp\/2024\/11\/04\/inicio-imediato-concurso-da-emus-de-mongagua-sp-ultimos-dias-de-inscricao-para-1-536-vagas#article","isPartOf":{"@id":"https:\/\/redenoticiaz.com.br\/litoralsp\/2024\/11\/04\/inicio-imediato-concurso-da-emus-de-mongagua-sp-ultimos-dias-de-inscricao-para-1-536-vagas"},"author":{"name":"Gustavo Silva","@id":"https:\/\/redenoticiaz.com.br\/litoralsp\/#\/schema\/person\/16057b37a3c0ee6b096d7f887c566e2e"},"headline":"INICIO IMEDIATO! Concurso da EMUS de Mongagu\u00e1 SP: \u00faltimos dias de inscri\u00e7\u00e3o para 1.536 vagas","datePublished":"2024-11-04T14:43:16+00:00","dateModified":"2024-11-04T14:44:41+00:00","mainEntityOfPage":{"@id":"https:\/\/redenoticiaz.com.br\/litoralsp\/2024\/11\/04\/inicio-imediato-concurso-da-emus-de-mongagua-sp-ultimos-dias-de-inscricao-para-1-536-vagas"},"wordCount":347,"commentCount":0,"publisher":{"@id":"https:\/\/redenoticiaz.com.br\/litoralsp\/#organization"},"image":{"@id":"https:\/\/redenoticiaz.com.br\/litoralsp\/2024\/11\/04\/inicio-imediato-concurso-da-emus-de-mongagua-sp-ultimos-dias-de-inscricao-para-1-536-vagas#primaryimage"},"thumbnailUrl":"https:\/\/redenoticiaz.com.br\/litoralsp\/wp-content\/uploads\/sites\/3\/2024\/11\/408956_widelg.jpg?v=1730731360","keywords":["MONGAGU\u00c1","trabalho","VAGAS"],"articleSection":["Emprego","Mongagu\u00e1"],"inLanguage":"pt-BR","potentialAction":[{"@type":"CommentAction","name":"Comment","target":["https:\/\/redenoticiaz.com.br\/litoralsp\/2024\/11\/04\/inicio-imediato-concurso-da-emus-de-mongagua-sp-ultimos-dias-de-inscricao-para-1-536-vagas#respond"]}]},{"@type":"WebPage","@id":"https:\/\/redenoticiaz.com.br\/litoralsp\/2024\/11\/04\/inicio-imediato-concurso-da-emus-de-mongagua-sp-ultimos-dias-de-inscricao-para-1-536-vagas","url":"https:\/\/redenoticiaz.com.br\/litoralsp\/2024\/11\/04\/inicio-imediato-concurso-da-emus-de-mongagua-sp-ultimos-dias-de-inscricao-para-1-536-vagas","name":"INICIO IMEDIATO! Concurso da EMUS de Mongagu\u00e1 SP: \u00faltimos dias de inscri\u00e7\u00e3o para 1.536 vagas - Litoral SP","isPartOf":{"@id":"https:\/\/redenoticiaz.com.br\/litoralsp\/#website"},"primaryImageOfPage":{"@id":"https:\/\/redenoticiaz.com.br\/litoralsp\/2024\/11\/04\/inicio-imediato-concurso-da-emus-de-mongagua-sp-ultimos-dias-de-inscricao-para-1-536-vagas#primaryimage"},"image":{"@id":"https:\/\/redenoticiaz.com.br\/litoralsp\/2024\/11\/04\/inicio-imediato-concurso-da-emus-de-mongagua-sp-ultimos-dias-de-inscricao-para-1-536-vagas#primaryimage"},"thumbnailUrl":"https:\/\/redenoticiaz.com.br\/litoralsp\/wp-content\/uploads\/sites\/3\/2024\/11\/408956_widelg.jpg?v=1730731360","datePublished":"2024-11-04T14:43:16+00:00","dateModified":"2024-11-04T14:44:41+00:00","description":"Entra na reta final a inscri\u00e7\u00e3o para o\u00a0concurso da EMUS de Mongagu\u00e1\u00a0(Empresa Municipal de Sa\u00fade), localizada na Regi\u00e3o Metropolitana da Baixada Santista, a cerca de 90 km de dist\u00e2ncia da capital paulista.","inLanguage":"pt-BR","potentialAction":[{"@type":"ReadAction","target":["https:\/\/redenoticiaz.com.br\/litoralsp\/2024\/11\/04\/inicio-imediato-concurso-da-emus-de-mongagua-sp-ultimos-dias-de-inscricao-para-1-536-vagas"]}]},{"@type":"ImageObject","inLanguage":"pt-BR","@id":"https:\/\/redenoticiaz.com.br\/litoralsp\/2024\/11\/04\/inicio-imediato-concurso-da-emus-de-mongagua-sp-ultimos-dias-de-inscricao-para-1-536-vagas#primaryimage","url":"https:\/\/redenoticiaz.com.br\/litoralsp\/wp-content\/uploads\/sites\/3\/2024\/11\/408956_widelg.jpg?v=1730731360","contentUrl":"https:\/\/redenoticiaz.com.br\/litoralsp\/wp-content\/uploads\/sites\/3\/2024\/11\/408956_widelg.jpg?v=1730731360","width":688,"height":450},{"@type":"WebSite","@id":"https:\/\/redenoticiaz.com.br\/litoralsp\/#website","url":"https:\/\/redenoticiaz.com.br\/litoralsp\/","name":"Litoral SP","description":"Rede NoticiaZ","publisher":{"@id":"https:\/\/redenoticiaz.com.br\/litoralsp\/#organization"},"potentialAction":[{"@type":"SearchAction","target":{"@type":"EntryPoint","urlTemplate":"https:\/\/redenoticiaz.com.br\/litoralsp\/?s={search_term_string}"},"query-input":{"@type":"PropertyValueSpecification","valueRequired":true,"valueName":"search_term_string"}}],"inLanguage":"pt-BR"},{"@type":"Organization","@id":"https:\/\/redenoticiaz.com.br\/litoralsp\/#organization","name":"Litoral SP","url":"https:\/\/redenoticiaz.com.br\/litoralsp\/","logo":{"@type":"ImageObject","inLanguage":"pt-BR","@id":"https:\/\/redenoticiaz.com.br\/litoralsp\/#\/schema\/logo\/image\/","url":"https:\/\/redenoticiaz.com.br\/litoralsp\/wp-content\/uploads\/sites\/3\/2020\/11\/logo.jpg","contentUrl":"https:\/\/redenoticiaz.com.br\/litoralsp\/wp-content\/uploads\/sites\/3\/2020\/11\/logo.jpg","width":400,"height":250,"caption":"Litoral SP"},"image":{"@id":"https:\/\/redenoticiaz.com.br\/litoralsp\/#\/schema\/logo\/image\/"}},{"@type":"Person","@id":"https:\/\/redenoticiaz.com.br\/litoralsp\/#\/schema\/person\/16057b37a3c0ee6b096d7f887c566e2e","name":"Gustavo Silva","image":{"@type":"ImageObject","inLanguage":"pt-BR","@id":"https:\/\/secure.gravatar.com\/avatar\/3ee4e82f93b26de0a7cf4ea5eb7893da637ed6bb0c9170c58065944c56e28a33?s=96&d=mm&r=g","url":"https:\/\/secure.gravatar.com\/avatar\/3ee4e82f93b26de0a7cf4ea5eb7893da637ed6bb0c9170c58065944c56e28a33?s=96&d=mm&r=g","contentUrl":"https:\/\/secure.gravatar.com\/avatar\/3ee4e82f93b26de0a7cf4ea5eb7893da637ed6bb0c9170c58065944c56e28a33?s=96&d=mm&r=g","caption":"Gustavo Silva"},"url":"https:\/\/redenoticiaz.com.br\/litoralsp\/author\/gustavosilva"}]}},"_links":{"self":[{"href":"https:\/\/redenoticiaz.com.br\/litoralsp\/wp-json\/wp\/v2\/posts\/119130","targetHints":{"allow":["GET"]}}],"collection":[{"href":"https:\/\/redenoticiaz.com.br\/litoralsp\/wp-json\/wp\/v2\/posts"}],"about":[{"href":"https:\/\/redenoticiaz.com.br\/litoralsp\/wp-json\/wp\/v2\/types\/post"}],"author":[{"embeddable":true,"href":"https:\/\/redenoticiaz.com.br\/litoralsp\/wp-json\/wp\/v2\/users\/12"}],"replies":[{"embeddable":true,"href":"https:\/\/redenoticiaz.com.br\/litoralsp\/wp-json\/wp\/v2\/comments?post=119130"}],"version-history":[{"count":1,"href":"https:\/\/redenoticiaz.com.br\/litoralsp\/wp-json\/wp\/v2\/posts\/119130\/revisions"}],"predecessor-version":[{"id":119132,"href":"https:\/\/redenoticiaz.com.br\/litoralsp\/wp-json\/wp\/v2\/posts\/119130\/revisions\/119132"}],"wp:featuredmedia":[{"embeddable":true,"href":"https:\/\/redenoticiaz.com.br\/litoralsp\/wp-json\/wp\/v2\/media\/119131"}],"wp:attachment":[{"href":"https:\/\/redenoticiaz.com.br\/litoralsp\/wp-json\/wp\/v2\/media?parent=119130"}],"wp:term":[{"taxonomy":"category","embeddable":true,"href":"https:\/\/redenoticiaz.com.br\/litoralsp\/wp-json\/wp\/v2\/categories?post=119130"},{"taxonomy":"post_tag","embeddable":true,"href":"https:\/\/redenoticiaz.com.br\/litoralsp\/wp-json\/wp\/v2\/tags?post=119130"}],"curies":[{"name":"wp","href":"https:\/\/api.w.org\/{rel}","templated":true}]}}