{"id":119146,"date":"2024-11-04T18:30:49","date_gmt":"2024-11-04T21:30:49","guid":{"rendered":"https:\/\/redenoticiaz.com.br\/litoralsp\/?p=119146"},"modified":"2024-11-04T16:12:02","modified_gmt":"2024-11-04T19:12:02","slug":"video-idoso-de-64-anos-fica-gravemente-ferido-apos-ser-atropelado-por-trem","status":"publish","type":"post","link":"https:\/\/redenoticiaz.com.br\/litoralsp\/2024\/11\/04\/video-idoso-de-64-anos-fica-gravemente-ferido-apos-ser-atropelado-por-trem","title":{"rendered":"V\u00cdDEO &#8211; Idoso de 64 anos fica gravemente ferido ap\u00f3s ser atropelado por trem"},"content":{"rendered":"<div id=\"chunk-ag6ms\">\n<div class=\"mc-column content-text active-extra-styles \" data-block-type=\"unstyled\" data-block-weight=\"50\" data-block-id=\"2\">\n<p data-track-category=\"Link no Texto\" data-track-links=\"\" data-mrf-recirculation=\"Artigo - Links Texto\">Um idoso de 64 anos ficou gravemente ferido ap\u00f3s ser atropelado por um trem na cidade de Cubat\u00e3o na tarde desta \u00faltimo s\u00e1bado (2).<\/p>\n<p data-track-category=\"Link no Texto\" data-track-links=\"\" data-mrf-recirculation=\"Artigo - Links Texto\">De acordo com as informa\u00e7\u00f5es, imagens de c\u00e2mera de monitoramento mostram o homem caminhando pela linha f\u00e9rrea na altura da Vila dos Pescadores. Em dado momento ele come\u00e7a a correr e \u00e9 pego pelo vag\u00e3o.<\/p>\n<p data-track-category=\"Link no Texto\" data-track-links=\"\" data-mrf-recirculation=\"Artigo - Links Texto\">Ainda de acordo com as informa\u00e7\u00f5es, a v\u00edtima foi socorrida com m\u00faltiplas fraturas e est\u00e1 internada em estado grave na Unidade de Terapia Intensiva (UTI) do Hospital Santo Amaro, em Guaruj\u00e1.<\/p>\n<p data-track-category=\"Link no Texto\" data-track-links=\"\" data-mrf-recirculation=\"Artigo - Links Texto\">Sendo assim, o trem n\u00e3o conseguiu frear a tempo e a colis\u00e3o n\u00e3o teve como ser evitada. Testemunhas que estavam pr\u00f3ximas ao local ficaram assustadas com o impacto.<\/p>\n<\/div>\n<\/div>\n<div class=\"wall protected-content\">\n<div id=\"chunk-ftcp\">\n<div class=\"content-ads content-ads--reveal\" data-block-type=\"ads\" data-block-id=\"6\">\n<div id=\"banner_materia2\" class=\"tag-manager-publicidade-container mc-has-reveal mc-has-ad-lazyload tag-manager-publicidade-banner_materia2 tag-manager-publicidade-container--carregado tag-manager-publicidade-container--visivel\" data-id=\"banner_materia2\" data-google-query-id=\"CNjO4r2vw4kDFX9B3QIdV_sNnA\">\n<div id=\"chunk-4a6aj\">\n<div class=\"mc-column content-text active-extra-styles \" data-block-type=\"unstyled\" data-block-weight=\"39\" data-block-id=\"8\">\n<p class=\" content-text__container \" data-track-category=\"Link no Texto\" data-track-links=\"\" data-mrf-recirculation=\"Artigo - Links Texto\">A Secretaria de Seguran\u00e7a P\u00fablica de S\u00e3o Paulo (SSP-SP) informou que testemunhas disseram que a v\u00edtima foi orientada a n\u00e3o ultrapassar a cancela porque o trem estava se aproximando. No entanto, o homem seguiu e foi atropelado.<\/p>\n<div class=\"wp-playlist wp-video-playlist wp-playlist-light\">\n\t\t<video controls=\"controls\" preload=\"none\" width=\"640\"\n\t\t height=\"427\"\t><\/video>\n\t<div class=\"wp-playlist-next\"><\/div>\n\t<div class=\"wp-playlist-prev\"><\/div>\n\t<noscript>\n\t<ol>\n\t\t<li><a href='https:\/\/redenoticiaz.com.br\/litoralsp\/wp-content\/uploads\/sites\/3\/2024\/11\/atropela.mp4'>atropela<\/a><\/li>\t<\/ol>\n\t<\/noscript>\n\t<script type=\"application\/json\" class=\"wp-playlist-script\">{\"type\":\"video\",\"tracklist\":true,\"tracknumbers\":true,\"images\":true,\"artists\":true,\"tracks\":[{\"src\":\"https:\/\/redenoticiaz.com.br\/litoralsp\/wp-content\/uploads\/sites\/3\/2024\/11\/atropela.mp4\",\"type\":\"video\/mp4\",\"title\":\"atropela\",\"caption\":\"\",\"description\":\"\",\"meta\":{\"length_formatted\":\"0:01\"},\"dimensions\":{\"original\":{\"width\":600,\"height\":400},\"resized\":{\"width\":640,\"height\":427}},\"image\":{\"src\":\"https:\/\/redenoticiaz.com.br\/litoralsp\/wp-includes\/images\/media\/video.svg\",\"width\":48,\"height\":64},\"thumb\":{\"src\":\"https:\/\/redenoticiaz.com.br\/litoralsp\/wp-includes\/images\/media\/video.svg\",\"width\":48,\"height\":64}}]}<\/script>\n<\/div>\n\t\n<p data-track-category=\"Link no Texto\" data-track-links=\"\" data-mrf-recirculation=\"Artigo - Links Texto\"><strong>Leia mais<\/strong><\/p>\n<p data-track-category=\"Link no Texto\" data-track-links=\"\" data-mrf-recirculation=\"Artigo - Links Texto\"><a href=\"https:\/\/redenoticiaz.com.br\/litoralsp\/2024\/11\/04\/video-mostra-momento-de-salto-que-matou-homem-em-sao-conrado\">V\u00cdDEO mostra momento de salto que matou homem em S\u00e3o Conrado<\/a><\/p>\n<p data-track-category=\"Link no Texto\" data-track-links=\"\" data-mrf-recirculation=\"Artigo - Links Texto\"><a href=\"https:\/\/redenoticiaz.com.br\/litoralsp\/2024\/11\/04\/morre-aos-91-anos-quincy-jones-lenda-do-pop-e-do-jazz-norte-americano\">Morre aos 91 anos Quincy Jones, lenda do pop e do jazz norte-americano<\/a><\/p>\n<\/div>\n<\/div>\n<\/div>\n<\/div>\n<\/div>\n<\/div>\n","protected":false},"excerpt":{"rendered":"<p>Um idoso de 64 anos ficou gravemente ferido ap\u00f3s ser atropelado por um trem na cidade de Cubat\u00e3o na tarde desta \u00faltimo s\u00e1bado (2). De acordo com as informa\u00e7\u00f5es, imagens de c\u00e2mera de monitoramento mostram o homem caminhando pela linha f\u00e9rrea na altura da Vila dos Pescadores. Em dado momento ele come\u00e7a a correr e &hellip;<\/p>\n","protected":false},"author":12,"featured_media":119147,"comment_status":"open","ping_status":"closed","sticky":false,"template":"","format":"standard","meta":{"footnotes":""},"categories":[186,10],"tags":[1024,8195,68875],"class_list":["post-119146","post","type-post","status-publish","format-standard","has-post-thumbnail","hentry","category-cubatao","category-policia","tag-cubatao","tag-idoso","tag-vila-dos-pescadore"],"yoast_head":"<!-- This site is optimized with the Yoast SEO plugin v27.5 - https:\/\/yoast.com\/product\/yoast-seo-wordpress\/ -->\n<title>V\u00cdDEO &#8211; Idoso de 64 anos fica gravemente ferido ap\u00f3s ser atropelado por trem - Litoral SP<\/title>\n<meta name=\"description\" content=\"Um idoso de 64 anos ficou gravemente ferido ap\u00f3s ser atropelado por um trem na cidade de Cubat\u00e3o na tarde desta \u00faltimo s\u00e1bado (2).\" \/>\n<meta name=\"robots\" content=\"index, follow, max-snippet:-1, max-image-preview:large, max-video-preview:-1\" \/>\n<link rel=\"canonical\" href=\"https:\/\/redenoticiaz.com.br\/litoralsp\/2024\/11\/04\/video-idoso-de-64-anos-fica-gravemente-ferido-apos-ser-atropelado-por-trem\" \/>\n<meta property=\"og:locale\" content=\"pt_BR\" \/>\n<meta property=\"og:type\" content=\"article\" \/>\n<meta property=\"og:title\" content=\"V\u00cdDEO &#8211; Idoso de 64 anos fica gravemente ferido ap\u00f3s ser atropelado por trem - Litoral SP\" \/>\n<meta property=\"og:description\" content=\"Um idoso de 64 anos ficou gravemente ferido ap\u00f3s ser atropelado por um trem na cidade de Cubat\u00e3o na tarde desta \u00faltimo s\u00e1bado (2).\" \/>\n<meta property=\"og:url\" content=\"https:\/\/redenoticiaz.com.br\/litoralsp\/2024\/11\/04\/video-idoso-de-64-anos-fica-gravemente-ferido-apos-ser-atropelado-por-trem\" \/>\n<meta property=\"og:site_name\" content=\"Litoral SP\" \/>\n<meta property=\"article:published_time\" content=\"2024-11-04T21:30:49+00:00\" \/>\n<meta property=\"og:image\" content=\"https:\/\/redenoticiaz.com.br\/litoralsp\/wp-content\/uploads\/sites\/3\/2024\/11\/Captura-de-tela_4-11-2024_16551_g1.globo_.com_.jpeg\" \/>\n\t<meta property=\"og:image:width\" content=\"793\" \/>\n\t<meta property=\"og:image:height\" content=\"521\" \/>\n\t<meta property=\"og:image:type\" content=\"image\/jpeg\" \/>\n<meta name=\"author\" content=\"Gustavo Silva\" \/>\n<meta name=\"twitter:card\" content=\"summary_large_image\" \/>\n<meta name=\"twitter:label1\" content=\"Escrito por\" \/>\n\t<meta name=\"twitter:data1\" content=\"Gustavo Silva\" \/>\n\t<meta name=\"twitter:label2\" content=\"Est. tempo de leitura\" \/>\n\t<meta name=\"twitter:data2\" content=\"2 minutos\" \/>\n<script type=\"application\/ld+json\" class=\"yoast-schema-graph\">{\"@context\":\"https:\\\/\\\/schema.org\",\"@graph\":[{\"@type\":\"Article\",\"@id\":\"https:\\\/\\\/redenoticiaz.com.br\\\/litoralsp\\\/2024\\\/11\\\/04\\\/video-idoso-de-64-anos-fica-gravemente-ferido-apos-ser-atropelado-por-trem#article\",\"isPartOf\":{\"@id\":\"https:\\\/\\\/redenoticiaz.com.br\\\/litoralsp\\\/2024\\\/11\\\/04\\\/video-idoso-de-64-anos-fica-gravemente-ferido-apos-ser-atropelado-por-trem\"},\"author\":{\"name\":\"Gustavo Silva\",\"@id\":\"https:\\\/\\\/redenoticiaz.com.br\\\/litoralsp\\\/#\\\/schema\\\/person\\\/16057b37a3c0ee6b096d7f887c566e2e\"},\"headline\":\"V\u00cdDEO &#8211; Idoso de 64 anos fica gravemente ferido ap\u00f3s ser atropelado por trem\",\"datePublished\":\"2024-11-04T21:30:49+00:00\",\"mainEntityOfPage\":{\"@id\":\"https:\\\/\\\/redenoticiaz.com.br\\\/litoralsp\\\/2024\\\/11\\\/04\\\/video-idoso-de-64-anos-fica-gravemente-ferido-apos-ser-atropelado-por-trem\"},\"wordCount\":217,\"commentCount\":0,\"publisher\":{\"@id\":\"https:\\\/\\\/redenoticiaz.com.br\\\/litoralsp\\\/#organization\"},\"image\":{\"@id\":\"https:\\\/\\\/redenoticiaz.com.br\\\/litoralsp\\\/2024\\\/11\\\/04\\\/video-idoso-de-64-anos-fica-gravemente-ferido-apos-ser-atropelado-por-trem#primaryimage\"},\"thumbnailUrl\":\"https:\\\/\\\/redenoticiaz.com.br\\\/litoralsp\\\/wp-content\\\/uploads\\\/sites\\\/3\\\/2024\\\/11\\\/Captura-de-tela_4-11-2024_16551_g1.globo_.com_.jpeg\",\"keywords\":[\"CUBAT\u00c3O\",\"IDOSO\",\"Vila dos Pescadore\"],\"articleSection\":[\"Cubat\u00e3o\",\"Pol\u00edcia\"],\"inLanguage\":\"pt-BR\",\"potentialAction\":[{\"@type\":\"CommentAction\",\"name\":\"Comment\",\"target\":[\"https:\\\/\\\/redenoticiaz.com.br\\\/litoralsp\\\/2024\\\/11\\\/04\\\/video-idoso-de-64-anos-fica-gravemente-ferido-apos-ser-atropelado-por-trem#respond\"]}]},{\"@type\":\"WebPage\",\"@id\":\"https:\\\/\\\/redenoticiaz.com.br\\\/litoralsp\\\/2024\\\/11\\\/04\\\/video-idoso-de-64-anos-fica-gravemente-ferido-apos-ser-atropelado-por-trem\",\"url\":\"https:\\\/\\\/redenoticiaz.com.br\\\/litoralsp\\\/2024\\\/11\\\/04\\\/video-idoso-de-64-anos-fica-gravemente-ferido-apos-ser-atropelado-por-trem\",\"name\":\"V\u00cdDEO &#8211; Idoso de 64 anos fica gravemente ferido ap\u00f3s ser atropelado por trem - Litoral SP\",\"isPartOf\":{\"@id\":\"https:\\\/\\\/redenoticiaz.com.br\\\/litoralsp\\\/#website\"},\"primaryImageOfPage\":{\"@id\":\"https:\\\/\\\/redenoticiaz.com.br\\\/litoralsp\\\/2024\\\/11\\\/04\\\/video-idoso-de-64-anos-fica-gravemente-ferido-apos-ser-atropelado-por-trem#primaryimage\"},\"image\":{\"@id\":\"https:\\\/\\\/redenoticiaz.com.br\\\/litoralsp\\\/2024\\\/11\\\/04\\\/video-idoso-de-64-anos-fica-gravemente-ferido-apos-ser-atropelado-por-trem#primaryimage\"},\"thumbnailUrl\":\"https:\\\/\\\/redenoticiaz.com.br\\\/litoralsp\\\/wp-content\\\/uploads\\\/sites\\\/3\\\/2024\\\/11\\\/Captura-de-tela_4-11-2024_16551_g1.globo_.com_.jpeg\",\"datePublished\":\"2024-11-04T21:30:49+00:00\",\"description\":\"Um idoso de 64 anos ficou gravemente ferido ap\u00f3s ser atropelado por um trem na cidade de Cubat\u00e3o na tarde desta \u00faltimo s\u00e1bado (2).\",\"inLanguage\":\"pt-BR\",\"potentialAction\":[{\"@type\":\"ReadAction\",\"target\":[\"https:\\\/\\\/redenoticiaz.com.br\\\/litoralsp\\\/2024\\\/11\\\/04\\\/video-idoso-de-64-anos-fica-gravemente-ferido-apos-ser-atropelado-por-trem\"]}]},{\"@type\":\"ImageObject\",\"inLanguage\":\"pt-BR\",\"@id\":\"https:\\\/\\\/redenoticiaz.com.br\\\/litoralsp\\\/2024\\\/11\\\/04\\\/video-idoso-de-64-anos-fica-gravemente-ferido-apos-ser-atropelado-por-trem#primaryimage\",\"url\":\"https:\\\/\\\/redenoticiaz.com.br\\\/litoralsp\\\/wp-content\\\/uploads\\\/sites\\\/3\\\/2024\\\/11\\\/Captura-de-tela_4-11-2024_16551_g1.globo_.com_.jpeg\",\"contentUrl\":\"https:\\\/\\\/redenoticiaz.com.br\\\/litoralsp\\\/wp-content\\\/uploads\\\/sites\\\/3\\\/2024\\\/11\\\/Captura-de-tela_4-11-2024_16551_g1.globo_.com_.jpeg\",\"width\":793,\"height\":521},{\"@type\":\"WebSite\",\"@id\":\"https:\\\/\\\/redenoticiaz.com.br\\\/litoralsp\\\/#website\",\"url\":\"https:\\\/\\\/redenoticiaz.com.br\\\/litoralsp\\\/\",\"name\":\"Litoral SP\",\"description\":\"Rede NoticiaZ\",\"publisher\":{\"@id\":\"https:\\\/\\\/redenoticiaz.com.br\\\/litoralsp\\\/#organization\"},\"potentialAction\":[{\"@type\":\"SearchAction\",\"target\":{\"@type\":\"EntryPoint\",\"urlTemplate\":\"https:\\\/\\\/redenoticiaz.com.br\\\/litoralsp\\\/?s={search_term_string}\"},\"query-input\":{\"@type\":\"PropertyValueSpecification\",\"valueRequired\":true,\"valueName\":\"search_term_string\"}}],\"inLanguage\":\"pt-BR\"},{\"@type\":\"Organization\",\"@id\":\"https:\\\/\\\/redenoticiaz.com.br\\\/litoralsp\\\/#organization\",\"name\":\"Litoral SP\",\"url\":\"https:\\\/\\\/redenoticiaz.com.br\\\/litoralsp\\\/\",\"logo\":{\"@type\":\"ImageObject\",\"inLanguage\":\"pt-BR\",\"@id\":\"https:\\\/\\\/redenoticiaz.com.br\\\/litoralsp\\\/#\\\/schema\\\/logo\\\/image\\\/\",\"url\":\"https:\\\/\\\/redenoticiaz.com.br\\\/litoralsp\\\/wp-content\\\/uploads\\\/sites\\\/3\\\/2020\\\/11\\\/logo.jpg\",\"contentUrl\":\"https:\\\/\\\/redenoticiaz.com.br\\\/litoralsp\\\/wp-content\\\/uploads\\\/sites\\\/3\\\/2020\\\/11\\\/logo.jpg\",\"width\":400,\"height\":250,\"caption\":\"Litoral SP\"},\"image\":{\"@id\":\"https:\\\/\\\/redenoticiaz.com.br\\\/litoralsp\\\/#\\\/schema\\\/logo\\\/image\\\/\"}},{\"@type\":\"Person\",\"@id\":\"https:\\\/\\\/redenoticiaz.com.br\\\/litoralsp\\\/#\\\/schema\\\/person\\\/16057b37a3c0ee6b096d7f887c566e2e\",\"name\":\"Gustavo Silva\",\"image\":{\"@type\":\"ImageObject\",\"inLanguage\":\"pt-BR\",\"@id\":\"https:\\\/\\\/secure.gravatar.com\\\/avatar\\\/3ee4e82f93b26de0a7cf4ea5eb7893da637ed6bb0c9170c58065944c56e28a33?s=96&d=mm&r=g\",\"url\":\"https:\\\/\\\/secure.gravatar.com\\\/avatar\\\/3ee4e82f93b26de0a7cf4ea5eb7893da637ed6bb0c9170c58065944c56e28a33?s=96&d=mm&r=g\",\"contentUrl\":\"https:\\\/\\\/secure.gravatar.com\\\/avatar\\\/3ee4e82f93b26de0a7cf4ea5eb7893da637ed6bb0c9170c58065944c56e28a33?s=96&d=mm&r=g\",\"caption\":\"Gustavo Silva\"},\"url\":\"https:\\\/\\\/redenoticiaz.com.br\\\/litoralsp\\\/author\\\/gustavosilva\"}]}<\/script>\n<!-- \/ Yoast SEO plugin. -->","yoast_head_json":{"title":"V\u00cdDEO &#8211; Idoso de 64 anos fica gravemente ferido ap\u00f3s ser atropelado por trem - Litoral SP","description":"Um idoso de 64 anos ficou gravemente ferido ap\u00f3s ser atropelado por um trem na cidade de Cubat\u00e3o na tarde desta \u00faltimo s\u00e1bado (2).","robots":{"index":"index","follow":"follow","max-snippet":"max-snippet:-1","max-image-preview":"max-image-preview:large","max-video-preview":"max-video-preview:-1"},"canonical":"https:\/\/redenoticiaz.com.br\/litoralsp\/2024\/11\/04\/video-idoso-de-64-anos-fica-gravemente-ferido-apos-ser-atropelado-por-trem","og_locale":"pt_BR","og_type":"article","og_title":"V\u00cdDEO &#8211; Idoso de 64 anos fica gravemente ferido ap\u00f3s ser atropelado por trem - Litoral SP","og_description":"Um idoso de 64 anos ficou gravemente ferido ap\u00f3s ser atropelado por um trem na cidade de Cubat\u00e3o na tarde desta \u00faltimo s\u00e1bado (2).","og_url":"https:\/\/redenoticiaz.com.br\/litoralsp\/2024\/11\/04\/video-idoso-de-64-anos-fica-gravemente-ferido-apos-ser-atropelado-por-trem","og_site_name":"Litoral SP","article_published_time":"2024-11-04T21:30:49+00:00","og_image":[{"width":793,"height":521,"url":"https:\/\/redenoticiaz.com.br\/litoralsp\/wp-content\/uploads\/sites\/3\/2024\/11\/Captura-de-tela_4-11-2024_16551_g1.globo_.com_.jpeg","type":"image\/jpeg"}],"author":"Gustavo Silva","twitter_card":"summary_large_image","twitter_misc":{"Escrito por":"Gustavo Silva","Est. tempo de leitura":"2 minutos"},"schema":{"@context":"https:\/\/schema.org","@graph":[{"@type":"Article","@id":"https:\/\/redenoticiaz.com.br\/litoralsp\/2024\/11\/04\/video-idoso-de-64-anos-fica-gravemente-ferido-apos-ser-atropelado-por-trem#article","isPartOf":{"@id":"https:\/\/redenoticiaz.com.br\/litoralsp\/2024\/11\/04\/video-idoso-de-64-anos-fica-gravemente-ferido-apos-ser-atropelado-por-trem"},"author":{"name":"Gustavo Silva","@id":"https:\/\/redenoticiaz.com.br\/litoralsp\/#\/schema\/person\/16057b37a3c0ee6b096d7f887c566e2e"},"headline":"V\u00cdDEO &#8211; Idoso de 64 anos fica gravemente ferido ap\u00f3s ser atropelado por trem","datePublished":"2024-11-04T21:30:49+00:00","mainEntityOfPage":{"@id":"https:\/\/redenoticiaz.com.br\/litoralsp\/2024\/11\/04\/video-idoso-de-64-anos-fica-gravemente-ferido-apos-ser-atropelado-por-trem"},"wordCount":217,"commentCount":0,"publisher":{"@id":"https:\/\/redenoticiaz.com.br\/litoralsp\/#organization"},"image":{"@id":"https:\/\/redenoticiaz.com.br\/litoralsp\/2024\/11\/04\/video-idoso-de-64-anos-fica-gravemente-ferido-apos-ser-atropelado-por-trem#primaryimage"},"thumbnailUrl":"https:\/\/redenoticiaz.com.br\/litoralsp\/wp-content\/uploads\/sites\/3\/2024\/11\/Captura-de-tela_4-11-2024_16551_g1.globo_.com_.jpeg","keywords":["CUBAT\u00c3O","IDOSO","Vila dos Pescadore"],"articleSection":["Cubat\u00e3o","Pol\u00edcia"],"inLanguage":"pt-BR","potentialAction":[{"@type":"CommentAction","name":"Comment","target":["https:\/\/redenoticiaz.com.br\/litoralsp\/2024\/11\/04\/video-idoso-de-64-anos-fica-gravemente-ferido-apos-ser-atropelado-por-trem#respond"]}]},{"@type":"WebPage","@id":"https:\/\/redenoticiaz.com.br\/litoralsp\/2024\/11\/04\/video-idoso-de-64-anos-fica-gravemente-ferido-apos-ser-atropelado-por-trem","url":"https:\/\/redenoticiaz.com.br\/litoralsp\/2024\/11\/04\/video-idoso-de-64-anos-fica-gravemente-ferido-apos-ser-atropelado-por-trem","name":"V\u00cdDEO &#8211; Idoso de 64 anos fica gravemente ferido ap\u00f3s ser atropelado por trem - Litoral SP","isPartOf":{"@id":"https:\/\/redenoticiaz.com.br\/litoralsp\/#website"},"primaryImageOfPage":{"@id":"https:\/\/redenoticiaz.com.br\/litoralsp\/2024\/11\/04\/video-idoso-de-64-anos-fica-gravemente-ferido-apos-ser-atropelado-por-trem#primaryimage"},"image":{"@id":"https:\/\/redenoticiaz.com.br\/litoralsp\/2024\/11\/04\/video-idoso-de-64-anos-fica-gravemente-ferido-apos-ser-atropelado-por-trem#primaryimage"},"thumbnailUrl":"https:\/\/redenoticiaz.com.br\/litoralsp\/wp-content\/uploads\/sites\/3\/2024\/11\/Captura-de-tela_4-11-2024_16551_g1.globo_.com_.jpeg","datePublished":"2024-11-04T21:30:49+00:00","description":"Um idoso de 64 anos ficou gravemente ferido ap\u00f3s ser atropelado por um trem na cidade de Cubat\u00e3o na tarde desta \u00faltimo s\u00e1bado (2).","inLanguage":"pt-BR","potentialAction":[{"@type":"ReadAction","target":["https:\/\/redenoticiaz.com.br\/litoralsp\/2024\/11\/04\/video-idoso-de-64-anos-fica-gravemente-ferido-apos-ser-atropelado-por-trem"]}]},{"@type":"ImageObject","inLanguage":"pt-BR","@id":"https:\/\/redenoticiaz.com.br\/litoralsp\/2024\/11\/04\/video-idoso-de-64-anos-fica-gravemente-ferido-apos-ser-atropelado-por-trem#primaryimage","url":"https:\/\/redenoticiaz.com.br\/litoralsp\/wp-content\/uploads\/sites\/3\/2024\/11\/Captura-de-tela_4-11-2024_16551_g1.globo_.com_.jpeg","contentUrl":"https:\/\/redenoticiaz.com.br\/litoralsp\/wp-content\/uploads\/sites\/3\/2024\/11\/Captura-de-tela_4-11-2024_16551_g1.globo_.com_.jpeg","width":793,"height":521},{"@type":"WebSite","@id":"https:\/\/redenoticiaz.com.br\/litoralsp\/#website","url":"https:\/\/redenoticiaz.com.br\/litoralsp\/","name":"Litoral SP","description":"Rede NoticiaZ","publisher":{"@id":"https:\/\/redenoticiaz.com.br\/litoralsp\/#organization"},"potentialAction":[{"@type":"SearchAction","target":{"@type":"EntryPoint","urlTemplate":"https:\/\/redenoticiaz.com.br\/litoralsp\/?s={search_term_string}"},"query-input":{"@type":"PropertyValueSpecification","valueRequired":true,"valueName":"search_term_string"}}],"inLanguage":"pt-BR"},{"@type":"Organization","@id":"https:\/\/redenoticiaz.com.br\/litoralsp\/#organization","name":"Litoral SP","url":"https:\/\/redenoticiaz.com.br\/litoralsp\/","logo":{"@type":"ImageObject","inLanguage":"pt-BR","@id":"https:\/\/redenoticiaz.com.br\/litoralsp\/#\/schema\/logo\/image\/","url":"https:\/\/redenoticiaz.com.br\/litoralsp\/wp-content\/uploads\/sites\/3\/2020\/11\/logo.jpg","contentUrl":"https:\/\/redenoticiaz.com.br\/litoralsp\/wp-content\/uploads\/sites\/3\/2020\/11\/logo.jpg","width":400,"height":250,"caption":"Litoral SP"},"image":{"@id":"https:\/\/redenoticiaz.com.br\/litoralsp\/#\/schema\/logo\/image\/"}},{"@type":"Person","@id":"https:\/\/redenoticiaz.com.br\/litoralsp\/#\/schema\/person\/16057b37a3c0ee6b096d7f887c566e2e","name":"Gustavo Silva","image":{"@type":"ImageObject","inLanguage":"pt-BR","@id":"https:\/\/secure.gravatar.com\/avatar\/3ee4e82f93b26de0a7cf4ea5eb7893da637ed6bb0c9170c58065944c56e28a33?s=96&d=mm&r=g","url":"https:\/\/secure.gravatar.com\/avatar\/3ee4e82f93b26de0a7cf4ea5eb7893da637ed6bb0c9170c58065944c56e28a33?s=96&d=mm&r=g","contentUrl":"https:\/\/secure.gravatar.com\/avatar\/3ee4e82f93b26de0a7cf4ea5eb7893da637ed6bb0c9170c58065944c56e28a33?s=96&d=mm&r=g","caption":"Gustavo Silva"},"url":"https:\/\/redenoticiaz.com.br\/litoralsp\/author\/gustavosilva"}]}},"_links":{"self":[{"href":"https:\/\/redenoticiaz.com.br\/litoralsp\/wp-json\/wp\/v2\/posts\/119146","targetHints":{"allow":["GET"]}}],"collection":[{"href":"https:\/\/redenoticiaz.com.br\/litoralsp\/wp-json\/wp\/v2\/posts"}],"about":[{"href":"https:\/\/redenoticiaz.com.br\/litoralsp\/wp-json\/wp\/v2\/types\/post"}],"author":[{"embeddable":true,"href":"https:\/\/redenoticiaz.com.br\/litoralsp\/wp-json\/wp\/v2\/users\/12"}],"replies":[{"embeddable":true,"href":"https:\/\/redenoticiaz.com.br\/litoralsp\/wp-json\/wp\/v2\/comments?post=119146"}],"version-history":[{"count":1,"href":"https:\/\/redenoticiaz.com.br\/litoralsp\/wp-json\/wp\/v2\/posts\/119146\/revisions"}],"predecessor-version":[{"id":119149,"href":"https:\/\/redenoticiaz.com.br\/litoralsp\/wp-json\/wp\/v2\/posts\/119146\/revisions\/119149"}],"wp:featuredmedia":[{"embeddable":true,"href":"https:\/\/redenoticiaz.com.br\/litoralsp\/wp-json\/wp\/v2\/media\/119147"}],"wp:attachment":[{"href":"https:\/\/redenoticiaz.com.br\/litoralsp\/wp-json\/wp\/v2\/media?parent=119146"}],"wp:term":[{"taxonomy":"category","embeddable":true,"href":"https:\/\/redenoticiaz.com.br\/litoralsp\/wp-json\/wp\/v2\/categories?post=119146"},{"taxonomy":"post_tag","embeddable":true,"href":"https:\/\/redenoticiaz.com.br\/litoralsp\/wp-json\/wp\/v2\/tags?post=119146"}],"curies":[{"name":"wp","href":"https:\/\/api.w.org\/{rel}","templated":true}]}}