{"id":119196,"date":"2024-11-06T19:50:32","date_gmt":"2024-11-06T22:50:32","guid":{"rendered":"https:\/\/redenoticiaz.com.br\/litoralsp\/?p=119196"},"modified":"2024-11-06T16:59:47","modified_gmt":"2024-11-06T19:59:47","slug":"menino-de-4-anos-e-morto-em-suposto-confronto-entre-pms-e-criminosos","status":"publish","type":"post","link":"https:\/\/redenoticiaz.com.br\/litoralsp\/2024\/11\/06\/menino-de-4-anos-e-morto-em-suposto-confronto-entre-pms-e-criminosos","title":{"rendered":"Menino de 4 anos \u00e9 morto em suposto confronto entre PMs e criminosos"},"content":{"rendered":"<p>O menino Ryan da Silva Andrade Santos, de 4 anos, morreu na noite desta ter\u00e7a-feira (5) ap\u00f3s ser atingido na regi\u00e3o do abd\u00f4men por um disparo enquanto brincava no morro do S\u00e3o Bento, em Santos.<\/p>\n<p>Ele chegou a ser socorrido, mas n\u00e3o resistiu aos ferimentos. Uma mo\u00e7a de 24 anos tamb\u00e9m ficou ferida por um tiro de rasp\u00e3o no bra\u00e7o, mas foi medicada e liberada.<img decoding=\"async\" src=\"https:\/\/agenciabrasil.ebc.com.br\/ebc.png?id=1618537&amp;o=node\" \/><img decoding=\"async\" src=\"https:\/\/agenciabrasil.ebc.com.br\/ebc.gif?id=1618537&amp;o=node\" \/><\/p>\n<p>A Secretaria da Seguran\u00e7a P\u00fablica (SSP) disse, por meio de nota, que lamenta profundamente o falecimento da crian\u00e7a e informou que a pol\u00edcia fazia um patrulhamento em uma \u00e1rea de tr\u00e1fico de drogas na regi\u00e3o quando foram atacados por um grupo de aproximadamente 10 criminosos. Ainda segundo a SSP, a Delegacia Seccional de Santos instaurou um inqu\u00e9rito para apurar o que ocorreu e determinou a realiza\u00e7\u00e3o de per\u00edcia nas armas apreendidas no local do confronto para esclarecer a origem do disparo que atingiu a crian\u00e7a.<\/p>\n<p>O Coronel Emerson Masseira, porta-voz da Pol\u00edcia Militar, explicou que uma patrulha composta por motocicletas fazia uma ronda no Morro S\u00e3o Bento, quando uma motocicleta com dois homens fez uma manobra r\u00e1pida para entrar em uma rua onde se juntaram com um grupo de dez pessoas e passaram a atirar contra a pol\u00edcia. \u201cPossivelmente eles perceberam que poderiam ser abordados, entraram nessa rua e come\u00e7aram a disparar. Rapidamente chegou o apoio de uma equipe de for\u00e7a t\u00e1tica e o grupo continuou a atirar\u201d.<\/p>\n<p>Segundo Masseira, os policiais revidaram os tiros para se defenderem e acertaram dois menores de idade. Um deles (17 anos) morreu no local e o outro (15 anos) foi socorrido, passou por cirurgia e n\u00e3o corre risco de morrer.<\/p>\n<p>Masseira informou ainda que, provavelmente, o tiro que matou a crian\u00e7a partiu de uma arma da Pol\u00edcia Militar. Uma per\u00edcia bal\u00edstica ser\u00e1 feita para confirmar a origem da bala, que ficou alojada. \u201cTudo indica, pela din\u00e2mica da ocorr\u00eancia, pela forma como o cen\u00e1rio se disp\u00f4s ali, que esse disparo partiu da arma de um policial militar. N\u00f3s lamentamos muito o que aconteceu com os policiais e agora n\u00e3o estamos considerando esses policiais culpados. Os policiais s\u00e3o v\u00edtimas, eles foram atacados e efetuaram disparos para proteger a pr\u00f3pria vida. Podem ter certeza de que eles est\u00e3o muito comovidos pelo resultado que n\u00e3o era nunca o desejado\u201d, afirmou o porta-voz da PM.<\/p>\n<p>Leia mais<\/p>\n<p><a href=\"https:\/\/redenoticiaz.com.br\/litoralsp\/2024\/11\/05\/moto-com-placa-adulterada-e-apreendida\">Moto com placa adulterada \u00e9 apreendida<\/a><\/p>\n<p><a href=\"https:\/\/redenoticiaz.com.br\/litoralsp\/2024\/11\/05\/carro-furtado-e-devolvido-a-vitima-em-sao-vicente\">Carro furtado \u00e9 devolvido a v\u00edtima em S\u00e3o Vicente<\/a><\/p>\n","protected":false},"excerpt":{"rendered":"<p>O menino Ryan da Silva Andrade Santos, de 4 anos, morreu na noite desta ter\u00e7a-feira (5) ap\u00f3s ser atingido na regi\u00e3o do abd\u00f4men por um disparo enquanto brincava no morro do S\u00e3o Bento, em Santos. Ele chegou a ser socorrido, mas n\u00e3o resistiu aos ferimentos. Uma mo\u00e7a de 24 anos tamb\u00e9m ficou ferida por um &hellip;<\/p>\n","protected":false},"author":12,"featured_media":119197,"comment_status":"open","ping_status":"closed","sticky":false,"template":"","format":"standard","meta":{"footnotes":""},"categories":[10,180],"tags":[68896,2944,68895,986],"class_list":["post-119196","post","type-post","status-publish","format-standard","has-post-thumbnail","hentry","category-policia","category-santos","tag-disparo","tag-morte","tag-ryan","tag-santos"],"yoast_head":"<!-- This site is optimized with the Yoast SEO plugin v27.5 - https:\/\/yoast.com\/product\/yoast-seo-wordpress\/ -->\n<title>Menino de 4 anos \u00e9 morto em suposto confronto entre PMs e criminosos - Litoral SP<\/title>\n<meta name=\"description\" content=\"O menino Ryan da Silva Andrade Santos, de 4 anos, morreu na noite desta ter\u00e7a-feira (5) ap\u00f3s ser atingido na regi\u00e3o do abd\u00f4men por um disparo enquanto brincava no morro do S\u00e3o Bento, em Santos.\" \/>\n<meta name=\"robots\" content=\"index, follow, max-snippet:-1, max-image-preview:large, max-video-preview:-1\" \/>\n<link rel=\"canonical\" href=\"https:\/\/redenoticiaz.com.br\/litoralsp\/2024\/11\/06\/menino-de-4-anos-e-morto-em-suposto-confronto-entre-pms-e-criminosos\" \/>\n<meta property=\"og:locale\" content=\"pt_BR\" \/>\n<meta property=\"og:type\" content=\"article\" \/>\n<meta property=\"og:title\" content=\"Menino de 4 anos \u00e9 morto em suposto confronto entre PMs e criminosos - Litoral SP\" \/>\n<meta property=\"og:description\" content=\"O menino Ryan da Silva Andrade Santos, de 4 anos, morreu na noite desta ter\u00e7a-feira (5) ap\u00f3s ser atingido na regi\u00e3o do abd\u00f4men por um disparo enquanto brincava no morro do S\u00e3o Bento, em Santos.\" \/>\n<meta property=\"og:url\" content=\"https:\/\/redenoticiaz.com.br\/litoralsp\/2024\/11\/06\/menino-de-4-anos-e-morto-em-suposto-confronto-entre-pms-e-criminosos\" \/>\n<meta property=\"og:site_name\" content=\"Litoral SP\" \/>\n<meta property=\"article:published_time\" content=\"2024-11-06T22:50:32+00:00\" \/>\n<meta property=\"og:image\" content=\"https:\/\/redenoticiaz.com.br\/litoralsp\/wp-content\/uploads\/sites\/3\/2024\/11\/Captura-de-tela_6-11-2024_165859_www.metropoles.com_.jpeg\" \/>\n\t<meta property=\"og:image:width\" content=\"838\" \/>\n\t<meta property=\"og:image:height\" content=\"635\" \/>\n\t<meta property=\"og:image:type\" content=\"image\/jpeg\" \/>\n<meta name=\"author\" content=\"Gustavo Silva\" \/>\n<meta name=\"twitter:card\" content=\"summary_large_image\" \/>\n<meta name=\"twitter:label1\" content=\"Escrito por\" \/>\n\t<meta name=\"twitter:data1\" content=\"Gustavo Silva\" \/>\n\t<meta name=\"twitter:label2\" content=\"Est. tempo de leitura\" \/>\n\t<meta name=\"twitter:data2\" content=\"3 minutos\" \/>\n<script type=\"application\/ld+json\" class=\"yoast-schema-graph\">{\"@context\":\"https:\\\/\\\/schema.org\",\"@graph\":[{\"@type\":\"Article\",\"@id\":\"https:\\\/\\\/redenoticiaz.com.br\\\/litoralsp\\\/2024\\\/11\\\/06\\\/menino-de-4-anos-e-morto-em-suposto-confronto-entre-pms-e-criminosos#article\",\"isPartOf\":{\"@id\":\"https:\\\/\\\/redenoticiaz.com.br\\\/litoralsp\\\/2024\\\/11\\\/06\\\/menino-de-4-anos-e-morto-em-suposto-confronto-entre-pms-e-criminosos\"},\"author\":{\"name\":\"Gustavo Silva\",\"@id\":\"https:\\\/\\\/redenoticiaz.com.br\\\/litoralsp\\\/#\\\/schema\\\/person\\\/16057b37a3c0ee6b096d7f887c566e2e\"},\"headline\":\"Menino de 4 anos \u00e9 morto em suposto confronto entre PMs e criminosos\",\"datePublished\":\"2024-11-06T22:50:32+00:00\",\"mainEntityOfPage\":{\"@id\":\"https:\\\/\\\/redenoticiaz.com.br\\\/litoralsp\\\/2024\\\/11\\\/06\\\/menino-de-4-anos-e-morto-em-suposto-confronto-entre-pms-e-criminosos\"},\"wordCount\":447,\"commentCount\":0,\"publisher\":{\"@id\":\"https:\\\/\\\/redenoticiaz.com.br\\\/litoralsp\\\/#organization\"},\"image\":{\"@id\":\"https:\\\/\\\/redenoticiaz.com.br\\\/litoralsp\\\/2024\\\/11\\\/06\\\/menino-de-4-anos-e-morto-em-suposto-confronto-entre-pms-e-criminosos#primaryimage\"},\"thumbnailUrl\":\"https:\\\/\\\/redenoticiaz.com.br\\\/litoralsp\\\/wp-content\\\/uploads\\\/sites\\\/3\\\/2024\\\/11\\\/Captura-de-tela_6-11-2024_165859_www.metropoles.com_.jpeg\",\"keywords\":[\"disparo\",\"MORTE\",\"ryan\",\"Santos\"],\"articleSection\":[\"Pol\u00edcia\",\"Santos\"],\"inLanguage\":\"pt-BR\",\"potentialAction\":[{\"@type\":\"CommentAction\",\"name\":\"Comment\",\"target\":[\"https:\\\/\\\/redenoticiaz.com.br\\\/litoralsp\\\/2024\\\/11\\\/06\\\/menino-de-4-anos-e-morto-em-suposto-confronto-entre-pms-e-criminosos#respond\"]}]},{\"@type\":\"WebPage\",\"@id\":\"https:\\\/\\\/redenoticiaz.com.br\\\/litoralsp\\\/2024\\\/11\\\/06\\\/menino-de-4-anos-e-morto-em-suposto-confronto-entre-pms-e-criminosos\",\"url\":\"https:\\\/\\\/redenoticiaz.com.br\\\/litoralsp\\\/2024\\\/11\\\/06\\\/menino-de-4-anos-e-morto-em-suposto-confronto-entre-pms-e-criminosos\",\"name\":\"Menino de 4 anos \u00e9 morto em suposto confronto entre PMs e criminosos - Litoral SP\",\"isPartOf\":{\"@id\":\"https:\\\/\\\/redenoticiaz.com.br\\\/litoralsp\\\/#website\"},\"primaryImageOfPage\":{\"@id\":\"https:\\\/\\\/redenoticiaz.com.br\\\/litoralsp\\\/2024\\\/11\\\/06\\\/menino-de-4-anos-e-morto-em-suposto-confronto-entre-pms-e-criminosos#primaryimage\"},\"image\":{\"@id\":\"https:\\\/\\\/redenoticiaz.com.br\\\/litoralsp\\\/2024\\\/11\\\/06\\\/menino-de-4-anos-e-morto-em-suposto-confronto-entre-pms-e-criminosos#primaryimage\"},\"thumbnailUrl\":\"https:\\\/\\\/redenoticiaz.com.br\\\/litoralsp\\\/wp-content\\\/uploads\\\/sites\\\/3\\\/2024\\\/11\\\/Captura-de-tela_6-11-2024_165859_www.metropoles.com_.jpeg\",\"datePublished\":\"2024-11-06T22:50:32+00:00\",\"description\":\"O menino Ryan da Silva Andrade Santos, de 4 anos, morreu na noite desta ter\u00e7a-feira (5) ap\u00f3s ser atingido na regi\u00e3o do abd\u00f4men por um disparo enquanto brincava no morro do S\u00e3o Bento, em Santos.\",\"inLanguage\":\"pt-BR\",\"potentialAction\":[{\"@type\":\"ReadAction\",\"target\":[\"https:\\\/\\\/redenoticiaz.com.br\\\/litoralsp\\\/2024\\\/11\\\/06\\\/menino-de-4-anos-e-morto-em-suposto-confronto-entre-pms-e-criminosos\"]}]},{\"@type\":\"ImageObject\",\"inLanguage\":\"pt-BR\",\"@id\":\"https:\\\/\\\/redenoticiaz.com.br\\\/litoralsp\\\/2024\\\/11\\\/06\\\/menino-de-4-anos-e-morto-em-suposto-confronto-entre-pms-e-criminosos#primaryimage\",\"url\":\"https:\\\/\\\/redenoticiaz.com.br\\\/litoralsp\\\/wp-content\\\/uploads\\\/sites\\\/3\\\/2024\\\/11\\\/Captura-de-tela_6-11-2024_165859_www.metropoles.com_.jpeg\",\"contentUrl\":\"https:\\\/\\\/redenoticiaz.com.br\\\/litoralsp\\\/wp-content\\\/uploads\\\/sites\\\/3\\\/2024\\\/11\\\/Captura-de-tela_6-11-2024_165859_www.metropoles.com_.jpeg\",\"width\":838,\"height\":635},{\"@type\":\"WebSite\",\"@id\":\"https:\\\/\\\/redenoticiaz.com.br\\\/litoralsp\\\/#website\",\"url\":\"https:\\\/\\\/redenoticiaz.com.br\\\/litoralsp\\\/\",\"name\":\"Litoral SP\",\"description\":\"Rede NoticiaZ\",\"publisher\":{\"@id\":\"https:\\\/\\\/redenoticiaz.com.br\\\/litoralsp\\\/#organization\"},\"potentialAction\":[{\"@type\":\"SearchAction\",\"target\":{\"@type\":\"EntryPoint\",\"urlTemplate\":\"https:\\\/\\\/redenoticiaz.com.br\\\/litoralsp\\\/?s={search_term_string}\"},\"query-input\":{\"@type\":\"PropertyValueSpecification\",\"valueRequired\":true,\"valueName\":\"search_term_string\"}}],\"inLanguage\":\"pt-BR\"},{\"@type\":\"Organization\",\"@id\":\"https:\\\/\\\/redenoticiaz.com.br\\\/litoralsp\\\/#organization\",\"name\":\"Litoral SP\",\"url\":\"https:\\\/\\\/redenoticiaz.com.br\\\/litoralsp\\\/\",\"logo\":{\"@type\":\"ImageObject\",\"inLanguage\":\"pt-BR\",\"@id\":\"https:\\\/\\\/redenoticiaz.com.br\\\/litoralsp\\\/#\\\/schema\\\/logo\\\/image\\\/\",\"url\":\"https:\\\/\\\/redenoticiaz.com.br\\\/litoralsp\\\/wp-content\\\/uploads\\\/sites\\\/3\\\/2020\\\/11\\\/logo.jpg\",\"contentUrl\":\"https:\\\/\\\/redenoticiaz.com.br\\\/litoralsp\\\/wp-content\\\/uploads\\\/sites\\\/3\\\/2020\\\/11\\\/logo.jpg\",\"width\":400,\"height\":250,\"caption\":\"Litoral SP\"},\"image\":{\"@id\":\"https:\\\/\\\/redenoticiaz.com.br\\\/litoralsp\\\/#\\\/schema\\\/logo\\\/image\\\/\"}},{\"@type\":\"Person\",\"@id\":\"https:\\\/\\\/redenoticiaz.com.br\\\/litoralsp\\\/#\\\/schema\\\/person\\\/16057b37a3c0ee6b096d7f887c566e2e\",\"name\":\"Gustavo Silva\",\"image\":{\"@type\":\"ImageObject\",\"inLanguage\":\"pt-BR\",\"@id\":\"https:\\\/\\\/secure.gravatar.com\\\/avatar\\\/3ee4e82f93b26de0a7cf4ea5eb7893da637ed6bb0c9170c58065944c56e28a33?s=96&d=mm&r=g\",\"url\":\"https:\\\/\\\/secure.gravatar.com\\\/avatar\\\/3ee4e82f93b26de0a7cf4ea5eb7893da637ed6bb0c9170c58065944c56e28a33?s=96&d=mm&r=g\",\"contentUrl\":\"https:\\\/\\\/secure.gravatar.com\\\/avatar\\\/3ee4e82f93b26de0a7cf4ea5eb7893da637ed6bb0c9170c58065944c56e28a33?s=96&d=mm&r=g\",\"caption\":\"Gustavo Silva\"},\"url\":\"https:\\\/\\\/redenoticiaz.com.br\\\/litoralsp\\\/author\\\/gustavosilva\"}]}<\/script>\n<!-- \/ Yoast SEO plugin. -->","yoast_head_json":{"title":"Menino de 4 anos \u00e9 morto em suposto confronto entre PMs e criminosos - Litoral SP","description":"O menino Ryan da Silva Andrade Santos, de 4 anos, morreu na noite desta ter\u00e7a-feira (5) ap\u00f3s ser atingido na regi\u00e3o do abd\u00f4men por um disparo enquanto brincava no morro do S\u00e3o Bento, em Santos.","robots":{"index":"index","follow":"follow","max-snippet":"max-snippet:-1","max-image-preview":"max-image-preview:large","max-video-preview":"max-video-preview:-1"},"canonical":"https:\/\/redenoticiaz.com.br\/litoralsp\/2024\/11\/06\/menino-de-4-anos-e-morto-em-suposto-confronto-entre-pms-e-criminosos","og_locale":"pt_BR","og_type":"article","og_title":"Menino de 4 anos \u00e9 morto em suposto confronto entre PMs e criminosos - Litoral SP","og_description":"O menino Ryan da Silva Andrade Santos, de 4 anos, morreu na noite desta ter\u00e7a-feira (5) ap\u00f3s ser atingido na regi\u00e3o do abd\u00f4men por um disparo enquanto brincava no morro do S\u00e3o Bento, em Santos.","og_url":"https:\/\/redenoticiaz.com.br\/litoralsp\/2024\/11\/06\/menino-de-4-anos-e-morto-em-suposto-confronto-entre-pms-e-criminosos","og_site_name":"Litoral SP","article_published_time":"2024-11-06T22:50:32+00:00","og_image":[{"width":838,"height":635,"url":"https:\/\/redenoticiaz.com.br\/litoralsp\/wp-content\/uploads\/sites\/3\/2024\/11\/Captura-de-tela_6-11-2024_165859_www.metropoles.com_.jpeg","type":"image\/jpeg"}],"author":"Gustavo Silva","twitter_card":"summary_large_image","twitter_misc":{"Escrito por":"Gustavo Silva","Est. tempo de leitura":"3 minutos"},"schema":{"@context":"https:\/\/schema.org","@graph":[{"@type":"Article","@id":"https:\/\/redenoticiaz.com.br\/litoralsp\/2024\/11\/06\/menino-de-4-anos-e-morto-em-suposto-confronto-entre-pms-e-criminosos#article","isPartOf":{"@id":"https:\/\/redenoticiaz.com.br\/litoralsp\/2024\/11\/06\/menino-de-4-anos-e-morto-em-suposto-confronto-entre-pms-e-criminosos"},"author":{"name":"Gustavo Silva","@id":"https:\/\/redenoticiaz.com.br\/litoralsp\/#\/schema\/person\/16057b37a3c0ee6b096d7f887c566e2e"},"headline":"Menino de 4 anos \u00e9 morto em suposto confronto entre PMs e criminosos","datePublished":"2024-11-06T22:50:32+00:00","mainEntityOfPage":{"@id":"https:\/\/redenoticiaz.com.br\/litoralsp\/2024\/11\/06\/menino-de-4-anos-e-morto-em-suposto-confronto-entre-pms-e-criminosos"},"wordCount":447,"commentCount":0,"publisher":{"@id":"https:\/\/redenoticiaz.com.br\/litoralsp\/#organization"},"image":{"@id":"https:\/\/redenoticiaz.com.br\/litoralsp\/2024\/11\/06\/menino-de-4-anos-e-morto-em-suposto-confronto-entre-pms-e-criminosos#primaryimage"},"thumbnailUrl":"https:\/\/redenoticiaz.com.br\/litoralsp\/wp-content\/uploads\/sites\/3\/2024\/11\/Captura-de-tela_6-11-2024_165859_www.metropoles.com_.jpeg","keywords":["disparo","MORTE","ryan","Santos"],"articleSection":["Pol\u00edcia","Santos"],"inLanguage":"pt-BR","potentialAction":[{"@type":"CommentAction","name":"Comment","target":["https:\/\/redenoticiaz.com.br\/litoralsp\/2024\/11\/06\/menino-de-4-anos-e-morto-em-suposto-confronto-entre-pms-e-criminosos#respond"]}]},{"@type":"WebPage","@id":"https:\/\/redenoticiaz.com.br\/litoralsp\/2024\/11\/06\/menino-de-4-anos-e-morto-em-suposto-confronto-entre-pms-e-criminosos","url":"https:\/\/redenoticiaz.com.br\/litoralsp\/2024\/11\/06\/menino-de-4-anos-e-morto-em-suposto-confronto-entre-pms-e-criminosos","name":"Menino de 4 anos \u00e9 morto em suposto confronto entre PMs e criminosos - Litoral SP","isPartOf":{"@id":"https:\/\/redenoticiaz.com.br\/litoralsp\/#website"},"primaryImageOfPage":{"@id":"https:\/\/redenoticiaz.com.br\/litoralsp\/2024\/11\/06\/menino-de-4-anos-e-morto-em-suposto-confronto-entre-pms-e-criminosos#primaryimage"},"image":{"@id":"https:\/\/redenoticiaz.com.br\/litoralsp\/2024\/11\/06\/menino-de-4-anos-e-morto-em-suposto-confronto-entre-pms-e-criminosos#primaryimage"},"thumbnailUrl":"https:\/\/redenoticiaz.com.br\/litoralsp\/wp-content\/uploads\/sites\/3\/2024\/11\/Captura-de-tela_6-11-2024_165859_www.metropoles.com_.jpeg","datePublished":"2024-11-06T22:50:32+00:00","description":"O menino Ryan da Silva Andrade Santos, de 4 anos, morreu na noite desta ter\u00e7a-feira (5) ap\u00f3s ser atingido na regi\u00e3o do abd\u00f4men por um disparo enquanto brincava no morro do S\u00e3o Bento, em Santos.","inLanguage":"pt-BR","potentialAction":[{"@type":"ReadAction","target":["https:\/\/redenoticiaz.com.br\/litoralsp\/2024\/11\/06\/menino-de-4-anos-e-morto-em-suposto-confronto-entre-pms-e-criminosos"]}]},{"@type":"ImageObject","inLanguage":"pt-BR","@id":"https:\/\/redenoticiaz.com.br\/litoralsp\/2024\/11\/06\/menino-de-4-anos-e-morto-em-suposto-confronto-entre-pms-e-criminosos#primaryimage","url":"https:\/\/redenoticiaz.com.br\/litoralsp\/wp-content\/uploads\/sites\/3\/2024\/11\/Captura-de-tela_6-11-2024_165859_www.metropoles.com_.jpeg","contentUrl":"https:\/\/redenoticiaz.com.br\/litoralsp\/wp-content\/uploads\/sites\/3\/2024\/11\/Captura-de-tela_6-11-2024_165859_www.metropoles.com_.jpeg","width":838,"height":635},{"@type":"WebSite","@id":"https:\/\/redenoticiaz.com.br\/litoralsp\/#website","url":"https:\/\/redenoticiaz.com.br\/litoralsp\/","name":"Litoral SP","description":"Rede NoticiaZ","publisher":{"@id":"https:\/\/redenoticiaz.com.br\/litoralsp\/#organization"},"potentialAction":[{"@type":"SearchAction","target":{"@type":"EntryPoint","urlTemplate":"https:\/\/redenoticiaz.com.br\/litoralsp\/?s={search_term_string}"},"query-input":{"@type":"PropertyValueSpecification","valueRequired":true,"valueName":"search_term_string"}}],"inLanguage":"pt-BR"},{"@type":"Organization","@id":"https:\/\/redenoticiaz.com.br\/litoralsp\/#organization","name":"Litoral SP","url":"https:\/\/redenoticiaz.com.br\/litoralsp\/","logo":{"@type":"ImageObject","inLanguage":"pt-BR","@id":"https:\/\/redenoticiaz.com.br\/litoralsp\/#\/schema\/logo\/image\/","url":"https:\/\/redenoticiaz.com.br\/litoralsp\/wp-content\/uploads\/sites\/3\/2020\/11\/logo.jpg","contentUrl":"https:\/\/redenoticiaz.com.br\/litoralsp\/wp-content\/uploads\/sites\/3\/2020\/11\/logo.jpg","width":400,"height":250,"caption":"Litoral SP"},"image":{"@id":"https:\/\/redenoticiaz.com.br\/litoralsp\/#\/schema\/logo\/image\/"}},{"@type":"Person","@id":"https:\/\/redenoticiaz.com.br\/litoralsp\/#\/schema\/person\/16057b37a3c0ee6b096d7f887c566e2e","name":"Gustavo Silva","image":{"@type":"ImageObject","inLanguage":"pt-BR","@id":"https:\/\/secure.gravatar.com\/avatar\/3ee4e82f93b26de0a7cf4ea5eb7893da637ed6bb0c9170c58065944c56e28a33?s=96&d=mm&r=g","url":"https:\/\/secure.gravatar.com\/avatar\/3ee4e82f93b26de0a7cf4ea5eb7893da637ed6bb0c9170c58065944c56e28a33?s=96&d=mm&r=g","contentUrl":"https:\/\/secure.gravatar.com\/avatar\/3ee4e82f93b26de0a7cf4ea5eb7893da637ed6bb0c9170c58065944c56e28a33?s=96&d=mm&r=g","caption":"Gustavo Silva"},"url":"https:\/\/redenoticiaz.com.br\/litoralsp\/author\/gustavosilva"}]}},"_links":{"self":[{"href":"https:\/\/redenoticiaz.com.br\/litoralsp\/wp-json\/wp\/v2\/posts\/119196","targetHints":{"allow":["GET"]}}],"collection":[{"href":"https:\/\/redenoticiaz.com.br\/litoralsp\/wp-json\/wp\/v2\/posts"}],"about":[{"href":"https:\/\/redenoticiaz.com.br\/litoralsp\/wp-json\/wp\/v2\/types\/post"}],"author":[{"embeddable":true,"href":"https:\/\/redenoticiaz.com.br\/litoralsp\/wp-json\/wp\/v2\/users\/12"}],"replies":[{"embeddable":true,"href":"https:\/\/redenoticiaz.com.br\/litoralsp\/wp-json\/wp\/v2\/comments?post=119196"}],"version-history":[{"count":1,"href":"https:\/\/redenoticiaz.com.br\/litoralsp\/wp-json\/wp\/v2\/posts\/119196\/revisions"}],"predecessor-version":[{"id":119198,"href":"https:\/\/redenoticiaz.com.br\/litoralsp\/wp-json\/wp\/v2\/posts\/119196\/revisions\/119198"}],"wp:featuredmedia":[{"embeddable":true,"href":"https:\/\/redenoticiaz.com.br\/litoralsp\/wp-json\/wp\/v2\/media\/119197"}],"wp:attachment":[{"href":"https:\/\/redenoticiaz.com.br\/litoralsp\/wp-json\/wp\/v2\/media?parent=119196"}],"wp:term":[{"taxonomy":"category","embeddable":true,"href":"https:\/\/redenoticiaz.com.br\/litoralsp\/wp-json\/wp\/v2\/categories?post=119196"},{"taxonomy":"post_tag","embeddable":true,"href":"https:\/\/redenoticiaz.com.br\/litoralsp\/wp-json\/wp\/v2\/tags?post=119196"}],"curies":[{"name":"wp","href":"https:\/\/api.w.org\/{rel}","templated":true}]}}