{"id":119202,"date":"2024-11-07T16:44:09","date_gmt":"2024-11-07T19:44:09","guid":{"rendered":"https:\/\/redenoticiaz.com.br\/litoralsp\/2024\/11\/07\/video-pf-e-pm-prendem-cinco-no-litoral-de-sp-em-operacao-contra-o-trafico-transnacional"},"modified":"2024-11-07T17:38:45","modified_gmt":"2024-11-07T20:38:45","slug":"video-pf-e-pm-prendem-cinco-no-litoral-de-sp-em-operacao-contra-o-trafico-transnacional","status":"publish","type":"post","link":"https:\/\/redenoticiaz.com.br\/litoralsp\/2024\/11\/07\/video-pf-e-pm-prendem-cinco-no-litoral-de-sp-em-operacao-contra-o-trafico-transnacional","title":{"rendered":"V\u00cdDEO \u2013 PF e PM prendem cinco no litoral de SP em opera\u00e7\u00e3o contra o tr\u00e1fico transnacional"},"content":{"rendered":"<p>A Pol\u00edcia Federal deflagrou, com o apoio da Pol\u00edcia Militar de S\u00e3o Paulo, nesta quinta-feira (7), a Opera\u00e7\u00e3o Taeguk, que tem como objetivo reprimir e desarticular organiza\u00e7\u00e3o criminosa respons\u00e1vel pelo tr\u00e1fico transnacional de entorpecentes a partir de portos brasileiros, sobretudo o Porto de Santos\/SP.<\/p>\n<p>O esquema foi respons\u00e1vel pela contamina\u00e7\u00e3o\/inser\u00e7\u00e3o de mais de uma tonelada de entorpecentes (coca\u00edna e maconha) em embarca\u00e7\u00f5es de grande porte, capazes de realizar viagens transoce\u00e2nicas, visando o abastecimento dos mercados europeu e asi\u00e1tico.<\/p>\n<p>Na data de hoje, aproximadamente 200 policiais federais est\u00e3o nas ruas para dar cumprimento a 10 mandados de pris\u00e3o preventiva e 39 mandados de busca e apreens\u00e3o em endere\u00e7os situados nos estados de S\u00e3o Paulo (S\u00e3o Paulo capital, Santos, Guaruj\u00e1, S\u00e3o Vicente, Praia Grande, Bertioga, Caraguatatuba e Paraibuna), Rio de Janeiro (Duque de Caxias), Par\u00e1 (Bel\u00e9m e Barcarena) e Maranh\u00e3o (S\u00e3o Lu\u00eds).<\/p>\n<p>As investiga\u00e7\u00f5es revelaram que o esquema envolvia indiv\u00edduos com expertise em mergulho submarino que se aproveitavam desse conhecimento para \u201cprestar servi\u00e7os\u201d para outras organiza\u00e7\u00f5es criminosas mediante a contamina\u00e7\u00e3o com droga da caixa mar submersa (sea chest) de navios situados nas \u00e1reas de fundeio de portos brasileiros.<\/p>\n<p>Ap\u00f3s a inser\u00e7\u00e3o da coca\u00edna, o n\u00facleo da organiza\u00e7\u00e3o criminosa situada em territ\u00f3rio brasileiro contava com o apoio de uma rede de mergulhadores ao redor do mundo para a retirada da droga em outros pa\u00edses.<\/p>\n<p>Foram identificados ao menos sete eventos de tr\u00e1fico transnacional de drogas, todos em 2024, vinculados \u00e0 atua\u00e7\u00e3o desta organiza\u00e7\u00e3o criminosa, totalizando, aproximadamente, mais de uma tonelada\u00a0apreendida\u00a0de entorpecentes<\/p>\n<p>As investiga\u00e7\u00f5es revelaram, ainda, que os envolvidos empregavam, al\u00e9m da contamina\u00e7\u00e3o de sea chest, outras formas de inser\u00e7\u00e3o de drogas nas embarca\u00e7\u00f5es, como a modalidade i\u00e7amento, quando necessariamente h\u00e1 participa\u00e7\u00e3o de tripulantes dos navios na coloca\u00e7\u00e3o e oculta\u00e7\u00e3o da droga.<\/p>\n<p>As pessoas relacionadas aos fatos investigados poder\u00e3o responder, cada qual dentro da sua esfera de responsabilidade, pelos crimes de tr\u00e1fico transnacional de drogas, associa\u00e7\u00e3o para fins de tr\u00e1fico, bem como o crime de organiza\u00e7\u00e3o criminosa. As penas cominadas podem ultrapassar 35 anos de reclus\u00e3o, sem contar com a majorante ligada \u00e0 transnacionalidade dos delitos.<\/p>\n<p>A investiga\u00e7\u00e3o teve a participa\u00e7\u00e3o do escrit\u00f3rio do DEA\/SP, da Marinha do Brasil, bem como contou com pedidos de coopera\u00e7\u00e3o jur\u00eddica internacional em mat\u00e9ria penal, com apoio imprescind\u00edvel de pa\u00edses parceiros como a Coreia do Sul, Rep\u00fablica Popular da China e Espanha.<\/p>\n<div class=\"wp-playlist wp-video-playlist wp-playlist-light\">\n\t\t<video controls=\"controls\" preload=\"none\" width=\"640\"\n\t\t height=\"362\"\t><\/video>\n\t<div class=\"wp-playlist-next\"><\/div>\n\t<div class=\"wp-playlist-prev\"><\/div>\n\t<noscript>\n\t<ol>\n\t\t<li><a href='https:\/\/redenoticiaz.com.br\/litoralsp\/wp-content\/uploads\/sites\/3\/2024\/11\/WhatsApp-Video-2024-11-07-at-14.42.43-1.mp4'>WhatsApp Video 2024-11-07 at 14.42.43 (1)<\/a><\/li><li><a href='https:\/\/redenoticiaz.com.br\/litoralsp\/wp-content\/uploads\/sites\/3\/2024\/11\/WhatsApp-Video-2024-11-07-at-14.42.43.mp4'>WhatsApp Video 2024-11-07 at 14.42.43<\/a><\/li>\t<\/ol>\n\t<\/noscript>\n\t<script type=\"application\/json\" class=\"wp-playlist-script\">{\"type\":\"video\",\"tracklist\":true,\"tracknumbers\":true,\"images\":true,\"artists\":true,\"tracks\":[{\"src\":\"https:\/\/redenoticiaz.com.br\/litoralsp\/wp-content\/uploads\/sites\/3\/2024\/11\/WhatsApp-Video-2024-11-07-at-14.42.43-1.mp4\",\"type\":\"video\/mp4\",\"title\":\"WhatsApp Video 2024-11-07 at 14.42.43 (1)\",\"caption\":\"\",\"description\":\"\",\"meta\":{\"length_formatted\":\"0:07\"},\"dimensions\":{\"original\":{\"width\":848,\"height\":480},\"resized\":{\"width\":640,\"height\":362}},\"image\":{\"src\":\"https:\/\/redenoticiaz.com.br\/litoralsp\/wp-includes\/images\/media\/video.svg\",\"width\":48,\"height\":64},\"thumb\":{\"src\":\"https:\/\/redenoticiaz.com.br\/litoralsp\/wp-includes\/images\/media\/video.svg\",\"width\":48,\"height\":64}},{\"src\":\"https:\/\/redenoticiaz.com.br\/litoralsp\/wp-content\/uploads\/sites\/3\/2024\/11\/WhatsApp-Video-2024-11-07-at-14.42.43.mp4\",\"type\":\"video\/mp4\",\"title\":\"WhatsApp Video 2024-11-07 at 14.42.43\",\"caption\":\"\",\"description\":\"\",\"meta\":{\"length_formatted\":\"0:05\"},\"dimensions\":{\"original\":{\"width\":848,\"height\":480},\"resized\":{\"width\":640,\"height\":362}},\"image\":{\"src\":\"https:\/\/redenoticiaz.com.br\/litoralsp\/wp-includes\/images\/media\/video.svg\",\"width\":48,\"height\":64},\"thumb\":{\"src\":\"https:\/\/redenoticiaz.com.br\/litoralsp\/wp-includes\/images\/media\/video.svg\",\"width\":48,\"height\":64}}]}<\/script>\n<\/div>\n\t\n<p>Leia mais<\/p>\n<p><a href=\"https:\/\/redenoticiaz.com.br\/blog\/2024\/09\/26\/operacao-da-policia-federal-e-realizada-em-jundiai-e-campo-limpo-paulista\">Opera\u00e7\u00e3o da Pol\u00edcia Federal \u00e9 realizada em Jundia\u00ed e Campo Limpo Paulista<\/a><\/p>\n<p><a href=\"https:\/\/redenoticiaz.com.br\/blog\/2024\/03\/24\/policia-federal-prende-tres-suspeitos-de-mandar-matar-marielle-franco\">Pol\u00edcia Federal indicia Bolsonaro por falsifica\u00e7\u00e3o de certificados de vacinas<\/a><\/p>\n","protected":false},"excerpt":{"rendered":"<p>A Pol\u00edcia Federal deflagrou, com o apoio da Pol\u00edcia Militar de S\u00e3o Paulo, nesta quinta-feira (7), a Opera\u00e7\u00e3o Taeguk, que tem como objetivo reprimir e desarticular organiza\u00e7\u00e3o criminosa respons\u00e1vel pelo tr\u00e1fico transnacional de entorpecentes a partir de portos brasileiros, sobretudo o Porto de Santos\/SP. O esquema foi respons\u00e1vel pela contamina\u00e7\u00e3o\/inser\u00e7\u00e3o de mais de uma tonelada &hellip;<\/p>\n","protected":false},"author":12,"featured_media":119205,"comment_status":"open","ping_status":"closed","sticky":false,"template":"","format":"standard","meta":{"footnotes":""},"categories":[22,10,180],"tags":[72,14,74,986,31763],"class_list":["post-119202","post","type-post","status-publish","format-standard","has-post-thumbnail","hentry","category-justica","category-policia","category-santos","tag-drogas","tag-policia-federal","tag-porto-de-santos","tag-santos","tag-trafico-2"],"yoast_head":"<!-- This site is optimized with the Yoast SEO plugin v27.4 - https:\/\/yoast.com\/product\/yoast-seo-wordpress\/ -->\n<title>V\u00cdDEO \u2013 PF e PM prendem cinco no litoral de SP em opera\u00e7\u00e3o contra o tr\u00e1fico transnacional - Litoral SP<\/title>\n<meta name=\"description\" content=\"A Pol\u00edcia Federal deflagrou, com o apoio da Pol\u00edcia Militar de S\u00e3o Paulo, nesta quinta-feira (7), a Opera\u00e7\u00e3o Taeguk, que tem como objetivo reprimir e desarticular organiza\u00e7\u00e3o criminosa respons\u00e1vel pelo tr\u00e1fico transnacional de entorpecentes a partir de portos brasileiros, sobretudo o Porto de Santos\/SP.\" \/>\n<meta name=\"robots\" content=\"index, follow, max-snippet:-1, max-image-preview:large, max-video-preview:-1\" \/>\n<link rel=\"canonical\" href=\"https:\/\/redenoticiaz.com.br\/litoralsp\/2024\/11\/07\/video-pf-e-pm-prendem-cinco-no-litoral-de-sp-em-operacao-contra-o-trafico-transnacional\" \/>\n<meta property=\"og:locale\" content=\"pt_BR\" \/>\n<meta property=\"og:type\" content=\"article\" \/>\n<meta property=\"og:title\" content=\"V\u00cdDEO \u2013 PF e PM prendem cinco no litoral de SP em opera\u00e7\u00e3o contra o tr\u00e1fico transnacional - Litoral SP\" \/>\n<meta property=\"og:description\" content=\"A Pol\u00edcia Federal deflagrou, com o apoio da Pol\u00edcia Militar de S\u00e3o Paulo, nesta quinta-feira (7), a Opera\u00e7\u00e3o Taeguk, que tem como objetivo reprimir e desarticular organiza\u00e7\u00e3o criminosa respons\u00e1vel pelo tr\u00e1fico transnacional de entorpecentes a partir de portos brasileiros, sobretudo o Porto de Santos\/SP.\" \/>\n<meta property=\"og:url\" content=\"https:\/\/redenoticiaz.com.br\/litoralsp\/2024\/11\/07\/video-pf-e-pm-prendem-cinco-no-litoral-de-sp-em-operacao-contra-o-trafico-transnacional\" \/>\n<meta property=\"og:site_name\" content=\"Litoral SP\" \/>\n<meta property=\"article:published_time\" content=\"2024-11-07T19:44:09+00:00\" \/>\n<meta property=\"article:modified_time\" content=\"2024-11-07T20:38:45+00:00\" \/>\n<meta property=\"og:image\" content=\"https:\/\/redenoticiaz.com.br\/litoralsp\/wp-content\/uploads\/sites\/3\/2024\/11\/WhatsApp-Image-2024-11-07-at-14.02.56.jpeg?v=1731001360\" \/>\n\t<meta property=\"og:image:width\" content=\"1280\" \/>\n\t<meta property=\"og:image:height\" content=\"960\" \/>\n\t<meta property=\"og:image:type\" content=\"image\/jpeg\" \/>\n<meta name=\"author\" content=\"Gustavo Silva\" \/>\n<meta name=\"twitter:card\" content=\"summary_large_image\" \/>\n<meta name=\"twitter:label1\" content=\"Escrito por\" \/>\n\t<meta name=\"twitter:data1\" content=\"Gustavo Silva\" \/>\n\t<meta name=\"twitter:label2\" content=\"Est. tempo de leitura\" \/>\n\t<meta name=\"twitter:data2\" content=\"3 minutos\" \/>\n<script type=\"application\/ld+json\" class=\"yoast-schema-graph\">{\"@context\":\"https:\\\/\\\/schema.org\",\"@graph\":[{\"@type\":\"Article\",\"@id\":\"https:\\\/\\\/redenoticiaz.com.br\\\/litoralsp\\\/2024\\\/11\\\/07\\\/video-pf-e-pm-prendem-cinco-no-litoral-de-sp-em-operacao-contra-o-trafico-transnacional#article\",\"isPartOf\":{\"@id\":\"https:\\\/\\\/redenoticiaz.com.br\\\/litoralsp\\\/2024\\\/11\\\/07\\\/video-pf-e-pm-prendem-cinco-no-litoral-de-sp-em-operacao-contra-o-trafico-transnacional\"},\"author\":{\"name\":\"Gustavo Silva\",\"@id\":\"https:\\\/\\\/redenoticiaz.com.br\\\/litoralsp\\\/#\\\/schema\\\/person\\\/16057b37a3c0ee6b096d7f887c566e2e\"},\"headline\":\"V\u00cdDEO \u2013 PF e PM prendem cinco no litoral de SP em opera\u00e7\u00e3o contra o tr\u00e1fico transnacional\",\"datePublished\":\"2024-11-07T19:44:09+00:00\",\"dateModified\":\"2024-11-07T20:38:45+00:00\",\"mainEntityOfPage\":{\"@id\":\"https:\\\/\\\/redenoticiaz.com.br\\\/litoralsp\\\/2024\\\/11\\\/07\\\/video-pf-e-pm-prendem-cinco-no-litoral-de-sp-em-operacao-contra-o-trafico-transnacional\"},\"wordCount\":495,\"commentCount\":0,\"publisher\":{\"@id\":\"https:\\\/\\\/redenoticiaz.com.br\\\/litoralsp\\\/#organization\"},\"image\":{\"@id\":\"https:\\\/\\\/redenoticiaz.com.br\\\/litoralsp\\\/2024\\\/11\\\/07\\\/video-pf-e-pm-prendem-cinco-no-litoral-de-sp-em-operacao-contra-o-trafico-transnacional#primaryimage\"},\"thumbnailUrl\":\"https:\\\/\\\/redenoticiaz.com.br\\\/litoralsp\\\/wp-content\\\/uploads\\\/sites\\\/3\\\/2024\\\/11\\\/WhatsApp-Image-2024-11-07-at-14.02.56.jpeg?v=1731001360\",\"keywords\":[\"drogas\",\"policia federal\",\"porto de santos\",\"Santos\",\"Tr\u00e1fico\"],\"articleSection\":[\"Justi\u00e7a\",\"Pol\u00edcia\",\"Santos\"],\"inLanguage\":\"pt-BR\",\"potentialAction\":[{\"@type\":\"CommentAction\",\"name\":\"Comment\",\"target\":[\"https:\\\/\\\/redenoticiaz.com.br\\\/litoralsp\\\/2024\\\/11\\\/07\\\/video-pf-e-pm-prendem-cinco-no-litoral-de-sp-em-operacao-contra-o-trafico-transnacional#respond\"]}]},{\"@type\":\"WebPage\",\"@id\":\"https:\\\/\\\/redenoticiaz.com.br\\\/litoralsp\\\/2024\\\/11\\\/07\\\/video-pf-e-pm-prendem-cinco-no-litoral-de-sp-em-operacao-contra-o-trafico-transnacional\",\"url\":\"https:\\\/\\\/redenoticiaz.com.br\\\/litoralsp\\\/2024\\\/11\\\/07\\\/video-pf-e-pm-prendem-cinco-no-litoral-de-sp-em-operacao-contra-o-trafico-transnacional\",\"name\":\"V\u00cdDEO \u2013 PF e PM prendem cinco no litoral de SP em opera\u00e7\u00e3o contra o tr\u00e1fico transnacional - Litoral SP\",\"isPartOf\":{\"@id\":\"https:\\\/\\\/redenoticiaz.com.br\\\/litoralsp\\\/#website\"},\"primaryImageOfPage\":{\"@id\":\"https:\\\/\\\/redenoticiaz.com.br\\\/litoralsp\\\/2024\\\/11\\\/07\\\/video-pf-e-pm-prendem-cinco-no-litoral-de-sp-em-operacao-contra-o-trafico-transnacional#primaryimage\"},\"image\":{\"@id\":\"https:\\\/\\\/redenoticiaz.com.br\\\/litoralsp\\\/2024\\\/11\\\/07\\\/video-pf-e-pm-prendem-cinco-no-litoral-de-sp-em-operacao-contra-o-trafico-transnacional#primaryimage\"},\"thumbnailUrl\":\"https:\\\/\\\/redenoticiaz.com.br\\\/litoralsp\\\/wp-content\\\/uploads\\\/sites\\\/3\\\/2024\\\/11\\\/WhatsApp-Image-2024-11-07-at-14.02.56.jpeg?v=1731001360\",\"datePublished\":\"2024-11-07T19:44:09+00:00\",\"dateModified\":\"2024-11-07T20:38:45+00:00\",\"description\":\"A Pol\u00edcia Federal deflagrou, com o apoio da Pol\u00edcia Militar de S\u00e3o Paulo, nesta quinta-feira (7), a Opera\u00e7\u00e3o Taeguk, que tem como objetivo reprimir e desarticular organiza\u00e7\u00e3o criminosa respons\u00e1vel pelo tr\u00e1fico transnacional de entorpecentes a partir de portos brasileiros, sobretudo o Porto de Santos\\\/SP.\",\"inLanguage\":\"pt-BR\",\"potentialAction\":[{\"@type\":\"ReadAction\",\"target\":[\"https:\\\/\\\/redenoticiaz.com.br\\\/litoralsp\\\/2024\\\/11\\\/07\\\/video-pf-e-pm-prendem-cinco-no-litoral-de-sp-em-operacao-contra-o-trafico-transnacional\"]}]},{\"@type\":\"ImageObject\",\"inLanguage\":\"pt-BR\",\"@id\":\"https:\\\/\\\/redenoticiaz.com.br\\\/litoralsp\\\/2024\\\/11\\\/07\\\/video-pf-e-pm-prendem-cinco-no-litoral-de-sp-em-operacao-contra-o-trafico-transnacional#primaryimage\",\"url\":\"https:\\\/\\\/redenoticiaz.com.br\\\/litoralsp\\\/wp-content\\\/uploads\\\/sites\\\/3\\\/2024\\\/11\\\/WhatsApp-Image-2024-11-07-at-14.02.56.jpeg?v=1731001360\",\"contentUrl\":\"https:\\\/\\\/redenoticiaz.com.br\\\/litoralsp\\\/wp-content\\\/uploads\\\/sites\\\/3\\\/2024\\\/11\\\/WhatsApp-Image-2024-11-07-at-14.02.56.jpeg?v=1731001360\",\"width\":1280,\"height\":960},{\"@type\":\"WebSite\",\"@id\":\"https:\\\/\\\/redenoticiaz.com.br\\\/litoralsp\\\/#website\",\"url\":\"https:\\\/\\\/redenoticiaz.com.br\\\/litoralsp\\\/\",\"name\":\"Litoral SP\",\"description\":\"Rede NoticiaZ\",\"publisher\":{\"@id\":\"https:\\\/\\\/redenoticiaz.com.br\\\/litoralsp\\\/#organization\"},\"potentialAction\":[{\"@type\":\"SearchAction\",\"target\":{\"@type\":\"EntryPoint\",\"urlTemplate\":\"https:\\\/\\\/redenoticiaz.com.br\\\/litoralsp\\\/?s={search_term_string}\"},\"query-input\":{\"@type\":\"PropertyValueSpecification\",\"valueRequired\":true,\"valueName\":\"search_term_string\"}}],\"inLanguage\":\"pt-BR\"},{\"@type\":\"Organization\",\"@id\":\"https:\\\/\\\/redenoticiaz.com.br\\\/litoralsp\\\/#organization\",\"name\":\"Litoral SP\",\"url\":\"https:\\\/\\\/redenoticiaz.com.br\\\/litoralsp\\\/\",\"logo\":{\"@type\":\"ImageObject\",\"inLanguage\":\"pt-BR\",\"@id\":\"https:\\\/\\\/redenoticiaz.com.br\\\/litoralsp\\\/#\\\/schema\\\/logo\\\/image\\\/\",\"url\":\"https:\\\/\\\/redenoticiaz.com.br\\\/litoralsp\\\/wp-content\\\/uploads\\\/sites\\\/3\\\/2020\\\/11\\\/logo.jpg\",\"contentUrl\":\"https:\\\/\\\/redenoticiaz.com.br\\\/litoralsp\\\/wp-content\\\/uploads\\\/sites\\\/3\\\/2020\\\/11\\\/logo.jpg\",\"width\":400,\"height\":250,\"caption\":\"Litoral SP\"},\"image\":{\"@id\":\"https:\\\/\\\/redenoticiaz.com.br\\\/litoralsp\\\/#\\\/schema\\\/logo\\\/image\\\/\"}},{\"@type\":\"Person\",\"@id\":\"https:\\\/\\\/redenoticiaz.com.br\\\/litoralsp\\\/#\\\/schema\\\/person\\\/16057b37a3c0ee6b096d7f887c566e2e\",\"name\":\"Gustavo Silva\",\"image\":{\"@type\":\"ImageObject\",\"inLanguage\":\"pt-BR\",\"@id\":\"https:\\\/\\\/secure.gravatar.com\\\/avatar\\\/3ee4e82f93b26de0a7cf4ea5eb7893da637ed6bb0c9170c58065944c56e28a33?s=96&d=mm&r=g\",\"url\":\"https:\\\/\\\/secure.gravatar.com\\\/avatar\\\/3ee4e82f93b26de0a7cf4ea5eb7893da637ed6bb0c9170c58065944c56e28a33?s=96&d=mm&r=g\",\"contentUrl\":\"https:\\\/\\\/secure.gravatar.com\\\/avatar\\\/3ee4e82f93b26de0a7cf4ea5eb7893da637ed6bb0c9170c58065944c56e28a33?s=96&d=mm&r=g\",\"caption\":\"Gustavo Silva\"},\"url\":\"https:\\\/\\\/redenoticiaz.com.br\\\/litoralsp\\\/author\\\/gustavosilva\"}]}<\/script>\n<!-- \/ Yoast SEO plugin. -->","yoast_head_json":{"title":"V\u00cdDEO \u2013 PF e PM prendem cinco no litoral de SP em opera\u00e7\u00e3o contra o tr\u00e1fico transnacional - Litoral SP","description":"A Pol\u00edcia Federal deflagrou, com o apoio da Pol\u00edcia Militar de S\u00e3o Paulo, nesta quinta-feira (7), a Opera\u00e7\u00e3o Taeguk, que tem como objetivo reprimir e desarticular organiza\u00e7\u00e3o criminosa respons\u00e1vel pelo tr\u00e1fico transnacional de entorpecentes a partir de portos brasileiros, sobretudo o Porto de Santos\/SP.","robots":{"index":"index","follow":"follow","max-snippet":"max-snippet:-1","max-image-preview":"max-image-preview:large","max-video-preview":"max-video-preview:-1"},"canonical":"https:\/\/redenoticiaz.com.br\/litoralsp\/2024\/11\/07\/video-pf-e-pm-prendem-cinco-no-litoral-de-sp-em-operacao-contra-o-trafico-transnacional","og_locale":"pt_BR","og_type":"article","og_title":"V\u00cdDEO \u2013 PF e PM prendem cinco no litoral de SP em opera\u00e7\u00e3o contra o tr\u00e1fico transnacional - Litoral SP","og_description":"A Pol\u00edcia Federal deflagrou, com o apoio da Pol\u00edcia Militar de S\u00e3o Paulo, nesta quinta-feira (7), a Opera\u00e7\u00e3o Taeguk, que tem como objetivo reprimir e desarticular organiza\u00e7\u00e3o criminosa respons\u00e1vel pelo tr\u00e1fico transnacional de entorpecentes a partir de portos brasileiros, sobretudo o Porto de Santos\/SP.","og_url":"https:\/\/redenoticiaz.com.br\/litoralsp\/2024\/11\/07\/video-pf-e-pm-prendem-cinco-no-litoral-de-sp-em-operacao-contra-o-trafico-transnacional","og_site_name":"Litoral SP","article_published_time":"2024-11-07T19:44:09+00:00","article_modified_time":"2024-11-07T20:38:45+00:00","og_image":[{"width":1280,"height":960,"url":"https:\/\/redenoticiaz.com.br\/litoralsp\/wp-content\/uploads\/sites\/3\/2024\/11\/WhatsApp-Image-2024-11-07-at-14.02.56.jpeg?v=1731001360","type":"image\/jpeg"}],"author":"Gustavo Silva","twitter_card":"summary_large_image","twitter_misc":{"Escrito por":"Gustavo Silva","Est. tempo de leitura":"3 minutos"},"schema":{"@context":"https:\/\/schema.org","@graph":[{"@type":"Article","@id":"https:\/\/redenoticiaz.com.br\/litoralsp\/2024\/11\/07\/video-pf-e-pm-prendem-cinco-no-litoral-de-sp-em-operacao-contra-o-trafico-transnacional#article","isPartOf":{"@id":"https:\/\/redenoticiaz.com.br\/litoralsp\/2024\/11\/07\/video-pf-e-pm-prendem-cinco-no-litoral-de-sp-em-operacao-contra-o-trafico-transnacional"},"author":{"name":"Gustavo Silva","@id":"https:\/\/redenoticiaz.com.br\/litoralsp\/#\/schema\/person\/16057b37a3c0ee6b096d7f887c566e2e"},"headline":"V\u00cdDEO \u2013 PF e PM prendem cinco no litoral de SP em opera\u00e7\u00e3o contra o tr\u00e1fico transnacional","datePublished":"2024-11-07T19:44:09+00:00","dateModified":"2024-11-07T20:38:45+00:00","mainEntityOfPage":{"@id":"https:\/\/redenoticiaz.com.br\/litoralsp\/2024\/11\/07\/video-pf-e-pm-prendem-cinco-no-litoral-de-sp-em-operacao-contra-o-trafico-transnacional"},"wordCount":495,"commentCount":0,"publisher":{"@id":"https:\/\/redenoticiaz.com.br\/litoralsp\/#organization"},"image":{"@id":"https:\/\/redenoticiaz.com.br\/litoralsp\/2024\/11\/07\/video-pf-e-pm-prendem-cinco-no-litoral-de-sp-em-operacao-contra-o-trafico-transnacional#primaryimage"},"thumbnailUrl":"https:\/\/redenoticiaz.com.br\/litoralsp\/wp-content\/uploads\/sites\/3\/2024\/11\/WhatsApp-Image-2024-11-07-at-14.02.56.jpeg?v=1731001360","keywords":["drogas","policia federal","porto de santos","Santos","Tr\u00e1fico"],"articleSection":["Justi\u00e7a","Pol\u00edcia","Santos"],"inLanguage":"pt-BR","potentialAction":[{"@type":"CommentAction","name":"Comment","target":["https:\/\/redenoticiaz.com.br\/litoralsp\/2024\/11\/07\/video-pf-e-pm-prendem-cinco-no-litoral-de-sp-em-operacao-contra-o-trafico-transnacional#respond"]}]},{"@type":"WebPage","@id":"https:\/\/redenoticiaz.com.br\/litoralsp\/2024\/11\/07\/video-pf-e-pm-prendem-cinco-no-litoral-de-sp-em-operacao-contra-o-trafico-transnacional","url":"https:\/\/redenoticiaz.com.br\/litoralsp\/2024\/11\/07\/video-pf-e-pm-prendem-cinco-no-litoral-de-sp-em-operacao-contra-o-trafico-transnacional","name":"V\u00cdDEO \u2013 PF e PM prendem cinco no litoral de SP em opera\u00e7\u00e3o contra o tr\u00e1fico transnacional - Litoral SP","isPartOf":{"@id":"https:\/\/redenoticiaz.com.br\/litoralsp\/#website"},"primaryImageOfPage":{"@id":"https:\/\/redenoticiaz.com.br\/litoralsp\/2024\/11\/07\/video-pf-e-pm-prendem-cinco-no-litoral-de-sp-em-operacao-contra-o-trafico-transnacional#primaryimage"},"image":{"@id":"https:\/\/redenoticiaz.com.br\/litoralsp\/2024\/11\/07\/video-pf-e-pm-prendem-cinco-no-litoral-de-sp-em-operacao-contra-o-trafico-transnacional#primaryimage"},"thumbnailUrl":"https:\/\/redenoticiaz.com.br\/litoralsp\/wp-content\/uploads\/sites\/3\/2024\/11\/WhatsApp-Image-2024-11-07-at-14.02.56.jpeg?v=1731001360","datePublished":"2024-11-07T19:44:09+00:00","dateModified":"2024-11-07T20:38:45+00:00","description":"A Pol\u00edcia Federal deflagrou, com o apoio da Pol\u00edcia Militar de S\u00e3o Paulo, nesta quinta-feira (7), a Opera\u00e7\u00e3o Taeguk, que tem como objetivo reprimir e desarticular organiza\u00e7\u00e3o criminosa respons\u00e1vel pelo tr\u00e1fico transnacional de entorpecentes a partir de portos brasileiros, sobretudo o Porto de Santos\/SP.","inLanguage":"pt-BR","potentialAction":[{"@type":"ReadAction","target":["https:\/\/redenoticiaz.com.br\/litoralsp\/2024\/11\/07\/video-pf-e-pm-prendem-cinco-no-litoral-de-sp-em-operacao-contra-o-trafico-transnacional"]}]},{"@type":"ImageObject","inLanguage":"pt-BR","@id":"https:\/\/redenoticiaz.com.br\/litoralsp\/2024\/11\/07\/video-pf-e-pm-prendem-cinco-no-litoral-de-sp-em-operacao-contra-o-trafico-transnacional#primaryimage","url":"https:\/\/redenoticiaz.com.br\/litoralsp\/wp-content\/uploads\/sites\/3\/2024\/11\/WhatsApp-Image-2024-11-07-at-14.02.56.jpeg?v=1731001360","contentUrl":"https:\/\/redenoticiaz.com.br\/litoralsp\/wp-content\/uploads\/sites\/3\/2024\/11\/WhatsApp-Image-2024-11-07-at-14.02.56.jpeg?v=1731001360","width":1280,"height":960},{"@type":"WebSite","@id":"https:\/\/redenoticiaz.com.br\/litoralsp\/#website","url":"https:\/\/redenoticiaz.com.br\/litoralsp\/","name":"Litoral SP","description":"Rede NoticiaZ","publisher":{"@id":"https:\/\/redenoticiaz.com.br\/litoralsp\/#organization"},"potentialAction":[{"@type":"SearchAction","target":{"@type":"EntryPoint","urlTemplate":"https:\/\/redenoticiaz.com.br\/litoralsp\/?s={search_term_string}"},"query-input":{"@type":"PropertyValueSpecification","valueRequired":true,"valueName":"search_term_string"}}],"inLanguage":"pt-BR"},{"@type":"Organization","@id":"https:\/\/redenoticiaz.com.br\/litoralsp\/#organization","name":"Litoral SP","url":"https:\/\/redenoticiaz.com.br\/litoralsp\/","logo":{"@type":"ImageObject","inLanguage":"pt-BR","@id":"https:\/\/redenoticiaz.com.br\/litoralsp\/#\/schema\/logo\/image\/","url":"https:\/\/redenoticiaz.com.br\/litoralsp\/wp-content\/uploads\/sites\/3\/2020\/11\/logo.jpg","contentUrl":"https:\/\/redenoticiaz.com.br\/litoralsp\/wp-content\/uploads\/sites\/3\/2020\/11\/logo.jpg","width":400,"height":250,"caption":"Litoral SP"},"image":{"@id":"https:\/\/redenoticiaz.com.br\/litoralsp\/#\/schema\/logo\/image\/"}},{"@type":"Person","@id":"https:\/\/redenoticiaz.com.br\/litoralsp\/#\/schema\/person\/16057b37a3c0ee6b096d7f887c566e2e","name":"Gustavo Silva","image":{"@type":"ImageObject","inLanguage":"pt-BR","@id":"https:\/\/secure.gravatar.com\/avatar\/3ee4e82f93b26de0a7cf4ea5eb7893da637ed6bb0c9170c58065944c56e28a33?s=96&d=mm&r=g","url":"https:\/\/secure.gravatar.com\/avatar\/3ee4e82f93b26de0a7cf4ea5eb7893da637ed6bb0c9170c58065944c56e28a33?s=96&d=mm&r=g","contentUrl":"https:\/\/secure.gravatar.com\/avatar\/3ee4e82f93b26de0a7cf4ea5eb7893da637ed6bb0c9170c58065944c56e28a33?s=96&d=mm&r=g","caption":"Gustavo Silva"},"url":"https:\/\/redenoticiaz.com.br\/litoralsp\/author\/gustavosilva"}]}},"_links":{"self":[{"href":"https:\/\/redenoticiaz.com.br\/litoralsp\/wp-json\/wp\/v2\/posts\/119202","targetHints":{"allow":["GET"]}}],"collection":[{"href":"https:\/\/redenoticiaz.com.br\/litoralsp\/wp-json\/wp\/v2\/posts"}],"about":[{"href":"https:\/\/redenoticiaz.com.br\/litoralsp\/wp-json\/wp\/v2\/types\/post"}],"author":[{"embeddable":true,"href":"https:\/\/redenoticiaz.com.br\/litoralsp\/wp-json\/wp\/v2\/users\/12"}],"replies":[{"embeddable":true,"href":"https:\/\/redenoticiaz.com.br\/litoralsp\/wp-json\/wp\/v2\/comments?post=119202"}],"version-history":[{"count":3,"href":"https:\/\/redenoticiaz.com.br\/litoralsp\/wp-json\/wp\/v2\/posts\/119202\/revisions"}],"predecessor-version":[{"id":119208,"href":"https:\/\/redenoticiaz.com.br\/litoralsp\/wp-json\/wp\/v2\/posts\/119202\/revisions\/119208"}],"wp:featuredmedia":[{"embeddable":true,"href":"https:\/\/redenoticiaz.com.br\/litoralsp\/wp-json\/wp\/v2\/media\/119205"}],"wp:attachment":[{"href":"https:\/\/redenoticiaz.com.br\/litoralsp\/wp-json\/wp\/v2\/media?parent=119202"}],"wp:term":[{"taxonomy":"category","embeddable":true,"href":"https:\/\/redenoticiaz.com.br\/litoralsp\/wp-json\/wp\/v2\/categories?post=119202"},{"taxonomy":"post_tag","embeddable":true,"href":"https:\/\/redenoticiaz.com.br\/litoralsp\/wp-json\/wp\/v2\/tags?post=119202"}],"curies":[{"name":"wp","href":"https:\/\/api.w.org\/{rel}","templated":true}]}}