{"id":119215,"date":"2024-11-07T19:00:54","date_gmt":"2024-11-07T22:00:54","guid":{"rendered":"https:\/\/redenoticiaz.com.br\/litoralsp\/?p=119215"},"modified":"2024-11-07T17:46:27","modified_gmt":"2024-11-07T20:46:27","slug":"gcm-flagra-furto-de-cabos-de-energia-em-plena-luz-do-dia","status":"publish","type":"post","link":"https:\/\/redenoticiaz.com.br\/litoralsp\/2024\/11\/07\/gcm-flagra-furto-de-cabos-de-energia-em-plena-luz-do-dia","title":{"rendered":"GCM flagra furto de cabos de energia em plena luz do dia"},"content":{"rendered":"<div class=\"post-content__content\">Em uma semana a Guarda Civil Municipal (GCM) de Bertioga realizou a apreens\u00e3o de mais de 20KG de fios de energia furtados.<\/div>\n<div><\/div>\n<div class=\"post-content__content\">O \u00faltimo flagrante ocorreu durante patrulhamento no bairro Vista Linda, onde agentes receberam a den\u00fancia de moradores sobre dois suspeitos que estariam furtando cabeamentos.<\/p>\n<p>O flagrante foi realizado cerca das 9h da manh\u00e3, quando a guarni\u00e7\u00e3o identificou o primeiro suspeito na Rua Emanoel Taumaturgo, bairro Vista Linda. Em sua posse, estavam 17 quilos de fios de cobre. Alguns metros \u00e0 frente, o segundo indiv\u00edduo foi abordado com duas mochilas, onde foram encontrados fac\u00e3o e alicate.<\/p>\n<p>A Guarda conduziu os suspeitos para exame de corpo de delito no Hospital Municipal de Bertioga. Posteriormente os envolvidos foram levados \u00e0 Delegacia de Pol\u00edcia, que registrou o boletim e formalizou a pris\u00e3o.<\/p>\n<p>A Corpora\u00e7\u00e3o faz apelo para que a popula\u00e7\u00e3o denuncie a\u00e7\u00f5es suspeitas. A Guarda Civil Municipal atende 24h atrav\u00e9s do n\u00famero 153, com liga\u00e7\u00f5es diretas gratuitas.<\/p><\/div>\n<div class=\"post-content__author\"><\/div>\n<div><strong>Leia mais<\/strong><\/div>\n<div><\/div>\n<div><a href=\"https:\/\/redenoticiaz.com.br\/litoralsp\/2024\/11\/06\/menino-de-4-anos-e-morto-em-suposto-confronto-entre-pms-e-criminosos\">Menino de 4 anos \u00e9 morto em suposto confronto entre PMs e criminosos<\/a><\/div>\n<div><a href=\"https:\/\/redenoticiaz.com.br\/litoralsp\/2024\/11\/07\/video-pf-e-pm-prendem-cinco-no-litoral-de-sp-em-operacao-contra-o-trafico-transnacional\">V\u00cdDEO \u2013 PF e PM prendem cinco no litoral de SP em opera\u00e7\u00e3o contra o tr\u00e1fico transnacional<\/a><\/div>\n","protected":false},"excerpt":{"rendered":"<p>Em uma semana a Guarda Civil Municipal (GCM) de Bertioga realizou a apreens\u00e3o de mais de 20KG de fios de energia furtados. O \u00faltimo flagrante ocorreu durante patrulhamento no bairro Vista Linda, onde agentes receberam a den\u00fancia de moradores sobre dois suspeitos que estariam furtando cabeamentos. O flagrante foi realizado cerca das 9h da manh\u00e3, &hellip;<\/p>\n","protected":false},"author":12,"featured_media":119216,"comment_status":"open","ping_status":"closed","sticky":false,"template":"","format":"standard","meta":{"footnotes":""},"categories":[1107,10],"tags":[1038,4244,67317],"class_list":["post-119215","post","type-post","status-publish","format-standard","has-post-thumbnail","hentry","category-bertioga","category-policia","tag-bertioga","tag-gcm","tag-vista-linda"],"yoast_head":"<!-- This site is optimized with the Yoast SEO plugin v27.5 - https:\/\/yoast.com\/product\/yoast-seo-wordpress\/ -->\n<title>GCM flagra furto de cabos de energia em plena luz do dia - Litoral SP<\/title>\n<meta name=\"description\" content=\"Em uma semana a Guarda Civil Municipal (GCM) de Bertioga realizou a apreens\u00e3o de mais de 20KG de fios de energia furtados.\" \/>\n<meta name=\"robots\" content=\"index, follow, max-snippet:-1, max-image-preview:large, max-video-preview:-1\" \/>\n<link rel=\"canonical\" href=\"https:\/\/redenoticiaz.com.br\/litoralsp\/2024\/11\/07\/gcm-flagra-furto-de-cabos-de-energia-em-plena-luz-do-dia\" \/>\n<meta property=\"og:locale\" content=\"pt_BR\" \/>\n<meta property=\"og:type\" content=\"article\" \/>\n<meta property=\"og:title\" content=\"GCM flagra furto de cabos de energia em plena luz do dia - Litoral SP\" \/>\n<meta property=\"og:description\" content=\"Em uma semana a Guarda Civil Municipal (GCM) de Bertioga realizou a apreens\u00e3o de mais de 20KG de fios de energia furtados.\" \/>\n<meta property=\"og:url\" content=\"https:\/\/redenoticiaz.com.br\/litoralsp\/2024\/11\/07\/gcm-flagra-furto-de-cabos-de-energia-em-plena-luz-do-dia\" \/>\n<meta property=\"og:site_name\" content=\"Litoral SP\" \/>\n<meta property=\"article:published_time\" content=\"2024-11-07T22:00:54+00:00\" \/>\n<meta property=\"og:image\" content=\"https:\/\/redenoticiaz.com.br\/litoralsp\/wp-content\/uploads\/sites\/3\/2024\/11\/IMG_7149-1.jpg\" \/>\n\t<meta property=\"og:image:width\" content=\"818\" \/>\n\t<meta property=\"og:image:height\" content=\"1080\" \/>\n\t<meta property=\"og:image:type\" content=\"image\/jpeg\" \/>\n<meta name=\"author\" content=\"Gustavo Silva\" \/>\n<meta name=\"twitter:card\" content=\"summary_large_image\" \/>\n<meta name=\"twitter:label1\" content=\"Escrito por\" \/>\n\t<meta name=\"twitter:data1\" content=\"Gustavo Silva\" \/>\n\t<meta name=\"twitter:label2\" content=\"Est. tempo de leitura\" \/>\n\t<meta name=\"twitter:data2\" content=\"2 minutos\" \/>\n<script type=\"application\/ld+json\" class=\"yoast-schema-graph\">{\"@context\":\"https:\\\/\\\/schema.org\",\"@graph\":[{\"@type\":\"Article\",\"@id\":\"https:\\\/\\\/redenoticiaz.com.br\\\/litoralsp\\\/2024\\\/11\\\/07\\\/gcm-flagra-furto-de-cabos-de-energia-em-plena-luz-do-dia#article\",\"isPartOf\":{\"@id\":\"https:\\\/\\\/redenoticiaz.com.br\\\/litoralsp\\\/2024\\\/11\\\/07\\\/gcm-flagra-furto-de-cabos-de-energia-em-plena-luz-do-dia\"},\"author\":{\"name\":\"Gustavo Silva\",\"@id\":\"https:\\\/\\\/redenoticiaz.com.br\\\/litoralsp\\\/#\\\/schema\\\/person\\\/16057b37a3c0ee6b096d7f887c566e2e\"},\"headline\":\"GCM flagra furto de cabos de energia em plena luz do dia\",\"datePublished\":\"2024-11-07T22:00:54+00:00\",\"mainEntityOfPage\":{\"@id\":\"https:\\\/\\\/redenoticiaz.com.br\\\/litoralsp\\\/2024\\\/11\\\/07\\\/gcm-flagra-furto-de-cabos-de-energia-em-plena-luz-do-dia\"},\"wordCount\":208,\"commentCount\":0,\"publisher\":{\"@id\":\"https:\\\/\\\/redenoticiaz.com.br\\\/litoralsp\\\/#organization\"},\"image\":{\"@id\":\"https:\\\/\\\/redenoticiaz.com.br\\\/litoralsp\\\/2024\\\/11\\\/07\\\/gcm-flagra-furto-de-cabos-de-energia-em-plena-luz-do-dia#primaryimage\"},\"thumbnailUrl\":\"https:\\\/\\\/redenoticiaz.com.br\\\/litoralsp\\\/wp-content\\\/uploads\\\/sites\\\/3\\\/2024\\\/11\\\/IMG_7149-1.jpg\",\"keywords\":[\"BERTIOGA\",\"GCM\",\"Vista Linda\"],\"articleSection\":[\"Bertioga\",\"Pol\u00edcia\"],\"inLanguage\":\"pt-BR\",\"potentialAction\":[{\"@type\":\"CommentAction\",\"name\":\"Comment\",\"target\":[\"https:\\\/\\\/redenoticiaz.com.br\\\/litoralsp\\\/2024\\\/11\\\/07\\\/gcm-flagra-furto-de-cabos-de-energia-em-plena-luz-do-dia#respond\"]}]},{\"@type\":\"WebPage\",\"@id\":\"https:\\\/\\\/redenoticiaz.com.br\\\/litoralsp\\\/2024\\\/11\\\/07\\\/gcm-flagra-furto-de-cabos-de-energia-em-plena-luz-do-dia\",\"url\":\"https:\\\/\\\/redenoticiaz.com.br\\\/litoralsp\\\/2024\\\/11\\\/07\\\/gcm-flagra-furto-de-cabos-de-energia-em-plena-luz-do-dia\",\"name\":\"GCM flagra furto de cabos de energia em plena luz do dia - Litoral SP\",\"isPartOf\":{\"@id\":\"https:\\\/\\\/redenoticiaz.com.br\\\/litoralsp\\\/#website\"},\"primaryImageOfPage\":{\"@id\":\"https:\\\/\\\/redenoticiaz.com.br\\\/litoralsp\\\/2024\\\/11\\\/07\\\/gcm-flagra-furto-de-cabos-de-energia-em-plena-luz-do-dia#primaryimage\"},\"image\":{\"@id\":\"https:\\\/\\\/redenoticiaz.com.br\\\/litoralsp\\\/2024\\\/11\\\/07\\\/gcm-flagra-furto-de-cabos-de-energia-em-plena-luz-do-dia#primaryimage\"},\"thumbnailUrl\":\"https:\\\/\\\/redenoticiaz.com.br\\\/litoralsp\\\/wp-content\\\/uploads\\\/sites\\\/3\\\/2024\\\/11\\\/IMG_7149-1.jpg\",\"datePublished\":\"2024-11-07T22:00:54+00:00\",\"description\":\"Em uma semana a Guarda Civil Municipal (GCM) de Bertioga realizou a apreens\u00e3o de mais de 20KG de fios de energia furtados.\",\"inLanguage\":\"pt-BR\",\"potentialAction\":[{\"@type\":\"ReadAction\",\"target\":[\"https:\\\/\\\/redenoticiaz.com.br\\\/litoralsp\\\/2024\\\/11\\\/07\\\/gcm-flagra-furto-de-cabos-de-energia-em-plena-luz-do-dia\"]}]},{\"@type\":\"ImageObject\",\"inLanguage\":\"pt-BR\",\"@id\":\"https:\\\/\\\/redenoticiaz.com.br\\\/litoralsp\\\/2024\\\/11\\\/07\\\/gcm-flagra-furto-de-cabos-de-energia-em-plena-luz-do-dia#primaryimage\",\"url\":\"https:\\\/\\\/redenoticiaz.com.br\\\/litoralsp\\\/wp-content\\\/uploads\\\/sites\\\/3\\\/2024\\\/11\\\/IMG_7149-1.jpg\",\"contentUrl\":\"https:\\\/\\\/redenoticiaz.com.br\\\/litoralsp\\\/wp-content\\\/uploads\\\/sites\\\/3\\\/2024\\\/11\\\/IMG_7149-1.jpg\",\"width\":818,\"height\":1080},{\"@type\":\"WebSite\",\"@id\":\"https:\\\/\\\/redenoticiaz.com.br\\\/litoralsp\\\/#website\",\"url\":\"https:\\\/\\\/redenoticiaz.com.br\\\/litoralsp\\\/\",\"name\":\"Litoral SP\",\"description\":\"Rede NoticiaZ\",\"publisher\":{\"@id\":\"https:\\\/\\\/redenoticiaz.com.br\\\/litoralsp\\\/#organization\"},\"potentialAction\":[{\"@type\":\"SearchAction\",\"target\":{\"@type\":\"EntryPoint\",\"urlTemplate\":\"https:\\\/\\\/redenoticiaz.com.br\\\/litoralsp\\\/?s={search_term_string}\"},\"query-input\":{\"@type\":\"PropertyValueSpecification\",\"valueRequired\":true,\"valueName\":\"search_term_string\"}}],\"inLanguage\":\"pt-BR\"},{\"@type\":\"Organization\",\"@id\":\"https:\\\/\\\/redenoticiaz.com.br\\\/litoralsp\\\/#organization\",\"name\":\"Litoral SP\",\"url\":\"https:\\\/\\\/redenoticiaz.com.br\\\/litoralsp\\\/\",\"logo\":{\"@type\":\"ImageObject\",\"inLanguage\":\"pt-BR\",\"@id\":\"https:\\\/\\\/redenoticiaz.com.br\\\/litoralsp\\\/#\\\/schema\\\/logo\\\/image\\\/\",\"url\":\"https:\\\/\\\/redenoticiaz.com.br\\\/litoralsp\\\/wp-content\\\/uploads\\\/sites\\\/3\\\/2020\\\/11\\\/logo.jpg\",\"contentUrl\":\"https:\\\/\\\/redenoticiaz.com.br\\\/litoralsp\\\/wp-content\\\/uploads\\\/sites\\\/3\\\/2020\\\/11\\\/logo.jpg\",\"width\":400,\"height\":250,\"caption\":\"Litoral SP\"},\"image\":{\"@id\":\"https:\\\/\\\/redenoticiaz.com.br\\\/litoralsp\\\/#\\\/schema\\\/logo\\\/image\\\/\"}},{\"@type\":\"Person\",\"@id\":\"https:\\\/\\\/redenoticiaz.com.br\\\/litoralsp\\\/#\\\/schema\\\/person\\\/16057b37a3c0ee6b096d7f887c566e2e\",\"name\":\"Gustavo Silva\",\"image\":{\"@type\":\"ImageObject\",\"inLanguage\":\"pt-BR\",\"@id\":\"https:\\\/\\\/secure.gravatar.com\\\/avatar\\\/3ee4e82f93b26de0a7cf4ea5eb7893da637ed6bb0c9170c58065944c56e28a33?s=96&d=mm&r=g\",\"url\":\"https:\\\/\\\/secure.gravatar.com\\\/avatar\\\/3ee4e82f93b26de0a7cf4ea5eb7893da637ed6bb0c9170c58065944c56e28a33?s=96&d=mm&r=g\",\"contentUrl\":\"https:\\\/\\\/secure.gravatar.com\\\/avatar\\\/3ee4e82f93b26de0a7cf4ea5eb7893da637ed6bb0c9170c58065944c56e28a33?s=96&d=mm&r=g\",\"caption\":\"Gustavo Silva\"},\"url\":\"https:\\\/\\\/redenoticiaz.com.br\\\/litoralsp\\\/author\\\/gustavosilva\"}]}<\/script>\n<!-- \/ Yoast SEO plugin. -->","yoast_head_json":{"title":"GCM flagra furto de cabos de energia em plena luz do dia - Litoral SP","description":"Em uma semana a Guarda Civil Municipal (GCM) de Bertioga realizou a apreens\u00e3o de mais de 20KG de fios de energia furtados.","robots":{"index":"index","follow":"follow","max-snippet":"max-snippet:-1","max-image-preview":"max-image-preview:large","max-video-preview":"max-video-preview:-1"},"canonical":"https:\/\/redenoticiaz.com.br\/litoralsp\/2024\/11\/07\/gcm-flagra-furto-de-cabos-de-energia-em-plena-luz-do-dia","og_locale":"pt_BR","og_type":"article","og_title":"GCM flagra furto de cabos de energia em plena luz do dia - Litoral SP","og_description":"Em uma semana a Guarda Civil Municipal (GCM) de Bertioga realizou a apreens\u00e3o de mais de 20KG de fios de energia furtados.","og_url":"https:\/\/redenoticiaz.com.br\/litoralsp\/2024\/11\/07\/gcm-flagra-furto-de-cabos-de-energia-em-plena-luz-do-dia","og_site_name":"Litoral SP","article_published_time":"2024-11-07T22:00:54+00:00","og_image":[{"width":818,"height":1080,"url":"https:\/\/redenoticiaz.com.br\/litoralsp\/wp-content\/uploads\/sites\/3\/2024\/11\/IMG_7149-1.jpg","type":"image\/jpeg"}],"author":"Gustavo Silva","twitter_card":"summary_large_image","twitter_misc":{"Escrito por":"Gustavo Silva","Est. tempo de leitura":"2 minutos"},"schema":{"@context":"https:\/\/schema.org","@graph":[{"@type":"Article","@id":"https:\/\/redenoticiaz.com.br\/litoralsp\/2024\/11\/07\/gcm-flagra-furto-de-cabos-de-energia-em-plena-luz-do-dia#article","isPartOf":{"@id":"https:\/\/redenoticiaz.com.br\/litoralsp\/2024\/11\/07\/gcm-flagra-furto-de-cabos-de-energia-em-plena-luz-do-dia"},"author":{"name":"Gustavo Silva","@id":"https:\/\/redenoticiaz.com.br\/litoralsp\/#\/schema\/person\/16057b37a3c0ee6b096d7f887c566e2e"},"headline":"GCM flagra furto de cabos de energia em plena luz do dia","datePublished":"2024-11-07T22:00:54+00:00","mainEntityOfPage":{"@id":"https:\/\/redenoticiaz.com.br\/litoralsp\/2024\/11\/07\/gcm-flagra-furto-de-cabos-de-energia-em-plena-luz-do-dia"},"wordCount":208,"commentCount":0,"publisher":{"@id":"https:\/\/redenoticiaz.com.br\/litoralsp\/#organization"},"image":{"@id":"https:\/\/redenoticiaz.com.br\/litoralsp\/2024\/11\/07\/gcm-flagra-furto-de-cabos-de-energia-em-plena-luz-do-dia#primaryimage"},"thumbnailUrl":"https:\/\/redenoticiaz.com.br\/litoralsp\/wp-content\/uploads\/sites\/3\/2024\/11\/IMG_7149-1.jpg","keywords":["BERTIOGA","GCM","Vista Linda"],"articleSection":["Bertioga","Pol\u00edcia"],"inLanguage":"pt-BR","potentialAction":[{"@type":"CommentAction","name":"Comment","target":["https:\/\/redenoticiaz.com.br\/litoralsp\/2024\/11\/07\/gcm-flagra-furto-de-cabos-de-energia-em-plena-luz-do-dia#respond"]}]},{"@type":"WebPage","@id":"https:\/\/redenoticiaz.com.br\/litoralsp\/2024\/11\/07\/gcm-flagra-furto-de-cabos-de-energia-em-plena-luz-do-dia","url":"https:\/\/redenoticiaz.com.br\/litoralsp\/2024\/11\/07\/gcm-flagra-furto-de-cabos-de-energia-em-plena-luz-do-dia","name":"GCM flagra furto de cabos de energia em plena luz do dia - Litoral SP","isPartOf":{"@id":"https:\/\/redenoticiaz.com.br\/litoralsp\/#website"},"primaryImageOfPage":{"@id":"https:\/\/redenoticiaz.com.br\/litoralsp\/2024\/11\/07\/gcm-flagra-furto-de-cabos-de-energia-em-plena-luz-do-dia#primaryimage"},"image":{"@id":"https:\/\/redenoticiaz.com.br\/litoralsp\/2024\/11\/07\/gcm-flagra-furto-de-cabos-de-energia-em-plena-luz-do-dia#primaryimage"},"thumbnailUrl":"https:\/\/redenoticiaz.com.br\/litoralsp\/wp-content\/uploads\/sites\/3\/2024\/11\/IMG_7149-1.jpg","datePublished":"2024-11-07T22:00:54+00:00","description":"Em uma semana a Guarda Civil Municipal (GCM) de Bertioga realizou a apreens\u00e3o de mais de 20KG de fios de energia furtados.","inLanguage":"pt-BR","potentialAction":[{"@type":"ReadAction","target":["https:\/\/redenoticiaz.com.br\/litoralsp\/2024\/11\/07\/gcm-flagra-furto-de-cabos-de-energia-em-plena-luz-do-dia"]}]},{"@type":"ImageObject","inLanguage":"pt-BR","@id":"https:\/\/redenoticiaz.com.br\/litoralsp\/2024\/11\/07\/gcm-flagra-furto-de-cabos-de-energia-em-plena-luz-do-dia#primaryimage","url":"https:\/\/redenoticiaz.com.br\/litoralsp\/wp-content\/uploads\/sites\/3\/2024\/11\/IMG_7149-1.jpg","contentUrl":"https:\/\/redenoticiaz.com.br\/litoralsp\/wp-content\/uploads\/sites\/3\/2024\/11\/IMG_7149-1.jpg","width":818,"height":1080},{"@type":"WebSite","@id":"https:\/\/redenoticiaz.com.br\/litoralsp\/#website","url":"https:\/\/redenoticiaz.com.br\/litoralsp\/","name":"Litoral SP","description":"Rede NoticiaZ","publisher":{"@id":"https:\/\/redenoticiaz.com.br\/litoralsp\/#organization"},"potentialAction":[{"@type":"SearchAction","target":{"@type":"EntryPoint","urlTemplate":"https:\/\/redenoticiaz.com.br\/litoralsp\/?s={search_term_string}"},"query-input":{"@type":"PropertyValueSpecification","valueRequired":true,"valueName":"search_term_string"}}],"inLanguage":"pt-BR"},{"@type":"Organization","@id":"https:\/\/redenoticiaz.com.br\/litoralsp\/#organization","name":"Litoral SP","url":"https:\/\/redenoticiaz.com.br\/litoralsp\/","logo":{"@type":"ImageObject","inLanguage":"pt-BR","@id":"https:\/\/redenoticiaz.com.br\/litoralsp\/#\/schema\/logo\/image\/","url":"https:\/\/redenoticiaz.com.br\/litoralsp\/wp-content\/uploads\/sites\/3\/2020\/11\/logo.jpg","contentUrl":"https:\/\/redenoticiaz.com.br\/litoralsp\/wp-content\/uploads\/sites\/3\/2020\/11\/logo.jpg","width":400,"height":250,"caption":"Litoral SP"},"image":{"@id":"https:\/\/redenoticiaz.com.br\/litoralsp\/#\/schema\/logo\/image\/"}},{"@type":"Person","@id":"https:\/\/redenoticiaz.com.br\/litoralsp\/#\/schema\/person\/16057b37a3c0ee6b096d7f887c566e2e","name":"Gustavo Silva","image":{"@type":"ImageObject","inLanguage":"pt-BR","@id":"https:\/\/secure.gravatar.com\/avatar\/3ee4e82f93b26de0a7cf4ea5eb7893da637ed6bb0c9170c58065944c56e28a33?s=96&d=mm&r=g","url":"https:\/\/secure.gravatar.com\/avatar\/3ee4e82f93b26de0a7cf4ea5eb7893da637ed6bb0c9170c58065944c56e28a33?s=96&d=mm&r=g","contentUrl":"https:\/\/secure.gravatar.com\/avatar\/3ee4e82f93b26de0a7cf4ea5eb7893da637ed6bb0c9170c58065944c56e28a33?s=96&d=mm&r=g","caption":"Gustavo Silva"},"url":"https:\/\/redenoticiaz.com.br\/litoralsp\/author\/gustavosilva"}]}},"_links":{"self":[{"href":"https:\/\/redenoticiaz.com.br\/litoralsp\/wp-json\/wp\/v2\/posts\/119215","targetHints":{"allow":["GET"]}}],"collection":[{"href":"https:\/\/redenoticiaz.com.br\/litoralsp\/wp-json\/wp\/v2\/posts"}],"about":[{"href":"https:\/\/redenoticiaz.com.br\/litoralsp\/wp-json\/wp\/v2\/types\/post"}],"author":[{"embeddable":true,"href":"https:\/\/redenoticiaz.com.br\/litoralsp\/wp-json\/wp\/v2\/users\/12"}],"replies":[{"embeddable":true,"href":"https:\/\/redenoticiaz.com.br\/litoralsp\/wp-json\/wp\/v2\/comments?post=119215"}],"version-history":[{"count":1,"href":"https:\/\/redenoticiaz.com.br\/litoralsp\/wp-json\/wp\/v2\/posts\/119215\/revisions"}],"predecessor-version":[{"id":119217,"href":"https:\/\/redenoticiaz.com.br\/litoralsp\/wp-json\/wp\/v2\/posts\/119215\/revisions\/119217"}],"wp:featuredmedia":[{"embeddable":true,"href":"https:\/\/redenoticiaz.com.br\/litoralsp\/wp-json\/wp\/v2\/media\/119216"}],"wp:attachment":[{"href":"https:\/\/redenoticiaz.com.br\/litoralsp\/wp-json\/wp\/v2\/media?parent=119215"}],"wp:term":[{"taxonomy":"category","embeddable":true,"href":"https:\/\/redenoticiaz.com.br\/litoralsp\/wp-json\/wp\/v2\/categories?post=119215"},{"taxonomy":"post_tag","embeddable":true,"href":"https:\/\/redenoticiaz.com.br\/litoralsp\/wp-json\/wp\/v2\/tags?post=119215"}],"curies":[{"name":"wp","href":"https:\/\/api.w.org\/{rel}","templated":true}]}}