{"id":119294,"date":"2024-11-13T19:13:46","date_gmt":"2024-11-13T22:13:46","guid":{"rendered":"https:\/\/redenoticiaz.com.br\/litoralsp\/?p=119294"},"modified":"2024-11-13T18:15:53","modified_gmt":"2024-11-13T21:15:53","slug":"santos-espera-mais-de-325-mil-turistas-no-feriado","status":"publish","type":"post","link":"https:\/\/redenoticiaz.com.br\/litoralsp\/2024\/11\/13\/santos-espera-mais-de-325-mil-turistas-no-feriado","title":{"rendered":"Santos espera mais de 325 mil turistas no feriado"},"content":{"rendered":"<p>Com o fim de semana prolongado pelo feriado da Proclama\u00e7\u00e3o da Rep\u00fablica, aproximadamente 325,8 mil turistas devem visitar Santos a partir de sexta-feira (15). A rede hoteleira est\u00e1 otimista e projeta at\u00e9 83% de ocupa\u00e7\u00e3o nos quartos.<\/p>\n<p>Com base em n\u00fameros da Ecovias, concession\u00e1ria do sistema Anchieta-Imigrantes, a Se\u00e7\u00e3o Observat\u00f3rio do Turismo (Seotur), da Secretaria de Empreendedorismo, Economia Criativa e Turismo (Seectur), estima que entre 70,5 mil e 108,6 mil carros devam descer a serra com destino \u00e0 Cidade. Isso \u00e9 o equivalente a um n\u00famero entre 211,5 mil e 325,8 mil visitantes.<\/p>\n<p>Em pesquisa com 12 hot\u00e9is (1,4 mil apartamentos), conforme as reservas j\u00e1 realizadas, a Seotur apurou que a m\u00e9dia de ocupa\u00e7\u00e3o deve girar em torno de 73%, com picos de 83,4% na sexta-feira.<\/p>\n<p>\u201cEste \u00e9 um dos \u00faltimos feriados prolongados do ano e estamos entusiasmados com os \u00edndices para o per\u00edodo. A alta ocupa\u00e7\u00e3o reflete o compromisso de toda a cadeia produtiva, al\u00e9m de bares e restaurantes da regi\u00e3o com a excel\u00eancia na presta\u00e7\u00e3o dos servi\u00e7os. Ficamos felizes com a crescente atratividade da Baixada Santista, que \u00e9 um dos principais destinos tur\u00edsticos do nosso estado\u201d, destaca Arthur Veloso, presidente do Sindicato de Hot\u00e9is, Restaurantes, Bares e Similares da Baixada Santista e Vale do Ribeira (Sinhores).<\/p>\n<h4 id=\"menu1\">O QUE FAZER<\/h4>\n<p>A grande atra\u00e7\u00e3o do feriado em Santos ser\u00e1 o\u00a0<a href=\"https:\/\/www.santos.sp.gov.br\/?q=noticia\/festival-do-imigrante-e-a-atracao-do-feriado-com-gastronomia-musica-e-danca-no-centro-de-santos\" target=\"_blank\" rel=\"noopener\">Festival do Imigrante<\/a>. Entre sexta e domingo (17), oferecer\u00e1 no Valongo apresenta\u00e7\u00f5es de dan\u00e7a e m\u00fasica t\u00edpicas, pra\u00e7a gastron\u00f4mica, passeio a p\u00e9 com informa\u00e7\u00f5es sobre a imigra\u00e7\u00e3o na Cidade, feiras de economia criativa, atra\u00e7\u00f5es infantis, oficinas gratuitas que homenageiam a cultura e a culin\u00e1ria de diversos pa\u00edses, entre outras atra\u00e7\u00f5es. Cofira a\u00a0<a href=\"https:\/\/www.turismosantos.com.br\/festivaldoimigrante\" target=\"_blank\" rel=\"noopener\">programa\u00e7\u00e3o completa<\/a>.<\/p>\n<p>Entre sexta e domingo, na pra\u00e7a do Aqu\u00e1rio (Pra\u00e7a Luiz La Scala), das 13h \u00e0s 21h, tem\u00a0<a href=\"https:\/\/www.santos.sp.gov.br\/?q=noticia\/feira-criativa-com-encontro-de-colecionadores-em-santos-e-opcao-de-lazer-para-o-feriadao\" target=\"_blank\" rel=\"noopener\">festival de economia criativa e encontro de multicolecionismo<\/a>, com cerca de 80 expositores locais de v\u00e1rios ramos de produ\u00e7\u00e3o, entre eles vestu\u00e1rio, decora\u00e7\u00e3o, design, acess\u00f3rios, bem-estar, emp\u00f3rio, papelaria, jardinagem etc. Os visitantes ter\u00e3o tamb\u00e9m diversas op\u00e7\u00f5es gastron\u00f4micas: crepe su\u00ed\u00e7o, acaraj\u00e9, hamb\u00farguer, espetinhos, op\u00e7\u00f5es veganas, sorvetes, chopp artesanal, drinks, caf\u00e9s e outros produtos. O ambiente contar\u00e1 com apresenta\u00e7\u00e3o de m\u00fasica ao vivo, discotecagem, oficinas de pintura e produ\u00e7\u00e3o de brinquedos com materiais recicl\u00e1veis. Al\u00e9m disso, a exposi\u00e7\u00e3o de colecionadores mostrar\u00e1 carros antigos, artes visuais, fotografia e artigos do Instituto Gremar (resgate de animais marinhos).<\/p>\n<p>J\u00e1 no Terminal Mar\u00edtimo Giusfredo Santini-Concais, milhares de pessoas embarcam s\u00e1bado no MSC Seaview para um cruzeiro tem\u00e1tico com Zez\u00e9 di Camargo, Bruno e Marrone, Victor &amp; Leo, C\u00e9sar Menotti &amp; Fabiano, Paula Fernandes, Wanessa Camargo e outros artistas. O navio est\u00e1 previsto para deixar o porto no mesmo dia, por volta das 18h.<\/p>\n<p>leia mais<\/p>\n<p><a href=\"https:\/\/redenoticiaz.com.br\/litoralsp\/2024\/11\/12\/autoridades-prendem-setimo-procurado-da-justica-em-santos-em-quase-um-mes\">\u201c(Des)controle\u201d: Carolina Dieckmann mergulha em drama sobre v\u00edcio e sa\u00fade mental<\/a><\/p>\n<p><a href=\"https:\/\/redenoticiaz.com.br\/litoralsp\/2024\/11\/12\/autoridades-prendem-setimo-procurado-da-justica-em-santos-em-quase-um-mes\">Autoridades prendem s\u00e9timo procurado da justi\u00e7a em Santos em quase um m\u00eas<\/a><\/p>\n<p><a href=\"https:\/\/redenoticiaz.com.br\/litoralsp\/2024\/11\/12\/cetesb-emite-parecer-favoravel-para-extensao-do-vlt-a-area-continental-de-sao-vicente\">Cetesb emite parecer favor\u00e1vel para extens\u00e3o do VLT \u00e0 \u00c1rea Continental de S\u00e3o Vicente<\/a><\/p>\n","protected":false},"excerpt":{"rendered":"<p>Com o fim de semana prolongado pelo feriado da Proclama\u00e7\u00e3o da Rep\u00fablica, aproximadamente 325,8 mil turistas devem visitar Santos a partir de sexta-feira (15). A rede hoteleira est\u00e1 otimista e projeta at\u00e9 83% de ocupa\u00e7\u00e3o nos quartos. Com base em n\u00fameros da Ecovias, concession\u00e1ria do sistema Anchieta-Imigrantes, a Se\u00e7\u00e3o Observat\u00f3rio do Turismo (Seotur), da Secretaria &hellip;<\/p>\n","protected":false},"author":12,"featured_media":115320,"comment_status":"open","ping_status":"closed","sticky":false,"template":"","format":"standard","meta":{"footnotes":""},"categories":[180,775],"tags":[3541,986,33],"class_list":["post-119294","post","type-post","status-publish","format-standard","has-post-thumbnail","hentry","category-santos","category-turismo","tag-feriado","tag-santos","tag-sao-vicente"],"yoast_head":"<!-- This site is optimized with the Yoast SEO plugin v27.5 - https:\/\/yoast.com\/product\/yoast-seo-wordpress\/ -->\n<title>Santos espera mais de 325 mil turistas no feriado - Litoral SP<\/title>\n<meta name=\"description\" content=\"Com o fim de semana prolongado pelo feriado da Proclama\u00e7\u00e3o da Rep\u00fablica, aproximadamente 325,8 mil turistas devem visitar Santos a partir de sexta-feira (15).\" \/>\n<meta name=\"robots\" content=\"index, follow, max-snippet:-1, max-image-preview:large, max-video-preview:-1\" \/>\n<link rel=\"canonical\" href=\"https:\/\/redenoticiaz.com.br\/litoralsp\/2024\/11\/13\/santos-espera-mais-de-325-mil-turistas-no-feriado\" \/>\n<meta property=\"og:locale\" content=\"pt_BR\" \/>\n<meta property=\"og:type\" content=\"article\" \/>\n<meta property=\"og:title\" content=\"Santos espera mais de 325 mil turistas no feriado - Litoral SP\" \/>\n<meta property=\"og:description\" content=\"Com o fim de semana prolongado pelo feriado da Proclama\u00e7\u00e3o da Rep\u00fablica, aproximadamente 325,8 mil turistas devem visitar Santos a partir de sexta-feira (15).\" \/>\n<meta property=\"og:url\" content=\"https:\/\/redenoticiaz.com.br\/litoralsp\/2024\/11\/13\/santos-espera-mais-de-325-mil-turistas-no-feriado\" \/>\n<meta property=\"og:site_name\" content=\"Litoral SP\" \/>\n<meta property=\"article:published_time\" content=\"2024-11-13T22:13:46+00:00\" \/>\n<meta property=\"og:image\" content=\"https:\/\/redenoticiaz.com.br\/litoralsp\/wp-content\/uploads\/sites\/3\/2024\/03\/orla-de-santos.jpg\" \/>\n\t<meta property=\"og:image:width\" content=\"1280\" \/>\n\t<meta property=\"og:image:height\" content=\"718\" \/>\n\t<meta property=\"og:image:type\" content=\"image\/jpeg\" \/>\n<meta name=\"author\" content=\"Gustavo Silva\" \/>\n<meta name=\"twitter:card\" content=\"summary_large_image\" \/>\n<meta name=\"twitter:label1\" content=\"Escrito por\" \/>\n\t<meta name=\"twitter:data1\" content=\"Gustavo Silva\" \/>\n\t<meta name=\"twitter:label2\" content=\"Est. tempo de leitura\" \/>\n\t<meta name=\"twitter:data2\" content=\"3 minutos\" \/>\n<script type=\"application\/ld+json\" class=\"yoast-schema-graph\">{\"@context\":\"https:\\\/\\\/schema.org\",\"@graph\":[{\"@type\":\"Article\",\"@id\":\"https:\\\/\\\/redenoticiaz.com.br\\\/litoralsp\\\/2024\\\/11\\\/13\\\/santos-espera-mais-de-325-mil-turistas-no-feriado#article\",\"isPartOf\":{\"@id\":\"https:\\\/\\\/redenoticiaz.com.br\\\/litoralsp\\\/2024\\\/11\\\/13\\\/santos-espera-mais-de-325-mil-turistas-no-feriado\"},\"author\":{\"name\":\"Gustavo Silva\",\"@id\":\"https:\\\/\\\/redenoticiaz.com.br\\\/litoralsp\\\/#\\\/schema\\\/person\\\/16057b37a3c0ee6b096d7f887c566e2e\"},\"headline\":\"Santos espera mais de 325 mil turistas no feriado\",\"datePublished\":\"2024-11-13T22:13:46+00:00\",\"mainEntityOfPage\":{\"@id\":\"https:\\\/\\\/redenoticiaz.com.br\\\/litoralsp\\\/2024\\\/11\\\/13\\\/santos-espera-mais-de-325-mil-turistas-no-feriado\"},\"wordCount\":537,\"commentCount\":0,\"publisher\":{\"@id\":\"https:\\\/\\\/redenoticiaz.com.br\\\/litoralsp\\\/#organization\"},\"image\":{\"@id\":\"https:\\\/\\\/redenoticiaz.com.br\\\/litoralsp\\\/2024\\\/11\\\/13\\\/santos-espera-mais-de-325-mil-turistas-no-feriado#primaryimage\"},\"thumbnailUrl\":\"https:\\\/\\\/redenoticiaz.com.br\\\/litoralsp\\\/wp-content\\\/uploads\\\/sites\\\/3\\\/2024\\\/03\\\/orla-de-santos.jpg\",\"keywords\":[\"feriado\",\"Santos\",\"S\u00e3o Vicente\"],\"articleSection\":[\"Santos\",\"Turismo\"],\"inLanguage\":\"pt-BR\",\"potentialAction\":[{\"@type\":\"CommentAction\",\"name\":\"Comment\",\"target\":[\"https:\\\/\\\/redenoticiaz.com.br\\\/litoralsp\\\/2024\\\/11\\\/13\\\/santos-espera-mais-de-325-mil-turistas-no-feriado#respond\"]}]},{\"@type\":\"WebPage\",\"@id\":\"https:\\\/\\\/redenoticiaz.com.br\\\/litoralsp\\\/2024\\\/11\\\/13\\\/santos-espera-mais-de-325-mil-turistas-no-feriado\",\"url\":\"https:\\\/\\\/redenoticiaz.com.br\\\/litoralsp\\\/2024\\\/11\\\/13\\\/santos-espera-mais-de-325-mil-turistas-no-feriado\",\"name\":\"Santos espera mais de 325 mil turistas no feriado - Litoral SP\",\"isPartOf\":{\"@id\":\"https:\\\/\\\/redenoticiaz.com.br\\\/litoralsp\\\/#website\"},\"primaryImageOfPage\":{\"@id\":\"https:\\\/\\\/redenoticiaz.com.br\\\/litoralsp\\\/2024\\\/11\\\/13\\\/santos-espera-mais-de-325-mil-turistas-no-feriado#primaryimage\"},\"image\":{\"@id\":\"https:\\\/\\\/redenoticiaz.com.br\\\/litoralsp\\\/2024\\\/11\\\/13\\\/santos-espera-mais-de-325-mil-turistas-no-feriado#primaryimage\"},\"thumbnailUrl\":\"https:\\\/\\\/redenoticiaz.com.br\\\/litoralsp\\\/wp-content\\\/uploads\\\/sites\\\/3\\\/2024\\\/03\\\/orla-de-santos.jpg\",\"datePublished\":\"2024-11-13T22:13:46+00:00\",\"description\":\"Com o fim de semana prolongado pelo feriado da Proclama\u00e7\u00e3o da Rep\u00fablica, aproximadamente 325,8 mil turistas devem visitar Santos a partir de sexta-feira (15).\",\"inLanguage\":\"pt-BR\",\"potentialAction\":[{\"@type\":\"ReadAction\",\"target\":[\"https:\\\/\\\/redenoticiaz.com.br\\\/litoralsp\\\/2024\\\/11\\\/13\\\/santos-espera-mais-de-325-mil-turistas-no-feriado\"]}]},{\"@type\":\"ImageObject\",\"inLanguage\":\"pt-BR\",\"@id\":\"https:\\\/\\\/redenoticiaz.com.br\\\/litoralsp\\\/2024\\\/11\\\/13\\\/santos-espera-mais-de-325-mil-turistas-no-feriado#primaryimage\",\"url\":\"https:\\\/\\\/redenoticiaz.com.br\\\/litoralsp\\\/wp-content\\\/uploads\\\/sites\\\/3\\\/2024\\\/03\\\/orla-de-santos.jpg\",\"contentUrl\":\"https:\\\/\\\/redenoticiaz.com.br\\\/litoralsp\\\/wp-content\\\/uploads\\\/sites\\\/3\\\/2024\\\/03\\\/orla-de-santos.jpg\",\"width\":1280,\"height\":718},{\"@type\":\"WebSite\",\"@id\":\"https:\\\/\\\/redenoticiaz.com.br\\\/litoralsp\\\/#website\",\"url\":\"https:\\\/\\\/redenoticiaz.com.br\\\/litoralsp\\\/\",\"name\":\"Litoral SP\",\"description\":\"Rede NoticiaZ\",\"publisher\":{\"@id\":\"https:\\\/\\\/redenoticiaz.com.br\\\/litoralsp\\\/#organization\"},\"potentialAction\":[{\"@type\":\"SearchAction\",\"target\":{\"@type\":\"EntryPoint\",\"urlTemplate\":\"https:\\\/\\\/redenoticiaz.com.br\\\/litoralsp\\\/?s={search_term_string}\"},\"query-input\":{\"@type\":\"PropertyValueSpecification\",\"valueRequired\":true,\"valueName\":\"search_term_string\"}}],\"inLanguage\":\"pt-BR\"},{\"@type\":\"Organization\",\"@id\":\"https:\\\/\\\/redenoticiaz.com.br\\\/litoralsp\\\/#organization\",\"name\":\"Litoral SP\",\"url\":\"https:\\\/\\\/redenoticiaz.com.br\\\/litoralsp\\\/\",\"logo\":{\"@type\":\"ImageObject\",\"inLanguage\":\"pt-BR\",\"@id\":\"https:\\\/\\\/redenoticiaz.com.br\\\/litoralsp\\\/#\\\/schema\\\/logo\\\/image\\\/\",\"url\":\"https:\\\/\\\/redenoticiaz.com.br\\\/litoralsp\\\/wp-content\\\/uploads\\\/sites\\\/3\\\/2020\\\/11\\\/logo.jpg\",\"contentUrl\":\"https:\\\/\\\/redenoticiaz.com.br\\\/litoralsp\\\/wp-content\\\/uploads\\\/sites\\\/3\\\/2020\\\/11\\\/logo.jpg\",\"width\":400,\"height\":250,\"caption\":\"Litoral SP\"},\"image\":{\"@id\":\"https:\\\/\\\/redenoticiaz.com.br\\\/litoralsp\\\/#\\\/schema\\\/logo\\\/image\\\/\"}},{\"@type\":\"Person\",\"@id\":\"https:\\\/\\\/redenoticiaz.com.br\\\/litoralsp\\\/#\\\/schema\\\/person\\\/16057b37a3c0ee6b096d7f887c566e2e\",\"name\":\"Gustavo Silva\",\"image\":{\"@type\":\"ImageObject\",\"inLanguage\":\"pt-BR\",\"@id\":\"https:\\\/\\\/secure.gravatar.com\\\/avatar\\\/3ee4e82f93b26de0a7cf4ea5eb7893da637ed6bb0c9170c58065944c56e28a33?s=96&d=mm&r=g\",\"url\":\"https:\\\/\\\/secure.gravatar.com\\\/avatar\\\/3ee4e82f93b26de0a7cf4ea5eb7893da637ed6bb0c9170c58065944c56e28a33?s=96&d=mm&r=g\",\"contentUrl\":\"https:\\\/\\\/secure.gravatar.com\\\/avatar\\\/3ee4e82f93b26de0a7cf4ea5eb7893da637ed6bb0c9170c58065944c56e28a33?s=96&d=mm&r=g\",\"caption\":\"Gustavo Silva\"},\"url\":\"https:\\\/\\\/redenoticiaz.com.br\\\/litoralsp\\\/author\\\/gustavosilva\"}]}<\/script>\n<!-- \/ Yoast SEO plugin. -->","yoast_head_json":{"title":"Santos espera mais de 325 mil turistas no feriado - Litoral SP","description":"Com o fim de semana prolongado pelo feriado da Proclama\u00e7\u00e3o da Rep\u00fablica, aproximadamente 325,8 mil turistas devem visitar Santos a partir de sexta-feira (15).","robots":{"index":"index","follow":"follow","max-snippet":"max-snippet:-1","max-image-preview":"max-image-preview:large","max-video-preview":"max-video-preview:-1"},"canonical":"https:\/\/redenoticiaz.com.br\/litoralsp\/2024\/11\/13\/santos-espera-mais-de-325-mil-turistas-no-feriado","og_locale":"pt_BR","og_type":"article","og_title":"Santos espera mais de 325 mil turistas no feriado - Litoral SP","og_description":"Com o fim de semana prolongado pelo feriado da Proclama\u00e7\u00e3o da Rep\u00fablica, aproximadamente 325,8 mil turistas devem visitar Santos a partir de sexta-feira (15).","og_url":"https:\/\/redenoticiaz.com.br\/litoralsp\/2024\/11\/13\/santos-espera-mais-de-325-mil-turistas-no-feriado","og_site_name":"Litoral SP","article_published_time":"2024-11-13T22:13:46+00:00","og_image":[{"width":1280,"height":718,"url":"https:\/\/redenoticiaz.com.br\/litoralsp\/wp-content\/uploads\/sites\/3\/2024\/03\/orla-de-santos.jpg","type":"image\/jpeg"}],"author":"Gustavo Silva","twitter_card":"summary_large_image","twitter_misc":{"Escrito por":"Gustavo Silva","Est. tempo de leitura":"3 minutos"},"schema":{"@context":"https:\/\/schema.org","@graph":[{"@type":"Article","@id":"https:\/\/redenoticiaz.com.br\/litoralsp\/2024\/11\/13\/santos-espera-mais-de-325-mil-turistas-no-feriado#article","isPartOf":{"@id":"https:\/\/redenoticiaz.com.br\/litoralsp\/2024\/11\/13\/santos-espera-mais-de-325-mil-turistas-no-feriado"},"author":{"name":"Gustavo Silva","@id":"https:\/\/redenoticiaz.com.br\/litoralsp\/#\/schema\/person\/16057b37a3c0ee6b096d7f887c566e2e"},"headline":"Santos espera mais de 325 mil turistas no feriado","datePublished":"2024-11-13T22:13:46+00:00","mainEntityOfPage":{"@id":"https:\/\/redenoticiaz.com.br\/litoralsp\/2024\/11\/13\/santos-espera-mais-de-325-mil-turistas-no-feriado"},"wordCount":537,"commentCount":0,"publisher":{"@id":"https:\/\/redenoticiaz.com.br\/litoralsp\/#organization"},"image":{"@id":"https:\/\/redenoticiaz.com.br\/litoralsp\/2024\/11\/13\/santos-espera-mais-de-325-mil-turistas-no-feriado#primaryimage"},"thumbnailUrl":"https:\/\/redenoticiaz.com.br\/litoralsp\/wp-content\/uploads\/sites\/3\/2024\/03\/orla-de-santos.jpg","keywords":["feriado","Santos","S\u00e3o Vicente"],"articleSection":["Santos","Turismo"],"inLanguage":"pt-BR","potentialAction":[{"@type":"CommentAction","name":"Comment","target":["https:\/\/redenoticiaz.com.br\/litoralsp\/2024\/11\/13\/santos-espera-mais-de-325-mil-turistas-no-feriado#respond"]}]},{"@type":"WebPage","@id":"https:\/\/redenoticiaz.com.br\/litoralsp\/2024\/11\/13\/santos-espera-mais-de-325-mil-turistas-no-feriado","url":"https:\/\/redenoticiaz.com.br\/litoralsp\/2024\/11\/13\/santos-espera-mais-de-325-mil-turistas-no-feriado","name":"Santos espera mais de 325 mil turistas no feriado - Litoral SP","isPartOf":{"@id":"https:\/\/redenoticiaz.com.br\/litoralsp\/#website"},"primaryImageOfPage":{"@id":"https:\/\/redenoticiaz.com.br\/litoralsp\/2024\/11\/13\/santos-espera-mais-de-325-mil-turistas-no-feriado#primaryimage"},"image":{"@id":"https:\/\/redenoticiaz.com.br\/litoralsp\/2024\/11\/13\/santos-espera-mais-de-325-mil-turistas-no-feriado#primaryimage"},"thumbnailUrl":"https:\/\/redenoticiaz.com.br\/litoralsp\/wp-content\/uploads\/sites\/3\/2024\/03\/orla-de-santos.jpg","datePublished":"2024-11-13T22:13:46+00:00","description":"Com o fim de semana prolongado pelo feriado da Proclama\u00e7\u00e3o da Rep\u00fablica, aproximadamente 325,8 mil turistas devem visitar Santos a partir de sexta-feira (15).","inLanguage":"pt-BR","potentialAction":[{"@type":"ReadAction","target":["https:\/\/redenoticiaz.com.br\/litoralsp\/2024\/11\/13\/santos-espera-mais-de-325-mil-turistas-no-feriado"]}]},{"@type":"ImageObject","inLanguage":"pt-BR","@id":"https:\/\/redenoticiaz.com.br\/litoralsp\/2024\/11\/13\/santos-espera-mais-de-325-mil-turistas-no-feriado#primaryimage","url":"https:\/\/redenoticiaz.com.br\/litoralsp\/wp-content\/uploads\/sites\/3\/2024\/03\/orla-de-santos.jpg","contentUrl":"https:\/\/redenoticiaz.com.br\/litoralsp\/wp-content\/uploads\/sites\/3\/2024\/03\/orla-de-santos.jpg","width":1280,"height":718},{"@type":"WebSite","@id":"https:\/\/redenoticiaz.com.br\/litoralsp\/#website","url":"https:\/\/redenoticiaz.com.br\/litoralsp\/","name":"Litoral SP","description":"Rede NoticiaZ","publisher":{"@id":"https:\/\/redenoticiaz.com.br\/litoralsp\/#organization"},"potentialAction":[{"@type":"SearchAction","target":{"@type":"EntryPoint","urlTemplate":"https:\/\/redenoticiaz.com.br\/litoralsp\/?s={search_term_string}"},"query-input":{"@type":"PropertyValueSpecification","valueRequired":true,"valueName":"search_term_string"}}],"inLanguage":"pt-BR"},{"@type":"Organization","@id":"https:\/\/redenoticiaz.com.br\/litoralsp\/#organization","name":"Litoral SP","url":"https:\/\/redenoticiaz.com.br\/litoralsp\/","logo":{"@type":"ImageObject","inLanguage":"pt-BR","@id":"https:\/\/redenoticiaz.com.br\/litoralsp\/#\/schema\/logo\/image\/","url":"https:\/\/redenoticiaz.com.br\/litoralsp\/wp-content\/uploads\/sites\/3\/2020\/11\/logo.jpg","contentUrl":"https:\/\/redenoticiaz.com.br\/litoralsp\/wp-content\/uploads\/sites\/3\/2020\/11\/logo.jpg","width":400,"height":250,"caption":"Litoral SP"},"image":{"@id":"https:\/\/redenoticiaz.com.br\/litoralsp\/#\/schema\/logo\/image\/"}},{"@type":"Person","@id":"https:\/\/redenoticiaz.com.br\/litoralsp\/#\/schema\/person\/16057b37a3c0ee6b096d7f887c566e2e","name":"Gustavo Silva","image":{"@type":"ImageObject","inLanguage":"pt-BR","@id":"https:\/\/secure.gravatar.com\/avatar\/3ee4e82f93b26de0a7cf4ea5eb7893da637ed6bb0c9170c58065944c56e28a33?s=96&d=mm&r=g","url":"https:\/\/secure.gravatar.com\/avatar\/3ee4e82f93b26de0a7cf4ea5eb7893da637ed6bb0c9170c58065944c56e28a33?s=96&d=mm&r=g","contentUrl":"https:\/\/secure.gravatar.com\/avatar\/3ee4e82f93b26de0a7cf4ea5eb7893da637ed6bb0c9170c58065944c56e28a33?s=96&d=mm&r=g","caption":"Gustavo Silva"},"url":"https:\/\/redenoticiaz.com.br\/litoralsp\/author\/gustavosilva"}]}},"_links":{"self":[{"href":"https:\/\/redenoticiaz.com.br\/litoralsp\/wp-json\/wp\/v2\/posts\/119294","targetHints":{"allow":["GET"]}}],"collection":[{"href":"https:\/\/redenoticiaz.com.br\/litoralsp\/wp-json\/wp\/v2\/posts"}],"about":[{"href":"https:\/\/redenoticiaz.com.br\/litoralsp\/wp-json\/wp\/v2\/types\/post"}],"author":[{"embeddable":true,"href":"https:\/\/redenoticiaz.com.br\/litoralsp\/wp-json\/wp\/v2\/users\/12"}],"replies":[{"embeddable":true,"href":"https:\/\/redenoticiaz.com.br\/litoralsp\/wp-json\/wp\/v2\/comments?post=119294"}],"version-history":[{"count":1,"href":"https:\/\/redenoticiaz.com.br\/litoralsp\/wp-json\/wp\/v2\/posts\/119294\/revisions"}],"predecessor-version":[{"id":119295,"href":"https:\/\/redenoticiaz.com.br\/litoralsp\/wp-json\/wp\/v2\/posts\/119294\/revisions\/119295"}],"wp:featuredmedia":[{"embeddable":true,"href":"https:\/\/redenoticiaz.com.br\/litoralsp\/wp-json\/wp\/v2\/media\/115320"}],"wp:attachment":[{"href":"https:\/\/redenoticiaz.com.br\/litoralsp\/wp-json\/wp\/v2\/media?parent=119294"}],"wp:term":[{"taxonomy":"category","embeddable":true,"href":"https:\/\/redenoticiaz.com.br\/litoralsp\/wp-json\/wp\/v2\/categories?post=119294"},{"taxonomy":"post_tag","embeddable":true,"href":"https:\/\/redenoticiaz.com.br\/litoralsp\/wp-json\/wp\/v2\/tags?post=119294"}],"curies":[{"name":"wp","href":"https:\/\/api.w.org\/{rel}","templated":true}]}}