{"id":119351,"date":"2024-11-19T18:00:51","date_gmt":"2024-11-19T21:00:51","guid":{"rendered":"https:\/\/redenoticiaz.com.br\/litoralsp\/?p=119351"},"modified":"2024-11-19T15:48:48","modified_gmt":"2024-11-19T18:48:48","slug":"operacao-inedita-em-bertioga-zera-ocorrencias","status":"publish","type":"post","link":"https:\/\/redenoticiaz.com.br\/litoralsp\/2024\/11\/19\/operacao-inedita-em-bertioga-zera-ocorrencias","title":{"rendered":"Opera\u00e7\u00e3o in\u00e9dita em Bertioga zera ocorr\u00eancias"},"content":{"rendered":"<p>O feriado prolongado de 15 de novembro, Proclama\u00e7\u00e3o da Rep\u00fablica, foi considerado tranquilo em Bertioga, conforme balan\u00e7o da Secretaria de Seguran\u00e7a e Mobilidade, que intensificou as a\u00e7\u00f5es para manuten\u00e7\u00e3o da ordem e seguran\u00e7a p\u00fablica.<\/p>\n<p>Sem registros de graves ocorr\u00eancias, a cidade recebeu refor\u00e7o na presen\u00e7a das for\u00e7as de seguran\u00e7a e estrat\u00e9gias preventivas que foram eficazes na manuten\u00e7\u00e3o da preserva\u00e7\u00e3o e bem-estar p\u00fablico.<\/p>\n<p>Durante opera\u00e7\u00e3o especial iniciada as 12h da quinta-feira (14) \u00e0s 18h do domingo (17), a Pasta realizou refor\u00e7o das a\u00e7\u00f5es para a alta demanda tur\u00edstica, com monitoramento das vias e gerenciamento de atua\u00e7\u00e3o, que resultaram em um feriado tranquilo.<\/p>\n<p>Em balan\u00e7o, durante a opera\u00e7\u00e3o completa foram realizadas a apreens\u00e3o de 4 ve\u00edculos irregulares e 38 caixas de som em faixa de areia.<\/p>\n<p>OPERA\u00c7\u00c3O LEI &amp; ORDEM<\/p>\n<p>Visando conter pancad\u00f5es, festas clandestinas, e comercializa\u00e7\u00e3o de subst\u00e2ncias il\u00edcitas, a \u2018Opera\u00e7\u00e3o Lei e Ordem\u2019 realizou a apreens\u00e3o de dois ve\u00edculos com equipamentos de som acoplados, com documenta\u00e7\u00e3o suspensa, que causavam perturba\u00e7\u00e3o do sossego no Bairro Ana Paula.<\/p>\n<p>Nos bairros Indai\u00e1 e Vicente de Carvalho a presen\u00e7a da Guarda evitou aglomera\u00e7\u00f5es e incidentes durante a madrugada. A opera\u00e7\u00e3o seguiu focada na preven\u00e7\u00e3o de vandalismo. Os estabelecimentos comerciais, adegas e bares cumpriram a determina\u00e7\u00e3o de fechamento \u00e0s 2h. A for\u00e7a-tarefa \u00e9 formada pela Guarda Civil Municipal (GCM), Diretoria de Tr\u00e2nsito (DTT), Departamento de Opera\u00e7\u00f5es Ambientais (DOA), fiscais ISS, Abastecimento e Vigil\u00e2ncia \u00e0 sa\u00fade, com apoio da Pol\u00edcia Militar (PM) e Conselho Tutelar.<\/p>\n<p>OPERA\u00c7\u00c3O JETSKI<\/p>\n<p>Criada para fiscalizar e garantir a seguran\u00e7a de banhistas nas praias de Bertioga, a \u2018Opera\u00e7\u00e3o Jet\u2019 tamb\u00e9m realizou a\u00e7\u00f5es de fiscaliza\u00e7\u00e3o e orienta\u00e7\u00e3o. A atividade consiste em inspe\u00e7\u00f5es voltadas, principalmente, \u00e0s infra\u00e7\u00f5es relacionadas a motos aqu\u00e1ticas. O trabalho \u00e9 realizado em conjunto pelas secretarias municipais de Seguran\u00e7a e Mobilidade, Meio Ambiente, Fazenda e turismo, com apoio a Capitania dos Portos da Marinha. Durante a opera\u00e7\u00e3o, o DOA confiscou 38 equipamentos de som de alta pot\u00eancia em faixa de areia.<\/p>\n<p>MOBILIDADE<\/p>\n<p>A equipe de tr\u00e2nsito, com apoio da Pol\u00edcia Militar em atividade delegada e Departamento de Estradas de Rodagem (DER), realizou blitz com foco em ve\u00edculos. A a\u00e7\u00e3o visou coibir irregularidades. O monitoramento cont\u00ednuo das condi\u00e7\u00f5es de tr\u00e1fego e seguran\u00e7a nas \u00e1reas municipais segue at\u00e9 as 00h desse domingo (17).<\/p>\n<p>A popula\u00e7\u00e3o pode acionar a Guarda Municipal de Bertioga 24h atrav\u00e9s do 153.<\/p>\n<p>Leia mais<\/p>\n<p><a href=\"https:\/\/redenoticiaz.com.br\/litoralsp\/2024\/11\/14\/agentes-da-operacao-forca-tarefa-ambiental-realizam-demolicao-e-aplicam-multa-em-bertioga\">Agentes da \u2018Opera\u00e7\u00e3o For\u00e7a-Tarefa\u2019 ambiental realizam demoli\u00e7\u00e3o e aplicam multa em Bertioga<\/a><\/p>\n<p><a href=\"https:\/\/redenoticiaz.com.br\/litoralsp\/2024\/11\/18\/cadeirante-morre-afogado-em-praia-de-guaruja\">Cadeirante morre afogado em praia de Guaruj\u00e1<\/a><\/p>\n","protected":false},"excerpt":{"rendered":"<p>O feriado prolongado de 15 de novembro, Proclama\u00e7\u00e3o da Rep\u00fablica, foi considerado tranquilo em Bertioga, conforme balan\u00e7o da Secretaria de Seguran\u00e7a e Mobilidade, que intensificou as a\u00e7\u00f5es para manuten\u00e7\u00e3o da ordem e seguran\u00e7a p\u00fablica. Sem registros de graves ocorr\u00eancias, a cidade recebeu refor\u00e7o na presen\u00e7a das for\u00e7as de seguran\u00e7a e estrat\u00e9gias preventivas que foram eficazes &hellip;<\/p>\n","protected":false},"author":12,"featured_media":119352,"comment_status":"open","ping_status":"closed","sticky":false,"template":"","format":"standard","meta":{"footnotes":""},"categories":[1107,10],"tags":[1038,32836,11384],"class_list":["post-119351","post","type-post","status-publish","format-standard","has-post-thumbnail","hentry","category-bertioga","category-policia","tag-bertioga","tag-estradas","tag-seguranca"],"yoast_head":"<!-- This site is optimized with the Yoast SEO plugin v27.5 - https:\/\/yoast.com\/product\/yoast-seo-wordpress\/ -->\n<title>Opera\u00e7\u00e3o in\u00e9dita em Bertioga zera ocorr\u00eancias - Litoral SP<\/title>\n<meta name=\"description\" content=\"Sem registros de graves ocorr\u00eancias, a cidade recebeu refor\u00e7o na presen\u00e7a das for\u00e7as de seguran\u00e7a e estrat\u00e9gias preventivas que foram eficazes na manuten\u00e7\u00e3o da preserva\u00e7\u00e3o e bem-estar p\u00fablico.\" \/>\n<meta name=\"robots\" content=\"index, follow, max-snippet:-1, max-image-preview:large, max-video-preview:-1\" \/>\n<link rel=\"canonical\" href=\"https:\/\/redenoticiaz.com.br\/litoralsp\/2024\/11\/19\/operacao-inedita-em-bertioga-zera-ocorrencias\" \/>\n<meta property=\"og:locale\" content=\"pt_BR\" \/>\n<meta property=\"og:type\" content=\"article\" \/>\n<meta property=\"og:title\" content=\"Opera\u00e7\u00e3o in\u00e9dita em Bertioga zera ocorr\u00eancias - Litoral SP\" \/>\n<meta property=\"og:description\" content=\"Sem registros de graves ocorr\u00eancias, a cidade recebeu refor\u00e7o na presen\u00e7a das for\u00e7as de seguran\u00e7a e estrat\u00e9gias preventivas que foram eficazes na manuten\u00e7\u00e3o da preserva\u00e7\u00e3o e bem-estar p\u00fablico.\" \/>\n<meta property=\"og:url\" content=\"https:\/\/redenoticiaz.com.br\/litoralsp\/2024\/11\/19\/operacao-inedita-em-bertioga-zera-ocorrencias\" \/>\n<meta property=\"og:site_name\" content=\"Litoral SP\" \/>\n<meta property=\"article:published_time\" content=\"2024-11-19T21:00:51+00:00\" \/>\n<meta property=\"og:image\" content=\"https:\/\/redenoticiaz.com.br\/litoralsp\/wp-content\/uploads\/sites\/3\/2024\/11\/IMG_8128.jpg\" \/>\n\t<meta property=\"og:image:width\" content=\"1599\" \/>\n\t<meta property=\"og:image:height\" content=\"899\" \/>\n\t<meta property=\"og:image:type\" content=\"image\/jpeg\" \/>\n<meta name=\"author\" content=\"Gustavo Silva\" \/>\n<meta name=\"twitter:card\" content=\"summary_large_image\" \/>\n<meta name=\"twitter:label1\" content=\"Escrito por\" \/>\n\t<meta name=\"twitter:data1\" content=\"Gustavo Silva\" \/>\n\t<meta name=\"twitter:label2\" content=\"Est. tempo de leitura\" \/>\n\t<meta name=\"twitter:data2\" content=\"3 minutos\" \/>\n<script type=\"application\/ld+json\" class=\"yoast-schema-graph\">{\"@context\":\"https:\\\/\\\/schema.org\",\"@graph\":[{\"@type\":\"Article\",\"@id\":\"https:\\\/\\\/redenoticiaz.com.br\\\/litoralsp\\\/2024\\\/11\\\/19\\\/operacao-inedita-em-bertioga-zera-ocorrencias#article\",\"isPartOf\":{\"@id\":\"https:\\\/\\\/redenoticiaz.com.br\\\/litoralsp\\\/2024\\\/11\\\/19\\\/operacao-inedita-em-bertioga-zera-ocorrencias\"},\"author\":{\"name\":\"Gustavo Silva\",\"@id\":\"https:\\\/\\\/redenoticiaz.com.br\\\/litoralsp\\\/#\\\/schema\\\/person\\\/16057b37a3c0ee6b096d7f887c566e2e\"},\"headline\":\"Opera\u00e7\u00e3o in\u00e9dita em Bertioga zera ocorr\u00eancias\",\"datePublished\":\"2024-11-19T21:00:51+00:00\",\"mainEntityOfPage\":{\"@id\":\"https:\\\/\\\/redenoticiaz.com.br\\\/litoralsp\\\/2024\\\/11\\\/19\\\/operacao-inedita-em-bertioga-zera-ocorrencias\"},\"wordCount\":475,\"commentCount\":0,\"publisher\":{\"@id\":\"https:\\\/\\\/redenoticiaz.com.br\\\/litoralsp\\\/#organization\"},\"image\":{\"@id\":\"https:\\\/\\\/redenoticiaz.com.br\\\/litoralsp\\\/2024\\\/11\\\/19\\\/operacao-inedita-em-bertioga-zera-ocorrencias#primaryimage\"},\"thumbnailUrl\":\"https:\\\/\\\/redenoticiaz.com.br\\\/litoralsp\\\/wp-content\\\/uploads\\\/sites\\\/3\\\/2024\\\/11\\\/IMG_8128.jpg\",\"keywords\":[\"BERTIOGA\",\"ESTRADAS\",\"seguran\u00e7a\"],\"articleSection\":[\"Bertioga\",\"Pol\u00edcia\"],\"inLanguage\":\"pt-BR\",\"potentialAction\":[{\"@type\":\"CommentAction\",\"name\":\"Comment\",\"target\":[\"https:\\\/\\\/redenoticiaz.com.br\\\/litoralsp\\\/2024\\\/11\\\/19\\\/operacao-inedita-em-bertioga-zera-ocorrencias#respond\"]}]},{\"@type\":\"WebPage\",\"@id\":\"https:\\\/\\\/redenoticiaz.com.br\\\/litoralsp\\\/2024\\\/11\\\/19\\\/operacao-inedita-em-bertioga-zera-ocorrencias\",\"url\":\"https:\\\/\\\/redenoticiaz.com.br\\\/litoralsp\\\/2024\\\/11\\\/19\\\/operacao-inedita-em-bertioga-zera-ocorrencias\",\"name\":\"Opera\u00e7\u00e3o in\u00e9dita em Bertioga zera ocorr\u00eancias - Litoral SP\",\"isPartOf\":{\"@id\":\"https:\\\/\\\/redenoticiaz.com.br\\\/litoralsp\\\/#website\"},\"primaryImageOfPage\":{\"@id\":\"https:\\\/\\\/redenoticiaz.com.br\\\/litoralsp\\\/2024\\\/11\\\/19\\\/operacao-inedita-em-bertioga-zera-ocorrencias#primaryimage\"},\"image\":{\"@id\":\"https:\\\/\\\/redenoticiaz.com.br\\\/litoralsp\\\/2024\\\/11\\\/19\\\/operacao-inedita-em-bertioga-zera-ocorrencias#primaryimage\"},\"thumbnailUrl\":\"https:\\\/\\\/redenoticiaz.com.br\\\/litoralsp\\\/wp-content\\\/uploads\\\/sites\\\/3\\\/2024\\\/11\\\/IMG_8128.jpg\",\"datePublished\":\"2024-11-19T21:00:51+00:00\",\"description\":\"Sem registros de graves ocorr\u00eancias, a cidade recebeu refor\u00e7o na presen\u00e7a das for\u00e7as de seguran\u00e7a e estrat\u00e9gias preventivas que foram eficazes na manuten\u00e7\u00e3o da preserva\u00e7\u00e3o e bem-estar p\u00fablico.\",\"inLanguage\":\"pt-BR\",\"potentialAction\":[{\"@type\":\"ReadAction\",\"target\":[\"https:\\\/\\\/redenoticiaz.com.br\\\/litoralsp\\\/2024\\\/11\\\/19\\\/operacao-inedita-em-bertioga-zera-ocorrencias\"]}]},{\"@type\":\"ImageObject\",\"inLanguage\":\"pt-BR\",\"@id\":\"https:\\\/\\\/redenoticiaz.com.br\\\/litoralsp\\\/2024\\\/11\\\/19\\\/operacao-inedita-em-bertioga-zera-ocorrencias#primaryimage\",\"url\":\"https:\\\/\\\/redenoticiaz.com.br\\\/litoralsp\\\/wp-content\\\/uploads\\\/sites\\\/3\\\/2024\\\/11\\\/IMG_8128.jpg\",\"contentUrl\":\"https:\\\/\\\/redenoticiaz.com.br\\\/litoralsp\\\/wp-content\\\/uploads\\\/sites\\\/3\\\/2024\\\/11\\\/IMG_8128.jpg\",\"width\":1599,\"height\":899},{\"@type\":\"WebSite\",\"@id\":\"https:\\\/\\\/redenoticiaz.com.br\\\/litoralsp\\\/#website\",\"url\":\"https:\\\/\\\/redenoticiaz.com.br\\\/litoralsp\\\/\",\"name\":\"Litoral SP\",\"description\":\"Rede NoticiaZ\",\"publisher\":{\"@id\":\"https:\\\/\\\/redenoticiaz.com.br\\\/litoralsp\\\/#organization\"},\"potentialAction\":[{\"@type\":\"SearchAction\",\"target\":{\"@type\":\"EntryPoint\",\"urlTemplate\":\"https:\\\/\\\/redenoticiaz.com.br\\\/litoralsp\\\/?s={search_term_string}\"},\"query-input\":{\"@type\":\"PropertyValueSpecification\",\"valueRequired\":true,\"valueName\":\"search_term_string\"}}],\"inLanguage\":\"pt-BR\"},{\"@type\":\"Organization\",\"@id\":\"https:\\\/\\\/redenoticiaz.com.br\\\/litoralsp\\\/#organization\",\"name\":\"Litoral SP\",\"url\":\"https:\\\/\\\/redenoticiaz.com.br\\\/litoralsp\\\/\",\"logo\":{\"@type\":\"ImageObject\",\"inLanguage\":\"pt-BR\",\"@id\":\"https:\\\/\\\/redenoticiaz.com.br\\\/litoralsp\\\/#\\\/schema\\\/logo\\\/image\\\/\",\"url\":\"https:\\\/\\\/redenoticiaz.com.br\\\/litoralsp\\\/wp-content\\\/uploads\\\/sites\\\/3\\\/2020\\\/11\\\/logo.jpg\",\"contentUrl\":\"https:\\\/\\\/redenoticiaz.com.br\\\/litoralsp\\\/wp-content\\\/uploads\\\/sites\\\/3\\\/2020\\\/11\\\/logo.jpg\",\"width\":400,\"height\":250,\"caption\":\"Litoral SP\"},\"image\":{\"@id\":\"https:\\\/\\\/redenoticiaz.com.br\\\/litoralsp\\\/#\\\/schema\\\/logo\\\/image\\\/\"}},{\"@type\":\"Person\",\"@id\":\"https:\\\/\\\/redenoticiaz.com.br\\\/litoralsp\\\/#\\\/schema\\\/person\\\/16057b37a3c0ee6b096d7f887c566e2e\",\"name\":\"Gustavo Silva\",\"image\":{\"@type\":\"ImageObject\",\"inLanguage\":\"pt-BR\",\"@id\":\"https:\\\/\\\/secure.gravatar.com\\\/avatar\\\/3ee4e82f93b26de0a7cf4ea5eb7893da637ed6bb0c9170c58065944c56e28a33?s=96&d=mm&r=g\",\"url\":\"https:\\\/\\\/secure.gravatar.com\\\/avatar\\\/3ee4e82f93b26de0a7cf4ea5eb7893da637ed6bb0c9170c58065944c56e28a33?s=96&d=mm&r=g\",\"contentUrl\":\"https:\\\/\\\/secure.gravatar.com\\\/avatar\\\/3ee4e82f93b26de0a7cf4ea5eb7893da637ed6bb0c9170c58065944c56e28a33?s=96&d=mm&r=g\",\"caption\":\"Gustavo Silva\"},\"url\":\"https:\\\/\\\/redenoticiaz.com.br\\\/litoralsp\\\/author\\\/gustavosilva\"}]}<\/script>\n<!-- \/ Yoast SEO plugin. -->","yoast_head_json":{"title":"Opera\u00e7\u00e3o in\u00e9dita em Bertioga zera ocorr\u00eancias - Litoral SP","description":"Sem registros de graves ocorr\u00eancias, a cidade recebeu refor\u00e7o na presen\u00e7a das for\u00e7as de seguran\u00e7a e estrat\u00e9gias preventivas que foram eficazes na manuten\u00e7\u00e3o da preserva\u00e7\u00e3o e bem-estar p\u00fablico.","robots":{"index":"index","follow":"follow","max-snippet":"max-snippet:-1","max-image-preview":"max-image-preview:large","max-video-preview":"max-video-preview:-1"},"canonical":"https:\/\/redenoticiaz.com.br\/litoralsp\/2024\/11\/19\/operacao-inedita-em-bertioga-zera-ocorrencias","og_locale":"pt_BR","og_type":"article","og_title":"Opera\u00e7\u00e3o in\u00e9dita em Bertioga zera ocorr\u00eancias - Litoral SP","og_description":"Sem registros de graves ocorr\u00eancias, a cidade recebeu refor\u00e7o na presen\u00e7a das for\u00e7as de seguran\u00e7a e estrat\u00e9gias preventivas que foram eficazes na manuten\u00e7\u00e3o da preserva\u00e7\u00e3o e bem-estar p\u00fablico.","og_url":"https:\/\/redenoticiaz.com.br\/litoralsp\/2024\/11\/19\/operacao-inedita-em-bertioga-zera-ocorrencias","og_site_name":"Litoral SP","article_published_time":"2024-11-19T21:00:51+00:00","og_image":[{"width":1599,"height":899,"url":"https:\/\/redenoticiaz.com.br\/litoralsp\/wp-content\/uploads\/sites\/3\/2024\/11\/IMG_8128.jpg","type":"image\/jpeg"}],"author":"Gustavo Silva","twitter_card":"summary_large_image","twitter_misc":{"Escrito por":"Gustavo Silva","Est. tempo de leitura":"3 minutos"},"schema":{"@context":"https:\/\/schema.org","@graph":[{"@type":"Article","@id":"https:\/\/redenoticiaz.com.br\/litoralsp\/2024\/11\/19\/operacao-inedita-em-bertioga-zera-ocorrencias#article","isPartOf":{"@id":"https:\/\/redenoticiaz.com.br\/litoralsp\/2024\/11\/19\/operacao-inedita-em-bertioga-zera-ocorrencias"},"author":{"name":"Gustavo Silva","@id":"https:\/\/redenoticiaz.com.br\/litoralsp\/#\/schema\/person\/16057b37a3c0ee6b096d7f887c566e2e"},"headline":"Opera\u00e7\u00e3o in\u00e9dita em Bertioga zera ocorr\u00eancias","datePublished":"2024-11-19T21:00:51+00:00","mainEntityOfPage":{"@id":"https:\/\/redenoticiaz.com.br\/litoralsp\/2024\/11\/19\/operacao-inedita-em-bertioga-zera-ocorrencias"},"wordCount":475,"commentCount":0,"publisher":{"@id":"https:\/\/redenoticiaz.com.br\/litoralsp\/#organization"},"image":{"@id":"https:\/\/redenoticiaz.com.br\/litoralsp\/2024\/11\/19\/operacao-inedita-em-bertioga-zera-ocorrencias#primaryimage"},"thumbnailUrl":"https:\/\/redenoticiaz.com.br\/litoralsp\/wp-content\/uploads\/sites\/3\/2024\/11\/IMG_8128.jpg","keywords":["BERTIOGA","ESTRADAS","seguran\u00e7a"],"articleSection":["Bertioga","Pol\u00edcia"],"inLanguage":"pt-BR","potentialAction":[{"@type":"CommentAction","name":"Comment","target":["https:\/\/redenoticiaz.com.br\/litoralsp\/2024\/11\/19\/operacao-inedita-em-bertioga-zera-ocorrencias#respond"]}]},{"@type":"WebPage","@id":"https:\/\/redenoticiaz.com.br\/litoralsp\/2024\/11\/19\/operacao-inedita-em-bertioga-zera-ocorrencias","url":"https:\/\/redenoticiaz.com.br\/litoralsp\/2024\/11\/19\/operacao-inedita-em-bertioga-zera-ocorrencias","name":"Opera\u00e7\u00e3o in\u00e9dita em Bertioga zera ocorr\u00eancias - Litoral SP","isPartOf":{"@id":"https:\/\/redenoticiaz.com.br\/litoralsp\/#website"},"primaryImageOfPage":{"@id":"https:\/\/redenoticiaz.com.br\/litoralsp\/2024\/11\/19\/operacao-inedita-em-bertioga-zera-ocorrencias#primaryimage"},"image":{"@id":"https:\/\/redenoticiaz.com.br\/litoralsp\/2024\/11\/19\/operacao-inedita-em-bertioga-zera-ocorrencias#primaryimage"},"thumbnailUrl":"https:\/\/redenoticiaz.com.br\/litoralsp\/wp-content\/uploads\/sites\/3\/2024\/11\/IMG_8128.jpg","datePublished":"2024-11-19T21:00:51+00:00","description":"Sem registros de graves ocorr\u00eancias, a cidade recebeu refor\u00e7o na presen\u00e7a das for\u00e7as de seguran\u00e7a e estrat\u00e9gias preventivas que foram eficazes na manuten\u00e7\u00e3o da preserva\u00e7\u00e3o e bem-estar p\u00fablico.","inLanguage":"pt-BR","potentialAction":[{"@type":"ReadAction","target":["https:\/\/redenoticiaz.com.br\/litoralsp\/2024\/11\/19\/operacao-inedita-em-bertioga-zera-ocorrencias"]}]},{"@type":"ImageObject","inLanguage":"pt-BR","@id":"https:\/\/redenoticiaz.com.br\/litoralsp\/2024\/11\/19\/operacao-inedita-em-bertioga-zera-ocorrencias#primaryimage","url":"https:\/\/redenoticiaz.com.br\/litoralsp\/wp-content\/uploads\/sites\/3\/2024\/11\/IMG_8128.jpg","contentUrl":"https:\/\/redenoticiaz.com.br\/litoralsp\/wp-content\/uploads\/sites\/3\/2024\/11\/IMG_8128.jpg","width":1599,"height":899},{"@type":"WebSite","@id":"https:\/\/redenoticiaz.com.br\/litoralsp\/#website","url":"https:\/\/redenoticiaz.com.br\/litoralsp\/","name":"Litoral SP","description":"Rede NoticiaZ","publisher":{"@id":"https:\/\/redenoticiaz.com.br\/litoralsp\/#organization"},"potentialAction":[{"@type":"SearchAction","target":{"@type":"EntryPoint","urlTemplate":"https:\/\/redenoticiaz.com.br\/litoralsp\/?s={search_term_string}"},"query-input":{"@type":"PropertyValueSpecification","valueRequired":true,"valueName":"search_term_string"}}],"inLanguage":"pt-BR"},{"@type":"Organization","@id":"https:\/\/redenoticiaz.com.br\/litoralsp\/#organization","name":"Litoral SP","url":"https:\/\/redenoticiaz.com.br\/litoralsp\/","logo":{"@type":"ImageObject","inLanguage":"pt-BR","@id":"https:\/\/redenoticiaz.com.br\/litoralsp\/#\/schema\/logo\/image\/","url":"https:\/\/redenoticiaz.com.br\/litoralsp\/wp-content\/uploads\/sites\/3\/2020\/11\/logo.jpg","contentUrl":"https:\/\/redenoticiaz.com.br\/litoralsp\/wp-content\/uploads\/sites\/3\/2020\/11\/logo.jpg","width":400,"height":250,"caption":"Litoral SP"},"image":{"@id":"https:\/\/redenoticiaz.com.br\/litoralsp\/#\/schema\/logo\/image\/"}},{"@type":"Person","@id":"https:\/\/redenoticiaz.com.br\/litoralsp\/#\/schema\/person\/16057b37a3c0ee6b096d7f887c566e2e","name":"Gustavo Silva","image":{"@type":"ImageObject","inLanguage":"pt-BR","@id":"https:\/\/secure.gravatar.com\/avatar\/3ee4e82f93b26de0a7cf4ea5eb7893da637ed6bb0c9170c58065944c56e28a33?s=96&d=mm&r=g","url":"https:\/\/secure.gravatar.com\/avatar\/3ee4e82f93b26de0a7cf4ea5eb7893da637ed6bb0c9170c58065944c56e28a33?s=96&d=mm&r=g","contentUrl":"https:\/\/secure.gravatar.com\/avatar\/3ee4e82f93b26de0a7cf4ea5eb7893da637ed6bb0c9170c58065944c56e28a33?s=96&d=mm&r=g","caption":"Gustavo Silva"},"url":"https:\/\/redenoticiaz.com.br\/litoralsp\/author\/gustavosilva"}]}},"_links":{"self":[{"href":"https:\/\/redenoticiaz.com.br\/litoralsp\/wp-json\/wp\/v2\/posts\/119351","targetHints":{"allow":["GET"]}}],"collection":[{"href":"https:\/\/redenoticiaz.com.br\/litoralsp\/wp-json\/wp\/v2\/posts"}],"about":[{"href":"https:\/\/redenoticiaz.com.br\/litoralsp\/wp-json\/wp\/v2\/types\/post"}],"author":[{"embeddable":true,"href":"https:\/\/redenoticiaz.com.br\/litoralsp\/wp-json\/wp\/v2\/users\/12"}],"replies":[{"embeddable":true,"href":"https:\/\/redenoticiaz.com.br\/litoralsp\/wp-json\/wp\/v2\/comments?post=119351"}],"version-history":[{"count":1,"href":"https:\/\/redenoticiaz.com.br\/litoralsp\/wp-json\/wp\/v2\/posts\/119351\/revisions"}],"predecessor-version":[{"id":119353,"href":"https:\/\/redenoticiaz.com.br\/litoralsp\/wp-json\/wp\/v2\/posts\/119351\/revisions\/119353"}],"wp:featuredmedia":[{"embeddable":true,"href":"https:\/\/redenoticiaz.com.br\/litoralsp\/wp-json\/wp\/v2\/media\/119352"}],"wp:attachment":[{"href":"https:\/\/redenoticiaz.com.br\/litoralsp\/wp-json\/wp\/v2\/media?parent=119351"}],"wp:term":[{"taxonomy":"category","embeddable":true,"href":"https:\/\/redenoticiaz.com.br\/litoralsp\/wp-json\/wp\/v2\/categories?post=119351"},{"taxonomy":"post_tag","embeddable":true,"href":"https:\/\/redenoticiaz.com.br\/litoralsp\/wp-json\/wp\/v2\/tags?post=119351"}],"curies":[{"name":"wp","href":"https:\/\/api.w.org\/{rel}","templated":true}]}}