{"id":119385,"date":"2024-11-22T18:30:09","date_gmt":"2024-11-22T21:30:09","guid":{"rendered":"https:\/\/redenoticiaz.com.br\/litoralsp\/?p=119385"},"modified":"2024-11-22T16:24:10","modified_gmt":"2024-11-22T19:24:10","slug":"forca-tarefa-inibe-ampliacao-de-construcao-irregular-na-area-continental-de-santos","status":"publish","type":"post","link":"https:\/\/redenoticiaz.com.br\/litoralsp\/2024\/11\/22\/forca-tarefa-inibe-ampliacao-de-construcao-irregular-na-area-continental-de-santos","title":{"rendered":"For\u00e7a-tarefa inibe amplia\u00e7\u00e3o de constru\u00e7\u00e3o irregular na \u00c1rea Continental de Santos"},"content":{"rendered":"<p>A amplia\u00e7\u00e3o de uma constru\u00e7\u00e3o irregular em \u00e1rea de preserva\u00e7\u00e3o ambiental em Monte Cabr\u00e3o, na \u00c1rea Continental, foi inibida com a demoli\u00e7\u00e3o\u00a0na \u00e1rea em que estava sendo constru\u00edda. A pr\u00e1tica \u00e9 considerada crime ambiental. Este foi um dos resultados da atua\u00e7\u00e3o do Grupo de Controle de Ocupa\u00e7\u00f5es Irregulares e Habita\u00e7\u00f5es Subnormais, na \u00faltima quinta-feira (21), no bairro.<\/p>\n<p><img decoding=\"async\" class=\"IMG-responsive\" src=\"https:\/\/www.santos.sp.gov.br\/static\/files_www\/files\/portal_files\/noticias2024\/forca_6.jpg\" alt=\"\" \/><\/p>\n<p>Al\u00e9m da demoli\u00e7\u00e3o da amplia\u00e7\u00e3o, o respons\u00e1vel pelo im\u00f3vel recebeu duas intima\u00e7\u00f5es da Secretaria Municipal de Meio Ambiente e Bem-Estar Animal (Semam): uma para limpeza do terreno em raz\u00e3o da grande quantidade de lixo acumulado, cujo descumprimento sujeita o respons\u00e1vel pelo im\u00f3vel a multa de R$ 886,28. A outra,\u00a0 para providenciar abrigo adequado a um c\u00e3o. O descumprimento desta autua\u00e7\u00e3o pode acarretar multa, variando de R$ 1.500,00 a 10 mil. O setor de zoonoses da Prefeitura tamb\u00e9m foi acionado para acompanhar a situa\u00e7\u00e3o em que o animal se encontra, segundo informou o coordenador do grupo t\u00e9cnico, Ailton Valido\u00a0dos Santos.<\/p>\n<p><img decoding=\"async\" class=\"IMG-responsive\" src=\"https:\/\/www.santos.sp.gov.br\/static\/files_www\/files\/portal_files\/noticias2024\/forca_10.jpg\" alt=\"\" \/><\/p>\n<p>O grupo \u00e9 composto por membros das secretarias Municipais do Meio Ambiente e Bem-Estar Animal (Semam) e Prefeituras Regionais (Sepref), Guarda Civil Municipal (GCM-Seseg) e Pol\u00edcia Militar Ambiental, atrav\u00e9s do Programa Atividade Delegada Ambiental.<\/p>\n<p>O objetivo da a\u00e7\u00e3o foi coibir a incid\u00eancia de ocupa\u00e7\u00f5es irregulares em \u00e1reas de preserva\u00e7\u00e3o ambiental em Santos. A constru\u00e7\u00e3o j\u00e1 havia sido alvo de autua\u00e7\u00e3o por duas vezes este ano: 10 de junho e 17 de agosto. Nesta \u00faltima ocorr\u00eancia, a Pol\u00edcia Militar Ambiental havia aplicado multa de R$ 20 mil.\u00a0 Com o acompanhamento do propriet\u00e1rio, a amplia\u00e7\u00e3o da constru\u00e7\u00e3o foi demolida pelos funcion\u00e1rios da Prefeitura Regional.\u00a0A moradia foi preservada.<\/p>\n<p><img decoding=\"async\" class=\"IMG-responsive\" src=\"https:\/\/www.santos.sp.gov.br\/static\/files_www\/files\/portal_files\/noticias2024\/forca_5.jpg\" alt=\"\" \/><\/p>\n<h4 id=\"menu1\">CONSERVA\u00c7\u00c3O AMBIENTAL<\/h4>\n<p>Segundo o coordenador do grupo t\u00e9cnico, as constru\u00e7\u00f5es erguidas em \u00e1reas de preserva\u00e7\u00e3o ambiental colocam em risco a preserva\u00e7\u00e3o de esp\u00e9cies nativas desse tipo de vegeta\u00e7\u00e3o, comprometem a qualidade das \u00e1guas dos rios que cortam a Cidade e muitas vezes s\u00e3o feitas sem orienta\u00e7\u00e3o t\u00e9cnica colocando em risco o desabamento total ou parcial do im\u00f3vel. \u201cAs a\u00e7\u00f5es da for\u00e7a-tarefa do grupo s\u00e3o realizadas com o objetivo de prevenir e proteger \u00e1reas de preserva\u00e7\u00e3o ambiental. Com isso tamb\u00e9m buscamos inibir que novas constru\u00e7\u00f5es sejam erguidas na Cidade\u201d.<\/p>\n<p>A conten\u00e7\u00e3o de invas\u00f5es tem como objetivo principal preservar as \u00e1reas de prote\u00e7\u00e3o ambiental do Munic\u00edpio, tais como o bioma da Mata Atl\u00e2ntica e os ecossistemas de matas ciliares, manguezais e restingas, dessa forma, conservando o equil\u00edbrio ambiental.<\/p>\n<p>Leia mais<\/p>\n<p><a href=\"https:\/\/redenoticiaz.com.br\/litoralsp\/2024\/11\/21\/dois-foragidos-da-justica-sao-presos-em-menos-de-24-horas-em-santos\">Prefeitura abre processo seletivo com sal\u00e1rios de at\u00e9 R$ 6 mil<\/a><\/p>\n<p><a href=\"https:\/\/redenoticiaz.com.br\/litoralsp\/2024\/11\/21\/defesa-civil-de-guaruja-inicia-treinamento-chuvas-de-verao\">Defesa Civil de Guaruj\u00e1 inicia treinamento chuvas de ver\u00e3o<\/a><\/p>\n","protected":false},"excerpt":{"rendered":"<p>A amplia\u00e7\u00e3o de uma constru\u00e7\u00e3o irregular em \u00e1rea de preserva\u00e7\u00e3o ambiental em Monte Cabr\u00e3o, na \u00c1rea Continental, foi inibida com a demoli\u00e7\u00e3o\u00a0na \u00e1rea em que estava sendo constru\u00edda. A pr\u00e1tica \u00e9 considerada crime ambiental. Este foi um dos resultados da atua\u00e7\u00e3o do Grupo de Controle de Ocupa\u00e7\u00f5es Irregulares e Habita\u00e7\u00f5es Subnormais, na \u00faltima quinta-feira (21), &hellip;<\/p>\n","protected":false},"author":12,"featured_media":119386,"comment_status":"open","ping_status":"closed","sticky":false,"template":"","format":"standard","meta":{"footnotes":""},"categories":[26798,180],"tags":[14600,5687,68940,986],"class_list":["post-119385","post","type-post","status-publish","format-standard","has-post-thumbnail","hentry","category-climatologia","category-santos","tag-ambiental","tag-forca-tarefa","tag-prefeitura-regional","tag-santos"],"yoast_head":"<!-- This site is optimized with the Yoast SEO plugin v27.4 - https:\/\/yoast.com\/product\/yoast-seo-wordpress\/ -->\n<title>For\u00e7a-tarefa inibe amplia\u00e7\u00e3o de constru\u00e7\u00e3o irregular na \u00c1rea Continental de Santos - Litoral SP<\/title>\n<meta name=\"description\" content=\"A amplia\u00e7\u00e3o de uma constru\u00e7\u00e3o irregular em \u00e1rea de preserva\u00e7\u00e3o ambiental em Monte Cabr\u00e3o, na \u00c1rea Continental, foi inibida com a demoli\u00e7\u00e3o\u00a0na \u00e1rea em que estava sendo constru\u00edda.\" \/>\n<meta name=\"robots\" content=\"index, follow, max-snippet:-1, max-image-preview:large, max-video-preview:-1\" \/>\n<link rel=\"canonical\" href=\"https:\/\/redenoticiaz.com.br\/litoralsp\/2024\/11\/22\/forca-tarefa-inibe-ampliacao-de-construcao-irregular-na-area-continental-de-santos\" \/>\n<meta property=\"og:locale\" content=\"pt_BR\" \/>\n<meta property=\"og:type\" content=\"article\" \/>\n<meta property=\"og:title\" content=\"For\u00e7a-tarefa inibe amplia\u00e7\u00e3o de constru\u00e7\u00e3o irregular na \u00c1rea Continental de Santos - Litoral SP\" \/>\n<meta property=\"og:description\" content=\"A amplia\u00e7\u00e3o de uma constru\u00e7\u00e3o irregular em \u00e1rea de preserva\u00e7\u00e3o ambiental em Monte Cabr\u00e3o, na \u00c1rea Continental, foi inibida com a demoli\u00e7\u00e3o\u00a0na \u00e1rea em que estava sendo constru\u00edda.\" \/>\n<meta property=\"og:url\" content=\"https:\/\/redenoticiaz.com.br\/litoralsp\/2024\/11\/22\/forca-tarefa-inibe-ampliacao-de-construcao-irregular-na-area-continental-de-santos\" \/>\n<meta property=\"og:site_name\" content=\"Litoral SP\" \/>\n<meta property=\"article:published_time\" content=\"2024-11-22T21:30:09+00:00\" \/>\n<meta property=\"og:image\" content=\"https:\/\/redenoticiaz.com.br\/litoralsp\/wp-content\/uploads\/sites\/3\/2024\/11\/forca_4.jpg\" \/>\n\t<meta property=\"og:image:width\" content=\"1075\" \/>\n\t<meta property=\"og:image:height\" content=\"1080\" \/>\n\t<meta property=\"og:image:type\" content=\"image\/jpeg\" \/>\n<meta name=\"author\" content=\"Gustavo Silva\" \/>\n<meta name=\"twitter:card\" content=\"summary_large_image\" \/>\n<meta name=\"twitter:label1\" content=\"Escrito por\" \/>\n\t<meta name=\"twitter:data1\" content=\"Gustavo Silva\" \/>\n\t<meta name=\"twitter:label2\" content=\"Est. tempo de leitura\" \/>\n\t<meta name=\"twitter:data2\" content=\"3 minutos\" \/>\n<script type=\"application\/ld+json\" class=\"yoast-schema-graph\">{\"@context\":\"https:\\\/\\\/schema.org\",\"@graph\":[{\"@type\":\"Article\",\"@id\":\"https:\\\/\\\/redenoticiaz.com.br\\\/litoralsp\\\/2024\\\/11\\\/22\\\/forca-tarefa-inibe-ampliacao-de-construcao-irregular-na-area-continental-de-santos#article\",\"isPartOf\":{\"@id\":\"https:\\\/\\\/redenoticiaz.com.br\\\/litoralsp\\\/2024\\\/11\\\/22\\\/forca-tarefa-inibe-ampliacao-de-construcao-irregular-na-area-continental-de-santos\"},\"author\":{\"name\":\"Gustavo Silva\",\"@id\":\"https:\\\/\\\/redenoticiaz.com.br\\\/litoralsp\\\/#\\\/schema\\\/person\\\/16057b37a3c0ee6b096d7f887c566e2e\"},\"headline\":\"For\u00e7a-tarefa inibe amplia\u00e7\u00e3o de constru\u00e7\u00e3o irregular na \u00c1rea Continental de Santos\",\"datePublished\":\"2024-11-22T21:30:09+00:00\",\"mainEntityOfPage\":{\"@id\":\"https:\\\/\\\/redenoticiaz.com.br\\\/litoralsp\\\/2024\\\/11\\\/22\\\/forca-tarefa-inibe-ampliacao-de-construcao-irregular-na-area-continental-de-santos\"},\"wordCount\":479,\"commentCount\":0,\"publisher\":{\"@id\":\"https:\\\/\\\/redenoticiaz.com.br\\\/litoralsp\\\/#organization\"},\"image\":{\"@id\":\"https:\\\/\\\/redenoticiaz.com.br\\\/litoralsp\\\/2024\\\/11\\\/22\\\/forca-tarefa-inibe-ampliacao-de-construcao-irregular-na-area-continental-de-santos#primaryimage\"},\"thumbnailUrl\":\"https:\\\/\\\/redenoticiaz.com.br\\\/litoralsp\\\/wp-content\\\/uploads\\\/sites\\\/3\\\/2024\\\/11\\\/forca_4.jpg\",\"keywords\":[\"AMBIENTAL\",\"FOR\u00c7A-TAREFA\",\"Prefeitura Regional\",\"Santos\"],\"articleSection\":[\"Climatologia\",\"Santos\"],\"inLanguage\":\"pt-BR\",\"potentialAction\":[{\"@type\":\"CommentAction\",\"name\":\"Comment\",\"target\":[\"https:\\\/\\\/redenoticiaz.com.br\\\/litoralsp\\\/2024\\\/11\\\/22\\\/forca-tarefa-inibe-ampliacao-de-construcao-irregular-na-area-continental-de-santos#respond\"]}]},{\"@type\":\"WebPage\",\"@id\":\"https:\\\/\\\/redenoticiaz.com.br\\\/litoralsp\\\/2024\\\/11\\\/22\\\/forca-tarefa-inibe-ampliacao-de-construcao-irregular-na-area-continental-de-santos\",\"url\":\"https:\\\/\\\/redenoticiaz.com.br\\\/litoralsp\\\/2024\\\/11\\\/22\\\/forca-tarefa-inibe-ampliacao-de-construcao-irregular-na-area-continental-de-santos\",\"name\":\"For\u00e7a-tarefa inibe amplia\u00e7\u00e3o de constru\u00e7\u00e3o irregular na \u00c1rea Continental de Santos - Litoral SP\",\"isPartOf\":{\"@id\":\"https:\\\/\\\/redenoticiaz.com.br\\\/litoralsp\\\/#website\"},\"primaryImageOfPage\":{\"@id\":\"https:\\\/\\\/redenoticiaz.com.br\\\/litoralsp\\\/2024\\\/11\\\/22\\\/forca-tarefa-inibe-ampliacao-de-construcao-irregular-na-area-continental-de-santos#primaryimage\"},\"image\":{\"@id\":\"https:\\\/\\\/redenoticiaz.com.br\\\/litoralsp\\\/2024\\\/11\\\/22\\\/forca-tarefa-inibe-ampliacao-de-construcao-irregular-na-area-continental-de-santos#primaryimage\"},\"thumbnailUrl\":\"https:\\\/\\\/redenoticiaz.com.br\\\/litoralsp\\\/wp-content\\\/uploads\\\/sites\\\/3\\\/2024\\\/11\\\/forca_4.jpg\",\"datePublished\":\"2024-11-22T21:30:09+00:00\",\"description\":\"A amplia\u00e7\u00e3o de uma constru\u00e7\u00e3o irregular em \u00e1rea de preserva\u00e7\u00e3o ambiental em Monte Cabr\u00e3o, na \u00c1rea Continental, foi inibida com a demoli\u00e7\u00e3o\u00a0na \u00e1rea em que estava sendo constru\u00edda.\",\"inLanguage\":\"pt-BR\",\"potentialAction\":[{\"@type\":\"ReadAction\",\"target\":[\"https:\\\/\\\/redenoticiaz.com.br\\\/litoralsp\\\/2024\\\/11\\\/22\\\/forca-tarefa-inibe-ampliacao-de-construcao-irregular-na-area-continental-de-santos\"]}]},{\"@type\":\"ImageObject\",\"inLanguage\":\"pt-BR\",\"@id\":\"https:\\\/\\\/redenoticiaz.com.br\\\/litoralsp\\\/2024\\\/11\\\/22\\\/forca-tarefa-inibe-ampliacao-de-construcao-irregular-na-area-continental-de-santos#primaryimage\",\"url\":\"https:\\\/\\\/redenoticiaz.com.br\\\/litoralsp\\\/wp-content\\\/uploads\\\/sites\\\/3\\\/2024\\\/11\\\/forca_4.jpg\",\"contentUrl\":\"https:\\\/\\\/redenoticiaz.com.br\\\/litoralsp\\\/wp-content\\\/uploads\\\/sites\\\/3\\\/2024\\\/11\\\/forca_4.jpg\",\"width\":1075,\"height\":1080},{\"@type\":\"WebSite\",\"@id\":\"https:\\\/\\\/redenoticiaz.com.br\\\/litoralsp\\\/#website\",\"url\":\"https:\\\/\\\/redenoticiaz.com.br\\\/litoralsp\\\/\",\"name\":\"Litoral SP\",\"description\":\"Rede NoticiaZ\",\"publisher\":{\"@id\":\"https:\\\/\\\/redenoticiaz.com.br\\\/litoralsp\\\/#organization\"},\"potentialAction\":[{\"@type\":\"SearchAction\",\"target\":{\"@type\":\"EntryPoint\",\"urlTemplate\":\"https:\\\/\\\/redenoticiaz.com.br\\\/litoralsp\\\/?s={search_term_string}\"},\"query-input\":{\"@type\":\"PropertyValueSpecification\",\"valueRequired\":true,\"valueName\":\"search_term_string\"}}],\"inLanguage\":\"pt-BR\"},{\"@type\":\"Organization\",\"@id\":\"https:\\\/\\\/redenoticiaz.com.br\\\/litoralsp\\\/#organization\",\"name\":\"Litoral SP\",\"url\":\"https:\\\/\\\/redenoticiaz.com.br\\\/litoralsp\\\/\",\"logo\":{\"@type\":\"ImageObject\",\"inLanguage\":\"pt-BR\",\"@id\":\"https:\\\/\\\/redenoticiaz.com.br\\\/litoralsp\\\/#\\\/schema\\\/logo\\\/image\\\/\",\"url\":\"https:\\\/\\\/redenoticiaz.com.br\\\/litoralsp\\\/wp-content\\\/uploads\\\/sites\\\/3\\\/2020\\\/11\\\/logo.jpg\",\"contentUrl\":\"https:\\\/\\\/redenoticiaz.com.br\\\/litoralsp\\\/wp-content\\\/uploads\\\/sites\\\/3\\\/2020\\\/11\\\/logo.jpg\",\"width\":400,\"height\":250,\"caption\":\"Litoral SP\"},\"image\":{\"@id\":\"https:\\\/\\\/redenoticiaz.com.br\\\/litoralsp\\\/#\\\/schema\\\/logo\\\/image\\\/\"}},{\"@type\":\"Person\",\"@id\":\"https:\\\/\\\/redenoticiaz.com.br\\\/litoralsp\\\/#\\\/schema\\\/person\\\/16057b37a3c0ee6b096d7f887c566e2e\",\"name\":\"Gustavo Silva\",\"image\":{\"@type\":\"ImageObject\",\"inLanguage\":\"pt-BR\",\"@id\":\"https:\\\/\\\/secure.gravatar.com\\\/avatar\\\/3ee4e82f93b26de0a7cf4ea5eb7893da637ed6bb0c9170c58065944c56e28a33?s=96&d=mm&r=g\",\"url\":\"https:\\\/\\\/secure.gravatar.com\\\/avatar\\\/3ee4e82f93b26de0a7cf4ea5eb7893da637ed6bb0c9170c58065944c56e28a33?s=96&d=mm&r=g\",\"contentUrl\":\"https:\\\/\\\/secure.gravatar.com\\\/avatar\\\/3ee4e82f93b26de0a7cf4ea5eb7893da637ed6bb0c9170c58065944c56e28a33?s=96&d=mm&r=g\",\"caption\":\"Gustavo Silva\"},\"url\":\"https:\\\/\\\/redenoticiaz.com.br\\\/litoralsp\\\/author\\\/gustavosilva\"}]}<\/script>\n<!-- \/ Yoast SEO plugin. -->","yoast_head_json":{"title":"For\u00e7a-tarefa inibe amplia\u00e7\u00e3o de constru\u00e7\u00e3o irregular na \u00c1rea Continental de Santos - Litoral SP","description":"A amplia\u00e7\u00e3o de uma constru\u00e7\u00e3o irregular em \u00e1rea de preserva\u00e7\u00e3o ambiental em Monte Cabr\u00e3o, na \u00c1rea Continental, foi inibida com a demoli\u00e7\u00e3o\u00a0na \u00e1rea em que estava sendo constru\u00edda.","robots":{"index":"index","follow":"follow","max-snippet":"max-snippet:-1","max-image-preview":"max-image-preview:large","max-video-preview":"max-video-preview:-1"},"canonical":"https:\/\/redenoticiaz.com.br\/litoralsp\/2024\/11\/22\/forca-tarefa-inibe-ampliacao-de-construcao-irregular-na-area-continental-de-santos","og_locale":"pt_BR","og_type":"article","og_title":"For\u00e7a-tarefa inibe amplia\u00e7\u00e3o de constru\u00e7\u00e3o irregular na \u00c1rea Continental de Santos - Litoral SP","og_description":"A amplia\u00e7\u00e3o de uma constru\u00e7\u00e3o irregular em \u00e1rea de preserva\u00e7\u00e3o ambiental em Monte Cabr\u00e3o, na \u00c1rea Continental, foi inibida com a demoli\u00e7\u00e3o\u00a0na \u00e1rea em que estava sendo constru\u00edda.","og_url":"https:\/\/redenoticiaz.com.br\/litoralsp\/2024\/11\/22\/forca-tarefa-inibe-ampliacao-de-construcao-irregular-na-area-continental-de-santos","og_site_name":"Litoral SP","article_published_time":"2024-11-22T21:30:09+00:00","og_image":[{"width":1075,"height":1080,"url":"https:\/\/redenoticiaz.com.br\/litoralsp\/wp-content\/uploads\/sites\/3\/2024\/11\/forca_4.jpg","type":"image\/jpeg"}],"author":"Gustavo Silva","twitter_card":"summary_large_image","twitter_misc":{"Escrito por":"Gustavo Silva","Est. tempo de leitura":"3 minutos"},"schema":{"@context":"https:\/\/schema.org","@graph":[{"@type":"Article","@id":"https:\/\/redenoticiaz.com.br\/litoralsp\/2024\/11\/22\/forca-tarefa-inibe-ampliacao-de-construcao-irregular-na-area-continental-de-santos#article","isPartOf":{"@id":"https:\/\/redenoticiaz.com.br\/litoralsp\/2024\/11\/22\/forca-tarefa-inibe-ampliacao-de-construcao-irregular-na-area-continental-de-santos"},"author":{"name":"Gustavo Silva","@id":"https:\/\/redenoticiaz.com.br\/litoralsp\/#\/schema\/person\/16057b37a3c0ee6b096d7f887c566e2e"},"headline":"For\u00e7a-tarefa inibe amplia\u00e7\u00e3o de constru\u00e7\u00e3o irregular na \u00c1rea Continental de Santos","datePublished":"2024-11-22T21:30:09+00:00","mainEntityOfPage":{"@id":"https:\/\/redenoticiaz.com.br\/litoralsp\/2024\/11\/22\/forca-tarefa-inibe-ampliacao-de-construcao-irregular-na-area-continental-de-santos"},"wordCount":479,"commentCount":0,"publisher":{"@id":"https:\/\/redenoticiaz.com.br\/litoralsp\/#organization"},"image":{"@id":"https:\/\/redenoticiaz.com.br\/litoralsp\/2024\/11\/22\/forca-tarefa-inibe-ampliacao-de-construcao-irregular-na-area-continental-de-santos#primaryimage"},"thumbnailUrl":"https:\/\/redenoticiaz.com.br\/litoralsp\/wp-content\/uploads\/sites\/3\/2024\/11\/forca_4.jpg","keywords":["AMBIENTAL","FOR\u00c7A-TAREFA","Prefeitura Regional","Santos"],"articleSection":["Climatologia","Santos"],"inLanguage":"pt-BR","potentialAction":[{"@type":"CommentAction","name":"Comment","target":["https:\/\/redenoticiaz.com.br\/litoralsp\/2024\/11\/22\/forca-tarefa-inibe-ampliacao-de-construcao-irregular-na-area-continental-de-santos#respond"]}]},{"@type":"WebPage","@id":"https:\/\/redenoticiaz.com.br\/litoralsp\/2024\/11\/22\/forca-tarefa-inibe-ampliacao-de-construcao-irregular-na-area-continental-de-santos","url":"https:\/\/redenoticiaz.com.br\/litoralsp\/2024\/11\/22\/forca-tarefa-inibe-ampliacao-de-construcao-irregular-na-area-continental-de-santos","name":"For\u00e7a-tarefa inibe amplia\u00e7\u00e3o de constru\u00e7\u00e3o irregular na \u00c1rea Continental de Santos - Litoral SP","isPartOf":{"@id":"https:\/\/redenoticiaz.com.br\/litoralsp\/#website"},"primaryImageOfPage":{"@id":"https:\/\/redenoticiaz.com.br\/litoralsp\/2024\/11\/22\/forca-tarefa-inibe-ampliacao-de-construcao-irregular-na-area-continental-de-santos#primaryimage"},"image":{"@id":"https:\/\/redenoticiaz.com.br\/litoralsp\/2024\/11\/22\/forca-tarefa-inibe-ampliacao-de-construcao-irregular-na-area-continental-de-santos#primaryimage"},"thumbnailUrl":"https:\/\/redenoticiaz.com.br\/litoralsp\/wp-content\/uploads\/sites\/3\/2024\/11\/forca_4.jpg","datePublished":"2024-11-22T21:30:09+00:00","description":"A amplia\u00e7\u00e3o de uma constru\u00e7\u00e3o irregular em \u00e1rea de preserva\u00e7\u00e3o ambiental em Monte Cabr\u00e3o, na \u00c1rea Continental, foi inibida com a demoli\u00e7\u00e3o\u00a0na \u00e1rea em que estava sendo constru\u00edda.","inLanguage":"pt-BR","potentialAction":[{"@type":"ReadAction","target":["https:\/\/redenoticiaz.com.br\/litoralsp\/2024\/11\/22\/forca-tarefa-inibe-ampliacao-de-construcao-irregular-na-area-continental-de-santos"]}]},{"@type":"ImageObject","inLanguage":"pt-BR","@id":"https:\/\/redenoticiaz.com.br\/litoralsp\/2024\/11\/22\/forca-tarefa-inibe-ampliacao-de-construcao-irregular-na-area-continental-de-santos#primaryimage","url":"https:\/\/redenoticiaz.com.br\/litoralsp\/wp-content\/uploads\/sites\/3\/2024\/11\/forca_4.jpg","contentUrl":"https:\/\/redenoticiaz.com.br\/litoralsp\/wp-content\/uploads\/sites\/3\/2024\/11\/forca_4.jpg","width":1075,"height":1080},{"@type":"WebSite","@id":"https:\/\/redenoticiaz.com.br\/litoralsp\/#website","url":"https:\/\/redenoticiaz.com.br\/litoralsp\/","name":"Litoral SP","description":"Rede NoticiaZ","publisher":{"@id":"https:\/\/redenoticiaz.com.br\/litoralsp\/#organization"},"potentialAction":[{"@type":"SearchAction","target":{"@type":"EntryPoint","urlTemplate":"https:\/\/redenoticiaz.com.br\/litoralsp\/?s={search_term_string}"},"query-input":{"@type":"PropertyValueSpecification","valueRequired":true,"valueName":"search_term_string"}}],"inLanguage":"pt-BR"},{"@type":"Organization","@id":"https:\/\/redenoticiaz.com.br\/litoralsp\/#organization","name":"Litoral SP","url":"https:\/\/redenoticiaz.com.br\/litoralsp\/","logo":{"@type":"ImageObject","inLanguage":"pt-BR","@id":"https:\/\/redenoticiaz.com.br\/litoralsp\/#\/schema\/logo\/image\/","url":"https:\/\/redenoticiaz.com.br\/litoralsp\/wp-content\/uploads\/sites\/3\/2020\/11\/logo.jpg","contentUrl":"https:\/\/redenoticiaz.com.br\/litoralsp\/wp-content\/uploads\/sites\/3\/2020\/11\/logo.jpg","width":400,"height":250,"caption":"Litoral SP"},"image":{"@id":"https:\/\/redenoticiaz.com.br\/litoralsp\/#\/schema\/logo\/image\/"}},{"@type":"Person","@id":"https:\/\/redenoticiaz.com.br\/litoralsp\/#\/schema\/person\/16057b37a3c0ee6b096d7f887c566e2e","name":"Gustavo Silva","image":{"@type":"ImageObject","inLanguage":"pt-BR","@id":"https:\/\/secure.gravatar.com\/avatar\/3ee4e82f93b26de0a7cf4ea5eb7893da637ed6bb0c9170c58065944c56e28a33?s=96&d=mm&r=g","url":"https:\/\/secure.gravatar.com\/avatar\/3ee4e82f93b26de0a7cf4ea5eb7893da637ed6bb0c9170c58065944c56e28a33?s=96&d=mm&r=g","contentUrl":"https:\/\/secure.gravatar.com\/avatar\/3ee4e82f93b26de0a7cf4ea5eb7893da637ed6bb0c9170c58065944c56e28a33?s=96&d=mm&r=g","caption":"Gustavo Silva"},"url":"https:\/\/redenoticiaz.com.br\/litoralsp\/author\/gustavosilva"}]}},"_links":{"self":[{"href":"https:\/\/redenoticiaz.com.br\/litoralsp\/wp-json\/wp\/v2\/posts\/119385","targetHints":{"allow":["GET"]}}],"collection":[{"href":"https:\/\/redenoticiaz.com.br\/litoralsp\/wp-json\/wp\/v2\/posts"}],"about":[{"href":"https:\/\/redenoticiaz.com.br\/litoralsp\/wp-json\/wp\/v2\/types\/post"}],"author":[{"embeddable":true,"href":"https:\/\/redenoticiaz.com.br\/litoralsp\/wp-json\/wp\/v2\/users\/12"}],"replies":[{"embeddable":true,"href":"https:\/\/redenoticiaz.com.br\/litoralsp\/wp-json\/wp\/v2\/comments?post=119385"}],"version-history":[{"count":1,"href":"https:\/\/redenoticiaz.com.br\/litoralsp\/wp-json\/wp\/v2\/posts\/119385\/revisions"}],"predecessor-version":[{"id":119387,"href":"https:\/\/redenoticiaz.com.br\/litoralsp\/wp-json\/wp\/v2\/posts\/119385\/revisions\/119387"}],"wp:featuredmedia":[{"embeddable":true,"href":"https:\/\/redenoticiaz.com.br\/litoralsp\/wp-json\/wp\/v2\/media\/119386"}],"wp:attachment":[{"href":"https:\/\/redenoticiaz.com.br\/litoralsp\/wp-json\/wp\/v2\/media?parent=119385"}],"wp:term":[{"taxonomy":"category","embeddable":true,"href":"https:\/\/redenoticiaz.com.br\/litoralsp\/wp-json\/wp\/v2\/categories?post=119385"},{"taxonomy":"post_tag","embeddable":true,"href":"https:\/\/redenoticiaz.com.br\/litoralsp\/wp-json\/wp\/v2\/tags?post=119385"}],"curies":[{"name":"wp","href":"https:\/\/api.w.org\/{rel}","templated":true}]}}