{"id":119417,"date":"2024-11-26T11:32:52","date_gmt":"2024-11-26T14:32:52","guid":{"rendered":"https:\/\/redenoticiaz.com.br\/litoralsp\/2024\/11\/26\/quer-trabalhar-no-litoral-confira-412-vagas-de-emprego-disponiveis"},"modified":"2024-11-26T11:32:52","modified_gmt":"2024-11-26T14:32:52","slug":"quer-trabalhar-no-litoral-confira-412-vagas-de-emprego-disponiveis","status":"publish","type":"post","link":"https:\/\/redenoticiaz.com.br\/litoralsp\/2024\/11\/26\/quer-trabalhar-no-litoral-confira-412-vagas-de-emprego-disponiveis","title":{"rendered":"Quer trabalhar no litoral? Confira 412 vagas de emprego dispon\u00edveis!"},"content":{"rendered":"<p>O Posto de Atendimento ao Trabalhador (PAT) de S\u00e3o Vicente disponibiliza nesta ter\u00e7a-feira (26) um total de <strong>412 vagas de emprego<\/strong> em diversas \u00e1reas. O atendimento acontece de forma presencial, de segunda a sexta-feira, das 9h \u00e0s 17h, em duas unidades:<\/p>\n<ul>\n<li><strong>\u00c1rea Insular<\/strong>: Avenida Presidente Wilson, 1.126 \u2013 Itarar\u00e9<\/li>\n<li><strong>\u00c1rea Continental<\/strong>: Avenida Ulisses Guimar\u00e3es, 1330 \u2013 Jardim Rio Branco<\/li>\n<\/ul>\n<p>Para se candidatar, \u00e9 necess\u00e1rio apresentar <strong>RG, CPF e carteira de trabalho<\/strong>.<\/p>\n<h3>Cadastro online<\/h3>\n<p>Candidatos que buscam mais agilidade podem acessar as vagas pelo aplicativo <strong>Sine F\u00e1cil<\/strong> (dispon\u00edvel para Android) ou pelo portal <strong>Emprega Brasil<\/strong>, no link <a href=\"https:\/\/empregabrasil.mte.gov.br\" target=\"_new\" rel=\"noopener\">https:\/\/empregabrasil.mte.gov.br<\/a>.<\/p>\n<h3>Vagas dispon\u00edveis<\/h3>\n<p>Entre as oportunidades oferecidas, destacam-se:<\/p>\n<ul>\n<li><strong>20 vagas &#8211; Vendedor de porta em porta<\/strong>\n<ul>\n<li>Requisitos: Ensino M\u00e9dio completo; residir em S\u00e3o Vicente, Praia Grande, Santos, Guaruj\u00e1 ou Cubat\u00e3o<\/li>\n<\/ul>\n<\/li>\n<li><strong>10 vagas &#8211; Operador de caixa<\/strong>\n<ul>\n<li>Requisitos: Ensino M\u00e9dio completo; residir em S\u00e3o Vicente ou Santos<\/li>\n<\/ul>\n<\/li>\n<li><strong>10 vagas &#8211; Repositor de mercadorias<\/strong>\n<ul>\n<li>Requisitos: Ensino M\u00e9dio completo; residir em S\u00e3o Vicente ou Santos<\/li>\n<\/ul>\n<\/li>\n<li><strong>2 vagas &#8211; Auxiliar de cozinha<\/strong>\n<ul>\n<li>Requisitos: Ensino Fundamental completo; residir em S\u00e3o Vicente ou Santos<\/li>\n<\/ul>\n<\/li>\n<li><strong>20 vagas &#8211; Operador de vendas (Lojas)<\/strong>\n<ul>\n<li>Requisitos: Ensino M\u00e9dio completo; experi\u00eancia registrada em carteira; residir em S\u00e3o Vicente ou Santos<\/li>\n<\/ul>\n<\/li>\n<li><strong>350 vagas &#8211; Atendentes de lojas<\/strong>\n<ul>\n<li>Requisitos: Ensino M\u00e9dio completo; experi\u00eancia registrada em carteira; residir em S\u00e3o Vicente, Praia Grande, Santos, Guaruj\u00e1, Ubatuba, Boi\u00e7ucanga ou Bertioga<\/li>\n<\/ul>\n<\/li>\n<\/ul>\n<h3>Fique atento \u00e0s oportunidades!<\/h3>\n<p>Com centenas de vagas dispon\u00edveis, o PAT de S\u00e3o Vicente segue sendo uma importante ferramenta para quem busca recoloca\u00e7\u00e3o profissional na regi\u00e3o. Aproveite e compare\u00e7a a uma das unidades ou fa\u00e7a seu cadastro online para aumentar suas chances de conquistar uma vaga.<\/p>\n<p>LEIA MAIS<\/p>\n<p><a href=\"https:\/\/redenoticiaz.com.br\/blog\/2024\/11\/26\/policia-civil-apreende-modulos-de-caminhoes-furtados-e-arma-em-operacao\">Pol\u00edcia Civil apreende m\u00f3dulos de caminh\u00f5es furtados e arma em opera\u00e7\u00e3o<\/a><\/p>\n<p><a href=\"https:\/\/redenoticiaz.com.br\/blog\/2024\/11\/26\/grupo-marcondes-delphos-gi-group-confira-as-vagas-de-emprego-abertas\">Grupo Marcondes, Delphos e Gi Group: Confira as vagas de emprego abertas<\/a><\/p>\n<p>&nbsp;<\/p>\n","protected":false},"excerpt":{"rendered":"<p>O Posto de Atendimento ao Trabalhador (PAT) de S\u00e3o Vicente disponibiliza nesta ter\u00e7a-feira (26) um total de 412 vagas de emprego em diversas \u00e1reas. O atendimento acontece de forma presencial, de segunda a sexta-feira, das 9h \u00e0s 17h, em duas unidades: \u00c1rea Insular: Avenida Presidente Wilson, 1.126 \u2013 Itarar\u00e9 \u00c1rea Continental: Avenida Ulisses Guimar\u00e3es, 1330 &hellip;<\/p>\n","protected":false},"author":30,"featured_media":119418,"comment_status":"open","ping_status":"closed","sticky":false,"template":"","format":"standard","meta":{"footnotes":""},"categories":[67963],"tags":[46301,9214,33,22019],"class_list":["post-119417","post","type-post","status-publish","format-standard","has-post-thumbnail","hentry","category-emprego","tag-cadastro","tag-emprego","tag-sao-vicente","tag-vagas"],"yoast_head":"<!-- This site is optimized with the Yoast SEO plugin v27.5 - https:\/\/yoast.com\/product\/yoast-seo-wordpress\/ -->\n<title>Quer trabalhar no litoral? Confira 412 vagas de emprego dispon\u00edveis! - Litoral SP<\/title>\n<meta name=\"description\" content=\"O Posto de Atendimento ao Trabalhador (PAT) de S\u00e3o Vicente disponibiliza um total de 412 vagas de emprego em diversas \u00e1reas.\" \/>\n<meta name=\"robots\" content=\"index, follow, max-snippet:-1, max-image-preview:large, max-video-preview:-1\" \/>\n<link rel=\"canonical\" href=\"https:\/\/redenoticiaz.com.br\/litoralsp\/2024\/11\/26\/quer-trabalhar-no-litoral-confira-412-vagas-de-emprego-disponiveis\" \/>\n<meta property=\"og:locale\" content=\"pt_BR\" \/>\n<meta property=\"og:type\" content=\"article\" \/>\n<meta property=\"og:title\" content=\"Quer trabalhar no litoral? Confira 412 vagas de emprego dispon\u00edveis! - Litoral SP\" \/>\n<meta property=\"og:description\" content=\"O Posto de Atendimento ao Trabalhador (PAT) de S\u00e3o Vicente disponibiliza um total de 412 vagas de emprego em diversas \u00e1reas.\" \/>\n<meta property=\"og:url\" content=\"https:\/\/redenoticiaz.com.br\/litoralsp\/2024\/11\/26\/quer-trabalhar-no-litoral-confira-412-vagas-de-emprego-disponiveis\" \/>\n<meta property=\"og:site_name\" content=\"Litoral SP\" \/>\n<meta property=\"article:published_time\" content=\"2024-11-26T14:32:52+00:00\" \/>\n<meta property=\"og:image\" content=\"https:\/\/redenoticiaz.com.br\/litoralsp\/wp-content\/uploads\/sites\/3\/2024\/11\/trabalhe-no-litoral.jpg?v=1732631549\" \/>\n\t<meta property=\"og:image:width\" content=\"1200\" \/>\n\t<meta property=\"og:image:height\" content=\"628\" \/>\n\t<meta property=\"og:image:type\" content=\"image\/jpeg\" \/>\n<meta name=\"author\" content=\"Carina Reifonas\" \/>\n<meta name=\"twitter:card\" content=\"summary_large_image\" \/>\n<meta name=\"twitter:label1\" content=\"Escrito por\" \/>\n\t<meta name=\"twitter:data1\" content=\"Carina Reifonas\" \/>\n\t<meta name=\"twitter:label2\" content=\"Est. tempo de leitura\" \/>\n\t<meta name=\"twitter:data2\" content=\"2 minutos\" \/>\n<script type=\"application\/ld+json\" class=\"yoast-schema-graph\">{\"@context\":\"https:\\\/\\\/schema.org\",\"@graph\":[{\"@type\":\"Article\",\"@id\":\"https:\\\/\\\/redenoticiaz.com.br\\\/litoralsp\\\/2024\\\/11\\\/26\\\/quer-trabalhar-no-litoral-confira-412-vagas-de-emprego-disponiveis#article\",\"isPartOf\":{\"@id\":\"https:\\\/\\\/redenoticiaz.com.br\\\/litoralsp\\\/2024\\\/11\\\/26\\\/quer-trabalhar-no-litoral-confira-412-vagas-de-emprego-disponiveis\"},\"author\":{\"name\":\"Carina Reifonas\",\"@id\":\"https:\\\/\\\/redenoticiaz.com.br\\\/litoralsp\\\/#\\\/schema\\\/person\\\/1f84d6e94e6a62d2d81199d7503e9e90\"},\"headline\":\"Quer trabalhar no litoral? Confira 412 vagas de emprego dispon\u00edveis!\",\"datePublished\":\"2024-11-26T14:32:52+00:00\",\"mainEntityOfPage\":{\"@id\":\"https:\\\/\\\/redenoticiaz.com.br\\\/litoralsp\\\/2024\\\/11\\\/26\\\/quer-trabalhar-no-litoral-confira-412-vagas-de-emprego-disponiveis\"},\"wordCount\":326,\"commentCount\":0,\"publisher\":{\"@id\":\"https:\\\/\\\/redenoticiaz.com.br\\\/litoralsp\\\/#organization\"},\"image\":{\"@id\":\"https:\\\/\\\/redenoticiaz.com.br\\\/litoralsp\\\/2024\\\/11\\\/26\\\/quer-trabalhar-no-litoral-confira-412-vagas-de-emprego-disponiveis#primaryimage\"},\"thumbnailUrl\":\"https:\\\/\\\/redenoticiaz.com.br\\\/litoralsp\\\/wp-content\\\/uploads\\\/sites\\\/3\\\/2024\\\/11\\\/trabalhe-no-litoral.jpg?v=1732631549\",\"keywords\":[\"CADASTRO\",\"EMPREGO\",\"S\u00e3o Vicente\",\"VAGAS\"],\"articleSection\":[\"Emprego\"],\"inLanguage\":\"pt-BR\",\"potentialAction\":[{\"@type\":\"CommentAction\",\"name\":\"Comment\",\"target\":[\"https:\\\/\\\/redenoticiaz.com.br\\\/litoralsp\\\/2024\\\/11\\\/26\\\/quer-trabalhar-no-litoral-confira-412-vagas-de-emprego-disponiveis#respond\"]}]},{\"@type\":\"WebPage\",\"@id\":\"https:\\\/\\\/redenoticiaz.com.br\\\/litoralsp\\\/2024\\\/11\\\/26\\\/quer-trabalhar-no-litoral-confira-412-vagas-de-emprego-disponiveis\",\"url\":\"https:\\\/\\\/redenoticiaz.com.br\\\/litoralsp\\\/2024\\\/11\\\/26\\\/quer-trabalhar-no-litoral-confira-412-vagas-de-emprego-disponiveis\",\"name\":\"Quer trabalhar no litoral? Confira 412 vagas de emprego dispon\u00edveis! - Litoral SP\",\"isPartOf\":{\"@id\":\"https:\\\/\\\/redenoticiaz.com.br\\\/litoralsp\\\/#website\"},\"primaryImageOfPage\":{\"@id\":\"https:\\\/\\\/redenoticiaz.com.br\\\/litoralsp\\\/2024\\\/11\\\/26\\\/quer-trabalhar-no-litoral-confira-412-vagas-de-emprego-disponiveis#primaryimage\"},\"image\":{\"@id\":\"https:\\\/\\\/redenoticiaz.com.br\\\/litoralsp\\\/2024\\\/11\\\/26\\\/quer-trabalhar-no-litoral-confira-412-vagas-de-emprego-disponiveis#primaryimage\"},\"thumbnailUrl\":\"https:\\\/\\\/redenoticiaz.com.br\\\/litoralsp\\\/wp-content\\\/uploads\\\/sites\\\/3\\\/2024\\\/11\\\/trabalhe-no-litoral.jpg?v=1732631549\",\"datePublished\":\"2024-11-26T14:32:52+00:00\",\"description\":\"O Posto de Atendimento ao Trabalhador (PAT) de S\u00e3o Vicente disponibiliza um total de 412 vagas de emprego em diversas \u00e1reas.\",\"inLanguage\":\"pt-BR\",\"potentialAction\":[{\"@type\":\"ReadAction\",\"target\":[\"https:\\\/\\\/redenoticiaz.com.br\\\/litoralsp\\\/2024\\\/11\\\/26\\\/quer-trabalhar-no-litoral-confira-412-vagas-de-emprego-disponiveis\"]}]},{\"@type\":\"ImageObject\",\"inLanguage\":\"pt-BR\",\"@id\":\"https:\\\/\\\/redenoticiaz.com.br\\\/litoralsp\\\/2024\\\/11\\\/26\\\/quer-trabalhar-no-litoral-confira-412-vagas-de-emprego-disponiveis#primaryimage\",\"url\":\"https:\\\/\\\/redenoticiaz.com.br\\\/litoralsp\\\/wp-content\\\/uploads\\\/sites\\\/3\\\/2024\\\/11\\\/trabalhe-no-litoral.jpg?v=1732631549\",\"contentUrl\":\"https:\\\/\\\/redenoticiaz.com.br\\\/litoralsp\\\/wp-content\\\/uploads\\\/sites\\\/3\\\/2024\\\/11\\\/trabalhe-no-litoral.jpg?v=1732631549\",\"width\":1200,\"height\":628},{\"@type\":\"WebSite\",\"@id\":\"https:\\\/\\\/redenoticiaz.com.br\\\/litoralsp\\\/#website\",\"url\":\"https:\\\/\\\/redenoticiaz.com.br\\\/litoralsp\\\/\",\"name\":\"Litoral SP\",\"description\":\"Rede NoticiaZ\",\"publisher\":{\"@id\":\"https:\\\/\\\/redenoticiaz.com.br\\\/litoralsp\\\/#organization\"},\"potentialAction\":[{\"@type\":\"SearchAction\",\"target\":{\"@type\":\"EntryPoint\",\"urlTemplate\":\"https:\\\/\\\/redenoticiaz.com.br\\\/litoralsp\\\/?s={search_term_string}\"},\"query-input\":{\"@type\":\"PropertyValueSpecification\",\"valueRequired\":true,\"valueName\":\"search_term_string\"}}],\"inLanguage\":\"pt-BR\"},{\"@type\":\"Organization\",\"@id\":\"https:\\\/\\\/redenoticiaz.com.br\\\/litoralsp\\\/#organization\",\"name\":\"Litoral SP\",\"url\":\"https:\\\/\\\/redenoticiaz.com.br\\\/litoralsp\\\/\",\"logo\":{\"@type\":\"ImageObject\",\"inLanguage\":\"pt-BR\",\"@id\":\"https:\\\/\\\/redenoticiaz.com.br\\\/litoralsp\\\/#\\\/schema\\\/logo\\\/image\\\/\",\"url\":\"https:\\\/\\\/redenoticiaz.com.br\\\/litoralsp\\\/wp-content\\\/uploads\\\/sites\\\/3\\\/2020\\\/11\\\/logo.jpg\",\"contentUrl\":\"https:\\\/\\\/redenoticiaz.com.br\\\/litoralsp\\\/wp-content\\\/uploads\\\/sites\\\/3\\\/2020\\\/11\\\/logo.jpg\",\"width\":400,\"height\":250,\"caption\":\"Litoral SP\"},\"image\":{\"@id\":\"https:\\\/\\\/redenoticiaz.com.br\\\/litoralsp\\\/#\\\/schema\\\/logo\\\/image\\\/\"}},{\"@type\":\"Person\",\"@id\":\"https:\\\/\\\/redenoticiaz.com.br\\\/litoralsp\\\/#\\\/schema\\\/person\\\/1f84d6e94e6a62d2d81199d7503e9e90\",\"name\":\"Carina Reifonas\",\"image\":{\"@type\":\"ImageObject\",\"inLanguage\":\"pt-BR\",\"@id\":\"https:\\\/\\\/secure.gravatar.com\\\/avatar\\\/04c59859b23696cf867715880f81d5c037e60109730bdb4e6670ec2a2245bc97?s=96&d=mm&r=g\",\"url\":\"https:\\\/\\\/secure.gravatar.com\\\/avatar\\\/04c59859b23696cf867715880f81d5c037e60109730bdb4e6670ec2a2245bc97?s=96&d=mm&r=g\",\"contentUrl\":\"https:\\\/\\\/secure.gravatar.com\\\/avatar\\\/04c59859b23696cf867715880f81d5c037e60109730bdb4e6670ec2a2245bc97?s=96&d=mm&r=g\",\"caption\":\"Carina Reifonas\"},\"url\":\"https:\\\/\\\/redenoticiaz.com.br\\\/litoralsp\\\/author\\\/carinareifonas\"}]}<\/script>\n<!-- \/ Yoast SEO plugin. -->","yoast_head_json":{"title":"Quer trabalhar no litoral? Confira 412 vagas de emprego dispon\u00edveis! - Litoral SP","description":"O Posto de Atendimento ao Trabalhador (PAT) de S\u00e3o Vicente disponibiliza um total de 412 vagas de emprego em diversas \u00e1reas.","robots":{"index":"index","follow":"follow","max-snippet":"max-snippet:-1","max-image-preview":"max-image-preview:large","max-video-preview":"max-video-preview:-1"},"canonical":"https:\/\/redenoticiaz.com.br\/litoralsp\/2024\/11\/26\/quer-trabalhar-no-litoral-confira-412-vagas-de-emprego-disponiveis","og_locale":"pt_BR","og_type":"article","og_title":"Quer trabalhar no litoral? Confira 412 vagas de emprego dispon\u00edveis! - Litoral SP","og_description":"O Posto de Atendimento ao Trabalhador (PAT) de S\u00e3o Vicente disponibiliza um total de 412 vagas de emprego em diversas \u00e1reas.","og_url":"https:\/\/redenoticiaz.com.br\/litoralsp\/2024\/11\/26\/quer-trabalhar-no-litoral-confira-412-vagas-de-emprego-disponiveis","og_site_name":"Litoral SP","article_published_time":"2024-11-26T14:32:52+00:00","og_image":[{"width":1200,"height":628,"url":"https:\/\/redenoticiaz.com.br\/litoralsp\/wp-content\/uploads\/sites\/3\/2024\/11\/trabalhe-no-litoral.jpg?v=1732631549","type":"image\/jpeg"}],"author":"Carina Reifonas","twitter_card":"summary_large_image","twitter_misc":{"Escrito por":"Carina Reifonas","Est. tempo de leitura":"2 minutos"},"schema":{"@context":"https:\/\/schema.org","@graph":[{"@type":"Article","@id":"https:\/\/redenoticiaz.com.br\/litoralsp\/2024\/11\/26\/quer-trabalhar-no-litoral-confira-412-vagas-de-emprego-disponiveis#article","isPartOf":{"@id":"https:\/\/redenoticiaz.com.br\/litoralsp\/2024\/11\/26\/quer-trabalhar-no-litoral-confira-412-vagas-de-emprego-disponiveis"},"author":{"name":"Carina Reifonas","@id":"https:\/\/redenoticiaz.com.br\/litoralsp\/#\/schema\/person\/1f84d6e94e6a62d2d81199d7503e9e90"},"headline":"Quer trabalhar no litoral? Confira 412 vagas de emprego dispon\u00edveis!","datePublished":"2024-11-26T14:32:52+00:00","mainEntityOfPage":{"@id":"https:\/\/redenoticiaz.com.br\/litoralsp\/2024\/11\/26\/quer-trabalhar-no-litoral-confira-412-vagas-de-emprego-disponiveis"},"wordCount":326,"commentCount":0,"publisher":{"@id":"https:\/\/redenoticiaz.com.br\/litoralsp\/#organization"},"image":{"@id":"https:\/\/redenoticiaz.com.br\/litoralsp\/2024\/11\/26\/quer-trabalhar-no-litoral-confira-412-vagas-de-emprego-disponiveis#primaryimage"},"thumbnailUrl":"https:\/\/redenoticiaz.com.br\/litoralsp\/wp-content\/uploads\/sites\/3\/2024\/11\/trabalhe-no-litoral.jpg?v=1732631549","keywords":["CADASTRO","EMPREGO","S\u00e3o Vicente","VAGAS"],"articleSection":["Emprego"],"inLanguage":"pt-BR","potentialAction":[{"@type":"CommentAction","name":"Comment","target":["https:\/\/redenoticiaz.com.br\/litoralsp\/2024\/11\/26\/quer-trabalhar-no-litoral-confira-412-vagas-de-emprego-disponiveis#respond"]}]},{"@type":"WebPage","@id":"https:\/\/redenoticiaz.com.br\/litoralsp\/2024\/11\/26\/quer-trabalhar-no-litoral-confira-412-vagas-de-emprego-disponiveis","url":"https:\/\/redenoticiaz.com.br\/litoralsp\/2024\/11\/26\/quer-trabalhar-no-litoral-confira-412-vagas-de-emprego-disponiveis","name":"Quer trabalhar no litoral? Confira 412 vagas de emprego dispon\u00edveis! - Litoral SP","isPartOf":{"@id":"https:\/\/redenoticiaz.com.br\/litoralsp\/#website"},"primaryImageOfPage":{"@id":"https:\/\/redenoticiaz.com.br\/litoralsp\/2024\/11\/26\/quer-trabalhar-no-litoral-confira-412-vagas-de-emprego-disponiveis#primaryimage"},"image":{"@id":"https:\/\/redenoticiaz.com.br\/litoralsp\/2024\/11\/26\/quer-trabalhar-no-litoral-confira-412-vagas-de-emprego-disponiveis#primaryimage"},"thumbnailUrl":"https:\/\/redenoticiaz.com.br\/litoralsp\/wp-content\/uploads\/sites\/3\/2024\/11\/trabalhe-no-litoral.jpg?v=1732631549","datePublished":"2024-11-26T14:32:52+00:00","description":"O Posto de Atendimento ao Trabalhador (PAT) de S\u00e3o Vicente disponibiliza um total de 412 vagas de emprego em diversas \u00e1reas.","inLanguage":"pt-BR","potentialAction":[{"@type":"ReadAction","target":["https:\/\/redenoticiaz.com.br\/litoralsp\/2024\/11\/26\/quer-trabalhar-no-litoral-confira-412-vagas-de-emprego-disponiveis"]}]},{"@type":"ImageObject","inLanguage":"pt-BR","@id":"https:\/\/redenoticiaz.com.br\/litoralsp\/2024\/11\/26\/quer-trabalhar-no-litoral-confira-412-vagas-de-emprego-disponiveis#primaryimage","url":"https:\/\/redenoticiaz.com.br\/litoralsp\/wp-content\/uploads\/sites\/3\/2024\/11\/trabalhe-no-litoral.jpg?v=1732631549","contentUrl":"https:\/\/redenoticiaz.com.br\/litoralsp\/wp-content\/uploads\/sites\/3\/2024\/11\/trabalhe-no-litoral.jpg?v=1732631549","width":1200,"height":628},{"@type":"WebSite","@id":"https:\/\/redenoticiaz.com.br\/litoralsp\/#website","url":"https:\/\/redenoticiaz.com.br\/litoralsp\/","name":"Litoral SP","description":"Rede NoticiaZ","publisher":{"@id":"https:\/\/redenoticiaz.com.br\/litoralsp\/#organization"},"potentialAction":[{"@type":"SearchAction","target":{"@type":"EntryPoint","urlTemplate":"https:\/\/redenoticiaz.com.br\/litoralsp\/?s={search_term_string}"},"query-input":{"@type":"PropertyValueSpecification","valueRequired":true,"valueName":"search_term_string"}}],"inLanguage":"pt-BR"},{"@type":"Organization","@id":"https:\/\/redenoticiaz.com.br\/litoralsp\/#organization","name":"Litoral SP","url":"https:\/\/redenoticiaz.com.br\/litoralsp\/","logo":{"@type":"ImageObject","inLanguage":"pt-BR","@id":"https:\/\/redenoticiaz.com.br\/litoralsp\/#\/schema\/logo\/image\/","url":"https:\/\/redenoticiaz.com.br\/litoralsp\/wp-content\/uploads\/sites\/3\/2020\/11\/logo.jpg","contentUrl":"https:\/\/redenoticiaz.com.br\/litoralsp\/wp-content\/uploads\/sites\/3\/2020\/11\/logo.jpg","width":400,"height":250,"caption":"Litoral SP"},"image":{"@id":"https:\/\/redenoticiaz.com.br\/litoralsp\/#\/schema\/logo\/image\/"}},{"@type":"Person","@id":"https:\/\/redenoticiaz.com.br\/litoralsp\/#\/schema\/person\/1f84d6e94e6a62d2d81199d7503e9e90","name":"Carina Reifonas","image":{"@type":"ImageObject","inLanguage":"pt-BR","@id":"https:\/\/secure.gravatar.com\/avatar\/04c59859b23696cf867715880f81d5c037e60109730bdb4e6670ec2a2245bc97?s=96&d=mm&r=g","url":"https:\/\/secure.gravatar.com\/avatar\/04c59859b23696cf867715880f81d5c037e60109730bdb4e6670ec2a2245bc97?s=96&d=mm&r=g","contentUrl":"https:\/\/secure.gravatar.com\/avatar\/04c59859b23696cf867715880f81d5c037e60109730bdb4e6670ec2a2245bc97?s=96&d=mm&r=g","caption":"Carina Reifonas"},"url":"https:\/\/redenoticiaz.com.br\/litoralsp\/author\/carinareifonas"}]}},"_links":{"self":[{"href":"https:\/\/redenoticiaz.com.br\/litoralsp\/wp-json\/wp\/v2\/posts\/119417","targetHints":{"allow":["GET"]}}],"collection":[{"href":"https:\/\/redenoticiaz.com.br\/litoralsp\/wp-json\/wp\/v2\/posts"}],"about":[{"href":"https:\/\/redenoticiaz.com.br\/litoralsp\/wp-json\/wp\/v2\/types\/post"}],"author":[{"embeddable":true,"href":"https:\/\/redenoticiaz.com.br\/litoralsp\/wp-json\/wp\/v2\/users\/30"}],"replies":[{"embeddable":true,"href":"https:\/\/redenoticiaz.com.br\/litoralsp\/wp-json\/wp\/v2\/comments?post=119417"}],"version-history":[{"count":0,"href":"https:\/\/redenoticiaz.com.br\/litoralsp\/wp-json\/wp\/v2\/posts\/119417\/revisions"}],"wp:featuredmedia":[{"embeddable":true,"href":"https:\/\/redenoticiaz.com.br\/litoralsp\/wp-json\/wp\/v2\/media\/119418"}],"wp:attachment":[{"href":"https:\/\/redenoticiaz.com.br\/litoralsp\/wp-json\/wp\/v2\/media?parent=119417"}],"wp:term":[{"taxonomy":"category","embeddable":true,"href":"https:\/\/redenoticiaz.com.br\/litoralsp\/wp-json\/wp\/v2\/categories?post=119417"},{"taxonomy":"post_tag","embeddable":true,"href":"https:\/\/redenoticiaz.com.br\/litoralsp\/wp-json\/wp\/v2\/tags?post=119417"}],"curies":[{"name":"wp","href":"https:\/\/api.w.org\/{rel}","templated":true}]}}