{"id":119432,"date":"2024-11-26T19:30:16","date_gmt":"2024-11-26T22:30:16","guid":{"rendered":"https:\/\/redenoticiaz.com.br\/litoralsp\/?p=119432"},"modified":"2024-11-26T16:31:07","modified_gmt":"2024-11-26T19:31:07","slug":"corpo-de-turista-de-27-anos-que-desapareceu-no-mar-e-encontrado","status":"publish","type":"post","link":"https:\/\/redenoticiaz.com.br\/litoralsp\/2024\/11\/26\/corpo-de-turista-de-27-anos-que-desapareceu-no-mar-e-encontrado","title":{"rendered":"Corpo de turista de 27 anos que desapareceu no mar \u00e9 encontrado"},"content":{"rendered":"<div id=\"chunk-8tkf4\">\n<div class=\"mc-column content-text active-extra-styles \" data-block-type=\"unstyled\" data-block-weight=\"65\" data-block-id=\"2\">\n<p data-track-category=\"Link no Texto\" data-track-links=\"\" data-mrf-recirculation=\"Artigo - Links Texto\">O Corpo de um turista de 27 anos que desapareceu no mar de Guaruj\u00e1 foi encontrado nesta ter\u00e7a-feira (26) por Grupamento de Bombeiros Mar\u00edtimo (GBMar).<\/p>\n<p data-track-category=\"Link no Texto\" data-track-links=\"\" data-mrf-recirculation=\"Artigo - Links Texto\">De acordo com as informa\u00e7\u00f5es, Vitor Gustavo de Jesus Dantas, desapareceu no \u00faltimo feriado da Consci\u00eancia Negra.<\/p>\n<p data-track-category=\"Link no Texto\" data-track-links=\"\" data-mrf-recirculation=\"Artigo - Links Texto\">Ainda de acordo com as informa\u00e7\u00f5es, o Grupamento de Bombeiros Mar\u00edtimo (GBMar) precisou de apoio do helic\u00f3ptero \u00c1guia para retirar o cad\u00e1ver da \u00e1gua.<\/p>\n<p data-track-category=\"Link no Texto\" data-track-links=\"\" data-mrf-recirculation=\"Artigo - Links Texto\">Sendo assim, o homem estava na companhia de seu amigo e o filho de 11 anos. O trio faria um bate e volta, mas Vitor sumiu no mar.<\/p>\n<p class=\" content-text__container \" data-track-category=\"Link no Texto\" data-track-links=\"\" data-mrf-recirculation=\"Artigo - Links Texto\">O caso foi registrado como desaparecimento de pessoa na Delegacia de Pol\u00edcia (DP) Sede de Guaruj\u00e1.<\/p>\n<\/div>\n<\/div>\n<div class=\"wall protected-content\">\n<div id=\"chunk-b4br1\">\n<div class=\"mc-column content-text active-extra-styles \" data-block-type=\"unstyled\" data-block-weight=\"34\" data-block-id=\"5\">\n<p class=\" content-text__container \" data-track-category=\"Link no Texto\" data-track-links=\"\" data-mrf-recirculation=\"Artigo - Links Texto\"><strong>Leia mais<\/strong><\/p>\n<p data-track-category=\"Link no Texto\" data-track-links=\"\" data-mrf-recirculation=\"Artigo - Links Texto\"><a href=\"https:\/\/redenoticiaz.com.br\/litoralsp\/2024\/11\/26\/video-onibus-pega-fogo-e-colide-com-poste\">V\u00cdDEO \u2014 \u00d4nibus pega fogo e colide com poste<\/a><\/p>\n<div id=\"chunk-4mvuv\">\n<div class=\"mc-column content-text active-extra-styles\" data-block-type=\"raw\" data-block-weight=\"2\" data-block-id=\"8\">\n<div class=\"content-intertitle\"><a href=\"https:\/\/redenoticiaz.com.br\/litoralsp\/2024\/11\/26\/quer-trabalhar-no-litoral-confira-412-vagas-de-emprego-disponiveis\">Quer trabalhar no litoral? Confira 412 vagas de emprego dispon\u00edveis!<\/a><\/div>\n<\/div>\n<\/div>\n<\/div>\n<\/div>\n<\/div>\n","protected":false},"excerpt":{"rendered":"<p>O Corpo de um turista de 27 anos que desapareceu no mar de Guaruj\u00e1 foi encontrado nesta ter\u00e7a-feira (26) por Grupamento de Bombeiros Mar\u00edtimo (GBMar). De acordo com as informa\u00e7\u00f5es, Vitor Gustavo de Jesus Dantas, desapareceu no \u00faltimo feriado da Consci\u00eancia Negra. Ainda de acordo com as informa\u00e7\u00f5es, o Grupamento de Bombeiros Mar\u00edtimo (GBMar) precisou &hellip;<\/p>\n","protected":false},"author":12,"featured_media":119433,"comment_status":"open","ping_status":"closed","sticky":false,"template":"","format":"standard","meta":{"footnotes":""},"categories":[187,10],"tags":[1626,10575,11211],"class_list":["post-119432","post","type-post","status-publish","format-standard","has-post-thumbnail","hentry","category-guaruja","category-policia","tag-consciencia-negra","tag-corpo","tag-turista"],"yoast_head":"<!-- This site is optimized with the Yoast SEO plugin v27.5 - https:\/\/yoast.com\/product\/yoast-seo-wordpress\/ -->\n<title>Corpo de turista de 27 anos que desapareceu no mar \u00e9 encontrado - Litoral SP<\/title>\n<meta name=\"description\" content=\"O Corpo de um turista de 27 anos que desapareceu no mar de Guaruj\u00e1 foi encontrado nesta ter\u00e7a-feira (26) por Grupamento de Bombeiros Mar\u00edtimo (GBMar).\" \/>\n<meta name=\"robots\" content=\"index, follow, max-snippet:-1, max-image-preview:large, max-video-preview:-1\" \/>\n<link rel=\"canonical\" href=\"https:\/\/redenoticiaz.com.br\/litoralsp\/2024\/11\/26\/corpo-de-turista-de-27-anos-que-desapareceu-no-mar-e-encontrado\" \/>\n<meta property=\"og:locale\" content=\"pt_BR\" \/>\n<meta property=\"og:type\" content=\"article\" \/>\n<meta property=\"og:title\" content=\"Corpo de turista de 27 anos que desapareceu no mar \u00e9 encontrado - Litoral SP\" \/>\n<meta property=\"og:description\" content=\"O Corpo de um turista de 27 anos que desapareceu no mar de Guaruj\u00e1 foi encontrado nesta ter\u00e7a-feira (26) por Grupamento de Bombeiros Mar\u00edtimo (GBMar).\" \/>\n<meta property=\"og:url\" content=\"https:\/\/redenoticiaz.com.br\/litoralsp\/2024\/11\/26\/corpo-de-turista-de-27-anos-que-desapareceu-no-mar-e-encontrado\" \/>\n<meta property=\"og:site_name\" content=\"Litoral SP\" \/>\n<meta property=\"article:published_time\" content=\"2024-11-26T22:30:16+00:00\" \/>\n<meta property=\"og:image\" content=\"https:\/\/redenoticiaz.com.br\/litoralsp\/wp-content\/uploads\/sites\/3\/2024\/11\/Captura-de-tela_26-11-2024_162229_g1.globo_.com_.jpeg\" \/>\n\t<meta property=\"og:image:width\" content=\"788\" \/>\n\t<meta property=\"og:image:height\" content=\"520\" \/>\n\t<meta property=\"og:image:type\" content=\"image\/jpeg\" \/>\n<meta name=\"author\" content=\"Gustavo Silva\" \/>\n<meta name=\"twitter:card\" content=\"summary_large_image\" \/>\n<meta name=\"twitter:label1\" content=\"Escrito por\" \/>\n\t<meta name=\"twitter:data1\" content=\"Gustavo Silva\" \/>\n\t<meta name=\"twitter:label2\" content=\"Est. tempo de leitura\" \/>\n\t<meta name=\"twitter:data2\" content=\"1 minuto\" \/>\n<script type=\"application\/ld+json\" class=\"yoast-schema-graph\">{\"@context\":\"https:\\\/\\\/schema.org\",\"@graph\":[{\"@type\":\"Article\",\"@id\":\"https:\\\/\\\/redenoticiaz.com.br\\\/litoralsp\\\/2024\\\/11\\\/26\\\/corpo-de-turista-de-27-anos-que-desapareceu-no-mar-e-encontrado#article\",\"isPartOf\":{\"@id\":\"https:\\\/\\\/redenoticiaz.com.br\\\/litoralsp\\\/2024\\\/11\\\/26\\\/corpo-de-turista-de-27-anos-que-desapareceu-no-mar-e-encontrado\"},\"author\":{\"name\":\"Gustavo Silva\",\"@id\":\"https:\\\/\\\/redenoticiaz.com.br\\\/litoralsp\\\/#\\\/schema\\\/person\\\/16057b37a3c0ee6b096d7f887c566e2e\"},\"headline\":\"Corpo de turista de 27 anos que desapareceu no mar \u00e9 encontrado\",\"datePublished\":\"2024-11-26T22:30:16+00:00\",\"mainEntityOfPage\":{\"@id\":\"https:\\\/\\\/redenoticiaz.com.br\\\/litoralsp\\\/2024\\\/11\\\/26\\\/corpo-de-turista-de-27-anos-que-desapareceu-no-mar-e-encontrado\"},\"wordCount\":147,\"commentCount\":0,\"publisher\":{\"@id\":\"https:\\\/\\\/redenoticiaz.com.br\\\/litoralsp\\\/#organization\"},\"image\":{\"@id\":\"https:\\\/\\\/redenoticiaz.com.br\\\/litoralsp\\\/2024\\\/11\\\/26\\\/corpo-de-turista-de-27-anos-que-desapareceu-no-mar-e-encontrado#primaryimage\"},\"thumbnailUrl\":\"https:\\\/\\\/redenoticiaz.com.br\\\/litoralsp\\\/wp-content\\\/uploads\\\/sites\\\/3\\\/2024\\\/11\\\/Captura-de-tela_26-11-2024_162229_g1.globo_.com_.jpeg\",\"keywords\":[\"CONSCI\u00caNCIA NEGRA\",\"CORPO\",\"TURISTA\"],\"articleSection\":[\"Guaruj\u00e1\",\"Pol\u00edcia\"],\"inLanguage\":\"pt-BR\",\"potentialAction\":[{\"@type\":\"CommentAction\",\"name\":\"Comment\",\"target\":[\"https:\\\/\\\/redenoticiaz.com.br\\\/litoralsp\\\/2024\\\/11\\\/26\\\/corpo-de-turista-de-27-anos-que-desapareceu-no-mar-e-encontrado#respond\"]}]},{\"@type\":\"WebPage\",\"@id\":\"https:\\\/\\\/redenoticiaz.com.br\\\/litoralsp\\\/2024\\\/11\\\/26\\\/corpo-de-turista-de-27-anos-que-desapareceu-no-mar-e-encontrado\",\"url\":\"https:\\\/\\\/redenoticiaz.com.br\\\/litoralsp\\\/2024\\\/11\\\/26\\\/corpo-de-turista-de-27-anos-que-desapareceu-no-mar-e-encontrado\",\"name\":\"Corpo de turista de 27 anos que desapareceu no mar \u00e9 encontrado - Litoral SP\",\"isPartOf\":{\"@id\":\"https:\\\/\\\/redenoticiaz.com.br\\\/litoralsp\\\/#website\"},\"primaryImageOfPage\":{\"@id\":\"https:\\\/\\\/redenoticiaz.com.br\\\/litoralsp\\\/2024\\\/11\\\/26\\\/corpo-de-turista-de-27-anos-que-desapareceu-no-mar-e-encontrado#primaryimage\"},\"image\":{\"@id\":\"https:\\\/\\\/redenoticiaz.com.br\\\/litoralsp\\\/2024\\\/11\\\/26\\\/corpo-de-turista-de-27-anos-que-desapareceu-no-mar-e-encontrado#primaryimage\"},\"thumbnailUrl\":\"https:\\\/\\\/redenoticiaz.com.br\\\/litoralsp\\\/wp-content\\\/uploads\\\/sites\\\/3\\\/2024\\\/11\\\/Captura-de-tela_26-11-2024_162229_g1.globo_.com_.jpeg\",\"datePublished\":\"2024-11-26T22:30:16+00:00\",\"description\":\"O Corpo de um turista de 27 anos que desapareceu no mar de Guaruj\u00e1 foi encontrado nesta ter\u00e7a-feira (26) por Grupamento de Bombeiros Mar\u00edtimo (GBMar).\",\"inLanguage\":\"pt-BR\",\"potentialAction\":[{\"@type\":\"ReadAction\",\"target\":[\"https:\\\/\\\/redenoticiaz.com.br\\\/litoralsp\\\/2024\\\/11\\\/26\\\/corpo-de-turista-de-27-anos-que-desapareceu-no-mar-e-encontrado\"]}]},{\"@type\":\"ImageObject\",\"inLanguage\":\"pt-BR\",\"@id\":\"https:\\\/\\\/redenoticiaz.com.br\\\/litoralsp\\\/2024\\\/11\\\/26\\\/corpo-de-turista-de-27-anos-que-desapareceu-no-mar-e-encontrado#primaryimage\",\"url\":\"https:\\\/\\\/redenoticiaz.com.br\\\/litoralsp\\\/wp-content\\\/uploads\\\/sites\\\/3\\\/2024\\\/11\\\/Captura-de-tela_26-11-2024_162229_g1.globo_.com_.jpeg\",\"contentUrl\":\"https:\\\/\\\/redenoticiaz.com.br\\\/litoralsp\\\/wp-content\\\/uploads\\\/sites\\\/3\\\/2024\\\/11\\\/Captura-de-tela_26-11-2024_162229_g1.globo_.com_.jpeg\",\"width\":788,\"height\":520},{\"@type\":\"WebSite\",\"@id\":\"https:\\\/\\\/redenoticiaz.com.br\\\/litoralsp\\\/#website\",\"url\":\"https:\\\/\\\/redenoticiaz.com.br\\\/litoralsp\\\/\",\"name\":\"Litoral SP\",\"description\":\"Rede NoticiaZ\",\"publisher\":{\"@id\":\"https:\\\/\\\/redenoticiaz.com.br\\\/litoralsp\\\/#organization\"},\"potentialAction\":[{\"@type\":\"SearchAction\",\"target\":{\"@type\":\"EntryPoint\",\"urlTemplate\":\"https:\\\/\\\/redenoticiaz.com.br\\\/litoralsp\\\/?s={search_term_string}\"},\"query-input\":{\"@type\":\"PropertyValueSpecification\",\"valueRequired\":true,\"valueName\":\"search_term_string\"}}],\"inLanguage\":\"pt-BR\"},{\"@type\":\"Organization\",\"@id\":\"https:\\\/\\\/redenoticiaz.com.br\\\/litoralsp\\\/#organization\",\"name\":\"Litoral SP\",\"url\":\"https:\\\/\\\/redenoticiaz.com.br\\\/litoralsp\\\/\",\"logo\":{\"@type\":\"ImageObject\",\"inLanguage\":\"pt-BR\",\"@id\":\"https:\\\/\\\/redenoticiaz.com.br\\\/litoralsp\\\/#\\\/schema\\\/logo\\\/image\\\/\",\"url\":\"https:\\\/\\\/redenoticiaz.com.br\\\/litoralsp\\\/wp-content\\\/uploads\\\/sites\\\/3\\\/2020\\\/11\\\/logo.jpg\",\"contentUrl\":\"https:\\\/\\\/redenoticiaz.com.br\\\/litoralsp\\\/wp-content\\\/uploads\\\/sites\\\/3\\\/2020\\\/11\\\/logo.jpg\",\"width\":400,\"height\":250,\"caption\":\"Litoral SP\"},\"image\":{\"@id\":\"https:\\\/\\\/redenoticiaz.com.br\\\/litoralsp\\\/#\\\/schema\\\/logo\\\/image\\\/\"}},{\"@type\":\"Person\",\"@id\":\"https:\\\/\\\/redenoticiaz.com.br\\\/litoralsp\\\/#\\\/schema\\\/person\\\/16057b37a3c0ee6b096d7f887c566e2e\",\"name\":\"Gustavo Silva\",\"image\":{\"@type\":\"ImageObject\",\"inLanguage\":\"pt-BR\",\"@id\":\"https:\\\/\\\/secure.gravatar.com\\\/avatar\\\/3ee4e82f93b26de0a7cf4ea5eb7893da637ed6bb0c9170c58065944c56e28a33?s=96&d=mm&r=g\",\"url\":\"https:\\\/\\\/secure.gravatar.com\\\/avatar\\\/3ee4e82f93b26de0a7cf4ea5eb7893da637ed6bb0c9170c58065944c56e28a33?s=96&d=mm&r=g\",\"contentUrl\":\"https:\\\/\\\/secure.gravatar.com\\\/avatar\\\/3ee4e82f93b26de0a7cf4ea5eb7893da637ed6bb0c9170c58065944c56e28a33?s=96&d=mm&r=g\",\"caption\":\"Gustavo Silva\"},\"url\":\"https:\\\/\\\/redenoticiaz.com.br\\\/litoralsp\\\/author\\\/gustavosilva\"}]}<\/script>\n<!-- \/ Yoast SEO plugin. -->","yoast_head_json":{"title":"Corpo de turista de 27 anos que desapareceu no mar \u00e9 encontrado - Litoral SP","description":"O Corpo de um turista de 27 anos que desapareceu no mar de Guaruj\u00e1 foi encontrado nesta ter\u00e7a-feira (26) por Grupamento de Bombeiros Mar\u00edtimo (GBMar).","robots":{"index":"index","follow":"follow","max-snippet":"max-snippet:-1","max-image-preview":"max-image-preview:large","max-video-preview":"max-video-preview:-1"},"canonical":"https:\/\/redenoticiaz.com.br\/litoralsp\/2024\/11\/26\/corpo-de-turista-de-27-anos-que-desapareceu-no-mar-e-encontrado","og_locale":"pt_BR","og_type":"article","og_title":"Corpo de turista de 27 anos que desapareceu no mar \u00e9 encontrado - Litoral SP","og_description":"O Corpo de um turista de 27 anos que desapareceu no mar de Guaruj\u00e1 foi encontrado nesta ter\u00e7a-feira (26) por Grupamento de Bombeiros Mar\u00edtimo (GBMar).","og_url":"https:\/\/redenoticiaz.com.br\/litoralsp\/2024\/11\/26\/corpo-de-turista-de-27-anos-que-desapareceu-no-mar-e-encontrado","og_site_name":"Litoral SP","article_published_time":"2024-11-26T22:30:16+00:00","og_image":[{"width":788,"height":520,"url":"https:\/\/redenoticiaz.com.br\/litoralsp\/wp-content\/uploads\/sites\/3\/2024\/11\/Captura-de-tela_26-11-2024_162229_g1.globo_.com_.jpeg","type":"image\/jpeg"}],"author":"Gustavo Silva","twitter_card":"summary_large_image","twitter_misc":{"Escrito por":"Gustavo Silva","Est. tempo de leitura":"1 minuto"},"schema":{"@context":"https:\/\/schema.org","@graph":[{"@type":"Article","@id":"https:\/\/redenoticiaz.com.br\/litoralsp\/2024\/11\/26\/corpo-de-turista-de-27-anos-que-desapareceu-no-mar-e-encontrado#article","isPartOf":{"@id":"https:\/\/redenoticiaz.com.br\/litoralsp\/2024\/11\/26\/corpo-de-turista-de-27-anos-que-desapareceu-no-mar-e-encontrado"},"author":{"name":"Gustavo Silva","@id":"https:\/\/redenoticiaz.com.br\/litoralsp\/#\/schema\/person\/16057b37a3c0ee6b096d7f887c566e2e"},"headline":"Corpo de turista de 27 anos que desapareceu no mar \u00e9 encontrado","datePublished":"2024-11-26T22:30:16+00:00","mainEntityOfPage":{"@id":"https:\/\/redenoticiaz.com.br\/litoralsp\/2024\/11\/26\/corpo-de-turista-de-27-anos-que-desapareceu-no-mar-e-encontrado"},"wordCount":147,"commentCount":0,"publisher":{"@id":"https:\/\/redenoticiaz.com.br\/litoralsp\/#organization"},"image":{"@id":"https:\/\/redenoticiaz.com.br\/litoralsp\/2024\/11\/26\/corpo-de-turista-de-27-anos-que-desapareceu-no-mar-e-encontrado#primaryimage"},"thumbnailUrl":"https:\/\/redenoticiaz.com.br\/litoralsp\/wp-content\/uploads\/sites\/3\/2024\/11\/Captura-de-tela_26-11-2024_162229_g1.globo_.com_.jpeg","keywords":["CONSCI\u00caNCIA NEGRA","CORPO","TURISTA"],"articleSection":["Guaruj\u00e1","Pol\u00edcia"],"inLanguage":"pt-BR","potentialAction":[{"@type":"CommentAction","name":"Comment","target":["https:\/\/redenoticiaz.com.br\/litoralsp\/2024\/11\/26\/corpo-de-turista-de-27-anos-que-desapareceu-no-mar-e-encontrado#respond"]}]},{"@type":"WebPage","@id":"https:\/\/redenoticiaz.com.br\/litoralsp\/2024\/11\/26\/corpo-de-turista-de-27-anos-que-desapareceu-no-mar-e-encontrado","url":"https:\/\/redenoticiaz.com.br\/litoralsp\/2024\/11\/26\/corpo-de-turista-de-27-anos-que-desapareceu-no-mar-e-encontrado","name":"Corpo de turista de 27 anos que desapareceu no mar \u00e9 encontrado - Litoral SP","isPartOf":{"@id":"https:\/\/redenoticiaz.com.br\/litoralsp\/#website"},"primaryImageOfPage":{"@id":"https:\/\/redenoticiaz.com.br\/litoralsp\/2024\/11\/26\/corpo-de-turista-de-27-anos-que-desapareceu-no-mar-e-encontrado#primaryimage"},"image":{"@id":"https:\/\/redenoticiaz.com.br\/litoralsp\/2024\/11\/26\/corpo-de-turista-de-27-anos-que-desapareceu-no-mar-e-encontrado#primaryimage"},"thumbnailUrl":"https:\/\/redenoticiaz.com.br\/litoralsp\/wp-content\/uploads\/sites\/3\/2024\/11\/Captura-de-tela_26-11-2024_162229_g1.globo_.com_.jpeg","datePublished":"2024-11-26T22:30:16+00:00","description":"O Corpo de um turista de 27 anos que desapareceu no mar de Guaruj\u00e1 foi encontrado nesta ter\u00e7a-feira (26) por Grupamento de Bombeiros Mar\u00edtimo (GBMar).","inLanguage":"pt-BR","potentialAction":[{"@type":"ReadAction","target":["https:\/\/redenoticiaz.com.br\/litoralsp\/2024\/11\/26\/corpo-de-turista-de-27-anos-que-desapareceu-no-mar-e-encontrado"]}]},{"@type":"ImageObject","inLanguage":"pt-BR","@id":"https:\/\/redenoticiaz.com.br\/litoralsp\/2024\/11\/26\/corpo-de-turista-de-27-anos-que-desapareceu-no-mar-e-encontrado#primaryimage","url":"https:\/\/redenoticiaz.com.br\/litoralsp\/wp-content\/uploads\/sites\/3\/2024\/11\/Captura-de-tela_26-11-2024_162229_g1.globo_.com_.jpeg","contentUrl":"https:\/\/redenoticiaz.com.br\/litoralsp\/wp-content\/uploads\/sites\/3\/2024\/11\/Captura-de-tela_26-11-2024_162229_g1.globo_.com_.jpeg","width":788,"height":520},{"@type":"WebSite","@id":"https:\/\/redenoticiaz.com.br\/litoralsp\/#website","url":"https:\/\/redenoticiaz.com.br\/litoralsp\/","name":"Litoral SP","description":"Rede NoticiaZ","publisher":{"@id":"https:\/\/redenoticiaz.com.br\/litoralsp\/#organization"},"potentialAction":[{"@type":"SearchAction","target":{"@type":"EntryPoint","urlTemplate":"https:\/\/redenoticiaz.com.br\/litoralsp\/?s={search_term_string}"},"query-input":{"@type":"PropertyValueSpecification","valueRequired":true,"valueName":"search_term_string"}}],"inLanguage":"pt-BR"},{"@type":"Organization","@id":"https:\/\/redenoticiaz.com.br\/litoralsp\/#organization","name":"Litoral SP","url":"https:\/\/redenoticiaz.com.br\/litoralsp\/","logo":{"@type":"ImageObject","inLanguage":"pt-BR","@id":"https:\/\/redenoticiaz.com.br\/litoralsp\/#\/schema\/logo\/image\/","url":"https:\/\/redenoticiaz.com.br\/litoralsp\/wp-content\/uploads\/sites\/3\/2020\/11\/logo.jpg","contentUrl":"https:\/\/redenoticiaz.com.br\/litoralsp\/wp-content\/uploads\/sites\/3\/2020\/11\/logo.jpg","width":400,"height":250,"caption":"Litoral SP"},"image":{"@id":"https:\/\/redenoticiaz.com.br\/litoralsp\/#\/schema\/logo\/image\/"}},{"@type":"Person","@id":"https:\/\/redenoticiaz.com.br\/litoralsp\/#\/schema\/person\/16057b37a3c0ee6b096d7f887c566e2e","name":"Gustavo Silva","image":{"@type":"ImageObject","inLanguage":"pt-BR","@id":"https:\/\/secure.gravatar.com\/avatar\/3ee4e82f93b26de0a7cf4ea5eb7893da637ed6bb0c9170c58065944c56e28a33?s=96&d=mm&r=g","url":"https:\/\/secure.gravatar.com\/avatar\/3ee4e82f93b26de0a7cf4ea5eb7893da637ed6bb0c9170c58065944c56e28a33?s=96&d=mm&r=g","contentUrl":"https:\/\/secure.gravatar.com\/avatar\/3ee4e82f93b26de0a7cf4ea5eb7893da637ed6bb0c9170c58065944c56e28a33?s=96&d=mm&r=g","caption":"Gustavo Silva"},"url":"https:\/\/redenoticiaz.com.br\/litoralsp\/author\/gustavosilva"}]}},"_links":{"self":[{"href":"https:\/\/redenoticiaz.com.br\/litoralsp\/wp-json\/wp\/v2\/posts\/119432","targetHints":{"allow":["GET"]}}],"collection":[{"href":"https:\/\/redenoticiaz.com.br\/litoralsp\/wp-json\/wp\/v2\/posts"}],"about":[{"href":"https:\/\/redenoticiaz.com.br\/litoralsp\/wp-json\/wp\/v2\/types\/post"}],"author":[{"embeddable":true,"href":"https:\/\/redenoticiaz.com.br\/litoralsp\/wp-json\/wp\/v2\/users\/12"}],"replies":[{"embeddable":true,"href":"https:\/\/redenoticiaz.com.br\/litoralsp\/wp-json\/wp\/v2\/comments?post=119432"}],"version-history":[{"count":1,"href":"https:\/\/redenoticiaz.com.br\/litoralsp\/wp-json\/wp\/v2\/posts\/119432\/revisions"}],"predecessor-version":[{"id":119434,"href":"https:\/\/redenoticiaz.com.br\/litoralsp\/wp-json\/wp\/v2\/posts\/119432\/revisions\/119434"}],"wp:featuredmedia":[{"embeddable":true,"href":"https:\/\/redenoticiaz.com.br\/litoralsp\/wp-json\/wp\/v2\/media\/119433"}],"wp:attachment":[{"href":"https:\/\/redenoticiaz.com.br\/litoralsp\/wp-json\/wp\/v2\/media?parent=119432"}],"wp:term":[{"taxonomy":"category","embeddable":true,"href":"https:\/\/redenoticiaz.com.br\/litoralsp\/wp-json\/wp\/v2\/categories?post=119432"},{"taxonomy":"post_tag","embeddable":true,"href":"https:\/\/redenoticiaz.com.br\/litoralsp\/wp-json\/wp\/v2\/tags?post=119432"}],"curies":[{"name":"wp","href":"https:\/\/api.w.org\/{rel}","templated":true}]}}