{"id":119436,"date":"2024-11-26T20:00:30","date_gmt":"2024-11-26T23:00:30","guid":{"rendered":"https:\/\/redenoticiaz.com.br\/litoralsp\/?p=119436"},"modified":"2024-11-26T16:44:51","modified_gmt":"2024-11-26T19:44:51","slug":"operacao-verao-justica-aceita-denuncia-contra-policiais","status":"publish","type":"post","link":"https:\/\/redenoticiaz.com.br\/litoralsp\/2024\/11\/26\/operacao-verao-justica-aceita-denuncia-contra-policiais","title":{"rendered":"Opera\u00e7\u00e3o Ver\u00e3o: Justi\u00e7a aceita den\u00fancia contra policiais"},"content":{"rendered":"<p>A Justi\u00e7a de S\u00e3o Paulo aceitou a den\u00fancia contra policiais militares envolvidos na Opera\u00e7\u00e3o Ver\u00e3o realizada pelas pol\u00edcias militar e civil na Baixada Santista entre dezembro de 2023 e abril de 2024. A a\u00e7\u00e3o deixou 56 civis mortos, em confrontos com os agentes de seguran\u00e7a. Dois policiais tamb\u00e9m foram mortos por criminosos. Segundo o TJSP (Tribunal de Justi\u00e7a do Estado de S\u00e3o Paulo), o processo tramita em segredo de Justi\u00e7a.<img decoding=\"async\" src=\"https:\/\/agenciabrasil.ebc.com.br\/ebc.png?id=1621309&amp;o=node\" \/><img decoding=\"async\" src=\"https:\/\/agenciabrasil.ebc.com.br\/ebc.gif?id=1621309&amp;o=node\" \/><\/p>\n<p>Dois agentes da Rota, tropa de elite da Pol\u00edcia Militar de S\u00e3o Paulo, viraram r\u00e9us por homic\u00eddio qualificado. Segundo os promotores, esses policiais simularam um confronto e alteraram a cena do crime.<\/p>\n<p>Segundo a Secretaria de Seguran\u00e7a P\u00fablica (SSP) do Estado de S\u00e3o Paulo, a ocorr\u00eancia foi investigada por meio de Inqu\u00e9rito Policial Militar, que foi encaminhado \u00e0 Justi\u00e7a, e os policiais envolvidos na ocorr\u00eancia permanecem afastados do servi\u00e7o operacional at\u00e9 o final do processo. \u201cTodos os casos de Morte em Decorr\u00eancia de Interven\u00e7\u00e3o Policial s\u00e3o rigorosamente investigados pelas for\u00e7as de seguran\u00e7a, com acompanhamento das respectivas Corregedorias, Minist\u00e9rio P\u00fablico e Poder Judici\u00e1rio\u201d, informou a SSP por meio de nota.<\/p>\n<p>Todos os anos o governo estadual realiza a Opera\u00e7\u00e3o Ver\u00e3o nas 16 cidades litor\u00e2neas de S\u00e3o Paulo, com o refor\u00e7o do policiamento durante o per\u00edodo em que esses munic\u00edpios est\u00e3o mais cheios devido \u00e0 movimenta\u00e7\u00e3o maior de turistas. A \u00faltima Opera\u00e7\u00e3o Ver\u00e3o foi criticada pelas institui\u00e7\u00f5es e autoridades de direitos humanos pela forma como foi conduzida deixando os mais de 50 mortos.<\/p>\n<h2>Opera\u00e7\u00f5es mais letais<\/h2>\n<p>Desde o ano passado, a Baixada Santista tem sido alvo de grandes opera\u00e7\u00f5es do estado, ap\u00f3s policiais militares serem mortos na regi\u00e3o. O n\u00famero de pessoas mortas por PMs em servi\u00e7o na regi\u00e3o aumentou mais de cinco vezes nos dois primeiros meses deste ano. Em janeiro e fevereiro, os agentes mataram 57 pessoas, segundo dados divulgados pelo Minist\u00e9rio P\u00fablico de S\u00e3o Paulo (MPSP). No primeiro bimestre de 2023, foram registradas dez mortes por policiais em servi\u00e7o na regi\u00e3o.<\/p>\n<p>Leia mais<\/p>\n<p><a href=\"https:\/\/redenoticiaz.com.br\/litoralsp\/2024\/11\/25\/denunciante-aciona-botao-do-panico-e-gcm-detem-dupla-por-roubos\">Denunciante aciona bot\u00e3o do p\u00e2nico, e GCM det\u00e9m dupla por roubos<\/a><\/p>\n<p><a href=\"https:\/\/redenoticiaz.com.br\/litoralsp\/2024\/11\/25\/procon-sp-inscricao-para-processo-seletivo-termina-hoje\">Procon-SP: inscri\u00e7\u00e3o para processo seletivo termina hoje<\/a><\/p>\n","protected":false},"excerpt":{"rendered":"<p>A Justi\u00e7a de S\u00e3o Paulo aceitou a den\u00fancia contra policiais militares envolvidos na Opera\u00e7\u00e3o Ver\u00e3o realizada pelas pol\u00edcias militar e civil na Baixada Santista entre dezembro de 2023 e abril de 2024. A a\u00e7\u00e3o deixou 56 civis mortos, em confrontos com os agentes de seguran\u00e7a. Dois policiais tamb\u00e9m foram mortos por criminosos. Segundo o TJSP &hellip;<\/p>\n","protected":false},"author":12,"featured_media":0,"comment_status":"open","ping_status":"closed","sticky":false,"template":"","format":"standard","meta":{"footnotes":""},"categories":[187,10,180],"tags":[3922,23143,3149],"class_list":["post-119436","post","type-post","status-publish","format-standard","hentry","category-guaruja","category-policia","category-santos","tag-justica","tag-policia-2","tag-policiais"],"yoast_head":"<!-- This site is optimized with the Yoast SEO plugin v27.5 - https:\/\/yoast.com\/product\/yoast-seo-wordpress\/ -->\n<title>Opera\u00e7\u00e3o Ver\u00e3o: Justi\u00e7a aceita den\u00fancia contra policiais - Litoral SP<\/title>\n<meta name=\"description\" content=\"A Justi\u00e7a de S\u00e3o Paulo aceitou a den\u00fancia contra policiais militares envolvidos na Opera\u00e7\u00e3o Ver\u00e3o realizada pelas pol\u00edcias militar e civil na Baixada Santista entre dezembro de 2023 e abril de 2024.\" \/>\n<meta name=\"robots\" content=\"index, follow, max-snippet:-1, max-image-preview:large, max-video-preview:-1\" \/>\n<link rel=\"canonical\" href=\"https:\/\/redenoticiaz.com.br\/litoralsp\/2024\/11\/26\/operacao-verao-justica-aceita-denuncia-contra-policiais\" \/>\n<meta property=\"og:locale\" content=\"pt_BR\" \/>\n<meta property=\"og:type\" content=\"article\" \/>\n<meta property=\"og:title\" content=\"Opera\u00e7\u00e3o Ver\u00e3o: Justi\u00e7a aceita den\u00fancia contra policiais - Litoral SP\" \/>\n<meta property=\"og:description\" content=\"A Justi\u00e7a de S\u00e3o Paulo aceitou a den\u00fancia contra policiais militares envolvidos na Opera\u00e7\u00e3o Ver\u00e3o realizada pelas pol\u00edcias militar e civil na Baixada Santista entre dezembro de 2023 e abril de 2024.\" \/>\n<meta property=\"og:url\" content=\"https:\/\/redenoticiaz.com.br\/litoralsp\/2024\/11\/26\/operacao-verao-justica-aceita-denuncia-contra-policiais\" \/>\n<meta property=\"og:site_name\" content=\"Litoral SP\" \/>\n<meta property=\"article:published_time\" content=\"2024-11-26T23:00:30+00:00\" \/>\n<meta property=\"og:image\" content=\"https:\/\/agenciabrasil.ebc.com.br\/ebc.png?id=1621309&amp;o=node\" \/>\n<meta name=\"author\" content=\"Gustavo Silva\" \/>\n<meta name=\"twitter:card\" content=\"summary_large_image\" \/>\n<meta name=\"twitter:label1\" content=\"Escrito por\" \/>\n\t<meta name=\"twitter:data1\" content=\"Gustavo Silva\" \/>\n\t<meta name=\"twitter:label2\" content=\"Est. tempo de leitura\" \/>\n\t<meta name=\"twitter:data2\" content=\"3 minutos\" \/>\n<script type=\"application\/ld+json\" class=\"yoast-schema-graph\">{\"@context\":\"https:\\\/\\\/schema.org\",\"@graph\":[{\"@type\":\"Article\",\"@id\":\"https:\\\/\\\/redenoticiaz.com.br\\\/litoralsp\\\/2024\\\/11\\\/26\\\/operacao-verao-justica-aceita-denuncia-contra-policiais#article\",\"isPartOf\":{\"@id\":\"https:\\\/\\\/redenoticiaz.com.br\\\/litoralsp\\\/2024\\\/11\\\/26\\\/operacao-verao-justica-aceita-denuncia-contra-policiais\"},\"author\":{\"name\":\"Gustavo Silva\",\"@id\":\"https:\\\/\\\/redenoticiaz.com.br\\\/litoralsp\\\/#\\\/schema\\\/person\\\/16057b37a3c0ee6b096d7f887c566e2e\"},\"headline\":\"Opera\u00e7\u00e3o Ver\u00e3o: Justi\u00e7a aceita den\u00fancia contra policiais\",\"datePublished\":\"2024-11-26T23:00:30+00:00\",\"mainEntityOfPage\":{\"@id\":\"https:\\\/\\\/redenoticiaz.com.br\\\/litoralsp\\\/2024\\\/11\\\/26\\\/operacao-verao-justica-aceita-denuncia-contra-policiais\"},\"wordCount\":404,\"commentCount\":0,\"publisher\":{\"@id\":\"https:\\\/\\\/redenoticiaz.com.br\\\/litoralsp\\\/#organization\"},\"image\":{\"@id\":\"https:\\\/\\\/redenoticiaz.com.br\\\/litoralsp\\\/2024\\\/11\\\/26\\\/operacao-verao-justica-aceita-denuncia-contra-policiais#primaryimage\"},\"thumbnailUrl\":\"https:\\\/\\\/agenciabrasil.ebc.com.br\\\/ebc.png?id=1621309&amp;o=node\",\"keywords\":[\"justi\u00e7a\",\"POL\u00cdCIA\",\"POLICIAIS\"],\"articleSection\":[\"Guaruj\u00e1\",\"Pol\u00edcia\",\"Santos\"],\"inLanguage\":\"pt-BR\",\"potentialAction\":[{\"@type\":\"CommentAction\",\"name\":\"Comment\",\"target\":[\"https:\\\/\\\/redenoticiaz.com.br\\\/litoralsp\\\/2024\\\/11\\\/26\\\/operacao-verao-justica-aceita-denuncia-contra-policiais#respond\"]}]},{\"@type\":\"WebPage\",\"@id\":\"https:\\\/\\\/redenoticiaz.com.br\\\/litoralsp\\\/2024\\\/11\\\/26\\\/operacao-verao-justica-aceita-denuncia-contra-policiais\",\"url\":\"https:\\\/\\\/redenoticiaz.com.br\\\/litoralsp\\\/2024\\\/11\\\/26\\\/operacao-verao-justica-aceita-denuncia-contra-policiais\",\"name\":\"Opera\u00e7\u00e3o Ver\u00e3o: Justi\u00e7a aceita den\u00fancia contra policiais - Litoral SP\",\"isPartOf\":{\"@id\":\"https:\\\/\\\/redenoticiaz.com.br\\\/litoralsp\\\/#website\"},\"primaryImageOfPage\":{\"@id\":\"https:\\\/\\\/redenoticiaz.com.br\\\/litoralsp\\\/2024\\\/11\\\/26\\\/operacao-verao-justica-aceita-denuncia-contra-policiais#primaryimage\"},\"image\":{\"@id\":\"https:\\\/\\\/redenoticiaz.com.br\\\/litoralsp\\\/2024\\\/11\\\/26\\\/operacao-verao-justica-aceita-denuncia-contra-policiais#primaryimage\"},\"thumbnailUrl\":\"https:\\\/\\\/agenciabrasil.ebc.com.br\\\/ebc.png?id=1621309&amp;o=node\",\"datePublished\":\"2024-11-26T23:00:30+00:00\",\"description\":\"A Justi\u00e7a de S\u00e3o Paulo aceitou a den\u00fancia contra policiais militares envolvidos na Opera\u00e7\u00e3o Ver\u00e3o realizada pelas pol\u00edcias militar e civil na Baixada Santista entre dezembro de 2023 e abril de 2024.\",\"inLanguage\":\"pt-BR\",\"potentialAction\":[{\"@type\":\"ReadAction\",\"target\":[\"https:\\\/\\\/redenoticiaz.com.br\\\/litoralsp\\\/2024\\\/11\\\/26\\\/operacao-verao-justica-aceita-denuncia-contra-policiais\"]}]},{\"@type\":\"ImageObject\",\"inLanguage\":\"pt-BR\",\"@id\":\"https:\\\/\\\/redenoticiaz.com.br\\\/litoralsp\\\/2024\\\/11\\\/26\\\/operacao-verao-justica-aceita-denuncia-contra-policiais#primaryimage\",\"url\":\"https:\\\/\\\/agenciabrasil.ebc.com.br\\\/ebc.png?id=1621309&amp;o=node\",\"contentUrl\":\"https:\\\/\\\/agenciabrasil.ebc.com.br\\\/ebc.png?id=1621309&amp;o=node\"},{\"@type\":\"WebSite\",\"@id\":\"https:\\\/\\\/redenoticiaz.com.br\\\/litoralsp\\\/#website\",\"url\":\"https:\\\/\\\/redenoticiaz.com.br\\\/litoralsp\\\/\",\"name\":\"Litoral SP\",\"description\":\"Rede NoticiaZ\",\"publisher\":{\"@id\":\"https:\\\/\\\/redenoticiaz.com.br\\\/litoralsp\\\/#organization\"},\"potentialAction\":[{\"@type\":\"SearchAction\",\"target\":{\"@type\":\"EntryPoint\",\"urlTemplate\":\"https:\\\/\\\/redenoticiaz.com.br\\\/litoralsp\\\/?s={search_term_string}\"},\"query-input\":{\"@type\":\"PropertyValueSpecification\",\"valueRequired\":true,\"valueName\":\"search_term_string\"}}],\"inLanguage\":\"pt-BR\"},{\"@type\":\"Organization\",\"@id\":\"https:\\\/\\\/redenoticiaz.com.br\\\/litoralsp\\\/#organization\",\"name\":\"Litoral SP\",\"url\":\"https:\\\/\\\/redenoticiaz.com.br\\\/litoralsp\\\/\",\"logo\":{\"@type\":\"ImageObject\",\"inLanguage\":\"pt-BR\",\"@id\":\"https:\\\/\\\/redenoticiaz.com.br\\\/litoralsp\\\/#\\\/schema\\\/logo\\\/image\\\/\",\"url\":\"https:\\\/\\\/redenoticiaz.com.br\\\/litoralsp\\\/wp-content\\\/uploads\\\/sites\\\/3\\\/2020\\\/11\\\/logo.jpg\",\"contentUrl\":\"https:\\\/\\\/redenoticiaz.com.br\\\/litoralsp\\\/wp-content\\\/uploads\\\/sites\\\/3\\\/2020\\\/11\\\/logo.jpg\",\"width\":400,\"height\":250,\"caption\":\"Litoral SP\"},\"image\":{\"@id\":\"https:\\\/\\\/redenoticiaz.com.br\\\/litoralsp\\\/#\\\/schema\\\/logo\\\/image\\\/\"}},{\"@type\":\"Person\",\"@id\":\"https:\\\/\\\/redenoticiaz.com.br\\\/litoralsp\\\/#\\\/schema\\\/person\\\/16057b37a3c0ee6b096d7f887c566e2e\",\"name\":\"Gustavo Silva\",\"image\":{\"@type\":\"ImageObject\",\"inLanguage\":\"pt-BR\",\"@id\":\"https:\\\/\\\/secure.gravatar.com\\\/avatar\\\/3ee4e82f93b26de0a7cf4ea5eb7893da637ed6bb0c9170c58065944c56e28a33?s=96&d=mm&r=g\",\"url\":\"https:\\\/\\\/secure.gravatar.com\\\/avatar\\\/3ee4e82f93b26de0a7cf4ea5eb7893da637ed6bb0c9170c58065944c56e28a33?s=96&d=mm&r=g\",\"contentUrl\":\"https:\\\/\\\/secure.gravatar.com\\\/avatar\\\/3ee4e82f93b26de0a7cf4ea5eb7893da637ed6bb0c9170c58065944c56e28a33?s=96&d=mm&r=g\",\"caption\":\"Gustavo Silva\"},\"url\":\"https:\\\/\\\/redenoticiaz.com.br\\\/litoralsp\\\/author\\\/gustavosilva\"}]}<\/script>\n<!-- \/ Yoast SEO plugin. -->","yoast_head_json":{"title":"Opera\u00e7\u00e3o Ver\u00e3o: Justi\u00e7a aceita den\u00fancia contra policiais - Litoral SP","description":"A Justi\u00e7a de S\u00e3o Paulo aceitou a den\u00fancia contra policiais militares envolvidos na Opera\u00e7\u00e3o Ver\u00e3o realizada pelas pol\u00edcias militar e civil na Baixada Santista entre dezembro de 2023 e abril de 2024.","robots":{"index":"index","follow":"follow","max-snippet":"max-snippet:-1","max-image-preview":"max-image-preview:large","max-video-preview":"max-video-preview:-1"},"canonical":"https:\/\/redenoticiaz.com.br\/litoralsp\/2024\/11\/26\/operacao-verao-justica-aceita-denuncia-contra-policiais","og_locale":"pt_BR","og_type":"article","og_title":"Opera\u00e7\u00e3o Ver\u00e3o: Justi\u00e7a aceita den\u00fancia contra policiais - Litoral SP","og_description":"A Justi\u00e7a de S\u00e3o Paulo aceitou a den\u00fancia contra policiais militares envolvidos na Opera\u00e7\u00e3o Ver\u00e3o realizada pelas pol\u00edcias militar e civil na Baixada Santista entre dezembro de 2023 e abril de 2024.","og_url":"https:\/\/redenoticiaz.com.br\/litoralsp\/2024\/11\/26\/operacao-verao-justica-aceita-denuncia-contra-policiais","og_site_name":"Litoral SP","article_published_time":"2024-11-26T23:00:30+00:00","og_image":[{"url":"https:\/\/agenciabrasil.ebc.com.br\/ebc.png?id=1621309&amp;o=node","type":"","width":"","height":""}],"author":"Gustavo Silva","twitter_card":"summary_large_image","twitter_misc":{"Escrito por":"Gustavo Silva","Est. tempo de leitura":"3 minutos"},"schema":{"@context":"https:\/\/schema.org","@graph":[{"@type":"Article","@id":"https:\/\/redenoticiaz.com.br\/litoralsp\/2024\/11\/26\/operacao-verao-justica-aceita-denuncia-contra-policiais#article","isPartOf":{"@id":"https:\/\/redenoticiaz.com.br\/litoralsp\/2024\/11\/26\/operacao-verao-justica-aceita-denuncia-contra-policiais"},"author":{"name":"Gustavo Silva","@id":"https:\/\/redenoticiaz.com.br\/litoralsp\/#\/schema\/person\/16057b37a3c0ee6b096d7f887c566e2e"},"headline":"Opera\u00e7\u00e3o Ver\u00e3o: Justi\u00e7a aceita den\u00fancia contra policiais","datePublished":"2024-11-26T23:00:30+00:00","mainEntityOfPage":{"@id":"https:\/\/redenoticiaz.com.br\/litoralsp\/2024\/11\/26\/operacao-verao-justica-aceita-denuncia-contra-policiais"},"wordCount":404,"commentCount":0,"publisher":{"@id":"https:\/\/redenoticiaz.com.br\/litoralsp\/#organization"},"image":{"@id":"https:\/\/redenoticiaz.com.br\/litoralsp\/2024\/11\/26\/operacao-verao-justica-aceita-denuncia-contra-policiais#primaryimage"},"thumbnailUrl":"https:\/\/agenciabrasil.ebc.com.br\/ebc.png?id=1621309&amp;o=node","keywords":["justi\u00e7a","POL\u00cdCIA","POLICIAIS"],"articleSection":["Guaruj\u00e1","Pol\u00edcia","Santos"],"inLanguage":"pt-BR","potentialAction":[{"@type":"CommentAction","name":"Comment","target":["https:\/\/redenoticiaz.com.br\/litoralsp\/2024\/11\/26\/operacao-verao-justica-aceita-denuncia-contra-policiais#respond"]}]},{"@type":"WebPage","@id":"https:\/\/redenoticiaz.com.br\/litoralsp\/2024\/11\/26\/operacao-verao-justica-aceita-denuncia-contra-policiais","url":"https:\/\/redenoticiaz.com.br\/litoralsp\/2024\/11\/26\/operacao-verao-justica-aceita-denuncia-contra-policiais","name":"Opera\u00e7\u00e3o Ver\u00e3o: Justi\u00e7a aceita den\u00fancia contra policiais - Litoral SP","isPartOf":{"@id":"https:\/\/redenoticiaz.com.br\/litoralsp\/#website"},"primaryImageOfPage":{"@id":"https:\/\/redenoticiaz.com.br\/litoralsp\/2024\/11\/26\/operacao-verao-justica-aceita-denuncia-contra-policiais#primaryimage"},"image":{"@id":"https:\/\/redenoticiaz.com.br\/litoralsp\/2024\/11\/26\/operacao-verao-justica-aceita-denuncia-contra-policiais#primaryimage"},"thumbnailUrl":"https:\/\/agenciabrasil.ebc.com.br\/ebc.png?id=1621309&amp;o=node","datePublished":"2024-11-26T23:00:30+00:00","description":"A Justi\u00e7a de S\u00e3o Paulo aceitou a den\u00fancia contra policiais militares envolvidos na Opera\u00e7\u00e3o Ver\u00e3o realizada pelas pol\u00edcias militar e civil na Baixada Santista entre dezembro de 2023 e abril de 2024.","inLanguage":"pt-BR","potentialAction":[{"@type":"ReadAction","target":["https:\/\/redenoticiaz.com.br\/litoralsp\/2024\/11\/26\/operacao-verao-justica-aceita-denuncia-contra-policiais"]}]},{"@type":"ImageObject","inLanguage":"pt-BR","@id":"https:\/\/redenoticiaz.com.br\/litoralsp\/2024\/11\/26\/operacao-verao-justica-aceita-denuncia-contra-policiais#primaryimage","url":"https:\/\/agenciabrasil.ebc.com.br\/ebc.png?id=1621309&amp;o=node","contentUrl":"https:\/\/agenciabrasil.ebc.com.br\/ebc.png?id=1621309&amp;o=node"},{"@type":"WebSite","@id":"https:\/\/redenoticiaz.com.br\/litoralsp\/#website","url":"https:\/\/redenoticiaz.com.br\/litoralsp\/","name":"Litoral SP","description":"Rede NoticiaZ","publisher":{"@id":"https:\/\/redenoticiaz.com.br\/litoralsp\/#organization"},"potentialAction":[{"@type":"SearchAction","target":{"@type":"EntryPoint","urlTemplate":"https:\/\/redenoticiaz.com.br\/litoralsp\/?s={search_term_string}"},"query-input":{"@type":"PropertyValueSpecification","valueRequired":true,"valueName":"search_term_string"}}],"inLanguage":"pt-BR"},{"@type":"Organization","@id":"https:\/\/redenoticiaz.com.br\/litoralsp\/#organization","name":"Litoral SP","url":"https:\/\/redenoticiaz.com.br\/litoralsp\/","logo":{"@type":"ImageObject","inLanguage":"pt-BR","@id":"https:\/\/redenoticiaz.com.br\/litoralsp\/#\/schema\/logo\/image\/","url":"https:\/\/redenoticiaz.com.br\/litoralsp\/wp-content\/uploads\/sites\/3\/2020\/11\/logo.jpg","contentUrl":"https:\/\/redenoticiaz.com.br\/litoralsp\/wp-content\/uploads\/sites\/3\/2020\/11\/logo.jpg","width":400,"height":250,"caption":"Litoral SP"},"image":{"@id":"https:\/\/redenoticiaz.com.br\/litoralsp\/#\/schema\/logo\/image\/"}},{"@type":"Person","@id":"https:\/\/redenoticiaz.com.br\/litoralsp\/#\/schema\/person\/16057b37a3c0ee6b096d7f887c566e2e","name":"Gustavo Silva","image":{"@type":"ImageObject","inLanguage":"pt-BR","@id":"https:\/\/secure.gravatar.com\/avatar\/3ee4e82f93b26de0a7cf4ea5eb7893da637ed6bb0c9170c58065944c56e28a33?s=96&d=mm&r=g","url":"https:\/\/secure.gravatar.com\/avatar\/3ee4e82f93b26de0a7cf4ea5eb7893da637ed6bb0c9170c58065944c56e28a33?s=96&d=mm&r=g","contentUrl":"https:\/\/secure.gravatar.com\/avatar\/3ee4e82f93b26de0a7cf4ea5eb7893da637ed6bb0c9170c58065944c56e28a33?s=96&d=mm&r=g","caption":"Gustavo Silva"},"url":"https:\/\/redenoticiaz.com.br\/litoralsp\/author\/gustavosilva"}]}},"_links":{"self":[{"href":"https:\/\/redenoticiaz.com.br\/litoralsp\/wp-json\/wp\/v2\/posts\/119436","targetHints":{"allow":["GET"]}}],"collection":[{"href":"https:\/\/redenoticiaz.com.br\/litoralsp\/wp-json\/wp\/v2\/posts"}],"about":[{"href":"https:\/\/redenoticiaz.com.br\/litoralsp\/wp-json\/wp\/v2\/types\/post"}],"author":[{"embeddable":true,"href":"https:\/\/redenoticiaz.com.br\/litoralsp\/wp-json\/wp\/v2\/users\/12"}],"replies":[{"embeddable":true,"href":"https:\/\/redenoticiaz.com.br\/litoralsp\/wp-json\/wp\/v2\/comments?post=119436"}],"version-history":[{"count":1,"href":"https:\/\/redenoticiaz.com.br\/litoralsp\/wp-json\/wp\/v2\/posts\/119436\/revisions"}],"predecessor-version":[{"id":119437,"href":"https:\/\/redenoticiaz.com.br\/litoralsp\/wp-json\/wp\/v2\/posts\/119436\/revisions\/119437"}],"wp:attachment":[{"href":"https:\/\/redenoticiaz.com.br\/litoralsp\/wp-json\/wp\/v2\/media?parent=119436"}],"wp:term":[{"taxonomy":"category","embeddable":true,"href":"https:\/\/redenoticiaz.com.br\/litoralsp\/wp-json\/wp\/v2\/categories?post=119436"},{"taxonomy":"post_tag","embeddable":true,"href":"https:\/\/redenoticiaz.com.br\/litoralsp\/wp-json\/wp\/v2\/tags?post=119436"}],"curies":[{"name":"wp","href":"https:\/\/api.w.org\/{rel}","templated":true}]}}