{"id":119438,"date":"2024-11-30T11:00:19","date_gmt":"2024-11-30T14:00:19","guid":{"rendered":"https:\/\/redenoticiaz.com.br\/litoralsp\/?p=119438"},"modified":"2024-11-26T16:51:39","modified_gmt":"2024-11-26T19:51:39","slug":"maior-parte-da-mata-atlantica-tem-menos-de-30-de-vegetacao-nativa","status":"publish","type":"post","link":"https:\/\/redenoticiaz.com.br\/litoralsp\/2024\/11\/30\/maior-parte-da-mata-atlantica-tem-menos-de-30-de-vegetacao-nativa","title":{"rendered":"Maior parte da Mata Atl\u00e2ntica tem menos de 30% de vegeta\u00e7\u00e3o nativa"},"content":{"rendered":"<p>A Mata Atl\u00e2ntica \u00e9 o bioma que mais sofreu altera\u00e7\u00e3o na cobertura e uso da terra no Brasil nos anos de 1985 a\u00a02023. Em 39 anos, seu\u00a0territ\u00f3rio teve aumento de 91%\u00a0da \u00e1rea agr\u00edcola, mas tamb\u00e9m registrou alguma recupera\u00e7\u00e3o de vegeta\u00e7\u00e3o nativa em 45% dos munic\u00edpios ap\u00f3s a aplica\u00e7\u00e3o do C\u00f3digo Florestal no pa\u00eds, aponta an\u00e1lise da Mapbiomas, divulgada nesta ter\u00e7a-feira (26).<img decoding=\"async\" src=\"https:\/\/agenciabrasil.ebc.com.br\/ebc.png?id=1621209&amp;o=node\" \/><img decoding=\"async\" src=\"https:\/\/agenciabrasil.ebc.com.br\/ebc.gif?id=1621209&amp;o=node\" \/><\/p>\n<p>Com apenas 31% de cobertura\u00a0vegetal preservada e 67% de ocupa\u00e7\u00e3o e\u00a0atividades humanas na regi\u00e3o, a Mata Atl\u00e2ntica continua perdendo vegeta\u00e7\u00e3o. Durante o per\u00edodo analisado, a redu\u00e7\u00e3o foi de 10%, ou seja, 3,7 milh\u00f5es de hectares.<\/p>\n<p>O estudo mostra\u00a0que, atualmente, 60% dos munic\u00edpios onde a Mata Atl\u00e2ntica est\u00e1 presente, mant\u00eam menos de 30% da vegeta\u00e7\u00e3o nativa e\u00a0ao longo de todos esses anos, apenas os estados do Rio de Janeiro, Rio Grande do Norte e S\u00e3o Paulo conseguiram recuperar mais do que perder parte do seu bioma.<\/p>\n<p>Onde houve perda de \u00e1rea natural, a floresta foi o tipo de cobertura mais afetada, o que inclui forma\u00e7\u00f5es sav\u00e2nica e florestal, o mangue e a restinga arb\u00f3rea. Dessa classe, foram perdidos 2,7 milh\u00f5es de hectares entre 1985 e 2023.<\/p>\n<p>A forma\u00e7\u00e3o campestre, apesar de perder menos em extens\u00e3o, com convers\u00e3o de 2,45 milh\u00f5es de hectares, foi a que mais diminuiu proporcionalmente. Nos 39 anos, 27% dessa classe foi convertida, principalmente em \u00e1reas de agricultura e pastagem.<\/p>\n<p>\u201cA Mata Atl\u00e2ntica convive simultaneamente com o desmatamento e a regenera\u00e7\u00e3o, mas em regi\u00f5es que n\u00e3o coincidem. Ainda perdemos matas nas regi\u00f5es onde ainda h\u00e1 uma propor\u00e7\u00e3o relevante de remanescentes e ganhamos onde a devasta\u00e7\u00e3o ocorreu d\u00e9cadas atr\u00e1s e sobrou muito pouco\u201d, diz o diretor executivo da Funda\u00e7\u00e3o SOS Mata Atl\u00e2ntica, Luis Fernando Guedes Pinto.<\/p>\n<p>Apesar das pastagens ocuparem 26,23% de todo o territ\u00f3rio onde a Mata Atl\u00e2ntica \u00e9 nativa, a agricultura foi a que mais avan\u00e7ou. De 1985 a 2023, a \u00e1rea agr\u00edcola em toda a Mata Atl\u00e2ntica passou de 10,6 milh\u00f5es de hectares a 20,2 milh\u00f5es de hectares. Os estados do Rio Grande do Norte, Mato Grosso do Sul e S\u00e3o Paulo foram os que proporcionalmente mais foram afetados por essa convers\u00e3o.<\/p>\n<p>A soja e a cana-de-a\u00e7\u00facar representam 87% das lavouras tempor\u00e1rias no territ\u00f3rio do bioma, que tamb\u00e9m produz arroz, algod\u00e3o e outras culturas nessa modalidade. Em 39 anos, o cultivo da cana-de-a\u00e7\u00facar avan\u00e7ou sobre 4,2 milh\u00f5es de hectares e a soja alcan\u00e7ou mais 8,2 milh\u00f5es de hectares at\u00e9 2023.<\/p>\n<p>A silvicultura tamb\u00e9m avan\u00e7ou nesses \u00faltimos 39 anos, foram mais de 3,6 milh\u00f5es de florestas plantadas nessa modalidade, representando 50% da pr\u00e1tica em todo o pa\u00eds. A maior parte da silvicultura na Mata Atl\u00e2ntica, 60% foi plantado nos estados de Santa Catarina, Paran\u00e1 e Bahia.<\/p>\n<p>Quando considerado o total da \u00e1rea ocupada pela agropecu\u00e1ria, que inclui al\u00e9m da agricultura e pastagens, os mosaicos de uso e a silvicultura, s\u00e3o 71,99 milh\u00f5es de hectares convertidos at\u00e9 2023.<\/p>\n<h2>Desmatamento<\/h2>\n<p>Apesar de toda a press\u00e3o da a\u00e7\u00e3o humana sobre a Mata Atl\u00e2ntica, um dado sobro o desmatamento chamou a aten\u00e7\u00e3o em 2023, quando houve uma redu\u00e7\u00e3o de 49% desse tipo de a\u00e7\u00e3o no bioma, em rela\u00e7\u00e3o ao ano 2000. Para Guedes Pinto, esses avan\u00e7os apontam um caminho. \u201cO desmatamento zero e a restaura\u00e7\u00e3o em grande escala v\u00e3o garantir o futuro do bioma, contribuir para enfrentar as crises globais do clima e da biodiversidade, garantir servi\u00e7os ecossist\u00eamicos e evitar trag\u00e9dias localmente\u201d, conclui.<\/p>\n<p>Leia mais<\/p>\n<p><a href=\"https:\/\/redenoticiaz.com.br\/blog\/2024\/09\/10\/acao-contra-desmatamento-ilegal-e-realizada-pela-policia-em-itupeva\">Opera\u00e7\u00e3o conjunta prende suspeitos de desmatamento ilegal em Itupeva<\/a><\/p>\n<p><a href=\"https:\/\/redenoticiaz.com.br\/blog\/2023\/06\/11\/desmatamento-na-amazonia-cai-31-de-janeiro-a-maio\">Desmatamento na Amaz\u00f4nia cai 31% de janeiro a maio<\/a><\/p>\n","protected":false},"excerpt":{"rendered":"<p>A Mata Atl\u00e2ntica \u00e9 o bioma que mais sofreu altera\u00e7\u00e3o na cobertura e uso da terra no Brasil nos anos de 1985 a\u00a02023. Em 39 anos, seu\u00a0territ\u00f3rio teve aumento de 91%\u00a0da \u00e1rea agr\u00edcola, mas tamb\u00e9m registrou alguma recupera\u00e7\u00e3o de vegeta\u00e7\u00e3o nativa em 45% dos munic\u00edpios ap\u00f3s a aplica\u00e7\u00e3o do C\u00f3digo Florestal no pa\u00eds, aponta an\u00e1lise &hellip;<\/p>\n","protected":false},"author":12,"featured_media":109525,"comment_status":"open","ping_status":"closed","sticky":false,"template":"","format":"standard","meta":{"footnotes":""},"categories":[1487],"tags":[9897,31934,13948],"class_list":["post-119438","post","type-post","status-publish","format-standard","has-post-thumbnail","hentry","category-meio-ambiente","tag-desmatamento","tag-ilegal","tag-mata-atlantica"],"yoast_head":"<!-- This site is optimized with the Yoast SEO plugin v27.5 - https:\/\/yoast.com\/product\/yoast-seo-wordpress\/ -->\n<title>Maior parte da Mata Atl\u00e2ntica tem menos de 30% de vegeta\u00e7\u00e3o nativa - Litoral SP<\/title>\n<meta name=\"description\" content=\"A Mata Atl\u00e2ntica \u00e9 o bioma que mais sofreu altera\u00e7\u00e3o na cobertura e uso da terra no Brasil nos anos de 1985 a\u00a02023.\" \/>\n<meta name=\"robots\" content=\"index, follow, max-snippet:-1, max-image-preview:large, max-video-preview:-1\" \/>\n<link rel=\"canonical\" href=\"https:\/\/redenoticiaz.com.br\/litoralsp\/2024\/11\/30\/maior-parte-da-mata-atlantica-tem-menos-de-30-de-vegetacao-nativa\" \/>\n<meta property=\"og:locale\" content=\"pt_BR\" \/>\n<meta property=\"og:type\" content=\"article\" \/>\n<meta property=\"og:title\" content=\"Maior parte da Mata Atl\u00e2ntica tem menos de 30% de vegeta\u00e7\u00e3o nativa - Litoral SP\" \/>\n<meta property=\"og:description\" content=\"A Mata Atl\u00e2ntica \u00e9 o bioma que mais sofreu altera\u00e7\u00e3o na cobertura e uso da terra no Brasil nos anos de 1985 a\u00a02023.\" \/>\n<meta property=\"og:url\" content=\"https:\/\/redenoticiaz.com.br\/litoralsp\/2024\/11\/30\/maior-parte-da-mata-atlantica-tem-menos-de-30-de-vegetacao-nativa\" \/>\n<meta property=\"og:site_name\" content=\"Litoral SP\" \/>\n<meta property=\"article:published_time\" content=\"2024-11-30T14:00:19+00:00\" \/>\n<meta property=\"og:image\" content=\"https:\/\/redenoticiaz.com.br\/litoralsp\/wp-content\/uploads\/sites\/3\/2023\/08\/mata-atlantica.jpg?v=1595899586\" \/>\n\t<meta property=\"og:image:width\" content=\"310\" \/>\n\t<meta property=\"og:image:height\" content=\"163\" \/>\n\t<meta property=\"og:image:type\" content=\"image\/jpeg\" \/>\n<meta name=\"author\" content=\"Gustavo Silva\" \/>\n<meta name=\"twitter:card\" content=\"summary_large_image\" \/>\n<meta name=\"twitter:label1\" content=\"Escrito por\" \/>\n\t<meta name=\"twitter:data1\" content=\"Gustavo Silva\" \/>\n\t<meta name=\"twitter:label2\" content=\"Est. tempo de leitura\" \/>\n\t<meta name=\"twitter:data2\" content=\"4 minutos\" \/>\n<script type=\"application\/ld+json\" class=\"yoast-schema-graph\">{\"@context\":\"https:\\\/\\\/schema.org\",\"@graph\":[{\"@type\":\"Article\",\"@id\":\"https:\\\/\\\/redenoticiaz.com.br\\\/litoralsp\\\/2024\\\/11\\\/30\\\/maior-parte-da-mata-atlantica-tem-menos-de-30-de-vegetacao-nativa#article\",\"isPartOf\":{\"@id\":\"https:\\\/\\\/redenoticiaz.com.br\\\/litoralsp\\\/2024\\\/11\\\/30\\\/maior-parte-da-mata-atlantica-tem-menos-de-30-de-vegetacao-nativa\"},\"author\":{\"name\":\"Gustavo Silva\",\"@id\":\"https:\\\/\\\/redenoticiaz.com.br\\\/litoralsp\\\/#\\\/schema\\\/person\\\/16057b37a3c0ee6b096d7f887c566e2e\"},\"headline\":\"Maior parte da Mata Atl\u00e2ntica tem menos de 30% de vegeta\u00e7\u00e3o nativa\",\"datePublished\":\"2024-11-30T14:00:19+00:00\",\"mainEntityOfPage\":{\"@id\":\"https:\\\/\\\/redenoticiaz.com.br\\\/litoralsp\\\/2024\\\/11\\\/30\\\/maior-parte-da-mata-atlantica-tem-menos-de-30-de-vegetacao-nativa\"},\"wordCount\":642,\"commentCount\":0,\"publisher\":{\"@id\":\"https:\\\/\\\/redenoticiaz.com.br\\\/litoralsp\\\/#organization\"},\"image\":{\"@id\":\"https:\\\/\\\/redenoticiaz.com.br\\\/litoralsp\\\/2024\\\/11\\\/30\\\/maior-parte-da-mata-atlantica-tem-menos-de-30-de-vegetacao-nativa#primaryimage\"},\"thumbnailUrl\":\"https:\\\/\\\/redenoticiaz.com.br\\\/litoralsp\\\/wp-content\\\/uploads\\\/sites\\\/3\\\/2023\\\/08\\\/mata-atlantica.jpg?v=1595899586\",\"keywords\":[\"desmatamento\",\"ilegal\",\"MATA ATL\u00c2NTICA\"],\"articleSection\":[\"Meio Ambiente\"],\"inLanguage\":\"pt-BR\",\"potentialAction\":[{\"@type\":\"CommentAction\",\"name\":\"Comment\",\"target\":[\"https:\\\/\\\/redenoticiaz.com.br\\\/litoralsp\\\/2024\\\/11\\\/30\\\/maior-parte-da-mata-atlantica-tem-menos-de-30-de-vegetacao-nativa#respond\"]}]},{\"@type\":\"WebPage\",\"@id\":\"https:\\\/\\\/redenoticiaz.com.br\\\/litoralsp\\\/2024\\\/11\\\/30\\\/maior-parte-da-mata-atlantica-tem-menos-de-30-de-vegetacao-nativa\",\"url\":\"https:\\\/\\\/redenoticiaz.com.br\\\/litoralsp\\\/2024\\\/11\\\/30\\\/maior-parte-da-mata-atlantica-tem-menos-de-30-de-vegetacao-nativa\",\"name\":\"Maior parte da Mata Atl\u00e2ntica tem menos de 30% de vegeta\u00e7\u00e3o nativa - Litoral SP\",\"isPartOf\":{\"@id\":\"https:\\\/\\\/redenoticiaz.com.br\\\/litoralsp\\\/#website\"},\"primaryImageOfPage\":{\"@id\":\"https:\\\/\\\/redenoticiaz.com.br\\\/litoralsp\\\/2024\\\/11\\\/30\\\/maior-parte-da-mata-atlantica-tem-menos-de-30-de-vegetacao-nativa#primaryimage\"},\"image\":{\"@id\":\"https:\\\/\\\/redenoticiaz.com.br\\\/litoralsp\\\/2024\\\/11\\\/30\\\/maior-parte-da-mata-atlantica-tem-menos-de-30-de-vegetacao-nativa#primaryimage\"},\"thumbnailUrl\":\"https:\\\/\\\/redenoticiaz.com.br\\\/litoralsp\\\/wp-content\\\/uploads\\\/sites\\\/3\\\/2023\\\/08\\\/mata-atlantica.jpg?v=1595899586\",\"datePublished\":\"2024-11-30T14:00:19+00:00\",\"description\":\"A Mata Atl\u00e2ntica \u00e9 o bioma que mais sofreu altera\u00e7\u00e3o na cobertura e uso da terra no Brasil nos anos de 1985 a\u00a02023.\",\"inLanguage\":\"pt-BR\",\"potentialAction\":[{\"@type\":\"ReadAction\",\"target\":[\"https:\\\/\\\/redenoticiaz.com.br\\\/litoralsp\\\/2024\\\/11\\\/30\\\/maior-parte-da-mata-atlantica-tem-menos-de-30-de-vegetacao-nativa\"]}]},{\"@type\":\"ImageObject\",\"inLanguage\":\"pt-BR\",\"@id\":\"https:\\\/\\\/redenoticiaz.com.br\\\/litoralsp\\\/2024\\\/11\\\/30\\\/maior-parte-da-mata-atlantica-tem-menos-de-30-de-vegetacao-nativa#primaryimage\",\"url\":\"https:\\\/\\\/redenoticiaz.com.br\\\/litoralsp\\\/wp-content\\\/uploads\\\/sites\\\/3\\\/2023\\\/08\\\/mata-atlantica.jpg?v=1595899586\",\"contentUrl\":\"https:\\\/\\\/redenoticiaz.com.br\\\/litoralsp\\\/wp-content\\\/uploads\\\/sites\\\/3\\\/2023\\\/08\\\/mata-atlantica.jpg?v=1595899586\",\"width\":310,\"height\":163},{\"@type\":\"WebSite\",\"@id\":\"https:\\\/\\\/redenoticiaz.com.br\\\/litoralsp\\\/#website\",\"url\":\"https:\\\/\\\/redenoticiaz.com.br\\\/litoralsp\\\/\",\"name\":\"Litoral SP\",\"description\":\"Rede NoticiaZ\",\"publisher\":{\"@id\":\"https:\\\/\\\/redenoticiaz.com.br\\\/litoralsp\\\/#organization\"},\"potentialAction\":[{\"@type\":\"SearchAction\",\"target\":{\"@type\":\"EntryPoint\",\"urlTemplate\":\"https:\\\/\\\/redenoticiaz.com.br\\\/litoralsp\\\/?s={search_term_string}\"},\"query-input\":{\"@type\":\"PropertyValueSpecification\",\"valueRequired\":true,\"valueName\":\"search_term_string\"}}],\"inLanguage\":\"pt-BR\"},{\"@type\":\"Organization\",\"@id\":\"https:\\\/\\\/redenoticiaz.com.br\\\/litoralsp\\\/#organization\",\"name\":\"Litoral SP\",\"url\":\"https:\\\/\\\/redenoticiaz.com.br\\\/litoralsp\\\/\",\"logo\":{\"@type\":\"ImageObject\",\"inLanguage\":\"pt-BR\",\"@id\":\"https:\\\/\\\/redenoticiaz.com.br\\\/litoralsp\\\/#\\\/schema\\\/logo\\\/image\\\/\",\"url\":\"https:\\\/\\\/redenoticiaz.com.br\\\/litoralsp\\\/wp-content\\\/uploads\\\/sites\\\/3\\\/2020\\\/11\\\/logo.jpg\",\"contentUrl\":\"https:\\\/\\\/redenoticiaz.com.br\\\/litoralsp\\\/wp-content\\\/uploads\\\/sites\\\/3\\\/2020\\\/11\\\/logo.jpg\",\"width\":400,\"height\":250,\"caption\":\"Litoral SP\"},\"image\":{\"@id\":\"https:\\\/\\\/redenoticiaz.com.br\\\/litoralsp\\\/#\\\/schema\\\/logo\\\/image\\\/\"}},{\"@type\":\"Person\",\"@id\":\"https:\\\/\\\/redenoticiaz.com.br\\\/litoralsp\\\/#\\\/schema\\\/person\\\/16057b37a3c0ee6b096d7f887c566e2e\",\"name\":\"Gustavo Silva\",\"image\":{\"@type\":\"ImageObject\",\"inLanguage\":\"pt-BR\",\"@id\":\"https:\\\/\\\/secure.gravatar.com\\\/avatar\\\/3ee4e82f93b26de0a7cf4ea5eb7893da637ed6bb0c9170c58065944c56e28a33?s=96&d=mm&r=g\",\"url\":\"https:\\\/\\\/secure.gravatar.com\\\/avatar\\\/3ee4e82f93b26de0a7cf4ea5eb7893da637ed6bb0c9170c58065944c56e28a33?s=96&d=mm&r=g\",\"contentUrl\":\"https:\\\/\\\/secure.gravatar.com\\\/avatar\\\/3ee4e82f93b26de0a7cf4ea5eb7893da637ed6bb0c9170c58065944c56e28a33?s=96&d=mm&r=g\",\"caption\":\"Gustavo Silva\"},\"url\":\"https:\\\/\\\/redenoticiaz.com.br\\\/litoralsp\\\/author\\\/gustavosilva\"}]}<\/script>\n<!-- \/ Yoast SEO plugin. -->","yoast_head_json":{"title":"Maior parte da Mata Atl\u00e2ntica tem menos de 30% de vegeta\u00e7\u00e3o nativa - Litoral SP","description":"A Mata Atl\u00e2ntica \u00e9 o bioma que mais sofreu altera\u00e7\u00e3o na cobertura e uso da terra no Brasil nos anos de 1985 a\u00a02023.","robots":{"index":"index","follow":"follow","max-snippet":"max-snippet:-1","max-image-preview":"max-image-preview:large","max-video-preview":"max-video-preview:-1"},"canonical":"https:\/\/redenoticiaz.com.br\/litoralsp\/2024\/11\/30\/maior-parte-da-mata-atlantica-tem-menos-de-30-de-vegetacao-nativa","og_locale":"pt_BR","og_type":"article","og_title":"Maior parte da Mata Atl\u00e2ntica tem menos de 30% de vegeta\u00e7\u00e3o nativa - Litoral SP","og_description":"A Mata Atl\u00e2ntica \u00e9 o bioma que mais sofreu altera\u00e7\u00e3o na cobertura e uso da terra no Brasil nos anos de 1985 a\u00a02023.","og_url":"https:\/\/redenoticiaz.com.br\/litoralsp\/2024\/11\/30\/maior-parte-da-mata-atlantica-tem-menos-de-30-de-vegetacao-nativa","og_site_name":"Litoral SP","article_published_time":"2024-11-30T14:00:19+00:00","og_image":[{"width":310,"height":163,"url":"https:\/\/redenoticiaz.com.br\/litoralsp\/wp-content\/uploads\/sites\/3\/2023\/08\/mata-atlantica.jpg?v=1595899586","type":"image\/jpeg"}],"author":"Gustavo Silva","twitter_card":"summary_large_image","twitter_misc":{"Escrito por":"Gustavo Silva","Est. tempo de leitura":"4 minutos"},"schema":{"@context":"https:\/\/schema.org","@graph":[{"@type":"Article","@id":"https:\/\/redenoticiaz.com.br\/litoralsp\/2024\/11\/30\/maior-parte-da-mata-atlantica-tem-menos-de-30-de-vegetacao-nativa#article","isPartOf":{"@id":"https:\/\/redenoticiaz.com.br\/litoralsp\/2024\/11\/30\/maior-parte-da-mata-atlantica-tem-menos-de-30-de-vegetacao-nativa"},"author":{"name":"Gustavo Silva","@id":"https:\/\/redenoticiaz.com.br\/litoralsp\/#\/schema\/person\/16057b37a3c0ee6b096d7f887c566e2e"},"headline":"Maior parte da Mata Atl\u00e2ntica tem menos de 30% de vegeta\u00e7\u00e3o nativa","datePublished":"2024-11-30T14:00:19+00:00","mainEntityOfPage":{"@id":"https:\/\/redenoticiaz.com.br\/litoralsp\/2024\/11\/30\/maior-parte-da-mata-atlantica-tem-menos-de-30-de-vegetacao-nativa"},"wordCount":642,"commentCount":0,"publisher":{"@id":"https:\/\/redenoticiaz.com.br\/litoralsp\/#organization"},"image":{"@id":"https:\/\/redenoticiaz.com.br\/litoralsp\/2024\/11\/30\/maior-parte-da-mata-atlantica-tem-menos-de-30-de-vegetacao-nativa#primaryimage"},"thumbnailUrl":"https:\/\/redenoticiaz.com.br\/litoralsp\/wp-content\/uploads\/sites\/3\/2023\/08\/mata-atlantica.jpg?v=1595899586","keywords":["desmatamento","ilegal","MATA ATL\u00c2NTICA"],"articleSection":["Meio Ambiente"],"inLanguage":"pt-BR","potentialAction":[{"@type":"CommentAction","name":"Comment","target":["https:\/\/redenoticiaz.com.br\/litoralsp\/2024\/11\/30\/maior-parte-da-mata-atlantica-tem-menos-de-30-de-vegetacao-nativa#respond"]}]},{"@type":"WebPage","@id":"https:\/\/redenoticiaz.com.br\/litoralsp\/2024\/11\/30\/maior-parte-da-mata-atlantica-tem-menos-de-30-de-vegetacao-nativa","url":"https:\/\/redenoticiaz.com.br\/litoralsp\/2024\/11\/30\/maior-parte-da-mata-atlantica-tem-menos-de-30-de-vegetacao-nativa","name":"Maior parte da Mata Atl\u00e2ntica tem menos de 30% de vegeta\u00e7\u00e3o nativa - Litoral SP","isPartOf":{"@id":"https:\/\/redenoticiaz.com.br\/litoralsp\/#website"},"primaryImageOfPage":{"@id":"https:\/\/redenoticiaz.com.br\/litoralsp\/2024\/11\/30\/maior-parte-da-mata-atlantica-tem-menos-de-30-de-vegetacao-nativa#primaryimage"},"image":{"@id":"https:\/\/redenoticiaz.com.br\/litoralsp\/2024\/11\/30\/maior-parte-da-mata-atlantica-tem-menos-de-30-de-vegetacao-nativa#primaryimage"},"thumbnailUrl":"https:\/\/redenoticiaz.com.br\/litoralsp\/wp-content\/uploads\/sites\/3\/2023\/08\/mata-atlantica.jpg?v=1595899586","datePublished":"2024-11-30T14:00:19+00:00","description":"A Mata Atl\u00e2ntica \u00e9 o bioma que mais sofreu altera\u00e7\u00e3o na cobertura e uso da terra no Brasil nos anos de 1985 a\u00a02023.","inLanguage":"pt-BR","potentialAction":[{"@type":"ReadAction","target":["https:\/\/redenoticiaz.com.br\/litoralsp\/2024\/11\/30\/maior-parte-da-mata-atlantica-tem-menos-de-30-de-vegetacao-nativa"]}]},{"@type":"ImageObject","inLanguage":"pt-BR","@id":"https:\/\/redenoticiaz.com.br\/litoralsp\/2024\/11\/30\/maior-parte-da-mata-atlantica-tem-menos-de-30-de-vegetacao-nativa#primaryimage","url":"https:\/\/redenoticiaz.com.br\/litoralsp\/wp-content\/uploads\/sites\/3\/2023\/08\/mata-atlantica.jpg?v=1595899586","contentUrl":"https:\/\/redenoticiaz.com.br\/litoralsp\/wp-content\/uploads\/sites\/3\/2023\/08\/mata-atlantica.jpg?v=1595899586","width":310,"height":163},{"@type":"WebSite","@id":"https:\/\/redenoticiaz.com.br\/litoralsp\/#website","url":"https:\/\/redenoticiaz.com.br\/litoralsp\/","name":"Litoral SP","description":"Rede NoticiaZ","publisher":{"@id":"https:\/\/redenoticiaz.com.br\/litoralsp\/#organization"},"potentialAction":[{"@type":"SearchAction","target":{"@type":"EntryPoint","urlTemplate":"https:\/\/redenoticiaz.com.br\/litoralsp\/?s={search_term_string}"},"query-input":{"@type":"PropertyValueSpecification","valueRequired":true,"valueName":"search_term_string"}}],"inLanguage":"pt-BR"},{"@type":"Organization","@id":"https:\/\/redenoticiaz.com.br\/litoralsp\/#organization","name":"Litoral SP","url":"https:\/\/redenoticiaz.com.br\/litoralsp\/","logo":{"@type":"ImageObject","inLanguage":"pt-BR","@id":"https:\/\/redenoticiaz.com.br\/litoralsp\/#\/schema\/logo\/image\/","url":"https:\/\/redenoticiaz.com.br\/litoralsp\/wp-content\/uploads\/sites\/3\/2020\/11\/logo.jpg","contentUrl":"https:\/\/redenoticiaz.com.br\/litoralsp\/wp-content\/uploads\/sites\/3\/2020\/11\/logo.jpg","width":400,"height":250,"caption":"Litoral SP"},"image":{"@id":"https:\/\/redenoticiaz.com.br\/litoralsp\/#\/schema\/logo\/image\/"}},{"@type":"Person","@id":"https:\/\/redenoticiaz.com.br\/litoralsp\/#\/schema\/person\/16057b37a3c0ee6b096d7f887c566e2e","name":"Gustavo Silva","image":{"@type":"ImageObject","inLanguage":"pt-BR","@id":"https:\/\/secure.gravatar.com\/avatar\/3ee4e82f93b26de0a7cf4ea5eb7893da637ed6bb0c9170c58065944c56e28a33?s=96&d=mm&r=g","url":"https:\/\/secure.gravatar.com\/avatar\/3ee4e82f93b26de0a7cf4ea5eb7893da637ed6bb0c9170c58065944c56e28a33?s=96&d=mm&r=g","contentUrl":"https:\/\/secure.gravatar.com\/avatar\/3ee4e82f93b26de0a7cf4ea5eb7893da637ed6bb0c9170c58065944c56e28a33?s=96&d=mm&r=g","caption":"Gustavo Silva"},"url":"https:\/\/redenoticiaz.com.br\/litoralsp\/author\/gustavosilva"}]}},"_links":{"self":[{"href":"https:\/\/redenoticiaz.com.br\/litoralsp\/wp-json\/wp\/v2\/posts\/119438","targetHints":{"allow":["GET"]}}],"collection":[{"href":"https:\/\/redenoticiaz.com.br\/litoralsp\/wp-json\/wp\/v2\/posts"}],"about":[{"href":"https:\/\/redenoticiaz.com.br\/litoralsp\/wp-json\/wp\/v2\/types\/post"}],"author":[{"embeddable":true,"href":"https:\/\/redenoticiaz.com.br\/litoralsp\/wp-json\/wp\/v2\/users\/12"}],"replies":[{"embeddable":true,"href":"https:\/\/redenoticiaz.com.br\/litoralsp\/wp-json\/wp\/v2\/comments?post=119438"}],"version-history":[{"count":1,"href":"https:\/\/redenoticiaz.com.br\/litoralsp\/wp-json\/wp\/v2\/posts\/119438\/revisions"}],"predecessor-version":[{"id":119439,"href":"https:\/\/redenoticiaz.com.br\/litoralsp\/wp-json\/wp\/v2\/posts\/119438\/revisions\/119439"}],"wp:featuredmedia":[{"embeddable":true,"href":"https:\/\/redenoticiaz.com.br\/litoralsp\/wp-json\/wp\/v2\/media\/109525"}],"wp:attachment":[{"href":"https:\/\/redenoticiaz.com.br\/litoralsp\/wp-json\/wp\/v2\/media?parent=119438"}],"wp:term":[{"taxonomy":"category","embeddable":true,"href":"https:\/\/redenoticiaz.com.br\/litoralsp\/wp-json\/wp\/v2\/categories?post=119438"},{"taxonomy":"post_tag","embeddable":true,"href":"https:\/\/redenoticiaz.com.br\/litoralsp\/wp-json\/wp\/v2\/tags?post=119438"}],"curies":[{"name":"wp","href":"https:\/\/api.w.org\/{rel}","templated":true}]}}