{"id":119444,"date":"2024-11-30T13:00:26","date_gmt":"2024-11-30T16:00:26","guid":{"rendered":"https:\/\/redenoticiaz.com.br\/litoralsp\/?p=119444"},"modified":"2024-12-01T14:14:15","modified_gmt":"2024-12-01T17:14:15","slug":"licenciamento-2024-proprietarios-de-veiculos-com-placas-de-final-9-devem-pagar-a-taxa","status":"publish","type":"post","link":"https:\/\/redenoticiaz.com.br\/litoralsp\/2024\/11\/30\/licenciamento-2024-proprietarios-de-veiculos-com-placas-de-final-9-devem-pagar-a-taxa","title":{"rendered":"Licenciamento 2024: propriet\u00e1rios de ve\u00edculos com placas de final 9 devem pagar a taxa"},"content":{"rendered":"<p class=\"v1ql-align-justify\">Ve\u00edculos com placas de final 9 devem ter o licenciamento realizado at\u00e9 este s\u00e1bado (30), quando se encerra o m\u00eas de novembro. O calend\u00e1rio geral ser\u00e1 finalizado em dezembro, com as placas terminadas em 0 (zero). O cronograma, definido pela Portaria n\u00ba 17\/2023, estipula prazo diferente para os ve\u00edculos de carga (caminh\u00e3o e trator), de setembro a dezembro. Confira o calend\u00e1rio completo do licenciamento 2024 abaixo.<\/p>\n<p class=\"v1ql-align-justify\">A condu\u00e7\u00e3o de ve\u00edculo n\u00e3o licenciado tem sido a segunda maior causa de multa de tr\u00e2nsito neste ano no estado, segundo dados do Departamento Estadual de Tr\u00e2nsito de S\u00e3o Paulo (Detran-SP), \u00f3rg\u00e3o vinculado \u00e0 Secretaria de Gest\u00e3o e Governo Digital (SGGD).<\/p>\n<p class=\"v1ql-align-justify\">A infra\u00e7\u00e3o, considerada grav\u00edssima, \u00e9 punida com multa de R$ 293,47, sete pontos na CNH e remo\u00e7\u00e3o do ve\u00edculo a p\u00e1tio, segundo o C\u00f3digo de Tr\u00e2nsito Brasileiro (CTB). Para recuperar o ve\u00edculo, o propriet\u00e1rio dever\u00e1 pagar todas as d\u00edvidas pendentes, assim como o valor da remo\u00e7\u00e3o e estadia no p\u00e1tio. Em 2023, mais de 125 mil ve\u00edculos foram recolhidos por falta de licenciamento no estado.<\/p>\n<h3 class=\"v1ql-align-justify\"><strong>Como fazer o licenciamento<\/strong><\/h3>\n<p class=\"v1ql-align-justify\">Para realizar o licenciamento, o respons\u00e1vel pelo ve\u00edculo deve informar o n\u00famero do Registro Nacional de Ve\u00edculos Automotores (Renavam) e pagar a taxa (R$ 160,22) em um dos bancos conveniados (Banco do Brasil, Bradesco, Caixa Econ\u00f4mica Federal, Ita\u00fa, Safra e Santander), via internet banking, aplicativo ou caixa eletr\u00f4nico.<\/p>\n<p class=\"v1ql-align-justify\">Ap\u00f3s o pagamento, o condutor deve baixar ou imprimir em papel sulfite comum o documento digital atualizado pelo portal do Detran-SP (detran.sp.gov.br), do Poupatempo (poupatempo.sp.gov.br) ou da Senatran (portalservicos.senatran.serpro.gov.br), ou pelos aplicativos Detran-SP, Poupatempo Digital e Carteira Digital de Tr\u00e2nsito (CDT). O documento pode ser salvo no celular do motorista ou guardado em formato de papel.<\/p>\n<p class=\"v1ql-align-justify\">Vale ressaltar que, se o ve\u00edculo tiver pend\u00eancia, como IPVA n\u00e3o pago, multas e outras quest\u00f5es, o licenciamento n\u00e3o ser\u00e1 conclu\u00eddo, mesmo que haja o pagamento da taxa, resultando no bloqueio do documento atualizado.<\/p>\n<h3 class=\"v1ql-align-justify\"><strong>Calend\u00e1rio de licenciamento 2024<\/strong><\/h3>\n<p class=\"v1ql-align-justify\"><em>Ve\u00edculos de passageiros, \u00f4nibus, reboque e semirreboque<\/em><\/p>\n<p class=\"v1ql-align-justify\">Final 1 e 2, m\u00eas de julho<\/p>\n<p class=\"v1ql-align-justify\">Final 3 e 4, m\u00eas de agosto<\/p>\n<p class=\"v1ql-align-justify\">Final 5 e 6, m\u00eas de setembro<\/p>\n<p class=\"v1ql-align-justify\">Final 7 e 8, m\u00eas de outubro<\/p>\n<p class=\"v1ql-align-justify\">Final 9, m\u00eas de novembro<\/p>\n<p class=\"v1ql-align-justify\">Final 0, m\u00eas de dezembro<\/p>\n<p class=\"v1ql-align-justify\"><em>Ve\u00edculos registrados como caminh\u00e3o e trator<\/em><\/p>\n<p class=\"v1ql-align-justify\">Final 1 e 2, m\u00eas de setembro<\/p>\n<p class=\"v1ql-align-justify\">Final 3, 4 e 5, m\u00eas de outubro<\/p>\n<p class=\"v1ql-align-justify\">Final 6, 7 e 8, m\u00eas de novembro<\/p>\n<p class=\"v1ql-align-justify\">Final 9 e 0, m\u00eas de dezembro<\/p>\n<p>LEIA MAIS<\/p>\n<p><a href=\"https:\/\/redenoticiaz.com.br\/blog\/2024\/11\/27\/banco-bv-dezenas-de-vagas-para-mulheres-salarios-de-r-31-mil\">Banco BV: dezenas de vagas para mulheres; sal\u00e1rios de R$ 3,1 mil<\/a><\/p>\n<p><a href=\"https:\/\/redenoticiaz.com.br\/blog\/2024\/11\/27\/natura-abre-vagas-de-emprego-para-candidatos-com-ensino-medio-completo\">Natura abre vagas de emprego para candidatos com ensino m\u00e9dio completo<\/a><\/p>\n<p>&nbsp;<\/p>\n<p>&nbsp;<\/p>\n<p>&nbsp;<\/p>\n","protected":false},"excerpt":{"rendered":"<p>Ve\u00edculos com placas de final 9 devem ter o licenciamento realizado at\u00e9 este s\u00e1bado (30), quando se encerra o m\u00eas de novembro. O calend\u00e1rio geral ser\u00e1 finalizado em dezembro, com as placas terminadas em 0 (zero). O cronograma, definido pela Portaria n\u00ba 17\/2023, estipula prazo diferente para os ve\u00edculos de carga (caminh\u00e3o e trator), de &hellip;<\/p>\n","protected":false},"author":30,"featured_media":107768,"comment_status":"open","ping_status":"closed","sticky":false,"template":"","format":"standard","meta":{"footnotes":""},"categories":[1610],"tags":[7637,7903,66183],"class_list":["post-119444","post","type-post","status-publish","format-standard","has-post-thumbnail","hentry","category-garagem-az","tag-calendario","tag-licenciamento","tag-placas"],"yoast_head":"<!-- This site is optimized with the Yoast SEO plugin v27.5 - https:\/\/yoast.com\/product\/yoast-seo-wordpress\/ -->\n<title>Licenciamento 2024: propriet\u00e1rios de ve\u00edculos com placas de final 9 devem pagar a taxa - Litoral SP<\/title>\n<meta name=\"description\" content=\"Ve\u00edculos com placas de final 9 devem ter o licenciamento realizado at\u00e9 este s\u00e1bado (30), quando se encerra o m\u00eas de novembro.\" \/>\n<meta name=\"robots\" content=\"index, follow, max-snippet:-1, max-image-preview:large, max-video-preview:-1\" \/>\n<link rel=\"canonical\" href=\"https:\/\/redenoticiaz.com.br\/litoralsp\/2024\/11\/30\/licenciamento-2024-proprietarios-de-veiculos-com-placas-de-final-9-devem-pagar-taxa-hoje\" \/>\n<meta property=\"og:locale\" content=\"pt_BR\" \/>\n<meta property=\"og:type\" content=\"article\" \/>\n<meta property=\"og:title\" content=\"Licenciamento 2024: propriet\u00e1rios de ve\u00edculos com placas de final 9 devem pagar a taxa - Litoral SP\" \/>\n<meta property=\"og:description\" content=\"Ve\u00edculos com placas de final 9 devem ter o licenciamento realizado at\u00e9 este s\u00e1bado (30), quando se encerra o m\u00eas de novembro.\" \/>\n<meta property=\"og:url\" content=\"https:\/\/redenoticiaz.com.br\/litoralsp\/2024\/11\/30\/licenciamento-2024-proprietarios-de-veiculos-com-placas-de-final-9-devem-pagar-taxa-hoje\" \/>\n<meta property=\"og:site_name\" content=\"Litoral SP\" \/>\n<meta property=\"article:published_time\" content=\"2024-11-30T16:00:26+00:00\" \/>\n<meta property=\"article:modified_time\" content=\"2024-12-01T17:14:15+00:00\" \/>\n<meta property=\"og:image\" content=\"https:\/\/redenoticiaz.com.br\/litoralsp\/wp-content\/uploads\/sites\/3\/2023\/06\/2022-01-06t155235z_1_lynxmpei050mm_rtroptp_4_volkswagen-brazil.jpg?v=1687992109\" \/>\n\t<meta property=\"og:image:width\" content=\"1170\" \/>\n\t<meta property=\"og:image:height\" content=\"700\" \/>\n\t<meta property=\"og:image:type\" content=\"image\/jpeg\" \/>\n<meta name=\"author\" content=\"Carina Reifonas\" \/>\n<meta name=\"twitter:card\" content=\"summary_large_image\" \/>\n<meta name=\"twitter:label1\" content=\"Escrito por\" \/>\n\t<meta name=\"twitter:data1\" content=\"Carina Reifonas\" \/>\n\t<meta name=\"twitter:label2\" content=\"Est. tempo de leitura\" \/>\n\t<meta name=\"twitter:data2\" content=\"3 minutos\" \/>\n<script type=\"application\/ld+json\" class=\"yoast-schema-graph\">{\"@context\":\"https:\\\/\\\/schema.org\",\"@graph\":[{\"@type\":\"Article\",\"@id\":\"https:\\\/\\\/redenoticiaz.com.br\\\/litoralsp\\\/2024\\\/11\\\/30\\\/licenciamento-2024-proprietarios-de-veiculos-com-placas-de-final-9-devem-pagar-taxa-hoje#article\",\"isPartOf\":{\"@id\":\"https:\\\/\\\/redenoticiaz.com.br\\\/litoralsp\\\/2024\\\/11\\\/30\\\/licenciamento-2024-proprietarios-de-veiculos-com-placas-de-final-9-devem-pagar-taxa-hoje\"},\"author\":{\"name\":\"Carina Reifonas\",\"@id\":\"https:\\\/\\\/redenoticiaz.com.br\\\/litoralsp\\\/#\\\/schema\\\/person\\\/1f84d6e94e6a62d2d81199d7503e9e90\"},\"headline\":\"Licenciamento 2024: propriet\u00e1rios de ve\u00edculos com placas de final 9 devem pagar a taxa\",\"datePublished\":\"2024-11-30T16:00:26+00:00\",\"dateModified\":\"2024-12-01T17:14:15+00:00\",\"mainEntityOfPage\":{\"@id\":\"https:\\\/\\\/redenoticiaz.com.br\\\/litoralsp\\\/2024\\\/11\\\/30\\\/licenciamento-2024-proprietarios-de-veiculos-com-placas-de-final-9-devem-pagar-taxa-hoje\"},\"wordCount\":476,\"commentCount\":0,\"publisher\":{\"@id\":\"https:\\\/\\\/redenoticiaz.com.br\\\/litoralsp\\\/#organization\"},\"image\":{\"@id\":\"https:\\\/\\\/redenoticiaz.com.br\\\/litoralsp\\\/2024\\\/11\\\/30\\\/licenciamento-2024-proprietarios-de-veiculos-com-placas-de-final-9-devem-pagar-taxa-hoje#primaryimage\"},\"thumbnailUrl\":\"https:\\\/\\\/redenoticiaz.com.br\\\/litoralsp\\\/wp-content\\\/uploads\\\/sites\\\/3\\\/2023\\\/06\\\/2022-01-06t155235z_1_lynxmpei050mm_rtroptp_4_volkswagen-brazil.jpg?v=1687992109\",\"keywords\":[\"CALEND\u00c1RIO\",\"LICENCIAMENTO\",\"PLACAS\"],\"articleSection\":[\"Garagem AZ\"],\"inLanguage\":\"pt-BR\",\"potentialAction\":[{\"@type\":\"CommentAction\",\"name\":\"Comment\",\"target\":[\"https:\\\/\\\/redenoticiaz.com.br\\\/litoralsp\\\/2024\\\/11\\\/30\\\/licenciamento-2024-proprietarios-de-veiculos-com-placas-de-final-9-devem-pagar-taxa-hoje#respond\"]}]},{\"@type\":\"WebPage\",\"@id\":\"https:\\\/\\\/redenoticiaz.com.br\\\/litoralsp\\\/2024\\\/11\\\/30\\\/licenciamento-2024-proprietarios-de-veiculos-com-placas-de-final-9-devem-pagar-taxa-hoje\",\"url\":\"https:\\\/\\\/redenoticiaz.com.br\\\/litoralsp\\\/2024\\\/11\\\/30\\\/licenciamento-2024-proprietarios-de-veiculos-com-placas-de-final-9-devem-pagar-taxa-hoje\",\"name\":\"Licenciamento 2024: propriet\u00e1rios de ve\u00edculos com placas de final 9 devem pagar a taxa - Litoral SP\",\"isPartOf\":{\"@id\":\"https:\\\/\\\/redenoticiaz.com.br\\\/litoralsp\\\/#website\"},\"primaryImageOfPage\":{\"@id\":\"https:\\\/\\\/redenoticiaz.com.br\\\/litoralsp\\\/2024\\\/11\\\/30\\\/licenciamento-2024-proprietarios-de-veiculos-com-placas-de-final-9-devem-pagar-taxa-hoje#primaryimage\"},\"image\":{\"@id\":\"https:\\\/\\\/redenoticiaz.com.br\\\/litoralsp\\\/2024\\\/11\\\/30\\\/licenciamento-2024-proprietarios-de-veiculos-com-placas-de-final-9-devem-pagar-taxa-hoje#primaryimage\"},\"thumbnailUrl\":\"https:\\\/\\\/redenoticiaz.com.br\\\/litoralsp\\\/wp-content\\\/uploads\\\/sites\\\/3\\\/2023\\\/06\\\/2022-01-06t155235z_1_lynxmpei050mm_rtroptp_4_volkswagen-brazil.jpg?v=1687992109\",\"datePublished\":\"2024-11-30T16:00:26+00:00\",\"dateModified\":\"2024-12-01T17:14:15+00:00\",\"description\":\"Ve\u00edculos com placas de final 9 devem ter o licenciamento realizado at\u00e9 este s\u00e1bado (30), quando se encerra o m\u00eas de novembro.\",\"inLanguage\":\"pt-BR\",\"potentialAction\":[{\"@type\":\"ReadAction\",\"target\":[\"https:\\\/\\\/redenoticiaz.com.br\\\/litoralsp\\\/2024\\\/11\\\/30\\\/licenciamento-2024-proprietarios-de-veiculos-com-placas-de-final-9-devem-pagar-taxa-hoje\"]}]},{\"@type\":\"ImageObject\",\"inLanguage\":\"pt-BR\",\"@id\":\"https:\\\/\\\/redenoticiaz.com.br\\\/litoralsp\\\/2024\\\/11\\\/30\\\/licenciamento-2024-proprietarios-de-veiculos-com-placas-de-final-9-devem-pagar-taxa-hoje#primaryimage\",\"url\":\"https:\\\/\\\/redenoticiaz.com.br\\\/litoralsp\\\/wp-content\\\/uploads\\\/sites\\\/3\\\/2023\\\/06\\\/2022-01-06t155235z_1_lynxmpei050mm_rtroptp_4_volkswagen-brazil.jpg?v=1687992109\",\"contentUrl\":\"https:\\\/\\\/redenoticiaz.com.br\\\/litoralsp\\\/wp-content\\\/uploads\\\/sites\\\/3\\\/2023\\\/06\\\/2022-01-06t155235z_1_lynxmpei050mm_rtroptp_4_volkswagen-brazil.jpg?v=1687992109\",\"width\":1170,\"height\":700,\"caption\":\"Volkswagen suspende produ\u00e7\u00e3o de carros no pa\u00eds\"},{\"@type\":\"WebSite\",\"@id\":\"https:\\\/\\\/redenoticiaz.com.br\\\/litoralsp\\\/#website\",\"url\":\"https:\\\/\\\/redenoticiaz.com.br\\\/litoralsp\\\/\",\"name\":\"Litoral SP\",\"description\":\"Rede NoticiaZ\",\"publisher\":{\"@id\":\"https:\\\/\\\/redenoticiaz.com.br\\\/litoralsp\\\/#organization\"},\"potentialAction\":[{\"@type\":\"SearchAction\",\"target\":{\"@type\":\"EntryPoint\",\"urlTemplate\":\"https:\\\/\\\/redenoticiaz.com.br\\\/litoralsp\\\/?s={search_term_string}\"},\"query-input\":{\"@type\":\"PropertyValueSpecification\",\"valueRequired\":true,\"valueName\":\"search_term_string\"}}],\"inLanguage\":\"pt-BR\"},{\"@type\":\"Organization\",\"@id\":\"https:\\\/\\\/redenoticiaz.com.br\\\/litoralsp\\\/#organization\",\"name\":\"Litoral SP\",\"url\":\"https:\\\/\\\/redenoticiaz.com.br\\\/litoralsp\\\/\",\"logo\":{\"@type\":\"ImageObject\",\"inLanguage\":\"pt-BR\",\"@id\":\"https:\\\/\\\/redenoticiaz.com.br\\\/litoralsp\\\/#\\\/schema\\\/logo\\\/image\\\/\",\"url\":\"https:\\\/\\\/redenoticiaz.com.br\\\/litoralsp\\\/wp-content\\\/uploads\\\/sites\\\/3\\\/2020\\\/11\\\/logo.jpg\",\"contentUrl\":\"https:\\\/\\\/redenoticiaz.com.br\\\/litoralsp\\\/wp-content\\\/uploads\\\/sites\\\/3\\\/2020\\\/11\\\/logo.jpg\",\"width\":400,\"height\":250,\"caption\":\"Litoral SP\"},\"image\":{\"@id\":\"https:\\\/\\\/redenoticiaz.com.br\\\/litoralsp\\\/#\\\/schema\\\/logo\\\/image\\\/\"}},{\"@type\":\"Person\",\"@id\":\"https:\\\/\\\/redenoticiaz.com.br\\\/litoralsp\\\/#\\\/schema\\\/person\\\/1f84d6e94e6a62d2d81199d7503e9e90\",\"name\":\"Carina Reifonas\",\"image\":{\"@type\":\"ImageObject\",\"inLanguage\":\"pt-BR\",\"@id\":\"https:\\\/\\\/secure.gravatar.com\\\/avatar\\\/04c59859b23696cf867715880f81d5c037e60109730bdb4e6670ec2a2245bc97?s=96&d=mm&r=g\",\"url\":\"https:\\\/\\\/secure.gravatar.com\\\/avatar\\\/04c59859b23696cf867715880f81d5c037e60109730bdb4e6670ec2a2245bc97?s=96&d=mm&r=g\",\"contentUrl\":\"https:\\\/\\\/secure.gravatar.com\\\/avatar\\\/04c59859b23696cf867715880f81d5c037e60109730bdb4e6670ec2a2245bc97?s=96&d=mm&r=g\",\"caption\":\"Carina Reifonas\"},\"url\":\"https:\\\/\\\/redenoticiaz.com.br\\\/litoralsp\\\/author\\\/carinareifonas\"}]}<\/script>\n<!-- \/ Yoast SEO plugin. -->","yoast_head_json":{"title":"Licenciamento 2024: propriet\u00e1rios de ve\u00edculos com placas de final 9 devem pagar a taxa - Litoral SP","description":"Ve\u00edculos com placas de final 9 devem ter o licenciamento realizado at\u00e9 este s\u00e1bado (30), quando se encerra o m\u00eas de novembro.","robots":{"index":"index","follow":"follow","max-snippet":"max-snippet:-1","max-image-preview":"max-image-preview:large","max-video-preview":"max-video-preview:-1"},"canonical":"https:\/\/redenoticiaz.com.br\/litoralsp\/2024\/11\/30\/licenciamento-2024-proprietarios-de-veiculos-com-placas-de-final-9-devem-pagar-taxa-hoje","og_locale":"pt_BR","og_type":"article","og_title":"Licenciamento 2024: propriet\u00e1rios de ve\u00edculos com placas de final 9 devem pagar a taxa - Litoral SP","og_description":"Ve\u00edculos com placas de final 9 devem ter o licenciamento realizado at\u00e9 este s\u00e1bado (30), quando se encerra o m\u00eas de novembro.","og_url":"https:\/\/redenoticiaz.com.br\/litoralsp\/2024\/11\/30\/licenciamento-2024-proprietarios-de-veiculos-com-placas-de-final-9-devem-pagar-taxa-hoje","og_site_name":"Litoral SP","article_published_time":"2024-11-30T16:00:26+00:00","article_modified_time":"2024-12-01T17:14:15+00:00","og_image":[{"width":1170,"height":700,"url":"https:\/\/redenoticiaz.com.br\/litoralsp\/wp-content\/uploads\/sites\/3\/2023\/06\/2022-01-06t155235z_1_lynxmpei050mm_rtroptp_4_volkswagen-brazil.jpg?v=1687992109","type":"image\/jpeg"}],"author":"Carina Reifonas","twitter_card":"summary_large_image","twitter_misc":{"Escrito por":"Carina Reifonas","Est. tempo de leitura":"3 minutos"},"schema":{"@context":"https:\/\/schema.org","@graph":[{"@type":"Article","@id":"https:\/\/redenoticiaz.com.br\/litoralsp\/2024\/11\/30\/licenciamento-2024-proprietarios-de-veiculos-com-placas-de-final-9-devem-pagar-taxa-hoje#article","isPartOf":{"@id":"https:\/\/redenoticiaz.com.br\/litoralsp\/2024\/11\/30\/licenciamento-2024-proprietarios-de-veiculos-com-placas-de-final-9-devem-pagar-taxa-hoje"},"author":{"name":"Carina Reifonas","@id":"https:\/\/redenoticiaz.com.br\/litoralsp\/#\/schema\/person\/1f84d6e94e6a62d2d81199d7503e9e90"},"headline":"Licenciamento 2024: propriet\u00e1rios de ve\u00edculos com placas de final 9 devem pagar a taxa","datePublished":"2024-11-30T16:00:26+00:00","dateModified":"2024-12-01T17:14:15+00:00","mainEntityOfPage":{"@id":"https:\/\/redenoticiaz.com.br\/litoralsp\/2024\/11\/30\/licenciamento-2024-proprietarios-de-veiculos-com-placas-de-final-9-devem-pagar-taxa-hoje"},"wordCount":476,"commentCount":0,"publisher":{"@id":"https:\/\/redenoticiaz.com.br\/litoralsp\/#organization"},"image":{"@id":"https:\/\/redenoticiaz.com.br\/litoralsp\/2024\/11\/30\/licenciamento-2024-proprietarios-de-veiculos-com-placas-de-final-9-devem-pagar-taxa-hoje#primaryimage"},"thumbnailUrl":"https:\/\/redenoticiaz.com.br\/litoralsp\/wp-content\/uploads\/sites\/3\/2023\/06\/2022-01-06t155235z_1_lynxmpei050mm_rtroptp_4_volkswagen-brazil.jpg?v=1687992109","keywords":["CALEND\u00c1RIO","LICENCIAMENTO","PLACAS"],"articleSection":["Garagem AZ"],"inLanguage":"pt-BR","potentialAction":[{"@type":"CommentAction","name":"Comment","target":["https:\/\/redenoticiaz.com.br\/litoralsp\/2024\/11\/30\/licenciamento-2024-proprietarios-de-veiculos-com-placas-de-final-9-devem-pagar-taxa-hoje#respond"]}]},{"@type":"WebPage","@id":"https:\/\/redenoticiaz.com.br\/litoralsp\/2024\/11\/30\/licenciamento-2024-proprietarios-de-veiculos-com-placas-de-final-9-devem-pagar-taxa-hoje","url":"https:\/\/redenoticiaz.com.br\/litoralsp\/2024\/11\/30\/licenciamento-2024-proprietarios-de-veiculos-com-placas-de-final-9-devem-pagar-taxa-hoje","name":"Licenciamento 2024: propriet\u00e1rios de ve\u00edculos com placas de final 9 devem pagar a taxa - Litoral SP","isPartOf":{"@id":"https:\/\/redenoticiaz.com.br\/litoralsp\/#website"},"primaryImageOfPage":{"@id":"https:\/\/redenoticiaz.com.br\/litoralsp\/2024\/11\/30\/licenciamento-2024-proprietarios-de-veiculos-com-placas-de-final-9-devem-pagar-taxa-hoje#primaryimage"},"image":{"@id":"https:\/\/redenoticiaz.com.br\/litoralsp\/2024\/11\/30\/licenciamento-2024-proprietarios-de-veiculos-com-placas-de-final-9-devem-pagar-taxa-hoje#primaryimage"},"thumbnailUrl":"https:\/\/redenoticiaz.com.br\/litoralsp\/wp-content\/uploads\/sites\/3\/2023\/06\/2022-01-06t155235z_1_lynxmpei050mm_rtroptp_4_volkswagen-brazil.jpg?v=1687992109","datePublished":"2024-11-30T16:00:26+00:00","dateModified":"2024-12-01T17:14:15+00:00","description":"Ve\u00edculos com placas de final 9 devem ter o licenciamento realizado at\u00e9 este s\u00e1bado (30), quando se encerra o m\u00eas de novembro.","inLanguage":"pt-BR","potentialAction":[{"@type":"ReadAction","target":["https:\/\/redenoticiaz.com.br\/litoralsp\/2024\/11\/30\/licenciamento-2024-proprietarios-de-veiculos-com-placas-de-final-9-devem-pagar-taxa-hoje"]}]},{"@type":"ImageObject","inLanguage":"pt-BR","@id":"https:\/\/redenoticiaz.com.br\/litoralsp\/2024\/11\/30\/licenciamento-2024-proprietarios-de-veiculos-com-placas-de-final-9-devem-pagar-taxa-hoje#primaryimage","url":"https:\/\/redenoticiaz.com.br\/litoralsp\/wp-content\/uploads\/sites\/3\/2023\/06\/2022-01-06t155235z_1_lynxmpei050mm_rtroptp_4_volkswagen-brazil.jpg?v=1687992109","contentUrl":"https:\/\/redenoticiaz.com.br\/litoralsp\/wp-content\/uploads\/sites\/3\/2023\/06\/2022-01-06t155235z_1_lynxmpei050mm_rtroptp_4_volkswagen-brazil.jpg?v=1687992109","width":1170,"height":700,"caption":"Volkswagen suspende produ\u00e7\u00e3o de carros no pa\u00eds"},{"@type":"WebSite","@id":"https:\/\/redenoticiaz.com.br\/litoralsp\/#website","url":"https:\/\/redenoticiaz.com.br\/litoralsp\/","name":"Litoral SP","description":"Rede NoticiaZ","publisher":{"@id":"https:\/\/redenoticiaz.com.br\/litoralsp\/#organization"},"potentialAction":[{"@type":"SearchAction","target":{"@type":"EntryPoint","urlTemplate":"https:\/\/redenoticiaz.com.br\/litoralsp\/?s={search_term_string}"},"query-input":{"@type":"PropertyValueSpecification","valueRequired":true,"valueName":"search_term_string"}}],"inLanguage":"pt-BR"},{"@type":"Organization","@id":"https:\/\/redenoticiaz.com.br\/litoralsp\/#organization","name":"Litoral SP","url":"https:\/\/redenoticiaz.com.br\/litoralsp\/","logo":{"@type":"ImageObject","inLanguage":"pt-BR","@id":"https:\/\/redenoticiaz.com.br\/litoralsp\/#\/schema\/logo\/image\/","url":"https:\/\/redenoticiaz.com.br\/litoralsp\/wp-content\/uploads\/sites\/3\/2020\/11\/logo.jpg","contentUrl":"https:\/\/redenoticiaz.com.br\/litoralsp\/wp-content\/uploads\/sites\/3\/2020\/11\/logo.jpg","width":400,"height":250,"caption":"Litoral SP"},"image":{"@id":"https:\/\/redenoticiaz.com.br\/litoralsp\/#\/schema\/logo\/image\/"}},{"@type":"Person","@id":"https:\/\/redenoticiaz.com.br\/litoralsp\/#\/schema\/person\/1f84d6e94e6a62d2d81199d7503e9e90","name":"Carina Reifonas","image":{"@type":"ImageObject","inLanguage":"pt-BR","@id":"https:\/\/secure.gravatar.com\/avatar\/04c59859b23696cf867715880f81d5c037e60109730bdb4e6670ec2a2245bc97?s=96&d=mm&r=g","url":"https:\/\/secure.gravatar.com\/avatar\/04c59859b23696cf867715880f81d5c037e60109730bdb4e6670ec2a2245bc97?s=96&d=mm&r=g","contentUrl":"https:\/\/secure.gravatar.com\/avatar\/04c59859b23696cf867715880f81d5c037e60109730bdb4e6670ec2a2245bc97?s=96&d=mm&r=g","caption":"Carina Reifonas"},"url":"https:\/\/redenoticiaz.com.br\/litoralsp\/author\/carinareifonas"}]}},"_links":{"self":[{"href":"https:\/\/redenoticiaz.com.br\/litoralsp\/wp-json\/wp\/v2\/posts\/119444","targetHints":{"allow":["GET"]}}],"collection":[{"href":"https:\/\/redenoticiaz.com.br\/litoralsp\/wp-json\/wp\/v2\/posts"}],"about":[{"href":"https:\/\/redenoticiaz.com.br\/litoralsp\/wp-json\/wp\/v2\/types\/post"}],"author":[{"embeddable":true,"href":"https:\/\/redenoticiaz.com.br\/litoralsp\/wp-json\/wp\/v2\/users\/30"}],"replies":[{"embeddable":true,"href":"https:\/\/redenoticiaz.com.br\/litoralsp\/wp-json\/wp\/v2\/comments?post=119444"}],"version-history":[{"count":2,"href":"https:\/\/redenoticiaz.com.br\/litoralsp\/wp-json\/wp\/v2\/posts\/119444\/revisions"}],"predecessor-version":[{"id":119532,"href":"https:\/\/redenoticiaz.com.br\/litoralsp\/wp-json\/wp\/v2\/posts\/119444\/revisions\/119532"}],"wp:featuredmedia":[{"embeddable":true,"href":"https:\/\/redenoticiaz.com.br\/litoralsp\/wp-json\/wp\/v2\/media\/107768"}],"wp:attachment":[{"href":"https:\/\/redenoticiaz.com.br\/litoralsp\/wp-json\/wp\/v2\/media?parent=119444"}],"wp:term":[{"taxonomy":"category","embeddable":true,"href":"https:\/\/redenoticiaz.com.br\/litoralsp\/wp-json\/wp\/v2\/categories?post=119444"},{"taxonomy":"post_tag","embeddable":true,"href":"https:\/\/redenoticiaz.com.br\/litoralsp\/wp-json\/wp\/v2\/tags?post=119444"}],"curies":[{"name":"wp","href":"https:\/\/api.w.org\/{rel}","templated":true}]}}