{"id":119470,"date":"2024-11-28T18:33:54","date_gmt":"2024-11-28T21:33:54","guid":{"rendered":"https:\/\/redenoticiaz.com.br\/litoralsp\/?p=119470"},"modified":"2024-11-28T17:55:23","modified_gmt":"2024-11-28T20:55:23","slug":"comercio-da-baixada-santista-funcionara-ate-meia-noite-para-as-festas-de-fim-de-ano","status":"publish","type":"post","link":"https:\/\/redenoticiaz.com.br\/litoralsp\/2024\/11\/28\/comercio-da-baixada-santista-funcionara-ate-meia-noite-para-as-festas-de-fim-de-ano","title":{"rendered":"Com\u00e9rcio da Baixada Santista funcionar\u00e1 at\u00e9 meia-noite para as festas de fim de ano"},"content":{"rendered":"<p>O com\u00e9rcio de Guaruj\u00e1 e de Vicente de Carvalho\u00a0j\u00e1 est\u00e1 funcionando com hor\u00e1rio de funcionamento estendido, por conta das festas de fim de ano.<\/p>\n<p>O Projeto de Lei Complementar (PLC) 329\/2024, de maio deste ano, estabelece hor\u00e1rio ampliado aos estabelecimentos: em vez de uma jornada entre 8 e 20 horas, \u00e9 poss\u00edvel funcionar das 8h \u00e0 meia-noite.<\/p>\n<p>Com isso, os comerciantes n\u00e3o precisam mais renovar o pedido anualmente, j\u00e1 que ele ocorrer\u00e1 de forma autom\u00e1tica.<\/p>\n<p>\u201cDe maneira ordenada, o principal objetivo \u00e9 que, ao atender um pedido dos comerciantes, vamos impactar positivamente na gera\u00e7\u00e3o de empregos e oportunidades no com\u00e9rcio da nossa Cidade, que \u00e9 t\u00e3o pujante\u201d, declara o prefeito.<\/p>\n<p>Leia mais<\/p>\n<p><a href=\"https:\/\/redenoticiaz.com.br\/litoralsp\/2024\/11\/28\/iel-oferece-mais-de-14-mil-vagas-de-emprego-para-candidatos-com-ensino-medio-e-tecnico\">IEL oferece mais de 1,4 mil vagas de emprego para candidatos com ensino m\u00e9dio e t\u00e9cnico<\/a><\/p>\n<p><a href=\"https:\/\/redenoticiaz.com.br\/litoralsp\/2024\/11\/28\/video-lobo-guara-e-flagrado-em-passeio-noturno-pelas-ruas-no-interior-de-sp\">V\u00cdDEO \u2014 Lobo-guar\u00e1 \u00e9 flagrado em passeio noturno pelas ruas no interior de SP<\/a><\/p>\n","protected":false},"excerpt":{"rendered":"<p>O com\u00e9rcio de Guaruj\u00e1 e de Vicente de Carvalho\u00a0j\u00e1 est\u00e1 funcionando com hor\u00e1rio de funcionamento estendido, por conta das festas de fim de ano. O Projeto de Lei Complementar (PLC) 329\/2024, de maio deste ano, estabelece hor\u00e1rio ampliado aos estabelecimentos: em vez de uma jornada entre 8 e 20 horas, \u00e9 poss\u00edvel funcionar das 8h &hellip;<\/p>\n","protected":false},"author":12,"featured_media":112572,"comment_status":"open","ping_status":"closed","sticky":false,"template":"","format":"standard","meta":{"footnotes":""},"categories":[97,187],"tags":[1148,100,6426],"class_list":["post-119470","post","type-post","status-publish","format-standard","has-post-thumbnail","hentry","category-economia","category-guaruja","tag-baixada-santista","tag-comercio","tag-guaruja-2"],"yoast_head":"<!-- This site is optimized with the Yoast SEO plugin v27.5 - https:\/\/yoast.com\/product\/yoast-seo-wordpress\/ -->\n<title>Com\u00e9rcio da Baixada Santista funcionar\u00e1 at\u00e9 meia-noite para as festas de fim de ano - Litoral SP<\/title>\n<meta name=\"description\" content=\"O com\u00e9rcio de Guaruj\u00e1 e de Vicente de Carvalho\u00a0j\u00e1 est\u00e1 funcionando com hor\u00e1rio de funcionamento estendido, por conta das festas de fim de ano.\" \/>\n<meta name=\"robots\" content=\"index, follow, max-snippet:-1, max-image-preview:large, max-video-preview:-1\" \/>\n<link rel=\"canonical\" href=\"https:\/\/redenoticiaz.com.br\/litoralsp\/2024\/11\/28\/comercio-da-baixada-santista-funcionara-ate-meia-noite-para-as-festas-de-fim-de-ano\" \/>\n<meta property=\"og:locale\" content=\"pt_BR\" \/>\n<meta property=\"og:type\" content=\"article\" \/>\n<meta property=\"og:title\" content=\"Com\u00e9rcio da Baixada Santista funcionar\u00e1 at\u00e9 meia-noite para as festas de fim de ano - Litoral SP\" \/>\n<meta property=\"og:description\" content=\"O com\u00e9rcio de Guaruj\u00e1 e de Vicente de Carvalho\u00a0j\u00e1 est\u00e1 funcionando com hor\u00e1rio de funcionamento estendido, por conta das festas de fim de ano.\" \/>\n<meta property=\"og:url\" content=\"https:\/\/redenoticiaz.com.br\/litoralsp\/2024\/11\/28\/comercio-da-baixada-santista-funcionara-ate-meia-noite-para-as-festas-de-fim-de-ano\" \/>\n<meta property=\"og:site_name\" content=\"Litoral SP\" \/>\n<meta property=\"article:published_time\" content=\"2024-11-28T21:33:54+00:00\" \/>\n<meta property=\"og:image\" content=\"https:\/\/redenoticiaz.com.br\/litoralsp\/wp-content\/uploads\/sites\/3\/2023\/12\/Compras-de-natal.jpg?v=1701465665\" \/>\n\t<meta property=\"og:image:width\" content=\"1280\" \/>\n\t<meta property=\"og:image:height\" content=\"1129\" \/>\n\t<meta property=\"og:image:type\" content=\"image\/jpeg\" \/>\n<meta name=\"author\" content=\"Gustavo Silva\" \/>\n<meta name=\"twitter:card\" content=\"summary_large_image\" \/>\n<meta name=\"twitter:label1\" content=\"Escrito por\" \/>\n\t<meta name=\"twitter:data1\" content=\"Gustavo Silva\" \/>\n\t<meta name=\"twitter:label2\" content=\"Est. tempo de leitura\" \/>\n\t<meta name=\"twitter:data2\" content=\"1 minuto\" \/>\n<script type=\"application\/ld+json\" class=\"yoast-schema-graph\">{\"@context\":\"https:\\\/\\\/schema.org\",\"@graph\":[{\"@type\":\"Article\",\"@id\":\"https:\\\/\\\/redenoticiaz.com.br\\\/litoralsp\\\/2024\\\/11\\\/28\\\/comercio-da-baixada-santista-funcionara-ate-meia-noite-para-as-festas-de-fim-de-ano#article\",\"isPartOf\":{\"@id\":\"https:\\\/\\\/redenoticiaz.com.br\\\/litoralsp\\\/2024\\\/11\\\/28\\\/comercio-da-baixada-santista-funcionara-ate-meia-noite-para-as-festas-de-fim-de-ano\"},\"author\":{\"name\":\"Gustavo Silva\",\"@id\":\"https:\\\/\\\/redenoticiaz.com.br\\\/litoralsp\\\/#\\\/schema\\\/person\\\/16057b37a3c0ee6b096d7f887c566e2e\"},\"headline\":\"Com\u00e9rcio da Baixada Santista funcionar\u00e1 at\u00e9 meia-noite para as festas de fim de ano\",\"datePublished\":\"2024-11-28T21:33:54+00:00\",\"mainEntityOfPage\":{\"@id\":\"https:\\\/\\\/redenoticiaz.com.br\\\/litoralsp\\\/2024\\\/11\\\/28\\\/comercio-da-baixada-santista-funcionara-ate-meia-noite-para-as-festas-de-fim-de-ano\"},\"wordCount\":160,\"commentCount\":0,\"publisher\":{\"@id\":\"https:\\\/\\\/redenoticiaz.com.br\\\/litoralsp\\\/#organization\"},\"image\":{\"@id\":\"https:\\\/\\\/redenoticiaz.com.br\\\/litoralsp\\\/2024\\\/11\\\/28\\\/comercio-da-baixada-santista-funcionara-ate-meia-noite-para-as-festas-de-fim-de-ano#primaryimage\"},\"thumbnailUrl\":\"https:\\\/\\\/redenoticiaz.com.br\\\/litoralsp\\\/wp-content\\\/uploads\\\/sites\\\/3\\\/2023\\\/12\\\/Compras-de-natal.jpg?v=1701465665\",\"keywords\":[\"BAIXADA SANTISTA\",\"com\u00e9rcio\",\"Guaruj\u00e1\"],\"articleSection\":[\"Economia\",\"Guaruj\u00e1\"],\"inLanguage\":\"pt-BR\",\"potentialAction\":[{\"@type\":\"CommentAction\",\"name\":\"Comment\",\"target\":[\"https:\\\/\\\/redenoticiaz.com.br\\\/litoralsp\\\/2024\\\/11\\\/28\\\/comercio-da-baixada-santista-funcionara-ate-meia-noite-para-as-festas-de-fim-de-ano#respond\"]}]},{\"@type\":\"WebPage\",\"@id\":\"https:\\\/\\\/redenoticiaz.com.br\\\/litoralsp\\\/2024\\\/11\\\/28\\\/comercio-da-baixada-santista-funcionara-ate-meia-noite-para-as-festas-de-fim-de-ano\",\"url\":\"https:\\\/\\\/redenoticiaz.com.br\\\/litoralsp\\\/2024\\\/11\\\/28\\\/comercio-da-baixada-santista-funcionara-ate-meia-noite-para-as-festas-de-fim-de-ano\",\"name\":\"Com\u00e9rcio da Baixada Santista funcionar\u00e1 at\u00e9 meia-noite para as festas de fim de ano - Litoral SP\",\"isPartOf\":{\"@id\":\"https:\\\/\\\/redenoticiaz.com.br\\\/litoralsp\\\/#website\"},\"primaryImageOfPage\":{\"@id\":\"https:\\\/\\\/redenoticiaz.com.br\\\/litoralsp\\\/2024\\\/11\\\/28\\\/comercio-da-baixada-santista-funcionara-ate-meia-noite-para-as-festas-de-fim-de-ano#primaryimage\"},\"image\":{\"@id\":\"https:\\\/\\\/redenoticiaz.com.br\\\/litoralsp\\\/2024\\\/11\\\/28\\\/comercio-da-baixada-santista-funcionara-ate-meia-noite-para-as-festas-de-fim-de-ano#primaryimage\"},\"thumbnailUrl\":\"https:\\\/\\\/redenoticiaz.com.br\\\/litoralsp\\\/wp-content\\\/uploads\\\/sites\\\/3\\\/2023\\\/12\\\/Compras-de-natal.jpg?v=1701465665\",\"datePublished\":\"2024-11-28T21:33:54+00:00\",\"description\":\"O com\u00e9rcio de Guaruj\u00e1 e de Vicente de Carvalho\u00a0j\u00e1 est\u00e1 funcionando com hor\u00e1rio de funcionamento estendido, por conta das festas de fim de ano.\",\"inLanguage\":\"pt-BR\",\"potentialAction\":[{\"@type\":\"ReadAction\",\"target\":[\"https:\\\/\\\/redenoticiaz.com.br\\\/litoralsp\\\/2024\\\/11\\\/28\\\/comercio-da-baixada-santista-funcionara-ate-meia-noite-para-as-festas-de-fim-de-ano\"]}]},{\"@type\":\"ImageObject\",\"inLanguage\":\"pt-BR\",\"@id\":\"https:\\\/\\\/redenoticiaz.com.br\\\/litoralsp\\\/2024\\\/11\\\/28\\\/comercio-da-baixada-santista-funcionara-ate-meia-noite-para-as-festas-de-fim-de-ano#primaryimage\",\"url\":\"https:\\\/\\\/redenoticiaz.com.br\\\/litoralsp\\\/wp-content\\\/uploads\\\/sites\\\/3\\\/2023\\\/12\\\/Compras-de-natal.jpg?v=1701465665\",\"contentUrl\":\"https:\\\/\\\/redenoticiaz.com.br\\\/litoralsp\\\/wp-content\\\/uploads\\\/sites\\\/3\\\/2023\\\/12\\\/Compras-de-natal.jpg?v=1701465665\",\"width\":1280,\"height\":1129,\"caption\":\"O Natal est\u00e1 chegando: cuidado com as compras por impulso\"},{\"@type\":\"WebSite\",\"@id\":\"https:\\\/\\\/redenoticiaz.com.br\\\/litoralsp\\\/#website\",\"url\":\"https:\\\/\\\/redenoticiaz.com.br\\\/litoralsp\\\/\",\"name\":\"Litoral SP\",\"description\":\"Rede NoticiaZ\",\"publisher\":{\"@id\":\"https:\\\/\\\/redenoticiaz.com.br\\\/litoralsp\\\/#organization\"},\"potentialAction\":[{\"@type\":\"SearchAction\",\"target\":{\"@type\":\"EntryPoint\",\"urlTemplate\":\"https:\\\/\\\/redenoticiaz.com.br\\\/litoralsp\\\/?s={search_term_string}\"},\"query-input\":{\"@type\":\"PropertyValueSpecification\",\"valueRequired\":true,\"valueName\":\"search_term_string\"}}],\"inLanguage\":\"pt-BR\"},{\"@type\":\"Organization\",\"@id\":\"https:\\\/\\\/redenoticiaz.com.br\\\/litoralsp\\\/#organization\",\"name\":\"Litoral SP\",\"url\":\"https:\\\/\\\/redenoticiaz.com.br\\\/litoralsp\\\/\",\"logo\":{\"@type\":\"ImageObject\",\"inLanguage\":\"pt-BR\",\"@id\":\"https:\\\/\\\/redenoticiaz.com.br\\\/litoralsp\\\/#\\\/schema\\\/logo\\\/image\\\/\",\"url\":\"https:\\\/\\\/redenoticiaz.com.br\\\/litoralsp\\\/wp-content\\\/uploads\\\/sites\\\/3\\\/2020\\\/11\\\/logo.jpg\",\"contentUrl\":\"https:\\\/\\\/redenoticiaz.com.br\\\/litoralsp\\\/wp-content\\\/uploads\\\/sites\\\/3\\\/2020\\\/11\\\/logo.jpg\",\"width\":400,\"height\":250,\"caption\":\"Litoral SP\"},\"image\":{\"@id\":\"https:\\\/\\\/redenoticiaz.com.br\\\/litoralsp\\\/#\\\/schema\\\/logo\\\/image\\\/\"}},{\"@type\":\"Person\",\"@id\":\"https:\\\/\\\/redenoticiaz.com.br\\\/litoralsp\\\/#\\\/schema\\\/person\\\/16057b37a3c0ee6b096d7f887c566e2e\",\"name\":\"Gustavo Silva\",\"image\":{\"@type\":\"ImageObject\",\"inLanguage\":\"pt-BR\",\"@id\":\"https:\\\/\\\/secure.gravatar.com\\\/avatar\\\/3ee4e82f93b26de0a7cf4ea5eb7893da637ed6bb0c9170c58065944c56e28a33?s=96&d=mm&r=g\",\"url\":\"https:\\\/\\\/secure.gravatar.com\\\/avatar\\\/3ee4e82f93b26de0a7cf4ea5eb7893da637ed6bb0c9170c58065944c56e28a33?s=96&d=mm&r=g\",\"contentUrl\":\"https:\\\/\\\/secure.gravatar.com\\\/avatar\\\/3ee4e82f93b26de0a7cf4ea5eb7893da637ed6bb0c9170c58065944c56e28a33?s=96&d=mm&r=g\",\"caption\":\"Gustavo Silva\"},\"url\":\"https:\\\/\\\/redenoticiaz.com.br\\\/litoralsp\\\/author\\\/gustavosilva\"}]}<\/script>\n<!-- \/ Yoast SEO plugin. -->","yoast_head_json":{"title":"Com\u00e9rcio da Baixada Santista funcionar\u00e1 at\u00e9 meia-noite para as festas de fim de ano - Litoral SP","description":"O com\u00e9rcio de Guaruj\u00e1 e de Vicente de Carvalho\u00a0j\u00e1 est\u00e1 funcionando com hor\u00e1rio de funcionamento estendido, por conta das festas de fim de ano.","robots":{"index":"index","follow":"follow","max-snippet":"max-snippet:-1","max-image-preview":"max-image-preview:large","max-video-preview":"max-video-preview:-1"},"canonical":"https:\/\/redenoticiaz.com.br\/litoralsp\/2024\/11\/28\/comercio-da-baixada-santista-funcionara-ate-meia-noite-para-as-festas-de-fim-de-ano","og_locale":"pt_BR","og_type":"article","og_title":"Com\u00e9rcio da Baixada Santista funcionar\u00e1 at\u00e9 meia-noite para as festas de fim de ano - Litoral SP","og_description":"O com\u00e9rcio de Guaruj\u00e1 e de Vicente de Carvalho\u00a0j\u00e1 est\u00e1 funcionando com hor\u00e1rio de funcionamento estendido, por conta das festas de fim de ano.","og_url":"https:\/\/redenoticiaz.com.br\/litoralsp\/2024\/11\/28\/comercio-da-baixada-santista-funcionara-ate-meia-noite-para-as-festas-de-fim-de-ano","og_site_name":"Litoral SP","article_published_time":"2024-11-28T21:33:54+00:00","og_image":[{"width":1280,"height":1129,"url":"https:\/\/redenoticiaz.com.br\/litoralsp\/wp-content\/uploads\/sites\/3\/2023\/12\/Compras-de-natal.jpg?v=1701465665","type":"image\/jpeg"}],"author":"Gustavo Silva","twitter_card":"summary_large_image","twitter_misc":{"Escrito por":"Gustavo Silva","Est. tempo de leitura":"1 minuto"},"schema":{"@context":"https:\/\/schema.org","@graph":[{"@type":"Article","@id":"https:\/\/redenoticiaz.com.br\/litoralsp\/2024\/11\/28\/comercio-da-baixada-santista-funcionara-ate-meia-noite-para-as-festas-de-fim-de-ano#article","isPartOf":{"@id":"https:\/\/redenoticiaz.com.br\/litoralsp\/2024\/11\/28\/comercio-da-baixada-santista-funcionara-ate-meia-noite-para-as-festas-de-fim-de-ano"},"author":{"name":"Gustavo Silva","@id":"https:\/\/redenoticiaz.com.br\/litoralsp\/#\/schema\/person\/16057b37a3c0ee6b096d7f887c566e2e"},"headline":"Com\u00e9rcio da Baixada Santista funcionar\u00e1 at\u00e9 meia-noite para as festas de fim de ano","datePublished":"2024-11-28T21:33:54+00:00","mainEntityOfPage":{"@id":"https:\/\/redenoticiaz.com.br\/litoralsp\/2024\/11\/28\/comercio-da-baixada-santista-funcionara-ate-meia-noite-para-as-festas-de-fim-de-ano"},"wordCount":160,"commentCount":0,"publisher":{"@id":"https:\/\/redenoticiaz.com.br\/litoralsp\/#organization"},"image":{"@id":"https:\/\/redenoticiaz.com.br\/litoralsp\/2024\/11\/28\/comercio-da-baixada-santista-funcionara-ate-meia-noite-para-as-festas-de-fim-de-ano#primaryimage"},"thumbnailUrl":"https:\/\/redenoticiaz.com.br\/litoralsp\/wp-content\/uploads\/sites\/3\/2023\/12\/Compras-de-natal.jpg?v=1701465665","keywords":["BAIXADA SANTISTA","com\u00e9rcio","Guaruj\u00e1"],"articleSection":["Economia","Guaruj\u00e1"],"inLanguage":"pt-BR","potentialAction":[{"@type":"CommentAction","name":"Comment","target":["https:\/\/redenoticiaz.com.br\/litoralsp\/2024\/11\/28\/comercio-da-baixada-santista-funcionara-ate-meia-noite-para-as-festas-de-fim-de-ano#respond"]}]},{"@type":"WebPage","@id":"https:\/\/redenoticiaz.com.br\/litoralsp\/2024\/11\/28\/comercio-da-baixada-santista-funcionara-ate-meia-noite-para-as-festas-de-fim-de-ano","url":"https:\/\/redenoticiaz.com.br\/litoralsp\/2024\/11\/28\/comercio-da-baixada-santista-funcionara-ate-meia-noite-para-as-festas-de-fim-de-ano","name":"Com\u00e9rcio da Baixada Santista funcionar\u00e1 at\u00e9 meia-noite para as festas de fim de ano - Litoral SP","isPartOf":{"@id":"https:\/\/redenoticiaz.com.br\/litoralsp\/#website"},"primaryImageOfPage":{"@id":"https:\/\/redenoticiaz.com.br\/litoralsp\/2024\/11\/28\/comercio-da-baixada-santista-funcionara-ate-meia-noite-para-as-festas-de-fim-de-ano#primaryimage"},"image":{"@id":"https:\/\/redenoticiaz.com.br\/litoralsp\/2024\/11\/28\/comercio-da-baixada-santista-funcionara-ate-meia-noite-para-as-festas-de-fim-de-ano#primaryimage"},"thumbnailUrl":"https:\/\/redenoticiaz.com.br\/litoralsp\/wp-content\/uploads\/sites\/3\/2023\/12\/Compras-de-natal.jpg?v=1701465665","datePublished":"2024-11-28T21:33:54+00:00","description":"O com\u00e9rcio de Guaruj\u00e1 e de Vicente de Carvalho\u00a0j\u00e1 est\u00e1 funcionando com hor\u00e1rio de funcionamento estendido, por conta das festas de fim de ano.","inLanguage":"pt-BR","potentialAction":[{"@type":"ReadAction","target":["https:\/\/redenoticiaz.com.br\/litoralsp\/2024\/11\/28\/comercio-da-baixada-santista-funcionara-ate-meia-noite-para-as-festas-de-fim-de-ano"]}]},{"@type":"ImageObject","inLanguage":"pt-BR","@id":"https:\/\/redenoticiaz.com.br\/litoralsp\/2024\/11\/28\/comercio-da-baixada-santista-funcionara-ate-meia-noite-para-as-festas-de-fim-de-ano#primaryimage","url":"https:\/\/redenoticiaz.com.br\/litoralsp\/wp-content\/uploads\/sites\/3\/2023\/12\/Compras-de-natal.jpg?v=1701465665","contentUrl":"https:\/\/redenoticiaz.com.br\/litoralsp\/wp-content\/uploads\/sites\/3\/2023\/12\/Compras-de-natal.jpg?v=1701465665","width":1280,"height":1129,"caption":"O Natal est\u00e1 chegando: cuidado com as compras por impulso"},{"@type":"WebSite","@id":"https:\/\/redenoticiaz.com.br\/litoralsp\/#website","url":"https:\/\/redenoticiaz.com.br\/litoralsp\/","name":"Litoral SP","description":"Rede NoticiaZ","publisher":{"@id":"https:\/\/redenoticiaz.com.br\/litoralsp\/#organization"},"potentialAction":[{"@type":"SearchAction","target":{"@type":"EntryPoint","urlTemplate":"https:\/\/redenoticiaz.com.br\/litoralsp\/?s={search_term_string}"},"query-input":{"@type":"PropertyValueSpecification","valueRequired":true,"valueName":"search_term_string"}}],"inLanguage":"pt-BR"},{"@type":"Organization","@id":"https:\/\/redenoticiaz.com.br\/litoralsp\/#organization","name":"Litoral SP","url":"https:\/\/redenoticiaz.com.br\/litoralsp\/","logo":{"@type":"ImageObject","inLanguage":"pt-BR","@id":"https:\/\/redenoticiaz.com.br\/litoralsp\/#\/schema\/logo\/image\/","url":"https:\/\/redenoticiaz.com.br\/litoralsp\/wp-content\/uploads\/sites\/3\/2020\/11\/logo.jpg","contentUrl":"https:\/\/redenoticiaz.com.br\/litoralsp\/wp-content\/uploads\/sites\/3\/2020\/11\/logo.jpg","width":400,"height":250,"caption":"Litoral SP"},"image":{"@id":"https:\/\/redenoticiaz.com.br\/litoralsp\/#\/schema\/logo\/image\/"}},{"@type":"Person","@id":"https:\/\/redenoticiaz.com.br\/litoralsp\/#\/schema\/person\/16057b37a3c0ee6b096d7f887c566e2e","name":"Gustavo Silva","image":{"@type":"ImageObject","inLanguage":"pt-BR","@id":"https:\/\/secure.gravatar.com\/avatar\/3ee4e82f93b26de0a7cf4ea5eb7893da637ed6bb0c9170c58065944c56e28a33?s=96&d=mm&r=g","url":"https:\/\/secure.gravatar.com\/avatar\/3ee4e82f93b26de0a7cf4ea5eb7893da637ed6bb0c9170c58065944c56e28a33?s=96&d=mm&r=g","contentUrl":"https:\/\/secure.gravatar.com\/avatar\/3ee4e82f93b26de0a7cf4ea5eb7893da637ed6bb0c9170c58065944c56e28a33?s=96&d=mm&r=g","caption":"Gustavo Silva"},"url":"https:\/\/redenoticiaz.com.br\/litoralsp\/author\/gustavosilva"}]}},"_links":{"self":[{"href":"https:\/\/redenoticiaz.com.br\/litoralsp\/wp-json\/wp\/v2\/posts\/119470","targetHints":{"allow":["GET"]}}],"collection":[{"href":"https:\/\/redenoticiaz.com.br\/litoralsp\/wp-json\/wp\/v2\/posts"}],"about":[{"href":"https:\/\/redenoticiaz.com.br\/litoralsp\/wp-json\/wp\/v2\/types\/post"}],"author":[{"embeddable":true,"href":"https:\/\/redenoticiaz.com.br\/litoralsp\/wp-json\/wp\/v2\/users\/12"}],"replies":[{"embeddable":true,"href":"https:\/\/redenoticiaz.com.br\/litoralsp\/wp-json\/wp\/v2\/comments?post=119470"}],"version-history":[{"count":1,"href":"https:\/\/redenoticiaz.com.br\/litoralsp\/wp-json\/wp\/v2\/posts\/119470\/revisions"}],"predecessor-version":[{"id":119471,"href":"https:\/\/redenoticiaz.com.br\/litoralsp\/wp-json\/wp\/v2\/posts\/119470\/revisions\/119471"}],"wp:featuredmedia":[{"embeddable":true,"href":"https:\/\/redenoticiaz.com.br\/litoralsp\/wp-json\/wp\/v2\/media\/112572"}],"wp:attachment":[{"href":"https:\/\/redenoticiaz.com.br\/litoralsp\/wp-json\/wp\/v2\/media?parent=119470"}],"wp:term":[{"taxonomy":"category","embeddable":true,"href":"https:\/\/redenoticiaz.com.br\/litoralsp\/wp-json\/wp\/v2\/categories?post=119470"},{"taxonomy":"post_tag","embeddable":true,"href":"https:\/\/redenoticiaz.com.br\/litoralsp\/wp-json\/wp\/v2\/tags?post=119470"}],"curies":[{"name":"wp","href":"https:\/\/api.w.org\/{rel}","templated":true}]}}