{"id":119584,"date":"2024-12-07T15:00:51","date_gmt":"2024-12-07T18:00:51","guid":{"rendered":"https:\/\/redenoticiaz.com.br\/litoralsp\/?p=119584"},"modified":"2024-12-04T17:34:20","modified_gmt":"2024-12-04T20:34:20","slug":"maioria-dos-municipios-paulistas-nao-estao-preparados-para-calamidades","status":"publish","type":"post","link":"https:\/\/redenoticiaz.com.br\/litoralsp\/2024\/12\/07\/maioria-dos-municipios-paulistas-nao-estao-preparados-para-calamidades","title":{"rendered":"Maioria dos munic\u00edpios paulistas n\u00e3o est\u00e3o preparados para calamidades"},"content":{"rendered":"<p>O governo de S\u00e3o Paulo informou nesta quarta-feira (4) que apenas 76 munic\u00edpios do estado est\u00e3o em condi\u00e7\u00f5es de enfrentar calamidades como enchentes. A parcela corresponde a 11,7% do total de cidades do estado, que \u00e9 de 645.<img decoding=\"async\" src=\"https:\/\/agenciabrasil.ebc.com.br\/ebc.png?id=1622408&amp;o=node\" \/><img decoding=\"async\" src=\"https:\/\/agenciabrasil.ebc.com.br\/ebc.gif?id=1622408&amp;o=node\" \/><\/p>\n<p>Segundo estudo da Confedera\u00e7\u00e3o Nacional de Munic\u00edpios (CNM), apenas dois em cada dez munic\u00edpios est\u00e3o preparados para enfrentar eventos clim\u00e1ticos extremos. O mesmo estudo que evidencia esse cen\u00e1rio mostra que 44% deles n\u00e3o possuem setor\/pessoal respons\u00e1vel pelo monitoramento de eventos clim\u00e1ticos e 57% n\u00e3o contam com um sistema de alerta para desastres.<\/p>\n<p>A entidade, que lidera a cria\u00e7\u00e3o de um Cons\u00f3rcio Nacional para Gest\u00e3o Clim\u00e1tica e Preven\u00e7\u00e3o de Desastres (Conclima), diz que medidas contra desastres dessa natureza s\u00e3o de responsabilidade da Uni\u00e3o, dos estados, do Distrito Federal e dos munic\u00edpios, que devem trabalhar conectados.<\/p>\n<p>Os dados foram divulgados durante an\u00fancio de investimentos de R$ 5,5 milh\u00f5es do governo do estado na contrata\u00e7\u00e3o de mecanismos capazes de mapear zonas de risco e na elabora\u00e7\u00e3o do Plano Estadual de Prote\u00e7\u00e3o e Defesa Civil, com o objetivo de encontrar solu\u00e7\u00f5es para desastres naturais de modo antecipado e r\u00e1pido. O plano foi anunciado no Pal\u00e1cio dos Bandeirantes, durante a divulga\u00e7\u00e3o do in\u00edcio da Opera\u00e7\u00e3o SP Sempre Alerta de Chuvas, que \u00e9 realizada entre 1\u00ba de dezembro e 31 de mar\u00e7o e refor\u00e7a medidas como os alertas.<\/p>\n<p>A Opera\u00e7\u00e3o SP Sempre Alerta de Chuvas designa uma \u00e9poca do ano em que \u00e9 implementado o monitoramento climatol\u00f3gico ininterrupto, ou seja, 24 horas, e na qual equipes emitem mais alertas e realizam vistorias de campo. As a\u00e7\u00f5es educativas, de orienta\u00e7\u00e3o \u00e0 popula\u00e7\u00e3o, tamb\u00e9m s\u00e3o redobradas, com a veicula\u00e7\u00e3o de materiais pela TV, pelo r\u00e1dio, outdoor, panfletos e faixas.<\/p>\n<h2>Investimentos<\/h2>\n<p>O conjunto de a\u00e7\u00f5es soma investimentos de R$ 64,3 milh\u00f5es. No \u00e2mbito da opera\u00e7\u00e3o, o governo deve colocar em funcionamento novos radares meteorol\u00f3gicos, sendo um deles da Universidade Estadual de Campinas (Unicamp), comprado por R$ 4,4 milh\u00f5es. As imagens ser\u00e3o transmitidas \u00e0s autoridades a partir de S\u00e3o Jos\u00e9 dos Campos. O governo tamb\u00e9m informou a compra de tr\u00eas novos radares que foram custeados pelo Fundo Estadual de Recursos H\u00eddricos (Fehidro).<\/p>\n<p>Do montante anunciado, R$ 21,1 milh\u00f5es foram destinados a 24 obras de reconstru\u00e7\u00e3o de moradias e outras edifica\u00e7\u00f5es de comunidades que perderam tudo em desastres. Outro valor mencionado foram os R$ 12,6 milh\u00f5es reservados para a prepara\u00e7\u00e3o de defesas civis municipais.<\/p>\n<p>O governo tamb\u00e9m disse que pretende criar o Curso T\u00e9cnico de Agente de Prote\u00e7\u00e3o e Defesa Civil. A previs\u00e3o \u00e9 de que seja lan\u00e7ado no segundo semestre de 2025 e que as aulas sejam ministradas em duas unidades piloto do Centro Paula Souza.<\/p>\n<p>Leia mais<\/p>\n<p><a href=\"https:\/\/redenoticiaz.com.br\/blog\/2024\/12\/04\/ibge-pobreza-e-extrema-pobreza-atingem-menor-nivel-no-pais-desde-2012\">IBGE: pobreza e extrema pobreza atingem menor n\u00edvel no pa\u00eds desde 2012<\/a><\/p>\n<p><a href=\"https:\/\/redenoticiaz.com.br\/blog\/2024\/12\/04\/com-chuvas-lagos-do-espaco-das-aguas-transbordam-e-local-e-interditado\">Com chuvas, lagos do Espa\u00e7o das \u00c1guas transbordam e local \u00e9 interditado<\/a><\/p>\n","protected":false},"excerpt":{"rendered":"<p>O governo de S\u00e3o Paulo informou nesta quarta-feira (4) que apenas 76 munic\u00edpios do estado est\u00e3o em condi\u00e7\u00f5es de enfrentar calamidades como enchentes. A parcela corresponde a 11,7% do total de cidades do estado, que \u00e9 de 645. Segundo estudo da Confedera\u00e7\u00e3o Nacional de Munic\u00edpios (CNM), apenas dois em cada dez munic\u00edpios est\u00e3o preparados para &hellip;<\/p>\n","protected":false},"author":12,"featured_media":119585,"comment_status":"open","ping_status":"closed","sticky":false,"template":"","format":"standard","meta":{"footnotes":""},"categories":[26798],"tags":[5424,1149,2151],"class_list":["post-119584","post","type-post","status-publish","format-standard","has-post-thumbnail","hentry","category-climatologia","tag-alagamentos","tag-chuvas","tag-ibge"],"yoast_head":"<!-- This site is optimized with the Yoast SEO plugin v27.4 - https:\/\/yoast.com\/product\/yoast-seo-wordpress\/ -->\n<title>Maioria dos munic\u00edpios paulistas n\u00e3o est\u00e3o preparados para calamidades - Litoral SP<\/title>\n<meta name=\"description\" content=\"O governo de S\u00e3o Paulo informou nesta quarta-feira (4) que apenas 76 munic\u00edpios do estado est\u00e3o em condi\u00e7\u00f5es de enfrentar calamidades como enchentes.\" \/>\n<meta name=\"robots\" content=\"index, follow, max-snippet:-1, max-image-preview:large, max-video-preview:-1\" \/>\n<link rel=\"canonical\" href=\"https:\/\/redenoticiaz.com.br\/litoralsp\/2024\/12\/07\/maioria-dos-municipios-paulistas-nao-estao-preparados-para-calamidades\" \/>\n<meta property=\"og:locale\" content=\"pt_BR\" \/>\n<meta property=\"og:type\" content=\"article\" \/>\n<meta property=\"og:title\" content=\"Maioria dos munic\u00edpios paulistas n\u00e3o est\u00e3o preparados para calamidades - Litoral SP\" \/>\n<meta property=\"og:description\" content=\"O governo de S\u00e3o Paulo informou nesta quarta-feira (4) que apenas 76 munic\u00edpios do estado est\u00e3o em condi\u00e7\u00f5es de enfrentar calamidades como enchentes.\" \/>\n<meta property=\"og:url\" content=\"https:\/\/redenoticiaz.com.br\/litoralsp\/2024\/12\/07\/maioria-dos-municipios-paulistas-nao-estao-preparados-para-calamidades\" \/>\n<meta property=\"og:site_name\" content=\"Litoral SP\" \/>\n<meta property=\"article:published_time\" content=\"2024-12-07T18:00:51+00:00\" \/>\n<meta property=\"og:image\" content=\"https:\/\/redenoticiaz.com.br\/litoralsp\/wp-content\/uploads\/sites\/3\/2024\/12\/Top-Marginal-17-1536x1017-1.jpg?v=1689704531\" \/>\n\t<meta property=\"og:image:width\" content=\"1536\" \/>\n\t<meta property=\"og:image:height\" content=\"1017\" \/>\n\t<meta property=\"og:image:type\" content=\"image\/jpeg\" \/>\n<meta name=\"author\" content=\"Gustavo Silva\" \/>\n<meta name=\"twitter:card\" content=\"summary_large_image\" \/>\n<meta name=\"twitter:label1\" content=\"Escrito por\" \/>\n\t<meta name=\"twitter:data1\" content=\"Gustavo Silva\" \/>\n\t<meta name=\"twitter:label2\" content=\"Est. tempo de leitura\" \/>\n\t<meta name=\"twitter:data2\" content=\"4 minutos\" \/>\n<script type=\"application\/ld+json\" class=\"yoast-schema-graph\">{\"@context\":\"https:\\\/\\\/schema.org\",\"@graph\":[{\"@type\":\"Article\",\"@id\":\"https:\\\/\\\/redenoticiaz.com.br\\\/litoralsp\\\/2024\\\/12\\\/07\\\/maioria-dos-municipios-paulistas-nao-estao-preparados-para-calamidades#article\",\"isPartOf\":{\"@id\":\"https:\\\/\\\/redenoticiaz.com.br\\\/litoralsp\\\/2024\\\/12\\\/07\\\/maioria-dos-municipios-paulistas-nao-estao-preparados-para-calamidades\"},\"author\":{\"name\":\"Gustavo Silva\",\"@id\":\"https:\\\/\\\/redenoticiaz.com.br\\\/litoralsp\\\/#\\\/schema\\\/person\\\/16057b37a3c0ee6b096d7f887c566e2e\"},\"headline\":\"Maioria dos munic\u00edpios paulistas n\u00e3o est\u00e3o preparados para calamidades\",\"datePublished\":\"2024-12-07T18:00:51+00:00\",\"mainEntityOfPage\":{\"@id\":\"https:\\\/\\\/redenoticiaz.com.br\\\/litoralsp\\\/2024\\\/12\\\/07\\\/maioria-dos-municipios-paulistas-nao-estao-preparados-para-calamidades\"},\"wordCount\":517,\"commentCount\":0,\"publisher\":{\"@id\":\"https:\\\/\\\/redenoticiaz.com.br\\\/litoralsp\\\/#organization\"},\"image\":{\"@id\":\"https:\\\/\\\/redenoticiaz.com.br\\\/litoralsp\\\/2024\\\/12\\\/07\\\/maioria-dos-municipios-paulistas-nao-estao-preparados-para-calamidades#primaryimage\"},\"thumbnailUrl\":\"https:\\\/\\\/redenoticiaz.com.br\\\/litoralsp\\\/wp-content\\\/uploads\\\/sites\\\/3\\\/2024\\\/12\\\/Top-Marginal-17-1536x1017-1.jpg?v=1689704531\",\"keywords\":[\"ALAGAMENTOS\",\"Chuvas\",\"IBGE\"],\"articleSection\":[\"Climatologia\"],\"inLanguage\":\"pt-BR\",\"potentialAction\":[{\"@type\":\"CommentAction\",\"name\":\"Comment\",\"target\":[\"https:\\\/\\\/redenoticiaz.com.br\\\/litoralsp\\\/2024\\\/12\\\/07\\\/maioria-dos-municipios-paulistas-nao-estao-preparados-para-calamidades#respond\"]}]},{\"@type\":\"WebPage\",\"@id\":\"https:\\\/\\\/redenoticiaz.com.br\\\/litoralsp\\\/2024\\\/12\\\/07\\\/maioria-dos-municipios-paulistas-nao-estao-preparados-para-calamidades\",\"url\":\"https:\\\/\\\/redenoticiaz.com.br\\\/litoralsp\\\/2024\\\/12\\\/07\\\/maioria-dos-municipios-paulistas-nao-estao-preparados-para-calamidades\",\"name\":\"Maioria dos munic\u00edpios paulistas n\u00e3o est\u00e3o preparados para calamidades - Litoral SP\",\"isPartOf\":{\"@id\":\"https:\\\/\\\/redenoticiaz.com.br\\\/litoralsp\\\/#website\"},\"primaryImageOfPage\":{\"@id\":\"https:\\\/\\\/redenoticiaz.com.br\\\/litoralsp\\\/2024\\\/12\\\/07\\\/maioria-dos-municipios-paulistas-nao-estao-preparados-para-calamidades#primaryimage\"},\"image\":{\"@id\":\"https:\\\/\\\/redenoticiaz.com.br\\\/litoralsp\\\/2024\\\/12\\\/07\\\/maioria-dos-municipios-paulistas-nao-estao-preparados-para-calamidades#primaryimage\"},\"thumbnailUrl\":\"https:\\\/\\\/redenoticiaz.com.br\\\/litoralsp\\\/wp-content\\\/uploads\\\/sites\\\/3\\\/2024\\\/12\\\/Top-Marginal-17-1536x1017-1.jpg?v=1689704531\",\"datePublished\":\"2024-12-07T18:00:51+00:00\",\"description\":\"O governo de S\u00e3o Paulo informou nesta quarta-feira (4) que apenas 76 munic\u00edpios do estado est\u00e3o em condi\u00e7\u00f5es de enfrentar calamidades como enchentes.\",\"inLanguage\":\"pt-BR\",\"potentialAction\":[{\"@type\":\"ReadAction\",\"target\":[\"https:\\\/\\\/redenoticiaz.com.br\\\/litoralsp\\\/2024\\\/12\\\/07\\\/maioria-dos-municipios-paulistas-nao-estao-preparados-para-calamidades\"]}]},{\"@type\":\"ImageObject\",\"inLanguage\":\"pt-BR\",\"@id\":\"https:\\\/\\\/redenoticiaz.com.br\\\/litoralsp\\\/2024\\\/12\\\/07\\\/maioria-dos-municipios-paulistas-nao-estao-preparados-para-calamidades#primaryimage\",\"url\":\"https:\\\/\\\/redenoticiaz.com.br\\\/litoralsp\\\/wp-content\\\/uploads\\\/sites\\\/3\\\/2024\\\/12\\\/Top-Marginal-17-1536x1017-1.jpg?v=1689704531\",\"contentUrl\":\"https:\\\/\\\/redenoticiaz.com.br\\\/litoralsp\\\/wp-content\\\/uploads\\\/sites\\\/3\\\/2024\\\/12\\\/Top-Marginal-17-1536x1017-1.jpg?v=1689704531\",\"width\":1536,\"height\":1017},{\"@type\":\"WebSite\",\"@id\":\"https:\\\/\\\/redenoticiaz.com.br\\\/litoralsp\\\/#website\",\"url\":\"https:\\\/\\\/redenoticiaz.com.br\\\/litoralsp\\\/\",\"name\":\"Litoral SP\",\"description\":\"Rede NoticiaZ\",\"publisher\":{\"@id\":\"https:\\\/\\\/redenoticiaz.com.br\\\/litoralsp\\\/#organization\"},\"potentialAction\":[{\"@type\":\"SearchAction\",\"target\":{\"@type\":\"EntryPoint\",\"urlTemplate\":\"https:\\\/\\\/redenoticiaz.com.br\\\/litoralsp\\\/?s={search_term_string}\"},\"query-input\":{\"@type\":\"PropertyValueSpecification\",\"valueRequired\":true,\"valueName\":\"search_term_string\"}}],\"inLanguage\":\"pt-BR\"},{\"@type\":\"Organization\",\"@id\":\"https:\\\/\\\/redenoticiaz.com.br\\\/litoralsp\\\/#organization\",\"name\":\"Litoral SP\",\"url\":\"https:\\\/\\\/redenoticiaz.com.br\\\/litoralsp\\\/\",\"logo\":{\"@type\":\"ImageObject\",\"inLanguage\":\"pt-BR\",\"@id\":\"https:\\\/\\\/redenoticiaz.com.br\\\/litoralsp\\\/#\\\/schema\\\/logo\\\/image\\\/\",\"url\":\"https:\\\/\\\/redenoticiaz.com.br\\\/litoralsp\\\/wp-content\\\/uploads\\\/sites\\\/3\\\/2020\\\/11\\\/logo.jpg\",\"contentUrl\":\"https:\\\/\\\/redenoticiaz.com.br\\\/litoralsp\\\/wp-content\\\/uploads\\\/sites\\\/3\\\/2020\\\/11\\\/logo.jpg\",\"width\":400,\"height\":250,\"caption\":\"Litoral SP\"},\"image\":{\"@id\":\"https:\\\/\\\/redenoticiaz.com.br\\\/litoralsp\\\/#\\\/schema\\\/logo\\\/image\\\/\"}},{\"@type\":\"Person\",\"@id\":\"https:\\\/\\\/redenoticiaz.com.br\\\/litoralsp\\\/#\\\/schema\\\/person\\\/16057b37a3c0ee6b096d7f887c566e2e\",\"name\":\"Gustavo Silva\",\"image\":{\"@type\":\"ImageObject\",\"inLanguage\":\"pt-BR\",\"@id\":\"https:\\\/\\\/secure.gravatar.com\\\/avatar\\\/3ee4e82f93b26de0a7cf4ea5eb7893da637ed6bb0c9170c58065944c56e28a33?s=96&d=mm&r=g\",\"url\":\"https:\\\/\\\/secure.gravatar.com\\\/avatar\\\/3ee4e82f93b26de0a7cf4ea5eb7893da637ed6bb0c9170c58065944c56e28a33?s=96&d=mm&r=g\",\"contentUrl\":\"https:\\\/\\\/secure.gravatar.com\\\/avatar\\\/3ee4e82f93b26de0a7cf4ea5eb7893da637ed6bb0c9170c58065944c56e28a33?s=96&d=mm&r=g\",\"caption\":\"Gustavo Silva\"},\"url\":\"https:\\\/\\\/redenoticiaz.com.br\\\/litoralsp\\\/author\\\/gustavosilva\"}]}<\/script>\n<!-- \/ Yoast SEO plugin. -->","yoast_head_json":{"title":"Maioria dos munic\u00edpios paulistas n\u00e3o est\u00e3o preparados para calamidades - Litoral SP","description":"O governo de S\u00e3o Paulo informou nesta quarta-feira (4) que apenas 76 munic\u00edpios do estado est\u00e3o em condi\u00e7\u00f5es de enfrentar calamidades como enchentes.","robots":{"index":"index","follow":"follow","max-snippet":"max-snippet:-1","max-image-preview":"max-image-preview:large","max-video-preview":"max-video-preview:-1"},"canonical":"https:\/\/redenoticiaz.com.br\/litoralsp\/2024\/12\/07\/maioria-dos-municipios-paulistas-nao-estao-preparados-para-calamidades","og_locale":"pt_BR","og_type":"article","og_title":"Maioria dos munic\u00edpios paulistas n\u00e3o est\u00e3o preparados para calamidades - Litoral SP","og_description":"O governo de S\u00e3o Paulo informou nesta quarta-feira (4) que apenas 76 munic\u00edpios do estado est\u00e3o em condi\u00e7\u00f5es de enfrentar calamidades como enchentes.","og_url":"https:\/\/redenoticiaz.com.br\/litoralsp\/2024\/12\/07\/maioria-dos-municipios-paulistas-nao-estao-preparados-para-calamidades","og_site_name":"Litoral SP","article_published_time":"2024-12-07T18:00:51+00:00","og_image":[{"width":1536,"height":1017,"url":"https:\/\/redenoticiaz.com.br\/litoralsp\/wp-content\/uploads\/sites\/3\/2024\/12\/Top-Marginal-17-1536x1017-1.jpg?v=1689704531","type":"image\/jpeg"}],"author":"Gustavo Silva","twitter_card":"summary_large_image","twitter_misc":{"Escrito por":"Gustavo Silva","Est. tempo de leitura":"4 minutos"},"schema":{"@context":"https:\/\/schema.org","@graph":[{"@type":"Article","@id":"https:\/\/redenoticiaz.com.br\/litoralsp\/2024\/12\/07\/maioria-dos-municipios-paulistas-nao-estao-preparados-para-calamidades#article","isPartOf":{"@id":"https:\/\/redenoticiaz.com.br\/litoralsp\/2024\/12\/07\/maioria-dos-municipios-paulistas-nao-estao-preparados-para-calamidades"},"author":{"name":"Gustavo Silva","@id":"https:\/\/redenoticiaz.com.br\/litoralsp\/#\/schema\/person\/16057b37a3c0ee6b096d7f887c566e2e"},"headline":"Maioria dos munic\u00edpios paulistas n\u00e3o est\u00e3o preparados para calamidades","datePublished":"2024-12-07T18:00:51+00:00","mainEntityOfPage":{"@id":"https:\/\/redenoticiaz.com.br\/litoralsp\/2024\/12\/07\/maioria-dos-municipios-paulistas-nao-estao-preparados-para-calamidades"},"wordCount":517,"commentCount":0,"publisher":{"@id":"https:\/\/redenoticiaz.com.br\/litoralsp\/#organization"},"image":{"@id":"https:\/\/redenoticiaz.com.br\/litoralsp\/2024\/12\/07\/maioria-dos-municipios-paulistas-nao-estao-preparados-para-calamidades#primaryimage"},"thumbnailUrl":"https:\/\/redenoticiaz.com.br\/litoralsp\/wp-content\/uploads\/sites\/3\/2024\/12\/Top-Marginal-17-1536x1017-1.jpg?v=1689704531","keywords":["ALAGAMENTOS","Chuvas","IBGE"],"articleSection":["Climatologia"],"inLanguage":"pt-BR","potentialAction":[{"@type":"CommentAction","name":"Comment","target":["https:\/\/redenoticiaz.com.br\/litoralsp\/2024\/12\/07\/maioria-dos-municipios-paulistas-nao-estao-preparados-para-calamidades#respond"]}]},{"@type":"WebPage","@id":"https:\/\/redenoticiaz.com.br\/litoralsp\/2024\/12\/07\/maioria-dos-municipios-paulistas-nao-estao-preparados-para-calamidades","url":"https:\/\/redenoticiaz.com.br\/litoralsp\/2024\/12\/07\/maioria-dos-municipios-paulistas-nao-estao-preparados-para-calamidades","name":"Maioria dos munic\u00edpios paulistas n\u00e3o est\u00e3o preparados para calamidades - Litoral SP","isPartOf":{"@id":"https:\/\/redenoticiaz.com.br\/litoralsp\/#website"},"primaryImageOfPage":{"@id":"https:\/\/redenoticiaz.com.br\/litoralsp\/2024\/12\/07\/maioria-dos-municipios-paulistas-nao-estao-preparados-para-calamidades#primaryimage"},"image":{"@id":"https:\/\/redenoticiaz.com.br\/litoralsp\/2024\/12\/07\/maioria-dos-municipios-paulistas-nao-estao-preparados-para-calamidades#primaryimage"},"thumbnailUrl":"https:\/\/redenoticiaz.com.br\/litoralsp\/wp-content\/uploads\/sites\/3\/2024\/12\/Top-Marginal-17-1536x1017-1.jpg?v=1689704531","datePublished":"2024-12-07T18:00:51+00:00","description":"O governo de S\u00e3o Paulo informou nesta quarta-feira (4) que apenas 76 munic\u00edpios do estado est\u00e3o em condi\u00e7\u00f5es de enfrentar calamidades como enchentes.","inLanguage":"pt-BR","potentialAction":[{"@type":"ReadAction","target":["https:\/\/redenoticiaz.com.br\/litoralsp\/2024\/12\/07\/maioria-dos-municipios-paulistas-nao-estao-preparados-para-calamidades"]}]},{"@type":"ImageObject","inLanguage":"pt-BR","@id":"https:\/\/redenoticiaz.com.br\/litoralsp\/2024\/12\/07\/maioria-dos-municipios-paulistas-nao-estao-preparados-para-calamidades#primaryimage","url":"https:\/\/redenoticiaz.com.br\/litoralsp\/wp-content\/uploads\/sites\/3\/2024\/12\/Top-Marginal-17-1536x1017-1.jpg?v=1689704531","contentUrl":"https:\/\/redenoticiaz.com.br\/litoralsp\/wp-content\/uploads\/sites\/3\/2024\/12\/Top-Marginal-17-1536x1017-1.jpg?v=1689704531","width":1536,"height":1017},{"@type":"WebSite","@id":"https:\/\/redenoticiaz.com.br\/litoralsp\/#website","url":"https:\/\/redenoticiaz.com.br\/litoralsp\/","name":"Litoral SP","description":"Rede NoticiaZ","publisher":{"@id":"https:\/\/redenoticiaz.com.br\/litoralsp\/#organization"},"potentialAction":[{"@type":"SearchAction","target":{"@type":"EntryPoint","urlTemplate":"https:\/\/redenoticiaz.com.br\/litoralsp\/?s={search_term_string}"},"query-input":{"@type":"PropertyValueSpecification","valueRequired":true,"valueName":"search_term_string"}}],"inLanguage":"pt-BR"},{"@type":"Organization","@id":"https:\/\/redenoticiaz.com.br\/litoralsp\/#organization","name":"Litoral SP","url":"https:\/\/redenoticiaz.com.br\/litoralsp\/","logo":{"@type":"ImageObject","inLanguage":"pt-BR","@id":"https:\/\/redenoticiaz.com.br\/litoralsp\/#\/schema\/logo\/image\/","url":"https:\/\/redenoticiaz.com.br\/litoralsp\/wp-content\/uploads\/sites\/3\/2020\/11\/logo.jpg","contentUrl":"https:\/\/redenoticiaz.com.br\/litoralsp\/wp-content\/uploads\/sites\/3\/2020\/11\/logo.jpg","width":400,"height":250,"caption":"Litoral SP"},"image":{"@id":"https:\/\/redenoticiaz.com.br\/litoralsp\/#\/schema\/logo\/image\/"}},{"@type":"Person","@id":"https:\/\/redenoticiaz.com.br\/litoralsp\/#\/schema\/person\/16057b37a3c0ee6b096d7f887c566e2e","name":"Gustavo Silva","image":{"@type":"ImageObject","inLanguage":"pt-BR","@id":"https:\/\/secure.gravatar.com\/avatar\/3ee4e82f93b26de0a7cf4ea5eb7893da637ed6bb0c9170c58065944c56e28a33?s=96&d=mm&r=g","url":"https:\/\/secure.gravatar.com\/avatar\/3ee4e82f93b26de0a7cf4ea5eb7893da637ed6bb0c9170c58065944c56e28a33?s=96&d=mm&r=g","contentUrl":"https:\/\/secure.gravatar.com\/avatar\/3ee4e82f93b26de0a7cf4ea5eb7893da637ed6bb0c9170c58065944c56e28a33?s=96&d=mm&r=g","caption":"Gustavo Silva"},"url":"https:\/\/redenoticiaz.com.br\/litoralsp\/author\/gustavosilva"}]}},"_links":{"self":[{"href":"https:\/\/redenoticiaz.com.br\/litoralsp\/wp-json\/wp\/v2\/posts\/119584","targetHints":{"allow":["GET"]}}],"collection":[{"href":"https:\/\/redenoticiaz.com.br\/litoralsp\/wp-json\/wp\/v2\/posts"}],"about":[{"href":"https:\/\/redenoticiaz.com.br\/litoralsp\/wp-json\/wp\/v2\/types\/post"}],"author":[{"embeddable":true,"href":"https:\/\/redenoticiaz.com.br\/litoralsp\/wp-json\/wp\/v2\/users\/12"}],"replies":[{"embeddable":true,"href":"https:\/\/redenoticiaz.com.br\/litoralsp\/wp-json\/wp\/v2\/comments?post=119584"}],"version-history":[{"count":1,"href":"https:\/\/redenoticiaz.com.br\/litoralsp\/wp-json\/wp\/v2\/posts\/119584\/revisions"}],"predecessor-version":[{"id":119638,"href":"https:\/\/redenoticiaz.com.br\/litoralsp\/wp-json\/wp\/v2\/posts\/119584\/revisions\/119638"}],"wp:featuredmedia":[{"embeddable":true,"href":"https:\/\/redenoticiaz.com.br\/litoralsp\/wp-json\/wp\/v2\/media\/119585"}],"wp:attachment":[{"href":"https:\/\/redenoticiaz.com.br\/litoralsp\/wp-json\/wp\/v2\/media?parent=119584"}],"wp:term":[{"taxonomy":"category","embeddable":true,"href":"https:\/\/redenoticiaz.com.br\/litoralsp\/wp-json\/wp\/v2\/categories?post=119584"},{"taxonomy":"post_tag","embeddable":true,"href":"https:\/\/redenoticiaz.com.br\/litoralsp\/wp-json\/wp\/v2\/tags?post=119584"}],"curies":[{"name":"wp","href":"https:\/\/api.w.org\/{rel}","templated":true}]}}