{"id":119606,"date":"2024-12-06T11:42:08","date_gmt":"2024-12-06T14:42:08","guid":{"rendered":"https:\/\/redenoticiaz.com.br\/litoralsp\/2024\/12\/06\/governo-federal-autoriza-concurso-publico-da-policia-federal"},"modified":"2024-12-06T11:42:08","modified_gmt":"2024-12-06T14:42:08","slug":"governo-federal-autoriza-concurso-publico-da-policia-federal","status":"publish","type":"post","link":"https:\/\/redenoticiaz.com.br\/litoralsp\/2024\/12\/06\/governo-federal-autoriza-concurso-publico-da-policia-federal","title":{"rendered":"Governo Federal autoriza concurso p\u00fablico da Pol\u00edcia Federal"},"content":{"rendered":"<div class=\"flex max-w-full flex-col flex-grow\">\n<div class=\"min-h-8 text-message flex w-full flex-col items-end gap-2 whitespace-normal break-words text-start [.text-message+&amp;]:mt-5\" dir=\"auto\" data-message-author-role=\"assistant\" data-message-id=\"3936a78b-a71a-4d1c-af8c-113902bacd67\" data-message-model-slug=\"gpt-4o\">\n<div class=\"flex w-full flex-col gap-1 empty:hidden first:pt-[3px]\">\n<div class=\"markdown prose w-full break-words dark:prose-invert light\">\n<p>O governo federal autorizou nesta sexta-feira (6) a realiza\u00e7\u00e3o de um novo concurso p\u00fablico para a Pol\u00edcia Federal (PF), com 192 vagas distribu\u00eddas entre cargos administrativos e t\u00e9cnicos. A autoriza\u00e7\u00e3o foi publicada no <em>Di\u00e1rio Oficial da Uni\u00e3o<\/em> e assinada pela ministra da Gest\u00e3o e Inova\u00e7\u00e3o em Servi\u00e7os P\u00fablicos, Esther Dweck.<\/p>\n<h3>Cargos e vagas dispon\u00edveis<\/h3>\n<p>O destaque do concurso \u00e9 o cargo de agente administrativo, com 100 vagas abertas, mas h\u00e1 oportunidades em outras \u00e1reas, como sa\u00fade, educa\u00e7\u00e3o e gest\u00e3o. Confira a lista completa:<\/p>\n<ul>\n<li><strong>Agente administrativo<\/strong>: 100 vagas<\/li>\n<li><strong>Assistente social<\/strong>: 13 vagas<\/li>\n<li><strong>Contador<\/strong>: 9 vagas<\/li>\n<li><strong>Enfermeiro<\/strong>: 3 vagas<\/li>\n<li><strong>M\u00e9dico<\/strong>: 35 vagas<\/li>\n<li><strong>Psic\u00f3logo<\/strong>: 6 vagas<\/li>\n<li><strong>Farmac\u00eautico<\/strong>: 2 vagas<\/li>\n<li><strong>Nutricionista<\/strong>: 1 vaga<\/li>\n<li><strong>Estat\u00edstico<\/strong>: 4 vagas<\/li>\n<li><strong>Administrador<\/strong>: 6 vagas<\/li>\n<li><strong>T\u00e9cnico em comunica\u00e7\u00e3o social<\/strong>: 3 vagas<\/li>\n<li><strong>T\u00e9cnico em assuntos educacionais<\/strong>: 10 vagas<\/li>\n<\/ul>\n<h3>Prazo para o edital e provas<\/h3>\n<p>A portaria estabelece que o edital do concurso dever\u00e1 ser publicado em at\u00e9 seis meses, ou seja, at\u00e9 junho de 2024. Ap\u00f3s a publica\u00e7\u00e3o, a primeira prova dever\u00e1 ocorrer em at\u00e9 dois meses.<\/p>\n<h3>Informa\u00e7\u00f5es pendentes<\/h3>\n<p>Embora a autoriza\u00e7\u00e3o n\u00e3o traga detalhes sobre sal\u00e1rios e carga hor\u00e1ria, espera-se que o edital apresente essas informa\u00e7\u00f5es, bem como os requisitos espec\u00edficos para cada cargo.<\/p>\n<ul>\n<li>\ud83d\udcf2Siga nossas redes sociais no\u00a0<a href=\"https:\/\/www.instagram.com\/redenoticiaz\/\">Instagram<\/a>\u00a0e\u00a0<a href=\"https:\/\/www.facebook.com\/p\/Rede-Noticiaz-100063557592062\/?_rdr\">Facebook<\/a>\u00a0para ficar por dentro de todas as<br \/>\nnovidades e atualiza\u00e7\u00f5es!<\/li>\n<li><a href=\"https:\/\/chat.whatsapp.com\/IZvl6ywXD9K5Zh7loxWKGE\">\ud83d\udcf2Entre em nosso grupo e receba diversas vagas por dia em seu celular<\/a><\/li>\n<\/ul>\n<p>LEIA MAIS<\/p>\n<p><a href=\"https:\/\/redenoticiaz.com.br\/blog\/2024\/12\/06\/porto-seguro-abre-novas-vagas-em-sp-e-campinas\">Porto Seguro abre NOVAS vagas em SP e Campinas<\/a><\/p>\n<\/div>\n<\/div>\n<\/div>\n<\/div>\n<div class=\"mb-2 flex gap-3 empty:hidden -ml-2\">\n<div class=\"items-center justify-start rounded-xl p-1 flex\">\n<div class=\"flex items-center\"><a href=\"https:\/\/redenoticiaz.com.br\/blog\/2024\/12\/06\/acidente-com-quatro-mortes-tem-vitimas-identificadas\">Acidente com quatro mortes tem v\u00edtimas identificadas<\/a><\/div>\n<\/div>\n<\/div>\n<p>&nbsp;<\/p>\n","protected":false},"excerpt":{"rendered":"<p>O governo federal autorizou nesta sexta-feira (6) a realiza\u00e7\u00e3o de um novo concurso p\u00fablico para a Pol\u00edcia Federal (PF), com 192 vagas distribu\u00eddas entre cargos administrativos e t\u00e9cnicos. A autoriza\u00e7\u00e3o foi publicada no Di\u00e1rio Oficial da Uni\u00e3o e assinada pela ministra da Gest\u00e3o e Inova\u00e7\u00e3o em Servi\u00e7os P\u00fablicos, Esther Dweck. Cargos e vagas dispon\u00edveis O &hellip;<\/p>\n","protected":false},"author":30,"featured_media":114768,"comment_status":"open","ping_status":"closed","sticky":false,"template":"","format":"standard","meta":{"footnotes":""},"categories":[67963],"tags":[30173,14],"class_list":["post-119606","post","type-post","status-publish","format-standard","has-post-thumbnail","hentry","category-emprego","tag-concurso-publico","tag-policia-federal"],"yoast_head":"<!-- This site is optimized with the Yoast SEO plugin v27.5 - https:\/\/yoast.com\/product\/yoast-seo-wordpress\/ -->\n<title>Governo Federal autoriza concurso p\u00fablico da Pol\u00edcia Federal - Litoral SP<\/title>\n<meta name=\"description\" content=\"O governo federal autorizou a realiza\u00e7\u00e3o de um novo concurso p\u00fablico para a Pol\u00edcia Federal (PF), com 192 vagas distribu\u00eddas entre cargos administrativos e t\u00e9cnicos.\" \/>\n<meta name=\"robots\" content=\"index, follow, max-snippet:-1, max-image-preview:large, max-video-preview:-1\" \/>\n<link rel=\"canonical\" href=\"https:\/\/redenoticiaz.com.br\/litoralsp\/2024\/12\/06\/governo-federal-autoriza-concurso-publico-da-policia-federal\" \/>\n<meta property=\"og:locale\" content=\"pt_BR\" \/>\n<meta property=\"og:type\" content=\"article\" \/>\n<meta property=\"og:title\" content=\"Governo Federal autoriza concurso p\u00fablico da Pol\u00edcia Federal - Litoral SP\" \/>\n<meta property=\"og:description\" content=\"O governo federal autorizou a realiza\u00e7\u00e3o de um novo concurso p\u00fablico para a Pol\u00edcia Federal (PF), com 192 vagas distribu\u00eddas entre cargos administrativos e t\u00e9cnicos.\" \/>\n<meta property=\"og:url\" content=\"https:\/\/redenoticiaz.com.br\/litoralsp\/2024\/12\/06\/governo-federal-autoriza-concurso-publico-da-policia-federal\" \/>\n<meta property=\"og:site_name\" content=\"Litoral SP\" \/>\n<meta property=\"article:published_time\" content=\"2024-12-06T14:42:08+00:00\" \/>\n<meta property=\"og:image\" content=\"https:\/\/redenoticiaz.com.br\/litoralsp\/wp-content\/uploads\/sites\/3\/2024\/03\/Concurso_web.jpg?v=1693050832\" \/>\n\t<meta property=\"og:image:width\" content=\"825\" \/>\n\t<meta property=\"og:image:height\" content=\"470\" \/>\n\t<meta property=\"og:image:type\" content=\"image\/jpeg\" \/>\n<meta name=\"author\" content=\"Carina Reifonas\" \/>\n<meta name=\"twitter:card\" content=\"summary_large_image\" \/>\n<meta name=\"twitter:label1\" content=\"Escrito por\" \/>\n\t<meta name=\"twitter:data1\" content=\"Carina Reifonas\" \/>\n\t<meta name=\"twitter:label2\" content=\"Est. tempo de leitura\" \/>\n\t<meta name=\"twitter:data2\" content=\"2 minutos\" \/>\n<script type=\"application\/ld+json\" class=\"yoast-schema-graph\">{\"@context\":\"https:\\\/\\\/schema.org\",\"@graph\":[{\"@type\":\"Article\",\"@id\":\"https:\\\/\\\/redenoticiaz.com.br\\\/litoralsp\\\/2024\\\/12\\\/06\\\/governo-federal-autoriza-concurso-publico-da-policia-federal#article\",\"isPartOf\":{\"@id\":\"https:\\\/\\\/redenoticiaz.com.br\\\/litoralsp\\\/2024\\\/12\\\/06\\\/governo-federal-autoriza-concurso-publico-da-policia-federal\"},\"author\":{\"name\":\"Carina Reifonas\",\"@id\":\"https:\\\/\\\/redenoticiaz.com.br\\\/litoralsp\\\/#\\\/schema\\\/person\\\/1f84d6e94e6a62d2d81199d7503e9e90\"},\"headline\":\"Governo Federal autoriza concurso p\u00fablico da Pol\u00edcia Federal\",\"datePublished\":\"2024-12-06T14:42:08+00:00\",\"mainEntityOfPage\":{\"@id\":\"https:\\\/\\\/redenoticiaz.com.br\\\/litoralsp\\\/2024\\\/12\\\/06\\\/governo-federal-autoriza-concurso-publico-da-policia-federal\"},\"wordCount\":271,\"commentCount\":0,\"publisher\":{\"@id\":\"https:\\\/\\\/redenoticiaz.com.br\\\/litoralsp\\\/#organization\"},\"image\":{\"@id\":\"https:\\\/\\\/redenoticiaz.com.br\\\/litoralsp\\\/2024\\\/12\\\/06\\\/governo-federal-autoriza-concurso-publico-da-policia-federal#primaryimage\"},\"thumbnailUrl\":\"https:\\\/\\\/redenoticiaz.com.br\\\/litoralsp\\\/wp-content\\\/uploads\\\/sites\\\/3\\\/2024\\\/03\\\/Concurso_web.jpg?v=1693050832\",\"keywords\":[\"CONCURSO P\u00daBLICO\",\"policia federal\"],\"articleSection\":[\"Emprego\"],\"inLanguage\":\"pt-BR\",\"potentialAction\":[{\"@type\":\"CommentAction\",\"name\":\"Comment\",\"target\":[\"https:\\\/\\\/redenoticiaz.com.br\\\/litoralsp\\\/2024\\\/12\\\/06\\\/governo-federal-autoriza-concurso-publico-da-policia-federal#respond\"]}]},{\"@type\":\"WebPage\",\"@id\":\"https:\\\/\\\/redenoticiaz.com.br\\\/litoralsp\\\/2024\\\/12\\\/06\\\/governo-federal-autoriza-concurso-publico-da-policia-federal\",\"url\":\"https:\\\/\\\/redenoticiaz.com.br\\\/litoralsp\\\/2024\\\/12\\\/06\\\/governo-federal-autoriza-concurso-publico-da-policia-federal\",\"name\":\"Governo Federal autoriza concurso p\u00fablico da Pol\u00edcia Federal - Litoral SP\",\"isPartOf\":{\"@id\":\"https:\\\/\\\/redenoticiaz.com.br\\\/litoralsp\\\/#website\"},\"primaryImageOfPage\":{\"@id\":\"https:\\\/\\\/redenoticiaz.com.br\\\/litoralsp\\\/2024\\\/12\\\/06\\\/governo-federal-autoriza-concurso-publico-da-policia-federal#primaryimage\"},\"image\":{\"@id\":\"https:\\\/\\\/redenoticiaz.com.br\\\/litoralsp\\\/2024\\\/12\\\/06\\\/governo-federal-autoriza-concurso-publico-da-policia-federal#primaryimage\"},\"thumbnailUrl\":\"https:\\\/\\\/redenoticiaz.com.br\\\/litoralsp\\\/wp-content\\\/uploads\\\/sites\\\/3\\\/2024\\\/03\\\/Concurso_web.jpg?v=1693050832\",\"datePublished\":\"2024-12-06T14:42:08+00:00\",\"description\":\"O governo federal autorizou a realiza\u00e7\u00e3o de um novo concurso p\u00fablico para a Pol\u00edcia Federal (PF), com 192 vagas distribu\u00eddas entre cargos administrativos e t\u00e9cnicos.\",\"inLanguage\":\"pt-BR\",\"potentialAction\":[{\"@type\":\"ReadAction\",\"target\":[\"https:\\\/\\\/redenoticiaz.com.br\\\/litoralsp\\\/2024\\\/12\\\/06\\\/governo-federal-autoriza-concurso-publico-da-policia-federal\"]}]},{\"@type\":\"ImageObject\",\"inLanguage\":\"pt-BR\",\"@id\":\"https:\\\/\\\/redenoticiaz.com.br\\\/litoralsp\\\/2024\\\/12\\\/06\\\/governo-federal-autoriza-concurso-publico-da-policia-federal#primaryimage\",\"url\":\"https:\\\/\\\/redenoticiaz.com.br\\\/litoralsp\\\/wp-content\\\/uploads\\\/sites\\\/3\\\/2024\\\/03\\\/Concurso_web.jpg?v=1693050832\",\"contentUrl\":\"https:\\\/\\\/redenoticiaz.com.br\\\/litoralsp\\\/wp-content\\\/uploads\\\/sites\\\/3\\\/2024\\\/03\\\/Concurso_web.jpg?v=1693050832\",\"width\":825,\"height\":470},{\"@type\":\"WebSite\",\"@id\":\"https:\\\/\\\/redenoticiaz.com.br\\\/litoralsp\\\/#website\",\"url\":\"https:\\\/\\\/redenoticiaz.com.br\\\/litoralsp\\\/\",\"name\":\"Litoral SP\",\"description\":\"Rede NoticiaZ\",\"publisher\":{\"@id\":\"https:\\\/\\\/redenoticiaz.com.br\\\/litoralsp\\\/#organization\"},\"potentialAction\":[{\"@type\":\"SearchAction\",\"target\":{\"@type\":\"EntryPoint\",\"urlTemplate\":\"https:\\\/\\\/redenoticiaz.com.br\\\/litoralsp\\\/?s={search_term_string}\"},\"query-input\":{\"@type\":\"PropertyValueSpecification\",\"valueRequired\":true,\"valueName\":\"search_term_string\"}}],\"inLanguage\":\"pt-BR\"},{\"@type\":\"Organization\",\"@id\":\"https:\\\/\\\/redenoticiaz.com.br\\\/litoralsp\\\/#organization\",\"name\":\"Litoral SP\",\"url\":\"https:\\\/\\\/redenoticiaz.com.br\\\/litoralsp\\\/\",\"logo\":{\"@type\":\"ImageObject\",\"inLanguage\":\"pt-BR\",\"@id\":\"https:\\\/\\\/redenoticiaz.com.br\\\/litoralsp\\\/#\\\/schema\\\/logo\\\/image\\\/\",\"url\":\"https:\\\/\\\/redenoticiaz.com.br\\\/litoralsp\\\/wp-content\\\/uploads\\\/sites\\\/3\\\/2020\\\/11\\\/logo.jpg\",\"contentUrl\":\"https:\\\/\\\/redenoticiaz.com.br\\\/litoralsp\\\/wp-content\\\/uploads\\\/sites\\\/3\\\/2020\\\/11\\\/logo.jpg\",\"width\":400,\"height\":250,\"caption\":\"Litoral SP\"},\"image\":{\"@id\":\"https:\\\/\\\/redenoticiaz.com.br\\\/litoralsp\\\/#\\\/schema\\\/logo\\\/image\\\/\"}},{\"@type\":\"Person\",\"@id\":\"https:\\\/\\\/redenoticiaz.com.br\\\/litoralsp\\\/#\\\/schema\\\/person\\\/1f84d6e94e6a62d2d81199d7503e9e90\",\"name\":\"Carina Reifonas\",\"image\":{\"@type\":\"ImageObject\",\"inLanguage\":\"pt-BR\",\"@id\":\"https:\\\/\\\/secure.gravatar.com\\\/avatar\\\/04c59859b23696cf867715880f81d5c037e60109730bdb4e6670ec2a2245bc97?s=96&d=mm&r=g\",\"url\":\"https:\\\/\\\/secure.gravatar.com\\\/avatar\\\/04c59859b23696cf867715880f81d5c037e60109730bdb4e6670ec2a2245bc97?s=96&d=mm&r=g\",\"contentUrl\":\"https:\\\/\\\/secure.gravatar.com\\\/avatar\\\/04c59859b23696cf867715880f81d5c037e60109730bdb4e6670ec2a2245bc97?s=96&d=mm&r=g\",\"caption\":\"Carina Reifonas\"},\"url\":\"https:\\\/\\\/redenoticiaz.com.br\\\/litoralsp\\\/author\\\/carinareifonas\"}]}<\/script>\n<!-- \/ Yoast SEO plugin. -->","yoast_head_json":{"title":"Governo Federal autoriza concurso p\u00fablico da Pol\u00edcia Federal - Litoral SP","description":"O governo federal autorizou a realiza\u00e7\u00e3o de um novo concurso p\u00fablico para a Pol\u00edcia Federal (PF), com 192 vagas distribu\u00eddas entre cargos administrativos e t\u00e9cnicos.","robots":{"index":"index","follow":"follow","max-snippet":"max-snippet:-1","max-image-preview":"max-image-preview:large","max-video-preview":"max-video-preview:-1"},"canonical":"https:\/\/redenoticiaz.com.br\/litoralsp\/2024\/12\/06\/governo-federal-autoriza-concurso-publico-da-policia-federal","og_locale":"pt_BR","og_type":"article","og_title":"Governo Federal autoriza concurso p\u00fablico da Pol\u00edcia Federal - Litoral SP","og_description":"O governo federal autorizou a realiza\u00e7\u00e3o de um novo concurso p\u00fablico para a Pol\u00edcia Federal (PF), com 192 vagas distribu\u00eddas entre cargos administrativos e t\u00e9cnicos.","og_url":"https:\/\/redenoticiaz.com.br\/litoralsp\/2024\/12\/06\/governo-federal-autoriza-concurso-publico-da-policia-federal","og_site_name":"Litoral SP","article_published_time":"2024-12-06T14:42:08+00:00","og_image":[{"width":825,"height":470,"url":"https:\/\/redenoticiaz.com.br\/litoralsp\/wp-content\/uploads\/sites\/3\/2024\/03\/Concurso_web.jpg?v=1693050832","type":"image\/jpeg"}],"author":"Carina Reifonas","twitter_card":"summary_large_image","twitter_misc":{"Escrito por":"Carina Reifonas","Est. tempo de leitura":"2 minutos"},"schema":{"@context":"https:\/\/schema.org","@graph":[{"@type":"Article","@id":"https:\/\/redenoticiaz.com.br\/litoralsp\/2024\/12\/06\/governo-federal-autoriza-concurso-publico-da-policia-federal#article","isPartOf":{"@id":"https:\/\/redenoticiaz.com.br\/litoralsp\/2024\/12\/06\/governo-federal-autoriza-concurso-publico-da-policia-federal"},"author":{"name":"Carina Reifonas","@id":"https:\/\/redenoticiaz.com.br\/litoralsp\/#\/schema\/person\/1f84d6e94e6a62d2d81199d7503e9e90"},"headline":"Governo Federal autoriza concurso p\u00fablico da Pol\u00edcia Federal","datePublished":"2024-12-06T14:42:08+00:00","mainEntityOfPage":{"@id":"https:\/\/redenoticiaz.com.br\/litoralsp\/2024\/12\/06\/governo-federal-autoriza-concurso-publico-da-policia-federal"},"wordCount":271,"commentCount":0,"publisher":{"@id":"https:\/\/redenoticiaz.com.br\/litoralsp\/#organization"},"image":{"@id":"https:\/\/redenoticiaz.com.br\/litoralsp\/2024\/12\/06\/governo-federal-autoriza-concurso-publico-da-policia-federal#primaryimage"},"thumbnailUrl":"https:\/\/redenoticiaz.com.br\/litoralsp\/wp-content\/uploads\/sites\/3\/2024\/03\/Concurso_web.jpg?v=1693050832","keywords":["CONCURSO P\u00daBLICO","policia federal"],"articleSection":["Emprego"],"inLanguage":"pt-BR","potentialAction":[{"@type":"CommentAction","name":"Comment","target":["https:\/\/redenoticiaz.com.br\/litoralsp\/2024\/12\/06\/governo-federal-autoriza-concurso-publico-da-policia-federal#respond"]}]},{"@type":"WebPage","@id":"https:\/\/redenoticiaz.com.br\/litoralsp\/2024\/12\/06\/governo-federal-autoriza-concurso-publico-da-policia-federal","url":"https:\/\/redenoticiaz.com.br\/litoralsp\/2024\/12\/06\/governo-federal-autoriza-concurso-publico-da-policia-federal","name":"Governo Federal autoriza concurso p\u00fablico da Pol\u00edcia Federal - Litoral SP","isPartOf":{"@id":"https:\/\/redenoticiaz.com.br\/litoralsp\/#website"},"primaryImageOfPage":{"@id":"https:\/\/redenoticiaz.com.br\/litoralsp\/2024\/12\/06\/governo-federal-autoriza-concurso-publico-da-policia-federal#primaryimage"},"image":{"@id":"https:\/\/redenoticiaz.com.br\/litoralsp\/2024\/12\/06\/governo-federal-autoriza-concurso-publico-da-policia-federal#primaryimage"},"thumbnailUrl":"https:\/\/redenoticiaz.com.br\/litoralsp\/wp-content\/uploads\/sites\/3\/2024\/03\/Concurso_web.jpg?v=1693050832","datePublished":"2024-12-06T14:42:08+00:00","description":"O governo federal autorizou a realiza\u00e7\u00e3o de um novo concurso p\u00fablico para a Pol\u00edcia Federal (PF), com 192 vagas distribu\u00eddas entre cargos administrativos e t\u00e9cnicos.","inLanguage":"pt-BR","potentialAction":[{"@type":"ReadAction","target":["https:\/\/redenoticiaz.com.br\/litoralsp\/2024\/12\/06\/governo-federal-autoriza-concurso-publico-da-policia-federal"]}]},{"@type":"ImageObject","inLanguage":"pt-BR","@id":"https:\/\/redenoticiaz.com.br\/litoralsp\/2024\/12\/06\/governo-federal-autoriza-concurso-publico-da-policia-federal#primaryimage","url":"https:\/\/redenoticiaz.com.br\/litoralsp\/wp-content\/uploads\/sites\/3\/2024\/03\/Concurso_web.jpg?v=1693050832","contentUrl":"https:\/\/redenoticiaz.com.br\/litoralsp\/wp-content\/uploads\/sites\/3\/2024\/03\/Concurso_web.jpg?v=1693050832","width":825,"height":470},{"@type":"WebSite","@id":"https:\/\/redenoticiaz.com.br\/litoralsp\/#website","url":"https:\/\/redenoticiaz.com.br\/litoralsp\/","name":"Litoral SP","description":"Rede NoticiaZ","publisher":{"@id":"https:\/\/redenoticiaz.com.br\/litoralsp\/#organization"},"potentialAction":[{"@type":"SearchAction","target":{"@type":"EntryPoint","urlTemplate":"https:\/\/redenoticiaz.com.br\/litoralsp\/?s={search_term_string}"},"query-input":{"@type":"PropertyValueSpecification","valueRequired":true,"valueName":"search_term_string"}}],"inLanguage":"pt-BR"},{"@type":"Organization","@id":"https:\/\/redenoticiaz.com.br\/litoralsp\/#organization","name":"Litoral SP","url":"https:\/\/redenoticiaz.com.br\/litoralsp\/","logo":{"@type":"ImageObject","inLanguage":"pt-BR","@id":"https:\/\/redenoticiaz.com.br\/litoralsp\/#\/schema\/logo\/image\/","url":"https:\/\/redenoticiaz.com.br\/litoralsp\/wp-content\/uploads\/sites\/3\/2020\/11\/logo.jpg","contentUrl":"https:\/\/redenoticiaz.com.br\/litoralsp\/wp-content\/uploads\/sites\/3\/2020\/11\/logo.jpg","width":400,"height":250,"caption":"Litoral SP"},"image":{"@id":"https:\/\/redenoticiaz.com.br\/litoralsp\/#\/schema\/logo\/image\/"}},{"@type":"Person","@id":"https:\/\/redenoticiaz.com.br\/litoralsp\/#\/schema\/person\/1f84d6e94e6a62d2d81199d7503e9e90","name":"Carina Reifonas","image":{"@type":"ImageObject","inLanguage":"pt-BR","@id":"https:\/\/secure.gravatar.com\/avatar\/04c59859b23696cf867715880f81d5c037e60109730bdb4e6670ec2a2245bc97?s=96&d=mm&r=g","url":"https:\/\/secure.gravatar.com\/avatar\/04c59859b23696cf867715880f81d5c037e60109730bdb4e6670ec2a2245bc97?s=96&d=mm&r=g","contentUrl":"https:\/\/secure.gravatar.com\/avatar\/04c59859b23696cf867715880f81d5c037e60109730bdb4e6670ec2a2245bc97?s=96&d=mm&r=g","caption":"Carina Reifonas"},"url":"https:\/\/redenoticiaz.com.br\/litoralsp\/author\/carinareifonas"}]}},"_links":{"self":[{"href":"https:\/\/redenoticiaz.com.br\/litoralsp\/wp-json\/wp\/v2\/posts\/119606","targetHints":{"allow":["GET"]}}],"collection":[{"href":"https:\/\/redenoticiaz.com.br\/litoralsp\/wp-json\/wp\/v2\/posts"}],"about":[{"href":"https:\/\/redenoticiaz.com.br\/litoralsp\/wp-json\/wp\/v2\/types\/post"}],"author":[{"embeddable":true,"href":"https:\/\/redenoticiaz.com.br\/litoralsp\/wp-json\/wp\/v2\/users\/30"}],"replies":[{"embeddable":true,"href":"https:\/\/redenoticiaz.com.br\/litoralsp\/wp-json\/wp\/v2\/comments?post=119606"}],"version-history":[{"count":0,"href":"https:\/\/redenoticiaz.com.br\/litoralsp\/wp-json\/wp\/v2\/posts\/119606\/revisions"}],"wp:featuredmedia":[{"embeddable":true,"href":"https:\/\/redenoticiaz.com.br\/litoralsp\/wp-json\/wp\/v2\/media\/114768"}],"wp:attachment":[{"href":"https:\/\/redenoticiaz.com.br\/litoralsp\/wp-json\/wp\/v2\/media?parent=119606"}],"wp:term":[{"taxonomy":"category","embeddable":true,"href":"https:\/\/redenoticiaz.com.br\/litoralsp\/wp-json\/wp\/v2\/categories?post=119606"},{"taxonomy":"post_tag","embeddable":true,"href":"https:\/\/redenoticiaz.com.br\/litoralsp\/wp-json\/wp\/v2\/tags?post=119606"}],"curies":[{"name":"wp","href":"https:\/\/api.w.org\/{rel}","templated":true}]}}