{"id":119695,"date":"2024-12-12T13:10:51","date_gmt":"2024-12-12T16:10:51","guid":{"rendered":"https:\/\/redenoticiaz.com.br\/litoralsp\/2024\/12\/12\/morre-amaury-pasos-icone-do-basquete-brasileiro"},"modified":"2024-12-12T13:10:51","modified_gmt":"2024-12-12T16:10:51","slug":"morre-amaury-pasos-icone-do-basquete-brasileiro","status":"publish","type":"post","link":"https:\/\/redenoticiaz.com.br\/litoralsp\/2024\/12\/12\/morre-amaury-pasos-icone-do-basquete-brasileiro","title":{"rendered":"Morre Amaury Pasos, \u00edcone do basquete brasileiro"},"content":{"rendered":"<div class=\"flex max-w-full flex-col flex-grow\">\n<div class=\"min-h-8 text-message flex w-full flex-col items-end gap-2 whitespace-normal break-words text-start [.text-message+&amp;]:mt-5\" dir=\"auto\" data-message-author-role=\"assistant\" data-message-id=\"0de03977-cd80-4466-b209-751b5b527fd7\" data-message-model-slug=\"gpt-4o-mini\">\n<div class=\"flex w-full flex-col gap-1 empty:hidden first:pt-[3px]\">\n<div class=\"markdown prose w-full break-words dark:prose-invert light\">\n<p>Amaury Ant\u00f4nio Pasos, um dos maiores nomes do basquete brasileiro, faleceu nesta quinta-feira (12), em S\u00e3o Paulo. A causa da morte ainda n\u00e3o foi divulgada, mas o ex-jogador estava acompanhado de sua fam\u00edlia no momento do falecimento.<\/p>\n<p>Amaury, que completou 89 anos na \u00faltima quarta-feira (11), \u00e9 lembrado como um dos respons\u00e1veis por fazer o basquete brasileiro ser respeitado no cen\u00e1rio internacional. Ele se destacou como ala-piv\u00f4 e armador e at\u00e9 hoje \u00e9 o \u00fanico atleta a ser eleito duas vezes o MVP (Jogador Mais Valioso) de Mundiais, em posi\u00e7\u00f5es diferentes. Al\u00e9m disso, Amaury \u00e9 parte do seleto grupo do Hall da Fama do Basquete.<\/p>\n<p>O vel\u00f3rio ser\u00e1 aberto aos f\u00e3s e ocorrer\u00e1 nesta sexta-feira (13), das 10h \u00e0s 18h, na Rua S\u00e3o Carlos do Pinhal, 376, em S\u00e3o Paulo.<\/p>\n<p>LEIA MAIS<\/p>\n<p><a href=\"https:\/\/redenoticiaz.com.br\/blog\/2024\/12\/12\/operacao-natal-filme-com-dwayne-johnson-e-chris-evans\">Opera\u00e7\u00e3o Natal: filme com Dwayne Johnson e Chris Evans<\/a><\/p>\n<p><a href=\"https:\/\/redenoticiaz.com.br\/blog\/2024\/12\/12\/dolar-tem-forte-queda-apos-alta-dos-juros\">D\u00f3lar tem forte queda ap\u00f3s alta dos juros<\/a><\/p>\n<\/div>\n<\/div>\n<\/div>\n<\/div>\n<p>&nbsp;<\/p>\n","protected":false},"excerpt":{"rendered":"<p>Amaury Ant\u00f4nio Pasos, um dos maiores nomes do basquete brasileiro, faleceu nesta quinta-feira (12), em S\u00e3o Paulo. A causa da morte ainda n\u00e3o foi divulgada, mas o ex-jogador estava acompanhado de sua fam\u00edlia no momento do falecimento. Amaury, que completou 89 anos na \u00faltima quarta-feira (11), \u00e9 lembrado como um dos respons\u00e1veis por fazer o &hellip;<\/p>\n","protected":false},"author":30,"featured_media":119696,"comment_status":"open","ping_status":"closed","sticky":false,"template":"","format":"standard","meta":{"footnotes":""},"categories":[35],"tags":[69017,5612,11646,37996],"class_list":["post-119695","post","type-post","status-publish","format-standard","has-post-thumbnail","hentry","category-esporte","tag-amaury-pasos","tag-basquete","tag-ex-jogador","tag-morre"],"yoast_head":"<!-- This site is optimized with the Yoast SEO plugin v27.5 - https:\/\/yoast.com\/product\/yoast-seo-wordpress\/ -->\n<title>Morre Amaury Pasos, \u00edcone do basquete brasileiro - Litoral SP<\/title>\n<meta name=\"description\" content=\"Amaury Ant\u00f4nio Pasos, um dos maiores nomes do basquete brasileiro, faleceu nesta quinta-feira (12), em S\u00e3o Paulo.\" \/>\n<meta name=\"robots\" content=\"index, follow, max-snippet:-1, max-image-preview:large, max-video-preview:-1\" \/>\n<link rel=\"canonical\" href=\"https:\/\/redenoticiaz.com.br\/litoralsp\/2024\/12\/12\/morre-amaury-pasos-icone-do-basquete-brasileiro\" \/>\n<meta property=\"og:locale\" content=\"pt_BR\" \/>\n<meta property=\"og:type\" content=\"article\" \/>\n<meta property=\"og:title\" content=\"Morre Amaury Pasos, \u00edcone do basquete brasileiro - Litoral SP\" \/>\n<meta property=\"og:description\" content=\"Amaury Ant\u00f4nio Pasos, um dos maiores nomes do basquete brasileiro, faleceu nesta quinta-feira (12), em S\u00e3o Paulo.\" \/>\n<meta property=\"og:url\" content=\"https:\/\/redenoticiaz.com.br\/litoralsp\/2024\/12\/12\/morre-amaury-pasos-icone-do-basquete-brasileiro\" \/>\n<meta property=\"og:site_name\" content=\"Litoral SP\" \/>\n<meta property=\"article:published_time\" content=\"2024-12-12T16:10:51+00:00\" \/>\n<meta property=\"og:image\" content=\"https:\/\/redenoticiaz.com.br\/litoralsp\/wp-content\/uploads\/sites\/3\/2024\/12\/Morre-Amaury-Pasos-icone-do-basquete-brasileiro.jpg?v=1734019537\" \/>\n\t<meta property=\"og:image:width\" content=\"1200\" \/>\n\t<meta property=\"og:image:height\" content=\"628\" \/>\n\t<meta property=\"og:image:type\" content=\"image\/jpeg\" \/>\n<meta name=\"author\" content=\"Carina Reifonas\" \/>\n<meta name=\"twitter:card\" content=\"summary_large_image\" \/>\n<meta name=\"twitter:label1\" content=\"Escrito por\" \/>\n\t<meta name=\"twitter:data1\" content=\"Carina Reifonas\" \/>\n\t<meta name=\"twitter:label2\" content=\"Est. tempo de leitura\" \/>\n\t<meta name=\"twitter:data2\" content=\"2 minutos\" \/>\n<script type=\"application\/ld+json\" class=\"yoast-schema-graph\">{\"@context\":\"https:\\\/\\\/schema.org\",\"@graph\":[{\"@type\":\"Article\",\"@id\":\"https:\\\/\\\/redenoticiaz.com.br\\\/litoralsp\\\/2024\\\/12\\\/12\\\/morre-amaury-pasos-icone-do-basquete-brasileiro#article\",\"isPartOf\":{\"@id\":\"https:\\\/\\\/redenoticiaz.com.br\\\/litoralsp\\\/2024\\\/12\\\/12\\\/morre-amaury-pasos-icone-do-basquete-brasileiro\"},\"author\":{\"name\":\"Carina Reifonas\",\"@id\":\"https:\\\/\\\/redenoticiaz.com.br\\\/litoralsp\\\/#\\\/schema\\\/person\\\/1f84d6e94e6a62d2d81199d7503e9e90\"},\"headline\":\"Morre Amaury Pasos, \u00edcone do basquete brasileiro\",\"datePublished\":\"2024-12-12T16:10:51+00:00\",\"mainEntityOfPage\":{\"@id\":\"https:\\\/\\\/redenoticiaz.com.br\\\/litoralsp\\\/2024\\\/12\\\/12\\\/morre-amaury-pasos-icone-do-basquete-brasileiro\"},\"wordCount\":164,\"commentCount\":0,\"publisher\":{\"@id\":\"https:\\\/\\\/redenoticiaz.com.br\\\/litoralsp\\\/#organization\"},\"image\":{\"@id\":\"https:\\\/\\\/redenoticiaz.com.br\\\/litoralsp\\\/2024\\\/12\\\/12\\\/morre-amaury-pasos-icone-do-basquete-brasileiro#primaryimage\"},\"thumbnailUrl\":\"https:\\\/\\\/redenoticiaz.com.br\\\/litoralsp\\\/wp-content\\\/uploads\\\/sites\\\/3\\\/2024\\\/12\\\/Morre-Amaury-Pasos-icone-do-basquete-brasileiro.jpg?v=1734019537\",\"keywords\":[\"Amaury Pasos\",\"BASQUETE\",\"EX-JOGADOR\",\"MORRE\"],\"articleSection\":[\"Esporte\"],\"inLanguage\":\"pt-BR\",\"potentialAction\":[{\"@type\":\"CommentAction\",\"name\":\"Comment\",\"target\":[\"https:\\\/\\\/redenoticiaz.com.br\\\/litoralsp\\\/2024\\\/12\\\/12\\\/morre-amaury-pasos-icone-do-basquete-brasileiro#respond\"]}]},{\"@type\":\"WebPage\",\"@id\":\"https:\\\/\\\/redenoticiaz.com.br\\\/litoralsp\\\/2024\\\/12\\\/12\\\/morre-amaury-pasos-icone-do-basquete-brasileiro\",\"url\":\"https:\\\/\\\/redenoticiaz.com.br\\\/litoralsp\\\/2024\\\/12\\\/12\\\/morre-amaury-pasos-icone-do-basquete-brasileiro\",\"name\":\"Morre Amaury Pasos, \u00edcone do basquete brasileiro - Litoral SP\",\"isPartOf\":{\"@id\":\"https:\\\/\\\/redenoticiaz.com.br\\\/litoralsp\\\/#website\"},\"primaryImageOfPage\":{\"@id\":\"https:\\\/\\\/redenoticiaz.com.br\\\/litoralsp\\\/2024\\\/12\\\/12\\\/morre-amaury-pasos-icone-do-basquete-brasileiro#primaryimage\"},\"image\":{\"@id\":\"https:\\\/\\\/redenoticiaz.com.br\\\/litoralsp\\\/2024\\\/12\\\/12\\\/morre-amaury-pasos-icone-do-basquete-brasileiro#primaryimage\"},\"thumbnailUrl\":\"https:\\\/\\\/redenoticiaz.com.br\\\/litoralsp\\\/wp-content\\\/uploads\\\/sites\\\/3\\\/2024\\\/12\\\/Morre-Amaury-Pasos-icone-do-basquete-brasileiro.jpg?v=1734019537\",\"datePublished\":\"2024-12-12T16:10:51+00:00\",\"description\":\"Amaury Ant\u00f4nio Pasos, um dos maiores nomes do basquete brasileiro, faleceu nesta quinta-feira (12), em S\u00e3o Paulo.\",\"inLanguage\":\"pt-BR\",\"potentialAction\":[{\"@type\":\"ReadAction\",\"target\":[\"https:\\\/\\\/redenoticiaz.com.br\\\/litoralsp\\\/2024\\\/12\\\/12\\\/morre-amaury-pasos-icone-do-basquete-brasileiro\"]}]},{\"@type\":\"ImageObject\",\"inLanguage\":\"pt-BR\",\"@id\":\"https:\\\/\\\/redenoticiaz.com.br\\\/litoralsp\\\/2024\\\/12\\\/12\\\/morre-amaury-pasos-icone-do-basquete-brasileiro#primaryimage\",\"url\":\"https:\\\/\\\/redenoticiaz.com.br\\\/litoralsp\\\/wp-content\\\/uploads\\\/sites\\\/3\\\/2024\\\/12\\\/Morre-Amaury-Pasos-icone-do-basquete-brasileiro.jpg?v=1734019537\",\"contentUrl\":\"https:\\\/\\\/redenoticiaz.com.br\\\/litoralsp\\\/wp-content\\\/uploads\\\/sites\\\/3\\\/2024\\\/12\\\/Morre-Amaury-Pasos-icone-do-basquete-brasileiro.jpg?v=1734019537\",\"width\":1200,\"height\":628},{\"@type\":\"WebSite\",\"@id\":\"https:\\\/\\\/redenoticiaz.com.br\\\/litoralsp\\\/#website\",\"url\":\"https:\\\/\\\/redenoticiaz.com.br\\\/litoralsp\\\/\",\"name\":\"Litoral SP\",\"description\":\"Rede NoticiaZ\",\"publisher\":{\"@id\":\"https:\\\/\\\/redenoticiaz.com.br\\\/litoralsp\\\/#organization\"},\"potentialAction\":[{\"@type\":\"SearchAction\",\"target\":{\"@type\":\"EntryPoint\",\"urlTemplate\":\"https:\\\/\\\/redenoticiaz.com.br\\\/litoralsp\\\/?s={search_term_string}\"},\"query-input\":{\"@type\":\"PropertyValueSpecification\",\"valueRequired\":true,\"valueName\":\"search_term_string\"}}],\"inLanguage\":\"pt-BR\"},{\"@type\":\"Organization\",\"@id\":\"https:\\\/\\\/redenoticiaz.com.br\\\/litoralsp\\\/#organization\",\"name\":\"Litoral SP\",\"url\":\"https:\\\/\\\/redenoticiaz.com.br\\\/litoralsp\\\/\",\"logo\":{\"@type\":\"ImageObject\",\"inLanguage\":\"pt-BR\",\"@id\":\"https:\\\/\\\/redenoticiaz.com.br\\\/litoralsp\\\/#\\\/schema\\\/logo\\\/image\\\/\",\"url\":\"https:\\\/\\\/redenoticiaz.com.br\\\/litoralsp\\\/wp-content\\\/uploads\\\/sites\\\/3\\\/2020\\\/11\\\/logo.jpg\",\"contentUrl\":\"https:\\\/\\\/redenoticiaz.com.br\\\/litoralsp\\\/wp-content\\\/uploads\\\/sites\\\/3\\\/2020\\\/11\\\/logo.jpg\",\"width\":400,\"height\":250,\"caption\":\"Litoral SP\"},\"image\":{\"@id\":\"https:\\\/\\\/redenoticiaz.com.br\\\/litoralsp\\\/#\\\/schema\\\/logo\\\/image\\\/\"}},{\"@type\":\"Person\",\"@id\":\"https:\\\/\\\/redenoticiaz.com.br\\\/litoralsp\\\/#\\\/schema\\\/person\\\/1f84d6e94e6a62d2d81199d7503e9e90\",\"name\":\"Carina Reifonas\",\"image\":{\"@type\":\"ImageObject\",\"inLanguage\":\"pt-BR\",\"@id\":\"https:\\\/\\\/secure.gravatar.com\\\/avatar\\\/04c59859b23696cf867715880f81d5c037e60109730bdb4e6670ec2a2245bc97?s=96&d=mm&r=g\",\"url\":\"https:\\\/\\\/secure.gravatar.com\\\/avatar\\\/04c59859b23696cf867715880f81d5c037e60109730bdb4e6670ec2a2245bc97?s=96&d=mm&r=g\",\"contentUrl\":\"https:\\\/\\\/secure.gravatar.com\\\/avatar\\\/04c59859b23696cf867715880f81d5c037e60109730bdb4e6670ec2a2245bc97?s=96&d=mm&r=g\",\"caption\":\"Carina Reifonas\"},\"url\":\"https:\\\/\\\/redenoticiaz.com.br\\\/litoralsp\\\/author\\\/carinareifonas\"}]}<\/script>\n<!-- \/ Yoast SEO plugin. -->","yoast_head_json":{"title":"Morre Amaury Pasos, \u00edcone do basquete brasileiro - Litoral SP","description":"Amaury Ant\u00f4nio Pasos, um dos maiores nomes do basquete brasileiro, faleceu nesta quinta-feira (12), em S\u00e3o Paulo.","robots":{"index":"index","follow":"follow","max-snippet":"max-snippet:-1","max-image-preview":"max-image-preview:large","max-video-preview":"max-video-preview:-1"},"canonical":"https:\/\/redenoticiaz.com.br\/litoralsp\/2024\/12\/12\/morre-amaury-pasos-icone-do-basquete-brasileiro","og_locale":"pt_BR","og_type":"article","og_title":"Morre Amaury Pasos, \u00edcone do basquete brasileiro - Litoral SP","og_description":"Amaury Ant\u00f4nio Pasos, um dos maiores nomes do basquete brasileiro, faleceu nesta quinta-feira (12), em S\u00e3o Paulo.","og_url":"https:\/\/redenoticiaz.com.br\/litoralsp\/2024\/12\/12\/morre-amaury-pasos-icone-do-basquete-brasileiro","og_site_name":"Litoral SP","article_published_time":"2024-12-12T16:10:51+00:00","og_image":[{"width":1200,"height":628,"url":"https:\/\/redenoticiaz.com.br\/litoralsp\/wp-content\/uploads\/sites\/3\/2024\/12\/Morre-Amaury-Pasos-icone-do-basquete-brasileiro.jpg?v=1734019537","type":"image\/jpeg"}],"author":"Carina Reifonas","twitter_card":"summary_large_image","twitter_misc":{"Escrito por":"Carina Reifonas","Est. tempo de leitura":"2 minutos"},"schema":{"@context":"https:\/\/schema.org","@graph":[{"@type":"Article","@id":"https:\/\/redenoticiaz.com.br\/litoralsp\/2024\/12\/12\/morre-amaury-pasos-icone-do-basquete-brasileiro#article","isPartOf":{"@id":"https:\/\/redenoticiaz.com.br\/litoralsp\/2024\/12\/12\/morre-amaury-pasos-icone-do-basquete-brasileiro"},"author":{"name":"Carina Reifonas","@id":"https:\/\/redenoticiaz.com.br\/litoralsp\/#\/schema\/person\/1f84d6e94e6a62d2d81199d7503e9e90"},"headline":"Morre Amaury Pasos, \u00edcone do basquete brasileiro","datePublished":"2024-12-12T16:10:51+00:00","mainEntityOfPage":{"@id":"https:\/\/redenoticiaz.com.br\/litoralsp\/2024\/12\/12\/morre-amaury-pasos-icone-do-basquete-brasileiro"},"wordCount":164,"commentCount":0,"publisher":{"@id":"https:\/\/redenoticiaz.com.br\/litoralsp\/#organization"},"image":{"@id":"https:\/\/redenoticiaz.com.br\/litoralsp\/2024\/12\/12\/morre-amaury-pasos-icone-do-basquete-brasileiro#primaryimage"},"thumbnailUrl":"https:\/\/redenoticiaz.com.br\/litoralsp\/wp-content\/uploads\/sites\/3\/2024\/12\/Morre-Amaury-Pasos-icone-do-basquete-brasileiro.jpg?v=1734019537","keywords":["Amaury Pasos","BASQUETE","EX-JOGADOR","MORRE"],"articleSection":["Esporte"],"inLanguage":"pt-BR","potentialAction":[{"@type":"CommentAction","name":"Comment","target":["https:\/\/redenoticiaz.com.br\/litoralsp\/2024\/12\/12\/morre-amaury-pasos-icone-do-basquete-brasileiro#respond"]}]},{"@type":"WebPage","@id":"https:\/\/redenoticiaz.com.br\/litoralsp\/2024\/12\/12\/morre-amaury-pasos-icone-do-basquete-brasileiro","url":"https:\/\/redenoticiaz.com.br\/litoralsp\/2024\/12\/12\/morre-amaury-pasos-icone-do-basquete-brasileiro","name":"Morre Amaury Pasos, \u00edcone do basquete brasileiro - Litoral SP","isPartOf":{"@id":"https:\/\/redenoticiaz.com.br\/litoralsp\/#website"},"primaryImageOfPage":{"@id":"https:\/\/redenoticiaz.com.br\/litoralsp\/2024\/12\/12\/morre-amaury-pasos-icone-do-basquete-brasileiro#primaryimage"},"image":{"@id":"https:\/\/redenoticiaz.com.br\/litoralsp\/2024\/12\/12\/morre-amaury-pasos-icone-do-basquete-brasileiro#primaryimage"},"thumbnailUrl":"https:\/\/redenoticiaz.com.br\/litoralsp\/wp-content\/uploads\/sites\/3\/2024\/12\/Morre-Amaury-Pasos-icone-do-basquete-brasileiro.jpg?v=1734019537","datePublished":"2024-12-12T16:10:51+00:00","description":"Amaury Ant\u00f4nio Pasos, um dos maiores nomes do basquete brasileiro, faleceu nesta quinta-feira (12), em S\u00e3o Paulo.","inLanguage":"pt-BR","potentialAction":[{"@type":"ReadAction","target":["https:\/\/redenoticiaz.com.br\/litoralsp\/2024\/12\/12\/morre-amaury-pasos-icone-do-basquete-brasileiro"]}]},{"@type":"ImageObject","inLanguage":"pt-BR","@id":"https:\/\/redenoticiaz.com.br\/litoralsp\/2024\/12\/12\/morre-amaury-pasos-icone-do-basquete-brasileiro#primaryimage","url":"https:\/\/redenoticiaz.com.br\/litoralsp\/wp-content\/uploads\/sites\/3\/2024\/12\/Morre-Amaury-Pasos-icone-do-basquete-brasileiro.jpg?v=1734019537","contentUrl":"https:\/\/redenoticiaz.com.br\/litoralsp\/wp-content\/uploads\/sites\/3\/2024\/12\/Morre-Amaury-Pasos-icone-do-basquete-brasileiro.jpg?v=1734019537","width":1200,"height":628},{"@type":"WebSite","@id":"https:\/\/redenoticiaz.com.br\/litoralsp\/#website","url":"https:\/\/redenoticiaz.com.br\/litoralsp\/","name":"Litoral SP","description":"Rede NoticiaZ","publisher":{"@id":"https:\/\/redenoticiaz.com.br\/litoralsp\/#organization"},"potentialAction":[{"@type":"SearchAction","target":{"@type":"EntryPoint","urlTemplate":"https:\/\/redenoticiaz.com.br\/litoralsp\/?s={search_term_string}"},"query-input":{"@type":"PropertyValueSpecification","valueRequired":true,"valueName":"search_term_string"}}],"inLanguage":"pt-BR"},{"@type":"Organization","@id":"https:\/\/redenoticiaz.com.br\/litoralsp\/#organization","name":"Litoral SP","url":"https:\/\/redenoticiaz.com.br\/litoralsp\/","logo":{"@type":"ImageObject","inLanguage":"pt-BR","@id":"https:\/\/redenoticiaz.com.br\/litoralsp\/#\/schema\/logo\/image\/","url":"https:\/\/redenoticiaz.com.br\/litoralsp\/wp-content\/uploads\/sites\/3\/2020\/11\/logo.jpg","contentUrl":"https:\/\/redenoticiaz.com.br\/litoralsp\/wp-content\/uploads\/sites\/3\/2020\/11\/logo.jpg","width":400,"height":250,"caption":"Litoral SP"},"image":{"@id":"https:\/\/redenoticiaz.com.br\/litoralsp\/#\/schema\/logo\/image\/"}},{"@type":"Person","@id":"https:\/\/redenoticiaz.com.br\/litoralsp\/#\/schema\/person\/1f84d6e94e6a62d2d81199d7503e9e90","name":"Carina Reifonas","image":{"@type":"ImageObject","inLanguage":"pt-BR","@id":"https:\/\/secure.gravatar.com\/avatar\/04c59859b23696cf867715880f81d5c037e60109730bdb4e6670ec2a2245bc97?s=96&d=mm&r=g","url":"https:\/\/secure.gravatar.com\/avatar\/04c59859b23696cf867715880f81d5c037e60109730bdb4e6670ec2a2245bc97?s=96&d=mm&r=g","contentUrl":"https:\/\/secure.gravatar.com\/avatar\/04c59859b23696cf867715880f81d5c037e60109730bdb4e6670ec2a2245bc97?s=96&d=mm&r=g","caption":"Carina Reifonas"},"url":"https:\/\/redenoticiaz.com.br\/litoralsp\/author\/carinareifonas"}]}},"_links":{"self":[{"href":"https:\/\/redenoticiaz.com.br\/litoralsp\/wp-json\/wp\/v2\/posts\/119695","targetHints":{"allow":["GET"]}}],"collection":[{"href":"https:\/\/redenoticiaz.com.br\/litoralsp\/wp-json\/wp\/v2\/posts"}],"about":[{"href":"https:\/\/redenoticiaz.com.br\/litoralsp\/wp-json\/wp\/v2\/types\/post"}],"author":[{"embeddable":true,"href":"https:\/\/redenoticiaz.com.br\/litoralsp\/wp-json\/wp\/v2\/users\/30"}],"replies":[{"embeddable":true,"href":"https:\/\/redenoticiaz.com.br\/litoralsp\/wp-json\/wp\/v2\/comments?post=119695"}],"version-history":[{"count":0,"href":"https:\/\/redenoticiaz.com.br\/litoralsp\/wp-json\/wp\/v2\/posts\/119695\/revisions"}],"wp:featuredmedia":[{"embeddable":true,"href":"https:\/\/redenoticiaz.com.br\/litoralsp\/wp-json\/wp\/v2\/media\/119696"}],"wp:attachment":[{"href":"https:\/\/redenoticiaz.com.br\/litoralsp\/wp-json\/wp\/v2\/media?parent=119695"}],"wp:term":[{"taxonomy":"category","embeddable":true,"href":"https:\/\/redenoticiaz.com.br\/litoralsp\/wp-json\/wp\/v2\/categories?post=119695"},{"taxonomy":"post_tag","embeddable":true,"href":"https:\/\/redenoticiaz.com.br\/litoralsp\/wp-json\/wp\/v2\/tags?post=119695"}],"curies":[{"name":"wp","href":"https:\/\/api.w.org\/{rel}","templated":true}]}}