{"id":119749,"date":"2024-12-16T14:15:56","date_gmt":"2024-12-16T17:15:56","guid":{"rendered":"https:\/\/redenoticiaz.com.br\/litoralsp\/2024\/12\/16\/dolar-banco-central-realiza-leilao-para-conter-alta"},"modified":"2024-12-16T14:15:56","modified_gmt":"2024-12-16T17:15:56","slug":"dolar-banco-central-realiza-leilao-para-conter-alta","status":"publish","type":"post","link":"https:\/\/redenoticiaz.com.br\/litoralsp\/2024\/12\/16\/dolar-banco-central-realiza-leilao-para-conter-alta","title":{"rendered":"D\u00f3lar \u2014 Banco Central realiza leil\u00e3o para conter alta"},"content":{"rendered":"<p>O d\u00f3lar teve uma abertura de preg\u00e3o em forte alta nesta segunda-feira (16), atingindo R$ 6,09. Para conter essa valoriza\u00e7\u00e3o, o Banco Central (BC) realizou um leil\u00e3o de venda de divisas \u00e0 vista, no valor de US$ 1,63 bilh\u00e3o, al\u00e9m de um leil\u00e3o de at\u00e9 US$ 3 bilh\u00f5es com recompra, programado na \u00faltima sexta-feira (13). Essas medidas conseguiram reduzir temporariamente a cota\u00e7\u00e3o para R$ 6,04, mas a moeda voltou a subir no fim da manh\u00e3.<\/p>\n<p>O mercado est\u00e1 atento a importantes divulga\u00e7\u00f5es econ\u00f4micas nesta semana. Entre os destaques, est\u00e3o o boletim Focus, que aponta aumento na proje\u00e7\u00e3o da infla\u00e7\u00e3o para 2024 e 2025, al\u00e9m de poss\u00edveis eleva\u00e7\u00f5es nas taxas de juros. Tamb\u00e9m s\u00e3o esperadas a ata da \u00faltima reuni\u00e3o do Comit\u00ea de Pol\u00edtica Monet\u00e1ria (Copom), o relat\u00f3rio trimestral de infla\u00e7\u00e3o e a reuni\u00e3o do Federal Reserve (Fed), que decidir\u00e1 sobre as taxas de juros nos Estados Unidos.<\/p>\n<p>No Brasil, investidores monitoram o notici\u00e1rio relacionado ao pacote fiscal do governo e as movimenta\u00e7\u00f5es no Congresso Nacional. O principal \u00edndice da bolsa de valores, o Ibovespa, iniciou o dia sem uma dire\u00e7\u00e3o clara.<\/p>\n<p>LEIA MAIS<\/p>\n<p><a href=\"https:\/\/redenoticiaz.com.br\/blog\/2024\/12\/16\/weg-abre-vagas-confira-os-requisitos-e-como-se-candidatar\">WEG abre vagas: confira os requisitos e como se candidatar<\/a><\/p>\n<p><a href=\"https:\/\/redenoticiaz.com.br\/blog\/2024\/12\/16\/homem-morre-atropelado-na-rodovia-dos-bandeirantes\">Homem morre atropelado na Rodovia dos Bandeirantes<\/a><\/p>\n","protected":false},"excerpt":{"rendered":"<p>O d\u00f3lar teve uma abertura de preg\u00e3o em forte alta nesta segunda-feira (16), atingindo R$ 6,09. Para conter essa valoriza\u00e7\u00e3o, o Banco Central (BC) realizou um leil\u00e3o de venda de divisas \u00e0 vista, no valor de US$ 1,63 bilh\u00e3o, al\u00e9m de um leil\u00e3o de at\u00e9 US$ 3 bilh\u00f5es com recompra, programado na \u00faltima sexta-feira (13). &hellip;<\/p>\n","protected":false},"author":30,"featured_media":119750,"comment_status":"open","ping_status":"closed","sticky":false,"template":"","format":"standard","meta":{"footnotes":""},"categories":[97],"tags":[9220,4806,59073,4495,32977],"class_list":["post-119749","post","type-post","status-publish","format-standard","has-post-thumbnail","hentry","category-economia","tag-alta","tag-banco-central","tag-dolar","tag-estados-unidos","tag-fred"],"yoast_head":"<!-- This site is optimized with the Yoast SEO plugin v27.5 - https:\/\/yoast.com\/product\/yoast-seo-wordpress\/ -->\n<title>D\u00f3lar \u2014 Banco Central realiza leil\u00e3o para conter alta - Litoral SP<\/title>\n<meta name=\"description\" content=\"O d\u00f3lar teve uma abertura de preg\u00e3o em forte alta, atingindo R$ 6,09. Para conter essa valoriza\u00e7\u00e3o, o Banco Central (BC) realizou um leil\u00e3o.\" \/>\n<meta name=\"robots\" content=\"index, follow, max-snippet:-1, max-image-preview:large, max-video-preview:-1\" \/>\n<link rel=\"canonical\" href=\"https:\/\/redenoticiaz.com.br\/litoralsp\/2024\/12\/16\/dolar-banco-central-realiza-leilao-para-conter-alta\" \/>\n<meta property=\"og:locale\" content=\"pt_BR\" \/>\n<meta property=\"og:type\" content=\"article\" \/>\n<meta property=\"og:title\" content=\"D\u00f3lar \u2014 Banco Central realiza leil\u00e3o para conter alta - Litoral SP\" \/>\n<meta property=\"og:description\" content=\"O d\u00f3lar teve uma abertura de preg\u00e3o em forte alta, atingindo R$ 6,09. Para conter essa valoriza\u00e7\u00e3o, o Banco Central (BC) realizou um leil\u00e3o.\" \/>\n<meta property=\"og:url\" content=\"https:\/\/redenoticiaz.com.br\/litoralsp\/2024\/12\/16\/dolar-banco-central-realiza-leilao-para-conter-alta\" \/>\n<meta property=\"og:site_name\" content=\"Litoral SP\" \/>\n<meta property=\"article:published_time\" content=\"2024-12-16T17:15:56+00:00\" \/>\n<meta property=\"og:image\" content=\"https:\/\/redenoticiaz.com.br\/litoralsp\/wp-content\/uploads\/sites\/3\/2024\/12\/dolar.jpg\" \/>\n\t<meta property=\"og:image:width\" content=\"1024\" \/>\n\t<meta property=\"og:image:height\" content=\"613\" \/>\n\t<meta property=\"og:image:type\" content=\"image\/jpeg\" \/>\n<meta name=\"author\" content=\"Carina Reifonas\" \/>\n<meta name=\"twitter:card\" content=\"summary_large_image\" \/>\n<meta name=\"twitter:label1\" content=\"Escrito por\" \/>\n\t<meta name=\"twitter:data1\" content=\"Carina Reifonas\" \/>\n\t<meta name=\"twitter:label2\" content=\"Est. tempo de leitura\" \/>\n\t<meta name=\"twitter:data2\" content=\"2 minutos\" \/>\n<script type=\"application\/ld+json\" class=\"yoast-schema-graph\">{\"@context\":\"https:\\\/\\\/schema.org\",\"@graph\":[{\"@type\":\"Article\",\"@id\":\"https:\\\/\\\/redenoticiaz.com.br\\\/litoralsp\\\/2024\\\/12\\\/16\\\/dolar-banco-central-realiza-leilao-para-conter-alta#article\",\"isPartOf\":{\"@id\":\"https:\\\/\\\/redenoticiaz.com.br\\\/litoralsp\\\/2024\\\/12\\\/16\\\/dolar-banco-central-realiza-leilao-para-conter-alta\"},\"author\":{\"name\":\"Carina Reifonas\",\"@id\":\"https:\\\/\\\/redenoticiaz.com.br\\\/litoralsp\\\/#\\\/schema\\\/person\\\/1f84d6e94e6a62d2d81199d7503e9e90\"},\"headline\":\"D\u00f3lar \u2014 Banco Central realiza leil\u00e3o para conter alta\",\"datePublished\":\"2024-12-16T17:15:56+00:00\",\"mainEntityOfPage\":{\"@id\":\"https:\\\/\\\/redenoticiaz.com.br\\\/litoralsp\\\/2024\\\/12\\\/16\\\/dolar-banco-central-realiza-leilao-para-conter-alta\"},\"wordCount\":229,\"commentCount\":0,\"publisher\":{\"@id\":\"https:\\\/\\\/redenoticiaz.com.br\\\/litoralsp\\\/#organization\"},\"image\":{\"@id\":\"https:\\\/\\\/redenoticiaz.com.br\\\/litoralsp\\\/2024\\\/12\\\/16\\\/dolar-banco-central-realiza-leilao-para-conter-alta#primaryimage\"},\"thumbnailUrl\":\"https:\\\/\\\/redenoticiaz.com.br\\\/litoralsp\\\/wp-content\\\/uploads\\\/sites\\\/3\\\/2024\\\/12\\\/dolar.jpg\",\"keywords\":[\"alta\",\"banco central\",\"D\u00d3LAR\",\"Estados Unidos\",\"FRED\"],\"articleSection\":[\"Economia\"],\"inLanguage\":\"pt-BR\",\"potentialAction\":[{\"@type\":\"CommentAction\",\"name\":\"Comment\",\"target\":[\"https:\\\/\\\/redenoticiaz.com.br\\\/litoralsp\\\/2024\\\/12\\\/16\\\/dolar-banco-central-realiza-leilao-para-conter-alta#respond\"]}]},{\"@type\":\"WebPage\",\"@id\":\"https:\\\/\\\/redenoticiaz.com.br\\\/litoralsp\\\/2024\\\/12\\\/16\\\/dolar-banco-central-realiza-leilao-para-conter-alta\",\"url\":\"https:\\\/\\\/redenoticiaz.com.br\\\/litoralsp\\\/2024\\\/12\\\/16\\\/dolar-banco-central-realiza-leilao-para-conter-alta\",\"name\":\"D\u00f3lar \u2014 Banco Central realiza leil\u00e3o para conter alta - Litoral SP\",\"isPartOf\":{\"@id\":\"https:\\\/\\\/redenoticiaz.com.br\\\/litoralsp\\\/#website\"},\"primaryImageOfPage\":{\"@id\":\"https:\\\/\\\/redenoticiaz.com.br\\\/litoralsp\\\/2024\\\/12\\\/16\\\/dolar-banco-central-realiza-leilao-para-conter-alta#primaryimage\"},\"image\":{\"@id\":\"https:\\\/\\\/redenoticiaz.com.br\\\/litoralsp\\\/2024\\\/12\\\/16\\\/dolar-banco-central-realiza-leilao-para-conter-alta#primaryimage\"},\"thumbnailUrl\":\"https:\\\/\\\/redenoticiaz.com.br\\\/litoralsp\\\/wp-content\\\/uploads\\\/sites\\\/3\\\/2024\\\/12\\\/dolar.jpg\",\"datePublished\":\"2024-12-16T17:15:56+00:00\",\"description\":\"O d\u00f3lar teve uma abertura de preg\u00e3o em forte alta, atingindo R$ 6,09. Para conter essa valoriza\u00e7\u00e3o, o Banco Central (BC) realizou um leil\u00e3o.\",\"inLanguage\":\"pt-BR\",\"potentialAction\":[{\"@type\":\"ReadAction\",\"target\":[\"https:\\\/\\\/redenoticiaz.com.br\\\/litoralsp\\\/2024\\\/12\\\/16\\\/dolar-banco-central-realiza-leilao-para-conter-alta\"]}]},{\"@type\":\"ImageObject\",\"inLanguage\":\"pt-BR\",\"@id\":\"https:\\\/\\\/redenoticiaz.com.br\\\/litoralsp\\\/2024\\\/12\\\/16\\\/dolar-banco-central-realiza-leilao-para-conter-alta#primaryimage\",\"url\":\"https:\\\/\\\/redenoticiaz.com.br\\\/litoralsp\\\/wp-content\\\/uploads\\\/sites\\\/3\\\/2024\\\/12\\\/dolar.jpg\",\"contentUrl\":\"https:\\\/\\\/redenoticiaz.com.br\\\/litoralsp\\\/wp-content\\\/uploads\\\/sites\\\/3\\\/2024\\\/12\\\/dolar.jpg\",\"width\":1024,\"height\":613,\"caption\":\"Dolares-Moeda estrangeira\"},{\"@type\":\"WebSite\",\"@id\":\"https:\\\/\\\/redenoticiaz.com.br\\\/litoralsp\\\/#website\",\"url\":\"https:\\\/\\\/redenoticiaz.com.br\\\/litoralsp\\\/\",\"name\":\"Litoral SP\",\"description\":\"Rede NoticiaZ\",\"publisher\":{\"@id\":\"https:\\\/\\\/redenoticiaz.com.br\\\/litoralsp\\\/#organization\"},\"potentialAction\":[{\"@type\":\"SearchAction\",\"target\":{\"@type\":\"EntryPoint\",\"urlTemplate\":\"https:\\\/\\\/redenoticiaz.com.br\\\/litoralsp\\\/?s={search_term_string}\"},\"query-input\":{\"@type\":\"PropertyValueSpecification\",\"valueRequired\":true,\"valueName\":\"search_term_string\"}}],\"inLanguage\":\"pt-BR\"},{\"@type\":\"Organization\",\"@id\":\"https:\\\/\\\/redenoticiaz.com.br\\\/litoralsp\\\/#organization\",\"name\":\"Litoral SP\",\"url\":\"https:\\\/\\\/redenoticiaz.com.br\\\/litoralsp\\\/\",\"logo\":{\"@type\":\"ImageObject\",\"inLanguage\":\"pt-BR\",\"@id\":\"https:\\\/\\\/redenoticiaz.com.br\\\/litoralsp\\\/#\\\/schema\\\/logo\\\/image\\\/\",\"url\":\"https:\\\/\\\/redenoticiaz.com.br\\\/litoralsp\\\/wp-content\\\/uploads\\\/sites\\\/3\\\/2020\\\/11\\\/logo.jpg\",\"contentUrl\":\"https:\\\/\\\/redenoticiaz.com.br\\\/litoralsp\\\/wp-content\\\/uploads\\\/sites\\\/3\\\/2020\\\/11\\\/logo.jpg\",\"width\":400,\"height\":250,\"caption\":\"Litoral SP\"},\"image\":{\"@id\":\"https:\\\/\\\/redenoticiaz.com.br\\\/litoralsp\\\/#\\\/schema\\\/logo\\\/image\\\/\"}},{\"@type\":\"Person\",\"@id\":\"https:\\\/\\\/redenoticiaz.com.br\\\/litoralsp\\\/#\\\/schema\\\/person\\\/1f84d6e94e6a62d2d81199d7503e9e90\",\"name\":\"Carina Reifonas\",\"image\":{\"@type\":\"ImageObject\",\"inLanguage\":\"pt-BR\",\"@id\":\"https:\\\/\\\/secure.gravatar.com\\\/avatar\\\/04c59859b23696cf867715880f81d5c037e60109730bdb4e6670ec2a2245bc97?s=96&d=mm&r=g\",\"url\":\"https:\\\/\\\/secure.gravatar.com\\\/avatar\\\/04c59859b23696cf867715880f81d5c037e60109730bdb4e6670ec2a2245bc97?s=96&d=mm&r=g\",\"contentUrl\":\"https:\\\/\\\/secure.gravatar.com\\\/avatar\\\/04c59859b23696cf867715880f81d5c037e60109730bdb4e6670ec2a2245bc97?s=96&d=mm&r=g\",\"caption\":\"Carina Reifonas\"},\"url\":\"https:\\\/\\\/redenoticiaz.com.br\\\/litoralsp\\\/author\\\/carinareifonas\"}]}<\/script>\n<!-- \/ Yoast SEO plugin. -->","yoast_head_json":{"title":"D\u00f3lar \u2014 Banco Central realiza leil\u00e3o para conter alta - Litoral SP","description":"O d\u00f3lar teve uma abertura de preg\u00e3o em forte alta, atingindo R$ 6,09. Para conter essa valoriza\u00e7\u00e3o, o Banco Central (BC) realizou um leil\u00e3o.","robots":{"index":"index","follow":"follow","max-snippet":"max-snippet:-1","max-image-preview":"max-image-preview:large","max-video-preview":"max-video-preview:-1"},"canonical":"https:\/\/redenoticiaz.com.br\/litoralsp\/2024\/12\/16\/dolar-banco-central-realiza-leilao-para-conter-alta","og_locale":"pt_BR","og_type":"article","og_title":"D\u00f3lar \u2014 Banco Central realiza leil\u00e3o para conter alta - Litoral SP","og_description":"O d\u00f3lar teve uma abertura de preg\u00e3o em forte alta, atingindo R$ 6,09. Para conter essa valoriza\u00e7\u00e3o, o Banco Central (BC) realizou um leil\u00e3o.","og_url":"https:\/\/redenoticiaz.com.br\/litoralsp\/2024\/12\/16\/dolar-banco-central-realiza-leilao-para-conter-alta","og_site_name":"Litoral SP","article_published_time":"2024-12-16T17:15:56+00:00","og_image":[{"width":1024,"height":613,"url":"https:\/\/redenoticiaz.com.br\/litoralsp\/wp-content\/uploads\/sites\/3\/2024\/12\/dolar.jpg","type":"image\/jpeg"}],"author":"Carina Reifonas","twitter_card":"summary_large_image","twitter_misc":{"Escrito por":"Carina Reifonas","Est. tempo de leitura":"2 minutos"},"schema":{"@context":"https:\/\/schema.org","@graph":[{"@type":"Article","@id":"https:\/\/redenoticiaz.com.br\/litoralsp\/2024\/12\/16\/dolar-banco-central-realiza-leilao-para-conter-alta#article","isPartOf":{"@id":"https:\/\/redenoticiaz.com.br\/litoralsp\/2024\/12\/16\/dolar-banco-central-realiza-leilao-para-conter-alta"},"author":{"name":"Carina Reifonas","@id":"https:\/\/redenoticiaz.com.br\/litoralsp\/#\/schema\/person\/1f84d6e94e6a62d2d81199d7503e9e90"},"headline":"D\u00f3lar \u2014 Banco Central realiza leil\u00e3o para conter alta","datePublished":"2024-12-16T17:15:56+00:00","mainEntityOfPage":{"@id":"https:\/\/redenoticiaz.com.br\/litoralsp\/2024\/12\/16\/dolar-banco-central-realiza-leilao-para-conter-alta"},"wordCount":229,"commentCount":0,"publisher":{"@id":"https:\/\/redenoticiaz.com.br\/litoralsp\/#organization"},"image":{"@id":"https:\/\/redenoticiaz.com.br\/litoralsp\/2024\/12\/16\/dolar-banco-central-realiza-leilao-para-conter-alta#primaryimage"},"thumbnailUrl":"https:\/\/redenoticiaz.com.br\/litoralsp\/wp-content\/uploads\/sites\/3\/2024\/12\/dolar.jpg","keywords":["alta","banco central","D\u00d3LAR","Estados Unidos","FRED"],"articleSection":["Economia"],"inLanguage":"pt-BR","potentialAction":[{"@type":"CommentAction","name":"Comment","target":["https:\/\/redenoticiaz.com.br\/litoralsp\/2024\/12\/16\/dolar-banco-central-realiza-leilao-para-conter-alta#respond"]}]},{"@type":"WebPage","@id":"https:\/\/redenoticiaz.com.br\/litoralsp\/2024\/12\/16\/dolar-banco-central-realiza-leilao-para-conter-alta","url":"https:\/\/redenoticiaz.com.br\/litoralsp\/2024\/12\/16\/dolar-banco-central-realiza-leilao-para-conter-alta","name":"D\u00f3lar \u2014 Banco Central realiza leil\u00e3o para conter alta - Litoral SP","isPartOf":{"@id":"https:\/\/redenoticiaz.com.br\/litoralsp\/#website"},"primaryImageOfPage":{"@id":"https:\/\/redenoticiaz.com.br\/litoralsp\/2024\/12\/16\/dolar-banco-central-realiza-leilao-para-conter-alta#primaryimage"},"image":{"@id":"https:\/\/redenoticiaz.com.br\/litoralsp\/2024\/12\/16\/dolar-banco-central-realiza-leilao-para-conter-alta#primaryimage"},"thumbnailUrl":"https:\/\/redenoticiaz.com.br\/litoralsp\/wp-content\/uploads\/sites\/3\/2024\/12\/dolar.jpg","datePublished":"2024-12-16T17:15:56+00:00","description":"O d\u00f3lar teve uma abertura de preg\u00e3o em forte alta, atingindo R$ 6,09. Para conter essa valoriza\u00e7\u00e3o, o Banco Central (BC) realizou um leil\u00e3o.","inLanguage":"pt-BR","potentialAction":[{"@type":"ReadAction","target":["https:\/\/redenoticiaz.com.br\/litoralsp\/2024\/12\/16\/dolar-banco-central-realiza-leilao-para-conter-alta"]}]},{"@type":"ImageObject","inLanguage":"pt-BR","@id":"https:\/\/redenoticiaz.com.br\/litoralsp\/2024\/12\/16\/dolar-banco-central-realiza-leilao-para-conter-alta#primaryimage","url":"https:\/\/redenoticiaz.com.br\/litoralsp\/wp-content\/uploads\/sites\/3\/2024\/12\/dolar.jpg","contentUrl":"https:\/\/redenoticiaz.com.br\/litoralsp\/wp-content\/uploads\/sites\/3\/2024\/12\/dolar.jpg","width":1024,"height":613,"caption":"Dolares-Moeda estrangeira"},{"@type":"WebSite","@id":"https:\/\/redenoticiaz.com.br\/litoralsp\/#website","url":"https:\/\/redenoticiaz.com.br\/litoralsp\/","name":"Litoral SP","description":"Rede NoticiaZ","publisher":{"@id":"https:\/\/redenoticiaz.com.br\/litoralsp\/#organization"},"potentialAction":[{"@type":"SearchAction","target":{"@type":"EntryPoint","urlTemplate":"https:\/\/redenoticiaz.com.br\/litoralsp\/?s={search_term_string}"},"query-input":{"@type":"PropertyValueSpecification","valueRequired":true,"valueName":"search_term_string"}}],"inLanguage":"pt-BR"},{"@type":"Organization","@id":"https:\/\/redenoticiaz.com.br\/litoralsp\/#organization","name":"Litoral SP","url":"https:\/\/redenoticiaz.com.br\/litoralsp\/","logo":{"@type":"ImageObject","inLanguage":"pt-BR","@id":"https:\/\/redenoticiaz.com.br\/litoralsp\/#\/schema\/logo\/image\/","url":"https:\/\/redenoticiaz.com.br\/litoralsp\/wp-content\/uploads\/sites\/3\/2020\/11\/logo.jpg","contentUrl":"https:\/\/redenoticiaz.com.br\/litoralsp\/wp-content\/uploads\/sites\/3\/2020\/11\/logo.jpg","width":400,"height":250,"caption":"Litoral SP"},"image":{"@id":"https:\/\/redenoticiaz.com.br\/litoralsp\/#\/schema\/logo\/image\/"}},{"@type":"Person","@id":"https:\/\/redenoticiaz.com.br\/litoralsp\/#\/schema\/person\/1f84d6e94e6a62d2d81199d7503e9e90","name":"Carina Reifonas","image":{"@type":"ImageObject","inLanguage":"pt-BR","@id":"https:\/\/secure.gravatar.com\/avatar\/04c59859b23696cf867715880f81d5c037e60109730bdb4e6670ec2a2245bc97?s=96&d=mm&r=g","url":"https:\/\/secure.gravatar.com\/avatar\/04c59859b23696cf867715880f81d5c037e60109730bdb4e6670ec2a2245bc97?s=96&d=mm&r=g","contentUrl":"https:\/\/secure.gravatar.com\/avatar\/04c59859b23696cf867715880f81d5c037e60109730bdb4e6670ec2a2245bc97?s=96&d=mm&r=g","caption":"Carina Reifonas"},"url":"https:\/\/redenoticiaz.com.br\/litoralsp\/author\/carinareifonas"}]}},"_links":{"self":[{"href":"https:\/\/redenoticiaz.com.br\/litoralsp\/wp-json\/wp\/v2\/posts\/119749","targetHints":{"allow":["GET"]}}],"collection":[{"href":"https:\/\/redenoticiaz.com.br\/litoralsp\/wp-json\/wp\/v2\/posts"}],"about":[{"href":"https:\/\/redenoticiaz.com.br\/litoralsp\/wp-json\/wp\/v2\/types\/post"}],"author":[{"embeddable":true,"href":"https:\/\/redenoticiaz.com.br\/litoralsp\/wp-json\/wp\/v2\/users\/30"}],"replies":[{"embeddable":true,"href":"https:\/\/redenoticiaz.com.br\/litoralsp\/wp-json\/wp\/v2\/comments?post=119749"}],"version-history":[{"count":0,"href":"https:\/\/redenoticiaz.com.br\/litoralsp\/wp-json\/wp\/v2\/posts\/119749\/revisions"}],"wp:featuredmedia":[{"embeddable":true,"href":"https:\/\/redenoticiaz.com.br\/litoralsp\/wp-json\/wp\/v2\/media\/119750"}],"wp:attachment":[{"href":"https:\/\/redenoticiaz.com.br\/litoralsp\/wp-json\/wp\/v2\/media?parent=119749"}],"wp:term":[{"taxonomy":"category","embeddable":true,"href":"https:\/\/redenoticiaz.com.br\/litoralsp\/wp-json\/wp\/v2\/categories?post=119749"},{"taxonomy":"post_tag","embeddable":true,"href":"https:\/\/redenoticiaz.com.br\/litoralsp\/wp-json\/wp\/v2\/tags?post=119749"}],"curies":[{"name":"wp","href":"https:\/\/api.w.org\/{rel}","templated":true}]}}