{"id":119803,"date":"2024-12-19T18:30:48","date_gmt":"2024-12-19T21:30:48","guid":{"rendered":"https:\/\/redenoticiaz.com.br\/litoralsp\/?p=119803"},"modified":"2024-12-19T17:48:29","modified_gmt":"2024-12-19T20:48:29","slug":"policial-militar-morre-apos-cair-de-moto-e-ser-atropelado","status":"publish","type":"post","link":"https:\/\/redenoticiaz.com.br\/litoralsp\/2024\/12\/19\/policial-militar-morre-apos-cair-de-moto-e-ser-atropelado","title":{"rendered":"Policial Militar morre ap\u00f3s cair de moto e ser atropelado"},"content":{"rendered":"<div id=\"chunk-9dgh9\">\n<div class=\"mc-column content-text active-extra-styles \" data-block-type=\"unstyled\" data-block-weight=\"46\" data-block-id=\"2\">\n<p data-track-category=\"Link no Texto\" data-track-links=\"\" data-mrf-recirculation=\"Mat\u00e9ria - Links no Texto\">Um policial militar morreu ap\u00f3s cair de moto e ser atropelado a Rodovia Anchieta, na altura de Cubat\u00e3o (SP) nesta \u00faltima quarta-feira (18).<\/p>\n<p data-track-category=\"Link no Texto\" data-track-links=\"\" data-mrf-recirculation=\"Mat\u00e9ria - Links no Texto\">De acordo com as informa\u00e7\u00f5es, Raphael Siqueira Gabia estava lotado na Baixada Santista por conta da Opera\u00e7\u00e3o Ver\u00e3o.<\/p>\n<p data-track-category=\"Link no Texto\" data-track-links=\"\" data-mrf-recirculation=\"Mat\u00e9ria - Links no Texto\">Ainda de acordo com as informa\u00e7\u00f5es, Raphael estava dirigindo pelo corredor da rodovia quando perdeu o controle de dire\u00e7\u00e3o da moto e bateu na lateral de uma carreta.<\/p>\n<div id=\"chunk-fbfu4\">\n<div class=\"mc-column content-text active-extra-styles \" data-block-type=\"unstyled\" data-block-weight=\"50\" data-block-id=\"10\">\n<p class=\" content-text__container \" data-track-category=\"Link no Texto\" data-track-links=\"\" data-mrf-recirculation=\"Mat\u00e9ria - Links no Texto\">O 21\u00ba BPM\/I emitiu uma nota de pesar sobre Raphael nas redes sociais. Segundo o batalh\u00e3o, ele estava lotado na unidade por conta da Opera\u00e7\u00e3o Ver\u00e3o. \u201cNeste momento de dor e tristeza, rogamos a Deus para que possa consolar familiares e amigos que sentem tamanha perda\u201d, publicou o BPM\/I.<\/p>\n<\/div>\n<\/div>\n<div id=\"chunk-2v053\">\n<div class=\"mc-column content-text active-extra-styles \" data-block-type=\"unstyled\" data-block-weight=\"10\" data-block-id=\"11\">\n<p class=\" content-text__container \" data-track-category=\"Link no Texto\" data-track-links=\"\" data-mrf-recirculation=\"Mat\u00e9ria - Links no Texto\">Informa\u00e7\u00f5es sobre vel\u00f3rio e sepultamento ainda n\u00e3o foram divulgadas.<\/p>\n<p data-track-category=\"Link no Texto\" data-track-links=\"\" data-mrf-recirculation=\"Mat\u00e9ria - Links no Texto\"><strong>Leia mais<\/strong><\/p>\n<p data-track-category=\"Link no Texto\" data-track-links=\"\" data-mrf-recirculation=\"Mat\u00e9ria - Links no Texto\"><a href=\"https:\/\/redenoticiaz.com.br\/litoralsp\/2024\/12\/18\/departamento-de-operacoes-ambientais-divulga-resultado-das-acoes-em-2024\">Vanessa Motta revela estrat\u00e9gias para transformar sua carreira<\/a><\/p>\n<p data-track-category=\"Link no Texto\" data-track-links=\"\" data-mrf-recirculation=\"Mat\u00e9ria - Links no Texto\"><a href=\"https:\/\/redenoticiaz.com.br\/litoralsp\/2024\/12\/18\/video-sertanejo-lucas-lucco-divulga-video-pelado-sem-querer\">Prefeito e vice-prefeita de Santos s\u00e3o diplomados pela Justi\u00e7a Eleitoral<\/a><\/p>\n<\/div>\n<\/div>\n<\/div>\n<\/div>\n","protected":false},"excerpt":{"rendered":"<p>Um policial militar morreu ap\u00f3s cair de moto e ser atropelado a Rodovia Anchieta, na altura de Cubat\u00e3o (SP) nesta \u00faltima quarta-feira (18). De acordo com as informa\u00e7\u00f5es, Raphael Siqueira Gabia estava lotado na Baixada Santista por conta da Opera\u00e7\u00e3o Ver\u00e3o. Ainda de acordo com as informa\u00e7\u00f5es, Raphael estava dirigindo pelo corredor da rodovia quando &hellip;<\/p>\n","protected":false},"author":12,"featured_media":119804,"comment_status":"open","ping_status":"closed","sticky":false,"template":"","format":"standard","meta":{"footnotes":""},"categories":[186,10],"tags":[1024,1386,1605,11025],"class_list":["post-119803","post","type-post","status-publish","format-standard","has-post-thumbnail","hentry","category-cubatao","category-policia","tag-cubatao","tag-pm","tag-policial","tag-policial-militar"],"yoast_head":"<!-- This site is optimized with the Yoast SEO plugin v27.5 - https:\/\/yoast.com\/product\/yoast-seo-wordpress\/ -->\n<title>Policial Militar morre ap\u00f3s cair de moto e ser atropelado - Litoral SP<\/title>\n<meta name=\"description\" content=\"Um policial militar morreu ap\u00f3s cair de moto e ser atropelado a Rodovia Anchieta, na altura de Cubat\u00e3o (SP) nesta \u00faltima quarta-feira (18).\" \/>\n<meta name=\"robots\" content=\"index, follow, max-snippet:-1, max-image-preview:large, max-video-preview:-1\" \/>\n<link rel=\"canonical\" href=\"https:\/\/redenoticiaz.com.br\/litoralsp\/2024\/12\/19\/policial-militar-morre-apos-cair-de-moto-e-ser-atropelado\" \/>\n<meta property=\"og:locale\" content=\"pt_BR\" \/>\n<meta property=\"og:type\" content=\"article\" \/>\n<meta property=\"og:title\" content=\"Policial Militar morre ap\u00f3s cair de moto e ser atropelado - Litoral SP\" \/>\n<meta property=\"og:description\" content=\"Um policial militar morreu ap\u00f3s cair de moto e ser atropelado a Rodovia Anchieta, na altura de Cubat\u00e3o (SP) nesta \u00faltima quarta-feira (18).\" \/>\n<meta property=\"og:url\" content=\"https:\/\/redenoticiaz.com.br\/litoralsp\/2024\/12\/19\/policial-militar-morre-apos-cair-de-moto-e-ser-atropelado\" \/>\n<meta property=\"og:site_name\" content=\"Litoral SP\" \/>\n<meta property=\"article:published_time\" content=\"2024-12-19T21:30:48+00:00\" \/>\n<meta property=\"og:image\" content=\"https:\/\/redenoticiaz.com.br\/litoralsp\/wp-content\/uploads\/sites\/3\/2024\/12\/Captura-de-tela_19-12-2024_164948_g1.globo_.com_.jpeg\" \/>\n\t<meta property=\"og:image:width\" content=\"790\" \/>\n\t<meta property=\"og:image:height\" content=\"457\" \/>\n\t<meta property=\"og:image:type\" content=\"image\/jpeg\" \/>\n<meta name=\"author\" content=\"Gustavo Silva\" \/>\n<meta name=\"twitter:card\" content=\"summary_large_image\" \/>\n<meta name=\"twitter:label1\" content=\"Escrito por\" \/>\n\t<meta name=\"twitter:data1\" content=\"Gustavo Silva\" \/>\n\t<meta name=\"twitter:label2\" content=\"Est. tempo de leitura\" \/>\n\t<meta name=\"twitter:data2\" content=\"2 minutos\" \/>\n<script type=\"application\/ld+json\" class=\"yoast-schema-graph\">{\"@context\":\"https:\\\/\\\/schema.org\",\"@graph\":[{\"@type\":\"Article\",\"@id\":\"https:\\\/\\\/redenoticiaz.com.br\\\/litoralsp\\\/2024\\\/12\\\/19\\\/policial-militar-morre-apos-cair-de-moto-e-ser-atropelado#article\",\"isPartOf\":{\"@id\":\"https:\\\/\\\/redenoticiaz.com.br\\\/litoralsp\\\/2024\\\/12\\\/19\\\/policial-militar-morre-apos-cair-de-moto-e-ser-atropelado\"},\"author\":{\"name\":\"Gustavo Silva\",\"@id\":\"https:\\\/\\\/redenoticiaz.com.br\\\/litoralsp\\\/#\\\/schema\\\/person\\\/16057b37a3c0ee6b096d7f887c566e2e\"},\"headline\":\"Policial Militar morre ap\u00f3s cair de moto e ser atropelado\",\"datePublished\":\"2024-12-19T21:30:48+00:00\",\"mainEntityOfPage\":{\"@id\":\"https:\\\/\\\/redenoticiaz.com.br\\\/litoralsp\\\/2024\\\/12\\\/19\\\/policial-militar-morre-apos-cair-de-moto-e-ser-atropelado\"},\"wordCount\":174,\"commentCount\":0,\"publisher\":{\"@id\":\"https:\\\/\\\/redenoticiaz.com.br\\\/litoralsp\\\/#organization\"},\"image\":{\"@id\":\"https:\\\/\\\/redenoticiaz.com.br\\\/litoralsp\\\/2024\\\/12\\\/19\\\/policial-militar-morre-apos-cair-de-moto-e-ser-atropelado#primaryimage\"},\"thumbnailUrl\":\"https:\\\/\\\/redenoticiaz.com.br\\\/litoralsp\\\/wp-content\\\/uploads\\\/sites\\\/3\\\/2024\\\/12\\\/Captura-de-tela_19-12-2024_164948_g1.globo_.com_.jpeg\",\"keywords\":[\"CUBAT\u00c3O\",\"pm\",\"POLICIAL\",\"POLICIAL MILITAR\"],\"articleSection\":[\"Cubat\u00e3o\",\"Pol\u00edcia\"],\"inLanguage\":\"pt-BR\",\"potentialAction\":[{\"@type\":\"CommentAction\",\"name\":\"Comment\",\"target\":[\"https:\\\/\\\/redenoticiaz.com.br\\\/litoralsp\\\/2024\\\/12\\\/19\\\/policial-militar-morre-apos-cair-de-moto-e-ser-atropelado#respond\"]}]},{\"@type\":\"WebPage\",\"@id\":\"https:\\\/\\\/redenoticiaz.com.br\\\/litoralsp\\\/2024\\\/12\\\/19\\\/policial-militar-morre-apos-cair-de-moto-e-ser-atropelado\",\"url\":\"https:\\\/\\\/redenoticiaz.com.br\\\/litoralsp\\\/2024\\\/12\\\/19\\\/policial-militar-morre-apos-cair-de-moto-e-ser-atropelado\",\"name\":\"Policial Militar morre ap\u00f3s cair de moto e ser atropelado - Litoral SP\",\"isPartOf\":{\"@id\":\"https:\\\/\\\/redenoticiaz.com.br\\\/litoralsp\\\/#website\"},\"primaryImageOfPage\":{\"@id\":\"https:\\\/\\\/redenoticiaz.com.br\\\/litoralsp\\\/2024\\\/12\\\/19\\\/policial-militar-morre-apos-cair-de-moto-e-ser-atropelado#primaryimage\"},\"image\":{\"@id\":\"https:\\\/\\\/redenoticiaz.com.br\\\/litoralsp\\\/2024\\\/12\\\/19\\\/policial-militar-morre-apos-cair-de-moto-e-ser-atropelado#primaryimage\"},\"thumbnailUrl\":\"https:\\\/\\\/redenoticiaz.com.br\\\/litoralsp\\\/wp-content\\\/uploads\\\/sites\\\/3\\\/2024\\\/12\\\/Captura-de-tela_19-12-2024_164948_g1.globo_.com_.jpeg\",\"datePublished\":\"2024-12-19T21:30:48+00:00\",\"description\":\"Um policial militar morreu ap\u00f3s cair de moto e ser atropelado a Rodovia Anchieta, na altura de Cubat\u00e3o (SP) nesta \u00faltima quarta-feira (18).\",\"inLanguage\":\"pt-BR\",\"potentialAction\":[{\"@type\":\"ReadAction\",\"target\":[\"https:\\\/\\\/redenoticiaz.com.br\\\/litoralsp\\\/2024\\\/12\\\/19\\\/policial-militar-morre-apos-cair-de-moto-e-ser-atropelado\"]}]},{\"@type\":\"ImageObject\",\"inLanguage\":\"pt-BR\",\"@id\":\"https:\\\/\\\/redenoticiaz.com.br\\\/litoralsp\\\/2024\\\/12\\\/19\\\/policial-militar-morre-apos-cair-de-moto-e-ser-atropelado#primaryimage\",\"url\":\"https:\\\/\\\/redenoticiaz.com.br\\\/litoralsp\\\/wp-content\\\/uploads\\\/sites\\\/3\\\/2024\\\/12\\\/Captura-de-tela_19-12-2024_164948_g1.globo_.com_.jpeg\",\"contentUrl\":\"https:\\\/\\\/redenoticiaz.com.br\\\/litoralsp\\\/wp-content\\\/uploads\\\/sites\\\/3\\\/2024\\\/12\\\/Captura-de-tela_19-12-2024_164948_g1.globo_.com_.jpeg\",\"width\":790,\"height\":457},{\"@type\":\"WebSite\",\"@id\":\"https:\\\/\\\/redenoticiaz.com.br\\\/litoralsp\\\/#website\",\"url\":\"https:\\\/\\\/redenoticiaz.com.br\\\/litoralsp\\\/\",\"name\":\"Litoral SP\",\"description\":\"Rede NoticiaZ\",\"publisher\":{\"@id\":\"https:\\\/\\\/redenoticiaz.com.br\\\/litoralsp\\\/#organization\"},\"potentialAction\":[{\"@type\":\"SearchAction\",\"target\":{\"@type\":\"EntryPoint\",\"urlTemplate\":\"https:\\\/\\\/redenoticiaz.com.br\\\/litoralsp\\\/?s={search_term_string}\"},\"query-input\":{\"@type\":\"PropertyValueSpecification\",\"valueRequired\":true,\"valueName\":\"search_term_string\"}}],\"inLanguage\":\"pt-BR\"},{\"@type\":\"Organization\",\"@id\":\"https:\\\/\\\/redenoticiaz.com.br\\\/litoralsp\\\/#organization\",\"name\":\"Litoral SP\",\"url\":\"https:\\\/\\\/redenoticiaz.com.br\\\/litoralsp\\\/\",\"logo\":{\"@type\":\"ImageObject\",\"inLanguage\":\"pt-BR\",\"@id\":\"https:\\\/\\\/redenoticiaz.com.br\\\/litoralsp\\\/#\\\/schema\\\/logo\\\/image\\\/\",\"url\":\"https:\\\/\\\/redenoticiaz.com.br\\\/litoralsp\\\/wp-content\\\/uploads\\\/sites\\\/3\\\/2020\\\/11\\\/logo.jpg\",\"contentUrl\":\"https:\\\/\\\/redenoticiaz.com.br\\\/litoralsp\\\/wp-content\\\/uploads\\\/sites\\\/3\\\/2020\\\/11\\\/logo.jpg\",\"width\":400,\"height\":250,\"caption\":\"Litoral SP\"},\"image\":{\"@id\":\"https:\\\/\\\/redenoticiaz.com.br\\\/litoralsp\\\/#\\\/schema\\\/logo\\\/image\\\/\"}},{\"@type\":\"Person\",\"@id\":\"https:\\\/\\\/redenoticiaz.com.br\\\/litoralsp\\\/#\\\/schema\\\/person\\\/16057b37a3c0ee6b096d7f887c566e2e\",\"name\":\"Gustavo Silva\",\"image\":{\"@type\":\"ImageObject\",\"inLanguage\":\"pt-BR\",\"@id\":\"https:\\\/\\\/secure.gravatar.com\\\/avatar\\\/3ee4e82f93b26de0a7cf4ea5eb7893da637ed6bb0c9170c58065944c56e28a33?s=96&d=mm&r=g\",\"url\":\"https:\\\/\\\/secure.gravatar.com\\\/avatar\\\/3ee4e82f93b26de0a7cf4ea5eb7893da637ed6bb0c9170c58065944c56e28a33?s=96&d=mm&r=g\",\"contentUrl\":\"https:\\\/\\\/secure.gravatar.com\\\/avatar\\\/3ee4e82f93b26de0a7cf4ea5eb7893da637ed6bb0c9170c58065944c56e28a33?s=96&d=mm&r=g\",\"caption\":\"Gustavo Silva\"},\"url\":\"https:\\\/\\\/redenoticiaz.com.br\\\/litoralsp\\\/author\\\/gustavosilva\"}]}<\/script>\n<!-- \/ Yoast SEO plugin. -->","yoast_head_json":{"title":"Policial Militar morre ap\u00f3s cair de moto e ser atropelado - Litoral SP","description":"Um policial militar morreu ap\u00f3s cair de moto e ser atropelado a Rodovia Anchieta, na altura de Cubat\u00e3o (SP) nesta \u00faltima quarta-feira (18).","robots":{"index":"index","follow":"follow","max-snippet":"max-snippet:-1","max-image-preview":"max-image-preview:large","max-video-preview":"max-video-preview:-1"},"canonical":"https:\/\/redenoticiaz.com.br\/litoralsp\/2024\/12\/19\/policial-militar-morre-apos-cair-de-moto-e-ser-atropelado","og_locale":"pt_BR","og_type":"article","og_title":"Policial Militar morre ap\u00f3s cair de moto e ser atropelado - Litoral SP","og_description":"Um policial militar morreu ap\u00f3s cair de moto e ser atropelado a Rodovia Anchieta, na altura de Cubat\u00e3o (SP) nesta \u00faltima quarta-feira (18).","og_url":"https:\/\/redenoticiaz.com.br\/litoralsp\/2024\/12\/19\/policial-militar-morre-apos-cair-de-moto-e-ser-atropelado","og_site_name":"Litoral SP","article_published_time":"2024-12-19T21:30:48+00:00","og_image":[{"width":790,"height":457,"url":"https:\/\/redenoticiaz.com.br\/litoralsp\/wp-content\/uploads\/sites\/3\/2024\/12\/Captura-de-tela_19-12-2024_164948_g1.globo_.com_.jpeg","type":"image\/jpeg"}],"author":"Gustavo Silva","twitter_card":"summary_large_image","twitter_misc":{"Escrito por":"Gustavo Silva","Est. tempo de leitura":"2 minutos"},"schema":{"@context":"https:\/\/schema.org","@graph":[{"@type":"Article","@id":"https:\/\/redenoticiaz.com.br\/litoralsp\/2024\/12\/19\/policial-militar-morre-apos-cair-de-moto-e-ser-atropelado#article","isPartOf":{"@id":"https:\/\/redenoticiaz.com.br\/litoralsp\/2024\/12\/19\/policial-militar-morre-apos-cair-de-moto-e-ser-atropelado"},"author":{"name":"Gustavo Silva","@id":"https:\/\/redenoticiaz.com.br\/litoralsp\/#\/schema\/person\/16057b37a3c0ee6b096d7f887c566e2e"},"headline":"Policial Militar morre ap\u00f3s cair de moto e ser atropelado","datePublished":"2024-12-19T21:30:48+00:00","mainEntityOfPage":{"@id":"https:\/\/redenoticiaz.com.br\/litoralsp\/2024\/12\/19\/policial-militar-morre-apos-cair-de-moto-e-ser-atropelado"},"wordCount":174,"commentCount":0,"publisher":{"@id":"https:\/\/redenoticiaz.com.br\/litoralsp\/#organization"},"image":{"@id":"https:\/\/redenoticiaz.com.br\/litoralsp\/2024\/12\/19\/policial-militar-morre-apos-cair-de-moto-e-ser-atropelado#primaryimage"},"thumbnailUrl":"https:\/\/redenoticiaz.com.br\/litoralsp\/wp-content\/uploads\/sites\/3\/2024\/12\/Captura-de-tela_19-12-2024_164948_g1.globo_.com_.jpeg","keywords":["CUBAT\u00c3O","pm","POLICIAL","POLICIAL MILITAR"],"articleSection":["Cubat\u00e3o","Pol\u00edcia"],"inLanguage":"pt-BR","potentialAction":[{"@type":"CommentAction","name":"Comment","target":["https:\/\/redenoticiaz.com.br\/litoralsp\/2024\/12\/19\/policial-militar-morre-apos-cair-de-moto-e-ser-atropelado#respond"]}]},{"@type":"WebPage","@id":"https:\/\/redenoticiaz.com.br\/litoralsp\/2024\/12\/19\/policial-militar-morre-apos-cair-de-moto-e-ser-atropelado","url":"https:\/\/redenoticiaz.com.br\/litoralsp\/2024\/12\/19\/policial-militar-morre-apos-cair-de-moto-e-ser-atropelado","name":"Policial Militar morre ap\u00f3s cair de moto e ser atropelado - Litoral SP","isPartOf":{"@id":"https:\/\/redenoticiaz.com.br\/litoralsp\/#website"},"primaryImageOfPage":{"@id":"https:\/\/redenoticiaz.com.br\/litoralsp\/2024\/12\/19\/policial-militar-morre-apos-cair-de-moto-e-ser-atropelado#primaryimage"},"image":{"@id":"https:\/\/redenoticiaz.com.br\/litoralsp\/2024\/12\/19\/policial-militar-morre-apos-cair-de-moto-e-ser-atropelado#primaryimage"},"thumbnailUrl":"https:\/\/redenoticiaz.com.br\/litoralsp\/wp-content\/uploads\/sites\/3\/2024\/12\/Captura-de-tela_19-12-2024_164948_g1.globo_.com_.jpeg","datePublished":"2024-12-19T21:30:48+00:00","description":"Um policial militar morreu ap\u00f3s cair de moto e ser atropelado a Rodovia Anchieta, na altura de Cubat\u00e3o (SP) nesta \u00faltima quarta-feira (18).","inLanguage":"pt-BR","potentialAction":[{"@type":"ReadAction","target":["https:\/\/redenoticiaz.com.br\/litoralsp\/2024\/12\/19\/policial-militar-morre-apos-cair-de-moto-e-ser-atropelado"]}]},{"@type":"ImageObject","inLanguage":"pt-BR","@id":"https:\/\/redenoticiaz.com.br\/litoralsp\/2024\/12\/19\/policial-militar-morre-apos-cair-de-moto-e-ser-atropelado#primaryimage","url":"https:\/\/redenoticiaz.com.br\/litoralsp\/wp-content\/uploads\/sites\/3\/2024\/12\/Captura-de-tela_19-12-2024_164948_g1.globo_.com_.jpeg","contentUrl":"https:\/\/redenoticiaz.com.br\/litoralsp\/wp-content\/uploads\/sites\/3\/2024\/12\/Captura-de-tela_19-12-2024_164948_g1.globo_.com_.jpeg","width":790,"height":457},{"@type":"WebSite","@id":"https:\/\/redenoticiaz.com.br\/litoralsp\/#website","url":"https:\/\/redenoticiaz.com.br\/litoralsp\/","name":"Litoral SP","description":"Rede NoticiaZ","publisher":{"@id":"https:\/\/redenoticiaz.com.br\/litoralsp\/#organization"},"potentialAction":[{"@type":"SearchAction","target":{"@type":"EntryPoint","urlTemplate":"https:\/\/redenoticiaz.com.br\/litoralsp\/?s={search_term_string}"},"query-input":{"@type":"PropertyValueSpecification","valueRequired":true,"valueName":"search_term_string"}}],"inLanguage":"pt-BR"},{"@type":"Organization","@id":"https:\/\/redenoticiaz.com.br\/litoralsp\/#organization","name":"Litoral SP","url":"https:\/\/redenoticiaz.com.br\/litoralsp\/","logo":{"@type":"ImageObject","inLanguage":"pt-BR","@id":"https:\/\/redenoticiaz.com.br\/litoralsp\/#\/schema\/logo\/image\/","url":"https:\/\/redenoticiaz.com.br\/litoralsp\/wp-content\/uploads\/sites\/3\/2020\/11\/logo.jpg","contentUrl":"https:\/\/redenoticiaz.com.br\/litoralsp\/wp-content\/uploads\/sites\/3\/2020\/11\/logo.jpg","width":400,"height":250,"caption":"Litoral SP"},"image":{"@id":"https:\/\/redenoticiaz.com.br\/litoralsp\/#\/schema\/logo\/image\/"}},{"@type":"Person","@id":"https:\/\/redenoticiaz.com.br\/litoralsp\/#\/schema\/person\/16057b37a3c0ee6b096d7f887c566e2e","name":"Gustavo Silva","image":{"@type":"ImageObject","inLanguage":"pt-BR","@id":"https:\/\/secure.gravatar.com\/avatar\/3ee4e82f93b26de0a7cf4ea5eb7893da637ed6bb0c9170c58065944c56e28a33?s=96&d=mm&r=g","url":"https:\/\/secure.gravatar.com\/avatar\/3ee4e82f93b26de0a7cf4ea5eb7893da637ed6bb0c9170c58065944c56e28a33?s=96&d=mm&r=g","contentUrl":"https:\/\/secure.gravatar.com\/avatar\/3ee4e82f93b26de0a7cf4ea5eb7893da637ed6bb0c9170c58065944c56e28a33?s=96&d=mm&r=g","caption":"Gustavo Silva"},"url":"https:\/\/redenoticiaz.com.br\/litoralsp\/author\/gustavosilva"}]}},"_links":{"self":[{"href":"https:\/\/redenoticiaz.com.br\/litoralsp\/wp-json\/wp\/v2\/posts\/119803","targetHints":{"allow":["GET"]}}],"collection":[{"href":"https:\/\/redenoticiaz.com.br\/litoralsp\/wp-json\/wp\/v2\/posts"}],"about":[{"href":"https:\/\/redenoticiaz.com.br\/litoralsp\/wp-json\/wp\/v2\/types\/post"}],"author":[{"embeddable":true,"href":"https:\/\/redenoticiaz.com.br\/litoralsp\/wp-json\/wp\/v2\/users\/12"}],"replies":[{"embeddable":true,"href":"https:\/\/redenoticiaz.com.br\/litoralsp\/wp-json\/wp\/v2\/comments?post=119803"}],"version-history":[{"count":2,"href":"https:\/\/redenoticiaz.com.br\/litoralsp\/wp-json\/wp\/v2\/posts\/119803\/revisions"}],"predecessor-version":[{"id":119806,"href":"https:\/\/redenoticiaz.com.br\/litoralsp\/wp-json\/wp\/v2\/posts\/119803\/revisions\/119806"}],"wp:featuredmedia":[{"embeddable":true,"href":"https:\/\/redenoticiaz.com.br\/litoralsp\/wp-json\/wp\/v2\/media\/119804"}],"wp:attachment":[{"href":"https:\/\/redenoticiaz.com.br\/litoralsp\/wp-json\/wp\/v2\/media?parent=119803"}],"wp:term":[{"taxonomy":"category","embeddable":true,"href":"https:\/\/redenoticiaz.com.br\/litoralsp\/wp-json\/wp\/v2\/categories?post=119803"},{"taxonomy":"post_tag","embeddable":true,"href":"https:\/\/redenoticiaz.com.br\/litoralsp\/wp-json\/wp\/v2\/tags?post=119803"}],"curies":[{"name":"wp","href":"https:\/\/api.w.org\/{rel}","templated":true}]}}