{"id":119807,"date":"2024-12-19T19:00:57","date_gmt":"2024-12-19T22:00:57","guid":{"rendered":"https:\/\/redenoticiaz.com.br\/litoralsp\/?p=119807"},"modified":"2024-12-19T17:48:31","modified_gmt":"2024-12-19T20:48:31","slug":"incendio-atinge-patio-municipal-de-veiculos-em-guaruja","status":"publish","type":"post","link":"https:\/\/redenoticiaz.com.br\/litoralsp\/2024\/12\/19\/incendio-atinge-patio-municipal-de-veiculos-em-guaruja","title":{"rendered":"Inc\u00eandio atinge P\u00e1tio Municipal de Ve\u00edculos em Guaruj\u00e1"},"content":{"rendered":"<div id=\"chunk-cdf5n\">\n<div class=\"mc-column content-text active-extra-styles \" data-block-type=\"unstyled\" data-block-weight=\"31\" data-block-id=\"2\">\n<p data-track-category=\"Link no Texto\" data-track-links=\"\" data-mrf-recirculation=\"Mat\u00e9ria - Links no Texto\">Um inc\u00eandio atingiu o P\u00e1tio Municipal de Ve\u00edculos em Guaruj\u00e1 que fica localizado em Vicente de Carvalho na manh\u00e3 desta quinta-feira (19).<\/p>\n<p data-track-category=\"Link no Texto\" data-track-links=\"\" data-mrf-recirculation=\"Mat\u00e9ria - Links no Texto\">De acordo com as informa\u00e7\u00f5es, o fogo teria come\u00e7ado ap\u00f3s uma pane el\u00e9trica em um caminh\u00e3o guincho da empresa que administra o local.<\/p>\n<p data-track-category=\"Link no Texto\" data-track-links=\"\" data-mrf-recirculation=\"Mat\u00e9ria - Links no Texto\">Ainda de acordo com as informa\u00e7\u00f5es,\u00a0n\u00e3o houve danos aos autom\u00f3veis de terceiros que estavam retidos no p\u00e1tio.<\/p>\n<p class=\" content-text__container \" data-track-category=\"Link no Texto\" data-track-links=\"\" data-mrf-recirculation=\"Mat\u00e9ria - Links no Texto\">O caso ser\u00e1 investigado.<\/p>\n<p data-track-category=\"Link no Texto\" data-track-links=\"\" data-mrf-recirculation=\"Mat\u00e9ria - Links no Texto\">Leia mais<\/p>\n<p data-track-category=\"Link no Texto\" data-track-links=\"\" data-mrf-recirculation=\"Mat\u00e9ria - Links no Texto\"><a href=\"https:\/\/redenoticiaz.com.br\/litoralsp\/2024\/12\/18\/empresas-oferecem-vagas-de-emprego-home-office-com-salarios-de-ate-r-5-mil\">Empresas oferecem vagas de emprego home office com sal\u00e1rios de at\u00e9 R$ 5 mil<\/a><\/p>\n<p data-track-category=\"Link no Texto\" data-track-links=\"\" data-mrf-recirculation=\"Mat\u00e9ria - Links no Texto\"><a href=\"https:\/\/redenoticiaz.com.br\/litoralsp\/2024\/12\/18\/departamento-de-operacoes-ambientais-divulga-resultado-das-acoes-em-2024\">Vanessa Motta revela estrat\u00e9gias para transformar sua carreira<\/a><\/p>\n<\/div>\n<\/div>\n","protected":false},"excerpt":{"rendered":"<p>Um inc\u00eandio atingiu o P\u00e1tio Municipal de Ve\u00edculos em Guaruj\u00e1 que fica localizado em Vicente de Carvalho na manh\u00e3 desta quinta-feira (19). De acordo com as informa\u00e7\u00f5es, o fogo teria come\u00e7ado ap\u00f3s uma pane el\u00e9trica em um caminh\u00e3o guincho da empresa que administra o local. Ainda de acordo com as informa\u00e7\u00f5es,\u00a0n\u00e3o houve danos aos autom\u00f3veis &hellip;<\/p>\n","protected":false},"author":12,"featured_media":119808,"comment_status":"open","ping_status":"closed","sticky":false,"template":"","format":"standard","meta":{"footnotes":""},"categories":[187,10],"tags":[6426,10878],"class_list":["post-119807","post","type-post","status-publish","format-standard","has-post-thumbnail","hentry","category-guaruja","category-policia","tag-guaruja-2","tag-vicente-de-carvalho"],"yoast_head":"<!-- This site is optimized with the Yoast SEO plugin v27.5 - https:\/\/yoast.com\/product\/yoast-seo-wordpress\/ -->\n<title>Inc\u00eandio atinge P\u00e1tio Municipal de Ve\u00edculos em Guaruj\u00e1 - Litoral SP<\/title>\n<meta name=\"description\" content=\"Um inc\u00eandio atingiu o P\u00e1tio Municipal de Ve\u00edculos em Guaruj\u00e1 que fica localizado em Vicente de Carvalho na manh\u00e3 desta quinta-feira (19).\" \/>\n<meta name=\"robots\" content=\"index, follow, max-snippet:-1, max-image-preview:large, max-video-preview:-1\" \/>\n<link rel=\"canonical\" href=\"https:\/\/redenoticiaz.com.br\/litoralsp\/2024\/12\/19\/incendio-atinge-patio-municipal-de-veiculos-em-guaruja\" \/>\n<meta property=\"og:locale\" content=\"pt_BR\" \/>\n<meta property=\"og:type\" content=\"article\" \/>\n<meta property=\"og:title\" content=\"Inc\u00eandio atinge P\u00e1tio Municipal de Ve\u00edculos em Guaruj\u00e1 - Litoral SP\" \/>\n<meta property=\"og:description\" content=\"Um inc\u00eandio atingiu o P\u00e1tio Municipal de Ve\u00edculos em Guaruj\u00e1 que fica localizado em Vicente de Carvalho na manh\u00e3 desta quinta-feira (19).\" \/>\n<meta property=\"og:url\" content=\"https:\/\/redenoticiaz.com.br\/litoralsp\/2024\/12\/19\/incendio-atinge-patio-municipal-de-veiculos-em-guaruja\" \/>\n<meta property=\"og:site_name\" content=\"Litoral SP\" \/>\n<meta property=\"article:published_time\" content=\"2024-12-19T22:00:57+00:00\" \/>\n<meta property=\"og:image\" content=\"https:\/\/redenoticiaz.com.br\/litoralsp\/wp-content\/uploads\/sites\/3\/2024\/12\/Captura-de-tela_19-12-2024_173658_g1.globo_.com_.jpeg\" \/>\n\t<meta property=\"og:image:width\" content=\"783\" \/>\n\t<meta property=\"og:image:height\" content=\"434\" \/>\n\t<meta property=\"og:image:type\" content=\"image\/jpeg\" \/>\n<meta name=\"author\" content=\"Gustavo Silva\" \/>\n<meta name=\"twitter:card\" content=\"summary_large_image\" \/>\n<meta name=\"twitter:label1\" content=\"Escrito por\" \/>\n\t<meta name=\"twitter:data1\" content=\"Gustavo Silva\" \/>\n\t<meta name=\"twitter:label2\" content=\"Est. tempo de leitura\" \/>\n\t<meta name=\"twitter:data2\" content=\"1 minuto\" \/>\n<script type=\"application\/ld+json\" class=\"yoast-schema-graph\">{\"@context\":\"https:\\\/\\\/schema.org\",\"@graph\":[{\"@type\":\"Article\",\"@id\":\"https:\\\/\\\/redenoticiaz.com.br\\\/litoralsp\\\/2024\\\/12\\\/19\\\/incendio-atinge-patio-municipal-de-veiculos-em-guaruja#article\",\"isPartOf\":{\"@id\":\"https:\\\/\\\/redenoticiaz.com.br\\\/litoralsp\\\/2024\\\/12\\\/19\\\/incendio-atinge-patio-municipal-de-veiculos-em-guaruja\"},\"author\":{\"name\":\"Gustavo Silva\",\"@id\":\"https:\\\/\\\/redenoticiaz.com.br\\\/litoralsp\\\/#\\\/schema\\\/person\\\/16057b37a3c0ee6b096d7f887c566e2e\"},\"headline\":\"Inc\u00eandio atinge P\u00e1tio Municipal de Ve\u00edculos em Guaruj\u00e1\",\"datePublished\":\"2024-12-19T22:00:57+00:00\",\"mainEntityOfPage\":{\"@id\":\"https:\\\/\\\/redenoticiaz.com.br\\\/litoralsp\\\/2024\\\/12\\\/19\\\/incendio-atinge-patio-municipal-de-veiculos-em-guaruja\"},\"wordCount\":114,\"commentCount\":0,\"publisher\":{\"@id\":\"https:\\\/\\\/redenoticiaz.com.br\\\/litoralsp\\\/#organization\"},\"image\":{\"@id\":\"https:\\\/\\\/redenoticiaz.com.br\\\/litoralsp\\\/2024\\\/12\\\/19\\\/incendio-atinge-patio-municipal-de-veiculos-em-guaruja#primaryimage\"},\"thumbnailUrl\":\"https:\\\/\\\/redenoticiaz.com.br\\\/litoralsp\\\/wp-content\\\/uploads\\\/sites\\\/3\\\/2024\\\/12\\\/Captura-de-tela_19-12-2024_173658_g1.globo_.com_.jpeg\",\"keywords\":[\"Guaruj\u00e1\",\"VICENTE DE CARVALHO\"],\"articleSection\":[\"Guaruj\u00e1\",\"Pol\u00edcia\"],\"inLanguage\":\"pt-BR\",\"potentialAction\":[{\"@type\":\"CommentAction\",\"name\":\"Comment\",\"target\":[\"https:\\\/\\\/redenoticiaz.com.br\\\/litoralsp\\\/2024\\\/12\\\/19\\\/incendio-atinge-patio-municipal-de-veiculos-em-guaruja#respond\"]}]},{\"@type\":\"WebPage\",\"@id\":\"https:\\\/\\\/redenoticiaz.com.br\\\/litoralsp\\\/2024\\\/12\\\/19\\\/incendio-atinge-patio-municipal-de-veiculos-em-guaruja\",\"url\":\"https:\\\/\\\/redenoticiaz.com.br\\\/litoralsp\\\/2024\\\/12\\\/19\\\/incendio-atinge-patio-municipal-de-veiculos-em-guaruja\",\"name\":\"Inc\u00eandio atinge P\u00e1tio Municipal de Ve\u00edculos em Guaruj\u00e1 - Litoral SP\",\"isPartOf\":{\"@id\":\"https:\\\/\\\/redenoticiaz.com.br\\\/litoralsp\\\/#website\"},\"primaryImageOfPage\":{\"@id\":\"https:\\\/\\\/redenoticiaz.com.br\\\/litoralsp\\\/2024\\\/12\\\/19\\\/incendio-atinge-patio-municipal-de-veiculos-em-guaruja#primaryimage\"},\"image\":{\"@id\":\"https:\\\/\\\/redenoticiaz.com.br\\\/litoralsp\\\/2024\\\/12\\\/19\\\/incendio-atinge-patio-municipal-de-veiculos-em-guaruja#primaryimage\"},\"thumbnailUrl\":\"https:\\\/\\\/redenoticiaz.com.br\\\/litoralsp\\\/wp-content\\\/uploads\\\/sites\\\/3\\\/2024\\\/12\\\/Captura-de-tela_19-12-2024_173658_g1.globo_.com_.jpeg\",\"datePublished\":\"2024-12-19T22:00:57+00:00\",\"description\":\"Um inc\u00eandio atingiu o P\u00e1tio Municipal de Ve\u00edculos em Guaruj\u00e1 que fica localizado em Vicente de Carvalho na manh\u00e3 desta quinta-feira (19).\",\"inLanguage\":\"pt-BR\",\"potentialAction\":[{\"@type\":\"ReadAction\",\"target\":[\"https:\\\/\\\/redenoticiaz.com.br\\\/litoralsp\\\/2024\\\/12\\\/19\\\/incendio-atinge-patio-municipal-de-veiculos-em-guaruja\"]}]},{\"@type\":\"ImageObject\",\"inLanguage\":\"pt-BR\",\"@id\":\"https:\\\/\\\/redenoticiaz.com.br\\\/litoralsp\\\/2024\\\/12\\\/19\\\/incendio-atinge-patio-municipal-de-veiculos-em-guaruja#primaryimage\",\"url\":\"https:\\\/\\\/redenoticiaz.com.br\\\/litoralsp\\\/wp-content\\\/uploads\\\/sites\\\/3\\\/2024\\\/12\\\/Captura-de-tela_19-12-2024_173658_g1.globo_.com_.jpeg\",\"contentUrl\":\"https:\\\/\\\/redenoticiaz.com.br\\\/litoralsp\\\/wp-content\\\/uploads\\\/sites\\\/3\\\/2024\\\/12\\\/Captura-de-tela_19-12-2024_173658_g1.globo_.com_.jpeg\",\"width\":783,\"height\":434},{\"@type\":\"WebSite\",\"@id\":\"https:\\\/\\\/redenoticiaz.com.br\\\/litoralsp\\\/#website\",\"url\":\"https:\\\/\\\/redenoticiaz.com.br\\\/litoralsp\\\/\",\"name\":\"Litoral SP\",\"description\":\"Rede NoticiaZ\",\"publisher\":{\"@id\":\"https:\\\/\\\/redenoticiaz.com.br\\\/litoralsp\\\/#organization\"},\"potentialAction\":[{\"@type\":\"SearchAction\",\"target\":{\"@type\":\"EntryPoint\",\"urlTemplate\":\"https:\\\/\\\/redenoticiaz.com.br\\\/litoralsp\\\/?s={search_term_string}\"},\"query-input\":{\"@type\":\"PropertyValueSpecification\",\"valueRequired\":true,\"valueName\":\"search_term_string\"}}],\"inLanguage\":\"pt-BR\"},{\"@type\":\"Organization\",\"@id\":\"https:\\\/\\\/redenoticiaz.com.br\\\/litoralsp\\\/#organization\",\"name\":\"Litoral SP\",\"url\":\"https:\\\/\\\/redenoticiaz.com.br\\\/litoralsp\\\/\",\"logo\":{\"@type\":\"ImageObject\",\"inLanguage\":\"pt-BR\",\"@id\":\"https:\\\/\\\/redenoticiaz.com.br\\\/litoralsp\\\/#\\\/schema\\\/logo\\\/image\\\/\",\"url\":\"https:\\\/\\\/redenoticiaz.com.br\\\/litoralsp\\\/wp-content\\\/uploads\\\/sites\\\/3\\\/2020\\\/11\\\/logo.jpg\",\"contentUrl\":\"https:\\\/\\\/redenoticiaz.com.br\\\/litoralsp\\\/wp-content\\\/uploads\\\/sites\\\/3\\\/2020\\\/11\\\/logo.jpg\",\"width\":400,\"height\":250,\"caption\":\"Litoral SP\"},\"image\":{\"@id\":\"https:\\\/\\\/redenoticiaz.com.br\\\/litoralsp\\\/#\\\/schema\\\/logo\\\/image\\\/\"}},{\"@type\":\"Person\",\"@id\":\"https:\\\/\\\/redenoticiaz.com.br\\\/litoralsp\\\/#\\\/schema\\\/person\\\/16057b37a3c0ee6b096d7f887c566e2e\",\"name\":\"Gustavo Silva\",\"image\":{\"@type\":\"ImageObject\",\"inLanguage\":\"pt-BR\",\"@id\":\"https:\\\/\\\/secure.gravatar.com\\\/avatar\\\/3ee4e82f93b26de0a7cf4ea5eb7893da637ed6bb0c9170c58065944c56e28a33?s=96&d=mm&r=g\",\"url\":\"https:\\\/\\\/secure.gravatar.com\\\/avatar\\\/3ee4e82f93b26de0a7cf4ea5eb7893da637ed6bb0c9170c58065944c56e28a33?s=96&d=mm&r=g\",\"contentUrl\":\"https:\\\/\\\/secure.gravatar.com\\\/avatar\\\/3ee4e82f93b26de0a7cf4ea5eb7893da637ed6bb0c9170c58065944c56e28a33?s=96&d=mm&r=g\",\"caption\":\"Gustavo Silva\"},\"url\":\"https:\\\/\\\/redenoticiaz.com.br\\\/litoralsp\\\/author\\\/gustavosilva\"}]}<\/script>\n<!-- \/ Yoast SEO plugin. -->","yoast_head_json":{"title":"Inc\u00eandio atinge P\u00e1tio Municipal de Ve\u00edculos em Guaruj\u00e1 - Litoral SP","description":"Um inc\u00eandio atingiu o P\u00e1tio Municipal de Ve\u00edculos em Guaruj\u00e1 que fica localizado em Vicente de Carvalho na manh\u00e3 desta quinta-feira (19).","robots":{"index":"index","follow":"follow","max-snippet":"max-snippet:-1","max-image-preview":"max-image-preview:large","max-video-preview":"max-video-preview:-1"},"canonical":"https:\/\/redenoticiaz.com.br\/litoralsp\/2024\/12\/19\/incendio-atinge-patio-municipal-de-veiculos-em-guaruja","og_locale":"pt_BR","og_type":"article","og_title":"Inc\u00eandio atinge P\u00e1tio Municipal de Ve\u00edculos em Guaruj\u00e1 - Litoral SP","og_description":"Um inc\u00eandio atingiu o P\u00e1tio Municipal de Ve\u00edculos em Guaruj\u00e1 que fica localizado em Vicente de Carvalho na manh\u00e3 desta quinta-feira (19).","og_url":"https:\/\/redenoticiaz.com.br\/litoralsp\/2024\/12\/19\/incendio-atinge-patio-municipal-de-veiculos-em-guaruja","og_site_name":"Litoral SP","article_published_time":"2024-12-19T22:00:57+00:00","og_image":[{"width":783,"height":434,"url":"https:\/\/redenoticiaz.com.br\/litoralsp\/wp-content\/uploads\/sites\/3\/2024\/12\/Captura-de-tela_19-12-2024_173658_g1.globo_.com_.jpeg","type":"image\/jpeg"}],"author":"Gustavo Silva","twitter_card":"summary_large_image","twitter_misc":{"Escrito por":"Gustavo Silva","Est. tempo de leitura":"1 minuto"},"schema":{"@context":"https:\/\/schema.org","@graph":[{"@type":"Article","@id":"https:\/\/redenoticiaz.com.br\/litoralsp\/2024\/12\/19\/incendio-atinge-patio-municipal-de-veiculos-em-guaruja#article","isPartOf":{"@id":"https:\/\/redenoticiaz.com.br\/litoralsp\/2024\/12\/19\/incendio-atinge-patio-municipal-de-veiculos-em-guaruja"},"author":{"name":"Gustavo Silva","@id":"https:\/\/redenoticiaz.com.br\/litoralsp\/#\/schema\/person\/16057b37a3c0ee6b096d7f887c566e2e"},"headline":"Inc\u00eandio atinge P\u00e1tio Municipal de Ve\u00edculos em Guaruj\u00e1","datePublished":"2024-12-19T22:00:57+00:00","mainEntityOfPage":{"@id":"https:\/\/redenoticiaz.com.br\/litoralsp\/2024\/12\/19\/incendio-atinge-patio-municipal-de-veiculos-em-guaruja"},"wordCount":114,"commentCount":0,"publisher":{"@id":"https:\/\/redenoticiaz.com.br\/litoralsp\/#organization"},"image":{"@id":"https:\/\/redenoticiaz.com.br\/litoralsp\/2024\/12\/19\/incendio-atinge-patio-municipal-de-veiculos-em-guaruja#primaryimage"},"thumbnailUrl":"https:\/\/redenoticiaz.com.br\/litoralsp\/wp-content\/uploads\/sites\/3\/2024\/12\/Captura-de-tela_19-12-2024_173658_g1.globo_.com_.jpeg","keywords":["Guaruj\u00e1","VICENTE DE CARVALHO"],"articleSection":["Guaruj\u00e1","Pol\u00edcia"],"inLanguage":"pt-BR","potentialAction":[{"@type":"CommentAction","name":"Comment","target":["https:\/\/redenoticiaz.com.br\/litoralsp\/2024\/12\/19\/incendio-atinge-patio-municipal-de-veiculos-em-guaruja#respond"]}]},{"@type":"WebPage","@id":"https:\/\/redenoticiaz.com.br\/litoralsp\/2024\/12\/19\/incendio-atinge-patio-municipal-de-veiculos-em-guaruja","url":"https:\/\/redenoticiaz.com.br\/litoralsp\/2024\/12\/19\/incendio-atinge-patio-municipal-de-veiculos-em-guaruja","name":"Inc\u00eandio atinge P\u00e1tio Municipal de Ve\u00edculos em Guaruj\u00e1 - Litoral SP","isPartOf":{"@id":"https:\/\/redenoticiaz.com.br\/litoralsp\/#website"},"primaryImageOfPage":{"@id":"https:\/\/redenoticiaz.com.br\/litoralsp\/2024\/12\/19\/incendio-atinge-patio-municipal-de-veiculos-em-guaruja#primaryimage"},"image":{"@id":"https:\/\/redenoticiaz.com.br\/litoralsp\/2024\/12\/19\/incendio-atinge-patio-municipal-de-veiculos-em-guaruja#primaryimage"},"thumbnailUrl":"https:\/\/redenoticiaz.com.br\/litoralsp\/wp-content\/uploads\/sites\/3\/2024\/12\/Captura-de-tela_19-12-2024_173658_g1.globo_.com_.jpeg","datePublished":"2024-12-19T22:00:57+00:00","description":"Um inc\u00eandio atingiu o P\u00e1tio Municipal de Ve\u00edculos em Guaruj\u00e1 que fica localizado em Vicente de Carvalho na manh\u00e3 desta quinta-feira (19).","inLanguage":"pt-BR","potentialAction":[{"@type":"ReadAction","target":["https:\/\/redenoticiaz.com.br\/litoralsp\/2024\/12\/19\/incendio-atinge-patio-municipal-de-veiculos-em-guaruja"]}]},{"@type":"ImageObject","inLanguage":"pt-BR","@id":"https:\/\/redenoticiaz.com.br\/litoralsp\/2024\/12\/19\/incendio-atinge-patio-municipal-de-veiculos-em-guaruja#primaryimage","url":"https:\/\/redenoticiaz.com.br\/litoralsp\/wp-content\/uploads\/sites\/3\/2024\/12\/Captura-de-tela_19-12-2024_173658_g1.globo_.com_.jpeg","contentUrl":"https:\/\/redenoticiaz.com.br\/litoralsp\/wp-content\/uploads\/sites\/3\/2024\/12\/Captura-de-tela_19-12-2024_173658_g1.globo_.com_.jpeg","width":783,"height":434},{"@type":"WebSite","@id":"https:\/\/redenoticiaz.com.br\/litoralsp\/#website","url":"https:\/\/redenoticiaz.com.br\/litoralsp\/","name":"Litoral SP","description":"Rede NoticiaZ","publisher":{"@id":"https:\/\/redenoticiaz.com.br\/litoralsp\/#organization"},"potentialAction":[{"@type":"SearchAction","target":{"@type":"EntryPoint","urlTemplate":"https:\/\/redenoticiaz.com.br\/litoralsp\/?s={search_term_string}"},"query-input":{"@type":"PropertyValueSpecification","valueRequired":true,"valueName":"search_term_string"}}],"inLanguage":"pt-BR"},{"@type":"Organization","@id":"https:\/\/redenoticiaz.com.br\/litoralsp\/#organization","name":"Litoral SP","url":"https:\/\/redenoticiaz.com.br\/litoralsp\/","logo":{"@type":"ImageObject","inLanguage":"pt-BR","@id":"https:\/\/redenoticiaz.com.br\/litoralsp\/#\/schema\/logo\/image\/","url":"https:\/\/redenoticiaz.com.br\/litoralsp\/wp-content\/uploads\/sites\/3\/2020\/11\/logo.jpg","contentUrl":"https:\/\/redenoticiaz.com.br\/litoralsp\/wp-content\/uploads\/sites\/3\/2020\/11\/logo.jpg","width":400,"height":250,"caption":"Litoral SP"},"image":{"@id":"https:\/\/redenoticiaz.com.br\/litoralsp\/#\/schema\/logo\/image\/"}},{"@type":"Person","@id":"https:\/\/redenoticiaz.com.br\/litoralsp\/#\/schema\/person\/16057b37a3c0ee6b096d7f887c566e2e","name":"Gustavo Silva","image":{"@type":"ImageObject","inLanguage":"pt-BR","@id":"https:\/\/secure.gravatar.com\/avatar\/3ee4e82f93b26de0a7cf4ea5eb7893da637ed6bb0c9170c58065944c56e28a33?s=96&d=mm&r=g","url":"https:\/\/secure.gravatar.com\/avatar\/3ee4e82f93b26de0a7cf4ea5eb7893da637ed6bb0c9170c58065944c56e28a33?s=96&d=mm&r=g","contentUrl":"https:\/\/secure.gravatar.com\/avatar\/3ee4e82f93b26de0a7cf4ea5eb7893da637ed6bb0c9170c58065944c56e28a33?s=96&d=mm&r=g","caption":"Gustavo Silva"},"url":"https:\/\/redenoticiaz.com.br\/litoralsp\/author\/gustavosilva"}]}},"_links":{"self":[{"href":"https:\/\/redenoticiaz.com.br\/litoralsp\/wp-json\/wp\/v2\/posts\/119807","targetHints":{"allow":["GET"]}}],"collection":[{"href":"https:\/\/redenoticiaz.com.br\/litoralsp\/wp-json\/wp\/v2\/posts"}],"about":[{"href":"https:\/\/redenoticiaz.com.br\/litoralsp\/wp-json\/wp\/v2\/types\/post"}],"author":[{"embeddable":true,"href":"https:\/\/redenoticiaz.com.br\/litoralsp\/wp-json\/wp\/v2\/users\/12"}],"replies":[{"embeddable":true,"href":"https:\/\/redenoticiaz.com.br\/litoralsp\/wp-json\/wp\/v2\/comments?post=119807"}],"version-history":[{"count":2,"href":"https:\/\/redenoticiaz.com.br\/litoralsp\/wp-json\/wp\/v2\/posts\/119807\/revisions"}],"predecessor-version":[{"id":119810,"href":"https:\/\/redenoticiaz.com.br\/litoralsp\/wp-json\/wp\/v2\/posts\/119807\/revisions\/119810"}],"wp:featuredmedia":[{"embeddable":true,"href":"https:\/\/redenoticiaz.com.br\/litoralsp\/wp-json\/wp\/v2\/media\/119808"}],"wp:attachment":[{"href":"https:\/\/redenoticiaz.com.br\/litoralsp\/wp-json\/wp\/v2\/media?parent=119807"}],"wp:term":[{"taxonomy":"category","embeddable":true,"href":"https:\/\/redenoticiaz.com.br\/litoralsp\/wp-json\/wp\/v2\/categories?post=119807"},{"taxonomy":"post_tag","embeddable":true,"href":"https:\/\/redenoticiaz.com.br\/litoralsp\/wp-json\/wp\/v2\/tags?post=119807"}],"curies":[{"name":"wp","href":"https:\/\/api.w.org\/{rel}","templated":true}]}}