{"id":119841,"date":"2024-12-21T14:52:33","date_gmt":"2024-12-21T17:52:33","guid":{"rendered":"https:\/\/redenoticiaz.com.br\/litoralsp\/2024\/12\/21\/verao-comeca-hoje-e-previsao-e-de-menos-chuvas-na-maior-parte-do-pais"},"modified":"2024-12-21T14:52:41","modified_gmt":"2024-12-21T17:52:41","slug":"verao-comeca-hoje-e-previsao-e-de-menos-chuvas-na-maior-parte-do-pais","status":"publish","type":"post","link":"https:\/\/redenoticiaz.com.br\/litoralsp\/2024\/12\/21\/verao-comeca-hoje-e-previsao-e-de-menos-chuvas-na-maior-parte-do-pais","title":{"rendered":"Ver\u00e3o come\u00e7a hoje e previs\u00e3o \u00e9 de menos chuvas na maior parte do pa\u00eds"},"content":{"rendered":"<p>O ver\u00e3o come\u00e7ou neste s\u00e1bado (21), \u00e0s 6h20 (hor\u00e1rio de Bras\u00edlia), em todo o Hemisf\u00e9rio Sul do planeta com mudan\u00e7as r\u00e1pidas nas condi\u00e7\u00f5es do tempo, caracterizadas por chuvas intensas e ventos fortes. A posi\u00e7\u00e3o da Terra mais perto do Sol tamb\u00e9m torna os dias mais longos que a noite e traz temperaturas elevadas em todo o pa\u00eds.<img decoding=\"async\" src=\"https:\/\/agenciabrasil.ebc.com.br\/ebc.png?id=1624601&amp;o=node\" \/><img decoding=\"async\" src=\"https:\/\/agenciabrasil.ebc.com.br\/ebc.gif?id=1624601&amp;o=node\" \/><\/p>\n<p>Segundo o Progn\u00f3stico Clim\u00e1tico de Ver\u00e3o, divulgado pelo Instituto Nacional de Meteorologia (Inmet), nesta esta\u00e7\u00e3o o fen\u00f4meno\u00a0<em>La Ni\u00f1a<\/em>, que costuma causar fortes chuvas no Norte e Nordeste do Brasil e secas no Sul, ter\u00e1 dura\u00e7\u00e3o mais curta. A probabilidade dessas condi\u00e7\u00f5es prevalecerem \u00e9 de 60% entre janeiro e mar\u00e7o e cai progressivamente para 40% entre fevereiro a abril de 2025.<\/p>\n<p>\u201cDe maneira geral, as previs\u00f5es clim\u00e1ticas indicam o predom\u00ednio de chuvas abaixo da m\u00e9dia climatol\u00f3gica em grande parte do pa\u00eds\u201d, explica a meteorologista do Inmet, Mayt\u00ea Coutinho.<\/p>\n<p>A regi\u00e3o Norte \u00e9 exce\u00e7\u00e3o porque haver\u00e1 predom\u00ednio de chuvas acima da m\u00e9dia. No Nordeste, o total de chuvas entre janeiro e mar\u00e7o dever\u00e1 ser menor e nas regi\u00f5es Centro-Oeste e Sudeste elas devem ficar entre o normal e abaixo da m\u00e9dia.<\/p>\n<h2>Chuvas mais volumosas<\/h2>\n<p>\u201cMesmo com a previs\u00e3o de que o total de chuvas em janeiro, fevereiro e mar\u00e7o fique abaixo da m\u00e9dia em quase toda a regi\u00e3o, no noroeste da Regi\u00e3o Nordeste podem ocorrer chuvas mais volumosas em alguns per\u00edodos durante o ver\u00e3o, podendo atingir a m\u00e9dia em algumas localidades\u201d, pondera Mayt\u00ea.<\/p>\n<p>Na regi\u00e3o Sul, onde os volumes j\u00e1 s\u00e3o menores nesta \u00e9poca do ano, as chuvas devem permanecer na faixa normal ou abaixo do normal. No Rio Grande do Sul, principalmente, a previs\u00e3o \u00e9 de chuvas no extremo sul do estado inferiores a 400 mil\u00edmetros.<\/p>\n<p>Para a meteorologista, a regularidade das chuvas nas Regi\u00f5es Norte e Nordeste pode ser ainda mais comprometida se permanecerem as atuais condi\u00e7\u00f5es oce\u00e2nicas.<\/p>\n<p>\u201cAs \u00e1guas mais quentes no Atl\u00e2ntico Tropical Norte e mais frias no Atl\u00e2ntico Tropical Sul formam condi\u00e7\u00f5es para a manuten\u00e7\u00e3o da Zona de Converg\u00eancia Intertropical atuando ao norte da sua posi\u00e7\u00e3o m\u00e9dia climatol\u00f3gica\u201d, acentua.<\/p>\n<p>Segundo o relat\u00f3rio Inmet, tais condi\u00e7\u00f5es podem impactar atividades econ\u00f4micas como a agropecu\u00e1ria, a gera\u00e7\u00e3o de energia por meio de hidrel\u00e9tricas e a reposi\u00e7\u00e3o h\u00eddrica para manuten\u00e7\u00e3o dos reservat\u00f3rios de abastecimento de \u00e1gua em n\u00edveis satisfat\u00f3rios.<\/p>\n<p>Leia mais<\/p>\n<p><a href=\"https:\/\/redenoticiaz.com.br\/blog\/2024\/12\/21\/golpe-da-tarifa-em-nome-da-sabesp-causa-transtorno-em-cabreuva\">Golpe da Tarifa em nome da Sabesp causa transtorno em Cabre\u00fava<\/a><\/p>\n<p><a href=\"https:\/\/redenoticiaz.com.br\/blog\/2024\/12\/21\/mpt-resgata-no-rock-in-rio-14-trabalhadores-em-situacao-de-escravidao\">MPT resgata no Rock in Rio 14 trabalhadores em situa\u00e7\u00e3o de escravid\u00e3o<\/a><\/p>\n<p>&nbsp;<\/p>\n","protected":false},"excerpt":{"rendered":"<p>O ver\u00e3o come\u00e7ou neste s\u00e1bado (21), \u00e0s 6h20 (hor\u00e1rio de Bras\u00edlia), em todo o Hemisf\u00e9rio Sul do planeta com mudan\u00e7as r\u00e1pidas nas condi\u00e7\u00f5es do tempo, caracterizadas por chuvas intensas e ventos fortes. A posi\u00e7\u00e3o da Terra mais perto do Sol tamb\u00e9m torna os dias mais longos que a noite e traz temperaturas elevadas em todo &hellip;<\/p>\n","protected":false},"author":12,"featured_media":111998,"comment_status":"open","ping_status":"closed","sticky":false,"template":"","format":"standard","meta":{"footnotes":""},"categories":[26798],"tags":[9778,8510,26823,4255],"class_list":["post-119841","post","type-post","status-publish","format-standard","has-post-thumbnail","hentry","category-climatologia","tag-calor","tag-chuva","tag-frio","tag-verao"],"yoast_head":"<!-- This site is optimized with the Yoast SEO plugin v27.5 - https:\/\/yoast.com\/product\/yoast-seo-wordpress\/ -->\n<title>Ver\u00e3o come\u00e7a hoje e previs\u00e3o \u00e9 de menos chuvas na maior parte do pa\u00eds - Litoral SP<\/title>\n<meta name=\"description\" content=\"A posi\u00e7\u00e3o da Terra mais perto do Sol tamb\u00e9m torna os dias mais longos que a noite e traz temperaturas elevadas em todo o pa\u00eds.\" \/>\n<meta name=\"robots\" content=\"index, follow, max-snippet:-1, max-image-preview:large, max-video-preview:-1\" \/>\n<link rel=\"canonical\" href=\"https:\/\/redenoticiaz.com.br\/litoralsp\/2024\/12\/21\/verao-comeca-hoje-e-previsao-e-de-menos-chuvas-na-maior-parte-do-pais\" \/>\n<meta property=\"og:locale\" content=\"pt_BR\" \/>\n<meta property=\"og:type\" content=\"article\" \/>\n<meta property=\"og:title\" content=\"Ver\u00e3o come\u00e7a hoje e previs\u00e3o \u00e9 de menos chuvas na maior parte do pa\u00eds - Litoral SP\" \/>\n<meta property=\"og:description\" content=\"A posi\u00e7\u00e3o da Terra mais perto do Sol tamb\u00e9m torna os dias mais longos que a noite e traz temperaturas elevadas em todo o pa\u00eds.\" \/>\n<meta property=\"og:url\" content=\"https:\/\/redenoticiaz.com.br\/litoralsp\/2024\/12\/21\/verao-comeca-hoje-e-previsao-e-de-menos-chuvas-na-maior-parte-do-pais\" \/>\n<meta property=\"og:site_name\" content=\"Litoral SP\" \/>\n<meta property=\"article:published_time\" content=\"2024-12-21T17:52:33+00:00\" \/>\n<meta property=\"article:modified_time\" content=\"2024-12-21T17:52:41+00:00\" \/>\n<meta property=\"og:image\" content=\"https:\/\/redenoticiaz.com.br\/litoralsp\/wp-content\/uploads\/sites\/3\/2023\/11\/Temperaturas-Recordes-Impactos-Mortais-e-a-Urgencia-da-Acao-Climatica-Global.jpg?v=1699476541\" \/>\n\t<meta property=\"og:image:width\" content=\"1200\" \/>\n\t<meta property=\"og:image:height\" content=\"700\" \/>\n\t<meta property=\"og:image:type\" content=\"image\/jpeg\" \/>\n<meta name=\"author\" content=\"Gustavo Silva\" \/>\n<meta name=\"twitter:card\" content=\"summary_large_image\" \/>\n<meta name=\"twitter:label1\" content=\"Escrito por\" \/>\n\t<meta name=\"twitter:data1\" content=\"Gustavo Silva\" \/>\n\t<meta name=\"twitter:label2\" content=\"Est. tempo de leitura\" \/>\n\t<meta name=\"twitter:data2\" content=\"3 minutos\" \/>\n<script type=\"application\/ld+json\" class=\"yoast-schema-graph\">{\"@context\":\"https:\\\/\\\/schema.org\",\"@graph\":[{\"@type\":\"Article\",\"@id\":\"https:\\\/\\\/redenoticiaz.com.br\\\/litoralsp\\\/2024\\\/12\\\/21\\\/verao-comeca-hoje-e-previsao-e-de-menos-chuvas-na-maior-parte-do-pais#article\",\"isPartOf\":{\"@id\":\"https:\\\/\\\/redenoticiaz.com.br\\\/litoralsp\\\/2024\\\/12\\\/21\\\/verao-comeca-hoje-e-previsao-e-de-menos-chuvas-na-maior-parte-do-pais\"},\"author\":{\"name\":\"Gustavo Silva\",\"@id\":\"https:\\\/\\\/redenoticiaz.com.br\\\/litoralsp\\\/#\\\/schema\\\/person\\\/16057b37a3c0ee6b096d7f887c566e2e\"},\"headline\":\"Ver\u00e3o come\u00e7a hoje e previs\u00e3o \u00e9 de menos chuvas na maior parte do pa\u00eds\",\"datePublished\":\"2024-12-21T17:52:33+00:00\",\"dateModified\":\"2024-12-21T17:52:41+00:00\",\"mainEntityOfPage\":{\"@id\":\"https:\\\/\\\/redenoticiaz.com.br\\\/litoralsp\\\/2024\\\/12\\\/21\\\/verao-comeca-hoje-e-previsao-e-de-menos-chuvas-na-maior-parte-do-pais\"},\"wordCount\":482,\"commentCount\":0,\"publisher\":{\"@id\":\"https:\\\/\\\/redenoticiaz.com.br\\\/litoralsp\\\/#organization\"},\"image\":{\"@id\":\"https:\\\/\\\/redenoticiaz.com.br\\\/litoralsp\\\/2024\\\/12\\\/21\\\/verao-comeca-hoje-e-previsao-e-de-menos-chuvas-na-maior-parte-do-pais#primaryimage\"},\"thumbnailUrl\":\"https:\\\/\\\/redenoticiaz.com.br\\\/litoralsp\\\/wp-content\\\/uploads\\\/sites\\\/3\\\/2023\\\/11\\\/Temperaturas-Recordes-Impactos-Mortais-e-a-Urgencia-da-Acao-Climatica-Global.jpg?v=1699476541\",\"keywords\":[\"CALOR\",\"CHUVA\",\"FRIO\",\"VER\u00c3O\"],\"articleSection\":[\"Climatologia\"],\"inLanguage\":\"pt-BR\",\"potentialAction\":[{\"@type\":\"CommentAction\",\"name\":\"Comment\",\"target\":[\"https:\\\/\\\/redenoticiaz.com.br\\\/litoralsp\\\/2024\\\/12\\\/21\\\/verao-comeca-hoje-e-previsao-e-de-menos-chuvas-na-maior-parte-do-pais#respond\"]}]},{\"@type\":\"WebPage\",\"@id\":\"https:\\\/\\\/redenoticiaz.com.br\\\/litoralsp\\\/2024\\\/12\\\/21\\\/verao-comeca-hoje-e-previsao-e-de-menos-chuvas-na-maior-parte-do-pais\",\"url\":\"https:\\\/\\\/redenoticiaz.com.br\\\/litoralsp\\\/2024\\\/12\\\/21\\\/verao-comeca-hoje-e-previsao-e-de-menos-chuvas-na-maior-parte-do-pais\",\"name\":\"Ver\u00e3o come\u00e7a hoje e previs\u00e3o \u00e9 de menos chuvas na maior parte do pa\u00eds - Litoral SP\",\"isPartOf\":{\"@id\":\"https:\\\/\\\/redenoticiaz.com.br\\\/litoralsp\\\/#website\"},\"primaryImageOfPage\":{\"@id\":\"https:\\\/\\\/redenoticiaz.com.br\\\/litoralsp\\\/2024\\\/12\\\/21\\\/verao-comeca-hoje-e-previsao-e-de-menos-chuvas-na-maior-parte-do-pais#primaryimage\"},\"image\":{\"@id\":\"https:\\\/\\\/redenoticiaz.com.br\\\/litoralsp\\\/2024\\\/12\\\/21\\\/verao-comeca-hoje-e-previsao-e-de-menos-chuvas-na-maior-parte-do-pais#primaryimage\"},\"thumbnailUrl\":\"https:\\\/\\\/redenoticiaz.com.br\\\/litoralsp\\\/wp-content\\\/uploads\\\/sites\\\/3\\\/2023\\\/11\\\/Temperaturas-Recordes-Impactos-Mortais-e-a-Urgencia-da-Acao-Climatica-Global.jpg?v=1699476541\",\"datePublished\":\"2024-12-21T17:52:33+00:00\",\"dateModified\":\"2024-12-21T17:52:41+00:00\",\"description\":\"A posi\u00e7\u00e3o da Terra mais perto do Sol tamb\u00e9m torna os dias mais longos que a noite e traz temperaturas elevadas em todo o pa\u00eds.\",\"inLanguage\":\"pt-BR\",\"potentialAction\":[{\"@type\":\"ReadAction\",\"target\":[\"https:\\\/\\\/redenoticiaz.com.br\\\/litoralsp\\\/2024\\\/12\\\/21\\\/verao-comeca-hoje-e-previsao-e-de-menos-chuvas-na-maior-parte-do-pais\"]}]},{\"@type\":\"ImageObject\",\"inLanguage\":\"pt-BR\",\"@id\":\"https:\\\/\\\/redenoticiaz.com.br\\\/litoralsp\\\/2024\\\/12\\\/21\\\/verao-comeca-hoje-e-previsao-e-de-menos-chuvas-na-maior-parte-do-pais#primaryimage\",\"url\":\"https:\\\/\\\/redenoticiaz.com.br\\\/litoralsp\\\/wp-content\\\/uploads\\\/sites\\\/3\\\/2023\\\/11\\\/Temperaturas-Recordes-Impactos-Mortais-e-a-Urgencia-da-Acao-Climatica-Global.jpg?v=1699476541\",\"contentUrl\":\"https:\\\/\\\/redenoticiaz.com.br\\\/litoralsp\\\/wp-content\\\/uploads\\\/sites\\\/3\\\/2023\\\/11\\\/Temperaturas-Recordes-Impactos-Mortais-e-a-Urgencia-da-Acao-Climatica-Global.jpg?v=1699476541\",\"width\":1200,\"height\":700,\"caption\":\"2023 a Caminho de se Tornar o Ano Mais Quente Registrado, Indicam Novos Dados Clim\u00e1ticos\"},{\"@type\":\"WebSite\",\"@id\":\"https:\\\/\\\/redenoticiaz.com.br\\\/litoralsp\\\/#website\",\"url\":\"https:\\\/\\\/redenoticiaz.com.br\\\/litoralsp\\\/\",\"name\":\"Litoral SP\",\"description\":\"Rede NoticiaZ\",\"publisher\":{\"@id\":\"https:\\\/\\\/redenoticiaz.com.br\\\/litoralsp\\\/#organization\"},\"potentialAction\":[{\"@type\":\"SearchAction\",\"target\":{\"@type\":\"EntryPoint\",\"urlTemplate\":\"https:\\\/\\\/redenoticiaz.com.br\\\/litoralsp\\\/?s={search_term_string}\"},\"query-input\":{\"@type\":\"PropertyValueSpecification\",\"valueRequired\":true,\"valueName\":\"search_term_string\"}}],\"inLanguage\":\"pt-BR\"},{\"@type\":\"Organization\",\"@id\":\"https:\\\/\\\/redenoticiaz.com.br\\\/litoralsp\\\/#organization\",\"name\":\"Litoral SP\",\"url\":\"https:\\\/\\\/redenoticiaz.com.br\\\/litoralsp\\\/\",\"logo\":{\"@type\":\"ImageObject\",\"inLanguage\":\"pt-BR\",\"@id\":\"https:\\\/\\\/redenoticiaz.com.br\\\/litoralsp\\\/#\\\/schema\\\/logo\\\/image\\\/\",\"url\":\"https:\\\/\\\/redenoticiaz.com.br\\\/litoralsp\\\/wp-content\\\/uploads\\\/sites\\\/3\\\/2020\\\/11\\\/logo.jpg\",\"contentUrl\":\"https:\\\/\\\/redenoticiaz.com.br\\\/litoralsp\\\/wp-content\\\/uploads\\\/sites\\\/3\\\/2020\\\/11\\\/logo.jpg\",\"width\":400,\"height\":250,\"caption\":\"Litoral SP\"},\"image\":{\"@id\":\"https:\\\/\\\/redenoticiaz.com.br\\\/litoralsp\\\/#\\\/schema\\\/logo\\\/image\\\/\"}},{\"@type\":\"Person\",\"@id\":\"https:\\\/\\\/redenoticiaz.com.br\\\/litoralsp\\\/#\\\/schema\\\/person\\\/16057b37a3c0ee6b096d7f887c566e2e\",\"name\":\"Gustavo Silva\",\"image\":{\"@type\":\"ImageObject\",\"inLanguage\":\"pt-BR\",\"@id\":\"https:\\\/\\\/secure.gravatar.com\\\/avatar\\\/3ee4e82f93b26de0a7cf4ea5eb7893da637ed6bb0c9170c58065944c56e28a33?s=96&d=mm&r=g\",\"url\":\"https:\\\/\\\/secure.gravatar.com\\\/avatar\\\/3ee4e82f93b26de0a7cf4ea5eb7893da637ed6bb0c9170c58065944c56e28a33?s=96&d=mm&r=g\",\"contentUrl\":\"https:\\\/\\\/secure.gravatar.com\\\/avatar\\\/3ee4e82f93b26de0a7cf4ea5eb7893da637ed6bb0c9170c58065944c56e28a33?s=96&d=mm&r=g\",\"caption\":\"Gustavo Silva\"},\"url\":\"https:\\\/\\\/redenoticiaz.com.br\\\/litoralsp\\\/author\\\/gustavosilva\"}]}<\/script>\n<!-- \/ Yoast SEO plugin. -->","yoast_head_json":{"title":"Ver\u00e3o come\u00e7a hoje e previs\u00e3o \u00e9 de menos chuvas na maior parte do pa\u00eds - Litoral SP","description":"A posi\u00e7\u00e3o da Terra mais perto do Sol tamb\u00e9m torna os dias mais longos que a noite e traz temperaturas elevadas em todo o pa\u00eds.","robots":{"index":"index","follow":"follow","max-snippet":"max-snippet:-1","max-image-preview":"max-image-preview:large","max-video-preview":"max-video-preview:-1"},"canonical":"https:\/\/redenoticiaz.com.br\/litoralsp\/2024\/12\/21\/verao-comeca-hoje-e-previsao-e-de-menos-chuvas-na-maior-parte-do-pais","og_locale":"pt_BR","og_type":"article","og_title":"Ver\u00e3o come\u00e7a hoje e previs\u00e3o \u00e9 de menos chuvas na maior parte do pa\u00eds - Litoral SP","og_description":"A posi\u00e7\u00e3o da Terra mais perto do Sol tamb\u00e9m torna os dias mais longos que a noite e traz temperaturas elevadas em todo o pa\u00eds.","og_url":"https:\/\/redenoticiaz.com.br\/litoralsp\/2024\/12\/21\/verao-comeca-hoje-e-previsao-e-de-menos-chuvas-na-maior-parte-do-pais","og_site_name":"Litoral SP","article_published_time":"2024-12-21T17:52:33+00:00","article_modified_time":"2024-12-21T17:52:41+00:00","og_image":[{"width":1200,"height":700,"url":"https:\/\/redenoticiaz.com.br\/litoralsp\/wp-content\/uploads\/sites\/3\/2023\/11\/Temperaturas-Recordes-Impactos-Mortais-e-a-Urgencia-da-Acao-Climatica-Global.jpg?v=1699476541","type":"image\/jpeg"}],"author":"Gustavo Silva","twitter_card":"summary_large_image","twitter_misc":{"Escrito por":"Gustavo Silva","Est. tempo de leitura":"3 minutos"},"schema":{"@context":"https:\/\/schema.org","@graph":[{"@type":"Article","@id":"https:\/\/redenoticiaz.com.br\/litoralsp\/2024\/12\/21\/verao-comeca-hoje-e-previsao-e-de-menos-chuvas-na-maior-parte-do-pais#article","isPartOf":{"@id":"https:\/\/redenoticiaz.com.br\/litoralsp\/2024\/12\/21\/verao-comeca-hoje-e-previsao-e-de-menos-chuvas-na-maior-parte-do-pais"},"author":{"name":"Gustavo Silva","@id":"https:\/\/redenoticiaz.com.br\/litoralsp\/#\/schema\/person\/16057b37a3c0ee6b096d7f887c566e2e"},"headline":"Ver\u00e3o come\u00e7a hoje e previs\u00e3o \u00e9 de menos chuvas na maior parte do pa\u00eds","datePublished":"2024-12-21T17:52:33+00:00","dateModified":"2024-12-21T17:52:41+00:00","mainEntityOfPage":{"@id":"https:\/\/redenoticiaz.com.br\/litoralsp\/2024\/12\/21\/verao-comeca-hoje-e-previsao-e-de-menos-chuvas-na-maior-parte-do-pais"},"wordCount":482,"commentCount":0,"publisher":{"@id":"https:\/\/redenoticiaz.com.br\/litoralsp\/#organization"},"image":{"@id":"https:\/\/redenoticiaz.com.br\/litoralsp\/2024\/12\/21\/verao-comeca-hoje-e-previsao-e-de-menos-chuvas-na-maior-parte-do-pais#primaryimage"},"thumbnailUrl":"https:\/\/redenoticiaz.com.br\/litoralsp\/wp-content\/uploads\/sites\/3\/2023\/11\/Temperaturas-Recordes-Impactos-Mortais-e-a-Urgencia-da-Acao-Climatica-Global.jpg?v=1699476541","keywords":["CALOR","CHUVA","FRIO","VER\u00c3O"],"articleSection":["Climatologia"],"inLanguage":"pt-BR","potentialAction":[{"@type":"CommentAction","name":"Comment","target":["https:\/\/redenoticiaz.com.br\/litoralsp\/2024\/12\/21\/verao-comeca-hoje-e-previsao-e-de-menos-chuvas-na-maior-parte-do-pais#respond"]}]},{"@type":"WebPage","@id":"https:\/\/redenoticiaz.com.br\/litoralsp\/2024\/12\/21\/verao-comeca-hoje-e-previsao-e-de-menos-chuvas-na-maior-parte-do-pais","url":"https:\/\/redenoticiaz.com.br\/litoralsp\/2024\/12\/21\/verao-comeca-hoje-e-previsao-e-de-menos-chuvas-na-maior-parte-do-pais","name":"Ver\u00e3o come\u00e7a hoje e previs\u00e3o \u00e9 de menos chuvas na maior parte do pa\u00eds - Litoral SP","isPartOf":{"@id":"https:\/\/redenoticiaz.com.br\/litoralsp\/#website"},"primaryImageOfPage":{"@id":"https:\/\/redenoticiaz.com.br\/litoralsp\/2024\/12\/21\/verao-comeca-hoje-e-previsao-e-de-menos-chuvas-na-maior-parte-do-pais#primaryimage"},"image":{"@id":"https:\/\/redenoticiaz.com.br\/litoralsp\/2024\/12\/21\/verao-comeca-hoje-e-previsao-e-de-menos-chuvas-na-maior-parte-do-pais#primaryimage"},"thumbnailUrl":"https:\/\/redenoticiaz.com.br\/litoralsp\/wp-content\/uploads\/sites\/3\/2023\/11\/Temperaturas-Recordes-Impactos-Mortais-e-a-Urgencia-da-Acao-Climatica-Global.jpg?v=1699476541","datePublished":"2024-12-21T17:52:33+00:00","dateModified":"2024-12-21T17:52:41+00:00","description":"A posi\u00e7\u00e3o da Terra mais perto do Sol tamb\u00e9m torna os dias mais longos que a noite e traz temperaturas elevadas em todo o pa\u00eds.","inLanguage":"pt-BR","potentialAction":[{"@type":"ReadAction","target":["https:\/\/redenoticiaz.com.br\/litoralsp\/2024\/12\/21\/verao-comeca-hoje-e-previsao-e-de-menos-chuvas-na-maior-parte-do-pais"]}]},{"@type":"ImageObject","inLanguage":"pt-BR","@id":"https:\/\/redenoticiaz.com.br\/litoralsp\/2024\/12\/21\/verao-comeca-hoje-e-previsao-e-de-menos-chuvas-na-maior-parte-do-pais#primaryimage","url":"https:\/\/redenoticiaz.com.br\/litoralsp\/wp-content\/uploads\/sites\/3\/2023\/11\/Temperaturas-Recordes-Impactos-Mortais-e-a-Urgencia-da-Acao-Climatica-Global.jpg?v=1699476541","contentUrl":"https:\/\/redenoticiaz.com.br\/litoralsp\/wp-content\/uploads\/sites\/3\/2023\/11\/Temperaturas-Recordes-Impactos-Mortais-e-a-Urgencia-da-Acao-Climatica-Global.jpg?v=1699476541","width":1200,"height":700,"caption":"2023 a Caminho de se Tornar o Ano Mais Quente Registrado, Indicam Novos Dados Clim\u00e1ticos"},{"@type":"WebSite","@id":"https:\/\/redenoticiaz.com.br\/litoralsp\/#website","url":"https:\/\/redenoticiaz.com.br\/litoralsp\/","name":"Litoral SP","description":"Rede NoticiaZ","publisher":{"@id":"https:\/\/redenoticiaz.com.br\/litoralsp\/#organization"},"potentialAction":[{"@type":"SearchAction","target":{"@type":"EntryPoint","urlTemplate":"https:\/\/redenoticiaz.com.br\/litoralsp\/?s={search_term_string}"},"query-input":{"@type":"PropertyValueSpecification","valueRequired":true,"valueName":"search_term_string"}}],"inLanguage":"pt-BR"},{"@type":"Organization","@id":"https:\/\/redenoticiaz.com.br\/litoralsp\/#organization","name":"Litoral SP","url":"https:\/\/redenoticiaz.com.br\/litoralsp\/","logo":{"@type":"ImageObject","inLanguage":"pt-BR","@id":"https:\/\/redenoticiaz.com.br\/litoralsp\/#\/schema\/logo\/image\/","url":"https:\/\/redenoticiaz.com.br\/litoralsp\/wp-content\/uploads\/sites\/3\/2020\/11\/logo.jpg","contentUrl":"https:\/\/redenoticiaz.com.br\/litoralsp\/wp-content\/uploads\/sites\/3\/2020\/11\/logo.jpg","width":400,"height":250,"caption":"Litoral SP"},"image":{"@id":"https:\/\/redenoticiaz.com.br\/litoralsp\/#\/schema\/logo\/image\/"}},{"@type":"Person","@id":"https:\/\/redenoticiaz.com.br\/litoralsp\/#\/schema\/person\/16057b37a3c0ee6b096d7f887c566e2e","name":"Gustavo Silva","image":{"@type":"ImageObject","inLanguage":"pt-BR","@id":"https:\/\/secure.gravatar.com\/avatar\/3ee4e82f93b26de0a7cf4ea5eb7893da637ed6bb0c9170c58065944c56e28a33?s=96&d=mm&r=g","url":"https:\/\/secure.gravatar.com\/avatar\/3ee4e82f93b26de0a7cf4ea5eb7893da637ed6bb0c9170c58065944c56e28a33?s=96&d=mm&r=g","contentUrl":"https:\/\/secure.gravatar.com\/avatar\/3ee4e82f93b26de0a7cf4ea5eb7893da637ed6bb0c9170c58065944c56e28a33?s=96&d=mm&r=g","caption":"Gustavo Silva"},"url":"https:\/\/redenoticiaz.com.br\/litoralsp\/author\/gustavosilva"}]}},"_links":{"self":[{"href":"https:\/\/redenoticiaz.com.br\/litoralsp\/wp-json\/wp\/v2\/posts\/119841","targetHints":{"allow":["GET"]}}],"collection":[{"href":"https:\/\/redenoticiaz.com.br\/litoralsp\/wp-json\/wp\/v2\/posts"}],"about":[{"href":"https:\/\/redenoticiaz.com.br\/litoralsp\/wp-json\/wp\/v2\/types\/post"}],"author":[{"embeddable":true,"href":"https:\/\/redenoticiaz.com.br\/litoralsp\/wp-json\/wp\/v2\/users\/12"}],"replies":[{"embeddable":true,"href":"https:\/\/redenoticiaz.com.br\/litoralsp\/wp-json\/wp\/v2\/comments?post=119841"}],"version-history":[{"count":0,"href":"https:\/\/redenoticiaz.com.br\/litoralsp\/wp-json\/wp\/v2\/posts\/119841\/revisions"}],"wp:featuredmedia":[{"embeddable":true,"href":"https:\/\/redenoticiaz.com.br\/litoralsp\/wp-json\/wp\/v2\/media\/111998"}],"wp:attachment":[{"href":"https:\/\/redenoticiaz.com.br\/litoralsp\/wp-json\/wp\/v2\/media?parent=119841"}],"wp:term":[{"taxonomy":"category","embeddable":true,"href":"https:\/\/redenoticiaz.com.br\/litoralsp\/wp-json\/wp\/v2\/categories?post=119841"},{"taxonomy":"post_tag","embeddable":true,"href":"https:\/\/redenoticiaz.com.br\/litoralsp\/wp-json\/wp\/v2\/tags?post=119841"}],"curies":[{"name":"wp","href":"https:\/\/api.w.org\/{rel}","templated":true}]}}