{"id":119846,"date":"2024-12-21T17:49:41","date_gmt":"2024-12-21T20:49:41","guid":{"rendered":"https:\/\/redenoticiaz.com.br\/litoralsp\/?p=119846"},"modified":"2024-12-21T17:49:41","modified_gmt":"2024-12-21T20:49:41","slug":"reveillon-em-santos-tera-show-pirotecnico-inedito-guilherme-arantes-e-muitas-atracoes","status":"publish","type":"post","link":"https:\/\/redenoticiaz.com.br\/litoralsp\/2024\/12\/21\/reveillon-em-santos-tera-show-pirotecnico-inedito-guilherme-arantes-e-muitas-atracoes","title":{"rendered":"R\u00e9veillon em Santos ter\u00e1 show pirot\u00e9cnico in\u00e9dito, Guilherme Arantes e muitas atra\u00e7\u00f5es"},"content":{"rendered":"<p>O R\u00e9veillon 2025 em Santos unir\u00e1 um dos maiores shows pirot\u00e9cnicos do Pa\u00eds com m\u00fasica para dan\u00e7ar e a apresenta\u00e7\u00e3o especial de um dos maiores \u2018hitmakers\u2019 da m\u00fasica brasileira, o cantor Guilherme Arantes, com a Orquestra Sinf\u00f4nica Municipal (OSMS), a partir das 22h, no palco montado na Praia do Gonzaga, pr\u00f3ximo ao canal 2.<\/p>\n<p>Para celebrar a chegada do ano novo n\u00e3o poderia faltar o tradicional show pirot\u00e9cnico, que ter\u00e1 14 minutos de fogos multicoloridos, que tomar\u00e3o conta dos c\u00e9us da orla santista, levando um espet\u00e1culo de cores e luzes, que ficar\u00e1 marcado na mem\u00f3ria de um milh\u00e3o de pessoas, p\u00fablico esperado para o evento. O show pirot\u00e9cnico utilizar\u00e1 artefatos de baixo ru\u00eddo, conhecidos como \u2018fogos de vista\u2019, que produzem efeito principal nas cores e brilhos, e emitem impacto sonoro secund\u00e1rio.<\/p>\n<p>Com acionamento sincronizado, feito via sat\u00e9lite, o show de fogos utiliza a mesma tecnologia dos melhores espet\u00e1culos do mundo. Os artefatos estar\u00e3o distribu\u00eddos em dez embarca\u00e7\u00f5es ao longo da orla, ancoradas a 400m da areia, garantindo tranquilidade e seguran\u00e7a ao p\u00fablico.<\/p>\n<p><strong>TENDAS DE VER\u00c3O<\/strong><\/p>\n<p>A programa\u00e7\u00e3o do \u2018Santos Ver\u00e3o 2025\u2019 estar\u00e1 recheada de atra\u00e7\u00f5es para mun\u00edcipes e turistas, de 2 de janeiro a 5 de mar\u00e7o, com mais de 250 atra\u00e7\u00f5es culturais. Pela manh\u00e3 ser\u00e3o atividades recreativas e aulas de dan\u00e7a e, \u00e0 noite, apresenta\u00e7\u00f5es musicais, sempre de quarta a domingo.<\/p>\n<p><strong>GUILHERME ARANTES<\/strong><\/p>\n<p>Guilherme Arantes tem 68 anos de idade, 45 anos de carreira, com 27 \u00e1lbuns lan\u00e7ados, o mais recente deles \u2018A Desordem dos Templ\u00e1rios\u2019. Guilherme \u00e9 reconhecido como um grande hitmaker, emplacando sucessos na sua pr\u00f3pria voz e nas de in\u00fameros outros artistas, tais como Caetano Veloso, Maria Beth\u00e2nia, Nando Reis, Elis Regina, Roberto Carlos, Belchior, Gal Costa e MPB4.<\/p>\n<p>Entre seus v\u00e1rios sucessos est\u00e3o \u2018Cheia de charme\u2019, \u2018Meu mundo e nada mais\u2019, \u2018Brincar de viver\u2019, \u2018Um dia um adeus\u2019, \u2018Coisas do Brasil\u2019, \u2018Amanh\u00e3\u2019 e \u2018Planeta \u00e1gua\u2019.<\/p>\n<p>Em 2008, foi eleito pela revista Rolling Stone Brasil um dos 100 maiores artistas da m\u00fasica brasileira. No ano seguinte, a mesma revista tamb\u00e9m considerou seu primeiro sucesso, \u2018Meu Mundo e Nada Mais\u2019, como uma das 100 maiores m\u00fasicas brasileiras de todos os tempos.<\/p>\n<p>\u00c9 um dos 20 artistas que mais tiveram can\u00e7\u00f5es inclu\u00eddas como trilhas sonoras de novelas brasileiras, com 27 m\u00fasicas.<\/p>\n<p>Leia mais<\/p>\n<p><a href=\"https:\/\/redenoticiaz.com.br\/litoralsp\/2024\/12\/21\/ceia-de-natal-fica-10-mais-cara-neste-ano-calcula-fecomerciosp\">Ceia de Natal fica 10% mais cara neste ano, calcula FecomercioSP<\/a><\/p>\n<p><a href=\"https:\/\/redenoticiaz.com.br\/litoralsp\/2024\/12\/21\/tomorrowland-confirma-retorno-ao-brasil-em-2025-com-novo-tema\">Tomorrowland confirma retorno ao Brasil em 2025 com novo tema<\/a><\/p>\n","protected":false},"excerpt":{"rendered":"<p>O R\u00e9veillon 2025 em Santos unir\u00e1 um dos maiores shows pirot\u00e9cnicos do Pa\u00eds com m\u00fasica para dan\u00e7ar e a apresenta\u00e7\u00e3o especial de um dos maiores \u2018hitmakers\u2019 da m\u00fasica brasileira, o cantor Guilherme Arantes, com a Orquestra Sinf\u00f4nica Municipal (OSMS), a partir das 22h, no palco montado na Praia do Gonzaga, pr\u00f3ximo ao canal 2. Para &hellip;<\/p>\n","protected":false},"author":12,"featured_media":17200,"comment_status":"open","ping_status":"closed","sticky":false,"template":"","format":"standard","meta":{"footnotes":""},"categories":[169,2001,180],"tags":[69050,1271,986],"class_list":["post-119846","post","type-post","status-publish","format-standard","has-post-thumbnail","hentry","category-cultura","category-cultura-e-musica","category-santos","tag-guilherme-arantes","tag-reveillon","tag-santos"],"yoast_head":"<!-- This site is optimized with the Yoast SEO plugin v27.4 - https:\/\/yoast.com\/product\/yoast-seo-wordpress\/ -->\n<title>R\u00e9veillon em Santos ter\u00e1 show pirot\u00e9cnico in\u00e9dito, Guilherme Arantes e muitas atra\u00e7\u00f5es - Litoral SP<\/title>\n<meta name=\"description\" content=\"O show pirot\u00e9cnico utilizar\u00e1 artefatos de baixo ru\u00eddo, conhecidos como \u2018fogos de vista\u2019, que produzem efeito principal nas cores e brilhos, e emitem impacto sonoro secund\u00e1rio\" \/>\n<meta name=\"robots\" content=\"index, follow, max-snippet:-1, max-image-preview:large, max-video-preview:-1\" \/>\n<link rel=\"canonical\" href=\"https:\/\/redenoticiaz.com.br\/litoralsp\/2024\/12\/21\/reveillon-em-santos-tera-show-pirotecnico-inedito-guilherme-arantes-e-muitas-atracoes\" \/>\n<meta property=\"og:locale\" content=\"pt_BR\" \/>\n<meta property=\"og:type\" content=\"article\" \/>\n<meta property=\"og:title\" content=\"R\u00e9veillon em Santos ter\u00e1 show pirot\u00e9cnico in\u00e9dito, Guilherme Arantes e muitas atra\u00e7\u00f5es - Litoral SP\" \/>\n<meta property=\"og:description\" content=\"O show pirot\u00e9cnico utilizar\u00e1 artefatos de baixo ru\u00eddo, conhecidos como \u2018fogos de vista\u2019, que produzem efeito principal nas cores e brilhos, e emitem impacto sonoro secund\u00e1rio\" \/>\n<meta property=\"og:url\" content=\"https:\/\/redenoticiaz.com.br\/litoralsp\/2024\/12\/21\/reveillon-em-santos-tera-show-pirotecnico-inedito-guilherme-arantes-e-muitas-atracoes\" \/>\n<meta property=\"og:site_name\" content=\"Litoral SP\" \/>\n<meta property=\"article:published_time\" content=\"2024-12-21T20:49:41+00:00\" \/>\n<meta property=\"og:image\" content=\"https:\/\/redenoticiaz.com.br\/litoralsp\/wp-content\/uploads\/sites\/3\/2021\/10\/reveillon-2020-em-santos.jpg\" \/>\n\t<meta property=\"og:image:width\" content=\"1065\" \/>\n\t<meta property=\"og:image:height\" content=\"710\" \/>\n\t<meta property=\"og:image:type\" content=\"image\/jpeg\" \/>\n<meta name=\"author\" content=\"Gustavo Silva\" \/>\n<meta name=\"twitter:card\" content=\"summary_large_image\" \/>\n<meta name=\"twitter:label1\" content=\"Escrito por\" \/>\n\t<meta name=\"twitter:data1\" content=\"Gustavo Silva\" \/>\n\t<meta name=\"twitter:label2\" content=\"Est. tempo de leitura\" \/>\n\t<meta name=\"twitter:data2\" content=\"3 minutos\" \/>\n<script type=\"application\/ld+json\" class=\"yoast-schema-graph\">{\"@context\":\"https:\\\/\\\/schema.org\",\"@graph\":[{\"@type\":\"Article\",\"@id\":\"https:\\\/\\\/redenoticiaz.com.br\\\/litoralsp\\\/2024\\\/12\\\/21\\\/reveillon-em-santos-tera-show-pirotecnico-inedito-guilherme-arantes-e-muitas-atracoes#article\",\"isPartOf\":{\"@id\":\"https:\\\/\\\/redenoticiaz.com.br\\\/litoralsp\\\/2024\\\/12\\\/21\\\/reveillon-em-santos-tera-show-pirotecnico-inedito-guilherme-arantes-e-muitas-atracoes\"},\"author\":{\"name\":\"Gustavo Silva\",\"@id\":\"https:\\\/\\\/redenoticiaz.com.br\\\/litoralsp\\\/#\\\/schema\\\/person\\\/16057b37a3c0ee6b096d7f887c566e2e\"},\"headline\":\"R\u00e9veillon em Santos ter\u00e1 show pirot\u00e9cnico in\u00e9dito, Guilherme Arantes e muitas atra\u00e7\u00f5es\",\"datePublished\":\"2024-12-21T20:49:41+00:00\",\"mainEntityOfPage\":{\"@id\":\"https:\\\/\\\/redenoticiaz.com.br\\\/litoralsp\\\/2024\\\/12\\\/21\\\/reveillon-em-santos-tera-show-pirotecnico-inedito-guilherme-arantes-e-muitas-atracoes\"},\"wordCount\":442,\"commentCount\":0,\"publisher\":{\"@id\":\"https:\\\/\\\/redenoticiaz.com.br\\\/litoralsp\\\/#organization\"},\"image\":{\"@id\":\"https:\\\/\\\/redenoticiaz.com.br\\\/litoralsp\\\/2024\\\/12\\\/21\\\/reveillon-em-santos-tera-show-pirotecnico-inedito-guilherme-arantes-e-muitas-atracoes#primaryimage\"},\"thumbnailUrl\":\"https:\\\/\\\/redenoticiaz.com.br\\\/litoralsp\\\/wp-content\\\/uploads\\\/sites\\\/3\\\/2021\\\/10\\\/reveillon-2020-em-santos.jpg\",\"keywords\":[\"Guilherme Arantes\",\"R\u00c9VEILLON\",\"Santos\"],\"articleSection\":[\"Cultura\",\"Cultura e M\u00fasica\",\"Santos\"],\"inLanguage\":\"pt-BR\",\"potentialAction\":[{\"@type\":\"CommentAction\",\"name\":\"Comment\",\"target\":[\"https:\\\/\\\/redenoticiaz.com.br\\\/litoralsp\\\/2024\\\/12\\\/21\\\/reveillon-em-santos-tera-show-pirotecnico-inedito-guilherme-arantes-e-muitas-atracoes#respond\"]}]},{\"@type\":\"WebPage\",\"@id\":\"https:\\\/\\\/redenoticiaz.com.br\\\/litoralsp\\\/2024\\\/12\\\/21\\\/reveillon-em-santos-tera-show-pirotecnico-inedito-guilherme-arantes-e-muitas-atracoes\",\"url\":\"https:\\\/\\\/redenoticiaz.com.br\\\/litoralsp\\\/2024\\\/12\\\/21\\\/reveillon-em-santos-tera-show-pirotecnico-inedito-guilherme-arantes-e-muitas-atracoes\",\"name\":\"R\u00e9veillon em Santos ter\u00e1 show pirot\u00e9cnico in\u00e9dito, Guilherme Arantes e muitas atra\u00e7\u00f5es - Litoral SP\",\"isPartOf\":{\"@id\":\"https:\\\/\\\/redenoticiaz.com.br\\\/litoralsp\\\/#website\"},\"primaryImageOfPage\":{\"@id\":\"https:\\\/\\\/redenoticiaz.com.br\\\/litoralsp\\\/2024\\\/12\\\/21\\\/reveillon-em-santos-tera-show-pirotecnico-inedito-guilherme-arantes-e-muitas-atracoes#primaryimage\"},\"image\":{\"@id\":\"https:\\\/\\\/redenoticiaz.com.br\\\/litoralsp\\\/2024\\\/12\\\/21\\\/reveillon-em-santos-tera-show-pirotecnico-inedito-guilherme-arantes-e-muitas-atracoes#primaryimage\"},\"thumbnailUrl\":\"https:\\\/\\\/redenoticiaz.com.br\\\/litoralsp\\\/wp-content\\\/uploads\\\/sites\\\/3\\\/2021\\\/10\\\/reveillon-2020-em-santos.jpg\",\"datePublished\":\"2024-12-21T20:49:41+00:00\",\"description\":\"O show pirot\u00e9cnico utilizar\u00e1 artefatos de baixo ru\u00eddo, conhecidos como \u2018fogos de vista\u2019, que produzem efeito principal nas cores e brilhos, e emitem impacto sonoro secund\u00e1rio\",\"inLanguage\":\"pt-BR\",\"potentialAction\":[{\"@type\":\"ReadAction\",\"target\":[\"https:\\\/\\\/redenoticiaz.com.br\\\/litoralsp\\\/2024\\\/12\\\/21\\\/reveillon-em-santos-tera-show-pirotecnico-inedito-guilherme-arantes-e-muitas-atracoes\"]}]},{\"@type\":\"ImageObject\",\"inLanguage\":\"pt-BR\",\"@id\":\"https:\\\/\\\/redenoticiaz.com.br\\\/litoralsp\\\/2024\\\/12\\\/21\\\/reveillon-em-santos-tera-show-pirotecnico-inedito-guilherme-arantes-e-muitas-atracoes#primaryimage\",\"url\":\"https:\\\/\\\/redenoticiaz.com.br\\\/litoralsp\\\/wp-content\\\/uploads\\\/sites\\\/3\\\/2021\\\/10\\\/reveillon-2020-em-santos.jpg\",\"contentUrl\":\"https:\\\/\\\/redenoticiaz.com.br\\\/litoralsp\\\/wp-content\\\/uploads\\\/sites\\\/3\\\/2021\\\/10\\\/reveillon-2020-em-santos.jpg\",\"width\":1065,\"height\":710,\"caption\":\"Eventos controlados estar\u00e3o liberados. Cr\u00e9ditos: Reprodu\u00e7\u00e3o\"},{\"@type\":\"WebSite\",\"@id\":\"https:\\\/\\\/redenoticiaz.com.br\\\/litoralsp\\\/#website\",\"url\":\"https:\\\/\\\/redenoticiaz.com.br\\\/litoralsp\\\/\",\"name\":\"Litoral SP\",\"description\":\"Rede NoticiaZ\",\"publisher\":{\"@id\":\"https:\\\/\\\/redenoticiaz.com.br\\\/litoralsp\\\/#organization\"},\"potentialAction\":[{\"@type\":\"SearchAction\",\"target\":{\"@type\":\"EntryPoint\",\"urlTemplate\":\"https:\\\/\\\/redenoticiaz.com.br\\\/litoralsp\\\/?s={search_term_string}\"},\"query-input\":{\"@type\":\"PropertyValueSpecification\",\"valueRequired\":true,\"valueName\":\"search_term_string\"}}],\"inLanguage\":\"pt-BR\"},{\"@type\":\"Organization\",\"@id\":\"https:\\\/\\\/redenoticiaz.com.br\\\/litoralsp\\\/#organization\",\"name\":\"Litoral SP\",\"url\":\"https:\\\/\\\/redenoticiaz.com.br\\\/litoralsp\\\/\",\"logo\":{\"@type\":\"ImageObject\",\"inLanguage\":\"pt-BR\",\"@id\":\"https:\\\/\\\/redenoticiaz.com.br\\\/litoralsp\\\/#\\\/schema\\\/logo\\\/image\\\/\",\"url\":\"https:\\\/\\\/redenoticiaz.com.br\\\/litoralsp\\\/wp-content\\\/uploads\\\/sites\\\/3\\\/2020\\\/11\\\/logo.jpg\",\"contentUrl\":\"https:\\\/\\\/redenoticiaz.com.br\\\/litoralsp\\\/wp-content\\\/uploads\\\/sites\\\/3\\\/2020\\\/11\\\/logo.jpg\",\"width\":400,\"height\":250,\"caption\":\"Litoral SP\"},\"image\":{\"@id\":\"https:\\\/\\\/redenoticiaz.com.br\\\/litoralsp\\\/#\\\/schema\\\/logo\\\/image\\\/\"}},{\"@type\":\"Person\",\"@id\":\"https:\\\/\\\/redenoticiaz.com.br\\\/litoralsp\\\/#\\\/schema\\\/person\\\/16057b37a3c0ee6b096d7f887c566e2e\",\"name\":\"Gustavo Silva\",\"image\":{\"@type\":\"ImageObject\",\"inLanguage\":\"pt-BR\",\"@id\":\"https:\\\/\\\/secure.gravatar.com\\\/avatar\\\/3ee4e82f93b26de0a7cf4ea5eb7893da637ed6bb0c9170c58065944c56e28a33?s=96&d=mm&r=g\",\"url\":\"https:\\\/\\\/secure.gravatar.com\\\/avatar\\\/3ee4e82f93b26de0a7cf4ea5eb7893da637ed6bb0c9170c58065944c56e28a33?s=96&d=mm&r=g\",\"contentUrl\":\"https:\\\/\\\/secure.gravatar.com\\\/avatar\\\/3ee4e82f93b26de0a7cf4ea5eb7893da637ed6bb0c9170c58065944c56e28a33?s=96&d=mm&r=g\",\"caption\":\"Gustavo Silva\"},\"url\":\"https:\\\/\\\/redenoticiaz.com.br\\\/litoralsp\\\/author\\\/gustavosilva\"}]}<\/script>\n<!-- \/ Yoast SEO plugin. -->","yoast_head_json":{"title":"R\u00e9veillon em Santos ter\u00e1 show pirot\u00e9cnico in\u00e9dito, Guilherme Arantes e muitas atra\u00e7\u00f5es - Litoral SP","description":"O show pirot\u00e9cnico utilizar\u00e1 artefatos de baixo ru\u00eddo, conhecidos como \u2018fogos de vista\u2019, que produzem efeito principal nas cores e brilhos, e emitem impacto sonoro secund\u00e1rio","robots":{"index":"index","follow":"follow","max-snippet":"max-snippet:-1","max-image-preview":"max-image-preview:large","max-video-preview":"max-video-preview:-1"},"canonical":"https:\/\/redenoticiaz.com.br\/litoralsp\/2024\/12\/21\/reveillon-em-santos-tera-show-pirotecnico-inedito-guilherme-arantes-e-muitas-atracoes","og_locale":"pt_BR","og_type":"article","og_title":"R\u00e9veillon em Santos ter\u00e1 show pirot\u00e9cnico in\u00e9dito, Guilherme Arantes e muitas atra\u00e7\u00f5es - Litoral SP","og_description":"O show pirot\u00e9cnico utilizar\u00e1 artefatos de baixo ru\u00eddo, conhecidos como \u2018fogos de vista\u2019, que produzem efeito principal nas cores e brilhos, e emitem impacto sonoro secund\u00e1rio","og_url":"https:\/\/redenoticiaz.com.br\/litoralsp\/2024\/12\/21\/reveillon-em-santos-tera-show-pirotecnico-inedito-guilherme-arantes-e-muitas-atracoes","og_site_name":"Litoral SP","article_published_time":"2024-12-21T20:49:41+00:00","og_image":[{"width":1065,"height":710,"url":"https:\/\/redenoticiaz.com.br\/litoralsp\/wp-content\/uploads\/sites\/3\/2021\/10\/reveillon-2020-em-santos.jpg","type":"image\/jpeg"}],"author":"Gustavo Silva","twitter_card":"summary_large_image","twitter_misc":{"Escrito por":"Gustavo Silva","Est. tempo de leitura":"3 minutos"},"schema":{"@context":"https:\/\/schema.org","@graph":[{"@type":"Article","@id":"https:\/\/redenoticiaz.com.br\/litoralsp\/2024\/12\/21\/reveillon-em-santos-tera-show-pirotecnico-inedito-guilherme-arantes-e-muitas-atracoes#article","isPartOf":{"@id":"https:\/\/redenoticiaz.com.br\/litoralsp\/2024\/12\/21\/reveillon-em-santos-tera-show-pirotecnico-inedito-guilherme-arantes-e-muitas-atracoes"},"author":{"name":"Gustavo Silva","@id":"https:\/\/redenoticiaz.com.br\/litoralsp\/#\/schema\/person\/16057b37a3c0ee6b096d7f887c566e2e"},"headline":"R\u00e9veillon em Santos ter\u00e1 show pirot\u00e9cnico in\u00e9dito, Guilherme Arantes e muitas atra\u00e7\u00f5es","datePublished":"2024-12-21T20:49:41+00:00","mainEntityOfPage":{"@id":"https:\/\/redenoticiaz.com.br\/litoralsp\/2024\/12\/21\/reveillon-em-santos-tera-show-pirotecnico-inedito-guilherme-arantes-e-muitas-atracoes"},"wordCount":442,"commentCount":0,"publisher":{"@id":"https:\/\/redenoticiaz.com.br\/litoralsp\/#organization"},"image":{"@id":"https:\/\/redenoticiaz.com.br\/litoralsp\/2024\/12\/21\/reveillon-em-santos-tera-show-pirotecnico-inedito-guilherme-arantes-e-muitas-atracoes#primaryimage"},"thumbnailUrl":"https:\/\/redenoticiaz.com.br\/litoralsp\/wp-content\/uploads\/sites\/3\/2021\/10\/reveillon-2020-em-santos.jpg","keywords":["Guilherme Arantes","R\u00c9VEILLON","Santos"],"articleSection":["Cultura","Cultura e M\u00fasica","Santos"],"inLanguage":"pt-BR","potentialAction":[{"@type":"CommentAction","name":"Comment","target":["https:\/\/redenoticiaz.com.br\/litoralsp\/2024\/12\/21\/reveillon-em-santos-tera-show-pirotecnico-inedito-guilherme-arantes-e-muitas-atracoes#respond"]}]},{"@type":"WebPage","@id":"https:\/\/redenoticiaz.com.br\/litoralsp\/2024\/12\/21\/reveillon-em-santos-tera-show-pirotecnico-inedito-guilherme-arantes-e-muitas-atracoes","url":"https:\/\/redenoticiaz.com.br\/litoralsp\/2024\/12\/21\/reveillon-em-santos-tera-show-pirotecnico-inedito-guilherme-arantes-e-muitas-atracoes","name":"R\u00e9veillon em Santos ter\u00e1 show pirot\u00e9cnico in\u00e9dito, Guilherme Arantes e muitas atra\u00e7\u00f5es - Litoral SP","isPartOf":{"@id":"https:\/\/redenoticiaz.com.br\/litoralsp\/#website"},"primaryImageOfPage":{"@id":"https:\/\/redenoticiaz.com.br\/litoralsp\/2024\/12\/21\/reveillon-em-santos-tera-show-pirotecnico-inedito-guilherme-arantes-e-muitas-atracoes#primaryimage"},"image":{"@id":"https:\/\/redenoticiaz.com.br\/litoralsp\/2024\/12\/21\/reveillon-em-santos-tera-show-pirotecnico-inedito-guilherme-arantes-e-muitas-atracoes#primaryimage"},"thumbnailUrl":"https:\/\/redenoticiaz.com.br\/litoralsp\/wp-content\/uploads\/sites\/3\/2021\/10\/reveillon-2020-em-santos.jpg","datePublished":"2024-12-21T20:49:41+00:00","description":"O show pirot\u00e9cnico utilizar\u00e1 artefatos de baixo ru\u00eddo, conhecidos como \u2018fogos de vista\u2019, que produzem efeito principal nas cores e brilhos, e emitem impacto sonoro secund\u00e1rio","inLanguage":"pt-BR","potentialAction":[{"@type":"ReadAction","target":["https:\/\/redenoticiaz.com.br\/litoralsp\/2024\/12\/21\/reveillon-em-santos-tera-show-pirotecnico-inedito-guilherme-arantes-e-muitas-atracoes"]}]},{"@type":"ImageObject","inLanguage":"pt-BR","@id":"https:\/\/redenoticiaz.com.br\/litoralsp\/2024\/12\/21\/reveillon-em-santos-tera-show-pirotecnico-inedito-guilherme-arantes-e-muitas-atracoes#primaryimage","url":"https:\/\/redenoticiaz.com.br\/litoralsp\/wp-content\/uploads\/sites\/3\/2021\/10\/reveillon-2020-em-santos.jpg","contentUrl":"https:\/\/redenoticiaz.com.br\/litoralsp\/wp-content\/uploads\/sites\/3\/2021\/10\/reveillon-2020-em-santos.jpg","width":1065,"height":710,"caption":"Eventos controlados estar\u00e3o liberados. Cr\u00e9ditos: Reprodu\u00e7\u00e3o"},{"@type":"WebSite","@id":"https:\/\/redenoticiaz.com.br\/litoralsp\/#website","url":"https:\/\/redenoticiaz.com.br\/litoralsp\/","name":"Litoral SP","description":"Rede NoticiaZ","publisher":{"@id":"https:\/\/redenoticiaz.com.br\/litoralsp\/#organization"},"potentialAction":[{"@type":"SearchAction","target":{"@type":"EntryPoint","urlTemplate":"https:\/\/redenoticiaz.com.br\/litoralsp\/?s={search_term_string}"},"query-input":{"@type":"PropertyValueSpecification","valueRequired":true,"valueName":"search_term_string"}}],"inLanguage":"pt-BR"},{"@type":"Organization","@id":"https:\/\/redenoticiaz.com.br\/litoralsp\/#organization","name":"Litoral SP","url":"https:\/\/redenoticiaz.com.br\/litoralsp\/","logo":{"@type":"ImageObject","inLanguage":"pt-BR","@id":"https:\/\/redenoticiaz.com.br\/litoralsp\/#\/schema\/logo\/image\/","url":"https:\/\/redenoticiaz.com.br\/litoralsp\/wp-content\/uploads\/sites\/3\/2020\/11\/logo.jpg","contentUrl":"https:\/\/redenoticiaz.com.br\/litoralsp\/wp-content\/uploads\/sites\/3\/2020\/11\/logo.jpg","width":400,"height":250,"caption":"Litoral SP"},"image":{"@id":"https:\/\/redenoticiaz.com.br\/litoralsp\/#\/schema\/logo\/image\/"}},{"@type":"Person","@id":"https:\/\/redenoticiaz.com.br\/litoralsp\/#\/schema\/person\/16057b37a3c0ee6b096d7f887c566e2e","name":"Gustavo Silva","image":{"@type":"ImageObject","inLanguage":"pt-BR","@id":"https:\/\/secure.gravatar.com\/avatar\/3ee4e82f93b26de0a7cf4ea5eb7893da637ed6bb0c9170c58065944c56e28a33?s=96&d=mm&r=g","url":"https:\/\/secure.gravatar.com\/avatar\/3ee4e82f93b26de0a7cf4ea5eb7893da637ed6bb0c9170c58065944c56e28a33?s=96&d=mm&r=g","contentUrl":"https:\/\/secure.gravatar.com\/avatar\/3ee4e82f93b26de0a7cf4ea5eb7893da637ed6bb0c9170c58065944c56e28a33?s=96&d=mm&r=g","caption":"Gustavo Silva"},"url":"https:\/\/redenoticiaz.com.br\/litoralsp\/author\/gustavosilva"}]}},"_links":{"self":[{"href":"https:\/\/redenoticiaz.com.br\/litoralsp\/wp-json\/wp\/v2\/posts\/119846","targetHints":{"allow":["GET"]}}],"collection":[{"href":"https:\/\/redenoticiaz.com.br\/litoralsp\/wp-json\/wp\/v2\/posts"}],"about":[{"href":"https:\/\/redenoticiaz.com.br\/litoralsp\/wp-json\/wp\/v2\/types\/post"}],"author":[{"embeddable":true,"href":"https:\/\/redenoticiaz.com.br\/litoralsp\/wp-json\/wp\/v2\/users\/12"}],"replies":[{"embeddable":true,"href":"https:\/\/redenoticiaz.com.br\/litoralsp\/wp-json\/wp\/v2\/comments?post=119846"}],"version-history":[{"count":1,"href":"https:\/\/redenoticiaz.com.br\/litoralsp\/wp-json\/wp\/v2\/posts\/119846\/revisions"}],"predecessor-version":[{"id":119847,"href":"https:\/\/redenoticiaz.com.br\/litoralsp\/wp-json\/wp\/v2\/posts\/119846\/revisions\/119847"}],"wp:featuredmedia":[{"embeddable":true,"href":"https:\/\/redenoticiaz.com.br\/litoralsp\/wp-json\/wp\/v2\/media\/17200"}],"wp:attachment":[{"href":"https:\/\/redenoticiaz.com.br\/litoralsp\/wp-json\/wp\/v2\/media?parent=119846"}],"wp:term":[{"taxonomy":"category","embeddable":true,"href":"https:\/\/redenoticiaz.com.br\/litoralsp\/wp-json\/wp\/v2\/categories?post=119846"},{"taxonomy":"post_tag","embeddable":true,"href":"https:\/\/redenoticiaz.com.br\/litoralsp\/wp-json\/wp\/v2\/tags?post=119846"}],"curies":[{"name":"wp","href":"https:\/\/api.w.org\/{rel}","templated":true}]}}