{"id":119871,"date":"2024-12-24T19:45:51","date_gmt":"2024-12-24T22:45:51","guid":{"rendered":"https:\/\/redenoticiaz.com.br\/litoralsp\/?p=119871"},"modified":"2024-12-24T19:45:51","modified_gmt":"2024-12-24T22:45:51","slug":"corpo-em-estado-de-decomposicao-e-encontrado-em-porta-malas-de-carro","status":"publish","type":"post","link":"https:\/\/redenoticiaz.com.br\/litoralsp\/2024\/12\/24\/corpo-em-estado-de-decomposicao-e-encontrado-em-porta-malas-de-carro","title":{"rendered":"Corpo em estado de decomposi\u00e7\u00e3o \u00e9 encontrado em porta-malas de carro"},"content":{"rendered":"<div id=\"chunk-6s7vk\">\n<div class=\"mc-column content-text active-extra-styles \" data-block-type=\"unstyled\" data-block-weight=\"33\" data-block-id=\"2\">\n<p data-track-category=\"Link no Texto\" data-track-links=\"\" data-mrf-recirculation=\"Mat\u00e9ria - Links no Texto\">Um corpo em estado de decomposi\u00e7\u00e3o foi encontrado em porta-malas de carro na cidade de S\u00e3o Vicente no bairro Humait\u00e1.<\/p>\n<p data-track-category=\"Link no Texto\" data-track-links=\"\" data-mrf-recirculation=\"Mat\u00e9ria - Links no Texto\">De acordo com as informa\u00e7\u00f5es da Secretaria de Seguran\u00e7a P\u00fablica do Estado de S\u00e3o Paulo (SSP-SP), o corpo foi encontrado por volta de 10h20 de segunda-feira (23) quando as autoridades foram acionadas devido a um ve\u00edculo estar abandonado na Avenida Jos\u00e9 Ot\u00e1vio de Andrade.<\/p>\n<p data-track-category=\"Link no Texto\" data-track-links=\"\" data-mrf-recirculation=\"Mat\u00e9ria - Links no Texto\">Ainda de acordo com as informa\u00e7\u00f5es, o ve\u00edculo estava fechado e ao abri-lo os policiais encontraram o corpo da v\u00edtima no porta-malas.<\/p>\n<p data-track-category=\"Link no Texto\" data-track-links=\"\" data-mrf-recirculation=\"Mat\u00e9ria - Links no Texto\">Sendo assim, uma testemunha reconheceu o corpo da v\u00edtima pelas vestimentas e a identificou como sendo o cunhado, que, segundo o relato, era usu\u00e1rio de drogas e costumava desaparecer com frequ\u00eancia.<\/p>\n<p data-track-category=\"Link no Texto\" data-track-links=\"\" data-mrf-recirculation=\"Mat\u00e9ria - Links no Texto\"><strong>Leia mais<\/strong><\/p>\n<p data-track-category=\"Link no Texto\" data-track-links=\"\" data-mrf-recirculation=\"Mat\u00e9ria - Links no Texto\"><a href=\"https:\/\/redenoticiaz.com.br\/litoralsp\/2024\/12\/24\/detentos-em-estado-critico-de-saude-podem-ser-beneficiados-pelo-indulto-de-natal\">Detentos em estado cr\u00edtico de sa\u00fade podem ser beneficiados pelo indulto de Natal<\/a><\/p>\n<p data-track-category=\"Link no Texto\" data-track-links=\"\" data-mrf-recirculation=\"Mat\u00e9ria - Links no Texto\"><a href=\"https:\/\/redenoticiaz.com.br\/litoralsp\/2024\/12\/23\/acao-policial-conjunta-identifica-responsavel-por-furto-de-decoracao-de-natal-em-santos\">O Auto da Compadecida 2 estreia com recorde de pr\u00e9-venda no Brasil<\/a><\/p>\n<\/div>\n<\/div>\n","protected":false},"excerpt":{"rendered":"<p>Um corpo em estado de decomposi\u00e7\u00e3o foi encontrado em porta-malas de carro na cidade de S\u00e3o Vicente no bairro Humait\u00e1. De acordo com as informa\u00e7\u00f5es da Secretaria de Seguran\u00e7a P\u00fablica do Estado de S\u00e3o Paulo (SSP-SP), o corpo foi encontrado por volta de 10h20 de segunda-feira (23) quando as autoridades foram acionadas devido a um &hellip;<\/p>\n","protected":false},"author":12,"featured_media":119872,"comment_status":"open","ping_status":"closed","sticky":false,"template":"","format":"standard","meta":{"footnotes":""},"categories":[10,181],"tags":[10575,23586,33],"class_list":["post-119871","post","type-post","status-publish","format-standard","has-post-thumbnail","hentry","category-policia","category-sao-vicente","tag-corpo","tag-humaita","tag-sao-vicente"],"yoast_head":"<!-- This site is optimized with the Yoast SEO plugin v27.5 - https:\/\/yoast.com\/product\/yoast-seo-wordpress\/ -->\n<title>Corpo em estado de decomposi\u00e7\u00e3o \u00e9 encontrado em porta-malas de carro - Litoral SP<\/title>\n<meta name=\"description\" content=\"Um corpo em estado de decomposi\u00e7\u00e3o foi encontrado em porta-malas de carro na cidade de S\u00e3o Vicente no bairro Humait\u00e1.\" \/>\n<meta name=\"robots\" content=\"index, follow, max-snippet:-1, max-image-preview:large, max-video-preview:-1\" \/>\n<link rel=\"canonical\" href=\"https:\/\/redenoticiaz.com.br\/litoralsp\/2024\/12\/24\/corpo-em-estado-de-decomposicao-e-encontrado-em-porta-malas-de-carro\" \/>\n<meta property=\"og:locale\" content=\"pt_BR\" \/>\n<meta property=\"og:type\" content=\"article\" \/>\n<meta property=\"og:title\" content=\"Corpo em estado de decomposi\u00e7\u00e3o \u00e9 encontrado em porta-malas de carro - Litoral SP\" \/>\n<meta property=\"og:description\" content=\"Um corpo em estado de decomposi\u00e7\u00e3o foi encontrado em porta-malas de carro na cidade de S\u00e3o Vicente no bairro Humait\u00e1.\" \/>\n<meta property=\"og:url\" content=\"https:\/\/redenoticiaz.com.br\/litoralsp\/2024\/12\/24\/corpo-em-estado-de-decomposicao-e-encontrado-em-porta-malas-de-carro\" \/>\n<meta property=\"og:site_name\" content=\"Litoral SP\" \/>\n<meta property=\"article:published_time\" content=\"2024-12-24T22:45:51+00:00\" \/>\n<meta property=\"og:image\" content=\"https:\/\/redenoticiaz.com.br\/litoralsp\/wp-content\/uploads\/sites\/3\/2024\/12\/Captura-de-tela_24-12-2024_194445_g1.globo_.com_.jpeg\" \/>\n\t<meta property=\"og:image:width\" content=\"790\" \/>\n\t<meta property=\"og:image:height\" content=\"530\" \/>\n\t<meta property=\"og:image:type\" content=\"image\/jpeg\" \/>\n<meta name=\"author\" content=\"Gustavo Silva\" \/>\n<meta name=\"twitter:card\" content=\"summary_large_image\" \/>\n<meta name=\"twitter:label1\" content=\"Escrito por\" \/>\n\t<meta name=\"twitter:data1\" content=\"Gustavo Silva\" \/>\n\t<meta name=\"twitter:label2\" content=\"Est. tempo de leitura\" \/>\n\t<meta name=\"twitter:data2\" content=\"1 minuto\" \/>\n<script type=\"application\/ld+json\" class=\"yoast-schema-graph\">{\"@context\":\"https:\\\/\\\/schema.org\",\"@graph\":[{\"@type\":\"Article\",\"@id\":\"https:\\\/\\\/redenoticiaz.com.br\\\/litoralsp\\\/2024\\\/12\\\/24\\\/corpo-em-estado-de-decomposicao-e-encontrado-em-porta-malas-de-carro#article\",\"isPartOf\":{\"@id\":\"https:\\\/\\\/redenoticiaz.com.br\\\/litoralsp\\\/2024\\\/12\\\/24\\\/corpo-em-estado-de-decomposicao-e-encontrado-em-porta-malas-de-carro\"},\"author\":{\"name\":\"Gustavo Silva\",\"@id\":\"https:\\\/\\\/redenoticiaz.com.br\\\/litoralsp\\\/#\\\/schema\\\/person\\\/16057b37a3c0ee6b096d7f887c566e2e\"},\"headline\":\"Corpo em estado de decomposi\u00e7\u00e3o \u00e9 encontrado em porta-malas de carro\",\"datePublished\":\"2024-12-24T22:45:51+00:00\",\"mainEntityOfPage\":{\"@id\":\"https:\\\/\\\/redenoticiaz.com.br\\\/litoralsp\\\/2024\\\/12\\\/24\\\/corpo-em-estado-de-decomposicao-e-encontrado-em-porta-malas-de-carro\"},\"wordCount\":170,\"commentCount\":0,\"publisher\":{\"@id\":\"https:\\\/\\\/redenoticiaz.com.br\\\/litoralsp\\\/#organization\"},\"image\":{\"@id\":\"https:\\\/\\\/redenoticiaz.com.br\\\/litoralsp\\\/2024\\\/12\\\/24\\\/corpo-em-estado-de-decomposicao-e-encontrado-em-porta-malas-de-carro#primaryimage\"},\"thumbnailUrl\":\"https:\\\/\\\/redenoticiaz.com.br\\\/litoralsp\\\/wp-content\\\/uploads\\\/sites\\\/3\\\/2024\\\/12\\\/Captura-de-tela_24-12-2024_194445_g1.globo_.com_.jpeg\",\"keywords\":[\"CORPO\",\"HUMAIT\u00c1\",\"S\u00e3o Vicente\"],\"articleSection\":[\"Pol\u00edcia\",\"S\u00e3o Vicente\"],\"inLanguage\":\"pt-BR\",\"potentialAction\":[{\"@type\":\"CommentAction\",\"name\":\"Comment\",\"target\":[\"https:\\\/\\\/redenoticiaz.com.br\\\/litoralsp\\\/2024\\\/12\\\/24\\\/corpo-em-estado-de-decomposicao-e-encontrado-em-porta-malas-de-carro#respond\"]}]},{\"@type\":\"WebPage\",\"@id\":\"https:\\\/\\\/redenoticiaz.com.br\\\/litoralsp\\\/2024\\\/12\\\/24\\\/corpo-em-estado-de-decomposicao-e-encontrado-em-porta-malas-de-carro\",\"url\":\"https:\\\/\\\/redenoticiaz.com.br\\\/litoralsp\\\/2024\\\/12\\\/24\\\/corpo-em-estado-de-decomposicao-e-encontrado-em-porta-malas-de-carro\",\"name\":\"Corpo em estado de decomposi\u00e7\u00e3o \u00e9 encontrado em porta-malas de carro - Litoral SP\",\"isPartOf\":{\"@id\":\"https:\\\/\\\/redenoticiaz.com.br\\\/litoralsp\\\/#website\"},\"primaryImageOfPage\":{\"@id\":\"https:\\\/\\\/redenoticiaz.com.br\\\/litoralsp\\\/2024\\\/12\\\/24\\\/corpo-em-estado-de-decomposicao-e-encontrado-em-porta-malas-de-carro#primaryimage\"},\"image\":{\"@id\":\"https:\\\/\\\/redenoticiaz.com.br\\\/litoralsp\\\/2024\\\/12\\\/24\\\/corpo-em-estado-de-decomposicao-e-encontrado-em-porta-malas-de-carro#primaryimage\"},\"thumbnailUrl\":\"https:\\\/\\\/redenoticiaz.com.br\\\/litoralsp\\\/wp-content\\\/uploads\\\/sites\\\/3\\\/2024\\\/12\\\/Captura-de-tela_24-12-2024_194445_g1.globo_.com_.jpeg\",\"datePublished\":\"2024-12-24T22:45:51+00:00\",\"description\":\"Um corpo em estado de decomposi\u00e7\u00e3o foi encontrado em porta-malas de carro na cidade de S\u00e3o Vicente no bairro Humait\u00e1.\",\"inLanguage\":\"pt-BR\",\"potentialAction\":[{\"@type\":\"ReadAction\",\"target\":[\"https:\\\/\\\/redenoticiaz.com.br\\\/litoralsp\\\/2024\\\/12\\\/24\\\/corpo-em-estado-de-decomposicao-e-encontrado-em-porta-malas-de-carro\"]}]},{\"@type\":\"ImageObject\",\"inLanguage\":\"pt-BR\",\"@id\":\"https:\\\/\\\/redenoticiaz.com.br\\\/litoralsp\\\/2024\\\/12\\\/24\\\/corpo-em-estado-de-decomposicao-e-encontrado-em-porta-malas-de-carro#primaryimage\",\"url\":\"https:\\\/\\\/redenoticiaz.com.br\\\/litoralsp\\\/wp-content\\\/uploads\\\/sites\\\/3\\\/2024\\\/12\\\/Captura-de-tela_24-12-2024_194445_g1.globo_.com_.jpeg\",\"contentUrl\":\"https:\\\/\\\/redenoticiaz.com.br\\\/litoralsp\\\/wp-content\\\/uploads\\\/sites\\\/3\\\/2024\\\/12\\\/Captura-de-tela_24-12-2024_194445_g1.globo_.com_.jpeg\",\"width\":790,\"height\":530},{\"@type\":\"WebSite\",\"@id\":\"https:\\\/\\\/redenoticiaz.com.br\\\/litoralsp\\\/#website\",\"url\":\"https:\\\/\\\/redenoticiaz.com.br\\\/litoralsp\\\/\",\"name\":\"Litoral SP\",\"description\":\"Rede NoticiaZ\",\"publisher\":{\"@id\":\"https:\\\/\\\/redenoticiaz.com.br\\\/litoralsp\\\/#organization\"},\"potentialAction\":[{\"@type\":\"SearchAction\",\"target\":{\"@type\":\"EntryPoint\",\"urlTemplate\":\"https:\\\/\\\/redenoticiaz.com.br\\\/litoralsp\\\/?s={search_term_string}\"},\"query-input\":{\"@type\":\"PropertyValueSpecification\",\"valueRequired\":true,\"valueName\":\"search_term_string\"}}],\"inLanguage\":\"pt-BR\"},{\"@type\":\"Organization\",\"@id\":\"https:\\\/\\\/redenoticiaz.com.br\\\/litoralsp\\\/#organization\",\"name\":\"Litoral SP\",\"url\":\"https:\\\/\\\/redenoticiaz.com.br\\\/litoralsp\\\/\",\"logo\":{\"@type\":\"ImageObject\",\"inLanguage\":\"pt-BR\",\"@id\":\"https:\\\/\\\/redenoticiaz.com.br\\\/litoralsp\\\/#\\\/schema\\\/logo\\\/image\\\/\",\"url\":\"https:\\\/\\\/redenoticiaz.com.br\\\/litoralsp\\\/wp-content\\\/uploads\\\/sites\\\/3\\\/2020\\\/11\\\/logo.jpg\",\"contentUrl\":\"https:\\\/\\\/redenoticiaz.com.br\\\/litoralsp\\\/wp-content\\\/uploads\\\/sites\\\/3\\\/2020\\\/11\\\/logo.jpg\",\"width\":400,\"height\":250,\"caption\":\"Litoral SP\"},\"image\":{\"@id\":\"https:\\\/\\\/redenoticiaz.com.br\\\/litoralsp\\\/#\\\/schema\\\/logo\\\/image\\\/\"}},{\"@type\":\"Person\",\"@id\":\"https:\\\/\\\/redenoticiaz.com.br\\\/litoralsp\\\/#\\\/schema\\\/person\\\/16057b37a3c0ee6b096d7f887c566e2e\",\"name\":\"Gustavo Silva\",\"image\":{\"@type\":\"ImageObject\",\"inLanguage\":\"pt-BR\",\"@id\":\"https:\\\/\\\/secure.gravatar.com\\\/avatar\\\/3ee4e82f93b26de0a7cf4ea5eb7893da637ed6bb0c9170c58065944c56e28a33?s=96&d=mm&r=g\",\"url\":\"https:\\\/\\\/secure.gravatar.com\\\/avatar\\\/3ee4e82f93b26de0a7cf4ea5eb7893da637ed6bb0c9170c58065944c56e28a33?s=96&d=mm&r=g\",\"contentUrl\":\"https:\\\/\\\/secure.gravatar.com\\\/avatar\\\/3ee4e82f93b26de0a7cf4ea5eb7893da637ed6bb0c9170c58065944c56e28a33?s=96&d=mm&r=g\",\"caption\":\"Gustavo Silva\"},\"url\":\"https:\\\/\\\/redenoticiaz.com.br\\\/litoralsp\\\/author\\\/gustavosilva\"}]}<\/script>\n<!-- \/ Yoast SEO plugin. -->","yoast_head_json":{"title":"Corpo em estado de decomposi\u00e7\u00e3o \u00e9 encontrado em porta-malas de carro - Litoral SP","description":"Um corpo em estado de decomposi\u00e7\u00e3o foi encontrado em porta-malas de carro na cidade de S\u00e3o Vicente no bairro Humait\u00e1.","robots":{"index":"index","follow":"follow","max-snippet":"max-snippet:-1","max-image-preview":"max-image-preview:large","max-video-preview":"max-video-preview:-1"},"canonical":"https:\/\/redenoticiaz.com.br\/litoralsp\/2024\/12\/24\/corpo-em-estado-de-decomposicao-e-encontrado-em-porta-malas-de-carro","og_locale":"pt_BR","og_type":"article","og_title":"Corpo em estado de decomposi\u00e7\u00e3o \u00e9 encontrado em porta-malas de carro - Litoral SP","og_description":"Um corpo em estado de decomposi\u00e7\u00e3o foi encontrado em porta-malas de carro na cidade de S\u00e3o Vicente no bairro Humait\u00e1.","og_url":"https:\/\/redenoticiaz.com.br\/litoralsp\/2024\/12\/24\/corpo-em-estado-de-decomposicao-e-encontrado-em-porta-malas-de-carro","og_site_name":"Litoral SP","article_published_time":"2024-12-24T22:45:51+00:00","og_image":[{"width":790,"height":530,"url":"https:\/\/redenoticiaz.com.br\/litoralsp\/wp-content\/uploads\/sites\/3\/2024\/12\/Captura-de-tela_24-12-2024_194445_g1.globo_.com_.jpeg","type":"image\/jpeg"}],"author":"Gustavo Silva","twitter_card":"summary_large_image","twitter_misc":{"Escrito por":"Gustavo Silva","Est. tempo de leitura":"1 minuto"},"schema":{"@context":"https:\/\/schema.org","@graph":[{"@type":"Article","@id":"https:\/\/redenoticiaz.com.br\/litoralsp\/2024\/12\/24\/corpo-em-estado-de-decomposicao-e-encontrado-em-porta-malas-de-carro#article","isPartOf":{"@id":"https:\/\/redenoticiaz.com.br\/litoralsp\/2024\/12\/24\/corpo-em-estado-de-decomposicao-e-encontrado-em-porta-malas-de-carro"},"author":{"name":"Gustavo Silva","@id":"https:\/\/redenoticiaz.com.br\/litoralsp\/#\/schema\/person\/16057b37a3c0ee6b096d7f887c566e2e"},"headline":"Corpo em estado de decomposi\u00e7\u00e3o \u00e9 encontrado em porta-malas de carro","datePublished":"2024-12-24T22:45:51+00:00","mainEntityOfPage":{"@id":"https:\/\/redenoticiaz.com.br\/litoralsp\/2024\/12\/24\/corpo-em-estado-de-decomposicao-e-encontrado-em-porta-malas-de-carro"},"wordCount":170,"commentCount":0,"publisher":{"@id":"https:\/\/redenoticiaz.com.br\/litoralsp\/#organization"},"image":{"@id":"https:\/\/redenoticiaz.com.br\/litoralsp\/2024\/12\/24\/corpo-em-estado-de-decomposicao-e-encontrado-em-porta-malas-de-carro#primaryimage"},"thumbnailUrl":"https:\/\/redenoticiaz.com.br\/litoralsp\/wp-content\/uploads\/sites\/3\/2024\/12\/Captura-de-tela_24-12-2024_194445_g1.globo_.com_.jpeg","keywords":["CORPO","HUMAIT\u00c1","S\u00e3o Vicente"],"articleSection":["Pol\u00edcia","S\u00e3o Vicente"],"inLanguage":"pt-BR","potentialAction":[{"@type":"CommentAction","name":"Comment","target":["https:\/\/redenoticiaz.com.br\/litoralsp\/2024\/12\/24\/corpo-em-estado-de-decomposicao-e-encontrado-em-porta-malas-de-carro#respond"]}]},{"@type":"WebPage","@id":"https:\/\/redenoticiaz.com.br\/litoralsp\/2024\/12\/24\/corpo-em-estado-de-decomposicao-e-encontrado-em-porta-malas-de-carro","url":"https:\/\/redenoticiaz.com.br\/litoralsp\/2024\/12\/24\/corpo-em-estado-de-decomposicao-e-encontrado-em-porta-malas-de-carro","name":"Corpo em estado de decomposi\u00e7\u00e3o \u00e9 encontrado em porta-malas de carro - Litoral SP","isPartOf":{"@id":"https:\/\/redenoticiaz.com.br\/litoralsp\/#website"},"primaryImageOfPage":{"@id":"https:\/\/redenoticiaz.com.br\/litoralsp\/2024\/12\/24\/corpo-em-estado-de-decomposicao-e-encontrado-em-porta-malas-de-carro#primaryimage"},"image":{"@id":"https:\/\/redenoticiaz.com.br\/litoralsp\/2024\/12\/24\/corpo-em-estado-de-decomposicao-e-encontrado-em-porta-malas-de-carro#primaryimage"},"thumbnailUrl":"https:\/\/redenoticiaz.com.br\/litoralsp\/wp-content\/uploads\/sites\/3\/2024\/12\/Captura-de-tela_24-12-2024_194445_g1.globo_.com_.jpeg","datePublished":"2024-12-24T22:45:51+00:00","description":"Um corpo em estado de decomposi\u00e7\u00e3o foi encontrado em porta-malas de carro na cidade de S\u00e3o Vicente no bairro Humait\u00e1.","inLanguage":"pt-BR","potentialAction":[{"@type":"ReadAction","target":["https:\/\/redenoticiaz.com.br\/litoralsp\/2024\/12\/24\/corpo-em-estado-de-decomposicao-e-encontrado-em-porta-malas-de-carro"]}]},{"@type":"ImageObject","inLanguage":"pt-BR","@id":"https:\/\/redenoticiaz.com.br\/litoralsp\/2024\/12\/24\/corpo-em-estado-de-decomposicao-e-encontrado-em-porta-malas-de-carro#primaryimage","url":"https:\/\/redenoticiaz.com.br\/litoralsp\/wp-content\/uploads\/sites\/3\/2024\/12\/Captura-de-tela_24-12-2024_194445_g1.globo_.com_.jpeg","contentUrl":"https:\/\/redenoticiaz.com.br\/litoralsp\/wp-content\/uploads\/sites\/3\/2024\/12\/Captura-de-tela_24-12-2024_194445_g1.globo_.com_.jpeg","width":790,"height":530},{"@type":"WebSite","@id":"https:\/\/redenoticiaz.com.br\/litoralsp\/#website","url":"https:\/\/redenoticiaz.com.br\/litoralsp\/","name":"Litoral SP","description":"Rede NoticiaZ","publisher":{"@id":"https:\/\/redenoticiaz.com.br\/litoralsp\/#organization"},"potentialAction":[{"@type":"SearchAction","target":{"@type":"EntryPoint","urlTemplate":"https:\/\/redenoticiaz.com.br\/litoralsp\/?s={search_term_string}"},"query-input":{"@type":"PropertyValueSpecification","valueRequired":true,"valueName":"search_term_string"}}],"inLanguage":"pt-BR"},{"@type":"Organization","@id":"https:\/\/redenoticiaz.com.br\/litoralsp\/#organization","name":"Litoral SP","url":"https:\/\/redenoticiaz.com.br\/litoralsp\/","logo":{"@type":"ImageObject","inLanguage":"pt-BR","@id":"https:\/\/redenoticiaz.com.br\/litoralsp\/#\/schema\/logo\/image\/","url":"https:\/\/redenoticiaz.com.br\/litoralsp\/wp-content\/uploads\/sites\/3\/2020\/11\/logo.jpg","contentUrl":"https:\/\/redenoticiaz.com.br\/litoralsp\/wp-content\/uploads\/sites\/3\/2020\/11\/logo.jpg","width":400,"height":250,"caption":"Litoral SP"},"image":{"@id":"https:\/\/redenoticiaz.com.br\/litoralsp\/#\/schema\/logo\/image\/"}},{"@type":"Person","@id":"https:\/\/redenoticiaz.com.br\/litoralsp\/#\/schema\/person\/16057b37a3c0ee6b096d7f887c566e2e","name":"Gustavo Silva","image":{"@type":"ImageObject","inLanguage":"pt-BR","@id":"https:\/\/secure.gravatar.com\/avatar\/3ee4e82f93b26de0a7cf4ea5eb7893da637ed6bb0c9170c58065944c56e28a33?s=96&d=mm&r=g","url":"https:\/\/secure.gravatar.com\/avatar\/3ee4e82f93b26de0a7cf4ea5eb7893da637ed6bb0c9170c58065944c56e28a33?s=96&d=mm&r=g","contentUrl":"https:\/\/secure.gravatar.com\/avatar\/3ee4e82f93b26de0a7cf4ea5eb7893da637ed6bb0c9170c58065944c56e28a33?s=96&d=mm&r=g","caption":"Gustavo Silva"},"url":"https:\/\/redenoticiaz.com.br\/litoralsp\/author\/gustavosilva"}]}},"_links":{"self":[{"href":"https:\/\/redenoticiaz.com.br\/litoralsp\/wp-json\/wp\/v2\/posts\/119871","targetHints":{"allow":["GET"]}}],"collection":[{"href":"https:\/\/redenoticiaz.com.br\/litoralsp\/wp-json\/wp\/v2\/posts"}],"about":[{"href":"https:\/\/redenoticiaz.com.br\/litoralsp\/wp-json\/wp\/v2\/types\/post"}],"author":[{"embeddable":true,"href":"https:\/\/redenoticiaz.com.br\/litoralsp\/wp-json\/wp\/v2\/users\/12"}],"replies":[{"embeddable":true,"href":"https:\/\/redenoticiaz.com.br\/litoralsp\/wp-json\/wp\/v2\/comments?post=119871"}],"version-history":[{"count":1,"href":"https:\/\/redenoticiaz.com.br\/litoralsp\/wp-json\/wp\/v2\/posts\/119871\/revisions"}],"predecessor-version":[{"id":119873,"href":"https:\/\/redenoticiaz.com.br\/litoralsp\/wp-json\/wp\/v2\/posts\/119871\/revisions\/119873"}],"wp:featuredmedia":[{"embeddable":true,"href":"https:\/\/redenoticiaz.com.br\/litoralsp\/wp-json\/wp\/v2\/media\/119872"}],"wp:attachment":[{"href":"https:\/\/redenoticiaz.com.br\/litoralsp\/wp-json\/wp\/v2\/media?parent=119871"}],"wp:term":[{"taxonomy":"category","embeddable":true,"href":"https:\/\/redenoticiaz.com.br\/litoralsp\/wp-json\/wp\/v2\/categories?post=119871"},{"taxonomy":"post_tag","embeddable":true,"href":"https:\/\/redenoticiaz.com.br\/litoralsp\/wp-json\/wp\/v2\/tags?post=119871"}],"curies":[{"name":"wp","href":"https:\/\/api.w.org\/{rel}","templated":true}]}}