{"id":119878,"date":"2024-12-28T12:00:03","date_gmt":"2024-12-28T15:00:03","guid":{"rendered":"https:\/\/redenoticiaz.com.br\/litoralsp\/?p=119878"},"modified":"2024-12-24T20:01:23","modified_gmt":"2024-12-24T23:01:23","slug":"turistas-brasileiros-injetarao-r-148-bi-na-economia-durante-o-verao","status":"publish","type":"post","link":"https:\/\/redenoticiaz.com.br\/litoralsp\/2024\/12\/28\/turistas-brasileiros-injetarao-r-148-bi-na-economia-durante-o-verao","title":{"rendered":"Turistas brasileiros injetar\u00e3o R$ 148 bi na economia durante o ver\u00e3o"},"content":{"rendered":"<p>Pouco mais de um ter\u00e7o dos brasileiros pretende viajar no ver\u00e3o e injetar R$ 148,3 bilh\u00f5es na economia, revelou pesquisa divulgada pelo Minist\u00e9rio do Turismo. Segundo o levantamento Tend\u00eancias de Turismo Ver\u00e3o 2025 \u2013 Comportamento da Popula\u00e7\u00e3o Brasileira, 59 milh\u00f5es de pessoas (35% da popula\u00e7\u00e3o do pa\u00eds) planejam viajar a lazer de dezembro de 2024 a fevereiro de 2025.<img decoding=\"async\" src=\"https:\/\/agenciabrasil.ebc.com.br\/ebc.png?id=1624884&amp;o=node\" \/><img decoding=\"async\" src=\"https:\/\/agenciabrasil.ebc.com.br\/ebc.gif?id=1624884&amp;o=node\" \/><\/p>\n<p>A contribui\u00e7\u00e3o do turismo interno na economia foi calculada com base no gasto m\u00e9dio, que subir\u00e1 neste ano. De acordo com a pesquisa, cada turista brasileiro pretende gastar, em m\u00e9dia, R$ 2.514 neste ver\u00e3o, alta de 34% em rela\u00e7\u00e3o ao ver\u00e3o anterior, quando a m\u00e9dia ficou em R$ 1.877.<\/p>\n<p>Feita em parceria com a Nexus Pesquisa e Intelig\u00eancia de Dados, a pesquisa mostrou que 97% dos viajantes brasileiros escolheram um destino nacional. A praia continua o principal atrativo da esta\u00e7\u00e3o, citada por 54% dos entrevistados. Em segundo lugar, v\u00eam os destinos ligados \u00e0 natureza e ao ecoturismo (10%), seguidos por atra\u00e7\u00f5es de aventura e de sa\u00fade\/bem-estar, ambas as categorias com 5% cada.<\/p>\n<p>\u201cO gasto m\u00e9dio dos viajantes cresceu 34%, saindo de R$ 1,8 mil para R$ 2,5 mil. A expectativa de movimenta\u00e7\u00e3o econ\u00f4mica \u00e9 extraordin\u00e1ria, de mais de R$ 148 bilh\u00f5es que o turismo vai gerar na nossa economia. Sol e praia est\u00e3o na prefer\u00eancia do brasileiro, mas claro todo mundo est\u00e1 com o interesse de conhecer a gastronomia, os pontos tur\u00edsticos de todo o Brasil\u201d, declarou o ministro do Turismo, Celso Sabino, em v\u00eddeo divulgado pela pasta.<\/p>\n<p>A dura\u00e7\u00e3o m\u00e9dia da viagem est\u00e1 em 12 dias nesta temporada. Segundo a pesquisa, fatores como belezas naturais, pre\u00e7o baixo e a possibilidade de reencontrar parentes e amigos se destacaram entre os principais motivos na hora de escolher um destino tur\u00edstico.<\/p>\n<p>A Nexus fez 5.542 entrevistas domiciliares nas 27 Unidades da Federa\u00e7\u00e3o com cidad\u00e3os a partir de 16 anos. A margem de erro no total da amostra \u00e9 de dois pontos percentuais, com intervalo de confian\u00e7a de 95%. Realizada a pedido da Secretaria de Comunica\u00e7\u00e3o da Presid\u00eancia da Rep\u00fablica, a pesquisa foi realizada de 14 a 28 de outubro.<\/p>\n<p>Em novembro, o Minist\u00e9rio do Turismo anunciou que o Brasil ter\u00e1 184 mil voos durante o ver\u00e3o, alta de 17,8 mil (+10,7%) em rela\u00e7\u00e3o \u00e0 temporada passada. O n\u00famero de assentos subir\u00e1 para 29,8 milh\u00f5es, aumento de 3,2 milh\u00f5es (+12%) de um ano para outro. A iniciativa faz parte do programa Conhe\u00e7a o Brasil Voando, parceria da pasta com as principais companhias a\u00e9reas brasileiras para ampliar o acesso ao turismo e atender \u00e0 demanda durante as f\u00e9rias.<\/p>\n<p>Leia mais<\/p>\n<p><a href=\"https:\/\/redenoticiaz.com.br\/blog\/2024\/12\/24\/homem-e-preso-apos-tentar-invadir-escola-para-agredir-sua-ex-companheira\">Homem \u00e9 preso ap\u00f3s tentar invadir escola para agredir sua ex-companheira<\/a><\/p>\n<p><a href=\"https:\/\/redenoticiaz.com.br\/blog\/2024\/12\/24\/motociclista-e-preso-apos-trafegar-sem-capacete\">Homem \u00e9 preso ap\u00f3s tentar invadir escola para agredir sua ex-companheira<\/a><\/p>\n","protected":false},"excerpt":{"rendered":"<p>Pouco mais de um ter\u00e7o dos brasileiros pretende viajar no ver\u00e3o e injetar R$ 148,3 bilh\u00f5es na economia, revelou pesquisa divulgada pelo Minist\u00e9rio do Turismo. Segundo o levantamento Tend\u00eancias de Turismo Ver\u00e3o 2025 \u2013 Comportamento da Popula\u00e7\u00e3o Brasileira, 59 milh\u00f5es de pessoas (35% da popula\u00e7\u00e3o do pa\u00eds) planejam viajar a lazer de dezembro de 2024 &hellip;<\/p>\n","protected":false},"author":12,"featured_media":114131,"comment_status":"open","ping_status":"closed","sticky":false,"template":"","format":"standard","meta":{"footnotes":""},"categories":[775],"tags":[4858,32535,4255],"class_list":["post-119878","post","type-post","status-publish","format-standard","has-post-thumbnail","hentry","category-turismo","tag-turistas","tag-turistas-brasileiros","tag-verao"],"yoast_head":"<!-- This site is optimized with the Yoast SEO plugin v27.5 - https:\/\/yoast.com\/product\/yoast-seo-wordpress\/ -->\n<title>Turistas brasileiros injetar\u00e3o R$ 148 bi na economia durante o ver\u00e3o - Litoral SP<\/title>\n<meta name=\"description\" content=\"Pouco mais de um ter\u00e7o dos brasileiros pretende viajar no ver\u00e3o e injetar R$ 148,3 bilh\u00f5es na economia, revelou pesquisa divulgada pelo Minist\u00e9rio do Turismo.\" \/>\n<meta name=\"robots\" content=\"index, follow, max-snippet:-1, max-image-preview:large, max-video-preview:-1\" \/>\n<link rel=\"canonical\" href=\"https:\/\/redenoticiaz.com.br\/litoralsp\/2024\/12\/28\/turistas-brasileiros-injetarao-r-148-bi-na-economia-durante-o-verao\" \/>\n<meta property=\"og:locale\" content=\"pt_BR\" \/>\n<meta property=\"og:type\" content=\"article\" \/>\n<meta property=\"og:title\" content=\"Turistas brasileiros injetar\u00e3o R$ 148 bi na economia durante o ver\u00e3o - Litoral SP\" \/>\n<meta property=\"og:description\" content=\"Pouco mais de um ter\u00e7o dos brasileiros pretende viajar no ver\u00e3o e injetar R$ 148,3 bilh\u00f5es na economia, revelou pesquisa divulgada pelo Minist\u00e9rio do Turismo.\" \/>\n<meta property=\"og:url\" content=\"https:\/\/redenoticiaz.com.br\/litoralsp\/2024\/12\/28\/turistas-brasileiros-injetarao-r-148-bi-na-economia-durante-o-verao\" \/>\n<meta property=\"og:site_name\" content=\"Litoral SP\" \/>\n<meta property=\"article:published_time\" content=\"2024-12-28T15:00:03+00:00\" \/>\n<meta property=\"og:image\" content=\"https:\/\/redenoticiaz.com.br\/litoralsp\/wp-content\/uploads\/sites\/3\/2024\/02\/Captura-de-tela-2024-02-02-172130.jpg?v=1706905330\" \/>\n\t<meta property=\"og:image:width\" content=\"525\" \/>\n\t<meta property=\"og:image:height\" content=\"314\" \/>\n\t<meta property=\"og:image:type\" content=\"image\/jpeg\" \/>\n<meta name=\"author\" content=\"Gustavo Silva\" \/>\n<meta name=\"twitter:card\" content=\"summary_large_image\" \/>\n<meta name=\"twitter:label1\" content=\"Escrito por\" \/>\n\t<meta name=\"twitter:data1\" content=\"Gustavo Silva\" \/>\n\t<meta name=\"twitter:label2\" content=\"Est. tempo de leitura\" \/>\n\t<meta name=\"twitter:data2\" content=\"4 minutos\" \/>\n<script type=\"application\/ld+json\" class=\"yoast-schema-graph\">{\"@context\":\"https:\\\/\\\/schema.org\",\"@graph\":[{\"@type\":\"Article\",\"@id\":\"https:\\\/\\\/redenoticiaz.com.br\\\/litoralsp\\\/2024\\\/12\\\/28\\\/turistas-brasileiros-injetarao-r-148-bi-na-economia-durante-o-verao#article\",\"isPartOf\":{\"@id\":\"https:\\\/\\\/redenoticiaz.com.br\\\/litoralsp\\\/2024\\\/12\\\/28\\\/turistas-brasileiros-injetarao-r-148-bi-na-economia-durante-o-verao\"},\"author\":{\"name\":\"Gustavo Silva\",\"@id\":\"https:\\\/\\\/redenoticiaz.com.br\\\/litoralsp\\\/#\\\/schema\\\/person\\\/16057b37a3c0ee6b096d7f887c566e2e\"},\"headline\":\"Turistas brasileiros injetar\u00e3o R$ 148 bi na economia durante o ver\u00e3o\",\"datePublished\":\"2024-12-28T15:00:03+00:00\",\"mainEntityOfPage\":{\"@id\":\"https:\\\/\\\/redenoticiaz.com.br\\\/litoralsp\\\/2024\\\/12\\\/28\\\/turistas-brasileiros-injetarao-r-148-bi-na-economia-durante-o-verao\"},\"wordCount\":474,\"commentCount\":0,\"publisher\":{\"@id\":\"https:\\\/\\\/redenoticiaz.com.br\\\/litoralsp\\\/#organization\"},\"image\":{\"@id\":\"https:\\\/\\\/redenoticiaz.com.br\\\/litoralsp\\\/2024\\\/12\\\/28\\\/turistas-brasileiros-injetarao-r-148-bi-na-economia-durante-o-verao#primaryimage\"},\"thumbnailUrl\":\"https:\\\/\\\/redenoticiaz.com.br\\\/litoralsp\\\/wp-content\\\/uploads\\\/sites\\\/3\\\/2024\\\/02\\\/Captura-de-tela-2024-02-02-172130.jpg?v=1706905330\",\"keywords\":[\"TURISTAS\",\"TURISTAS BRASILEIROS\",\"VER\u00c3O\"],\"articleSection\":[\"Turismo\"],\"inLanguage\":\"pt-BR\",\"potentialAction\":[{\"@type\":\"CommentAction\",\"name\":\"Comment\",\"target\":[\"https:\\\/\\\/redenoticiaz.com.br\\\/litoralsp\\\/2024\\\/12\\\/28\\\/turistas-brasileiros-injetarao-r-148-bi-na-economia-durante-o-verao#respond\"]}]},{\"@type\":\"WebPage\",\"@id\":\"https:\\\/\\\/redenoticiaz.com.br\\\/litoralsp\\\/2024\\\/12\\\/28\\\/turistas-brasileiros-injetarao-r-148-bi-na-economia-durante-o-verao\",\"url\":\"https:\\\/\\\/redenoticiaz.com.br\\\/litoralsp\\\/2024\\\/12\\\/28\\\/turistas-brasileiros-injetarao-r-148-bi-na-economia-durante-o-verao\",\"name\":\"Turistas brasileiros injetar\u00e3o R$ 148 bi na economia durante o ver\u00e3o - Litoral SP\",\"isPartOf\":{\"@id\":\"https:\\\/\\\/redenoticiaz.com.br\\\/litoralsp\\\/#website\"},\"primaryImageOfPage\":{\"@id\":\"https:\\\/\\\/redenoticiaz.com.br\\\/litoralsp\\\/2024\\\/12\\\/28\\\/turistas-brasileiros-injetarao-r-148-bi-na-economia-durante-o-verao#primaryimage\"},\"image\":{\"@id\":\"https:\\\/\\\/redenoticiaz.com.br\\\/litoralsp\\\/2024\\\/12\\\/28\\\/turistas-brasileiros-injetarao-r-148-bi-na-economia-durante-o-verao#primaryimage\"},\"thumbnailUrl\":\"https:\\\/\\\/redenoticiaz.com.br\\\/litoralsp\\\/wp-content\\\/uploads\\\/sites\\\/3\\\/2024\\\/02\\\/Captura-de-tela-2024-02-02-172130.jpg?v=1706905330\",\"datePublished\":\"2024-12-28T15:00:03+00:00\",\"description\":\"Pouco mais de um ter\u00e7o dos brasileiros pretende viajar no ver\u00e3o e injetar R$ 148,3 bilh\u00f5es na economia, revelou pesquisa divulgada pelo Minist\u00e9rio do Turismo.\",\"inLanguage\":\"pt-BR\",\"potentialAction\":[{\"@type\":\"ReadAction\",\"target\":[\"https:\\\/\\\/redenoticiaz.com.br\\\/litoralsp\\\/2024\\\/12\\\/28\\\/turistas-brasileiros-injetarao-r-148-bi-na-economia-durante-o-verao\"]}]},{\"@type\":\"ImageObject\",\"inLanguage\":\"pt-BR\",\"@id\":\"https:\\\/\\\/redenoticiaz.com.br\\\/litoralsp\\\/2024\\\/12\\\/28\\\/turistas-brasileiros-injetarao-r-148-bi-na-economia-durante-o-verao#primaryimage\",\"url\":\"https:\\\/\\\/redenoticiaz.com.br\\\/litoralsp\\\/wp-content\\\/uploads\\\/sites\\\/3\\\/2024\\\/02\\\/Captura-de-tela-2024-02-02-172130.jpg?v=1706905330\",\"contentUrl\":\"https:\\\/\\\/redenoticiaz.com.br\\\/litoralsp\\\/wp-content\\\/uploads\\\/sites\\\/3\\\/2024\\\/02\\\/Captura-de-tela-2024-02-02-172130.jpg?v=1706905330\",\"width\":525,\"height\":314},{\"@type\":\"WebSite\",\"@id\":\"https:\\\/\\\/redenoticiaz.com.br\\\/litoralsp\\\/#website\",\"url\":\"https:\\\/\\\/redenoticiaz.com.br\\\/litoralsp\\\/\",\"name\":\"Litoral SP\",\"description\":\"Rede NoticiaZ\",\"publisher\":{\"@id\":\"https:\\\/\\\/redenoticiaz.com.br\\\/litoralsp\\\/#organization\"},\"potentialAction\":[{\"@type\":\"SearchAction\",\"target\":{\"@type\":\"EntryPoint\",\"urlTemplate\":\"https:\\\/\\\/redenoticiaz.com.br\\\/litoralsp\\\/?s={search_term_string}\"},\"query-input\":{\"@type\":\"PropertyValueSpecification\",\"valueRequired\":true,\"valueName\":\"search_term_string\"}}],\"inLanguage\":\"pt-BR\"},{\"@type\":\"Organization\",\"@id\":\"https:\\\/\\\/redenoticiaz.com.br\\\/litoralsp\\\/#organization\",\"name\":\"Litoral SP\",\"url\":\"https:\\\/\\\/redenoticiaz.com.br\\\/litoralsp\\\/\",\"logo\":{\"@type\":\"ImageObject\",\"inLanguage\":\"pt-BR\",\"@id\":\"https:\\\/\\\/redenoticiaz.com.br\\\/litoralsp\\\/#\\\/schema\\\/logo\\\/image\\\/\",\"url\":\"https:\\\/\\\/redenoticiaz.com.br\\\/litoralsp\\\/wp-content\\\/uploads\\\/sites\\\/3\\\/2020\\\/11\\\/logo.jpg\",\"contentUrl\":\"https:\\\/\\\/redenoticiaz.com.br\\\/litoralsp\\\/wp-content\\\/uploads\\\/sites\\\/3\\\/2020\\\/11\\\/logo.jpg\",\"width\":400,\"height\":250,\"caption\":\"Litoral SP\"},\"image\":{\"@id\":\"https:\\\/\\\/redenoticiaz.com.br\\\/litoralsp\\\/#\\\/schema\\\/logo\\\/image\\\/\"}},{\"@type\":\"Person\",\"@id\":\"https:\\\/\\\/redenoticiaz.com.br\\\/litoralsp\\\/#\\\/schema\\\/person\\\/16057b37a3c0ee6b096d7f887c566e2e\",\"name\":\"Gustavo Silva\",\"image\":{\"@type\":\"ImageObject\",\"inLanguage\":\"pt-BR\",\"@id\":\"https:\\\/\\\/secure.gravatar.com\\\/avatar\\\/3ee4e82f93b26de0a7cf4ea5eb7893da637ed6bb0c9170c58065944c56e28a33?s=96&d=mm&r=g\",\"url\":\"https:\\\/\\\/secure.gravatar.com\\\/avatar\\\/3ee4e82f93b26de0a7cf4ea5eb7893da637ed6bb0c9170c58065944c56e28a33?s=96&d=mm&r=g\",\"contentUrl\":\"https:\\\/\\\/secure.gravatar.com\\\/avatar\\\/3ee4e82f93b26de0a7cf4ea5eb7893da637ed6bb0c9170c58065944c56e28a33?s=96&d=mm&r=g\",\"caption\":\"Gustavo Silva\"},\"url\":\"https:\\\/\\\/redenoticiaz.com.br\\\/litoralsp\\\/author\\\/gustavosilva\"}]}<\/script>\n<!-- \/ Yoast SEO plugin. -->","yoast_head_json":{"title":"Turistas brasileiros injetar\u00e3o R$ 148 bi na economia durante o ver\u00e3o - Litoral SP","description":"Pouco mais de um ter\u00e7o dos brasileiros pretende viajar no ver\u00e3o e injetar R$ 148,3 bilh\u00f5es na economia, revelou pesquisa divulgada pelo Minist\u00e9rio do Turismo.","robots":{"index":"index","follow":"follow","max-snippet":"max-snippet:-1","max-image-preview":"max-image-preview:large","max-video-preview":"max-video-preview:-1"},"canonical":"https:\/\/redenoticiaz.com.br\/litoralsp\/2024\/12\/28\/turistas-brasileiros-injetarao-r-148-bi-na-economia-durante-o-verao","og_locale":"pt_BR","og_type":"article","og_title":"Turistas brasileiros injetar\u00e3o R$ 148 bi na economia durante o ver\u00e3o - Litoral SP","og_description":"Pouco mais de um ter\u00e7o dos brasileiros pretende viajar no ver\u00e3o e injetar R$ 148,3 bilh\u00f5es na economia, revelou pesquisa divulgada pelo Minist\u00e9rio do Turismo.","og_url":"https:\/\/redenoticiaz.com.br\/litoralsp\/2024\/12\/28\/turistas-brasileiros-injetarao-r-148-bi-na-economia-durante-o-verao","og_site_name":"Litoral SP","article_published_time":"2024-12-28T15:00:03+00:00","og_image":[{"width":525,"height":314,"url":"https:\/\/redenoticiaz.com.br\/litoralsp\/wp-content\/uploads\/sites\/3\/2024\/02\/Captura-de-tela-2024-02-02-172130.jpg?v=1706905330","type":"image\/jpeg"}],"author":"Gustavo Silva","twitter_card":"summary_large_image","twitter_misc":{"Escrito por":"Gustavo Silva","Est. tempo de leitura":"4 minutos"},"schema":{"@context":"https:\/\/schema.org","@graph":[{"@type":"Article","@id":"https:\/\/redenoticiaz.com.br\/litoralsp\/2024\/12\/28\/turistas-brasileiros-injetarao-r-148-bi-na-economia-durante-o-verao#article","isPartOf":{"@id":"https:\/\/redenoticiaz.com.br\/litoralsp\/2024\/12\/28\/turistas-brasileiros-injetarao-r-148-bi-na-economia-durante-o-verao"},"author":{"name":"Gustavo Silva","@id":"https:\/\/redenoticiaz.com.br\/litoralsp\/#\/schema\/person\/16057b37a3c0ee6b096d7f887c566e2e"},"headline":"Turistas brasileiros injetar\u00e3o R$ 148 bi na economia durante o ver\u00e3o","datePublished":"2024-12-28T15:00:03+00:00","mainEntityOfPage":{"@id":"https:\/\/redenoticiaz.com.br\/litoralsp\/2024\/12\/28\/turistas-brasileiros-injetarao-r-148-bi-na-economia-durante-o-verao"},"wordCount":474,"commentCount":0,"publisher":{"@id":"https:\/\/redenoticiaz.com.br\/litoralsp\/#organization"},"image":{"@id":"https:\/\/redenoticiaz.com.br\/litoralsp\/2024\/12\/28\/turistas-brasileiros-injetarao-r-148-bi-na-economia-durante-o-verao#primaryimage"},"thumbnailUrl":"https:\/\/redenoticiaz.com.br\/litoralsp\/wp-content\/uploads\/sites\/3\/2024\/02\/Captura-de-tela-2024-02-02-172130.jpg?v=1706905330","keywords":["TURISTAS","TURISTAS BRASILEIROS","VER\u00c3O"],"articleSection":["Turismo"],"inLanguage":"pt-BR","potentialAction":[{"@type":"CommentAction","name":"Comment","target":["https:\/\/redenoticiaz.com.br\/litoralsp\/2024\/12\/28\/turistas-brasileiros-injetarao-r-148-bi-na-economia-durante-o-verao#respond"]}]},{"@type":"WebPage","@id":"https:\/\/redenoticiaz.com.br\/litoralsp\/2024\/12\/28\/turistas-brasileiros-injetarao-r-148-bi-na-economia-durante-o-verao","url":"https:\/\/redenoticiaz.com.br\/litoralsp\/2024\/12\/28\/turistas-brasileiros-injetarao-r-148-bi-na-economia-durante-o-verao","name":"Turistas brasileiros injetar\u00e3o R$ 148 bi na economia durante o ver\u00e3o - Litoral SP","isPartOf":{"@id":"https:\/\/redenoticiaz.com.br\/litoralsp\/#website"},"primaryImageOfPage":{"@id":"https:\/\/redenoticiaz.com.br\/litoralsp\/2024\/12\/28\/turistas-brasileiros-injetarao-r-148-bi-na-economia-durante-o-verao#primaryimage"},"image":{"@id":"https:\/\/redenoticiaz.com.br\/litoralsp\/2024\/12\/28\/turistas-brasileiros-injetarao-r-148-bi-na-economia-durante-o-verao#primaryimage"},"thumbnailUrl":"https:\/\/redenoticiaz.com.br\/litoralsp\/wp-content\/uploads\/sites\/3\/2024\/02\/Captura-de-tela-2024-02-02-172130.jpg?v=1706905330","datePublished":"2024-12-28T15:00:03+00:00","description":"Pouco mais de um ter\u00e7o dos brasileiros pretende viajar no ver\u00e3o e injetar R$ 148,3 bilh\u00f5es na economia, revelou pesquisa divulgada pelo Minist\u00e9rio do Turismo.","inLanguage":"pt-BR","potentialAction":[{"@type":"ReadAction","target":["https:\/\/redenoticiaz.com.br\/litoralsp\/2024\/12\/28\/turistas-brasileiros-injetarao-r-148-bi-na-economia-durante-o-verao"]}]},{"@type":"ImageObject","inLanguage":"pt-BR","@id":"https:\/\/redenoticiaz.com.br\/litoralsp\/2024\/12\/28\/turistas-brasileiros-injetarao-r-148-bi-na-economia-durante-o-verao#primaryimage","url":"https:\/\/redenoticiaz.com.br\/litoralsp\/wp-content\/uploads\/sites\/3\/2024\/02\/Captura-de-tela-2024-02-02-172130.jpg?v=1706905330","contentUrl":"https:\/\/redenoticiaz.com.br\/litoralsp\/wp-content\/uploads\/sites\/3\/2024\/02\/Captura-de-tela-2024-02-02-172130.jpg?v=1706905330","width":525,"height":314},{"@type":"WebSite","@id":"https:\/\/redenoticiaz.com.br\/litoralsp\/#website","url":"https:\/\/redenoticiaz.com.br\/litoralsp\/","name":"Litoral SP","description":"Rede NoticiaZ","publisher":{"@id":"https:\/\/redenoticiaz.com.br\/litoralsp\/#organization"},"potentialAction":[{"@type":"SearchAction","target":{"@type":"EntryPoint","urlTemplate":"https:\/\/redenoticiaz.com.br\/litoralsp\/?s={search_term_string}"},"query-input":{"@type":"PropertyValueSpecification","valueRequired":true,"valueName":"search_term_string"}}],"inLanguage":"pt-BR"},{"@type":"Organization","@id":"https:\/\/redenoticiaz.com.br\/litoralsp\/#organization","name":"Litoral SP","url":"https:\/\/redenoticiaz.com.br\/litoralsp\/","logo":{"@type":"ImageObject","inLanguage":"pt-BR","@id":"https:\/\/redenoticiaz.com.br\/litoralsp\/#\/schema\/logo\/image\/","url":"https:\/\/redenoticiaz.com.br\/litoralsp\/wp-content\/uploads\/sites\/3\/2020\/11\/logo.jpg","contentUrl":"https:\/\/redenoticiaz.com.br\/litoralsp\/wp-content\/uploads\/sites\/3\/2020\/11\/logo.jpg","width":400,"height":250,"caption":"Litoral SP"},"image":{"@id":"https:\/\/redenoticiaz.com.br\/litoralsp\/#\/schema\/logo\/image\/"}},{"@type":"Person","@id":"https:\/\/redenoticiaz.com.br\/litoralsp\/#\/schema\/person\/16057b37a3c0ee6b096d7f887c566e2e","name":"Gustavo Silva","image":{"@type":"ImageObject","inLanguage":"pt-BR","@id":"https:\/\/secure.gravatar.com\/avatar\/3ee4e82f93b26de0a7cf4ea5eb7893da637ed6bb0c9170c58065944c56e28a33?s=96&d=mm&r=g","url":"https:\/\/secure.gravatar.com\/avatar\/3ee4e82f93b26de0a7cf4ea5eb7893da637ed6bb0c9170c58065944c56e28a33?s=96&d=mm&r=g","contentUrl":"https:\/\/secure.gravatar.com\/avatar\/3ee4e82f93b26de0a7cf4ea5eb7893da637ed6bb0c9170c58065944c56e28a33?s=96&d=mm&r=g","caption":"Gustavo Silva"},"url":"https:\/\/redenoticiaz.com.br\/litoralsp\/author\/gustavosilva"}]}},"_links":{"self":[{"href":"https:\/\/redenoticiaz.com.br\/litoralsp\/wp-json\/wp\/v2\/posts\/119878","targetHints":{"allow":["GET"]}}],"collection":[{"href":"https:\/\/redenoticiaz.com.br\/litoralsp\/wp-json\/wp\/v2\/posts"}],"about":[{"href":"https:\/\/redenoticiaz.com.br\/litoralsp\/wp-json\/wp\/v2\/types\/post"}],"author":[{"embeddable":true,"href":"https:\/\/redenoticiaz.com.br\/litoralsp\/wp-json\/wp\/v2\/users\/12"}],"replies":[{"embeddable":true,"href":"https:\/\/redenoticiaz.com.br\/litoralsp\/wp-json\/wp\/v2\/comments?post=119878"}],"version-history":[{"count":1,"href":"https:\/\/redenoticiaz.com.br\/litoralsp\/wp-json\/wp\/v2\/posts\/119878\/revisions"}],"predecessor-version":[{"id":119880,"href":"https:\/\/redenoticiaz.com.br\/litoralsp\/wp-json\/wp\/v2\/posts\/119878\/revisions\/119880"}],"wp:featuredmedia":[{"embeddable":true,"href":"https:\/\/redenoticiaz.com.br\/litoralsp\/wp-json\/wp\/v2\/media\/114131"}],"wp:attachment":[{"href":"https:\/\/redenoticiaz.com.br\/litoralsp\/wp-json\/wp\/v2\/media?parent=119878"}],"wp:term":[{"taxonomy":"category","embeddable":true,"href":"https:\/\/redenoticiaz.com.br\/litoralsp\/wp-json\/wp\/v2\/categories?post=119878"},{"taxonomy":"post_tag","embeddable":true,"href":"https:\/\/redenoticiaz.com.br\/litoralsp\/wp-json\/wp\/v2\/tags?post=119878"}],"curies":[{"name":"wp","href":"https:\/\/api.w.org\/{rel}","templated":true}]}}