{"id":119889,"date":"2024-12-25T13:26:17","date_gmt":"2024-12-25T16:26:17","guid":{"rendered":"https:\/\/redenoticiaz.com.br\/litoralsp\/2024\/12\/25\/policia-civil-identifica-15-corpos-de-vitimas-de-acidente-na-br-116"},"modified":"2024-12-25T13:26:28","modified_gmt":"2024-12-25T16:26:28","slug":"policia-civil-identifica-15-corpos-de-vitimas-de-acidente-na-br-116","status":"publish","type":"post","link":"https:\/\/redenoticiaz.com.br\/litoralsp\/2024\/12\/25\/policia-civil-identifica-15-corpos-de-vitimas-de-acidente-na-br-116","title":{"rendered":"Pol\u00edcia Civil identifica 15 corpos de v\u00edtimas de acidente na BR-116"},"content":{"rendered":"<p>A Pol\u00edcia Civil de Minas Gerais (PCMG) identificou, at\u00e9 o momento, 15 corpos de v\u00edtimas do grave acidente ocorrido na madrugada do \u00faltimo s\u00e1bado (21), na rodovia federal BR-116, na altura do quil\u00f4metro 286, no munic\u00edpio de Te\u00f3filo Otoni, interior de Minas Gerais. Desse total j\u00e1 identificado, 14 corpos foram retirados pelos familiares. As informa\u00e7\u00f5es foram atualizadas na manh\u00e3 desta quarta-feira (25) pela corpora\u00e7\u00e3o.<img decoding=\"async\" src=\"https:\/\/agenciabrasil.ebc.com.br\/ebc.png?id=1624950&amp;o=node\" \/><img decoding=\"async\" src=\"https:\/\/agenciabrasil.ebc.com.br\/ebc.gif?id=1624950&amp;o=node\" \/><\/p>\n<p>O processo de identifica\u00e7\u00e3o est\u00e1 sendo feito no Instituto M\u00e9dico Legal (IML) de Belo Horizonte. O acidente resultou, ao todo, na morte de 41 pessoas. Todas elas estavam no \u00f4nibus que teria colidido de frente com uma carreta e acabou pegando fogo em seguida, incluindo o motorista. A maioria das v\u00edtimas ficou presa \u00e0s ferragens e tiveram os corpos carbonizados pelo inc\u00eandio.<\/p>\n<p>Um terceiro ve\u00edculo, um carro de passeio, que vinha atr\u00e1s do \u00f4nibus, tamb\u00e9m se envolveu no acidente, mas os ocupantes do autom\u00f3vel tiveram ferimentos leves. O \u00f4nibus de transporte interestadual, pertencente \u00e0 empresa Emtram, tinha sa\u00eddo de S\u00e3o Paulo (SP) com destino a El\u00edsio Medrado (BA).<\/p>\n<p>O acolhimento aos familiares e os esclarecimentos sobre o processo de identifica\u00e7\u00e3o dos corpos continuam a ser realizados pela assist\u00eancia social do IML pelo telefone: (31) 3379-5059.<\/p>\n<p>&#8220;A PCMG trabalha com celeridade para identifica\u00e7\u00e3o dos corpos. Ainda n\u00e3o \u00e9 poss\u00edvel precisar quanto tempo esse processo levar\u00e1, em raz\u00e3o da complexidade dos exames realizados. Ressalta ainda que, em respeito \u00e0s fam\u00edlias das v\u00edtimas, desde o primeiro dia, as equipes de trabalho foram refor\u00e7adas, mediante convoca\u00e7\u00e3o extraordin\u00e1ria de servidores, com o objetivo concluir a miss\u00e3o de identificar e liberar os corpos no menor prazo poss\u00edvel&#8221;, informou a Pol\u00edcia, em nota.<\/p>\n<h2>Causas<\/h2>\n<p>Segundo as investiga\u00e7\u00f5es, uma das hip\u00f3teses consideradas \u00e9 que que o acidente tenha sido causado pela explos\u00e3o do pneu do \u00f4nibus, que teria perdido o controle e se chocado com o caminh\u00e3o. A outra linha de investiga\u00e7\u00e3o da Pol\u00edcia Civil \u00e9 que a carreta estava com excesso de peso, em alta velocidade, e que, na altura do distrito de Lajinha, em Te\u00f3filo Otoni, um grande bloco de granito se soltou de um dos reboques, caindo na pista para, em seguida, ser atingida pelo \u00f4nibus.<\/p>\n<p>Ontem (24), o motorista da carreta, Arilton Bastos Alves, de 49 anos, se apresentou \u00e0 Pol\u00edcia Civil e prestou depoimento por cerca de seis horas.\u00a0<a href=\"https:\/\/agenciabrasil.ebc.com.br\/geral\/noticia\/2024-12\/acidente-em-mg-advogado-nega-que-cnh-de-motorista-estivesse-suspensa\" target=\"_blank\" rel=\"noopener\">Segundo a defesa de Alves<\/a>, ele n\u00e3o estava foragido e n\u00e3o teria responsabilidade pela causa do acidente. As investiga\u00e7\u00f5es prosseguem em inqu\u00e9rito policial aberto sobre o caso.<\/p>\n<p>Leia mais<\/p>\n<p><a href=\"https:\/\/redenoticiaz.com.br\/blog\/2024\/12\/25\/pf-vai-investigar-queda-de-ponte-na-divisa-do-ma-e-to\">PF vai investigar queda de ponte na divisa do MA e TO<\/a><\/p>\n<p><a href=\"https:\/\/redenoticiaz.com.br\/blog\/2024\/12\/25\/filha-de-zeze-di-camargo-nasce-na-noite-de-natal\">Filha de Z\u00e9z\u00e9 di Camargo nasce na noite de Natal<\/a><\/p>\n","protected":false},"excerpt":{"rendered":"<p>A Pol\u00edcia Civil de Minas Gerais (PCMG) identificou, at\u00e9 o momento, 15 corpos de v\u00edtimas do grave acidente ocorrido na madrugada do \u00faltimo s\u00e1bado (21), na rodovia federal BR-116, na altura do quil\u00f4metro 286, no munic\u00edpio de Te\u00f3filo Otoni, interior de Minas Gerais. Desse total j\u00e1 identificado, 14 corpos foram retirados pelos familiares. As informa\u00e7\u00f5es &hellip;<\/p>\n","protected":false},"author":12,"featured_media":119890,"comment_status":"open","ping_status":"closed","sticky":false,"template":"","format":"standard","meta":{"footnotes":""},"categories":[10,5],"tags":[7,1287,23143],"class_list":["post-119889","post","type-post","status-publish","format-standard","has-post-thumbnail","hentry","category-policia","category-transito","tag-acidente","tag-onibus","tag-policia-2"],"yoast_head":"<!-- This site is optimized with the Yoast SEO plugin v27.4 - https:\/\/yoast.com\/product\/yoast-seo-wordpress\/ -->\n<title>Pol\u00edcia Civil identifica 15 corpos de v\u00edtimas de acidente na BR-116 - Litoral SP<\/title>\n<meta name=\"description\" content=\"Desse total j\u00e1 identificado, 14 corpos foram retirados pelos familiares. As informa\u00e7\u00f5es foram atualizadas na manh\u00e3 desta quarta-feira (25) pela corpora\u00e7\u00e3o.\" \/>\n<meta name=\"robots\" content=\"index, follow, max-snippet:-1, max-image-preview:large, max-video-preview:-1\" \/>\n<link rel=\"canonical\" href=\"https:\/\/redenoticiaz.com.br\/litoralsp\/2024\/12\/25\/policia-civil-identifica-15-corpos-de-vitimas-de-acidente-na-br-116\" \/>\n<meta property=\"og:locale\" content=\"pt_BR\" \/>\n<meta property=\"og:type\" content=\"article\" \/>\n<meta property=\"og:title\" content=\"Pol\u00edcia Civil identifica 15 corpos de v\u00edtimas de acidente na BR-116 - Litoral SP\" \/>\n<meta property=\"og:description\" content=\"Desse total j\u00e1 identificado, 14 corpos foram retirados pelos familiares. As informa\u00e7\u00f5es foram atualizadas na manh\u00e3 desta quarta-feira (25) pela corpora\u00e7\u00e3o.\" \/>\n<meta property=\"og:url\" content=\"https:\/\/redenoticiaz.com.br\/litoralsp\/2024\/12\/25\/policia-civil-identifica-15-corpos-de-vitimas-de-acidente-na-br-116\" \/>\n<meta property=\"og:site_name\" content=\"Litoral SP\" \/>\n<meta property=\"article:published_time\" content=\"2024-12-25T16:26:17+00:00\" \/>\n<meta property=\"article:modified_time\" content=\"2024-12-25T16:26:28+00:00\" \/>\n<meta property=\"og:image\" content=\"https:\/\/redenoticiaz.com.br\/litoralsp\/wp-content\/uploads\/sites\/3\/2024\/12\/Captura-de-tela_25-12-2024_132559_agenciabrasil.ebc_.com_.br_.jpeg?v=1735143967\" \/>\n\t<meta property=\"og:image:width\" content=\"736\" \/>\n\t<meta property=\"og:image:height\" content=\"413\" \/>\n\t<meta property=\"og:image:type\" content=\"image\/jpeg\" \/>\n<meta name=\"author\" content=\"Gustavo Silva\" \/>\n<meta name=\"twitter:card\" content=\"summary_large_image\" \/>\n<meta name=\"twitter:label1\" content=\"Escrito por\" \/>\n\t<meta name=\"twitter:data1\" content=\"Gustavo Silva\" \/>\n\t<meta name=\"twitter:label2\" content=\"Est. tempo de leitura\" \/>\n\t<meta name=\"twitter:data2\" content=\"3 minutos\" \/>\n<script type=\"application\/ld+json\" class=\"yoast-schema-graph\">{\"@context\":\"https:\\\/\\\/schema.org\",\"@graph\":[{\"@type\":\"Article\",\"@id\":\"https:\\\/\\\/redenoticiaz.com.br\\\/litoralsp\\\/2024\\\/12\\\/25\\\/policia-civil-identifica-15-corpos-de-vitimas-de-acidente-na-br-116#article\",\"isPartOf\":{\"@id\":\"https:\\\/\\\/redenoticiaz.com.br\\\/litoralsp\\\/2024\\\/12\\\/25\\\/policia-civil-identifica-15-corpos-de-vitimas-de-acidente-na-br-116\"},\"author\":{\"name\":\"Gustavo Silva\",\"@id\":\"https:\\\/\\\/redenoticiaz.com.br\\\/litoralsp\\\/#\\\/schema\\\/person\\\/16057b37a3c0ee6b096d7f887c566e2e\"},\"headline\":\"Pol\u00edcia Civil identifica 15 corpos de v\u00edtimas de acidente na BR-116\",\"datePublished\":\"2024-12-25T16:26:17+00:00\",\"dateModified\":\"2024-12-25T16:26:28+00:00\",\"mainEntityOfPage\":{\"@id\":\"https:\\\/\\\/redenoticiaz.com.br\\\/litoralsp\\\/2024\\\/12\\\/25\\\/policia-civil-identifica-15-corpos-de-vitimas-de-acidente-na-br-116\"},\"wordCount\":475,\"commentCount\":0,\"publisher\":{\"@id\":\"https:\\\/\\\/redenoticiaz.com.br\\\/litoralsp\\\/#organization\"},\"image\":{\"@id\":\"https:\\\/\\\/redenoticiaz.com.br\\\/litoralsp\\\/2024\\\/12\\\/25\\\/policia-civil-identifica-15-corpos-de-vitimas-de-acidente-na-br-116#primaryimage\"},\"thumbnailUrl\":\"https:\\\/\\\/redenoticiaz.com.br\\\/litoralsp\\\/wp-content\\\/uploads\\\/sites\\\/3\\\/2024\\\/12\\\/Captura-de-tela_25-12-2024_132559_agenciabrasil.ebc_.com_.br_.jpeg?v=1735143967\",\"keywords\":[\"acidente\",\"\u00d4NIBUS\",\"POL\u00cdCIA\"],\"articleSection\":[\"Pol\u00edcia\",\"Tr\u00e2nsito\"],\"inLanguage\":\"pt-BR\",\"potentialAction\":[{\"@type\":\"CommentAction\",\"name\":\"Comment\",\"target\":[\"https:\\\/\\\/redenoticiaz.com.br\\\/litoralsp\\\/2024\\\/12\\\/25\\\/policia-civil-identifica-15-corpos-de-vitimas-de-acidente-na-br-116#respond\"]}]},{\"@type\":\"WebPage\",\"@id\":\"https:\\\/\\\/redenoticiaz.com.br\\\/litoralsp\\\/2024\\\/12\\\/25\\\/policia-civil-identifica-15-corpos-de-vitimas-de-acidente-na-br-116\",\"url\":\"https:\\\/\\\/redenoticiaz.com.br\\\/litoralsp\\\/2024\\\/12\\\/25\\\/policia-civil-identifica-15-corpos-de-vitimas-de-acidente-na-br-116\",\"name\":\"Pol\u00edcia Civil identifica 15 corpos de v\u00edtimas de acidente na BR-116 - Litoral SP\",\"isPartOf\":{\"@id\":\"https:\\\/\\\/redenoticiaz.com.br\\\/litoralsp\\\/#website\"},\"primaryImageOfPage\":{\"@id\":\"https:\\\/\\\/redenoticiaz.com.br\\\/litoralsp\\\/2024\\\/12\\\/25\\\/policia-civil-identifica-15-corpos-de-vitimas-de-acidente-na-br-116#primaryimage\"},\"image\":{\"@id\":\"https:\\\/\\\/redenoticiaz.com.br\\\/litoralsp\\\/2024\\\/12\\\/25\\\/policia-civil-identifica-15-corpos-de-vitimas-de-acidente-na-br-116#primaryimage\"},\"thumbnailUrl\":\"https:\\\/\\\/redenoticiaz.com.br\\\/litoralsp\\\/wp-content\\\/uploads\\\/sites\\\/3\\\/2024\\\/12\\\/Captura-de-tela_25-12-2024_132559_agenciabrasil.ebc_.com_.br_.jpeg?v=1735143967\",\"datePublished\":\"2024-12-25T16:26:17+00:00\",\"dateModified\":\"2024-12-25T16:26:28+00:00\",\"description\":\"Desse total j\u00e1 identificado, 14 corpos foram retirados pelos familiares. As informa\u00e7\u00f5es foram atualizadas na manh\u00e3 desta quarta-feira (25) pela corpora\u00e7\u00e3o.\",\"inLanguage\":\"pt-BR\",\"potentialAction\":[{\"@type\":\"ReadAction\",\"target\":[\"https:\\\/\\\/redenoticiaz.com.br\\\/litoralsp\\\/2024\\\/12\\\/25\\\/policia-civil-identifica-15-corpos-de-vitimas-de-acidente-na-br-116\"]}]},{\"@type\":\"ImageObject\",\"inLanguage\":\"pt-BR\",\"@id\":\"https:\\\/\\\/redenoticiaz.com.br\\\/litoralsp\\\/2024\\\/12\\\/25\\\/policia-civil-identifica-15-corpos-de-vitimas-de-acidente-na-br-116#primaryimage\",\"url\":\"https:\\\/\\\/redenoticiaz.com.br\\\/litoralsp\\\/wp-content\\\/uploads\\\/sites\\\/3\\\/2024\\\/12\\\/Captura-de-tela_25-12-2024_132559_agenciabrasil.ebc_.com_.br_.jpeg?v=1735143967\",\"contentUrl\":\"https:\\\/\\\/redenoticiaz.com.br\\\/litoralsp\\\/wp-content\\\/uploads\\\/sites\\\/3\\\/2024\\\/12\\\/Captura-de-tela_25-12-2024_132559_agenciabrasil.ebc_.com_.br_.jpeg?v=1735143967\",\"width\":736,\"height\":413},{\"@type\":\"WebSite\",\"@id\":\"https:\\\/\\\/redenoticiaz.com.br\\\/litoralsp\\\/#website\",\"url\":\"https:\\\/\\\/redenoticiaz.com.br\\\/litoralsp\\\/\",\"name\":\"Litoral SP\",\"description\":\"Rede NoticiaZ\",\"publisher\":{\"@id\":\"https:\\\/\\\/redenoticiaz.com.br\\\/litoralsp\\\/#organization\"},\"potentialAction\":[{\"@type\":\"SearchAction\",\"target\":{\"@type\":\"EntryPoint\",\"urlTemplate\":\"https:\\\/\\\/redenoticiaz.com.br\\\/litoralsp\\\/?s={search_term_string}\"},\"query-input\":{\"@type\":\"PropertyValueSpecification\",\"valueRequired\":true,\"valueName\":\"search_term_string\"}}],\"inLanguage\":\"pt-BR\"},{\"@type\":\"Organization\",\"@id\":\"https:\\\/\\\/redenoticiaz.com.br\\\/litoralsp\\\/#organization\",\"name\":\"Litoral SP\",\"url\":\"https:\\\/\\\/redenoticiaz.com.br\\\/litoralsp\\\/\",\"logo\":{\"@type\":\"ImageObject\",\"inLanguage\":\"pt-BR\",\"@id\":\"https:\\\/\\\/redenoticiaz.com.br\\\/litoralsp\\\/#\\\/schema\\\/logo\\\/image\\\/\",\"url\":\"https:\\\/\\\/redenoticiaz.com.br\\\/litoralsp\\\/wp-content\\\/uploads\\\/sites\\\/3\\\/2020\\\/11\\\/logo.jpg\",\"contentUrl\":\"https:\\\/\\\/redenoticiaz.com.br\\\/litoralsp\\\/wp-content\\\/uploads\\\/sites\\\/3\\\/2020\\\/11\\\/logo.jpg\",\"width\":400,\"height\":250,\"caption\":\"Litoral SP\"},\"image\":{\"@id\":\"https:\\\/\\\/redenoticiaz.com.br\\\/litoralsp\\\/#\\\/schema\\\/logo\\\/image\\\/\"}},{\"@type\":\"Person\",\"@id\":\"https:\\\/\\\/redenoticiaz.com.br\\\/litoralsp\\\/#\\\/schema\\\/person\\\/16057b37a3c0ee6b096d7f887c566e2e\",\"name\":\"Gustavo Silva\",\"image\":{\"@type\":\"ImageObject\",\"inLanguage\":\"pt-BR\",\"@id\":\"https:\\\/\\\/secure.gravatar.com\\\/avatar\\\/3ee4e82f93b26de0a7cf4ea5eb7893da637ed6bb0c9170c58065944c56e28a33?s=96&d=mm&r=g\",\"url\":\"https:\\\/\\\/secure.gravatar.com\\\/avatar\\\/3ee4e82f93b26de0a7cf4ea5eb7893da637ed6bb0c9170c58065944c56e28a33?s=96&d=mm&r=g\",\"contentUrl\":\"https:\\\/\\\/secure.gravatar.com\\\/avatar\\\/3ee4e82f93b26de0a7cf4ea5eb7893da637ed6bb0c9170c58065944c56e28a33?s=96&d=mm&r=g\",\"caption\":\"Gustavo Silva\"},\"url\":\"https:\\\/\\\/redenoticiaz.com.br\\\/litoralsp\\\/author\\\/gustavosilva\"}]}<\/script>\n<!-- \/ Yoast SEO plugin. -->","yoast_head_json":{"title":"Pol\u00edcia Civil identifica 15 corpos de v\u00edtimas de acidente na BR-116 - Litoral SP","description":"Desse total j\u00e1 identificado, 14 corpos foram retirados pelos familiares. As informa\u00e7\u00f5es foram atualizadas na manh\u00e3 desta quarta-feira (25) pela corpora\u00e7\u00e3o.","robots":{"index":"index","follow":"follow","max-snippet":"max-snippet:-1","max-image-preview":"max-image-preview:large","max-video-preview":"max-video-preview:-1"},"canonical":"https:\/\/redenoticiaz.com.br\/litoralsp\/2024\/12\/25\/policia-civil-identifica-15-corpos-de-vitimas-de-acidente-na-br-116","og_locale":"pt_BR","og_type":"article","og_title":"Pol\u00edcia Civil identifica 15 corpos de v\u00edtimas de acidente na BR-116 - Litoral SP","og_description":"Desse total j\u00e1 identificado, 14 corpos foram retirados pelos familiares. As informa\u00e7\u00f5es foram atualizadas na manh\u00e3 desta quarta-feira (25) pela corpora\u00e7\u00e3o.","og_url":"https:\/\/redenoticiaz.com.br\/litoralsp\/2024\/12\/25\/policia-civil-identifica-15-corpos-de-vitimas-de-acidente-na-br-116","og_site_name":"Litoral SP","article_published_time":"2024-12-25T16:26:17+00:00","article_modified_time":"2024-12-25T16:26:28+00:00","og_image":[{"width":736,"height":413,"url":"https:\/\/redenoticiaz.com.br\/litoralsp\/wp-content\/uploads\/sites\/3\/2024\/12\/Captura-de-tela_25-12-2024_132559_agenciabrasil.ebc_.com_.br_.jpeg?v=1735143967","type":"image\/jpeg"}],"author":"Gustavo Silva","twitter_card":"summary_large_image","twitter_misc":{"Escrito por":"Gustavo Silva","Est. tempo de leitura":"3 minutos"},"schema":{"@context":"https:\/\/schema.org","@graph":[{"@type":"Article","@id":"https:\/\/redenoticiaz.com.br\/litoralsp\/2024\/12\/25\/policia-civil-identifica-15-corpos-de-vitimas-de-acidente-na-br-116#article","isPartOf":{"@id":"https:\/\/redenoticiaz.com.br\/litoralsp\/2024\/12\/25\/policia-civil-identifica-15-corpos-de-vitimas-de-acidente-na-br-116"},"author":{"name":"Gustavo Silva","@id":"https:\/\/redenoticiaz.com.br\/litoralsp\/#\/schema\/person\/16057b37a3c0ee6b096d7f887c566e2e"},"headline":"Pol\u00edcia Civil identifica 15 corpos de v\u00edtimas de acidente na BR-116","datePublished":"2024-12-25T16:26:17+00:00","dateModified":"2024-12-25T16:26:28+00:00","mainEntityOfPage":{"@id":"https:\/\/redenoticiaz.com.br\/litoralsp\/2024\/12\/25\/policia-civil-identifica-15-corpos-de-vitimas-de-acidente-na-br-116"},"wordCount":475,"commentCount":0,"publisher":{"@id":"https:\/\/redenoticiaz.com.br\/litoralsp\/#organization"},"image":{"@id":"https:\/\/redenoticiaz.com.br\/litoralsp\/2024\/12\/25\/policia-civil-identifica-15-corpos-de-vitimas-de-acidente-na-br-116#primaryimage"},"thumbnailUrl":"https:\/\/redenoticiaz.com.br\/litoralsp\/wp-content\/uploads\/sites\/3\/2024\/12\/Captura-de-tela_25-12-2024_132559_agenciabrasil.ebc_.com_.br_.jpeg?v=1735143967","keywords":["acidente","\u00d4NIBUS","POL\u00cdCIA"],"articleSection":["Pol\u00edcia","Tr\u00e2nsito"],"inLanguage":"pt-BR","potentialAction":[{"@type":"CommentAction","name":"Comment","target":["https:\/\/redenoticiaz.com.br\/litoralsp\/2024\/12\/25\/policia-civil-identifica-15-corpos-de-vitimas-de-acidente-na-br-116#respond"]}]},{"@type":"WebPage","@id":"https:\/\/redenoticiaz.com.br\/litoralsp\/2024\/12\/25\/policia-civil-identifica-15-corpos-de-vitimas-de-acidente-na-br-116","url":"https:\/\/redenoticiaz.com.br\/litoralsp\/2024\/12\/25\/policia-civil-identifica-15-corpos-de-vitimas-de-acidente-na-br-116","name":"Pol\u00edcia Civil identifica 15 corpos de v\u00edtimas de acidente na BR-116 - Litoral SP","isPartOf":{"@id":"https:\/\/redenoticiaz.com.br\/litoralsp\/#website"},"primaryImageOfPage":{"@id":"https:\/\/redenoticiaz.com.br\/litoralsp\/2024\/12\/25\/policia-civil-identifica-15-corpos-de-vitimas-de-acidente-na-br-116#primaryimage"},"image":{"@id":"https:\/\/redenoticiaz.com.br\/litoralsp\/2024\/12\/25\/policia-civil-identifica-15-corpos-de-vitimas-de-acidente-na-br-116#primaryimage"},"thumbnailUrl":"https:\/\/redenoticiaz.com.br\/litoralsp\/wp-content\/uploads\/sites\/3\/2024\/12\/Captura-de-tela_25-12-2024_132559_agenciabrasil.ebc_.com_.br_.jpeg?v=1735143967","datePublished":"2024-12-25T16:26:17+00:00","dateModified":"2024-12-25T16:26:28+00:00","description":"Desse total j\u00e1 identificado, 14 corpos foram retirados pelos familiares. As informa\u00e7\u00f5es foram atualizadas na manh\u00e3 desta quarta-feira (25) pela corpora\u00e7\u00e3o.","inLanguage":"pt-BR","potentialAction":[{"@type":"ReadAction","target":["https:\/\/redenoticiaz.com.br\/litoralsp\/2024\/12\/25\/policia-civil-identifica-15-corpos-de-vitimas-de-acidente-na-br-116"]}]},{"@type":"ImageObject","inLanguage":"pt-BR","@id":"https:\/\/redenoticiaz.com.br\/litoralsp\/2024\/12\/25\/policia-civil-identifica-15-corpos-de-vitimas-de-acidente-na-br-116#primaryimage","url":"https:\/\/redenoticiaz.com.br\/litoralsp\/wp-content\/uploads\/sites\/3\/2024\/12\/Captura-de-tela_25-12-2024_132559_agenciabrasil.ebc_.com_.br_.jpeg?v=1735143967","contentUrl":"https:\/\/redenoticiaz.com.br\/litoralsp\/wp-content\/uploads\/sites\/3\/2024\/12\/Captura-de-tela_25-12-2024_132559_agenciabrasil.ebc_.com_.br_.jpeg?v=1735143967","width":736,"height":413},{"@type":"WebSite","@id":"https:\/\/redenoticiaz.com.br\/litoralsp\/#website","url":"https:\/\/redenoticiaz.com.br\/litoralsp\/","name":"Litoral SP","description":"Rede NoticiaZ","publisher":{"@id":"https:\/\/redenoticiaz.com.br\/litoralsp\/#organization"},"potentialAction":[{"@type":"SearchAction","target":{"@type":"EntryPoint","urlTemplate":"https:\/\/redenoticiaz.com.br\/litoralsp\/?s={search_term_string}"},"query-input":{"@type":"PropertyValueSpecification","valueRequired":true,"valueName":"search_term_string"}}],"inLanguage":"pt-BR"},{"@type":"Organization","@id":"https:\/\/redenoticiaz.com.br\/litoralsp\/#organization","name":"Litoral SP","url":"https:\/\/redenoticiaz.com.br\/litoralsp\/","logo":{"@type":"ImageObject","inLanguage":"pt-BR","@id":"https:\/\/redenoticiaz.com.br\/litoralsp\/#\/schema\/logo\/image\/","url":"https:\/\/redenoticiaz.com.br\/litoralsp\/wp-content\/uploads\/sites\/3\/2020\/11\/logo.jpg","contentUrl":"https:\/\/redenoticiaz.com.br\/litoralsp\/wp-content\/uploads\/sites\/3\/2020\/11\/logo.jpg","width":400,"height":250,"caption":"Litoral SP"},"image":{"@id":"https:\/\/redenoticiaz.com.br\/litoralsp\/#\/schema\/logo\/image\/"}},{"@type":"Person","@id":"https:\/\/redenoticiaz.com.br\/litoralsp\/#\/schema\/person\/16057b37a3c0ee6b096d7f887c566e2e","name":"Gustavo Silva","image":{"@type":"ImageObject","inLanguage":"pt-BR","@id":"https:\/\/secure.gravatar.com\/avatar\/3ee4e82f93b26de0a7cf4ea5eb7893da637ed6bb0c9170c58065944c56e28a33?s=96&d=mm&r=g","url":"https:\/\/secure.gravatar.com\/avatar\/3ee4e82f93b26de0a7cf4ea5eb7893da637ed6bb0c9170c58065944c56e28a33?s=96&d=mm&r=g","contentUrl":"https:\/\/secure.gravatar.com\/avatar\/3ee4e82f93b26de0a7cf4ea5eb7893da637ed6bb0c9170c58065944c56e28a33?s=96&d=mm&r=g","caption":"Gustavo Silva"},"url":"https:\/\/redenoticiaz.com.br\/litoralsp\/author\/gustavosilva"}]}},"_links":{"self":[{"href":"https:\/\/redenoticiaz.com.br\/litoralsp\/wp-json\/wp\/v2\/posts\/119889","targetHints":{"allow":["GET"]}}],"collection":[{"href":"https:\/\/redenoticiaz.com.br\/litoralsp\/wp-json\/wp\/v2\/posts"}],"about":[{"href":"https:\/\/redenoticiaz.com.br\/litoralsp\/wp-json\/wp\/v2\/types\/post"}],"author":[{"embeddable":true,"href":"https:\/\/redenoticiaz.com.br\/litoralsp\/wp-json\/wp\/v2\/users\/12"}],"replies":[{"embeddable":true,"href":"https:\/\/redenoticiaz.com.br\/litoralsp\/wp-json\/wp\/v2\/comments?post=119889"}],"version-history":[{"count":0,"href":"https:\/\/redenoticiaz.com.br\/litoralsp\/wp-json\/wp\/v2\/posts\/119889\/revisions"}],"wp:featuredmedia":[{"embeddable":true,"href":"https:\/\/redenoticiaz.com.br\/litoralsp\/wp-json\/wp\/v2\/media\/119890"}],"wp:attachment":[{"href":"https:\/\/redenoticiaz.com.br\/litoralsp\/wp-json\/wp\/v2\/media?parent=119889"}],"wp:term":[{"taxonomy":"category","embeddable":true,"href":"https:\/\/redenoticiaz.com.br\/litoralsp\/wp-json\/wp\/v2\/categories?post=119889"},{"taxonomy":"post_tag","embeddable":true,"href":"https:\/\/redenoticiaz.com.br\/litoralsp\/wp-json\/wp\/v2\/tags?post=119889"}],"curies":[{"name":"wp","href":"https:\/\/api.w.org\/{rel}","templated":true}]}}