{"id":119894,"date":"2024-12-25T19:00:39","date_gmt":"2024-12-25T22:00:39","guid":{"rendered":"https:\/\/redenoticiaz.com.br\/litoralsp\/?p=119894"},"modified":"2024-12-25T17:49:00","modified_gmt":"2024-12-25T20:49:00","slug":"caes-noel-da-guarda-municipal-levam-alegria-a-pacientes-em-hospital-de-santos","status":"publish","type":"post","link":"https:\/\/redenoticiaz.com.br\/litoralsp\/2024\/12\/25\/caes-noel-da-guarda-municipal-levam-alegria-a-pacientes-em-hospital-de-santos","title":{"rendered":"C\u00e3es \u2018Noel\u2019 da Guarda Municipal levam alegria a pacientes em hospital de Santos"},"content":{"rendered":"<p>A dois dias de comemorar o primeiro anivers\u00e1rio, o pequeno Bryan, internado no Complexo Hospitalar da Zona Noroeste (CHZNO), recebeu uma visita muito especial na semana passada (dia 17): os c\u00e3es terapeutas da Guarda Civil Municipal (GCM).<\/p>\n<p>Bastante atento, em um primeiro momento o menino chorou e encolheu-se de medo no colo da m\u00e3e, Emilly Cristina Figueiredo, quando o border collie Ozzy se aproximou. Aos poucos, conforme os outros c\u00e3es foram apresentados, acalmou-se. Viu o pastor belga malinois H\u00f3rus respondendo a alguns comandos do tutor e sendo recompensado com ra\u00e7\u00e3o.<\/p>\n<p><img decoding=\"async\" class=\"img-vert\" src=\"https:\/\/www.santos.sp.gov.br\/static\/files_www\/files\/portal_files\/noticias2024\/raimundo_rosa_9493.jpg\" alt=\"\" \/><\/p>\n<p>Quando o \u00faltimo c\u00e3o entrou no quarto, o goldendoodle Luke, Bryan estava um pouco mais \u00e0 vontade e foi poss\u00edvel encostar a patinha do animal em sua m\u00e3ozinha. \u201cEle n\u00e3o convive com c\u00e3o, ent\u00e3o fica com um pouco de medo. Eu gostei de ver os c\u00e3es treinados, quebrou a nossa rotina aqui no hospital\u201d, afirma a m\u00e3e.<\/p>\n<p>Al\u00e9m da pediatria, os c\u00e3es percorreram as enfermarias dos setores vascular e cl\u00ednica m\u00e9dica vestindo gorro de Papai Noel, o que atra\u00eda a curiosidade de todos. Com celular em m\u00e3os, pacientes e seus acompanhantes n\u00e3o perderam tempo em registrar esses breves momentos ao lado dos \u2018melhores amigos do homem\u2019.<\/p>\n<p>A dom\u00e9stica Gecina Alves dos Santos, que est\u00e1 prestes a receber alta, entusiasmou-se com a visita. Lembrou-se da cadela boxer que vive na casa onde trabalha, por quem sente muita estima e garante que o carinho \u00e9 m\u00fatuo. \u201cEssa visita foi muito especial. Desde crian\u00e7a, sempre tive bichinho em casa. Gosto muito deles e n\u00e3o fa\u00e7o distin\u00e7\u00e3o por ra\u00e7a. Simplesmente amo\u201d, disse Gecina.<\/p>\n<p><img decoding=\"async\" class=\"img-responsive\" src=\"https:\/\/www.santos.sp.gov.br\/static\/files_www\/files\/portal_files\/noticias2024\/raimundo_rosa_9495.jpg\" alt=\"\" \/><\/p>\n<h4 id=\"menu1\">ESTRAT\u00c9GIA TERAP\u00caUTICA<\/h4>\n<p>Cinoterapia ou TAA (Terapia Assistida por Animais) \u00e9 um m\u00e9todo que utiliza c\u00e3es e outros animais em complemento a tratamentos tradicionais j\u00e1 realizados com pacientes. O m\u00e9todo \u00e9 aplicado para garantir que o tratamento ocorra de maneira leve e promova o bem-estar dos pacientes. O contato com o animal estimula as fun\u00e7\u00f5es motoras, desenvolve a fala, melhora a socializa\u00e7\u00e3o, aumenta a confian\u00e7a e a autoestima.<\/p>\n<p>A visita \u00e9 realizada apenas aos pacientes que aceitam a presen\u00e7a dos c\u00e3es em seus quartos. \u201cTemos um protocolo sempre que h\u00e1 visitas agendadas nos hospitais. Costumamos faz\u00ea-las no per\u00edodo da tarde para realizarmos a higieniza\u00e7\u00e3o dos c\u00e3es pela manh\u00e3. Importante lembrar que eles foram treinados para esse tipo de a\u00e7\u00e3o, s\u00e3o vacinados e vermifugados\u201d, explica Nizete Maur\u00edcio dos Santos, guarda civil tutora de Ozzy.<\/p>\n<p><img decoding=\"async\" class=\"img-responsive\" src=\"https:\/\/www.santos.sp.gov.br\/static\/files_www\/files\/portal_files\/noticias2024\/raimundo_rosa_9504.jpg\" alt=\"\" \/>\u201cA maioria dos pacientes aceita a aproxima\u00e7\u00e3o. \u00c9 um momento muito prazeroso e os c\u00e3es t\u00eam uma sensibilidade agu\u00e7ada, principalmente com crian\u00e7as. D\u00e3o bastante aten\u00e7\u00e3o a elas\u201d, complementa a guarda.<\/p>\n<p>A chefe da Se\u00e7\u00e3o de Enfermagem do CHZNO, Graziela de Paula Povrezan, enfatiza. \u201cAs visitas melhoram o dia de todos: funcion\u00e1rios, pacientes e acompanhantes. O ambiente fica mais positivo e as pessoas mais alegres e tranquilas. Os pacientes se sentem acolhidos de uma outra forma. Temos casos at\u00e9 de pessoas que se levantaram do leito e pediram para andar com o c\u00e3o pelo corredor\u201d, relembra.<\/p>\n<p><strong>Leia mais<\/strong><\/p>\n<p><a href=\"https:\/\/redenoticiaz.com.br\/litoralsp\/2024\/12\/25\/policia-civil-identifica-15-corpos-de-vitimas-de-acidente-na-br-116\">Pol\u00edcia Civil identifica 15 corpos de v\u00edtimas de acidente na BR-116<\/a><\/p>\n<p><a href=\"https:\/\/redenoticiaz.com.br\/litoralsp\/2024\/12\/25\/pf-vai-investigar-queda-de-ponte-na-divisa-do-ma-e-to\">PF vai investigar queda de ponte na divisa do MA e TO<\/a><\/p>\n","protected":false},"excerpt":{"rendered":"<p>A dois dias de comemorar o primeiro anivers\u00e1rio, o pequeno Bryan, internado no Complexo Hospitalar da Zona Noroeste (CHZNO), recebeu uma visita muito especial na semana passada (dia 17): os c\u00e3es terapeutas da Guarda Civil Municipal (GCM). Bastante atento, em um primeiro momento o menino chorou e encolheu-se de medo no colo da m\u00e3e, Emilly &hellip;<\/p>\n","protected":false},"author":12,"featured_media":119895,"comment_status":"open","ping_status":"closed","sticky":false,"template":"","format":"standard","meta":{"footnotes":""},"categories":[10,180],"tags":[10728,60356,986],"class_list":["post-119894","post","type-post","status-publish","format-standard","has-post-thumbnail","hentry","category-policia","category-santos","tag-caes","tag-guarda","tag-santos"],"yoast_head":"<!-- This site is optimized with the Yoast SEO plugin v27.4 - https:\/\/yoast.com\/product\/yoast-seo-wordpress\/ -->\n<title>C\u00e3es \u2018Noel\u2019 da Guarda Municipal levam alegria a pacientes em hospital de Santos - Litoral SP<\/title>\n<meta name=\"description\" content=\"A dois dias de comemorar o primeiro anivers\u00e1rio, o pequeno Bryan, internado no Complexo Hospitalar da Zona Noroeste (CHZNO), recebeu uma visita muito especial na semana passada (dia 17): os c\u00e3es terapeutas da Guarda Civil Municipal (GCM).\" \/>\n<meta name=\"robots\" content=\"index, follow, max-snippet:-1, max-image-preview:large, max-video-preview:-1\" \/>\n<link rel=\"canonical\" href=\"https:\/\/redenoticiaz.com.br\/litoralsp\/2024\/12\/25\/caes-noel-da-guarda-municipal-levam-alegria-a-pacientes-em-hospital-de-santos\" \/>\n<meta property=\"og:locale\" content=\"pt_BR\" \/>\n<meta property=\"og:type\" content=\"article\" \/>\n<meta property=\"og:title\" content=\"C\u00e3es \u2018Noel\u2019 da Guarda Municipal levam alegria a pacientes em hospital de Santos - Litoral SP\" \/>\n<meta property=\"og:description\" content=\"A dois dias de comemorar o primeiro anivers\u00e1rio, o pequeno Bryan, internado no Complexo Hospitalar da Zona Noroeste (CHZNO), recebeu uma visita muito especial na semana passada (dia 17): os c\u00e3es terapeutas da Guarda Civil Municipal (GCM).\" \/>\n<meta property=\"og:url\" content=\"https:\/\/redenoticiaz.com.br\/litoralsp\/2024\/12\/25\/caes-noel-da-guarda-municipal-levam-alegria-a-pacientes-em-hospital-de-santos\" \/>\n<meta property=\"og:site_name\" content=\"Litoral SP\" \/>\n<meta property=\"article:published_time\" content=\"2024-12-25T22:00:39+00:00\" \/>\n<meta property=\"og:image\" content=\"https:\/\/redenoticiaz.com.br\/litoralsp\/wp-content\/uploads\/sites\/3\/2024\/12\/raimundo_rosa_9488_0.jpg\" \/>\n\t<meta property=\"og:image:width\" content=\"1400\" \/>\n\t<meta property=\"og:image:height\" content=\"933\" \/>\n\t<meta property=\"og:image:type\" content=\"image\/jpeg\" \/>\n<meta name=\"author\" content=\"Gustavo Silva\" \/>\n<meta name=\"twitter:card\" content=\"summary_large_image\" \/>\n<meta name=\"twitter:label1\" content=\"Escrito por\" \/>\n\t<meta name=\"twitter:data1\" content=\"Gustavo Silva\" \/>\n\t<meta name=\"twitter:label2\" content=\"Est. tempo de leitura\" \/>\n\t<meta name=\"twitter:data2\" content=\"4 minutos\" \/>\n<script type=\"application\/ld+json\" class=\"yoast-schema-graph\">{\"@context\":\"https:\\\/\\\/schema.org\",\"@graph\":[{\"@type\":\"Article\",\"@id\":\"https:\\\/\\\/redenoticiaz.com.br\\\/litoralsp\\\/2024\\\/12\\\/25\\\/caes-noel-da-guarda-municipal-levam-alegria-a-pacientes-em-hospital-de-santos#article\",\"isPartOf\":{\"@id\":\"https:\\\/\\\/redenoticiaz.com.br\\\/litoralsp\\\/2024\\\/12\\\/25\\\/caes-noel-da-guarda-municipal-levam-alegria-a-pacientes-em-hospital-de-santos\"},\"author\":{\"name\":\"Gustavo Silva\",\"@id\":\"https:\\\/\\\/redenoticiaz.com.br\\\/litoralsp\\\/#\\\/schema\\\/person\\\/16057b37a3c0ee6b096d7f887c566e2e\"},\"headline\":\"C\u00e3es \u2018Noel\u2019 da Guarda Municipal levam alegria a pacientes em hospital de Santos\",\"datePublished\":\"2024-12-25T22:00:39+00:00\",\"mainEntityOfPage\":{\"@id\":\"https:\\\/\\\/redenoticiaz.com.br\\\/litoralsp\\\/2024\\\/12\\\/25\\\/caes-noel-da-guarda-municipal-levam-alegria-a-pacientes-em-hospital-de-santos\"},\"wordCount\":574,\"commentCount\":0,\"publisher\":{\"@id\":\"https:\\\/\\\/redenoticiaz.com.br\\\/litoralsp\\\/#organization\"},\"image\":{\"@id\":\"https:\\\/\\\/redenoticiaz.com.br\\\/litoralsp\\\/2024\\\/12\\\/25\\\/caes-noel-da-guarda-municipal-levam-alegria-a-pacientes-em-hospital-de-santos#primaryimage\"},\"thumbnailUrl\":\"https:\\\/\\\/redenoticiaz.com.br\\\/litoralsp\\\/wp-content\\\/uploads\\\/sites\\\/3\\\/2024\\\/12\\\/raimundo_rosa_9488_0.jpg\",\"keywords\":[\"C\u00c3ES\",\"guarda\",\"Santos\"],\"articleSection\":[\"Pol\u00edcia\",\"Santos\"],\"inLanguage\":\"pt-BR\",\"potentialAction\":[{\"@type\":\"CommentAction\",\"name\":\"Comment\",\"target\":[\"https:\\\/\\\/redenoticiaz.com.br\\\/litoralsp\\\/2024\\\/12\\\/25\\\/caes-noel-da-guarda-municipal-levam-alegria-a-pacientes-em-hospital-de-santos#respond\"]}]},{\"@type\":\"WebPage\",\"@id\":\"https:\\\/\\\/redenoticiaz.com.br\\\/litoralsp\\\/2024\\\/12\\\/25\\\/caes-noel-da-guarda-municipal-levam-alegria-a-pacientes-em-hospital-de-santos\",\"url\":\"https:\\\/\\\/redenoticiaz.com.br\\\/litoralsp\\\/2024\\\/12\\\/25\\\/caes-noel-da-guarda-municipal-levam-alegria-a-pacientes-em-hospital-de-santos\",\"name\":\"C\u00e3es \u2018Noel\u2019 da Guarda Municipal levam alegria a pacientes em hospital de Santos - Litoral SP\",\"isPartOf\":{\"@id\":\"https:\\\/\\\/redenoticiaz.com.br\\\/litoralsp\\\/#website\"},\"primaryImageOfPage\":{\"@id\":\"https:\\\/\\\/redenoticiaz.com.br\\\/litoralsp\\\/2024\\\/12\\\/25\\\/caes-noel-da-guarda-municipal-levam-alegria-a-pacientes-em-hospital-de-santos#primaryimage\"},\"image\":{\"@id\":\"https:\\\/\\\/redenoticiaz.com.br\\\/litoralsp\\\/2024\\\/12\\\/25\\\/caes-noel-da-guarda-municipal-levam-alegria-a-pacientes-em-hospital-de-santos#primaryimage\"},\"thumbnailUrl\":\"https:\\\/\\\/redenoticiaz.com.br\\\/litoralsp\\\/wp-content\\\/uploads\\\/sites\\\/3\\\/2024\\\/12\\\/raimundo_rosa_9488_0.jpg\",\"datePublished\":\"2024-12-25T22:00:39+00:00\",\"description\":\"A dois dias de comemorar o primeiro anivers\u00e1rio, o pequeno Bryan, internado no Complexo Hospitalar da Zona Noroeste (CHZNO), recebeu uma visita muito especial na semana passada (dia 17): os c\u00e3es terapeutas da Guarda Civil Municipal (GCM).\",\"inLanguage\":\"pt-BR\",\"potentialAction\":[{\"@type\":\"ReadAction\",\"target\":[\"https:\\\/\\\/redenoticiaz.com.br\\\/litoralsp\\\/2024\\\/12\\\/25\\\/caes-noel-da-guarda-municipal-levam-alegria-a-pacientes-em-hospital-de-santos\"]}]},{\"@type\":\"ImageObject\",\"inLanguage\":\"pt-BR\",\"@id\":\"https:\\\/\\\/redenoticiaz.com.br\\\/litoralsp\\\/2024\\\/12\\\/25\\\/caes-noel-da-guarda-municipal-levam-alegria-a-pacientes-em-hospital-de-santos#primaryimage\",\"url\":\"https:\\\/\\\/redenoticiaz.com.br\\\/litoralsp\\\/wp-content\\\/uploads\\\/sites\\\/3\\\/2024\\\/12\\\/raimundo_rosa_9488_0.jpg\",\"contentUrl\":\"https:\\\/\\\/redenoticiaz.com.br\\\/litoralsp\\\/wp-content\\\/uploads\\\/sites\\\/3\\\/2024\\\/12\\\/raimundo_rosa_9488_0.jpg\",\"width\":1400,\"height\":933},{\"@type\":\"WebSite\",\"@id\":\"https:\\\/\\\/redenoticiaz.com.br\\\/litoralsp\\\/#website\",\"url\":\"https:\\\/\\\/redenoticiaz.com.br\\\/litoralsp\\\/\",\"name\":\"Litoral SP\",\"description\":\"Rede NoticiaZ\",\"publisher\":{\"@id\":\"https:\\\/\\\/redenoticiaz.com.br\\\/litoralsp\\\/#organization\"},\"potentialAction\":[{\"@type\":\"SearchAction\",\"target\":{\"@type\":\"EntryPoint\",\"urlTemplate\":\"https:\\\/\\\/redenoticiaz.com.br\\\/litoralsp\\\/?s={search_term_string}\"},\"query-input\":{\"@type\":\"PropertyValueSpecification\",\"valueRequired\":true,\"valueName\":\"search_term_string\"}}],\"inLanguage\":\"pt-BR\"},{\"@type\":\"Organization\",\"@id\":\"https:\\\/\\\/redenoticiaz.com.br\\\/litoralsp\\\/#organization\",\"name\":\"Litoral SP\",\"url\":\"https:\\\/\\\/redenoticiaz.com.br\\\/litoralsp\\\/\",\"logo\":{\"@type\":\"ImageObject\",\"inLanguage\":\"pt-BR\",\"@id\":\"https:\\\/\\\/redenoticiaz.com.br\\\/litoralsp\\\/#\\\/schema\\\/logo\\\/image\\\/\",\"url\":\"https:\\\/\\\/redenoticiaz.com.br\\\/litoralsp\\\/wp-content\\\/uploads\\\/sites\\\/3\\\/2020\\\/11\\\/logo.jpg\",\"contentUrl\":\"https:\\\/\\\/redenoticiaz.com.br\\\/litoralsp\\\/wp-content\\\/uploads\\\/sites\\\/3\\\/2020\\\/11\\\/logo.jpg\",\"width\":400,\"height\":250,\"caption\":\"Litoral SP\"},\"image\":{\"@id\":\"https:\\\/\\\/redenoticiaz.com.br\\\/litoralsp\\\/#\\\/schema\\\/logo\\\/image\\\/\"}},{\"@type\":\"Person\",\"@id\":\"https:\\\/\\\/redenoticiaz.com.br\\\/litoralsp\\\/#\\\/schema\\\/person\\\/16057b37a3c0ee6b096d7f887c566e2e\",\"name\":\"Gustavo Silva\",\"image\":{\"@type\":\"ImageObject\",\"inLanguage\":\"pt-BR\",\"@id\":\"https:\\\/\\\/secure.gravatar.com\\\/avatar\\\/3ee4e82f93b26de0a7cf4ea5eb7893da637ed6bb0c9170c58065944c56e28a33?s=96&d=mm&r=g\",\"url\":\"https:\\\/\\\/secure.gravatar.com\\\/avatar\\\/3ee4e82f93b26de0a7cf4ea5eb7893da637ed6bb0c9170c58065944c56e28a33?s=96&d=mm&r=g\",\"contentUrl\":\"https:\\\/\\\/secure.gravatar.com\\\/avatar\\\/3ee4e82f93b26de0a7cf4ea5eb7893da637ed6bb0c9170c58065944c56e28a33?s=96&d=mm&r=g\",\"caption\":\"Gustavo Silva\"},\"url\":\"https:\\\/\\\/redenoticiaz.com.br\\\/litoralsp\\\/author\\\/gustavosilva\"}]}<\/script>\n<!-- \/ Yoast SEO plugin. -->","yoast_head_json":{"title":"C\u00e3es \u2018Noel\u2019 da Guarda Municipal levam alegria a pacientes em hospital de Santos - Litoral SP","description":"A dois dias de comemorar o primeiro anivers\u00e1rio, o pequeno Bryan, internado no Complexo Hospitalar da Zona Noroeste (CHZNO), recebeu uma visita muito especial na semana passada (dia 17): os c\u00e3es terapeutas da Guarda Civil Municipal (GCM).","robots":{"index":"index","follow":"follow","max-snippet":"max-snippet:-1","max-image-preview":"max-image-preview:large","max-video-preview":"max-video-preview:-1"},"canonical":"https:\/\/redenoticiaz.com.br\/litoralsp\/2024\/12\/25\/caes-noel-da-guarda-municipal-levam-alegria-a-pacientes-em-hospital-de-santos","og_locale":"pt_BR","og_type":"article","og_title":"C\u00e3es \u2018Noel\u2019 da Guarda Municipal levam alegria a pacientes em hospital de Santos - Litoral SP","og_description":"A dois dias de comemorar o primeiro anivers\u00e1rio, o pequeno Bryan, internado no Complexo Hospitalar da Zona Noroeste (CHZNO), recebeu uma visita muito especial na semana passada (dia 17): os c\u00e3es terapeutas da Guarda Civil Municipal (GCM).","og_url":"https:\/\/redenoticiaz.com.br\/litoralsp\/2024\/12\/25\/caes-noel-da-guarda-municipal-levam-alegria-a-pacientes-em-hospital-de-santos","og_site_name":"Litoral SP","article_published_time":"2024-12-25T22:00:39+00:00","og_image":[{"width":1400,"height":933,"url":"https:\/\/redenoticiaz.com.br\/litoralsp\/wp-content\/uploads\/sites\/3\/2024\/12\/raimundo_rosa_9488_0.jpg","type":"image\/jpeg"}],"author":"Gustavo Silva","twitter_card":"summary_large_image","twitter_misc":{"Escrito por":"Gustavo Silva","Est. tempo de leitura":"4 minutos"},"schema":{"@context":"https:\/\/schema.org","@graph":[{"@type":"Article","@id":"https:\/\/redenoticiaz.com.br\/litoralsp\/2024\/12\/25\/caes-noel-da-guarda-municipal-levam-alegria-a-pacientes-em-hospital-de-santos#article","isPartOf":{"@id":"https:\/\/redenoticiaz.com.br\/litoralsp\/2024\/12\/25\/caes-noel-da-guarda-municipal-levam-alegria-a-pacientes-em-hospital-de-santos"},"author":{"name":"Gustavo Silva","@id":"https:\/\/redenoticiaz.com.br\/litoralsp\/#\/schema\/person\/16057b37a3c0ee6b096d7f887c566e2e"},"headline":"C\u00e3es \u2018Noel\u2019 da Guarda Municipal levam alegria a pacientes em hospital de Santos","datePublished":"2024-12-25T22:00:39+00:00","mainEntityOfPage":{"@id":"https:\/\/redenoticiaz.com.br\/litoralsp\/2024\/12\/25\/caes-noel-da-guarda-municipal-levam-alegria-a-pacientes-em-hospital-de-santos"},"wordCount":574,"commentCount":0,"publisher":{"@id":"https:\/\/redenoticiaz.com.br\/litoralsp\/#organization"},"image":{"@id":"https:\/\/redenoticiaz.com.br\/litoralsp\/2024\/12\/25\/caes-noel-da-guarda-municipal-levam-alegria-a-pacientes-em-hospital-de-santos#primaryimage"},"thumbnailUrl":"https:\/\/redenoticiaz.com.br\/litoralsp\/wp-content\/uploads\/sites\/3\/2024\/12\/raimundo_rosa_9488_0.jpg","keywords":["C\u00c3ES","guarda","Santos"],"articleSection":["Pol\u00edcia","Santos"],"inLanguage":"pt-BR","potentialAction":[{"@type":"CommentAction","name":"Comment","target":["https:\/\/redenoticiaz.com.br\/litoralsp\/2024\/12\/25\/caes-noel-da-guarda-municipal-levam-alegria-a-pacientes-em-hospital-de-santos#respond"]}]},{"@type":"WebPage","@id":"https:\/\/redenoticiaz.com.br\/litoralsp\/2024\/12\/25\/caes-noel-da-guarda-municipal-levam-alegria-a-pacientes-em-hospital-de-santos","url":"https:\/\/redenoticiaz.com.br\/litoralsp\/2024\/12\/25\/caes-noel-da-guarda-municipal-levam-alegria-a-pacientes-em-hospital-de-santos","name":"C\u00e3es \u2018Noel\u2019 da Guarda Municipal levam alegria a pacientes em hospital de Santos - Litoral SP","isPartOf":{"@id":"https:\/\/redenoticiaz.com.br\/litoralsp\/#website"},"primaryImageOfPage":{"@id":"https:\/\/redenoticiaz.com.br\/litoralsp\/2024\/12\/25\/caes-noel-da-guarda-municipal-levam-alegria-a-pacientes-em-hospital-de-santos#primaryimage"},"image":{"@id":"https:\/\/redenoticiaz.com.br\/litoralsp\/2024\/12\/25\/caes-noel-da-guarda-municipal-levam-alegria-a-pacientes-em-hospital-de-santos#primaryimage"},"thumbnailUrl":"https:\/\/redenoticiaz.com.br\/litoralsp\/wp-content\/uploads\/sites\/3\/2024\/12\/raimundo_rosa_9488_0.jpg","datePublished":"2024-12-25T22:00:39+00:00","description":"A dois dias de comemorar o primeiro anivers\u00e1rio, o pequeno Bryan, internado no Complexo Hospitalar da Zona Noroeste (CHZNO), recebeu uma visita muito especial na semana passada (dia 17): os c\u00e3es terapeutas da Guarda Civil Municipal (GCM).","inLanguage":"pt-BR","potentialAction":[{"@type":"ReadAction","target":["https:\/\/redenoticiaz.com.br\/litoralsp\/2024\/12\/25\/caes-noel-da-guarda-municipal-levam-alegria-a-pacientes-em-hospital-de-santos"]}]},{"@type":"ImageObject","inLanguage":"pt-BR","@id":"https:\/\/redenoticiaz.com.br\/litoralsp\/2024\/12\/25\/caes-noel-da-guarda-municipal-levam-alegria-a-pacientes-em-hospital-de-santos#primaryimage","url":"https:\/\/redenoticiaz.com.br\/litoralsp\/wp-content\/uploads\/sites\/3\/2024\/12\/raimundo_rosa_9488_0.jpg","contentUrl":"https:\/\/redenoticiaz.com.br\/litoralsp\/wp-content\/uploads\/sites\/3\/2024\/12\/raimundo_rosa_9488_0.jpg","width":1400,"height":933},{"@type":"WebSite","@id":"https:\/\/redenoticiaz.com.br\/litoralsp\/#website","url":"https:\/\/redenoticiaz.com.br\/litoralsp\/","name":"Litoral SP","description":"Rede NoticiaZ","publisher":{"@id":"https:\/\/redenoticiaz.com.br\/litoralsp\/#organization"},"potentialAction":[{"@type":"SearchAction","target":{"@type":"EntryPoint","urlTemplate":"https:\/\/redenoticiaz.com.br\/litoralsp\/?s={search_term_string}"},"query-input":{"@type":"PropertyValueSpecification","valueRequired":true,"valueName":"search_term_string"}}],"inLanguage":"pt-BR"},{"@type":"Organization","@id":"https:\/\/redenoticiaz.com.br\/litoralsp\/#organization","name":"Litoral SP","url":"https:\/\/redenoticiaz.com.br\/litoralsp\/","logo":{"@type":"ImageObject","inLanguage":"pt-BR","@id":"https:\/\/redenoticiaz.com.br\/litoralsp\/#\/schema\/logo\/image\/","url":"https:\/\/redenoticiaz.com.br\/litoralsp\/wp-content\/uploads\/sites\/3\/2020\/11\/logo.jpg","contentUrl":"https:\/\/redenoticiaz.com.br\/litoralsp\/wp-content\/uploads\/sites\/3\/2020\/11\/logo.jpg","width":400,"height":250,"caption":"Litoral SP"},"image":{"@id":"https:\/\/redenoticiaz.com.br\/litoralsp\/#\/schema\/logo\/image\/"}},{"@type":"Person","@id":"https:\/\/redenoticiaz.com.br\/litoralsp\/#\/schema\/person\/16057b37a3c0ee6b096d7f887c566e2e","name":"Gustavo Silva","image":{"@type":"ImageObject","inLanguage":"pt-BR","@id":"https:\/\/secure.gravatar.com\/avatar\/3ee4e82f93b26de0a7cf4ea5eb7893da637ed6bb0c9170c58065944c56e28a33?s=96&d=mm&r=g","url":"https:\/\/secure.gravatar.com\/avatar\/3ee4e82f93b26de0a7cf4ea5eb7893da637ed6bb0c9170c58065944c56e28a33?s=96&d=mm&r=g","contentUrl":"https:\/\/secure.gravatar.com\/avatar\/3ee4e82f93b26de0a7cf4ea5eb7893da637ed6bb0c9170c58065944c56e28a33?s=96&d=mm&r=g","caption":"Gustavo Silva"},"url":"https:\/\/redenoticiaz.com.br\/litoralsp\/author\/gustavosilva"}]}},"_links":{"self":[{"href":"https:\/\/redenoticiaz.com.br\/litoralsp\/wp-json\/wp\/v2\/posts\/119894","targetHints":{"allow":["GET"]}}],"collection":[{"href":"https:\/\/redenoticiaz.com.br\/litoralsp\/wp-json\/wp\/v2\/posts"}],"about":[{"href":"https:\/\/redenoticiaz.com.br\/litoralsp\/wp-json\/wp\/v2\/types\/post"}],"author":[{"embeddable":true,"href":"https:\/\/redenoticiaz.com.br\/litoralsp\/wp-json\/wp\/v2\/users\/12"}],"replies":[{"embeddable":true,"href":"https:\/\/redenoticiaz.com.br\/litoralsp\/wp-json\/wp\/v2\/comments?post=119894"}],"version-history":[{"count":1,"href":"https:\/\/redenoticiaz.com.br\/litoralsp\/wp-json\/wp\/v2\/posts\/119894\/revisions"}],"predecessor-version":[{"id":119896,"href":"https:\/\/redenoticiaz.com.br\/litoralsp\/wp-json\/wp\/v2\/posts\/119894\/revisions\/119896"}],"wp:featuredmedia":[{"embeddable":true,"href":"https:\/\/redenoticiaz.com.br\/litoralsp\/wp-json\/wp\/v2\/media\/119895"}],"wp:attachment":[{"href":"https:\/\/redenoticiaz.com.br\/litoralsp\/wp-json\/wp\/v2\/media?parent=119894"}],"wp:term":[{"taxonomy":"category","embeddable":true,"href":"https:\/\/redenoticiaz.com.br\/litoralsp\/wp-json\/wp\/v2\/categories?post=119894"},{"taxonomy":"post_tag","embeddable":true,"href":"https:\/\/redenoticiaz.com.br\/litoralsp\/wp-json\/wp\/v2\/tags?post=119894"}],"curies":[{"name":"wp","href":"https:\/\/api.w.org\/{rel}","templated":true}]}}