{"id":119903,"date":"2024-12-28T16:00:58","date_gmt":"2024-12-28T19:00:58","guid":{"rendered":"https:\/\/redenoticiaz.com.br\/litoralsp\/?p=119903"},"modified":"2024-12-25T18:01:08","modified_gmt":"2024-12-25T21:01:08","slug":"calendario-do-bolsa-familia-em-2025-esta-disponivel","status":"publish","type":"post","link":"https:\/\/redenoticiaz.com.br\/litoralsp\/2024\/12\/28\/calendario-do-bolsa-familia-em-2025-esta-disponivel","title":{"rendered":"Calend\u00e1rio do Bolsa Fam\u00edlia em 2025 est\u00e1 dispon\u00edvel"},"content":{"rendered":"<p>Os cerca de 21 milh\u00f5es de benefici\u00e1rios do Bolsa Fam\u00edlia j\u00e1\u00a0podem\u00a0conferir a data de pagamento do programa social. O Minist\u00e9rio do Desenvolvimento e Assist\u00eancia Social, Fam\u00edlia e Combate \u00e0 Fome (MDS) divulgou nesta segunda-feira (23) o calend\u00e1rio dos benef\u00edcios para todo o pr\u00f3ximo ano.<img decoding=\"async\" src=\"https:\/\/agenciabrasil.ebc.com.br\/ebc.png?id=1624868&amp;o=node\" \/><img decoding=\"async\" src=\"https:\/\/agenciabrasil.ebc.com.br\/ebc.gif?id=1624868&amp;o=node\" \/><\/p>\n<p>Os pagamentos ocorrer\u00e3o nos \u00faltimos dez dias \u00fateis de cada m\u00eas, de forma escalonada conforme o d\u00edgito final do N\u00famero de Inscri\u00e7\u00e3o Social (NIS), exceto em dezembro, quando o cronograma \u00e9 antecipado em cerca de uma semana por causa do Natal. Os dep\u00f3sitos come\u00e7ar\u00e3o em 20 de janeiro, para as fam\u00edlias com NIS de final 1, e terminar\u00e3o em 23 de dezembro, para as fam\u00edlias com NIS de final 0.<\/p>\n<p>Para evitar a perda do benef\u00edcio, o MDS recomenda que cada benefici\u00e1rio atualize os dados dele e da fam\u00edlia no Cadastro \u00danico para Programas Sociais do Governo Federal (Cad\u00danico) a cada 24 meses. Ap\u00f3s a aprova\u00e7\u00e3o do pacote de corte de gastos, o processo exigir\u00e1 biometria.<\/p>\n<p>A atualiza\u00e7\u00e3o dos dados exige que a pessoa respons\u00e1vel pela fam\u00edlia v\u00e1 a um posto de atendimento socioassistencial, como o Centro de Refer\u00eancia de Assist\u00eancia Social (Cras), ou a um posto de atendimento do Cadastro \u00danico. Al\u00e9m de apresentar os documentos de cada pessoa da fam\u00edlia, o benefici\u00e1rio dever\u00e1 comprovar a renda domiciliar.<\/p>\n<h2>Regra<\/h2>\n<p>O Bolsa Fam\u00edlia \u00e9 pago a quem tem renda de, no m\u00e1ximo, R$ 218 mensais para cada integrante da fam\u00edlia que vive na mesma casa, al\u00e9m de estar inscrito no Cad\u00danico. O cadastramento \u00e9 feito em postos de atendimento da assist\u00eancia social dos munic\u00edpios. Ao recriar o Bolsa Fam\u00edlia, em mar\u00e7o de 2023, o Governo Federal passou a garantir o repasse m\u00ednimo de R$ 600 por fam\u00edlia inscrita, com adicionais conforme a composi\u00e7\u00e3o da fam\u00edlia. Os pagamentos s\u00e3o feitos pelo aplicativo Caixa Tem ou podem ser sacados em caixas eletr\u00f4nicos por quem tem o cart\u00e3o do programa social.<\/p>\n<p>O Benef\u00edcio Vari\u00e1vel Familiar Nutriz paga seis parcelas de R$ 50 a m\u00e3es de beb\u00eas de at\u00e9 seis meses de idade, para garantir a alimenta\u00e7\u00e3o da crian\u00e7a. O Bolsa Fam\u00edlia tamb\u00e9m paga um acr\u00e9scimo de R$ 50 a fam\u00edlias com gestantes e filhos de 7 a 18 anos e outro, de R$ 150, a fam\u00edlias com crian\u00e7as de at\u00e9 6 anos.<\/p>\n<h2>Informa\u00e7\u00f5es<\/h2>\n<p>Quem tiver d\u00favidas sobre o Bolsa Fam\u00edlia deve ligar no Disque Social, no n\u00famero 121. Tamb\u00e9m \u00e9 poss\u00edvel acionar o canal de atendimento da Caixa Econ\u00f4mica Federal, por meio do n\u00famero 111. O benefici\u00e1rio pode ainda consultar os aplicativos do Bolsa Fam\u00edlia e da Caixa, dispon\u00edveis para download gratuito nas lojas virtuais.<\/p>\n<h2>&gt;&gt; Confira o calend\u00e1rio de pagamento dos benef\u00edcios do Bolsa Fam\u00edlia em 2025<\/h2>\n<div class=\"dnd-widget-wrapper context-cheio_8colunas type-image\">\n<div class=\"dnd-atom-rendered\"><img decoding=\"async\" title=\"Divulga\u00e7\u00e3o\/Minist\u00e9rio do Desenvolvimento e Assist\u00eancia Social\" src=\"https:\/\/imagens.ebc.com.br\/oTuFwmZFrki4S6Q_8yjYEF79I0o=\/754x0\/smart\/https:\/\/agenciabrasil.ebc.com.br\/sites\/default\/files\/thumbnails\/image\/2024\/12\/23\/calendario_bolsa_familia_2025.png?itok=Z3eQOeXe\" alt=\"Calend\u00e1rio Bolsa Fam\u00edlia 2025\" \/><\/div>\n<\/div>\n<div class=\"dnd-caption-wrapper\">Leia mais<\/div>\n<div><a href=\"https:\/\/redenoticiaz.com.br\/blog\/2024\/10\/20\/bloqueio-do-cartao-do-bolsa-familia-em-bets-esta-sendo-implementado\">Bloqueio do cart\u00e3o do Bolsa Fam\u00edlia em bets est\u00e1 sendo implementado<\/a><\/div>\n<div><a href=\"https:\/\/redenoticiaz.com.br\/blog\/2024\/09\/29\/aposta-com-bolsa-familia-mds-anuncia-acao-para-restringir-uso-de-recursos\">Aposta com Bolsa Fam\u00edlia: MDS anuncia a\u00e7\u00e3o para restringir uso de recursos<\/a><\/div>\n","protected":false},"excerpt":{"rendered":"<p>Os cerca de 21 milh\u00f5es de benefici\u00e1rios do Bolsa Fam\u00edlia j\u00e1\u00a0podem\u00a0conferir a data de pagamento do programa social. O Minist\u00e9rio do Desenvolvimento e Assist\u00eancia Social, Fam\u00edlia e Combate \u00e0 Fome (MDS) divulgou nesta segunda-feira (23) o calend\u00e1rio dos benef\u00edcios para todo o pr\u00f3ximo ano. Os pagamentos ocorrer\u00e3o nos \u00faltimos dez dias \u00fateis de cada m\u00eas, &hellip;<\/p>\n","protected":false},"author":12,"featured_media":108243,"comment_status":"open","ping_status":"closed","sticky":false,"template":"","format":"standard","meta":{"footnotes":""},"categories":[6470,10278],"tags":[23120,7637,69068],"class_list":["post-119903","post","type-post","status-publish","format-standard","has-post-thumbnail","hentry","category-acao-social","category-cidadania","tag-bolsa-familia","tag-calendario","tag-calendario-bolsa"],"yoast_head":"<!-- This site is optimized with the Yoast SEO plugin v27.5 - https:\/\/yoast.com\/product\/yoast-seo-wordpress\/ -->\n<title>Calend\u00e1rio do Bolsa Fam\u00edlia em 2025 est\u00e1 dispon\u00edvel - Litoral SP<\/title>\n<meta name=\"description\" content=\"O Minist\u00e9rio do Desenvolvimento e Assist\u00eancia Social, Fam\u00edlia e Combate \u00e0 Fome (MDS) divulgou nesta segunda-feira (23) o calend\u00e1rio dos benef\u00edcios para todo o pr\u00f3ximo ano.\" \/>\n<meta name=\"robots\" content=\"index, follow, max-snippet:-1, max-image-preview:large, max-video-preview:-1\" \/>\n<link rel=\"canonical\" href=\"https:\/\/redenoticiaz.com.br\/litoralsp\/2024\/12\/28\/calendario-do-bolsa-familia-em-2025-esta-disponivel\" \/>\n<meta property=\"og:locale\" content=\"pt_BR\" \/>\n<meta property=\"og:type\" content=\"article\" \/>\n<meta property=\"og:title\" content=\"Calend\u00e1rio do Bolsa Fam\u00edlia em 2025 est\u00e1 dispon\u00edvel - Litoral SP\" \/>\n<meta property=\"og:description\" content=\"O Minist\u00e9rio do Desenvolvimento e Assist\u00eancia Social, Fam\u00edlia e Combate \u00e0 Fome (MDS) divulgou nesta segunda-feira (23) o calend\u00e1rio dos benef\u00edcios para todo o pr\u00f3ximo ano.\" \/>\n<meta property=\"og:url\" content=\"https:\/\/redenoticiaz.com.br\/litoralsp\/2024\/12\/28\/calendario-do-bolsa-familia-em-2025-esta-disponivel\" \/>\n<meta property=\"og:site_name\" content=\"Litoral SP\" \/>\n<meta property=\"article:published_time\" content=\"2024-12-28T19:00:58+00:00\" \/>\n<meta property=\"og:image\" content=\"https:\/\/redenoticiaz.com.br\/litoralsp\/wp-content\/uploads\/sites\/3\/2023\/07\/bolsafamilia_2.jpeg?v=1689208449\" \/>\n\t<meta property=\"og:image:width\" content=\"1170\" \/>\n\t<meta property=\"og:image:height\" content=\"700\" \/>\n\t<meta property=\"og:image:type\" content=\"image\/jpeg\" \/>\n<meta name=\"author\" content=\"Gustavo Silva\" \/>\n<meta name=\"twitter:card\" content=\"summary_large_image\" \/>\n<meta name=\"twitter:label1\" content=\"Escrito por\" \/>\n\t<meta name=\"twitter:data1\" content=\"Gustavo Silva\" \/>\n\t<meta name=\"twitter:label2\" content=\"Est. tempo de leitura\" \/>\n\t<meta name=\"twitter:data2\" content=\"4 minutos\" \/>\n<script type=\"application\/ld+json\" class=\"yoast-schema-graph\">{\"@context\":\"https:\\\/\\\/schema.org\",\"@graph\":[{\"@type\":\"Article\",\"@id\":\"https:\\\/\\\/redenoticiaz.com.br\\\/litoralsp\\\/2024\\\/12\\\/28\\\/calendario-do-bolsa-familia-em-2025-esta-disponivel#article\",\"isPartOf\":{\"@id\":\"https:\\\/\\\/redenoticiaz.com.br\\\/litoralsp\\\/2024\\\/12\\\/28\\\/calendario-do-bolsa-familia-em-2025-esta-disponivel\"},\"author\":{\"name\":\"Gustavo Silva\",\"@id\":\"https:\\\/\\\/redenoticiaz.com.br\\\/litoralsp\\\/#\\\/schema\\\/person\\\/16057b37a3c0ee6b096d7f887c566e2e\"},\"headline\":\"Calend\u00e1rio do Bolsa Fam\u00edlia em 2025 est\u00e1 dispon\u00edvel\",\"datePublished\":\"2024-12-28T19:00:58+00:00\",\"mainEntityOfPage\":{\"@id\":\"https:\\\/\\\/redenoticiaz.com.br\\\/litoralsp\\\/2024\\\/12\\\/28\\\/calendario-do-bolsa-familia-em-2025-esta-disponivel\"},\"wordCount\":533,\"commentCount\":0,\"publisher\":{\"@id\":\"https:\\\/\\\/redenoticiaz.com.br\\\/litoralsp\\\/#organization\"},\"image\":{\"@id\":\"https:\\\/\\\/redenoticiaz.com.br\\\/litoralsp\\\/2024\\\/12\\\/28\\\/calendario-do-bolsa-familia-em-2025-esta-disponivel#primaryimage\"},\"thumbnailUrl\":\"https:\\\/\\\/redenoticiaz.com.br\\\/litoralsp\\\/wp-content\\\/uploads\\\/sites\\\/3\\\/2023\\\/07\\\/bolsafamilia_2.jpeg?v=1689208449\",\"keywords\":[\"Bolsa Fam\u00edlia\",\"CALEND\u00c1RIO\",\"calend\u00e1rio bolsa\"],\"articleSection\":[\"A\u00e7\u00e3o Social\",\"Cidadania\"],\"inLanguage\":\"pt-BR\",\"potentialAction\":[{\"@type\":\"CommentAction\",\"name\":\"Comment\",\"target\":[\"https:\\\/\\\/redenoticiaz.com.br\\\/litoralsp\\\/2024\\\/12\\\/28\\\/calendario-do-bolsa-familia-em-2025-esta-disponivel#respond\"]}]},{\"@type\":\"WebPage\",\"@id\":\"https:\\\/\\\/redenoticiaz.com.br\\\/litoralsp\\\/2024\\\/12\\\/28\\\/calendario-do-bolsa-familia-em-2025-esta-disponivel\",\"url\":\"https:\\\/\\\/redenoticiaz.com.br\\\/litoralsp\\\/2024\\\/12\\\/28\\\/calendario-do-bolsa-familia-em-2025-esta-disponivel\",\"name\":\"Calend\u00e1rio do Bolsa Fam\u00edlia em 2025 est\u00e1 dispon\u00edvel - Litoral SP\",\"isPartOf\":{\"@id\":\"https:\\\/\\\/redenoticiaz.com.br\\\/litoralsp\\\/#website\"},\"primaryImageOfPage\":{\"@id\":\"https:\\\/\\\/redenoticiaz.com.br\\\/litoralsp\\\/2024\\\/12\\\/28\\\/calendario-do-bolsa-familia-em-2025-esta-disponivel#primaryimage\"},\"image\":{\"@id\":\"https:\\\/\\\/redenoticiaz.com.br\\\/litoralsp\\\/2024\\\/12\\\/28\\\/calendario-do-bolsa-familia-em-2025-esta-disponivel#primaryimage\"},\"thumbnailUrl\":\"https:\\\/\\\/redenoticiaz.com.br\\\/litoralsp\\\/wp-content\\\/uploads\\\/sites\\\/3\\\/2023\\\/07\\\/bolsafamilia_2.jpeg?v=1689208449\",\"datePublished\":\"2024-12-28T19:00:58+00:00\",\"description\":\"O Minist\u00e9rio do Desenvolvimento e Assist\u00eancia Social, Fam\u00edlia e Combate \u00e0 Fome (MDS) divulgou nesta segunda-feira (23) o calend\u00e1rio dos benef\u00edcios para todo o pr\u00f3ximo ano.\",\"inLanguage\":\"pt-BR\",\"potentialAction\":[{\"@type\":\"ReadAction\",\"target\":[\"https:\\\/\\\/redenoticiaz.com.br\\\/litoralsp\\\/2024\\\/12\\\/28\\\/calendario-do-bolsa-familia-em-2025-esta-disponivel\"]}]},{\"@type\":\"ImageObject\",\"inLanguage\":\"pt-BR\",\"@id\":\"https:\\\/\\\/redenoticiaz.com.br\\\/litoralsp\\\/2024\\\/12\\\/28\\\/calendario-do-bolsa-familia-em-2025-esta-disponivel#primaryimage\",\"url\":\"https:\\\/\\\/redenoticiaz.com.br\\\/litoralsp\\\/wp-content\\\/uploads\\\/sites\\\/3\\\/2023\\\/07\\\/bolsafamilia_2.jpeg?v=1689208449\",\"contentUrl\":\"https:\\\/\\\/redenoticiaz.com.br\\\/litoralsp\\\/wp-content\\\/uploads\\\/sites\\\/3\\\/2023\\\/07\\\/bolsafamilia_2.jpeg?v=1689208449\",\"width\":1170,\"height\":700,\"caption\":\"Mais de 43 milh\u00f5es de pessoas deixam linha da pobreza em junho\"},{\"@type\":\"WebSite\",\"@id\":\"https:\\\/\\\/redenoticiaz.com.br\\\/litoralsp\\\/#website\",\"url\":\"https:\\\/\\\/redenoticiaz.com.br\\\/litoralsp\\\/\",\"name\":\"Litoral SP\",\"description\":\"Rede NoticiaZ\",\"publisher\":{\"@id\":\"https:\\\/\\\/redenoticiaz.com.br\\\/litoralsp\\\/#organization\"},\"potentialAction\":[{\"@type\":\"SearchAction\",\"target\":{\"@type\":\"EntryPoint\",\"urlTemplate\":\"https:\\\/\\\/redenoticiaz.com.br\\\/litoralsp\\\/?s={search_term_string}\"},\"query-input\":{\"@type\":\"PropertyValueSpecification\",\"valueRequired\":true,\"valueName\":\"search_term_string\"}}],\"inLanguage\":\"pt-BR\"},{\"@type\":\"Organization\",\"@id\":\"https:\\\/\\\/redenoticiaz.com.br\\\/litoralsp\\\/#organization\",\"name\":\"Litoral SP\",\"url\":\"https:\\\/\\\/redenoticiaz.com.br\\\/litoralsp\\\/\",\"logo\":{\"@type\":\"ImageObject\",\"inLanguage\":\"pt-BR\",\"@id\":\"https:\\\/\\\/redenoticiaz.com.br\\\/litoralsp\\\/#\\\/schema\\\/logo\\\/image\\\/\",\"url\":\"https:\\\/\\\/redenoticiaz.com.br\\\/litoralsp\\\/wp-content\\\/uploads\\\/sites\\\/3\\\/2020\\\/11\\\/logo.jpg\",\"contentUrl\":\"https:\\\/\\\/redenoticiaz.com.br\\\/litoralsp\\\/wp-content\\\/uploads\\\/sites\\\/3\\\/2020\\\/11\\\/logo.jpg\",\"width\":400,\"height\":250,\"caption\":\"Litoral SP\"},\"image\":{\"@id\":\"https:\\\/\\\/redenoticiaz.com.br\\\/litoralsp\\\/#\\\/schema\\\/logo\\\/image\\\/\"}},{\"@type\":\"Person\",\"@id\":\"https:\\\/\\\/redenoticiaz.com.br\\\/litoralsp\\\/#\\\/schema\\\/person\\\/16057b37a3c0ee6b096d7f887c566e2e\",\"name\":\"Gustavo Silva\",\"image\":{\"@type\":\"ImageObject\",\"inLanguage\":\"pt-BR\",\"@id\":\"https:\\\/\\\/secure.gravatar.com\\\/avatar\\\/3ee4e82f93b26de0a7cf4ea5eb7893da637ed6bb0c9170c58065944c56e28a33?s=96&d=mm&r=g\",\"url\":\"https:\\\/\\\/secure.gravatar.com\\\/avatar\\\/3ee4e82f93b26de0a7cf4ea5eb7893da637ed6bb0c9170c58065944c56e28a33?s=96&d=mm&r=g\",\"contentUrl\":\"https:\\\/\\\/secure.gravatar.com\\\/avatar\\\/3ee4e82f93b26de0a7cf4ea5eb7893da637ed6bb0c9170c58065944c56e28a33?s=96&d=mm&r=g\",\"caption\":\"Gustavo Silva\"},\"url\":\"https:\\\/\\\/redenoticiaz.com.br\\\/litoralsp\\\/author\\\/gustavosilva\"}]}<\/script>\n<!-- \/ Yoast SEO plugin. -->","yoast_head_json":{"title":"Calend\u00e1rio do Bolsa Fam\u00edlia em 2025 est\u00e1 dispon\u00edvel - Litoral SP","description":"O Minist\u00e9rio do Desenvolvimento e Assist\u00eancia Social, Fam\u00edlia e Combate \u00e0 Fome (MDS) divulgou nesta segunda-feira (23) o calend\u00e1rio dos benef\u00edcios para todo o pr\u00f3ximo ano.","robots":{"index":"index","follow":"follow","max-snippet":"max-snippet:-1","max-image-preview":"max-image-preview:large","max-video-preview":"max-video-preview:-1"},"canonical":"https:\/\/redenoticiaz.com.br\/litoralsp\/2024\/12\/28\/calendario-do-bolsa-familia-em-2025-esta-disponivel","og_locale":"pt_BR","og_type":"article","og_title":"Calend\u00e1rio do Bolsa Fam\u00edlia em 2025 est\u00e1 dispon\u00edvel - Litoral SP","og_description":"O Minist\u00e9rio do Desenvolvimento e Assist\u00eancia Social, Fam\u00edlia e Combate \u00e0 Fome (MDS) divulgou nesta segunda-feira (23) o calend\u00e1rio dos benef\u00edcios para todo o pr\u00f3ximo ano.","og_url":"https:\/\/redenoticiaz.com.br\/litoralsp\/2024\/12\/28\/calendario-do-bolsa-familia-em-2025-esta-disponivel","og_site_name":"Litoral SP","article_published_time":"2024-12-28T19:00:58+00:00","og_image":[{"width":1170,"height":700,"url":"https:\/\/redenoticiaz.com.br\/litoralsp\/wp-content\/uploads\/sites\/3\/2023\/07\/bolsafamilia_2.jpeg?v=1689208449","type":"image\/jpeg"}],"author":"Gustavo Silva","twitter_card":"summary_large_image","twitter_misc":{"Escrito por":"Gustavo Silva","Est. tempo de leitura":"4 minutos"},"schema":{"@context":"https:\/\/schema.org","@graph":[{"@type":"Article","@id":"https:\/\/redenoticiaz.com.br\/litoralsp\/2024\/12\/28\/calendario-do-bolsa-familia-em-2025-esta-disponivel#article","isPartOf":{"@id":"https:\/\/redenoticiaz.com.br\/litoralsp\/2024\/12\/28\/calendario-do-bolsa-familia-em-2025-esta-disponivel"},"author":{"name":"Gustavo Silva","@id":"https:\/\/redenoticiaz.com.br\/litoralsp\/#\/schema\/person\/16057b37a3c0ee6b096d7f887c566e2e"},"headline":"Calend\u00e1rio do Bolsa Fam\u00edlia em 2025 est\u00e1 dispon\u00edvel","datePublished":"2024-12-28T19:00:58+00:00","mainEntityOfPage":{"@id":"https:\/\/redenoticiaz.com.br\/litoralsp\/2024\/12\/28\/calendario-do-bolsa-familia-em-2025-esta-disponivel"},"wordCount":533,"commentCount":0,"publisher":{"@id":"https:\/\/redenoticiaz.com.br\/litoralsp\/#organization"},"image":{"@id":"https:\/\/redenoticiaz.com.br\/litoralsp\/2024\/12\/28\/calendario-do-bolsa-familia-em-2025-esta-disponivel#primaryimage"},"thumbnailUrl":"https:\/\/redenoticiaz.com.br\/litoralsp\/wp-content\/uploads\/sites\/3\/2023\/07\/bolsafamilia_2.jpeg?v=1689208449","keywords":["Bolsa Fam\u00edlia","CALEND\u00c1RIO","calend\u00e1rio bolsa"],"articleSection":["A\u00e7\u00e3o Social","Cidadania"],"inLanguage":"pt-BR","potentialAction":[{"@type":"CommentAction","name":"Comment","target":["https:\/\/redenoticiaz.com.br\/litoralsp\/2024\/12\/28\/calendario-do-bolsa-familia-em-2025-esta-disponivel#respond"]}]},{"@type":"WebPage","@id":"https:\/\/redenoticiaz.com.br\/litoralsp\/2024\/12\/28\/calendario-do-bolsa-familia-em-2025-esta-disponivel","url":"https:\/\/redenoticiaz.com.br\/litoralsp\/2024\/12\/28\/calendario-do-bolsa-familia-em-2025-esta-disponivel","name":"Calend\u00e1rio do Bolsa Fam\u00edlia em 2025 est\u00e1 dispon\u00edvel - Litoral SP","isPartOf":{"@id":"https:\/\/redenoticiaz.com.br\/litoralsp\/#website"},"primaryImageOfPage":{"@id":"https:\/\/redenoticiaz.com.br\/litoralsp\/2024\/12\/28\/calendario-do-bolsa-familia-em-2025-esta-disponivel#primaryimage"},"image":{"@id":"https:\/\/redenoticiaz.com.br\/litoralsp\/2024\/12\/28\/calendario-do-bolsa-familia-em-2025-esta-disponivel#primaryimage"},"thumbnailUrl":"https:\/\/redenoticiaz.com.br\/litoralsp\/wp-content\/uploads\/sites\/3\/2023\/07\/bolsafamilia_2.jpeg?v=1689208449","datePublished":"2024-12-28T19:00:58+00:00","description":"O Minist\u00e9rio do Desenvolvimento e Assist\u00eancia Social, Fam\u00edlia e Combate \u00e0 Fome (MDS) divulgou nesta segunda-feira (23) o calend\u00e1rio dos benef\u00edcios para todo o pr\u00f3ximo ano.","inLanguage":"pt-BR","potentialAction":[{"@type":"ReadAction","target":["https:\/\/redenoticiaz.com.br\/litoralsp\/2024\/12\/28\/calendario-do-bolsa-familia-em-2025-esta-disponivel"]}]},{"@type":"ImageObject","inLanguage":"pt-BR","@id":"https:\/\/redenoticiaz.com.br\/litoralsp\/2024\/12\/28\/calendario-do-bolsa-familia-em-2025-esta-disponivel#primaryimage","url":"https:\/\/redenoticiaz.com.br\/litoralsp\/wp-content\/uploads\/sites\/3\/2023\/07\/bolsafamilia_2.jpeg?v=1689208449","contentUrl":"https:\/\/redenoticiaz.com.br\/litoralsp\/wp-content\/uploads\/sites\/3\/2023\/07\/bolsafamilia_2.jpeg?v=1689208449","width":1170,"height":700,"caption":"Mais de 43 milh\u00f5es de pessoas deixam linha da pobreza em junho"},{"@type":"WebSite","@id":"https:\/\/redenoticiaz.com.br\/litoralsp\/#website","url":"https:\/\/redenoticiaz.com.br\/litoralsp\/","name":"Litoral SP","description":"Rede NoticiaZ","publisher":{"@id":"https:\/\/redenoticiaz.com.br\/litoralsp\/#organization"},"potentialAction":[{"@type":"SearchAction","target":{"@type":"EntryPoint","urlTemplate":"https:\/\/redenoticiaz.com.br\/litoralsp\/?s={search_term_string}"},"query-input":{"@type":"PropertyValueSpecification","valueRequired":true,"valueName":"search_term_string"}}],"inLanguage":"pt-BR"},{"@type":"Organization","@id":"https:\/\/redenoticiaz.com.br\/litoralsp\/#organization","name":"Litoral SP","url":"https:\/\/redenoticiaz.com.br\/litoralsp\/","logo":{"@type":"ImageObject","inLanguage":"pt-BR","@id":"https:\/\/redenoticiaz.com.br\/litoralsp\/#\/schema\/logo\/image\/","url":"https:\/\/redenoticiaz.com.br\/litoralsp\/wp-content\/uploads\/sites\/3\/2020\/11\/logo.jpg","contentUrl":"https:\/\/redenoticiaz.com.br\/litoralsp\/wp-content\/uploads\/sites\/3\/2020\/11\/logo.jpg","width":400,"height":250,"caption":"Litoral SP"},"image":{"@id":"https:\/\/redenoticiaz.com.br\/litoralsp\/#\/schema\/logo\/image\/"}},{"@type":"Person","@id":"https:\/\/redenoticiaz.com.br\/litoralsp\/#\/schema\/person\/16057b37a3c0ee6b096d7f887c566e2e","name":"Gustavo Silva","image":{"@type":"ImageObject","inLanguage":"pt-BR","@id":"https:\/\/secure.gravatar.com\/avatar\/3ee4e82f93b26de0a7cf4ea5eb7893da637ed6bb0c9170c58065944c56e28a33?s=96&d=mm&r=g","url":"https:\/\/secure.gravatar.com\/avatar\/3ee4e82f93b26de0a7cf4ea5eb7893da637ed6bb0c9170c58065944c56e28a33?s=96&d=mm&r=g","contentUrl":"https:\/\/secure.gravatar.com\/avatar\/3ee4e82f93b26de0a7cf4ea5eb7893da637ed6bb0c9170c58065944c56e28a33?s=96&d=mm&r=g","caption":"Gustavo Silva"},"url":"https:\/\/redenoticiaz.com.br\/litoralsp\/author\/gustavosilva"}]}},"_links":{"self":[{"href":"https:\/\/redenoticiaz.com.br\/litoralsp\/wp-json\/wp\/v2\/posts\/119903","targetHints":{"allow":["GET"]}}],"collection":[{"href":"https:\/\/redenoticiaz.com.br\/litoralsp\/wp-json\/wp\/v2\/posts"}],"about":[{"href":"https:\/\/redenoticiaz.com.br\/litoralsp\/wp-json\/wp\/v2\/types\/post"}],"author":[{"embeddable":true,"href":"https:\/\/redenoticiaz.com.br\/litoralsp\/wp-json\/wp\/v2\/users\/12"}],"replies":[{"embeddable":true,"href":"https:\/\/redenoticiaz.com.br\/litoralsp\/wp-json\/wp\/v2\/comments?post=119903"}],"version-history":[{"count":1,"href":"https:\/\/redenoticiaz.com.br\/litoralsp\/wp-json\/wp\/v2\/posts\/119903\/revisions"}],"predecessor-version":[{"id":119947,"href":"https:\/\/redenoticiaz.com.br\/litoralsp\/wp-json\/wp\/v2\/posts\/119903\/revisions\/119947"}],"wp:featuredmedia":[{"embeddable":true,"href":"https:\/\/redenoticiaz.com.br\/litoralsp\/wp-json\/wp\/v2\/media\/108243"}],"wp:attachment":[{"href":"https:\/\/redenoticiaz.com.br\/litoralsp\/wp-json\/wp\/v2\/media?parent=119903"}],"wp:term":[{"taxonomy":"category","embeddable":true,"href":"https:\/\/redenoticiaz.com.br\/litoralsp\/wp-json\/wp\/v2\/categories?post=119903"},{"taxonomy":"post_tag","embeddable":true,"href":"https:\/\/redenoticiaz.com.br\/litoralsp\/wp-json\/wp\/v2\/tags?post=119903"}],"curies":[{"name":"wp","href":"https:\/\/api.w.org\/{rel}","templated":true}]}}