{"id":119976,"date":"2024-12-31T18:23:28","date_gmt":"2024-12-31T21:23:28","guid":{"rendered":"https:\/\/redenoticiaz.com.br\/litoralsp\/?p=119976"},"modified":"2024-12-31T18:23:28","modified_gmt":"2024-12-31T21:23:28","slug":"balsas-com-fogos-do-reveillon-de-santos-passam-por-vistoria","status":"publish","type":"post","link":"https:\/\/redenoticiaz.com.br\/litoralsp\/2024\/12\/31\/balsas-com-fogos-do-reveillon-de-santos-passam-por-vistoria","title":{"rendered":"Balsas com fogos do R\u00e9veillon de Santos passam por vistoria"},"content":{"rendered":"<p>Quase tudo pronto para o show pirot\u00e9cnico que vai colorir o c\u00e9u da Orla de Santos por 14 minutos na celebra\u00e7\u00e3o da chegada de 2025. Nesta manh\u00e3 foi realizada vistoria t\u00e9cnica da Prefeitura de Santos nas 10 balsas dos fogos de artif\u00edcio, que est\u00e3o em um estaleiro em Vicente de Carvalho (Guaruj\u00e1).<\/p>\n<p>As embarca\u00e7\u00f5es deixar\u00e3o o local na madrugada desta ter\u00e7a-feira (31) e a previs\u00e3o \u00e9 que todas estejam posicionadas, entre os canais 1 e 6.<\/p>\n<p>O trajeto ser\u00e1 feito em comboio e conta com apoio da Marinha, que aprovou os locais onde as balsas permanecer\u00e3o durante a virada do ano.<\/p>\n<p>O show pirot\u00e9cnico utilizar\u00e1 artefatos de baixo ru\u00eddo, conhecidos como \u2018fogos de vista\u2019, que produzem efeito principal nas cores e brilhos, com impacto sonoro secund\u00e1rio. Com acionamento sincronizado, feito via sat\u00e9lite, o show de fogos utiliza a mesma tecnologia dos melhores espet\u00e1culos de fogos do mundo.\u00a0Os artefatos estar\u00e3o distribu\u00eddos em 10 embarca\u00e7\u00f5es ao longo da orla, ancoradas a 400 metros da areia, garantindo tranquilidade e seguran\u00e7a ao p\u00fablico.<\/p>\n<p>Al\u00e9m do espet\u00e1culo no c\u00e9u, a Festa da Virada tamb\u00e9m contar\u00e1 com atra\u00e7\u00f5es musicais nesta ter\u00e7a (31), a partir das 22h, no palco montado na Praia do Gonzaga (pr\u00f3ximo ao canal 2), e em tr\u00eas Tendas de Ver\u00e3o, localizadas nas praias da Pompeia, Gonzaga e Boqueir\u00e3o, das 21h \u00e0s 2h. Confira a programa\u00e7\u00e3o completa\u00a0<a href=\"https:\/\/www.santos.sp.gov.br\/?q=noticia\/show-principal-do-santos-reveillon-2025-tem-nova-atracao\">neste link<\/a>.<\/p>\n<p>O R\u00e9veillon 2024\/2025 \u00e9 uma realiza\u00e7\u00e3o da Prefeitura de Santos, com apoio do Santos Convention &amp; Visitors Bureau e patroc\u00ednio da Terracom Constru\u00e7\u00f5es.<\/p>\n<p>Leia mais<\/p>\n<p><a href=\"https:\/\/redenoticiaz.com.br\/litoralsp\/2024\/12\/31\/rodoviaria-de-santos-registra-aumento-de-movimento-as-vesperas-do-reveillon\">Rodovi\u00e1ria de Santos registra aumento de movimento \u00e0s v\u00e9speras do r\u00e9veillon<\/a><\/p>\n<p><a href=\"https:\/\/redenoticiaz.com.br\/litoralsp\/2024\/12\/31\/alura-abre-vagas-de-emprego-com-beneficios-e-100-home-office\">Alura abre vagas de emprego com benef\u00edcios e 100% HOME OFFICE<\/a><\/p>\n","protected":false},"excerpt":{"rendered":"<p>Quase tudo pronto para o show pirot\u00e9cnico que vai colorir o c\u00e9u da Orla de Santos por 14 minutos na celebra\u00e7\u00e3o da chegada de 2025. Nesta manh\u00e3 foi realizada vistoria t\u00e9cnica da Prefeitura de Santos nas 10 balsas dos fogos de artif\u00edcio, que est\u00e3o em um estaleiro em Vicente de Carvalho (Guaruj\u00e1). As embarca\u00e7\u00f5es deixar\u00e3o &hellip;<\/p>\n","protected":false},"author":12,"featured_media":119977,"comment_status":"open","ping_status":"closed","sticky":false,"template":"","format":"standard","meta":{"footnotes":""},"categories":[180,775],"tags":[99,57690,986],"class_list":["post-119976","post","type-post","status-publish","format-standard","has-post-thumbnail","hentry","category-santos","category-turismo","tag-ano-novo","tag-balsas","tag-santos"],"yoast_head":"<!-- This site is optimized with the Yoast SEO plugin v27.4 - https:\/\/yoast.com\/product\/yoast-seo-wordpress\/ -->\n<title>Balsas com fogos do R\u00e9veillon de Santos passam por vistoria - Litoral SP<\/title>\n<meta name=\"description\" content=\"Nesta manh\u00e3 foi realizada vistoria t\u00e9cnica da Prefeitura de Santos nas 10 balsas dos fogos de artif\u00edcio, que est\u00e3o em um estaleiro em Vicente de Carvalho (Guaruj\u00e1).\" \/>\n<meta name=\"robots\" content=\"index, follow, max-snippet:-1, max-image-preview:large, max-video-preview:-1\" \/>\n<link rel=\"canonical\" href=\"https:\/\/redenoticiaz.com.br\/litoralsp\/2024\/12\/31\/balsas-com-fogos-do-reveillon-de-santos-passam-por-vistoria\" \/>\n<meta property=\"og:locale\" content=\"pt_BR\" \/>\n<meta property=\"og:type\" content=\"article\" \/>\n<meta property=\"og:title\" content=\"Balsas com fogos do R\u00e9veillon de Santos passam por vistoria - Litoral SP\" \/>\n<meta property=\"og:description\" content=\"Nesta manh\u00e3 foi realizada vistoria t\u00e9cnica da Prefeitura de Santos nas 10 balsas dos fogos de artif\u00edcio, que est\u00e3o em um estaleiro em Vicente de Carvalho (Guaruj\u00e1).\" \/>\n<meta property=\"og:url\" content=\"https:\/\/redenoticiaz.com.br\/litoralsp\/2024\/12\/31\/balsas-com-fogos-do-reveillon-de-santos-passam-por-vistoria\" \/>\n<meta property=\"og:site_name\" content=\"Litoral SP\" \/>\n<meta property=\"article:published_time\" content=\"2024-12-31T21:23:28+00:00\" \/>\n<meta property=\"og:image\" content=\"https:\/\/redenoticiaz.com.br\/litoralsp\/wp-content\/uploads\/sites\/3\/2024\/12\/isabela_carrari_4907.jpg\" \/>\n\t<meta property=\"og:image:width\" content=\"1400\" \/>\n\t<meta property=\"og:image:height\" content=\"933\" \/>\n\t<meta property=\"og:image:type\" content=\"image\/jpeg\" \/>\n<meta name=\"author\" content=\"Gustavo Silva\" \/>\n<meta name=\"twitter:card\" content=\"summary_large_image\" \/>\n<meta name=\"twitter:label1\" content=\"Escrito por\" \/>\n\t<meta name=\"twitter:data1\" content=\"Gustavo Silva\" \/>\n\t<meta name=\"twitter:label2\" content=\"Est. tempo de leitura\" \/>\n\t<meta name=\"twitter:data2\" content=\"2 minutos\" \/>\n<script type=\"application\/ld+json\" class=\"yoast-schema-graph\">{\"@context\":\"https:\\\/\\\/schema.org\",\"@graph\":[{\"@type\":\"Article\",\"@id\":\"https:\\\/\\\/redenoticiaz.com.br\\\/litoralsp\\\/2024\\\/12\\\/31\\\/balsas-com-fogos-do-reveillon-de-santos-passam-por-vistoria#article\",\"isPartOf\":{\"@id\":\"https:\\\/\\\/redenoticiaz.com.br\\\/litoralsp\\\/2024\\\/12\\\/31\\\/balsas-com-fogos-do-reveillon-de-santos-passam-por-vistoria\"},\"author\":{\"name\":\"Gustavo Silva\",\"@id\":\"https:\\\/\\\/redenoticiaz.com.br\\\/litoralsp\\\/#\\\/schema\\\/person\\\/16057b37a3c0ee6b096d7f887c566e2e\"},\"headline\":\"Balsas com fogos do R\u00e9veillon de Santos passam por vistoria\",\"datePublished\":\"2024-12-31T21:23:28+00:00\",\"mainEntityOfPage\":{\"@id\":\"https:\\\/\\\/redenoticiaz.com.br\\\/litoralsp\\\/2024\\\/12\\\/31\\\/balsas-com-fogos-do-reveillon-de-santos-passam-por-vistoria\"},\"wordCount\":310,\"commentCount\":0,\"publisher\":{\"@id\":\"https:\\\/\\\/redenoticiaz.com.br\\\/litoralsp\\\/#organization\"},\"image\":{\"@id\":\"https:\\\/\\\/redenoticiaz.com.br\\\/litoralsp\\\/2024\\\/12\\\/31\\\/balsas-com-fogos-do-reveillon-de-santos-passam-por-vistoria#primaryimage\"},\"thumbnailUrl\":\"https:\\\/\\\/redenoticiaz.com.br\\\/litoralsp\\\/wp-content\\\/uploads\\\/sites\\\/3\\\/2024\\\/12\\\/isabela_carrari_4907.jpg\",\"keywords\":[\"ANO NOVO\",\"balsas\",\"Santos\"],\"articleSection\":[\"Santos\",\"Turismo\"],\"inLanguage\":\"pt-BR\",\"potentialAction\":[{\"@type\":\"CommentAction\",\"name\":\"Comment\",\"target\":[\"https:\\\/\\\/redenoticiaz.com.br\\\/litoralsp\\\/2024\\\/12\\\/31\\\/balsas-com-fogos-do-reveillon-de-santos-passam-por-vistoria#respond\"]}]},{\"@type\":\"WebPage\",\"@id\":\"https:\\\/\\\/redenoticiaz.com.br\\\/litoralsp\\\/2024\\\/12\\\/31\\\/balsas-com-fogos-do-reveillon-de-santos-passam-por-vistoria\",\"url\":\"https:\\\/\\\/redenoticiaz.com.br\\\/litoralsp\\\/2024\\\/12\\\/31\\\/balsas-com-fogos-do-reveillon-de-santos-passam-por-vistoria\",\"name\":\"Balsas com fogos do R\u00e9veillon de Santos passam por vistoria - Litoral SP\",\"isPartOf\":{\"@id\":\"https:\\\/\\\/redenoticiaz.com.br\\\/litoralsp\\\/#website\"},\"primaryImageOfPage\":{\"@id\":\"https:\\\/\\\/redenoticiaz.com.br\\\/litoralsp\\\/2024\\\/12\\\/31\\\/balsas-com-fogos-do-reveillon-de-santos-passam-por-vistoria#primaryimage\"},\"image\":{\"@id\":\"https:\\\/\\\/redenoticiaz.com.br\\\/litoralsp\\\/2024\\\/12\\\/31\\\/balsas-com-fogos-do-reveillon-de-santos-passam-por-vistoria#primaryimage\"},\"thumbnailUrl\":\"https:\\\/\\\/redenoticiaz.com.br\\\/litoralsp\\\/wp-content\\\/uploads\\\/sites\\\/3\\\/2024\\\/12\\\/isabela_carrari_4907.jpg\",\"datePublished\":\"2024-12-31T21:23:28+00:00\",\"description\":\"Nesta manh\u00e3 foi realizada vistoria t\u00e9cnica da Prefeitura de Santos nas 10 balsas dos fogos de artif\u00edcio, que est\u00e3o em um estaleiro em Vicente de Carvalho (Guaruj\u00e1).\",\"inLanguage\":\"pt-BR\",\"potentialAction\":[{\"@type\":\"ReadAction\",\"target\":[\"https:\\\/\\\/redenoticiaz.com.br\\\/litoralsp\\\/2024\\\/12\\\/31\\\/balsas-com-fogos-do-reveillon-de-santos-passam-por-vistoria\"]}]},{\"@type\":\"ImageObject\",\"inLanguage\":\"pt-BR\",\"@id\":\"https:\\\/\\\/redenoticiaz.com.br\\\/litoralsp\\\/2024\\\/12\\\/31\\\/balsas-com-fogos-do-reveillon-de-santos-passam-por-vistoria#primaryimage\",\"url\":\"https:\\\/\\\/redenoticiaz.com.br\\\/litoralsp\\\/wp-content\\\/uploads\\\/sites\\\/3\\\/2024\\\/12\\\/isabela_carrari_4907.jpg\",\"contentUrl\":\"https:\\\/\\\/redenoticiaz.com.br\\\/litoralsp\\\/wp-content\\\/uploads\\\/sites\\\/3\\\/2024\\\/12\\\/isabela_carrari_4907.jpg\",\"width\":1400,\"height\":933},{\"@type\":\"WebSite\",\"@id\":\"https:\\\/\\\/redenoticiaz.com.br\\\/litoralsp\\\/#website\",\"url\":\"https:\\\/\\\/redenoticiaz.com.br\\\/litoralsp\\\/\",\"name\":\"Litoral SP\",\"description\":\"Rede NoticiaZ\",\"publisher\":{\"@id\":\"https:\\\/\\\/redenoticiaz.com.br\\\/litoralsp\\\/#organization\"},\"potentialAction\":[{\"@type\":\"SearchAction\",\"target\":{\"@type\":\"EntryPoint\",\"urlTemplate\":\"https:\\\/\\\/redenoticiaz.com.br\\\/litoralsp\\\/?s={search_term_string}\"},\"query-input\":{\"@type\":\"PropertyValueSpecification\",\"valueRequired\":true,\"valueName\":\"search_term_string\"}}],\"inLanguage\":\"pt-BR\"},{\"@type\":\"Organization\",\"@id\":\"https:\\\/\\\/redenoticiaz.com.br\\\/litoralsp\\\/#organization\",\"name\":\"Litoral SP\",\"url\":\"https:\\\/\\\/redenoticiaz.com.br\\\/litoralsp\\\/\",\"logo\":{\"@type\":\"ImageObject\",\"inLanguage\":\"pt-BR\",\"@id\":\"https:\\\/\\\/redenoticiaz.com.br\\\/litoralsp\\\/#\\\/schema\\\/logo\\\/image\\\/\",\"url\":\"https:\\\/\\\/redenoticiaz.com.br\\\/litoralsp\\\/wp-content\\\/uploads\\\/sites\\\/3\\\/2020\\\/11\\\/logo.jpg\",\"contentUrl\":\"https:\\\/\\\/redenoticiaz.com.br\\\/litoralsp\\\/wp-content\\\/uploads\\\/sites\\\/3\\\/2020\\\/11\\\/logo.jpg\",\"width\":400,\"height\":250,\"caption\":\"Litoral SP\"},\"image\":{\"@id\":\"https:\\\/\\\/redenoticiaz.com.br\\\/litoralsp\\\/#\\\/schema\\\/logo\\\/image\\\/\"}},{\"@type\":\"Person\",\"@id\":\"https:\\\/\\\/redenoticiaz.com.br\\\/litoralsp\\\/#\\\/schema\\\/person\\\/16057b37a3c0ee6b096d7f887c566e2e\",\"name\":\"Gustavo Silva\",\"image\":{\"@type\":\"ImageObject\",\"inLanguage\":\"pt-BR\",\"@id\":\"https:\\\/\\\/secure.gravatar.com\\\/avatar\\\/3ee4e82f93b26de0a7cf4ea5eb7893da637ed6bb0c9170c58065944c56e28a33?s=96&d=mm&r=g\",\"url\":\"https:\\\/\\\/secure.gravatar.com\\\/avatar\\\/3ee4e82f93b26de0a7cf4ea5eb7893da637ed6bb0c9170c58065944c56e28a33?s=96&d=mm&r=g\",\"contentUrl\":\"https:\\\/\\\/secure.gravatar.com\\\/avatar\\\/3ee4e82f93b26de0a7cf4ea5eb7893da637ed6bb0c9170c58065944c56e28a33?s=96&d=mm&r=g\",\"caption\":\"Gustavo Silva\"},\"url\":\"https:\\\/\\\/redenoticiaz.com.br\\\/litoralsp\\\/author\\\/gustavosilva\"}]}<\/script>\n<!-- \/ Yoast SEO plugin. -->","yoast_head_json":{"title":"Balsas com fogos do R\u00e9veillon de Santos passam por vistoria - Litoral SP","description":"Nesta manh\u00e3 foi realizada vistoria t\u00e9cnica da Prefeitura de Santos nas 10 balsas dos fogos de artif\u00edcio, que est\u00e3o em um estaleiro em Vicente de Carvalho (Guaruj\u00e1).","robots":{"index":"index","follow":"follow","max-snippet":"max-snippet:-1","max-image-preview":"max-image-preview:large","max-video-preview":"max-video-preview:-1"},"canonical":"https:\/\/redenoticiaz.com.br\/litoralsp\/2024\/12\/31\/balsas-com-fogos-do-reveillon-de-santos-passam-por-vistoria","og_locale":"pt_BR","og_type":"article","og_title":"Balsas com fogos do R\u00e9veillon de Santos passam por vistoria - Litoral SP","og_description":"Nesta manh\u00e3 foi realizada vistoria t\u00e9cnica da Prefeitura de Santos nas 10 balsas dos fogos de artif\u00edcio, que est\u00e3o em um estaleiro em Vicente de Carvalho (Guaruj\u00e1).","og_url":"https:\/\/redenoticiaz.com.br\/litoralsp\/2024\/12\/31\/balsas-com-fogos-do-reveillon-de-santos-passam-por-vistoria","og_site_name":"Litoral SP","article_published_time":"2024-12-31T21:23:28+00:00","og_image":[{"width":1400,"height":933,"url":"https:\/\/redenoticiaz.com.br\/litoralsp\/wp-content\/uploads\/sites\/3\/2024\/12\/isabela_carrari_4907.jpg","type":"image\/jpeg"}],"author":"Gustavo Silva","twitter_card":"summary_large_image","twitter_misc":{"Escrito por":"Gustavo Silva","Est. tempo de leitura":"2 minutos"},"schema":{"@context":"https:\/\/schema.org","@graph":[{"@type":"Article","@id":"https:\/\/redenoticiaz.com.br\/litoralsp\/2024\/12\/31\/balsas-com-fogos-do-reveillon-de-santos-passam-por-vistoria#article","isPartOf":{"@id":"https:\/\/redenoticiaz.com.br\/litoralsp\/2024\/12\/31\/balsas-com-fogos-do-reveillon-de-santos-passam-por-vistoria"},"author":{"name":"Gustavo Silva","@id":"https:\/\/redenoticiaz.com.br\/litoralsp\/#\/schema\/person\/16057b37a3c0ee6b096d7f887c566e2e"},"headline":"Balsas com fogos do R\u00e9veillon de Santos passam por vistoria","datePublished":"2024-12-31T21:23:28+00:00","mainEntityOfPage":{"@id":"https:\/\/redenoticiaz.com.br\/litoralsp\/2024\/12\/31\/balsas-com-fogos-do-reveillon-de-santos-passam-por-vistoria"},"wordCount":310,"commentCount":0,"publisher":{"@id":"https:\/\/redenoticiaz.com.br\/litoralsp\/#organization"},"image":{"@id":"https:\/\/redenoticiaz.com.br\/litoralsp\/2024\/12\/31\/balsas-com-fogos-do-reveillon-de-santos-passam-por-vistoria#primaryimage"},"thumbnailUrl":"https:\/\/redenoticiaz.com.br\/litoralsp\/wp-content\/uploads\/sites\/3\/2024\/12\/isabela_carrari_4907.jpg","keywords":["ANO NOVO","balsas","Santos"],"articleSection":["Santos","Turismo"],"inLanguage":"pt-BR","potentialAction":[{"@type":"CommentAction","name":"Comment","target":["https:\/\/redenoticiaz.com.br\/litoralsp\/2024\/12\/31\/balsas-com-fogos-do-reveillon-de-santos-passam-por-vistoria#respond"]}]},{"@type":"WebPage","@id":"https:\/\/redenoticiaz.com.br\/litoralsp\/2024\/12\/31\/balsas-com-fogos-do-reveillon-de-santos-passam-por-vistoria","url":"https:\/\/redenoticiaz.com.br\/litoralsp\/2024\/12\/31\/balsas-com-fogos-do-reveillon-de-santos-passam-por-vistoria","name":"Balsas com fogos do R\u00e9veillon de Santos passam por vistoria - Litoral SP","isPartOf":{"@id":"https:\/\/redenoticiaz.com.br\/litoralsp\/#website"},"primaryImageOfPage":{"@id":"https:\/\/redenoticiaz.com.br\/litoralsp\/2024\/12\/31\/balsas-com-fogos-do-reveillon-de-santos-passam-por-vistoria#primaryimage"},"image":{"@id":"https:\/\/redenoticiaz.com.br\/litoralsp\/2024\/12\/31\/balsas-com-fogos-do-reveillon-de-santos-passam-por-vistoria#primaryimage"},"thumbnailUrl":"https:\/\/redenoticiaz.com.br\/litoralsp\/wp-content\/uploads\/sites\/3\/2024\/12\/isabela_carrari_4907.jpg","datePublished":"2024-12-31T21:23:28+00:00","description":"Nesta manh\u00e3 foi realizada vistoria t\u00e9cnica da Prefeitura de Santos nas 10 balsas dos fogos de artif\u00edcio, que est\u00e3o em um estaleiro em Vicente de Carvalho (Guaruj\u00e1).","inLanguage":"pt-BR","potentialAction":[{"@type":"ReadAction","target":["https:\/\/redenoticiaz.com.br\/litoralsp\/2024\/12\/31\/balsas-com-fogos-do-reveillon-de-santos-passam-por-vistoria"]}]},{"@type":"ImageObject","inLanguage":"pt-BR","@id":"https:\/\/redenoticiaz.com.br\/litoralsp\/2024\/12\/31\/balsas-com-fogos-do-reveillon-de-santos-passam-por-vistoria#primaryimage","url":"https:\/\/redenoticiaz.com.br\/litoralsp\/wp-content\/uploads\/sites\/3\/2024\/12\/isabela_carrari_4907.jpg","contentUrl":"https:\/\/redenoticiaz.com.br\/litoralsp\/wp-content\/uploads\/sites\/3\/2024\/12\/isabela_carrari_4907.jpg","width":1400,"height":933},{"@type":"WebSite","@id":"https:\/\/redenoticiaz.com.br\/litoralsp\/#website","url":"https:\/\/redenoticiaz.com.br\/litoralsp\/","name":"Litoral SP","description":"Rede NoticiaZ","publisher":{"@id":"https:\/\/redenoticiaz.com.br\/litoralsp\/#organization"},"potentialAction":[{"@type":"SearchAction","target":{"@type":"EntryPoint","urlTemplate":"https:\/\/redenoticiaz.com.br\/litoralsp\/?s={search_term_string}"},"query-input":{"@type":"PropertyValueSpecification","valueRequired":true,"valueName":"search_term_string"}}],"inLanguage":"pt-BR"},{"@type":"Organization","@id":"https:\/\/redenoticiaz.com.br\/litoralsp\/#organization","name":"Litoral SP","url":"https:\/\/redenoticiaz.com.br\/litoralsp\/","logo":{"@type":"ImageObject","inLanguage":"pt-BR","@id":"https:\/\/redenoticiaz.com.br\/litoralsp\/#\/schema\/logo\/image\/","url":"https:\/\/redenoticiaz.com.br\/litoralsp\/wp-content\/uploads\/sites\/3\/2020\/11\/logo.jpg","contentUrl":"https:\/\/redenoticiaz.com.br\/litoralsp\/wp-content\/uploads\/sites\/3\/2020\/11\/logo.jpg","width":400,"height":250,"caption":"Litoral SP"},"image":{"@id":"https:\/\/redenoticiaz.com.br\/litoralsp\/#\/schema\/logo\/image\/"}},{"@type":"Person","@id":"https:\/\/redenoticiaz.com.br\/litoralsp\/#\/schema\/person\/16057b37a3c0ee6b096d7f887c566e2e","name":"Gustavo Silva","image":{"@type":"ImageObject","inLanguage":"pt-BR","@id":"https:\/\/secure.gravatar.com\/avatar\/3ee4e82f93b26de0a7cf4ea5eb7893da637ed6bb0c9170c58065944c56e28a33?s=96&d=mm&r=g","url":"https:\/\/secure.gravatar.com\/avatar\/3ee4e82f93b26de0a7cf4ea5eb7893da637ed6bb0c9170c58065944c56e28a33?s=96&d=mm&r=g","contentUrl":"https:\/\/secure.gravatar.com\/avatar\/3ee4e82f93b26de0a7cf4ea5eb7893da637ed6bb0c9170c58065944c56e28a33?s=96&d=mm&r=g","caption":"Gustavo Silva"},"url":"https:\/\/redenoticiaz.com.br\/litoralsp\/author\/gustavosilva"}]}},"_links":{"self":[{"href":"https:\/\/redenoticiaz.com.br\/litoralsp\/wp-json\/wp\/v2\/posts\/119976","targetHints":{"allow":["GET"]}}],"collection":[{"href":"https:\/\/redenoticiaz.com.br\/litoralsp\/wp-json\/wp\/v2\/posts"}],"about":[{"href":"https:\/\/redenoticiaz.com.br\/litoralsp\/wp-json\/wp\/v2\/types\/post"}],"author":[{"embeddable":true,"href":"https:\/\/redenoticiaz.com.br\/litoralsp\/wp-json\/wp\/v2\/users\/12"}],"replies":[{"embeddable":true,"href":"https:\/\/redenoticiaz.com.br\/litoralsp\/wp-json\/wp\/v2\/comments?post=119976"}],"version-history":[{"count":1,"href":"https:\/\/redenoticiaz.com.br\/litoralsp\/wp-json\/wp\/v2\/posts\/119976\/revisions"}],"predecessor-version":[{"id":119978,"href":"https:\/\/redenoticiaz.com.br\/litoralsp\/wp-json\/wp\/v2\/posts\/119976\/revisions\/119978"}],"wp:featuredmedia":[{"embeddable":true,"href":"https:\/\/redenoticiaz.com.br\/litoralsp\/wp-json\/wp\/v2\/media\/119977"}],"wp:attachment":[{"href":"https:\/\/redenoticiaz.com.br\/litoralsp\/wp-json\/wp\/v2\/media?parent=119976"}],"wp:term":[{"taxonomy":"category","embeddable":true,"href":"https:\/\/redenoticiaz.com.br\/litoralsp\/wp-json\/wp\/v2\/categories?post=119976"},{"taxonomy":"post_tag","embeddable":true,"href":"https:\/\/redenoticiaz.com.br\/litoralsp\/wp-json\/wp\/v2\/tags?post=119976"}],"curies":[{"name":"wp","href":"https:\/\/api.w.org\/{rel}","templated":true}]}}