{"id":119982,"date":"2024-12-31T18:29:40","date_gmt":"2024-12-31T21:29:40","guid":{"rendered":"https:\/\/redenoticiaz.com.br\/litoralsp\/?p=119982"},"modified":"2024-12-31T18:29:40","modified_gmt":"2024-12-31T21:29:40","slug":"policia-municipal-de-sao-sebastiao-realiza-fiscalizacao-de-embarcacoes","status":"publish","type":"post","link":"https:\/\/redenoticiaz.com.br\/litoralsp\/2024\/12\/31\/policia-municipal-de-sao-sebastiao-realiza-fiscalizacao-de-embarcacoes","title":{"rendered":"Pol\u00edcia Municipal de S\u00e3o Sebasti\u00e3o realiza fiscaliza\u00e7\u00e3o de embarca\u00e7\u00f5es"},"content":{"rendered":"<p>A Pol\u00edcia Municipal de S\u00e3o Sebasti\u00e3o, em colabora\u00e7\u00e3o com a Marinha do Brasil, iniciou nesta segunda-feira (30) a atua\u00e7\u00e3o da Patrulha Mar\u00edtima, com a fiscaliza\u00e7\u00e3o do tr\u00e1fego de embarca\u00e7\u00f5es nas praias do Arrast\u00e3o e Cigarras.<\/p>\n<p>O objetivo \u00e9 garantir a seguran\u00e7a nas \u00e1guas do munic\u00edpio, verificando a regularidade das embarca\u00e7\u00f5es, equipamentos n\u00e1uticos em geral, al\u00e9m do cumprimento das normas de navega\u00e7\u00e3o, visando \u00e0 manuten\u00e7\u00e3o da ordem e \u00e0 preven\u00e7\u00e3o de acidentes.<\/p>\n<p>A fiscaliza\u00e7\u00e3o ser\u00e1 realizada ao longo de diversas praias e durante toda a temporada de ver\u00e3o, de forma preventiva, com o intuito de assegurar a seguran\u00e7a de moradores e turistas que frequentam as praias de S\u00e3o Sebasti\u00e3o.<\/p>\n<p>O patrulhamento aquavi\u00e1rio conta com a atua\u00e7\u00e3o de policiais e embarca\u00e7\u00f5es municipais e est\u00e1 amparado pela Lei Municipal n\u00ba 2.489\/2017, que institui o Plano de Uso e Ocupa\u00e7\u00e3o das Praias, dos Rios Naveg\u00e1veis e Respectivas \u00c1reas Adjacentes.<\/p>\n<p>A legisla\u00e7\u00e3o prev\u00ea a ordena\u00e7\u00e3o do uso das \u00e1reas para diversos tipos de entretenimento aqu\u00e1tico, tanto comercial quanto n\u00e3o comercial, al\u00e9m de regular as manobras de embarca\u00e7\u00f5es, locais de ancoragem e os procedimentos de lan\u00e7amento e recolhimento de embarca\u00e7\u00f5es.<\/p>\n<p>A lei tamb\u00e9m normatiza a regulamenta\u00e7\u00e3o dessas \u00e1reas, a promo\u00e7\u00e3o de campanhas educativas sobre a seguran\u00e7a do tr\u00e1fego aquavi\u00e1rio, a salvaguarda da vida humana e a implementa\u00e7\u00e3o de um projeto de sinaliza\u00e7\u00e3o n\u00e1utica para as praias e rios naveg\u00e1veis, com o aux\u00edlio da Marinha do Brasil.<\/p>\n<p>Leia mais<\/p>\n<p><a href=\"https:\/\/redenoticiaz.com.br\/litoralsp\/2024\/12\/31\/guaruja-tera-interdicoes-e-alteracoes-de-transito-para-a-virada-do-ano\">Guaruj\u00e1 ter\u00e1 interdi\u00e7\u00f5es e altera\u00e7\u00f5es de tr\u00e2nsito para a Virada do Ano<\/a><\/p>\n<p><a href=\"https:\/\/redenoticiaz.com.br\/litoralsp\/2024\/12\/31\/balsas-com-fogos-do-reveillon-de-santos-passam-por-vistoria\">Balsas com fogos do R\u00e9veillon de Santos passam por vistoria<\/a><\/p>\n","protected":false},"excerpt":{"rendered":"<p>A Pol\u00edcia Municipal de S\u00e3o Sebasti\u00e3o, em colabora\u00e7\u00e3o com a Marinha do Brasil, iniciou nesta segunda-feira (30) a atua\u00e7\u00e3o da Patrulha Mar\u00edtima, com a fiscaliza\u00e7\u00e3o do tr\u00e1fego de embarca\u00e7\u00f5es nas praias do Arrast\u00e3o e Cigarras. O objetivo \u00e9 garantir a seguran\u00e7a nas \u00e1guas do munic\u00edpio, verificando a regularidade das embarca\u00e7\u00f5es, equipamentos n\u00e1uticos em geral, al\u00e9m &hellip;<\/p>\n","protected":false},"author":12,"featured_media":119983,"comment_status":"open","ping_status":"closed","sticky":false,"template":"","format":"standard","meta":{"footnotes":""},"categories":[10,188],"tags":[1452,23143,3707],"class_list":["post-119982","post","type-post","status-publish","format-standard","has-post-thumbnail","hentry","category-policia","category-sao-sebastiao","tag-fiscalizacao","tag-policia-2","tag-sao-sebastiao"],"yoast_head":"<!-- This site is optimized with the Yoast SEO plugin v27.4 - https:\/\/yoast.com\/product\/yoast-seo-wordpress\/ -->\n<title>Pol\u00edcia Municipal de S\u00e3o Sebasti\u00e3o realiza fiscaliza\u00e7\u00e3o de embarca\u00e7\u00f5es - Litoral SP<\/title>\n<meta name=\"description\" content=\"A Pol\u00edcia Municipal de S\u00e3o Sebasti\u00e3o, em colabora\u00e7\u00e3o com a Marinha do Brasil, iniciou nesta segunda-feira (30) a atua\u00e7\u00e3o da Patrulha Mar\u00edtima, com a fiscaliza\u00e7\u00e3o do tr\u00e1fego de embarca\u00e7\u00f5es nas praias do Arrast\u00e3o e Cigarras.\u00a0\" \/>\n<meta name=\"robots\" content=\"index, follow, max-snippet:-1, max-image-preview:large, max-video-preview:-1\" \/>\n<link rel=\"canonical\" href=\"https:\/\/redenoticiaz.com.br\/litoralsp\/2024\/12\/31\/policia-municipal-de-sao-sebastiao-realiza-fiscalizacao-de-embarcacoes\" \/>\n<meta property=\"og:locale\" content=\"pt_BR\" \/>\n<meta property=\"og:type\" content=\"article\" \/>\n<meta property=\"og:title\" content=\"Pol\u00edcia Municipal de S\u00e3o Sebasti\u00e3o realiza fiscaliza\u00e7\u00e3o de embarca\u00e7\u00f5es - Litoral SP\" \/>\n<meta property=\"og:description\" content=\"A Pol\u00edcia Municipal de S\u00e3o Sebasti\u00e3o, em colabora\u00e7\u00e3o com a Marinha do Brasil, iniciou nesta segunda-feira (30) a atua\u00e7\u00e3o da Patrulha Mar\u00edtima, com a fiscaliza\u00e7\u00e3o do tr\u00e1fego de embarca\u00e7\u00f5es nas praias do Arrast\u00e3o e Cigarras.\u00a0\" \/>\n<meta property=\"og:url\" content=\"https:\/\/redenoticiaz.com.br\/litoralsp\/2024\/12\/31\/policia-municipal-de-sao-sebastiao-realiza-fiscalizacao-de-embarcacoes\" \/>\n<meta property=\"og:site_name\" content=\"Litoral SP\" \/>\n<meta property=\"article:published_time\" content=\"2024-12-31T21:29:40+00:00\" \/>\n<meta property=\"og:image\" content=\"https:\/\/redenoticiaz.com.br\/litoralsp\/wp-content\/uploads\/sites\/3\/2024\/12\/Captura-de-tela_31-12-2024_182836_www.saosebastiao.sp_.gov_.br_.jpeg\" \/>\n\t<meta property=\"og:image:width\" content=\"796\" \/>\n\t<meta property=\"og:image:height\" content=\"502\" \/>\n\t<meta property=\"og:image:type\" content=\"image\/jpeg\" \/>\n<meta name=\"author\" content=\"Gustavo Silva\" \/>\n<meta name=\"twitter:card\" content=\"summary_large_image\" \/>\n<meta name=\"twitter:label1\" content=\"Escrito por\" \/>\n\t<meta name=\"twitter:data1\" content=\"Gustavo Silva\" \/>\n\t<meta name=\"twitter:label2\" content=\"Est. tempo de leitura\" \/>\n\t<meta name=\"twitter:data2\" content=\"2 minutos\" \/>\n<script type=\"application\/ld+json\" class=\"yoast-schema-graph\">{\"@context\":\"https:\\\/\\\/schema.org\",\"@graph\":[{\"@type\":\"Article\",\"@id\":\"https:\\\/\\\/redenoticiaz.com.br\\\/litoralsp\\\/2024\\\/12\\\/31\\\/policia-municipal-de-sao-sebastiao-realiza-fiscalizacao-de-embarcacoes#article\",\"isPartOf\":{\"@id\":\"https:\\\/\\\/redenoticiaz.com.br\\\/litoralsp\\\/2024\\\/12\\\/31\\\/policia-municipal-de-sao-sebastiao-realiza-fiscalizacao-de-embarcacoes\"},\"author\":{\"name\":\"Gustavo Silva\",\"@id\":\"https:\\\/\\\/redenoticiaz.com.br\\\/litoralsp\\\/#\\\/schema\\\/person\\\/16057b37a3c0ee6b096d7f887c566e2e\"},\"headline\":\"Pol\u00edcia Municipal de S\u00e3o Sebasti\u00e3o realiza fiscaliza\u00e7\u00e3o de embarca\u00e7\u00f5es\",\"datePublished\":\"2024-12-31T21:29:40+00:00\",\"mainEntityOfPage\":{\"@id\":\"https:\\\/\\\/redenoticiaz.com.br\\\/litoralsp\\\/2024\\\/12\\\/31\\\/policia-municipal-de-sao-sebastiao-realiza-fiscalizacao-de-embarcacoes\"},\"wordCount\":314,\"commentCount\":0,\"publisher\":{\"@id\":\"https:\\\/\\\/redenoticiaz.com.br\\\/litoralsp\\\/#organization\"},\"image\":{\"@id\":\"https:\\\/\\\/redenoticiaz.com.br\\\/litoralsp\\\/2024\\\/12\\\/31\\\/policia-municipal-de-sao-sebastiao-realiza-fiscalizacao-de-embarcacoes#primaryimage\"},\"thumbnailUrl\":\"https:\\\/\\\/redenoticiaz.com.br\\\/litoralsp\\\/wp-content\\\/uploads\\\/sites\\\/3\\\/2024\\\/12\\\/Captura-de-tela_31-12-2024_182836_www.saosebastiao.sp_.gov_.br_.jpeg\",\"keywords\":[\"FISCALIZA\u00c7\u00c3O\",\"POL\u00cdCIA\",\"S\u00c3O SEBASTI\u00c3O\"],\"articleSection\":[\"Pol\u00edcia\",\"S\u00e3o Sebasti\u00e3o\"],\"inLanguage\":\"pt-BR\",\"potentialAction\":[{\"@type\":\"CommentAction\",\"name\":\"Comment\",\"target\":[\"https:\\\/\\\/redenoticiaz.com.br\\\/litoralsp\\\/2024\\\/12\\\/31\\\/policia-municipal-de-sao-sebastiao-realiza-fiscalizacao-de-embarcacoes#respond\"]}]},{\"@type\":\"WebPage\",\"@id\":\"https:\\\/\\\/redenoticiaz.com.br\\\/litoralsp\\\/2024\\\/12\\\/31\\\/policia-municipal-de-sao-sebastiao-realiza-fiscalizacao-de-embarcacoes\",\"url\":\"https:\\\/\\\/redenoticiaz.com.br\\\/litoralsp\\\/2024\\\/12\\\/31\\\/policia-municipal-de-sao-sebastiao-realiza-fiscalizacao-de-embarcacoes\",\"name\":\"Pol\u00edcia Municipal de S\u00e3o Sebasti\u00e3o realiza fiscaliza\u00e7\u00e3o de embarca\u00e7\u00f5es - Litoral SP\",\"isPartOf\":{\"@id\":\"https:\\\/\\\/redenoticiaz.com.br\\\/litoralsp\\\/#website\"},\"primaryImageOfPage\":{\"@id\":\"https:\\\/\\\/redenoticiaz.com.br\\\/litoralsp\\\/2024\\\/12\\\/31\\\/policia-municipal-de-sao-sebastiao-realiza-fiscalizacao-de-embarcacoes#primaryimage\"},\"image\":{\"@id\":\"https:\\\/\\\/redenoticiaz.com.br\\\/litoralsp\\\/2024\\\/12\\\/31\\\/policia-municipal-de-sao-sebastiao-realiza-fiscalizacao-de-embarcacoes#primaryimage\"},\"thumbnailUrl\":\"https:\\\/\\\/redenoticiaz.com.br\\\/litoralsp\\\/wp-content\\\/uploads\\\/sites\\\/3\\\/2024\\\/12\\\/Captura-de-tela_31-12-2024_182836_www.saosebastiao.sp_.gov_.br_.jpeg\",\"datePublished\":\"2024-12-31T21:29:40+00:00\",\"description\":\"A Pol\u00edcia Municipal de S\u00e3o Sebasti\u00e3o, em colabora\u00e7\u00e3o com a Marinha do Brasil, iniciou nesta segunda-feira (30) a atua\u00e7\u00e3o da Patrulha Mar\u00edtima, com a fiscaliza\u00e7\u00e3o do tr\u00e1fego de embarca\u00e7\u00f5es nas praias do Arrast\u00e3o e Cigarras.\u00a0\",\"inLanguage\":\"pt-BR\",\"potentialAction\":[{\"@type\":\"ReadAction\",\"target\":[\"https:\\\/\\\/redenoticiaz.com.br\\\/litoralsp\\\/2024\\\/12\\\/31\\\/policia-municipal-de-sao-sebastiao-realiza-fiscalizacao-de-embarcacoes\"]}]},{\"@type\":\"ImageObject\",\"inLanguage\":\"pt-BR\",\"@id\":\"https:\\\/\\\/redenoticiaz.com.br\\\/litoralsp\\\/2024\\\/12\\\/31\\\/policia-municipal-de-sao-sebastiao-realiza-fiscalizacao-de-embarcacoes#primaryimage\",\"url\":\"https:\\\/\\\/redenoticiaz.com.br\\\/litoralsp\\\/wp-content\\\/uploads\\\/sites\\\/3\\\/2024\\\/12\\\/Captura-de-tela_31-12-2024_182836_www.saosebastiao.sp_.gov_.br_.jpeg\",\"contentUrl\":\"https:\\\/\\\/redenoticiaz.com.br\\\/litoralsp\\\/wp-content\\\/uploads\\\/sites\\\/3\\\/2024\\\/12\\\/Captura-de-tela_31-12-2024_182836_www.saosebastiao.sp_.gov_.br_.jpeg\",\"width\":796,\"height\":502},{\"@type\":\"WebSite\",\"@id\":\"https:\\\/\\\/redenoticiaz.com.br\\\/litoralsp\\\/#website\",\"url\":\"https:\\\/\\\/redenoticiaz.com.br\\\/litoralsp\\\/\",\"name\":\"Litoral SP\",\"description\":\"Rede NoticiaZ\",\"publisher\":{\"@id\":\"https:\\\/\\\/redenoticiaz.com.br\\\/litoralsp\\\/#organization\"},\"potentialAction\":[{\"@type\":\"SearchAction\",\"target\":{\"@type\":\"EntryPoint\",\"urlTemplate\":\"https:\\\/\\\/redenoticiaz.com.br\\\/litoralsp\\\/?s={search_term_string}\"},\"query-input\":{\"@type\":\"PropertyValueSpecification\",\"valueRequired\":true,\"valueName\":\"search_term_string\"}}],\"inLanguage\":\"pt-BR\"},{\"@type\":\"Organization\",\"@id\":\"https:\\\/\\\/redenoticiaz.com.br\\\/litoralsp\\\/#organization\",\"name\":\"Litoral SP\",\"url\":\"https:\\\/\\\/redenoticiaz.com.br\\\/litoralsp\\\/\",\"logo\":{\"@type\":\"ImageObject\",\"inLanguage\":\"pt-BR\",\"@id\":\"https:\\\/\\\/redenoticiaz.com.br\\\/litoralsp\\\/#\\\/schema\\\/logo\\\/image\\\/\",\"url\":\"https:\\\/\\\/redenoticiaz.com.br\\\/litoralsp\\\/wp-content\\\/uploads\\\/sites\\\/3\\\/2020\\\/11\\\/logo.jpg\",\"contentUrl\":\"https:\\\/\\\/redenoticiaz.com.br\\\/litoralsp\\\/wp-content\\\/uploads\\\/sites\\\/3\\\/2020\\\/11\\\/logo.jpg\",\"width\":400,\"height\":250,\"caption\":\"Litoral SP\"},\"image\":{\"@id\":\"https:\\\/\\\/redenoticiaz.com.br\\\/litoralsp\\\/#\\\/schema\\\/logo\\\/image\\\/\"}},{\"@type\":\"Person\",\"@id\":\"https:\\\/\\\/redenoticiaz.com.br\\\/litoralsp\\\/#\\\/schema\\\/person\\\/16057b37a3c0ee6b096d7f887c566e2e\",\"name\":\"Gustavo Silva\",\"image\":{\"@type\":\"ImageObject\",\"inLanguage\":\"pt-BR\",\"@id\":\"https:\\\/\\\/secure.gravatar.com\\\/avatar\\\/3ee4e82f93b26de0a7cf4ea5eb7893da637ed6bb0c9170c58065944c56e28a33?s=96&d=mm&r=g\",\"url\":\"https:\\\/\\\/secure.gravatar.com\\\/avatar\\\/3ee4e82f93b26de0a7cf4ea5eb7893da637ed6bb0c9170c58065944c56e28a33?s=96&d=mm&r=g\",\"contentUrl\":\"https:\\\/\\\/secure.gravatar.com\\\/avatar\\\/3ee4e82f93b26de0a7cf4ea5eb7893da637ed6bb0c9170c58065944c56e28a33?s=96&d=mm&r=g\",\"caption\":\"Gustavo Silva\"},\"url\":\"https:\\\/\\\/redenoticiaz.com.br\\\/litoralsp\\\/author\\\/gustavosilva\"}]}<\/script>\n<!-- \/ Yoast SEO plugin. -->","yoast_head_json":{"title":"Pol\u00edcia Municipal de S\u00e3o Sebasti\u00e3o realiza fiscaliza\u00e7\u00e3o de embarca\u00e7\u00f5es - Litoral SP","description":"A Pol\u00edcia Municipal de S\u00e3o Sebasti\u00e3o, em colabora\u00e7\u00e3o com a Marinha do Brasil, iniciou nesta segunda-feira (30) a atua\u00e7\u00e3o da Patrulha Mar\u00edtima, com a fiscaliza\u00e7\u00e3o do tr\u00e1fego de embarca\u00e7\u00f5es nas praias do Arrast\u00e3o e Cigarras.\u00a0","robots":{"index":"index","follow":"follow","max-snippet":"max-snippet:-1","max-image-preview":"max-image-preview:large","max-video-preview":"max-video-preview:-1"},"canonical":"https:\/\/redenoticiaz.com.br\/litoralsp\/2024\/12\/31\/policia-municipal-de-sao-sebastiao-realiza-fiscalizacao-de-embarcacoes","og_locale":"pt_BR","og_type":"article","og_title":"Pol\u00edcia Municipal de S\u00e3o Sebasti\u00e3o realiza fiscaliza\u00e7\u00e3o de embarca\u00e7\u00f5es - Litoral SP","og_description":"A Pol\u00edcia Municipal de S\u00e3o Sebasti\u00e3o, em colabora\u00e7\u00e3o com a Marinha do Brasil, iniciou nesta segunda-feira (30) a atua\u00e7\u00e3o da Patrulha Mar\u00edtima, com a fiscaliza\u00e7\u00e3o do tr\u00e1fego de embarca\u00e7\u00f5es nas praias do Arrast\u00e3o e Cigarras.\u00a0","og_url":"https:\/\/redenoticiaz.com.br\/litoralsp\/2024\/12\/31\/policia-municipal-de-sao-sebastiao-realiza-fiscalizacao-de-embarcacoes","og_site_name":"Litoral SP","article_published_time":"2024-12-31T21:29:40+00:00","og_image":[{"width":796,"height":502,"url":"https:\/\/redenoticiaz.com.br\/litoralsp\/wp-content\/uploads\/sites\/3\/2024\/12\/Captura-de-tela_31-12-2024_182836_www.saosebastiao.sp_.gov_.br_.jpeg","type":"image\/jpeg"}],"author":"Gustavo Silva","twitter_card":"summary_large_image","twitter_misc":{"Escrito por":"Gustavo Silva","Est. tempo de leitura":"2 minutos"},"schema":{"@context":"https:\/\/schema.org","@graph":[{"@type":"Article","@id":"https:\/\/redenoticiaz.com.br\/litoralsp\/2024\/12\/31\/policia-municipal-de-sao-sebastiao-realiza-fiscalizacao-de-embarcacoes#article","isPartOf":{"@id":"https:\/\/redenoticiaz.com.br\/litoralsp\/2024\/12\/31\/policia-municipal-de-sao-sebastiao-realiza-fiscalizacao-de-embarcacoes"},"author":{"name":"Gustavo Silva","@id":"https:\/\/redenoticiaz.com.br\/litoralsp\/#\/schema\/person\/16057b37a3c0ee6b096d7f887c566e2e"},"headline":"Pol\u00edcia Municipal de S\u00e3o Sebasti\u00e3o realiza fiscaliza\u00e7\u00e3o de embarca\u00e7\u00f5es","datePublished":"2024-12-31T21:29:40+00:00","mainEntityOfPage":{"@id":"https:\/\/redenoticiaz.com.br\/litoralsp\/2024\/12\/31\/policia-municipal-de-sao-sebastiao-realiza-fiscalizacao-de-embarcacoes"},"wordCount":314,"commentCount":0,"publisher":{"@id":"https:\/\/redenoticiaz.com.br\/litoralsp\/#organization"},"image":{"@id":"https:\/\/redenoticiaz.com.br\/litoralsp\/2024\/12\/31\/policia-municipal-de-sao-sebastiao-realiza-fiscalizacao-de-embarcacoes#primaryimage"},"thumbnailUrl":"https:\/\/redenoticiaz.com.br\/litoralsp\/wp-content\/uploads\/sites\/3\/2024\/12\/Captura-de-tela_31-12-2024_182836_www.saosebastiao.sp_.gov_.br_.jpeg","keywords":["FISCALIZA\u00c7\u00c3O","POL\u00cdCIA","S\u00c3O SEBASTI\u00c3O"],"articleSection":["Pol\u00edcia","S\u00e3o Sebasti\u00e3o"],"inLanguage":"pt-BR","potentialAction":[{"@type":"CommentAction","name":"Comment","target":["https:\/\/redenoticiaz.com.br\/litoralsp\/2024\/12\/31\/policia-municipal-de-sao-sebastiao-realiza-fiscalizacao-de-embarcacoes#respond"]}]},{"@type":"WebPage","@id":"https:\/\/redenoticiaz.com.br\/litoralsp\/2024\/12\/31\/policia-municipal-de-sao-sebastiao-realiza-fiscalizacao-de-embarcacoes","url":"https:\/\/redenoticiaz.com.br\/litoralsp\/2024\/12\/31\/policia-municipal-de-sao-sebastiao-realiza-fiscalizacao-de-embarcacoes","name":"Pol\u00edcia Municipal de S\u00e3o Sebasti\u00e3o realiza fiscaliza\u00e7\u00e3o de embarca\u00e7\u00f5es - Litoral SP","isPartOf":{"@id":"https:\/\/redenoticiaz.com.br\/litoralsp\/#website"},"primaryImageOfPage":{"@id":"https:\/\/redenoticiaz.com.br\/litoralsp\/2024\/12\/31\/policia-municipal-de-sao-sebastiao-realiza-fiscalizacao-de-embarcacoes#primaryimage"},"image":{"@id":"https:\/\/redenoticiaz.com.br\/litoralsp\/2024\/12\/31\/policia-municipal-de-sao-sebastiao-realiza-fiscalizacao-de-embarcacoes#primaryimage"},"thumbnailUrl":"https:\/\/redenoticiaz.com.br\/litoralsp\/wp-content\/uploads\/sites\/3\/2024\/12\/Captura-de-tela_31-12-2024_182836_www.saosebastiao.sp_.gov_.br_.jpeg","datePublished":"2024-12-31T21:29:40+00:00","description":"A Pol\u00edcia Municipal de S\u00e3o Sebasti\u00e3o, em colabora\u00e7\u00e3o com a Marinha do Brasil, iniciou nesta segunda-feira (30) a atua\u00e7\u00e3o da Patrulha Mar\u00edtima, com a fiscaliza\u00e7\u00e3o do tr\u00e1fego de embarca\u00e7\u00f5es nas praias do Arrast\u00e3o e Cigarras.\u00a0","inLanguage":"pt-BR","potentialAction":[{"@type":"ReadAction","target":["https:\/\/redenoticiaz.com.br\/litoralsp\/2024\/12\/31\/policia-municipal-de-sao-sebastiao-realiza-fiscalizacao-de-embarcacoes"]}]},{"@type":"ImageObject","inLanguage":"pt-BR","@id":"https:\/\/redenoticiaz.com.br\/litoralsp\/2024\/12\/31\/policia-municipal-de-sao-sebastiao-realiza-fiscalizacao-de-embarcacoes#primaryimage","url":"https:\/\/redenoticiaz.com.br\/litoralsp\/wp-content\/uploads\/sites\/3\/2024\/12\/Captura-de-tela_31-12-2024_182836_www.saosebastiao.sp_.gov_.br_.jpeg","contentUrl":"https:\/\/redenoticiaz.com.br\/litoralsp\/wp-content\/uploads\/sites\/3\/2024\/12\/Captura-de-tela_31-12-2024_182836_www.saosebastiao.sp_.gov_.br_.jpeg","width":796,"height":502},{"@type":"WebSite","@id":"https:\/\/redenoticiaz.com.br\/litoralsp\/#website","url":"https:\/\/redenoticiaz.com.br\/litoralsp\/","name":"Litoral SP","description":"Rede NoticiaZ","publisher":{"@id":"https:\/\/redenoticiaz.com.br\/litoralsp\/#organization"},"potentialAction":[{"@type":"SearchAction","target":{"@type":"EntryPoint","urlTemplate":"https:\/\/redenoticiaz.com.br\/litoralsp\/?s={search_term_string}"},"query-input":{"@type":"PropertyValueSpecification","valueRequired":true,"valueName":"search_term_string"}}],"inLanguage":"pt-BR"},{"@type":"Organization","@id":"https:\/\/redenoticiaz.com.br\/litoralsp\/#organization","name":"Litoral SP","url":"https:\/\/redenoticiaz.com.br\/litoralsp\/","logo":{"@type":"ImageObject","inLanguage":"pt-BR","@id":"https:\/\/redenoticiaz.com.br\/litoralsp\/#\/schema\/logo\/image\/","url":"https:\/\/redenoticiaz.com.br\/litoralsp\/wp-content\/uploads\/sites\/3\/2020\/11\/logo.jpg","contentUrl":"https:\/\/redenoticiaz.com.br\/litoralsp\/wp-content\/uploads\/sites\/3\/2020\/11\/logo.jpg","width":400,"height":250,"caption":"Litoral SP"},"image":{"@id":"https:\/\/redenoticiaz.com.br\/litoralsp\/#\/schema\/logo\/image\/"}},{"@type":"Person","@id":"https:\/\/redenoticiaz.com.br\/litoralsp\/#\/schema\/person\/16057b37a3c0ee6b096d7f887c566e2e","name":"Gustavo Silva","image":{"@type":"ImageObject","inLanguage":"pt-BR","@id":"https:\/\/secure.gravatar.com\/avatar\/3ee4e82f93b26de0a7cf4ea5eb7893da637ed6bb0c9170c58065944c56e28a33?s=96&d=mm&r=g","url":"https:\/\/secure.gravatar.com\/avatar\/3ee4e82f93b26de0a7cf4ea5eb7893da637ed6bb0c9170c58065944c56e28a33?s=96&d=mm&r=g","contentUrl":"https:\/\/secure.gravatar.com\/avatar\/3ee4e82f93b26de0a7cf4ea5eb7893da637ed6bb0c9170c58065944c56e28a33?s=96&d=mm&r=g","caption":"Gustavo Silva"},"url":"https:\/\/redenoticiaz.com.br\/litoralsp\/author\/gustavosilva"}]}},"_links":{"self":[{"href":"https:\/\/redenoticiaz.com.br\/litoralsp\/wp-json\/wp\/v2\/posts\/119982","targetHints":{"allow":["GET"]}}],"collection":[{"href":"https:\/\/redenoticiaz.com.br\/litoralsp\/wp-json\/wp\/v2\/posts"}],"about":[{"href":"https:\/\/redenoticiaz.com.br\/litoralsp\/wp-json\/wp\/v2\/types\/post"}],"author":[{"embeddable":true,"href":"https:\/\/redenoticiaz.com.br\/litoralsp\/wp-json\/wp\/v2\/users\/12"}],"replies":[{"embeddable":true,"href":"https:\/\/redenoticiaz.com.br\/litoralsp\/wp-json\/wp\/v2\/comments?post=119982"}],"version-history":[{"count":1,"href":"https:\/\/redenoticiaz.com.br\/litoralsp\/wp-json\/wp\/v2\/posts\/119982\/revisions"}],"predecessor-version":[{"id":119984,"href":"https:\/\/redenoticiaz.com.br\/litoralsp\/wp-json\/wp\/v2\/posts\/119982\/revisions\/119984"}],"wp:featuredmedia":[{"embeddable":true,"href":"https:\/\/redenoticiaz.com.br\/litoralsp\/wp-json\/wp\/v2\/media\/119983"}],"wp:attachment":[{"href":"https:\/\/redenoticiaz.com.br\/litoralsp\/wp-json\/wp\/v2\/media?parent=119982"}],"wp:term":[{"taxonomy":"category","embeddable":true,"href":"https:\/\/redenoticiaz.com.br\/litoralsp\/wp-json\/wp\/v2\/categories?post=119982"},{"taxonomy":"post_tag","embeddable":true,"href":"https:\/\/redenoticiaz.com.br\/litoralsp\/wp-json\/wp\/v2\/tags?post=119982"}],"curies":[{"name":"wp","href":"https:\/\/api.w.org\/{rel}","templated":true}]}}