{"id":120008,"date":"2025-01-02T19:00:31","date_gmt":"2025-01-02T22:00:31","guid":{"rendered":"https:\/\/redenoticiaz.com.br\/litoralsp\/?p=120008"},"modified":"2025-01-02T16:31:11","modified_gmt":"2025-01-02T19:31:11","slug":"encenacao-da-vila-de-sao-vicente-2025-tera-novo-formato","status":"publish","type":"post","link":"https:\/\/redenoticiaz.com.br\/litoralsp\/2025\/01\/02\/encenacao-da-vila-de-sao-vicente-2025-tera-novo-formato","title":{"rendered":"Encena\u00e7\u00e3o da Vila de S\u00e3o Vicente 2025 ter\u00e1 novo formato"},"content":{"rendered":"<p>A Prefeitura de S\u00e3o Vicente anuncia a 42\u00aa edi\u00e7\u00e3o da Encena\u00e7\u00e3o da Funda\u00e7\u00e3o da Vila de S\u00e3o Vicente. Realizado entre 19 e 22 de janeiro, o espet\u00e1culo com cerca de uma hora de dura\u00e7\u00e3o reunir\u00e1, na Nova Orla do Gonzaguinha (Pra\u00e7a Tom Jobim), elementos que mant\u00eam viva a hist\u00f3ria e as origens da Primeira Cidade do Brasil.<\/p>\n<p>Intitulado como \u2018Encena\u00e7\u00e3o 2025 &#8211; Voc\u00ea \u00e9 a Hist\u00f3ria de S\u00e3o Vicente\u2019, o espet\u00e1culo promete trazer o vicentino e o turista para \u2018dentro dos bastidores\u2019, isso porque, como grande novidade, a 42\u00aa edi\u00e7\u00e3o ter\u00e1 uma \u00e1rea imersiva para que o p\u00fablico possa ter acesso ao figurino, contato com artistas e demais acervos relacionados \u00e0 origem de S\u00e3o Vicente. Al\u00e9m disso, haver\u00e1 lanchonete para o p\u00fablico e \u00e1rea coberta para todos os espectadores. Vale ressaltar que, a exemplo da edi\u00e7\u00e3o 2024, a estrutura contar\u00e1 com todo aparato necess\u00e1rio para pessoas com defici\u00eancia.<\/p>\n<p>Al\u00e9m da pe\u00e7a teatral, o evento ter\u00e1 apresenta\u00e7\u00e3o da escola de samba Sangue Jovem, que, no Carnaval, homenagear\u00e1 a Primeira Cidade do Brasil com o samba-enredo \u2018Gohay\u00f3 &#8211; \u00e0 Cellula Mater &#8211; A Raiz de uma Na\u00e7\u00e3o\u2019. De forma especial, os espectadores poder\u00e3o, ao final da apresenta\u00e7\u00e3o, descer das arquibancadas para interagir com os protagonistas.<\/p>\n<p>O diretor da 42\u00aa Encena\u00e7\u00e3o da Funda\u00e7\u00e3o da Vila de S\u00e3o Vicente, Jos\u00e9 Luiz Morais &#8211; conhecido como Luigi, detalha a proposta dessa edi\u00e7\u00e3o. &#8220;Queremos modernizar a Encena\u00e7\u00e3o, transformando-a em uma experi\u00eancia imersiva e completa, na qual o p\u00fablico n\u00e3o apenas assiste, mas vive a hist\u00f3ria de forma interativa, criando mem\u00f3rias \u00fanicas e aprofundando sua conex\u00e3o com a narrativa hist\u00f3rica da cidade de S\u00e3o Vicente&#8221;.<\/p>\n<p>Sem custos para o Munic\u00edpio, a 42\u00aa Encena\u00e7\u00e3o da Funda\u00e7\u00e3o da Vila de S\u00e3o Vicente \u00e9 uma realiza\u00e7\u00e3o da Prefeitura de S\u00e3o Vicente e do Instituto Adesaf e conta com apoio da Secretaria de Turismo do Estado de S\u00e3o Paulo e da Associa\u00e7\u00e3o Paulista Amigos da Arte (APAA), recursos destinados pelo deputado estadual Caio Fran\u00e7a e patroc\u00ednio da Sabesp.<\/p>\n<p>&#8220;Estou muito feliz e empolgado com esse novo formato da Encena\u00e7\u00e3o, como nunca vista antes. Todo mundo em \u00e1rea coberta, evento muito mais interativo e muito animado. Tenho certeza que todo mundo vai gostar&#8221;, destaca o Prefeito Kayo Amado.<\/p>\n<p>Hist\u00f3rico- O espet\u00e1culo reproduz, por meio de diversos elementos e diferentes narrativas, a chegada de Martim Afonso \u00e0 Vila de S\u00e3o Vicente em 1532.<\/p>\n<p>Ingressos- Os pontos de troca para aquisi\u00e7\u00e3o dos ingressos ser\u00e3o divulgados em breve nas m\u00eddias sociais da Prefeitura de S\u00e3o Vicente.<\/p>\n<p><strong>Leia mais<\/strong><\/p>\n<p><a href=\"https:\/\/redenoticiaz.com.br\/litoralsp\/2024\/12\/31\/balsas-com-fogos-do-reveillon-de-santos-passam-por-vistoria\">Balsas com fogos do R\u00e9veillon de Santos passam por vistoria<\/a><\/p>\n<p><a href=\"https:\/\/redenoticiaz.com.br\/litoralsp\/2025\/01\/02\/video-surubao-com-80-homens-em-praia-durante-ano-novo-viraliza-nas-redes-sociais\">V\u00cdDEO \u2013 Surub\u00e3o com 80 homens em praia durante ano novo viraliza nas redes sociais<\/a><\/p>\n","protected":false},"excerpt":{"rendered":"<p>A Prefeitura de S\u00e3o Vicente anuncia a 42\u00aa edi\u00e7\u00e3o da Encena\u00e7\u00e3o da Funda\u00e7\u00e3o da Vila de S\u00e3o Vicente. Realizado entre 19 e 22 de janeiro, o espet\u00e1culo com cerca de uma hora de dura\u00e7\u00e3o reunir\u00e1, na Nova Orla do Gonzaguinha (Pra\u00e7a Tom Jobim), elementos que mant\u00eam viva a hist\u00f3ria e as origens da Primeira Cidade &hellip;<\/p>\n","protected":false},"author":12,"featured_media":120009,"comment_status":"open","ping_status":"closed","sticky":false,"template":"","format":"standard","meta":{"footnotes":""},"categories":[169,2001,181,775],"tags":[58375,69089,33],"class_list":["post-120008","post","type-post","status-publish","format-standard","has-post-thumbnail","hentry","category-cultura","category-cultura-e-musica","category-sao-vicente","category-turismo","tag-orla-do-gonzaguinha","tag-praca-tom-jobim","tag-sao-vicente"],"yoast_head":"<!-- This site is optimized with the Yoast SEO plugin v27.5 - https:\/\/yoast.com\/product\/yoast-seo-wordpress\/ -->\n<title>Encena\u00e7\u00e3o da Vila de S\u00e3o Vicente 2025 ter\u00e1 novo formato - Litoral SP<\/title>\n<meta name=\"description\" content=\"Vale ressaltar que, a exemplo da edi\u00e7\u00e3o 2024, a estrutura contar\u00e1 com todo aparato necess\u00e1rio para pessoas com defici\u00eancia.\" \/>\n<meta name=\"robots\" content=\"index, follow, max-snippet:-1, max-image-preview:large, max-video-preview:-1\" \/>\n<link rel=\"canonical\" href=\"https:\/\/redenoticiaz.com.br\/litoralsp\/2025\/01\/02\/encenacao-da-vila-de-sao-vicente-2025-tera-novo-formato\" \/>\n<meta property=\"og:locale\" content=\"pt_BR\" \/>\n<meta property=\"og:type\" content=\"article\" \/>\n<meta property=\"og:title\" content=\"Encena\u00e7\u00e3o da Vila de S\u00e3o Vicente 2025 ter\u00e1 novo formato - Litoral SP\" \/>\n<meta property=\"og:description\" content=\"Vale ressaltar que, a exemplo da edi\u00e7\u00e3o 2024, a estrutura contar\u00e1 com todo aparato necess\u00e1rio para pessoas com defici\u00eancia.\" \/>\n<meta property=\"og:url\" content=\"https:\/\/redenoticiaz.com.br\/litoralsp\/2025\/01\/02\/encenacao-da-vila-de-sao-vicente-2025-tera-novo-formato\" \/>\n<meta property=\"og:site_name\" content=\"Litoral SP\" \/>\n<meta property=\"article:published_time\" content=\"2025-01-02T22:00:31+00:00\" \/>\n<meta property=\"og:image\" content=\"https:\/\/redenoticiaz.com.br\/litoralsp\/wp-content\/uploads\/sites\/3\/2025\/01\/image.jpg\" \/>\n\t<meta property=\"og:image:width\" content=\"1280\" \/>\n\t<meta property=\"og:image:height\" content=\"853\" \/>\n\t<meta property=\"og:image:type\" content=\"image\/jpeg\" \/>\n<meta name=\"author\" content=\"Gustavo Silva\" \/>\n<meta name=\"twitter:card\" content=\"summary_large_image\" \/>\n<meta name=\"twitter:label1\" content=\"Escrito por\" \/>\n\t<meta name=\"twitter:data1\" content=\"Gustavo Silva\" \/>\n\t<meta name=\"twitter:label2\" content=\"Est. tempo de leitura\" \/>\n\t<meta name=\"twitter:data2\" content=\"3 minutos\" \/>\n<script type=\"application\/ld+json\" class=\"yoast-schema-graph\">{\"@context\":\"https:\\\/\\\/schema.org\",\"@graph\":[{\"@type\":\"Article\",\"@id\":\"https:\\\/\\\/redenoticiaz.com.br\\\/litoralsp\\\/2025\\\/01\\\/02\\\/encenacao-da-vila-de-sao-vicente-2025-tera-novo-formato#article\",\"isPartOf\":{\"@id\":\"https:\\\/\\\/redenoticiaz.com.br\\\/litoralsp\\\/2025\\\/01\\\/02\\\/encenacao-da-vila-de-sao-vicente-2025-tera-novo-formato\"},\"author\":{\"name\":\"Gustavo Silva\",\"@id\":\"https:\\\/\\\/redenoticiaz.com.br\\\/litoralsp\\\/#\\\/schema\\\/person\\\/16057b37a3c0ee6b096d7f887c566e2e\"},\"headline\":\"Encena\u00e7\u00e3o da Vila de S\u00e3o Vicente 2025 ter\u00e1 novo formato\",\"datePublished\":\"2025-01-02T22:00:31+00:00\",\"mainEntityOfPage\":{\"@id\":\"https:\\\/\\\/redenoticiaz.com.br\\\/litoralsp\\\/2025\\\/01\\\/02\\\/encenacao-da-vila-de-sao-vicente-2025-tera-novo-formato\"},\"wordCount\":495,\"commentCount\":0,\"publisher\":{\"@id\":\"https:\\\/\\\/redenoticiaz.com.br\\\/litoralsp\\\/#organization\"},\"image\":{\"@id\":\"https:\\\/\\\/redenoticiaz.com.br\\\/litoralsp\\\/2025\\\/01\\\/02\\\/encenacao-da-vila-de-sao-vicente-2025-tera-novo-formato#primaryimage\"},\"thumbnailUrl\":\"https:\\\/\\\/redenoticiaz.com.br\\\/litoralsp\\\/wp-content\\\/uploads\\\/sites\\\/3\\\/2025\\\/01\\\/image.jpg\",\"keywords\":[\"Orla do Gonzaguinha\",\"Pra\u00e7a Tom Jobim\",\"S\u00e3o Vicente\"],\"articleSection\":[\"Cultura\",\"Cultura e M\u00fasica\",\"S\u00e3o Vicente\",\"Turismo\"],\"inLanguage\":\"pt-BR\",\"potentialAction\":[{\"@type\":\"CommentAction\",\"name\":\"Comment\",\"target\":[\"https:\\\/\\\/redenoticiaz.com.br\\\/litoralsp\\\/2025\\\/01\\\/02\\\/encenacao-da-vila-de-sao-vicente-2025-tera-novo-formato#respond\"]}]},{\"@type\":\"WebPage\",\"@id\":\"https:\\\/\\\/redenoticiaz.com.br\\\/litoralsp\\\/2025\\\/01\\\/02\\\/encenacao-da-vila-de-sao-vicente-2025-tera-novo-formato\",\"url\":\"https:\\\/\\\/redenoticiaz.com.br\\\/litoralsp\\\/2025\\\/01\\\/02\\\/encenacao-da-vila-de-sao-vicente-2025-tera-novo-formato\",\"name\":\"Encena\u00e7\u00e3o da Vila de S\u00e3o Vicente 2025 ter\u00e1 novo formato - Litoral SP\",\"isPartOf\":{\"@id\":\"https:\\\/\\\/redenoticiaz.com.br\\\/litoralsp\\\/#website\"},\"primaryImageOfPage\":{\"@id\":\"https:\\\/\\\/redenoticiaz.com.br\\\/litoralsp\\\/2025\\\/01\\\/02\\\/encenacao-da-vila-de-sao-vicente-2025-tera-novo-formato#primaryimage\"},\"image\":{\"@id\":\"https:\\\/\\\/redenoticiaz.com.br\\\/litoralsp\\\/2025\\\/01\\\/02\\\/encenacao-da-vila-de-sao-vicente-2025-tera-novo-formato#primaryimage\"},\"thumbnailUrl\":\"https:\\\/\\\/redenoticiaz.com.br\\\/litoralsp\\\/wp-content\\\/uploads\\\/sites\\\/3\\\/2025\\\/01\\\/image.jpg\",\"datePublished\":\"2025-01-02T22:00:31+00:00\",\"description\":\"Vale ressaltar que, a exemplo da edi\u00e7\u00e3o 2024, a estrutura contar\u00e1 com todo aparato necess\u00e1rio para pessoas com defici\u00eancia.\",\"inLanguage\":\"pt-BR\",\"potentialAction\":[{\"@type\":\"ReadAction\",\"target\":[\"https:\\\/\\\/redenoticiaz.com.br\\\/litoralsp\\\/2025\\\/01\\\/02\\\/encenacao-da-vila-de-sao-vicente-2025-tera-novo-formato\"]}]},{\"@type\":\"ImageObject\",\"inLanguage\":\"pt-BR\",\"@id\":\"https:\\\/\\\/redenoticiaz.com.br\\\/litoralsp\\\/2025\\\/01\\\/02\\\/encenacao-da-vila-de-sao-vicente-2025-tera-novo-formato#primaryimage\",\"url\":\"https:\\\/\\\/redenoticiaz.com.br\\\/litoralsp\\\/wp-content\\\/uploads\\\/sites\\\/3\\\/2025\\\/01\\\/image.jpg\",\"contentUrl\":\"https:\\\/\\\/redenoticiaz.com.br\\\/litoralsp\\\/wp-content\\\/uploads\\\/sites\\\/3\\\/2025\\\/01\\\/image.jpg\",\"width\":1280,\"height\":853},{\"@type\":\"WebSite\",\"@id\":\"https:\\\/\\\/redenoticiaz.com.br\\\/litoralsp\\\/#website\",\"url\":\"https:\\\/\\\/redenoticiaz.com.br\\\/litoralsp\\\/\",\"name\":\"Litoral SP\",\"description\":\"Rede NoticiaZ\",\"publisher\":{\"@id\":\"https:\\\/\\\/redenoticiaz.com.br\\\/litoralsp\\\/#organization\"},\"potentialAction\":[{\"@type\":\"SearchAction\",\"target\":{\"@type\":\"EntryPoint\",\"urlTemplate\":\"https:\\\/\\\/redenoticiaz.com.br\\\/litoralsp\\\/?s={search_term_string}\"},\"query-input\":{\"@type\":\"PropertyValueSpecification\",\"valueRequired\":true,\"valueName\":\"search_term_string\"}}],\"inLanguage\":\"pt-BR\"},{\"@type\":\"Organization\",\"@id\":\"https:\\\/\\\/redenoticiaz.com.br\\\/litoralsp\\\/#organization\",\"name\":\"Litoral SP\",\"url\":\"https:\\\/\\\/redenoticiaz.com.br\\\/litoralsp\\\/\",\"logo\":{\"@type\":\"ImageObject\",\"inLanguage\":\"pt-BR\",\"@id\":\"https:\\\/\\\/redenoticiaz.com.br\\\/litoralsp\\\/#\\\/schema\\\/logo\\\/image\\\/\",\"url\":\"https:\\\/\\\/redenoticiaz.com.br\\\/litoralsp\\\/wp-content\\\/uploads\\\/sites\\\/3\\\/2020\\\/11\\\/logo.jpg\",\"contentUrl\":\"https:\\\/\\\/redenoticiaz.com.br\\\/litoralsp\\\/wp-content\\\/uploads\\\/sites\\\/3\\\/2020\\\/11\\\/logo.jpg\",\"width\":400,\"height\":250,\"caption\":\"Litoral SP\"},\"image\":{\"@id\":\"https:\\\/\\\/redenoticiaz.com.br\\\/litoralsp\\\/#\\\/schema\\\/logo\\\/image\\\/\"}},{\"@type\":\"Person\",\"@id\":\"https:\\\/\\\/redenoticiaz.com.br\\\/litoralsp\\\/#\\\/schema\\\/person\\\/16057b37a3c0ee6b096d7f887c566e2e\",\"name\":\"Gustavo Silva\",\"image\":{\"@type\":\"ImageObject\",\"inLanguage\":\"pt-BR\",\"@id\":\"https:\\\/\\\/secure.gravatar.com\\\/avatar\\\/3ee4e82f93b26de0a7cf4ea5eb7893da637ed6bb0c9170c58065944c56e28a33?s=96&d=mm&r=g\",\"url\":\"https:\\\/\\\/secure.gravatar.com\\\/avatar\\\/3ee4e82f93b26de0a7cf4ea5eb7893da637ed6bb0c9170c58065944c56e28a33?s=96&d=mm&r=g\",\"contentUrl\":\"https:\\\/\\\/secure.gravatar.com\\\/avatar\\\/3ee4e82f93b26de0a7cf4ea5eb7893da637ed6bb0c9170c58065944c56e28a33?s=96&d=mm&r=g\",\"caption\":\"Gustavo Silva\"},\"url\":\"https:\\\/\\\/redenoticiaz.com.br\\\/litoralsp\\\/author\\\/gustavosilva\"}]}<\/script>\n<!-- \/ Yoast SEO plugin. -->","yoast_head_json":{"title":"Encena\u00e7\u00e3o da Vila de S\u00e3o Vicente 2025 ter\u00e1 novo formato - Litoral SP","description":"Vale ressaltar que, a exemplo da edi\u00e7\u00e3o 2024, a estrutura contar\u00e1 com todo aparato necess\u00e1rio para pessoas com defici\u00eancia.","robots":{"index":"index","follow":"follow","max-snippet":"max-snippet:-1","max-image-preview":"max-image-preview:large","max-video-preview":"max-video-preview:-1"},"canonical":"https:\/\/redenoticiaz.com.br\/litoralsp\/2025\/01\/02\/encenacao-da-vila-de-sao-vicente-2025-tera-novo-formato","og_locale":"pt_BR","og_type":"article","og_title":"Encena\u00e7\u00e3o da Vila de S\u00e3o Vicente 2025 ter\u00e1 novo formato - Litoral SP","og_description":"Vale ressaltar que, a exemplo da edi\u00e7\u00e3o 2024, a estrutura contar\u00e1 com todo aparato necess\u00e1rio para pessoas com defici\u00eancia.","og_url":"https:\/\/redenoticiaz.com.br\/litoralsp\/2025\/01\/02\/encenacao-da-vila-de-sao-vicente-2025-tera-novo-formato","og_site_name":"Litoral SP","article_published_time":"2025-01-02T22:00:31+00:00","og_image":[{"width":1280,"height":853,"url":"https:\/\/redenoticiaz.com.br\/litoralsp\/wp-content\/uploads\/sites\/3\/2025\/01\/image.jpg","type":"image\/jpeg"}],"author":"Gustavo Silva","twitter_card":"summary_large_image","twitter_misc":{"Escrito por":"Gustavo Silva","Est. tempo de leitura":"3 minutos"},"schema":{"@context":"https:\/\/schema.org","@graph":[{"@type":"Article","@id":"https:\/\/redenoticiaz.com.br\/litoralsp\/2025\/01\/02\/encenacao-da-vila-de-sao-vicente-2025-tera-novo-formato#article","isPartOf":{"@id":"https:\/\/redenoticiaz.com.br\/litoralsp\/2025\/01\/02\/encenacao-da-vila-de-sao-vicente-2025-tera-novo-formato"},"author":{"name":"Gustavo Silva","@id":"https:\/\/redenoticiaz.com.br\/litoralsp\/#\/schema\/person\/16057b37a3c0ee6b096d7f887c566e2e"},"headline":"Encena\u00e7\u00e3o da Vila de S\u00e3o Vicente 2025 ter\u00e1 novo formato","datePublished":"2025-01-02T22:00:31+00:00","mainEntityOfPage":{"@id":"https:\/\/redenoticiaz.com.br\/litoralsp\/2025\/01\/02\/encenacao-da-vila-de-sao-vicente-2025-tera-novo-formato"},"wordCount":495,"commentCount":0,"publisher":{"@id":"https:\/\/redenoticiaz.com.br\/litoralsp\/#organization"},"image":{"@id":"https:\/\/redenoticiaz.com.br\/litoralsp\/2025\/01\/02\/encenacao-da-vila-de-sao-vicente-2025-tera-novo-formato#primaryimage"},"thumbnailUrl":"https:\/\/redenoticiaz.com.br\/litoralsp\/wp-content\/uploads\/sites\/3\/2025\/01\/image.jpg","keywords":["Orla do Gonzaguinha","Pra\u00e7a Tom Jobim","S\u00e3o Vicente"],"articleSection":["Cultura","Cultura e M\u00fasica","S\u00e3o Vicente","Turismo"],"inLanguage":"pt-BR","potentialAction":[{"@type":"CommentAction","name":"Comment","target":["https:\/\/redenoticiaz.com.br\/litoralsp\/2025\/01\/02\/encenacao-da-vila-de-sao-vicente-2025-tera-novo-formato#respond"]}]},{"@type":"WebPage","@id":"https:\/\/redenoticiaz.com.br\/litoralsp\/2025\/01\/02\/encenacao-da-vila-de-sao-vicente-2025-tera-novo-formato","url":"https:\/\/redenoticiaz.com.br\/litoralsp\/2025\/01\/02\/encenacao-da-vila-de-sao-vicente-2025-tera-novo-formato","name":"Encena\u00e7\u00e3o da Vila de S\u00e3o Vicente 2025 ter\u00e1 novo formato - Litoral SP","isPartOf":{"@id":"https:\/\/redenoticiaz.com.br\/litoralsp\/#website"},"primaryImageOfPage":{"@id":"https:\/\/redenoticiaz.com.br\/litoralsp\/2025\/01\/02\/encenacao-da-vila-de-sao-vicente-2025-tera-novo-formato#primaryimage"},"image":{"@id":"https:\/\/redenoticiaz.com.br\/litoralsp\/2025\/01\/02\/encenacao-da-vila-de-sao-vicente-2025-tera-novo-formato#primaryimage"},"thumbnailUrl":"https:\/\/redenoticiaz.com.br\/litoralsp\/wp-content\/uploads\/sites\/3\/2025\/01\/image.jpg","datePublished":"2025-01-02T22:00:31+00:00","description":"Vale ressaltar que, a exemplo da edi\u00e7\u00e3o 2024, a estrutura contar\u00e1 com todo aparato necess\u00e1rio para pessoas com defici\u00eancia.","inLanguage":"pt-BR","potentialAction":[{"@type":"ReadAction","target":["https:\/\/redenoticiaz.com.br\/litoralsp\/2025\/01\/02\/encenacao-da-vila-de-sao-vicente-2025-tera-novo-formato"]}]},{"@type":"ImageObject","inLanguage":"pt-BR","@id":"https:\/\/redenoticiaz.com.br\/litoralsp\/2025\/01\/02\/encenacao-da-vila-de-sao-vicente-2025-tera-novo-formato#primaryimage","url":"https:\/\/redenoticiaz.com.br\/litoralsp\/wp-content\/uploads\/sites\/3\/2025\/01\/image.jpg","contentUrl":"https:\/\/redenoticiaz.com.br\/litoralsp\/wp-content\/uploads\/sites\/3\/2025\/01\/image.jpg","width":1280,"height":853},{"@type":"WebSite","@id":"https:\/\/redenoticiaz.com.br\/litoralsp\/#website","url":"https:\/\/redenoticiaz.com.br\/litoralsp\/","name":"Litoral SP","description":"Rede NoticiaZ","publisher":{"@id":"https:\/\/redenoticiaz.com.br\/litoralsp\/#organization"},"potentialAction":[{"@type":"SearchAction","target":{"@type":"EntryPoint","urlTemplate":"https:\/\/redenoticiaz.com.br\/litoralsp\/?s={search_term_string}"},"query-input":{"@type":"PropertyValueSpecification","valueRequired":true,"valueName":"search_term_string"}}],"inLanguage":"pt-BR"},{"@type":"Organization","@id":"https:\/\/redenoticiaz.com.br\/litoralsp\/#organization","name":"Litoral SP","url":"https:\/\/redenoticiaz.com.br\/litoralsp\/","logo":{"@type":"ImageObject","inLanguage":"pt-BR","@id":"https:\/\/redenoticiaz.com.br\/litoralsp\/#\/schema\/logo\/image\/","url":"https:\/\/redenoticiaz.com.br\/litoralsp\/wp-content\/uploads\/sites\/3\/2020\/11\/logo.jpg","contentUrl":"https:\/\/redenoticiaz.com.br\/litoralsp\/wp-content\/uploads\/sites\/3\/2020\/11\/logo.jpg","width":400,"height":250,"caption":"Litoral SP"},"image":{"@id":"https:\/\/redenoticiaz.com.br\/litoralsp\/#\/schema\/logo\/image\/"}},{"@type":"Person","@id":"https:\/\/redenoticiaz.com.br\/litoralsp\/#\/schema\/person\/16057b37a3c0ee6b096d7f887c566e2e","name":"Gustavo Silva","image":{"@type":"ImageObject","inLanguage":"pt-BR","@id":"https:\/\/secure.gravatar.com\/avatar\/3ee4e82f93b26de0a7cf4ea5eb7893da637ed6bb0c9170c58065944c56e28a33?s=96&d=mm&r=g","url":"https:\/\/secure.gravatar.com\/avatar\/3ee4e82f93b26de0a7cf4ea5eb7893da637ed6bb0c9170c58065944c56e28a33?s=96&d=mm&r=g","contentUrl":"https:\/\/secure.gravatar.com\/avatar\/3ee4e82f93b26de0a7cf4ea5eb7893da637ed6bb0c9170c58065944c56e28a33?s=96&d=mm&r=g","caption":"Gustavo Silva"},"url":"https:\/\/redenoticiaz.com.br\/litoralsp\/author\/gustavosilva"}]}},"_links":{"self":[{"href":"https:\/\/redenoticiaz.com.br\/litoralsp\/wp-json\/wp\/v2\/posts\/120008","targetHints":{"allow":["GET"]}}],"collection":[{"href":"https:\/\/redenoticiaz.com.br\/litoralsp\/wp-json\/wp\/v2\/posts"}],"about":[{"href":"https:\/\/redenoticiaz.com.br\/litoralsp\/wp-json\/wp\/v2\/types\/post"}],"author":[{"embeddable":true,"href":"https:\/\/redenoticiaz.com.br\/litoralsp\/wp-json\/wp\/v2\/users\/12"}],"replies":[{"embeddable":true,"href":"https:\/\/redenoticiaz.com.br\/litoralsp\/wp-json\/wp\/v2\/comments?post=120008"}],"version-history":[{"count":1,"href":"https:\/\/redenoticiaz.com.br\/litoralsp\/wp-json\/wp\/v2\/posts\/120008\/revisions"}],"predecessor-version":[{"id":120010,"href":"https:\/\/redenoticiaz.com.br\/litoralsp\/wp-json\/wp\/v2\/posts\/120008\/revisions\/120010"}],"wp:featuredmedia":[{"embeddable":true,"href":"https:\/\/redenoticiaz.com.br\/litoralsp\/wp-json\/wp\/v2\/media\/120009"}],"wp:attachment":[{"href":"https:\/\/redenoticiaz.com.br\/litoralsp\/wp-json\/wp\/v2\/media?parent=120008"}],"wp:term":[{"taxonomy":"category","embeddable":true,"href":"https:\/\/redenoticiaz.com.br\/litoralsp\/wp-json\/wp\/v2\/categories?post=120008"},{"taxonomy":"post_tag","embeddable":true,"href":"https:\/\/redenoticiaz.com.br\/litoralsp\/wp-json\/wp\/v2\/tags?post=120008"}],"curies":[{"name":"wp","href":"https:\/\/api.w.org\/{rel}","templated":true}]}}