{"id":120023,"date":"2025-01-03T18:30:41","date_gmt":"2025-01-03T21:30:41","guid":{"rendered":"https:\/\/redenoticiaz.com.br\/litoralsp\/?p=120023"},"modified":"2025-01-03T15:28:19","modified_gmt":"2025-01-03T18:28:19","slug":"guarda-civil-de-santos-prende-homem-em-flagrante-por-agressao-a-companheira-e-ao-filho","status":"publish","type":"post","link":"https:\/\/redenoticiaz.com.br\/litoralsp\/2025\/01\/03\/guarda-civil-de-santos-prende-homem-em-flagrante-por-agressao-a-companheira-e-ao-filho","title":{"rendered":"Guarda Civil de Santos prende homem em flagrante por agress\u00e3o \u00e0 companheira e ao filho"},"content":{"rendered":"<p>Uma r\u00e1pida e eficiente a\u00e7\u00e3o da Guarda Civil Municipal de Santos (GCM) resultou na pris\u00e3o em flagrante de um homem acusado de agredir sua companheira, uma jovem de 18 anos, na tarde da \u00faltima quarta-feira (2). O caso ocorreu na Pra\u00e7a dos Expedicion\u00e1rios (Gonzaga).<\/p>\n<p>A equipe composta pelo subinspetor S\u00e9rgio L\u00facio e pelo GCM Anderson Pinheiro foi abordada por um cidad\u00e3o que testemunhou a agress\u00e3o. O homem teria sido visto socando a companheira, que carregava no colo o filho de ambos, um beb\u00ea de dois meses.<\/p>\n<p>Imediatamente, os guardas civis municipais localizaram o agressor e o detiveram. Tanto o agressor quanto a v\u00edtima foram encaminhados \u00e0 Delegacia da Mulher de Santos, onde foi registrado boletim de ocorr\u00eancia por crime de viol\u00eancia dom\u00e9stica (Lei Maria da Penha) e vias de fato. O agressor foi preso em flagrante.<\/p>\n<h4 id=\"menu1\">DEN\u00daNCIAS<\/h4>\n<p>A Guarda Civil Municipal de Santos refor\u00e7a a import\u00e2ncia da den\u00fancia de casos de viol\u00eancia dom\u00e9stica. Ao testemunhar uma situa\u00e7\u00e3o de agress\u00e3o, a popula\u00e7\u00e3o deve procurar imediatamente as autoridades policiais ou a GCM, atrav\u00e9s do n\u00famero 153.<\/p>\n<p><strong>Leia mais<\/strong><\/p>\n<p><a href=\"https:\/\/redenoticiaz.com.br\/litoralsp\/2025\/01\/02\/desenvolvimento-sustentavel-e-efetividade-da-gestao-sao-temas-de-reuniao-do-novo-secretariado-de-santos\">Desenvolvimento sustent\u00e1vel e efetividade da gest\u00e3o s\u00e3o temas de reuni\u00e3o do novo secretariado de Santos<\/a><\/p>\n<p><a href=\"https:\/\/redenoticiaz.com.br\/litoralsp\/2025\/01\/02\/encenacao-da-vila-de-sao-vicente-2025-tera-novo-formato\">Encena\u00e7\u00e3o da Vila de S\u00e3o Vicente 2025 ter\u00e1 novo formato<\/a><\/p>\n<p><a href=\"https:\/\/redenoticiaz.com.br\/litoralsp\/2025\/01\/02\/passageiros-de-cruzeiro-assistem-queima-de-fogos-pela-1a-vez-em-santos\">Passageiros de cruzeiro assistem queima de fogos pela 1\u00aa vez em Santos<\/a><\/p>\n","protected":false},"excerpt":{"rendered":"<p>Uma r\u00e1pida e eficiente a\u00e7\u00e3o da Guarda Civil Municipal de Santos (GCM) resultou na pris\u00e3o em flagrante de um homem acusado de agredir sua companheira, uma jovem de 18 anos, na tarde da \u00faltima quarta-feira (2). O caso ocorreu na Pra\u00e7a dos Expedicion\u00e1rios (Gonzaga). A equipe composta pelo subinspetor S\u00e9rgio L\u00facio e pelo GCM Anderson &hellip;<\/p>\n","protected":false},"author":12,"featured_media":120024,"comment_status":"open","ping_status":"closed","sticky":false,"template":"","format":"standard","meta":{"footnotes":""},"categories":[10,180],"tags":[69092,9470,69093],"class_list":["post-120023","post","type-post","status-publish","format-standard","has-post-thumbnail","hentry","category-policia","category-santos","tag-gcm-anderson-pinheiro","tag-gonzaga","tag-sergio-lucio"],"yoast_head":"<!-- This site is optimized with the Yoast SEO plugin v27.5 - https:\/\/yoast.com\/product\/yoast-seo-wordpress\/ -->\n<title>Guarda Civil de Santos prende homem em flagrante por agress\u00e3o \u00e0 companheira e ao filho - Litoral SP<\/title>\n<meta name=\"description\" content=\"O homem teria sido visto socando a companheira, que carregava no colo o filho de ambos, um beb\u00ea de dois meses.\" \/>\n<meta name=\"robots\" content=\"index, follow, max-snippet:-1, max-image-preview:large, max-video-preview:-1\" \/>\n<link rel=\"canonical\" href=\"https:\/\/redenoticiaz.com.br\/litoralsp\/2025\/01\/03\/guarda-civil-de-santos-prende-homem-em-flagrante-por-agressao-a-companheira-e-ao-filho\" \/>\n<meta property=\"og:locale\" content=\"pt_BR\" \/>\n<meta property=\"og:type\" content=\"article\" \/>\n<meta property=\"og:title\" content=\"Guarda Civil de Santos prende homem em flagrante por agress\u00e3o \u00e0 companheira e ao filho - Litoral SP\" \/>\n<meta property=\"og:description\" content=\"O homem teria sido visto socando a companheira, que carregava no colo o filho de ambos, um beb\u00ea de dois meses.\" \/>\n<meta property=\"og:url\" content=\"https:\/\/redenoticiaz.com.br\/litoralsp\/2025\/01\/03\/guarda-civil-de-santos-prende-homem-em-flagrante-por-agressao-a-companheira-e-ao-filho\" \/>\n<meta property=\"og:site_name\" content=\"Litoral SP\" \/>\n<meta property=\"article:published_time\" content=\"2025-01-03T21:30:41+00:00\" \/>\n<meta property=\"og:image\" content=\"https:\/\/redenoticiaz.com.br\/litoralsp\/wp-content\/uploads\/sites\/3\/2025\/01\/whatsapp_image_2025-01-02_at_15.42.50.jpg\" \/>\n\t<meta property=\"og:image:width\" content=\"927\" \/>\n\t<meta property=\"og:image:height\" content=\"579\" \/>\n\t<meta property=\"og:image:type\" content=\"image\/jpeg\" \/>\n<meta name=\"author\" content=\"Gustavo Silva\" \/>\n<meta name=\"twitter:card\" content=\"summary_large_image\" \/>\n<meta name=\"twitter:label1\" content=\"Escrito por\" \/>\n\t<meta name=\"twitter:data1\" content=\"Gustavo Silva\" \/>\n\t<meta name=\"twitter:label2\" content=\"Est. tempo de leitura\" \/>\n\t<meta name=\"twitter:data2\" content=\"2 minutos\" \/>\n<script type=\"application\/ld+json\" class=\"yoast-schema-graph\">{\"@context\":\"https:\\\/\\\/schema.org\",\"@graph\":[{\"@type\":\"Article\",\"@id\":\"https:\\\/\\\/redenoticiaz.com.br\\\/litoralsp\\\/2025\\\/01\\\/03\\\/guarda-civil-de-santos-prende-homem-em-flagrante-por-agressao-a-companheira-e-ao-filho#article\",\"isPartOf\":{\"@id\":\"https:\\\/\\\/redenoticiaz.com.br\\\/litoralsp\\\/2025\\\/01\\\/03\\\/guarda-civil-de-santos-prende-homem-em-flagrante-por-agressao-a-companheira-e-ao-filho\"},\"author\":{\"name\":\"Gustavo Silva\",\"@id\":\"https:\\\/\\\/redenoticiaz.com.br\\\/litoralsp\\\/#\\\/schema\\\/person\\\/16057b37a3c0ee6b096d7f887c566e2e\"},\"headline\":\"Guarda Civil de Santos prende homem em flagrante por agress\u00e3o \u00e0 companheira e ao filho\",\"datePublished\":\"2025-01-03T21:30:41+00:00\",\"mainEntityOfPage\":{\"@id\":\"https:\\\/\\\/redenoticiaz.com.br\\\/litoralsp\\\/2025\\\/01\\\/03\\\/guarda-civil-de-santos-prende-homem-em-flagrante-por-agressao-a-companheira-e-ao-filho\"},\"wordCount\":252,\"commentCount\":0,\"publisher\":{\"@id\":\"https:\\\/\\\/redenoticiaz.com.br\\\/litoralsp\\\/#organization\"},\"image\":{\"@id\":\"https:\\\/\\\/redenoticiaz.com.br\\\/litoralsp\\\/2025\\\/01\\\/03\\\/guarda-civil-de-santos-prende-homem-em-flagrante-por-agressao-a-companheira-e-ao-filho#primaryimage\"},\"thumbnailUrl\":\"https:\\\/\\\/redenoticiaz.com.br\\\/litoralsp\\\/wp-content\\\/uploads\\\/sites\\\/3\\\/2025\\\/01\\\/whatsapp_image_2025-01-02_at_15.42.50.jpg\",\"keywords\":[\"GCM Anderson Pinheiro\",\"GONZAGA\",\"S\u00e9rgio L\u00facio\"],\"articleSection\":[\"Pol\u00edcia\",\"Santos\"],\"inLanguage\":\"pt-BR\",\"potentialAction\":[{\"@type\":\"CommentAction\",\"name\":\"Comment\",\"target\":[\"https:\\\/\\\/redenoticiaz.com.br\\\/litoralsp\\\/2025\\\/01\\\/03\\\/guarda-civil-de-santos-prende-homem-em-flagrante-por-agressao-a-companheira-e-ao-filho#respond\"]}]},{\"@type\":\"WebPage\",\"@id\":\"https:\\\/\\\/redenoticiaz.com.br\\\/litoralsp\\\/2025\\\/01\\\/03\\\/guarda-civil-de-santos-prende-homem-em-flagrante-por-agressao-a-companheira-e-ao-filho\",\"url\":\"https:\\\/\\\/redenoticiaz.com.br\\\/litoralsp\\\/2025\\\/01\\\/03\\\/guarda-civil-de-santos-prende-homem-em-flagrante-por-agressao-a-companheira-e-ao-filho\",\"name\":\"Guarda Civil de Santos prende homem em flagrante por agress\u00e3o \u00e0 companheira e ao filho - Litoral SP\",\"isPartOf\":{\"@id\":\"https:\\\/\\\/redenoticiaz.com.br\\\/litoralsp\\\/#website\"},\"primaryImageOfPage\":{\"@id\":\"https:\\\/\\\/redenoticiaz.com.br\\\/litoralsp\\\/2025\\\/01\\\/03\\\/guarda-civil-de-santos-prende-homem-em-flagrante-por-agressao-a-companheira-e-ao-filho#primaryimage\"},\"image\":{\"@id\":\"https:\\\/\\\/redenoticiaz.com.br\\\/litoralsp\\\/2025\\\/01\\\/03\\\/guarda-civil-de-santos-prende-homem-em-flagrante-por-agressao-a-companheira-e-ao-filho#primaryimage\"},\"thumbnailUrl\":\"https:\\\/\\\/redenoticiaz.com.br\\\/litoralsp\\\/wp-content\\\/uploads\\\/sites\\\/3\\\/2025\\\/01\\\/whatsapp_image_2025-01-02_at_15.42.50.jpg\",\"datePublished\":\"2025-01-03T21:30:41+00:00\",\"description\":\"O homem teria sido visto socando a companheira, que carregava no colo o filho de ambos, um beb\u00ea de dois meses.\",\"inLanguage\":\"pt-BR\",\"potentialAction\":[{\"@type\":\"ReadAction\",\"target\":[\"https:\\\/\\\/redenoticiaz.com.br\\\/litoralsp\\\/2025\\\/01\\\/03\\\/guarda-civil-de-santos-prende-homem-em-flagrante-por-agressao-a-companheira-e-ao-filho\"]}]},{\"@type\":\"ImageObject\",\"inLanguage\":\"pt-BR\",\"@id\":\"https:\\\/\\\/redenoticiaz.com.br\\\/litoralsp\\\/2025\\\/01\\\/03\\\/guarda-civil-de-santos-prende-homem-em-flagrante-por-agressao-a-companheira-e-ao-filho#primaryimage\",\"url\":\"https:\\\/\\\/redenoticiaz.com.br\\\/litoralsp\\\/wp-content\\\/uploads\\\/sites\\\/3\\\/2025\\\/01\\\/whatsapp_image_2025-01-02_at_15.42.50.jpg\",\"contentUrl\":\"https:\\\/\\\/redenoticiaz.com.br\\\/litoralsp\\\/wp-content\\\/uploads\\\/sites\\\/3\\\/2025\\\/01\\\/whatsapp_image_2025-01-02_at_15.42.50.jpg\",\"width\":927,\"height\":579},{\"@type\":\"WebSite\",\"@id\":\"https:\\\/\\\/redenoticiaz.com.br\\\/litoralsp\\\/#website\",\"url\":\"https:\\\/\\\/redenoticiaz.com.br\\\/litoralsp\\\/\",\"name\":\"Litoral SP\",\"description\":\"Rede NoticiaZ\",\"publisher\":{\"@id\":\"https:\\\/\\\/redenoticiaz.com.br\\\/litoralsp\\\/#organization\"},\"potentialAction\":[{\"@type\":\"SearchAction\",\"target\":{\"@type\":\"EntryPoint\",\"urlTemplate\":\"https:\\\/\\\/redenoticiaz.com.br\\\/litoralsp\\\/?s={search_term_string}\"},\"query-input\":{\"@type\":\"PropertyValueSpecification\",\"valueRequired\":true,\"valueName\":\"search_term_string\"}}],\"inLanguage\":\"pt-BR\"},{\"@type\":\"Organization\",\"@id\":\"https:\\\/\\\/redenoticiaz.com.br\\\/litoralsp\\\/#organization\",\"name\":\"Litoral SP\",\"url\":\"https:\\\/\\\/redenoticiaz.com.br\\\/litoralsp\\\/\",\"logo\":{\"@type\":\"ImageObject\",\"inLanguage\":\"pt-BR\",\"@id\":\"https:\\\/\\\/redenoticiaz.com.br\\\/litoralsp\\\/#\\\/schema\\\/logo\\\/image\\\/\",\"url\":\"https:\\\/\\\/redenoticiaz.com.br\\\/litoralsp\\\/wp-content\\\/uploads\\\/sites\\\/3\\\/2020\\\/11\\\/logo.jpg\",\"contentUrl\":\"https:\\\/\\\/redenoticiaz.com.br\\\/litoralsp\\\/wp-content\\\/uploads\\\/sites\\\/3\\\/2020\\\/11\\\/logo.jpg\",\"width\":400,\"height\":250,\"caption\":\"Litoral SP\"},\"image\":{\"@id\":\"https:\\\/\\\/redenoticiaz.com.br\\\/litoralsp\\\/#\\\/schema\\\/logo\\\/image\\\/\"}},{\"@type\":\"Person\",\"@id\":\"https:\\\/\\\/redenoticiaz.com.br\\\/litoralsp\\\/#\\\/schema\\\/person\\\/16057b37a3c0ee6b096d7f887c566e2e\",\"name\":\"Gustavo Silva\",\"image\":{\"@type\":\"ImageObject\",\"inLanguage\":\"pt-BR\",\"@id\":\"https:\\\/\\\/secure.gravatar.com\\\/avatar\\\/3ee4e82f93b26de0a7cf4ea5eb7893da637ed6bb0c9170c58065944c56e28a33?s=96&d=mm&r=g\",\"url\":\"https:\\\/\\\/secure.gravatar.com\\\/avatar\\\/3ee4e82f93b26de0a7cf4ea5eb7893da637ed6bb0c9170c58065944c56e28a33?s=96&d=mm&r=g\",\"contentUrl\":\"https:\\\/\\\/secure.gravatar.com\\\/avatar\\\/3ee4e82f93b26de0a7cf4ea5eb7893da637ed6bb0c9170c58065944c56e28a33?s=96&d=mm&r=g\",\"caption\":\"Gustavo Silva\"},\"url\":\"https:\\\/\\\/redenoticiaz.com.br\\\/litoralsp\\\/author\\\/gustavosilva\"}]}<\/script>\n<!-- \/ Yoast SEO plugin. -->","yoast_head_json":{"title":"Guarda Civil de Santos prende homem em flagrante por agress\u00e3o \u00e0 companheira e ao filho - Litoral SP","description":"O homem teria sido visto socando a companheira, que carregava no colo o filho de ambos, um beb\u00ea de dois meses.","robots":{"index":"index","follow":"follow","max-snippet":"max-snippet:-1","max-image-preview":"max-image-preview:large","max-video-preview":"max-video-preview:-1"},"canonical":"https:\/\/redenoticiaz.com.br\/litoralsp\/2025\/01\/03\/guarda-civil-de-santos-prende-homem-em-flagrante-por-agressao-a-companheira-e-ao-filho","og_locale":"pt_BR","og_type":"article","og_title":"Guarda Civil de Santos prende homem em flagrante por agress\u00e3o \u00e0 companheira e ao filho - Litoral SP","og_description":"O homem teria sido visto socando a companheira, que carregava no colo o filho de ambos, um beb\u00ea de dois meses.","og_url":"https:\/\/redenoticiaz.com.br\/litoralsp\/2025\/01\/03\/guarda-civil-de-santos-prende-homem-em-flagrante-por-agressao-a-companheira-e-ao-filho","og_site_name":"Litoral SP","article_published_time":"2025-01-03T21:30:41+00:00","og_image":[{"width":927,"height":579,"url":"https:\/\/redenoticiaz.com.br\/litoralsp\/wp-content\/uploads\/sites\/3\/2025\/01\/whatsapp_image_2025-01-02_at_15.42.50.jpg","type":"image\/jpeg"}],"author":"Gustavo Silva","twitter_card":"summary_large_image","twitter_misc":{"Escrito por":"Gustavo Silva","Est. tempo de leitura":"2 minutos"},"schema":{"@context":"https:\/\/schema.org","@graph":[{"@type":"Article","@id":"https:\/\/redenoticiaz.com.br\/litoralsp\/2025\/01\/03\/guarda-civil-de-santos-prende-homem-em-flagrante-por-agressao-a-companheira-e-ao-filho#article","isPartOf":{"@id":"https:\/\/redenoticiaz.com.br\/litoralsp\/2025\/01\/03\/guarda-civil-de-santos-prende-homem-em-flagrante-por-agressao-a-companheira-e-ao-filho"},"author":{"name":"Gustavo Silva","@id":"https:\/\/redenoticiaz.com.br\/litoralsp\/#\/schema\/person\/16057b37a3c0ee6b096d7f887c566e2e"},"headline":"Guarda Civil de Santos prende homem em flagrante por agress\u00e3o \u00e0 companheira e ao filho","datePublished":"2025-01-03T21:30:41+00:00","mainEntityOfPage":{"@id":"https:\/\/redenoticiaz.com.br\/litoralsp\/2025\/01\/03\/guarda-civil-de-santos-prende-homem-em-flagrante-por-agressao-a-companheira-e-ao-filho"},"wordCount":252,"commentCount":0,"publisher":{"@id":"https:\/\/redenoticiaz.com.br\/litoralsp\/#organization"},"image":{"@id":"https:\/\/redenoticiaz.com.br\/litoralsp\/2025\/01\/03\/guarda-civil-de-santos-prende-homem-em-flagrante-por-agressao-a-companheira-e-ao-filho#primaryimage"},"thumbnailUrl":"https:\/\/redenoticiaz.com.br\/litoralsp\/wp-content\/uploads\/sites\/3\/2025\/01\/whatsapp_image_2025-01-02_at_15.42.50.jpg","keywords":["GCM Anderson Pinheiro","GONZAGA","S\u00e9rgio L\u00facio"],"articleSection":["Pol\u00edcia","Santos"],"inLanguage":"pt-BR","potentialAction":[{"@type":"CommentAction","name":"Comment","target":["https:\/\/redenoticiaz.com.br\/litoralsp\/2025\/01\/03\/guarda-civil-de-santos-prende-homem-em-flagrante-por-agressao-a-companheira-e-ao-filho#respond"]}]},{"@type":"WebPage","@id":"https:\/\/redenoticiaz.com.br\/litoralsp\/2025\/01\/03\/guarda-civil-de-santos-prende-homem-em-flagrante-por-agressao-a-companheira-e-ao-filho","url":"https:\/\/redenoticiaz.com.br\/litoralsp\/2025\/01\/03\/guarda-civil-de-santos-prende-homem-em-flagrante-por-agressao-a-companheira-e-ao-filho","name":"Guarda Civil de Santos prende homem em flagrante por agress\u00e3o \u00e0 companheira e ao filho - Litoral SP","isPartOf":{"@id":"https:\/\/redenoticiaz.com.br\/litoralsp\/#website"},"primaryImageOfPage":{"@id":"https:\/\/redenoticiaz.com.br\/litoralsp\/2025\/01\/03\/guarda-civil-de-santos-prende-homem-em-flagrante-por-agressao-a-companheira-e-ao-filho#primaryimage"},"image":{"@id":"https:\/\/redenoticiaz.com.br\/litoralsp\/2025\/01\/03\/guarda-civil-de-santos-prende-homem-em-flagrante-por-agressao-a-companheira-e-ao-filho#primaryimage"},"thumbnailUrl":"https:\/\/redenoticiaz.com.br\/litoralsp\/wp-content\/uploads\/sites\/3\/2025\/01\/whatsapp_image_2025-01-02_at_15.42.50.jpg","datePublished":"2025-01-03T21:30:41+00:00","description":"O homem teria sido visto socando a companheira, que carregava no colo o filho de ambos, um beb\u00ea de dois meses.","inLanguage":"pt-BR","potentialAction":[{"@type":"ReadAction","target":["https:\/\/redenoticiaz.com.br\/litoralsp\/2025\/01\/03\/guarda-civil-de-santos-prende-homem-em-flagrante-por-agressao-a-companheira-e-ao-filho"]}]},{"@type":"ImageObject","inLanguage":"pt-BR","@id":"https:\/\/redenoticiaz.com.br\/litoralsp\/2025\/01\/03\/guarda-civil-de-santos-prende-homem-em-flagrante-por-agressao-a-companheira-e-ao-filho#primaryimage","url":"https:\/\/redenoticiaz.com.br\/litoralsp\/wp-content\/uploads\/sites\/3\/2025\/01\/whatsapp_image_2025-01-02_at_15.42.50.jpg","contentUrl":"https:\/\/redenoticiaz.com.br\/litoralsp\/wp-content\/uploads\/sites\/3\/2025\/01\/whatsapp_image_2025-01-02_at_15.42.50.jpg","width":927,"height":579},{"@type":"WebSite","@id":"https:\/\/redenoticiaz.com.br\/litoralsp\/#website","url":"https:\/\/redenoticiaz.com.br\/litoralsp\/","name":"Litoral SP","description":"Rede NoticiaZ","publisher":{"@id":"https:\/\/redenoticiaz.com.br\/litoralsp\/#organization"},"potentialAction":[{"@type":"SearchAction","target":{"@type":"EntryPoint","urlTemplate":"https:\/\/redenoticiaz.com.br\/litoralsp\/?s={search_term_string}"},"query-input":{"@type":"PropertyValueSpecification","valueRequired":true,"valueName":"search_term_string"}}],"inLanguage":"pt-BR"},{"@type":"Organization","@id":"https:\/\/redenoticiaz.com.br\/litoralsp\/#organization","name":"Litoral SP","url":"https:\/\/redenoticiaz.com.br\/litoralsp\/","logo":{"@type":"ImageObject","inLanguage":"pt-BR","@id":"https:\/\/redenoticiaz.com.br\/litoralsp\/#\/schema\/logo\/image\/","url":"https:\/\/redenoticiaz.com.br\/litoralsp\/wp-content\/uploads\/sites\/3\/2020\/11\/logo.jpg","contentUrl":"https:\/\/redenoticiaz.com.br\/litoralsp\/wp-content\/uploads\/sites\/3\/2020\/11\/logo.jpg","width":400,"height":250,"caption":"Litoral SP"},"image":{"@id":"https:\/\/redenoticiaz.com.br\/litoralsp\/#\/schema\/logo\/image\/"}},{"@type":"Person","@id":"https:\/\/redenoticiaz.com.br\/litoralsp\/#\/schema\/person\/16057b37a3c0ee6b096d7f887c566e2e","name":"Gustavo Silva","image":{"@type":"ImageObject","inLanguage":"pt-BR","@id":"https:\/\/secure.gravatar.com\/avatar\/3ee4e82f93b26de0a7cf4ea5eb7893da637ed6bb0c9170c58065944c56e28a33?s=96&d=mm&r=g","url":"https:\/\/secure.gravatar.com\/avatar\/3ee4e82f93b26de0a7cf4ea5eb7893da637ed6bb0c9170c58065944c56e28a33?s=96&d=mm&r=g","contentUrl":"https:\/\/secure.gravatar.com\/avatar\/3ee4e82f93b26de0a7cf4ea5eb7893da637ed6bb0c9170c58065944c56e28a33?s=96&d=mm&r=g","caption":"Gustavo Silva"},"url":"https:\/\/redenoticiaz.com.br\/litoralsp\/author\/gustavosilva"}]}},"_links":{"self":[{"href":"https:\/\/redenoticiaz.com.br\/litoralsp\/wp-json\/wp\/v2\/posts\/120023","targetHints":{"allow":["GET"]}}],"collection":[{"href":"https:\/\/redenoticiaz.com.br\/litoralsp\/wp-json\/wp\/v2\/posts"}],"about":[{"href":"https:\/\/redenoticiaz.com.br\/litoralsp\/wp-json\/wp\/v2\/types\/post"}],"author":[{"embeddable":true,"href":"https:\/\/redenoticiaz.com.br\/litoralsp\/wp-json\/wp\/v2\/users\/12"}],"replies":[{"embeddable":true,"href":"https:\/\/redenoticiaz.com.br\/litoralsp\/wp-json\/wp\/v2\/comments?post=120023"}],"version-history":[{"count":1,"href":"https:\/\/redenoticiaz.com.br\/litoralsp\/wp-json\/wp\/v2\/posts\/120023\/revisions"}],"predecessor-version":[{"id":120025,"href":"https:\/\/redenoticiaz.com.br\/litoralsp\/wp-json\/wp\/v2\/posts\/120023\/revisions\/120025"}],"wp:featuredmedia":[{"embeddable":true,"href":"https:\/\/redenoticiaz.com.br\/litoralsp\/wp-json\/wp\/v2\/media\/120024"}],"wp:attachment":[{"href":"https:\/\/redenoticiaz.com.br\/litoralsp\/wp-json\/wp\/v2\/media?parent=120023"}],"wp:term":[{"taxonomy":"category","embeddable":true,"href":"https:\/\/redenoticiaz.com.br\/litoralsp\/wp-json\/wp\/v2\/categories?post=120023"},{"taxonomy":"post_tag","embeddable":true,"href":"https:\/\/redenoticiaz.com.br\/litoralsp\/wp-json\/wp\/v2\/tags?post=120023"}],"curies":[{"name":"wp","href":"https:\/\/api.w.org\/{rel}","templated":true}]}}