{"id":120026,"date":"2025-01-03T19:00:21","date_gmt":"2025-01-03T22:00:21","guid":{"rendered":"https:\/\/redenoticiaz.com.br\/litoralsp\/?p=120026"},"modified":"2025-01-03T15:31:58","modified_gmt":"2025-01-03T18:31:58","slug":"kayo-amado-toma-posse-para-2o-mandato-vereadores-tambem-assumem-cargos","status":"publish","type":"post","link":"https:\/\/redenoticiaz.com.br\/litoralsp\/2025\/01\/03\/kayo-amado-toma-posse-para-2o-mandato-vereadores-tambem-assumem-cargos","title":{"rendered":"Kayo Amado toma posse para 2\u00ba mandato; vereadores tamb\u00e9m assumem cargos"},"content":{"rendered":"<p>O ano come\u00e7ou em S\u00e3o Vicente com a ratifica\u00e7\u00e3o de uma gest\u00e3o que est\u00e1 transformando a Primeira Cidade do Brasil. Na manh\u00e3 desta quarta-feira (1\u00ba), o Prefeito Kayo Amado e a vice Sandra Conti tomaram posse oficialmente para o novo ciclo da administra\u00e7\u00e3o. A cerim\u00f4nia realizada na C\u00e2mara Municipal tamb\u00e9m oficializou o novo mandato dos vereadores eleitos.<\/p>\n<p>O trabalho intenso em prol de melhorias nas pol\u00edticas p\u00fablicas ofertadas ao cidad\u00e3o resultou no amplo reconhecimento do vicentino para com o chefe do Executivo vicentino, cuja sua elei\u00e7\u00e3o o transformou no prefeito mais votado da hist\u00f3ria de S\u00e3o Vicente, com 147.382 votos, sendo 87,6% em termos percentuais, consolidando-se como o 4\u00ba mais aprovado do Brasil.<\/p>\n<p>Para o in\u00edcio do novo mandato, a prioridade \u00e9 dar sequ\u00eancia ao grande projeto de transforma\u00e7\u00e3o da Cidade em diversas esferas, como a expans\u00e3o do VLT (ve\u00edculo leve sobre trilhos) \u00e0 \u00c1rea Continental e a constru\u00e7\u00e3o da UPA Central. A atual administra\u00e7\u00e3o, nesses primeiros quatro anos, buscou restabelecer a credibilidade de S\u00e3o Vicente e a autoestima dos moradores. Agora, visa alavancar ainda mais esse projeto e concretizar novas grandes entregas, visto que, mesmo diante das dificuldades impostas pelo d\u00e9ficit or\u00e7ament\u00e1rio ao qual a Cidade enfrenta, a primeira gest\u00e3o foi marcada por hist\u00f3ricas conquistas, como a demoli\u00e7\u00e3o do Crei, a revitaliza\u00e7\u00e3o de mais de dez escolas e obras de recupera\u00e7\u00e3o do eixo centro-praia.<\/p>\n<p>&#8220;\u00c9 uma cidade dif\u00edcil, desafiadora, com grandes problemas financeiros, mas estamos aqui para resolver isso. Vamos seguir trabalhando em comunica\u00e7\u00e3o com a C\u00e2mara, que tem papel fundamental no desenvolvimento da Cidade. Para esses pr\u00f3ximos anos, o foco \u00e9 dar sequ\u00eancia \u00e0s tratativas do VLT na \u00c1rea Continental, \u00e0 constru\u00e7\u00e3o da nossa UPA e seguir transformando as escolas da nossa cidade&#8221;, declarou o Prefeito.<\/p>\n<p>Adotando o olhar para a sa\u00fade como uma das prioridades do governo, a vice-prefeita reeleita, Sandra Conti, promete manter os esfor\u00e7os para que a popula\u00e7\u00e3o seja contemplada. \u201cMuito feliz e agraciada pelo reconhecimento do vicentino para com o nosso trabalho. Agora \u00e9 dar continuidade ao que planejamos l\u00e1 atr\u00e1s, transformando os projetos em pol\u00edticas p\u00fablicas para impactar diretamente na vida das pessoas\u201d.<\/p>\n<p>Por fim, recordando sua trajet\u00f3ria no meio pol\u00edtico, Kayo Amado agradeceu aos familiares, amigos, companheiros de trabalho e ao vicentino, garantindo que, ao longo dos pr\u00f3ximos quatro anos, ir\u00e1 converter esse reconhecimento em prol de dias melhores para S\u00e3o Vicente. \u201cMeu \u00e2nimo est\u00e1 renovado. As pessoas foram \u00e0s urnas e me honraram com uma vota\u00e7\u00e3o hist\u00f3rica. Assumo isso com muita responsabilidade. Pela frente, vir\u00e3o quatro anos de muito mais trabalho. Agrade\u00e7o ao vicentino pelo voto de confian\u00e7a e a todos que fizeram parte dessa minha trajet\u00f3ria, e prometo honrar esse reconhecimento da melhor forma, defendendo minha cidade com amor e dedica\u00e7\u00e3o\u201d.<\/p>\n<p>Os novos mandatos no Executivo e Legislativo v\u00e3o at\u00e9 31 de dezembro de 2028.<\/p>\n<p>Confira a rela\u00e7\u00e3o de vereadores eleitos:<\/p>\n<p>&#8211; Adilson da Farm\u00e1cia<br \/>\n&#8211; \u2060Benevan de Souza<br \/>\n&#8211; \u2060Coc\u00e3o<br \/>\n&#8211; \u2060Diego Bagre<br \/>\n&#8211; \u2060Edivaldo da Autoescola<br \/>\n&#8211; \u2060Felipe Rominha<br \/>\n&#8211; \u2060Fernando Paulino<br \/>\n&#8211; \u2060Higor Ferreira<br \/>\n&#8211; \u2060Jailton Jatob\u00e1<br \/>\n&#8211; \u2060Jefferson Cezarolli<br \/>\n&#8211; \u2060Jhony Sasaki<br \/>\n&#8211; \u2060Rodrigo Dig\u00e3o<br \/>\n&#8211; \u2060Prof. Thiago Alexandre<br \/>\n&#8211; \u2060Tiago Peretto<br \/>\n&#8211; \u2060Wagner Cabe\u00e7a<\/p>\n<p>Leia mais<\/p>\n<p><a href=\"https:\/\/redenoticiaz.com.br\/litoralsp\/2025\/01\/02\/desenvolvimento-sustentavel-e-efetividade-da-gestao-sao-temas-de-reuniao-do-novo-secretariado-de-santos\">Desenvolvimento sustent\u00e1vel e efetividade da gest\u00e3o s\u00e3o temas de reuni\u00e3o do novo secretariado de Santos<\/a><\/p>\n<p><a href=\"https:\/\/redenoticiaz.com.br\/litoralsp\/2025\/01\/02\/encenacao-da-vila-de-sao-vicente-2025-tera-novo-formato\">Encena\u00e7\u00e3o da Vila de S\u00e3o Vicente 2025 ter\u00e1 novo formato<\/a><\/p>\n<p><a href=\"https:\/\/redenoticiaz.com.br\/litoralsp\/2025\/01\/02\/passageiros-de-cruzeiro-assistem-queima-de-fogos-pela-1a-vez-em-santos\">Passageiros de cruzeiro assistem queima de fogos pela 1\u00aa vez em Santos<\/a><\/p>\n","protected":false},"excerpt":{"rendered":"<p>O ano come\u00e7ou em S\u00e3o Vicente com a ratifica\u00e7\u00e3o de uma gest\u00e3o que est\u00e1 transformando a Primeira Cidade do Brasil. Na manh\u00e3 desta quarta-feira (1\u00ba), o Prefeito Kayo Amado e a vice Sandra Conti tomaram posse oficialmente para o novo ciclo da administra\u00e7\u00e3o. A cerim\u00f4nia realizada na C\u00e2mara Municipal tamb\u00e9m oficializou o novo mandato dos &hellip;<\/p>\n","protected":false},"author":12,"featured_media":120027,"comment_status":"open","ping_status":"closed","sticky":false,"template":"","format":"standard","meta":{"footnotes":""},"categories":[15,181],"tags":[14253,1087,33],"class_list":["post-120026","post","type-post","status-publish","format-standard","has-post-thumbnail","hentry","category-politica","category-sao-vicente","tag-camara-municipal","tag-kayo-amado","tag-sao-vicente"],"yoast_head":"<!-- This site is optimized with the Yoast SEO plugin v27.5 - https:\/\/yoast.com\/product\/yoast-seo-wordpress\/ -->\n<title>Kayo Amado toma posse para 2\u00ba mandato; vereadores tamb\u00e9m assumem cargos - Litoral SP<\/title>\n<meta name=\"description\" content=\"O ano come\u00e7ou em S\u00e3o Vicente com a ratifica\u00e7\u00e3o de uma gest\u00e3o que est\u00e1 transformando a Primeira Cidade do Brasil.\" \/>\n<meta name=\"robots\" content=\"index, follow, max-snippet:-1, max-image-preview:large, max-video-preview:-1\" \/>\n<link rel=\"canonical\" href=\"https:\/\/redenoticiaz.com.br\/litoralsp\/2025\/01\/03\/kayo-amado-toma-posse-para-2o-mandato-vereadores-tambem-assumem-cargos\" \/>\n<meta property=\"og:locale\" content=\"pt_BR\" \/>\n<meta property=\"og:type\" content=\"article\" \/>\n<meta property=\"og:title\" content=\"Kayo Amado toma posse para 2\u00ba mandato; vereadores tamb\u00e9m assumem cargos - Litoral SP\" \/>\n<meta property=\"og:description\" content=\"O ano come\u00e7ou em S\u00e3o Vicente com a ratifica\u00e7\u00e3o de uma gest\u00e3o que est\u00e1 transformando a Primeira Cidade do Brasil.\" \/>\n<meta property=\"og:url\" content=\"https:\/\/redenoticiaz.com.br\/litoralsp\/2025\/01\/03\/kayo-amado-toma-posse-para-2o-mandato-vereadores-tambem-assumem-cargos\" \/>\n<meta property=\"og:site_name\" content=\"Litoral SP\" \/>\n<meta property=\"article:published_time\" content=\"2025-01-03T22:00:21+00:00\" \/>\n<meta property=\"og:image\" content=\"https:\/\/redenoticiaz.com.br\/litoralsp\/wp-content\/uploads\/sites\/3\/2025\/01\/image.png\" \/>\n\t<meta property=\"og:image:width\" content=\"855\" \/>\n\t<meta property=\"og:image:height\" content=\"652\" \/>\n\t<meta property=\"og:image:type\" content=\"image\/png\" \/>\n<meta name=\"author\" content=\"Gustavo Silva\" \/>\n<meta name=\"twitter:card\" content=\"summary_large_image\" \/>\n<meta name=\"twitter:label1\" content=\"Escrito por\" \/>\n\t<meta name=\"twitter:data1\" content=\"Gustavo Silva\" \/>\n\t<meta name=\"twitter:label2\" content=\"Est. tempo de leitura\" \/>\n\t<meta name=\"twitter:data2\" content=\"3 minutos\" \/>\n<script type=\"application\/ld+json\" class=\"yoast-schema-graph\">{\"@context\":\"https:\\\/\\\/schema.org\",\"@graph\":[{\"@type\":\"Article\",\"@id\":\"https:\\\/\\\/redenoticiaz.com.br\\\/litoralsp\\\/2025\\\/01\\\/03\\\/kayo-amado-toma-posse-para-2o-mandato-vereadores-tambem-assumem-cargos#article\",\"isPartOf\":{\"@id\":\"https:\\\/\\\/redenoticiaz.com.br\\\/litoralsp\\\/2025\\\/01\\\/03\\\/kayo-amado-toma-posse-para-2o-mandato-vereadores-tambem-assumem-cargos\"},\"author\":{\"name\":\"Gustavo Silva\",\"@id\":\"https:\\\/\\\/redenoticiaz.com.br\\\/litoralsp\\\/#\\\/schema\\\/person\\\/16057b37a3c0ee6b096d7f887c566e2e\"},\"headline\":\"Kayo Amado toma posse para 2\u00ba mandato; vereadores tamb\u00e9m assumem cargos\",\"datePublished\":\"2025-01-03T22:00:21+00:00\",\"mainEntityOfPage\":{\"@id\":\"https:\\\/\\\/redenoticiaz.com.br\\\/litoralsp\\\/2025\\\/01\\\/03\\\/kayo-amado-toma-posse-para-2o-mandato-vereadores-tambem-assumem-cargos\"},\"wordCount\":620,\"commentCount\":0,\"publisher\":{\"@id\":\"https:\\\/\\\/redenoticiaz.com.br\\\/litoralsp\\\/#organization\"},\"image\":{\"@id\":\"https:\\\/\\\/redenoticiaz.com.br\\\/litoralsp\\\/2025\\\/01\\\/03\\\/kayo-amado-toma-posse-para-2o-mandato-vereadores-tambem-assumem-cargos#primaryimage\"},\"thumbnailUrl\":\"https:\\\/\\\/redenoticiaz.com.br\\\/litoralsp\\\/wp-content\\\/uploads\\\/sites\\\/3\\\/2025\\\/01\\\/image.png\",\"keywords\":[\"C\u00c2MARA MUNICIPAL\",\"kayo amado\",\"S\u00e3o Vicente\"],\"articleSection\":[\"Pol\u00edtica\",\"S\u00e3o Vicente\"],\"inLanguage\":\"pt-BR\",\"potentialAction\":[{\"@type\":\"CommentAction\",\"name\":\"Comment\",\"target\":[\"https:\\\/\\\/redenoticiaz.com.br\\\/litoralsp\\\/2025\\\/01\\\/03\\\/kayo-amado-toma-posse-para-2o-mandato-vereadores-tambem-assumem-cargos#respond\"]}]},{\"@type\":\"WebPage\",\"@id\":\"https:\\\/\\\/redenoticiaz.com.br\\\/litoralsp\\\/2025\\\/01\\\/03\\\/kayo-amado-toma-posse-para-2o-mandato-vereadores-tambem-assumem-cargos\",\"url\":\"https:\\\/\\\/redenoticiaz.com.br\\\/litoralsp\\\/2025\\\/01\\\/03\\\/kayo-amado-toma-posse-para-2o-mandato-vereadores-tambem-assumem-cargos\",\"name\":\"Kayo Amado toma posse para 2\u00ba mandato; vereadores tamb\u00e9m assumem cargos - Litoral SP\",\"isPartOf\":{\"@id\":\"https:\\\/\\\/redenoticiaz.com.br\\\/litoralsp\\\/#website\"},\"primaryImageOfPage\":{\"@id\":\"https:\\\/\\\/redenoticiaz.com.br\\\/litoralsp\\\/2025\\\/01\\\/03\\\/kayo-amado-toma-posse-para-2o-mandato-vereadores-tambem-assumem-cargos#primaryimage\"},\"image\":{\"@id\":\"https:\\\/\\\/redenoticiaz.com.br\\\/litoralsp\\\/2025\\\/01\\\/03\\\/kayo-amado-toma-posse-para-2o-mandato-vereadores-tambem-assumem-cargos#primaryimage\"},\"thumbnailUrl\":\"https:\\\/\\\/redenoticiaz.com.br\\\/litoralsp\\\/wp-content\\\/uploads\\\/sites\\\/3\\\/2025\\\/01\\\/image.png\",\"datePublished\":\"2025-01-03T22:00:21+00:00\",\"description\":\"O ano come\u00e7ou em S\u00e3o Vicente com a ratifica\u00e7\u00e3o de uma gest\u00e3o que est\u00e1 transformando a Primeira Cidade do Brasil.\",\"inLanguage\":\"pt-BR\",\"potentialAction\":[{\"@type\":\"ReadAction\",\"target\":[\"https:\\\/\\\/redenoticiaz.com.br\\\/litoralsp\\\/2025\\\/01\\\/03\\\/kayo-amado-toma-posse-para-2o-mandato-vereadores-tambem-assumem-cargos\"]}]},{\"@type\":\"ImageObject\",\"inLanguage\":\"pt-BR\",\"@id\":\"https:\\\/\\\/redenoticiaz.com.br\\\/litoralsp\\\/2025\\\/01\\\/03\\\/kayo-amado-toma-posse-para-2o-mandato-vereadores-tambem-assumem-cargos#primaryimage\",\"url\":\"https:\\\/\\\/redenoticiaz.com.br\\\/litoralsp\\\/wp-content\\\/uploads\\\/sites\\\/3\\\/2025\\\/01\\\/image.png\",\"contentUrl\":\"https:\\\/\\\/redenoticiaz.com.br\\\/litoralsp\\\/wp-content\\\/uploads\\\/sites\\\/3\\\/2025\\\/01\\\/image.png\",\"width\":855,\"height\":652},{\"@type\":\"WebSite\",\"@id\":\"https:\\\/\\\/redenoticiaz.com.br\\\/litoralsp\\\/#website\",\"url\":\"https:\\\/\\\/redenoticiaz.com.br\\\/litoralsp\\\/\",\"name\":\"Litoral SP\",\"description\":\"Rede NoticiaZ\",\"publisher\":{\"@id\":\"https:\\\/\\\/redenoticiaz.com.br\\\/litoralsp\\\/#organization\"},\"potentialAction\":[{\"@type\":\"SearchAction\",\"target\":{\"@type\":\"EntryPoint\",\"urlTemplate\":\"https:\\\/\\\/redenoticiaz.com.br\\\/litoralsp\\\/?s={search_term_string}\"},\"query-input\":{\"@type\":\"PropertyValueSpecification\",\"valueRequired\":true,\"valueName\":\"search_term_string\"}}],\"inLanguage\":\"pt-BR\"},{\"@type\":\"Organization\",\"@id\":\"https:\\\/\\\/redenoticiaz.com.br\\\/litoralsp\\\/#organization\",\"name\":\"Litoral SP\",\"url\":\"https:\\\/\\\/redenoticiaz.com.br\\\/litoralsp\\\/\",\"logo\":{\"@type\":\"ImageObject\",\"inLanguage\":\"pt-BR\",\"@id\":\"https:\\\/\\\/redenoticiaz.com.br\\\/litoralsp\\\/#\\\/schema\\\/logo\\\/image\\\/\",\"url\":\"https:\\\/\\\/redenoticiaz.com.br\\\/litoralsp\\\/wp-content\\\/uploads\\\/sites\\\/3\\\/2020\\\/11\\\/logo.jpg\",\"contentUrl\":\"https:\\\/\\\/redenoticiaz.com.br\\\/litoralsp\\\/wp-content\\\/uploads\\\/sites\\\/3\\\/2020\\\/11\\\/logo.jpg\",\"width\":400,\"height\":250,\"caption\":\"Litoral SP\"},\"image\":{\"@id\":\"https:\\\/\\\/redenoticiaz.com.br\\\/litoralsp\\\/#\\\/schema\\\/logo\\\/image\\\/\"}},{\"@type\":\"Person\",\"@id\":\"https:\\\/\\\/redenoticiaz.com.br\\\/litoralsp\\\/#\\\/schema\\\/person\\\/16057b37a3c0ee6b096d7f887c566e2e\",\"name\":\"Gustavo Silva\",\"image\":{\"@type\":\"ImageObject\",\"inLanguage\":\"pt-BR\",\"@id\":\"https:\\\/\\\/secure.gravatar.com\\\/avatar\\\/3ee4e82f93b26de0a7cf4ea5eb7893da637ed6bb0c9170c58065944c56e28a33?s=96&d=mm&r=g\",\"url\":\"https:\\\/\\\/secure.gravatar.com\\\/avatar\\\/3ee4e82f93b26de0a7cf4ea5eb7893da637ed6bb0c9170c58065944c56e28a33?s=96&d=mm&r=g\",\"contentUrl\":\"https:\\\/\\\/secure.gravatar.com\\\/avatar\\\/3ee4e82f93b26de0a7cf4ea5eb7893da637ed6bb0c9170c58065944c56e28a33?s=96&d=mm&r=g\",\"caption\":\"Gustavo Silva\"},\"url\":\"https:\\\/\\\/redenoticiaz.com.br\\\/litoralsp\\\/author\\\/gustavosilva\"}]}<\/script>\n<!-- \/ Yoast SEO plugin. -->","yoast_head_json":{"title":"Kayo Amado toma posse para 2\u00ba mandato; vereadores tamb\u00e9m assumem cargos - Litoral SP","description":"O ano come\u00e7ou em S\u00e3o Vicente com a ratifica\u00e7\u00e3o de uma gest\u00e3o que est\u00e1 transformando a Primeira Cidade do Brasil.","robots":{"index":"index","follow":"follow","max-snippet":"max-snippet:-1","max-image-preview":"max-image-preview:large","max-video-preview":"max-video-preview:-1"},"canonical":"https:\/\/redenoticiaz.com.br\/litoralsp\/2025\/01\/03\/kayo-amado-toma-posse-para-2o-mandato-vereadores-tambem-assumem-cargos","og_locale":"pt_BR","og_type":"article","og_title":"Kayo Amado toma posse para 2\u00ba mandato; vereadores tamb\u00e9m assumem cargos - Litoral SP","og_description":"O ano come\u00e7ou em S\u00e3o Vicente com a ratifica\u00e7\u00e3o de uma gest\u00e3o que est\u00e1 transformando a Primeira Cidade do Brasil.","og_url":"https:\/\/redenoticiaz.com.br\/litoralsp\/2025\/01\/03\/kayo-amado-toma-posse-para-2o-mandato-vereadores-tambem-assumem-cargos","og_site_name":"Litoral SP","article_published_time":"2025-01-03T22:00:21+00:00","og_image":[{"width":855,"height":652,"url":"https:\/\/redenoticiaz.com.br\/litoralsp\/wp-content\/uploads\/sites\/3\/2025\/01\/image.png","type":"image\/png"}],"author":"Gustavo Silva","twitter_card":"summary_large_image","twitter_misc":{"Escrito por":"Gustavo Silva","Est. tempo de leitura":"3 minutos"},"schema":{"@context":"https:\/\/schema.org","@graph":[{"@type":"Article","@id":"https:\/\/redenoticiaz.com.br\/litoralsp\/2025\/01\/03\/kayo-amado-toma-posse-para-2o-mandato-vereadores-tambem-assumem-cargos#article","isPartOf":{"@id":"https:\/\/redenoticiaz.com.br\/litoralsp\/2025\/01\/03\/kayo-amado-toma-posse-para-2o-mandato-vereadores-tambem-assumem-cargos"},"author":{"name":"Gustavo Silva","@id":"https:\/\/redenoticiaz.com.br\/litoralsp\/#\/schema\/person\/16057b37a3c0ee6b096d7f887c566e2e"},"headline":"Kayo Amado toma posse para 2\u00ba mandato; vereadores tamb\u00e9m assumem cargos","datePublished":"2025-01-03T22:00:21+00:00","mainEntityOfPage":{"@id":"https:\/\/redenoticiaz.com.br\/litoralsp\/2025\/01\/03\/kayo-amado-toma-posse-para-2o-mandato-vereadores-tambem-assumem-cargos"},"wordCount":620,"commentCount":0,"publisher":{"@id":"https:\/\/redenoticiaz.com.br\/litoralsp\/#organization"},"image":{"@id":"https:\/\/redenoticiaz.com.br\/litoralsp\/2025\/01\/03\/kayo-amado-toma-posse-para-2o-mandato-vereadores-tambem-assumem-cargos#primaryimage"},"thumbnailUrl":"https:\/\/redenoticiaz.com.br\/litoralsp\/wp-content\/uploads\/sites\/3\/2025\/01\/image.png","keywords":["C\u00c2MARA MUNICIPAL","kayo amado","S\u00e3o Vicente"],"articleSection":["Pol\u00edtica","S\u00e3o Vicente"],"inLanguage":"pt-BR","potentialAction":[{"@type":"CommentAction","name":"Comment","target":["https:\/\/redenoticiaz.com.br\/litoralsp\/2025\/01\/03\/kayo-amado-toma-posse-para-2o-mandato-vereadores-tambem-assumem-cargos#respond"]}]},{"@type":"WebPage","@id":"https:\/\/redenoticiaz.com.br\/litoralsp\/2025\/01\/03\/kayo-amado-toma-posse-para-2o-mandato-vereadores-tambem-assumem-cargos","url":"https:\/\/redenoticiaz.com.br\/litoralsp\/2025\/01\/03\/kayo-amado-toma-posse-para-2o-mandato-vereadores-tambem-assumem-cargos","name":"Kayo Amado toma posse para 2\u00ba mandato; vereadores tamb\u00e9m assumem cargos - Litoral SP","isPartOf":{"@id":"https:\/\/redenoticiaz.com.br\/litoralsp\/#website"},"primaryImageOfPage":{"@id":"https:\/\/redenoticiaz.com.br\/litoralsp\/2025\/01\/03\/kayo-amado-toma-posse-para-2o-mandato-vereadores-tambem-assumem-cargos#primaryimage"},"image":{"@id":"https:\/\/redenoticiaz.com.br\/litoralsp\/2025\/01\/03\/kayo-amado-toma-posse-para-2o-mandato-vereadores-tambem-assumem-cargos#primaryimage"},"thumbnailUrl":"https:\/\/redenoticiaz.com.br\/litoralsp\/wp-content\/uploads\/sites\/3\/2025\/01\/image.png","datePublished":"2025-01-03T22:00:21+00:00","description":"O ano come\u00e7ou em S\u00e3o Vicente com a ratifica\u00e7\u00e3o de uma gest\u00e3o que est\u00e1 transformando a Primeira Cidade do Brasil.","inLanguage":"pt-BR","potentialAction":[{"@type":"ReadAction","target":["https:\/\/redenoticiaz.com.br\/litoralsp\/2025\/01\/03\/kayo-amado-toma-posse-para-2o-mandato-vereadores-tambem-assumem-cargos"]}]},{"@type":"ImageObject","inLanguage":"pt-BR","@id":"https:\/\/redenoticiaz.com.br\/litoralsp\/2025\/01\/03\/kayo-amado-toma-posse-para-2o-mandato-vereadores-tambem-assumem-cargos#primaryimage","url":"https:\/\/redenoticiaz.com.br\/litoralsp\/wp-content\/uploads\/sites\/3\/2025\/01\/image.png","contentUrl":"https:\/\/redenoticiaz.com.br\/litoralsp\/wp-content\/uploads\/sites\/3\/2025\/01\/image.png","width":855,"height":652},{"@type":"WebSite","@id":"https:\/\/redenoticiaz.com.br\/litoralsp\/#website","url":"https:\/\/redenoticiaz.com.br\/litoralsp\/","name":"Litoral SP","description":"Rede NoticiaZ","publisher":{"@id":"https:\/\/redenoticiaz.com.br\/litoralsp\/#organization"},"potentialAction":[{"@type":"SearchAction","target":{"@type":"EntryPoint","urlTemplate":"https:\/\/redenoticiaz.com.br\/litoralsp\/?s={search_term_string}"},"query-input":{"@type":"PropertyValueSpecification","valueRequired":true,"valueName":"search_term_string"}}],"inLanguage":"pt-BR"},{"@type":"Organization","@id":"https:\/\/redenoticiaz.com.br\/litoralsp\/#organization","name":"Litoral SP","url":"https:\/\/redenoticiaz.com.br\/litoralsp\/","logo":{"@type":"ImageObject","inLanguage":"pt-BR","@id":"https:\/\/redenoticiaz.com.br\/litoralsp\/#\/schema\/logo\/image\/","url":"https:\/\/redenoticiaz.com.br\/litoralsp\/wp-content\/uploads\/sites\/3\/2020\/11\/logo.jpg","contentUrl":"https:\/\/redenoticiaz.com.br\/litoralsp\/wp-content\/uploads\/sites\/3\/2020\/11\/logo.jpg","width":400,"height":250,"caption":"Litoral SP"},"image":{"@id":"https:\/\/redenoticiaz.com.br\/litoralsp\/#\/schema\/logo\/image\/"}},{"@type":"Person","@id":"https:\/\/redenoticiaz.com.br\/litoralsp\/#\/schema\/person\/16057b37a3c0ee6b096d7f887c566e2e","name":"Gustavo Silva","image":{"@type":"ImageObject","inLanguage":"pt-BR","@id":"https:\/\/secure.gravatar.com\/avatar\/3ee4e82f93b26de0a7cf4ea5eb7893da637ed6bb0c9170c58065944c56e28a33?s=96&d=mm&r=g","url":"https:\/\/secure.gravatar.com\/avatar\/3ee4e82f93b26de0a7cf4ea5eb7893da637ed6bb0c9170c58065944c56e28a33?s=96&d=mm&r=g","contentUrl":"https:\/\/secure.gravatar.com\/avatar\/3ee4e82f93b26de0a7cf4ea5eb7893da637ed6bb0c9170c58065944c56e28a33?s=96&d=mm&r=g","caption":"Gustavo Silva"},"url":"https:\/\/redenoticiaz.com.br\/litoralsp\/author\/gustavosilva"}]}},"_links":{"self":[{"href":"https:\/\/redenoticiaz.com.br\/litoralsp\/wp-json\/wp\/v2\/posts\/120026","targetHints":{"allow":["GET"]}}],"collection":[{"href":"https:\/\/redenoticiaz.com.br\/litoralsp\/wp-json\/wp\/v2\/posts"}],"about":[{"href":"https:\/\/redenoticiaz.com.br\/litoralsp\/wp-json\/wp\/v2\/types\/post"}],"author":[{"embeddable":true,"href":"https:\/\/redenoticiaz.com.br\/litoralsp\/wp-json\/wp\/v2\/users\/12"}],"replies":[{"embeddable":true,"href":"https:\/\/redenoticiaz.com.br\/litoralsp\/wp-json\/wp\/v2\/comments?post=120026"}],"version-history":[{"count":1,"href":"https:\/\/redenoticiaz.com.br\/litoralsp\/wp-json\/wp\/v2\/posts\/120026\/revisions"}],"predecessor-version":[{"id":120028,"href":"https:\/\/redenoticiaz.com.br\/litoralsp\/wp-json\/wp\/v2\/posts\/120026\/revisions\/120028"}],"wp:featuredmedia":[{"embeddable":true,"href":"https:\/\/redenoticiaz.com.br\/litoralsp\/wp-json\/wp\/v2\/media\/120027"}],"wp:attachment":[{"href":"https:\/\/redenoticiaz.com.br\/litoralsp\/wp-json\/wp\/v2\/media?parent=120026"}],"wp:term":[{"taxonomy":"category","embeddable":true,"href":"https:\/\/redenoticiaz.com.br\/litoralsp\/wp-json\/wp\/v2\/categories?post=120026"},{"taxonomy":"post_tag","embeddable":true,"href":"https:\/\/redenoticiaz.com.br\/litoralsp\/wp-json\/wp\/v2\/tags?post=120026"}],"curies":[{"name":"wp","href":"https:\/\/api.w.org\/{rel}","templated":true}]}}