{"id":120029,"date":"2025-01-03T19:30:10","date_gmt":"2025-01-03T22:30:10","guid":{"rendered":"https:\/\/redenoticiaz.com.br\/litoralsp\/?p=120029"},"modified":"2025-01-03T15:35:21","modified_gmt":"2025-01-03T18:35:21","slug":"final-de-semana-em-santos-tem-previsao-de-pancadas-de-chuva","status":"publish","type":"post","link":"https:\/\/redenoticiaz.com.br\/litoralsp\/2025\/01\/03\/final-de-semana-em-santos-tem-previsao-de-pancadas-de-chuva","title":{"rendered":"Final de semana em Santos tem previs\u00e3o de pancadas de chuva"},"content":{"rendered":"<div class=\"pull-left col-xs-12 col-sm-7 col-md-8 col-lg-5\">\n<figure class=\"thumbnail\"><figcaption class=\"text-center\"><\/figcaption><\/figure>\n<\/div>\n<div class=\"field field-name-body field-type-text-with-summary field-label-hidden\">\n<div class=\"field-items\">\n<div class=\"field-item even\">\n<p>Neste final de semana, \u00e1reas de instabilidade v\u00e3o atuar sobre a Cidade causando pancadas de chuva principalmente a partir da tarde de s\u00e1bado (4) e em qualquer per\u00edodo do domingo (5), oscilando com per\u00edodos de abertura do tempo.<\/p>\n<p>O volume de chuva previsto \u00e9 moderado, mas h\u00e1 possibilidade de precipita\u00e7\u00e3o de forte intensidade em alguns momentos, caracter\u00edstica t\u00edpica de chuvas de ver\u00e3o.<\/p>\n<p>J\u00e1 nesta sexta-feira (3), o dia iniciou ensolarado e com temperatura em eleva\u00e7\u00e3o r\u00e1pida. O calor e a umidade favorecer\u00e3o a forma\u00e7\u00e3o de nuvens no final do dia, mas h\u00e1 pouca chance de ocorr\u00eancia de pancadas de chuva. Os morros se mant\u00eam em estado de observa\u00e7\u00e3o.<\/p>\n<p><strong>PROBABILIDADE DE CHUVA<\/strong><\/p>\n<p>Sexta-feira (3\/1): 40%; Volume\/Intensidade: sem previs\u00e3o de chuva.<\/p>\n<p>S\u00e1bado (4\/1): 70%; Volume: 15-30mm Intensidade: moderada.<\/p>\n<p>Domingo (5\/1): 70%; Volume: 10-20mm Intensidade: moderada.<\/p>\n<p>Segunda-feira (6\/1): 40%; Volume\/Intensidade: sem previs\u00e3o de chuva.<\/p>\n<\/div>\n<p><strong>Leia mais<\/strong><\/p>\n<p><a href=\"https:\/\/redenoticiaz.com.br\/litoralsp\/2025\/01\/02\/desenvolvimento-sustentavel-e-efetividade-da-gestao-sao-temas-de-reuniao-do-novo-secretariado-de-santos\">Desenvolvimento sustent\u00e1vel e efetividade da gest\u00e3o s\u00e3o temas de reuni\u00e3o do novo secretariado de Santos<\/a><\/p>\n<p><a href=\"https:\/\/redenoticiaz.com.br\/litoralsp\/2025\/01\/02\/encenacao-da-vila-de-sao-vicente-2025-tera-novo-formato\">Encena\u00e7\u00e3o da Vila de S\u00e3o Vicente 2025 ter\u00e1 novo formato<\/a><\/p>\n<p><a href=\"https:\/\/redenoticiaz.com.br\/litoralsp\/2025\/01\/02\/passageiros-de-cruzeiro-assistem-queima-de-fogos-pela-1a-vez-em-santos\">Passageiros de cruzeiro assistem queima de fogos pela 1\u00aa vez em Santos<\/a><\/p>\n<\/div>\n<\/div>\n","protected":false},"excerpt":{"rendered":"<p>Neste final de semana, \u00e1reas de instabilidade v\u00e3o atuar sobre a Cidade causando pancadas de chuva principalmente a partir da tarde de s\u00e1bado (4) e em qualquer per\u00edodo do domingo (5), oscilando com per\u00edodos de abertura do tempo. O volume de chuva previsto \u00e9 moderado, mas h\u00e1 possibilidade de precipita\u00e7\u00e3o de forte intensidade em alguns &hellip;<\/p>\n","protected":false},"author":12,"featured_media":104329,"comment_status":"open","ping_status":"closed","sticky":false,"template":"","format":"standard","meta":{"footnotes":""},"categories":[26798,180],"tags":[67289,986,69094,63465],"class_list":["post-120029","post","type-post","status-publish","format-standard","has-post-thumbnail","hentry","category-climatologia","category-santos","tag-pancadas-de-chuva","tag-santos","tag-volume","tag-volume-de-chuva"],"yoast_head":"<!-- This site is optimized with the Yoast SEO plugin v27.5 - https:\/\/yoast.com\/product\/yoast-seo-wordpress\/ -->\n<title>Final de semana em Santos tem previs\u00e3o de pancadas de chuva - Litoral SP<\/title>\n<meta name=\"description\" content=\"O volume de chuva previsto \u00e9 moderado, mas h\u00e1 possibilidade de precipita\u00e7\u00e3o de forte intensidade em alguns momentos, caracter\u00edstica t\u00edpica de chuvas de ver\u00e3o.\" \/>\n<meta name=\"robots\" content=\"index, follow, max-snippet:-1, max-image-preview:large, max-video-preview:-1\" \/>\n<link rel=\"canonical\" href=\"https:\/\/redenoticiaz.com.br\/litoralsp\/2025\/01\/03\/final-de-semana-em-santos-tem-previsao-de-pancadas-de-chuva\" \/>\n<meta property=\"og:locale\" content=\"pt_BR\" \/>\n<meta property=\"og:type\" content=\"article\" \/>\n<meta property=\"og:title\" content=\"Final de semana em Santos tem previs\u00e3o de pancadas de chuva - Litoral SP\" \/>\n<meta property=\"og:description\" content=\"O volume de chuva previsto \u00e9 moderado, mas h\u00e1 possibilidade de precipita\u00e7\u00e3o de forte intensidade em alguns momentos, caracter\u00edstica t\u00edpica de chuvas de ver\u00e3o.\" \/>\n<meta property=\"og:url\" content=\"https:\/\/redenoticiaz.com.br\/litoralsp\/2025\/01\/03\/final-de-semana-em-santos-tem-previsao-de-pancadas-de-chuva\" \/>\n<meta property=\"og:site_name\" content=\"Litoral SP\" \/>\n<meta property=\"article:published_time\" content=\"2025-01-03T22:30:10+00:00\" \/>\n<meta property=\"og:image\" content=\"https:\/\/redenoticiaz.com.br\/litoralsp\/wp-content\/uploads\/sites\/3\/2023\/04\/chuva-sts.jpg\" \/>\n\t<meta property=\"og:image:width\" content=\"927\" \/>\n\t<meta property=\"og:image:height\" content=\"522\" \/>\n\t<meta property=\"og:image:type\" content=\"image\/jpeg\" \/>\n<meta name=\"author\" content=\"Gustavo Silva\" \/>\n<meta name=\"twitter:card\" content=\"summary_large_image\" \/>\n<meta name=\"twitter:label1\" content=\"Escrito por\" \/>\n\t<meta name=\"twitter:data1\" content=\"Gustavo Silva\" \/>\n\t<meta name=\"twitter:label2\" content=\"Est. tempo de leitura\" \/>\n\t<meta name=\"twitter:data2\" content=\"1 minuto\" \/>\n<script type=\"application\/ld+json\" class=\"yoast-schema-graph\">{\"@context\":\"https:\\\/\\\/schema.org\",\"@graph\":[{\"@type\":\"Article\",\"@id\":\"https:\\\/\\\/redenoticiaz.com.br\\\/litoralsp\\\/2025\\\/01\\\/03\\\/final-de-semana-em-santos-tem-previsao-de-pancadas-de-chuva#article\",\"isPartOf\":{\"@id\":\"https:\\\/\\\/redenoticiaz.com.br\\\/litoralsp\\\/2025\\\/01\\\/03\\\/final-de-semana-em-santos-tem-previsao-de-pancadas-de-chuva\"},\"author\":{\"name\":\"Gustavo Silva\",\"@id\":\"https:\\\/\\\/redenoticiaz.com.br\\\/litoralsp\\\/#\\\/schema\\\/person\\\/16057b37a3c0ee6b096d7f887c566e2e\"},\"headline\":\"Final de semana em Santos tem previs\u00e3o de pancadas de chuva\",\"datePublished\":\"2025-01-03T22:30:10+00:00\",\"mainEntityOfPage\":{\"@id\":\"https:\\\/\\\/redenoticiaz.com.br\\\/litoralsp\\\/2025\\\/01\\\/03\\\/final-de-semana-em-santos-tem-previsao-de-pancadas-de-chuva\"},\"wordCount\":206,\"commentCount\":0,\"publisher\":{\"@id\":\"https:\\\/\\\/redenoticiaz.com.br\\\/litoralsp\\\/#organization\"},\"image\":{\"@id\":\"https:\\\/\\\/redenoticiaz.com.br\\\/litoralsp\\\/2025\\\/01\\\/03\\\/final-de-semana-em-santos-tem-previsao-de-pancadas-de-chuva#primaryimage\"},\"thumbnailUrl\":\"https:\\\/\\\/redenoticiaz.com.br\\\/litoralsp\\\/wp-content\\\/uploads\\\/sites\\\/3\\\/2023\\\/04\\\/chuva-sts.jpg\",\"keywords\":[\"pancadas de chuva\",\"Santos\",\"volume\",\"volume de chuva\"],\"articleSection\":[\"Climatologia\",\"Santos\"],\"inLanguage\":\"pt-BR\",\"potentialAction\":[{\"@type\":\"CommentAction\",\"name\":\"Comment\",\"target\":[\"https:\\\/\\\/redenoticiaz.com.br\\\/litoralsp\\\/2025\\\/01\\\/03\\\/final-de-semana-em-santos-tem-previsao-de-pancadas-de-chuva#respond\"]}]},{\"@type\":\"WebPage\",\"@id\":\"https:\\\/\\\/redenoticiaz.com.br\\\/litoralsp\\\/2025\\\/01\\\/03\\\/final-de-semana-em-santos-tem-previsao-de-pancadas-de-chuva\",\"url\":\"https:\\\/\\\/redenoticiaz.com.br\\\/litoralsp\\\/2025\\\/01\\\/03\\\/final-de-semana-em-santos-tem-previsao-de-pancadas-de-chuva\",\"name\":\"Final de semana em Santos tem previs\u00e3o de pancadas de chuva - Litoral SP\",\"isPartOf\":{\"@id\":\"https:\\\/\\\/redenoticiaz.com.br\\\/litoralsp\\\/#website\"},\"primaryImageOfPage\":{\"@id\":\"https:\\\/\\\/redenoticiaz.com.br\\\/litoralsp\\\/2025\\\/01\\\/03\\\/final-de-semana-em-santos-tem-previsao-de-pancadas-de-chuva#primaryimage\"},\"image\":{\"@id\":\"https:\\\/\\\/redenoticiaz.com.br\\\/litoralsp\\\/2025\\\/01\\\/03\\\/final-de-semana-em-santos-tem-previsao-de-pancadas-de-chuva#primaryimage\"},\"thumbnailUrl\":\"https:\\\/\\\/redenoticiaz.com.br\\\/litoralsp\\\/wp-content\\\/uploads\\\/sites\\\/3\\\/2023\\\/04\\\/chuva-sts.jpg\",\"datePublished\":\"2025-01-03T22:30:10+00:00\",\"description\":\"O volume de chuva previsto \u00e9 moderado, mas h\u00e1 possibilidade de precipita\u00e7\u00e3o de forte intensidade em alguns momentos, caracter\u00edstica t\u00edpica de chuvas de ver\u00e3o.\",\"inLanguage\":\"pt-BR\",\"potentialAction\":[{\"@type\":\"ReadAction\",\"target\":[\"https:\\\/\\\/redenoticiaz.com.br\\\/litoralsp\\\/2025\\\/01\\\/03\\\/final-de-semana-em-santos-tem-previsao-de-pancadas-de-chuva\"]}]},{\"@type\":\"ImageObject\",\"inLanguage\":\"pt-BR\",\"@id\":\"https:\\\/\\\/redenoticiaz.com.br\\\/litoralsp\\\/2025\\\/01\\\/03\\\/final-de-semana-em-santos-tem-previsao-de-pancadas-de-chuva#primaryimage\",\"url\":\"https:\\\/\\\/redenoticiaz.com.br\\\/litoralsp\\\/wp-content\\\/uploads\\\/sites\\\/3\\\/2023\\\/04\\\/chuva-sts.jpg\",\"contentUrl\":\"https:\\\/\\\/redenoticiaz.com.br\\\/litoralsp\\\/wp-content\\\/uploads\\\/sites\\\/3\\\/2023\\\/04\\\/chuva-sts.jpg\",\"width\":927,\"height\":522,\"caption\":\"Cr\u00e9ditos: Divulga\u00e7\u00e3o\\\/Prefeitura de Santos\"},{\"@type\":\"WebSite\",\"@id\":\"https:\\\/\\\/redenoticiaz.com.br\\\/litoralsp\\\/#website\",\"url\":\"https:\\\/\\\/redenoticiaz.com.br\\\/litoralsp\\\/\",\"name\":\"Litoral SP\",\"description\":\"Rede NoticiaZ\",\"publisher\":{\"@id\":\"https:\\\/\\\/redenoticiaz.com.br\\\/litoralsp\\\/#organization\"},\"potentialAction\":[{\"@type\":\"SearchAction\",\"target\":{\"@type\":\"EntryPoint\",\"urlTemplate\":\"https:\\\/\\\/redenoticiaz.com.br\\\/litoralsp\\\/?s={search_term_string}\"},\"query-input\":{\"@type\":\"PropertyValueSpecification\",\"valueRequired\":true,\"valueName\":\"search_term_string\"}}],\"inLanguage\":\"pt-BR\"},{\"@type\":\"Organization\",\"@id\":\"https:\\\/\\\/redenoticiaz.com.br\\\/litoralsp\\\/#organization\",\"name\":\"Litoral SP\",\"url\":\"https:\\\/\\\/redenoticiaz.com.br\\\/litoralsp\\\/\",\"logo\":{\"@type\":\"ImageObject\",\"inLanguage\":\"pt-BR\",\"@id\":\"https:\\\/\\\/redenoticiaz.com.br\\\/litoralsp\\\/#\\\/schema\\\/logo\\\/image\\\/\",\"url\":\"https:\\\/\\\/redenoticiaz.com.br\\\/litoralsp\\\/wp-content\\\/uploads\\\/sites\\\/3\\\/2020\\\/11\\\/logo.jpg\",\"contentUrl\":\"https:\\\/\\\/redenoticiaz.com.br\\\/litoralsp\\\/wp-content\\\/uploads\\\/sites\\\/3\\\/2020\\\/11\\\/logo.jpg\",\"width\":400,\"height\":250,\"caption\":\"Litoral SP\"},\"image\":{\"@id\":\"https:\\\/\\\/redenoticiaz.com.br\\\/litoralsp\\\/#\\\/schema\\\/logo\\\/image\\\/\"}},{\"@type\":\"Person\",\"@id\":\"https:\\\/\\\/redenoticiaz.com.br\\\/litoralsp\\\/#\\\/schema\\\/person\\\/16057b37a3c0ee6b096d7f887c566e2e\",\"name\":\"Gustavo Silva\",\"image\":{\"@type\":\"ImageObject\",\"inLanguage\":\"pt-BR\",\"@id\":\"https:\\\/\\\/secure.gravatar.com\\\/avatar\\\/3ee4e82f93b26de0a7cf4ea5eb7893da637ed6bb0c9170c58065944c56e28a33?s=96&d=mm&r=g\",\"url\":\"https:\\\/\\\/secure.gravatar.com\\\/avatar\\\/3ee4e82f93b26de0a7cf4ea5eb7893da637ed6bb0c9170c58065944c56e28a33?s=96&d=mm&r=g\",\"contentUrl\":\"https:\\\/\\\/secure.gravatar.com\\\/avatar\\\/3ee4e82f93b26de0a7cf4ea5eb7893da637ed6bb0c9170c58065944c56e28a33?s=96&d=mm&r=g\",\"caption\":\"Gustavo Silva\"},\"url\":\"https:\\\/\\\/redenoticiaz.com.br\\\/litoralsp\\\/author\\\/gustavosilva\"}]}<\/script>\n<!-- \/ Yoast SEO plugin. -->","yoast_head_json":{"title":"Final de semana em Santos tem previs\u00e3o de pancadas de chuva - Litoral SP","description":"O volume de chuva previsto \u00e9 moderado, mas h\u00e1 possibilidade de precipita\u00e7\u00e3o de forte intensidade em alguns momentos, caracter\u00edstica t\u00edpica de chuvas de ver\u00e3o.","robots":{"index":"index","follow":"follow","max-snippet":"max-snippet:-1","max-image-preview":"max-image-preview:large","max-video-preview":"max-video-preview:-1"},"canonical":"https:\/\/redenoticiaz.com.br\/litoralsp\/2025\/01\/03\/final-de-semana-em-santos-tem-previsao-de-pancadas-de-chuva","og_locale":"pt_BR","og_type":"article","og_title":"Final de semana em Santos tem previs\u00e3o de pancadas de chuva - Litoral SP","og_description":"O volume de chuva previsto \u00e9 moderado, mas h\u00e1 possibilidade de precipita\u00e7\u00e3o de forte intensidade em alguns momentos, caracter\u00edstica t\u00edpica de chuvas de ver\u00e3o.","og_url":"https:\/\/redenoticiaz.com.br\/litoralsp\/2025\/01\/03\/final-de-semana-em-santos-tem-previsao-de-pancadas-de-chuva","og_site_name":"Litoral SP","article_published_time":"2025-01-03T22:30:10+00:00","og_image":[{"width":927,"height":522,"url":"https:\/\/redenoticiaz.com.br\/litoralsp\/wp-content\/uploads\/sites\/3\/2023\/04\/chuva-sts.jpg","type":"image\/jpeg"}],"author":"Gustavo Silva","twitter_card":"summary_large_image","twitter_misc":{"Escrito por":"Gustavo Silva","Est. tempo de leitura":"1 minuto"},"schema":{"@context":"https:\/\/schema.org","@graph":[{"@type":"Article","@id":"https:\/\/redenoticiaz.com.br\/litoralsp\/2025\/01\/03\/final-de-semana-em-santos-tem-previsao-de-pancadas-de-chuva#article","isPartOf":{"@id":"https:\/\/redenoticiaz.com.br\/litoralsp\/2025\/01\/03\/final-de-semana-em-santos-tem-previsao-de-pancadas-de-chuva"},"author":{"name":"Gustavo Silva","@id":"https:\/\/redenoticiaz.com.br\/litoralsp\/#\/schema\/person\/16057b37a3c0ee6b096d7f887c566e2e"},"headline":"Final de semana em Santos tem previs\u00e3o de pancadas de chuva","datePublished":"2025-01-03T22:30:10+00:00","mainEntityOfPage":{"@id":"https:\/\/redenoticiaz.com.br\/litoralsp\/2025\/01\/03\/final-de-semana-em-santos-tem-previsao-de-pancadas-de-chuva"},"wordCount":206,"commentCount":0,"publisher":{"@id":"https:\/\/redenoticiaz.com.br\/litoralsp\/#organization"},"image":{"@id":"https:\/\/redenoticiaz.com.br\/litoralsp\/2025\/01\/03\/final-de-semana-em-santos-tem-previsao-de-pancadas-de-chuva#primaryimage"},"thumbnailUrl":"https:\/\/redenoticiaz.com.br\/litoralsp\/wp-content\/uploads\/sites\/3\/2023\/04\/chuva-sts.jpg","keywords":["pancadas de chuva","Santos","volume","volume de chuva"],"articleSection":["Climatologia","Santos"],"inLanguage":"pt-BR","potentialAction":[{"@type":"CommentAction","name":"Comment","target":["https:\/\/redenoticiaz.com.br\/litoralsp\/2025\/01\/03\/final-de-semana-em-santos-tem-previsao-de-pancadas-de-chuva#respond"]}]},{"@type":"WebPage","@id":"https:\/\/redenoticiaz.com.br\/litoralsp\/2025\/01\/03\/final-de-semana-em-santos-tem-previsao-de-pancadas-de-chuva","url":"https:\/\/redenoticiaz.com.br\/litoralsp\/2025\/01\/03\/final-de-semana-em-santos-tem-previsao-de-pancadas-de-chuva","name":"Final de semana em Santos tem previs\u00e3o de pancadas de chuva - Litoral SP","isPartOf":{"@id":"https:\/\/redenoticiaz.com.br\/litoralsp\/#website"},"primaryImageOfPage":{"@id":"https:\/\/redenoticiaz.com.br\/litoralsp\/2025\/01\/03\/final-de-semana-em-santos-tem-previsao-de-pancadas-de-chuva#primaryimage"},"image":{"@id":"https:\/\/redenoticiaz.com.br\/litoralsp\/2025\/01\/03\/final-de-semana-em-santos-tem-previsao-de-pancadas-de-chuva#primaryimage"},"thumbnailUrl":"https:\/\/redenoticiaz.com.br\/litoralsp\/wp-content\/uploads\/sites\/3\/2023\/04\/chuva-sts.jpg","datePublished":"2025-01-03T22:30:10+00:00","description":"O volume de chuva previsto \u00e9 moderado, mas h\u00e1 possibilidade de precipita\u00e7\u00e3o de forte intensidade em alguns momentos, caracter\u00edstica t\u00edpica de chuvas de ver\u00e3o.","inLanguage":"pt-BR","potentialAction":[{"@type":"ReadAction","target":["https:\/\/redenoticiaz.com.br\/litoralsp\/2025\/01\/03\/final-de-semana-em-santos-tem-previsao-de-pancadas-de-chuva"]}]},{"@type":"ImageObject","inLanguage":"pt-BR","@id":"https:\/\/redenoticiaz.com.br\/litoralsp\/2025\/01\/03\/final-de-semana-em-santos-tem-previsao-de-pancadas-de-chuva#primaryimage","url":"https:\/\/redenoticiaz.com.br\/litoralsp\/wp-content\/uploads\/sites\/3\/2023\/04\/chuva-sts.jpg","contentUrl":"https:\/\/redenoticiaz.com.br\/litoralsp\/wp-content\/uploads\/sites\/3\/2023\/04\/chuva-sts.jpg","width":927,"height":522,"caption":"Cr\u00e9ditos: Divulga\u00e7\u00e3o\/Prefeitura de Santos"},{"@type":"WebSite","@id":"https:\/\/redenoticiaz.com.br\/litoralsp\/#website","url":"https:\/\/redenoticiaz.com.br\/litoralsp\/","name":"Litoral SP","description":"Rede NoticiaZ","publisher":{"@id":"https:\/\/redenoticiaz.com.br\/litoralsp\/#organization"},"potentialAction":[{"@type":"SearchAction","target":{"@type":"EntryPoint","urlTemplate":"https:\/\/redenoticiaz.com.br\/litoralsp\/?s={search_term_string}"},"query-input":{"@type":"PropertyValueSpecification","valueRequired":true,"valueName":"search_term_string"}}],"inLanguage":"pt-BR"},{"@type":"Organization","@id":"https:\/\/redenoticiaz.com.br\/litoralsp\/#organization","name":"Litoral SP","url":"https:\/\/redenoticiaz.com.br\/litoralsp\/","logo":{"@type":"ImageObject","inLanguage":"pt-BR","@id":"https:\/\/redenoticiaz.com.br\/litoralsp\/#\/schema\/logo\/image\/","url":"https:\/\/redenoticiaz.com.br\/litoralsp\/wp-content\/uploads\/sites\/3\/2020\/11\/logo.jpg","contentUrl":"https:\/\/redenoticiaz.com.br\/litoralsp\/wp-content\/uploads\/sites\/3\/2020\/11\/logo.jpg","width":400,"height":250,"caption":"Litoral SP"},"image":{"@id":"https:\/\/redenoticiaz.com.br\/litoralsp\/#\/schema\/logo\/image\/"}},{"@type":"Person","@id":"https:\/\/redenoticiaz.com.br\/litoralsp\/#\/schema\/person\/16057b37a3c0ee6b096d7f887c566e2e","name":"Gustavo Silva","image":{"@type":"ImageObject","inLanguage":"pt-BR","@id":"https:\/\/secure.gravatar.com\/avatar\/3ee4e82f93b26de0a7cf4ea5eb7893da637ed6bb0c9170c58065944c56e28a33?s=96&d=mm&r=g","url":"https:\/\/secure.gravatar.com\/avatar\/3ee4e82f93b26de0a7cf4ea5eb7893da637ed6bb0c9170c58065944c56e28a33?s=96&d=mm&r=g","contentUrl":"https:\/\/secure.gravatar.com\/avatar\/3ee4e82f93b26de0a7cf4ea5eb7893da637ed6bb0c9170c58065944c56e28a33?s=96&d=mm&r=g","caption":"Gustavo Silva"},"url":"https:\/\/redenoticiaz.com.br\/litoralsp\/author\/gustavosilva"}]}},"_links":{"self":[{"href":"https:\/\/redenoticiaz.com.br\/litoralsp\/wp-json\/wp\/v2\/posts\/120029","targetHints":{"allow":["GET"]}}],"collection":[{"href":"https:\/\/redenoticiaz.com.br\/litoralsp\/wp-json\/wp\/v2\/posts"}],"about":[{"href":"https:\/\/redenoticiaz.com.br\/litoralsp\/wp-json\/wp\/v2\/types\/post"}],"author":[{"embeddable":true,"href":"https:\/\/redenoticiaz.com.br\/litoralsp\/wp-json\/wp\/v2\/users\/12"}],"replies":[{"embeddable":true,"href":"https:\/\/redenoticiaz.com.br\/litoralsp\/wp-json\/wp\/v2\/comments?post=120029"}],"version-history":[{"count":1,"href":"https:\/\/redenoticiaz.com.br\/litoralsp\/wp-json\/wp\/v2\/posts\/120029\/revisions"}],"predecessor-version":[{"id":120030,"href":"https:\/\/redenoticiaz.com.br\/litoralsp\/wp-json\/wp\/v2\/posts\/120029\/revisions\/120030"}],"wp:featuredmedia":[{"embeddable":true,"href":"https:\/\/redenoticiaz.com.br\/litoralsp\/wp-json\/wp\/v2\/media\/104329"}],"wp:attachment":[{"href":"https:\/\/redenoticiaz.com.br\/litoralsp\/wp-json\/wp\/v2\/media?parent=120029"}],"wp:term":[{"taxonomy":"category","embeddable":true,"href":"https:\/\/redenoticiaz.com.br\/litoralsp\/wp-json\/wp\/v2\/categories?post=120029"},{"taxonomy":"post_tag","embeddable":true,"href":"https:\/\/redenoticiaz.com.br\/litoralsp\/wp-json\/wp\/v2\/tags?post=120029"}],"curies":[{"name":"wp","href":"https:\/\/api.w.org\/{rel}","templated":true}]}}