{"id":120093,"date":"2025-01-11T15:00:45","date_gmt":"2025-01-11T18:00:45","guid":{"rendered":"https:\/\/redenoticiaz.com.br\/litoralsp\/?p=120093"},"modified":"2025-01-08T16:27:34","modified_gmt":"2025-01-08T19:27:34","slug":"verao-como-economizar-energia-sem-abrir-mao-de-conforto-e-seguranca","status":"publish","type":"post","link":"https:\/\/redenoticiaz.com.br\/litoralsp\/2025\/01\/11\/verao-como-economizar-energia-sem-abrir-mao-de-conforto-e-seguranca","title":{"rendered":"Ver\u00e3o: Como economizar energia sem abrir m\u00e3o de conforto e seguran\u00e7a"},"content":{"rendered":"<p>O ver\u00e3o de 2025 promete ser um dos mais intensos j\u00e1 registrados no Brasil, segundo a Organiza\u00e7\u00e3o Meteorol\u00f3gica Mundial (OMM). Com o calor extremo, cresce a busca por conforto proporcionado por aparelhos como o ar-condicionado, ventiladores e refrigeradores. Para evitar surpresas na conta de luz e garantir seguran\u00e7a no uso de novos equipamentos, a CPFL Piratininga orienta seus consumidores sobre pr\u00e1ticas conscientes e destaca a import\u00e2ncia de manter as instala\u00e7\u00f5es internas dos im\u00f3veis bem dimensionadas.<\/p>\n<p>\u201cA escolha de equipamentos com selo de efici\u00eancia A do INMETRO e a utiliza\u00e7\u00e3o correta s\u00e3o essenciais para controlar o consumo e os gastos\u201d, recomenda Walter Barbosa J\u00fanior, gerente de Efici\u00eancia Energ\u00e9tica da CPFL. Ele ressalta que h\u00e1bitos conscientes s\u00e3o determinantes: \u201cFazer boas escolhas \u00e9 fundamental. Afinal, os h\u00e1bitos de cada consumidor e os tipos de aparelhos utilizados definem o impacto na conta de energia no fim do m\u00eas.\u201d<\/p>\n<p>Walter tamb\u00e9m indica o uso de uma ferramenta \u00fatil para evitar surpresas no fim do m\u00eas: \u201cA CPFL disponibiliza no site e aplicativo da empresa a plataforma Conta F\u00e1cil, que ajuda os consumidores a monitorarem o consumo de energia, comparar per\u00edodos e adotar medidas mais assertivas para economizar\u201d, destaca.<\/p>\n<p><strong>Orienta\u00e7\u00f5es da CPFL Piratininga para o uso eficiente e seguro<\/strong><\/p>\n<p><strong>Ar-condicionado<\/strong><\/p>\n<p>Representa at\u00e9 15% do valor de sua conta de luz, \u00e9 um dos principais aliados para amenizar o calor durante a esta\u00e7\u00e3o. Para garantir o conforto, sem elevar o gasto, a recomenda\u00e7\u00e3o \u00e9 a instala\u00e7\u00e3o do modelo inverter, que economiza at\u00e9 40% em compara\u00e7\u00e3o aos convencionais.<\/p>\n<p><strong>Dicas:<\/strong> instale o aparelho em local com boa circula\u00e7\u00e3o de ar; mantenha portas e janelas fechadas, evitando assim a entrada de ar do ambiente externo; limpe sempre os filtros, a sujeira impede a livre circula\u00e7\u00e3o do ar e for\u00e7a o aparelho a trabalhar mais; mantenha o ar-condicionado sempre desligado quando voc\u00ea estiver fora do ambiente por muito tempo.<\/p>\n<p><strong>Ventilador<\/strong><\/p>\n<p>O ventilador \u00e9 uma alternativa mais econ\u00f4mica ao ar-condicionado, mas seu uso cont\u00ednuo requer aten\u00e7\u00e3o. Sempre que poss\u00edvel, mantenha portas e janelas abertas para aproveitar a ventila\u00e7\u00e3o natural e reduzir o tempo de uso do aparelho. No caso de ventiladores de teto, para que funcione de forma eficiente, respeite a altura sugerida pelo fabricante na hora da instala\u00e7\u00e3o, que geralmente \u00e9 de cerca de 2,30 metros.<\/p>\n<p><strong>Dicas:<\/strong> caso seu p\u00e9 direito seja maior que a altura recomendada pelo fabricante, ser\u00e1 necess\u00e1rio uso de haste maior para deixar o ventilador na altura correta; ligar o ventilador de teto junto com ar-condicionado ajuda a economizar energia el\u00e9trica, porque o ventilador faz com que o ar frio n\u00e3o se concentre apenas pr\u00f3ximo ao ch\u00e3o, mas que circule e refrigere todo o ambiente, promovendo sensa\u00e7\u00e3o de bem-estar.<\/p>\n<p><strong>Chuveiro el\u00e9trico<\/strong><\/p>\n<p>Outro aparelho que lidera o consumo de energia, sendo respons\u00e1vel por 25% a 35% dos gastos na conta de luz. Se configurado na posi\u00e7\u00e3o \u201cver\u00e3o\u201d, a estimativa \u00e9 que ocorra uma redu\u00e7\u00e3o de 30% no consumo.<\/p>\n<p><strong>Dica:<\/strong> manter o chuveiro desligado enquanto se ensaboa, colabora para que haja ainda mais economia.<\/p>\n<p><strong>Geladeira<\/strong><\/p>\n<p>Outro equipamento bastante utilizado nos dias quentes \u00e9 a geladeira. Em m\u00e9dia, ela representa de 15% a 20% da conta de luz.\u00a0 Instale-a em local bem ventilado, n\u00e3o encostando em paredes ou m\u00f3veis, longe de raios solares e fontes de calor, como fog\u00f5es e estufas.\u00a0 Para melhor aproveitamento, abra somente quando necess\u00e1rio e evite deix\u00e1-la aberta por muito tempo.<\/p>\n<p><strong>Dicas:<\/strong> mantenha as borrachas de veda\u00e7\u00e3o da porta em bom estado; guarde ou retire alimentos e bebidas de uma s\u00f3 vez, assim, voc\u00ea n\u00e3o ficar\u00e1 abrindo a porta da geladeira sem necessidade; n\u00e3o bloqueie a circula\u00e7\u00e3o interna de ar frio com prateleiras de vidro, pl\u00e1stico ou de outros materiais; nunca utilize a parte traseira da geladeira para secar panos ou roupas.<\/p>\n<p><strong>Planejamento para aquisi\u00e7\u00e3o de novos equipamentos e cuidados com as instala\u00e7\u00f5es internas<\/strong><\/p>\n<p>A CPFL Piratininga oferece um servi\u00e7o gratuito de an\u00e1lise para garantir que as instala\u00e7\u00f5es internas do im\u00f3vel estejam adequadas ao aumento da demanda de energia. \u201cDependendo do n\u00famero de equipamentos adquiridos, pode ser necess\u00e1rio refor\u00e7ar as instala\u00e7\u00f5es internas para evitar riscos, como superaquecimento e quedas de energia\u201d, explica Renato Lucas de Freitas, gerente de servi\u00e7os comerciais da distribuidora.\u00a0 Para solicitar a an\u00e1lise, basta entrar em contato pelos canais de atendimento da empresa. O servi\u00e7o \u00e9 realizado por t\u00e9cnicos habilitados e sem custos para o cliente.<\/p>\n<p>Al\u00e9m do planejamento para novos equipamentos, \u00e9 fundamental verificar regularmente as condi\u00e7\u00f5es das instala\u00e7\u00f5es el\u00e9tricas do im\u00f3vel. &#8220;Liga\u00e7\u00f5es subdimensionadas podem causar riscos de seguran\u00e7a, desperd\u00edcio de energia e aumento nos custos. Por isso, recomendamos que os clientes contratem eletricistas qualificados para realizar instala\u00e7\u00f5es mais complexas e ajustes necess\u00e1rios nas instala\u00e7\u00f5es internas\u201d, refor\u00e7a Freitas.<\/p>\n<p>Mais informa\u00e7\u00f5es podem ser consultadas no site www.cpfl.com.br.<\/p>\n<p>Leia mais<\/p>\n<p><a href=\"https:\/\/redenoticiaz.com.br\/blog\/2024\/09\/21\/dicas-da-cpfl-piratininga-ajudam-a-controlar-o-uso-de-energia-e-economizar-na-conta\">Dicas da CPFL Piratininga ajudam a controlar o uso de energia e economizar na conta<\/a><\/p>\n<p><a href=\"https:\/\/redenoticiaz.com.br\/blog\/2024\/04\/16\/para-evitar-acidentes-em-casa-cpfl-piratininga-da-dicas-para-seguranca-a-populacao\">Para evitar acidentes em casa, CPFL Piratininga d\u00e1 dicas para seguran\u00e7a \u00e0 popula\u00e7\u00e3o<\/a><\/p>\n","protected":false},"excerpt":{"rendered":"<p>O ver\u00e3o de 2025 promete ser um dos mais intensos j\u00e1 registrados no Brasil, segundo a Organiza\u00e7\u00e3o Meteorol\u00f3gica Mundial (OMM). Com o calor extremo, cresce a busca por conforto proporcionado por aparelhos como o ar-condicionado, ventiladores e refrigeradores. Para evitar surpresas na conta de luz e garantir seguran\u00e7a no uso de novos equipamentos, a CPFL &hellip;<\/p>\n","protected":false},"author":12,"featured_media":120094,"comment_status":"open","ping_status":"closed","sticky":false,"template":"","format":"standard","meta":{"footnotes":""},"categories":[10278],"tags":[11283,47111,4255],"class_list":["post-120093","post","type-post","status-publish","format-standard","has-post-thumbnail","hentry","category-cidadania","tag-cpfl-piratininga","tag-energia","tag-verao"],"yoast_head":"<!-- This site is optimized with the Yoast SEO plugin v27.5 - https:\/\/yoast.com\/product\/yoast-seo-wordpress\/ -->\n<title>Ver\u00e3o: Como economizar energia sem abrir m\u00e3o de conforto e seguran\u00e7a - Litoral SP<\/title>\n<meta name=\"description\" content=\"O ver\u00e3o de 2025 promete ser um dos mais intensos j\u00e1 registrados no Brasil, segundo a Organiza\u00e7\u00e3o Meteorol\u00f3gica Mundial (OMM).\" \/>\n<meta name=\"robots\" content=\"index, follow, max-snippet:-1, max-image-preview:large, max-video-preview:-1\" \/>\n<link rel=\"canonical\" href=\"https:\/\/redenoticiaz.com.br\/litoralsp\/2025\/01\/11\/verao-como-economizar-energia-sem-abrir-mao-de-conforto-e-seguranca\" \/>\n<meta property=\"og:locale\" content=\"pt_BR\" \/>\n<meta property=\"og:type\" content=\"article\" \/>\n<meta property=\"og:title\" content=\"Ver\u00e3o: Como economizar energia sem abrir m\u00e3o de conforto e seguran\u00e7a - Litoral SP\" \/>\n<meta property=\"og:description\" content=\"O ver\u00e3o de 2025 promete ser um dos mais intensos j\u00e1 registrados no Brasil, segundo a Organiza\u00e7\u00e3o Meteorol\u00f3gica Mundial (OMM).\" \/>\n<meta property=\"og:url\" content=\"https:\/\/redenoticiaz.com.br\/litoralsp\/2025\/01\/11\/verao-como-economizar-energia-sem-abrir-mao-de-conforto-e-seguranca\" \/>\n<meta property=\"og:site_name\" content=\"Litoral SP\" \/>\n<meta property=\"article:published_time\" content=\"2025-01-11T18:00:45+00:00\" \/>\n<meta property=\"og:image\" content=\"https:\/\/redenoticiaz.com.br\/litoralsp\/wp-content\/uploads\/sites\/3\/2025\/01\/Captura-de-tela-2024-03-05-122828.jpg?v=1709652679\" \/>\n\t<meta property=\"og:image:width\" content=\"541\" \/>\n\t<meta property=\"og:image:height\" content=\"379\" \/>\n\t<meta property=\"og:image:type\" content=\"image\/jpeg\" \/>\n<meta name=\"author\" content=\"Gustavo Silva\" \/>\n<meta name=\"twitter:card\" content=\"summary_large_image\" \/>\n<meta name=\"twitter:label1\" content=\"Escrito por\" \/>\n\t<meta name=\"twitter:data1\" content=\"Gustavo Silva\" \/>\n\t<meta name=\"twitter:label2\" content=\"Est. tempo de leitura\" \/>\n\t<meta name=\"twitter:data2\" content=\"5 minutos\" \/>\n<script type=\"application\/ld+json\" class=\"yoast-schema-graph\">{\"@context\":\"https:\\\/\\\/schema.org\",\"@graph\":[{\"@type\":\"Article\",\"@id\":\"https:\\\/\\\/redenoticiaz.com.br\\\/litoralsp\\\/2025\\\/01\\\/11\\\/verao-como-economizar-energia-sem-abrir-mao-de-conforto-e-seguranca#article\",\"isPartOf\":{\"@id\":\"https:\\\/\\\/redenoticiaz.com.br\\\/litoralsp\\\/2025\\\/01\\\/11\\\/verao-como-economizar-energia-sem-abrir-mao-de-conforto-e-seguranca\"},\"author\":{\"name\":\"Gustavo Silva\",\"@id\":\"https:\\\/\\\/redenoticiaz.com.br\\\/litoralsp\\\/#\\\/schema\\\/person\\\/16057b37a3c0ee6b096d7f887c566e2e\"},\"headline\":\"Ver\u00e3o: Como economizar energia sem abrir m\u00e3o de conforto e seguran\u00e7a\",\"datePublished\":\"2025-01-11T18:00:45+00:00\",\"mainEntityOfPage\":{\"@id\":\"https:\\\/\\\/redenoticiaz.com.br\\\/litoralsp\\\/2025\\\/01\\\/11\\\/verao-como-economizar-energia-sem-abrir-mao-de-conforto-e-seguranca\"},\"wordCount\":889,\"commentCount\":0,\"publisher\":{\"@id\":\"https:\\\/\\\/redenoticiaz.com.br\\\/litoralsp\\\/#organization\"},\"image\":{\"@id\":\"https:\\\/\\\/redenoticiaz.com.br\\\/litoralsp\\\/2025\\\/01\\\/11\\\/verao-como-economizar-energia-sem-abrir-mao-de-conforto-e-seguranca#primaryimage\"},\"thumbnailUrl\":\"https:\\\/\\\/redenoticiaz.com.br\\\/litoralsp\\\/wp-content\\\/uploads\\\/sites\\\/3\\\/2025\\\/01\\\/Captura-de-tela-2024-03-05-122828.jpg?v=1709652679\",\"keywords\":[\"CPFL PIRATININGA\",\"energia\",\"VER\u00c3O\"],\"articleSection\":[\"Cidadania\"],\"inLanguage\":\"pt-BR\",\"potentialAction\":[{\"@type\":\"CommentAction\",\"name\":\"Comment\",\"target\":[\"https:\\\/\\\/redenoticiaz.com.br\\\/litoralsp\\\/2025\\\/01\\\/11\\\/verao-como-economizar-energia-sem-abrir-mao-de-conforto-e-seguranca#respond\"]}]},{\"@type\":\"WebPage\",\"@id\":\"https:\\\/\\\/redenoticiaz.com.br\\\/litoralsp\\\/2025\\\/01\\\/11\\\/verao-como-economizar-energia-sem-abrir-mao-de-conforto-e-seguranca\",\"url\":\"https:\\\/\\\/redenoticiaz.com.br\\\/litoralsp\\\/2025\\\/01\\\/11\\\/verao-como-economizar-energia-sem-abrir-mao-de-conforto-e-seguranca\",\"name\":\"Ver\u00e3o: Como economizar energia sem abrir m\u00e3o de conforto e seguran\u00e7a - Litoral SP\",\"isPartOf\":{\"@id\":\"https:\\\/\\\/redenoticiaz.com.br\\\/litoralsp\\\/#website\"},\"primaryImageOfPage\":{\"@id\":\"https:\\\/\\\/redenoticiaz.com.br\\\/litoralsp\\\/2025\\\/01\\\/11\\\/verao-como-economizar-energia-sem-abrir-mao-de-conforto-e-seguranca#primaryimage\"},\"image\":{\"@id\":\"https:\\\/\\\/redenoticiaz.com.br\\\/litoralsp\\\/2025\\\/01\\\/11\\\/verao-como-economizar-energia-sem-abrir-mao-de-conforto-e-seguranca#primaryimage\"},\"thumbnailUrl\":\"https:\\\/\\\/redenoticiaz.com.br\\\/litoralsp\\\/wp-content\\\/uploads\\\/sites\\\/3\\\/2025\\\/01\\\/Captura-de-tela-2024-03-05-122828.jpg?v=1709652679\",\"datePublished\":\"2025-01-11T18:00:45+00:00\",\"description\":\"O ver\u00e3o de 2025 promete ser um dos mais intensos j\u00e1 registrados no Brasil, segundo a Organiza\u00e7\u00e3o Meteorol\u00f3gica Mundial (OMM).\",\"inLanguage\":\"pt-BR\",\"potentialAction\":[{\"@type\":\"ReadAction\",\"target\":[\"https:\\\/\\\/redenoticiaz.com.br\\\/litoralsp\\\/2025\\\/01\\\/11\\\/verao-como-economizar-energia-sem-abrir-mao-de-conforto-e-seguranca\"]}]},{\"@type\":\"ImageObject\",\"inLanguage\":\"pt-BR\",\"@id\":\"https:\\\/\\\/redenoticiaz.com.br\\\/litoralsp\\\/2025\\\/01\\\/11\\\/verao-como-economizar-energia-sem-abrir-mao-de-conforto-e-seguranca#primaryimage\",\"url\":\"https:\\\/\\\/redenoticiaz.com.br\\\/litoralsp\\\/wp-content\\\/uploads\\\/sites\\\/3\\\/2025\\\/01\\\/Captura-de-tela-2024-03-05-122828.jpg?v=1709652679\",\"contentUrl\":\"https:\\\/\\\/redenoticiaz.com.br\\\/litoralsp\\\/wp-content\\\/uploads\\\/sites\\\/3\\\/2025\\\/01\\\/Captura-de-tela-2024-03-05-122828.jpg?v=1709652679\",\"width\":541,\"height\":379},{\"@type\":\"WebSite\",\"@id\":\"https:\\\/\\\/redenoticiaz.com.br\\\/litoralsp\\\/#website\",\"url\":\"https:\\\/\\\/redenoticiaz.com.br\\\/litoralsp\\\/\",\"name\":\"Litoral SP\",\"description\":\"Rede NoticiaZ\",\"publisher\":{\"@id\":\"https:\\\/\\\/redenoticiaz.com.br\\\/litoralsp\\\/#organization\"},\"potentialAction\":[{\"@type\":\"SearchAction\",\"target\":{\"@type\":\"EntryPoint\",\"urlTemplate\":\"https:\\\/\\\/redenoticiaz.com.br\\\/litoralsp\\\/?s={search_term_string}\"},\"query-input\":{\"@type\":\"PropertyValueSpecification\",\"valueRequired\":true,\"valueName\":\"search_term_string\"}}],\"inLanguage\":\"pt-BR\"},{\"@type\":\"Organization\",\"@id\":\"https:\\\/\\\/redenoticiaz.com.br\\\/litoralsp\\\/#organization\",\"name\":\"Litoral SP\",\"url\":\"https:\\\/\\\/redenoticiaz.com.br\\\/litoralsp\\\/\",\"logo\":{\"@type\":\"ImageObject\",\"inLanguage\":\"pt-BR\",\"@id\":\"https:\\\/\\\/redenoticiaz.com.br\\\/litoralsp\\\/#\\\/schema\\\/logo\\\/image\\\/\",\"url\":\"https:\\\/\\\/redenoticiaz.com.br\\\/litoralsp\\\/wp-content\\\/uploads\\\/sites\\\/3\\\/2020\\\/11\\\/logo.jpg\",\"contentUrl\":\"https:\\\/\\\/redenoticiaz.com.br\\\/litoralsp\\\/wp-content\\\/uploads\\\/sites\\\/3\\\/2020\\\/11\\\/logo.jpg\",\"width\":400,\"height\":250,\"caption\":\"Litoral SP\"},\"image\":{\"@id\":\"https:\\\/\\\/redenoticiaz.com.br\\\/litoralsp\\\/#\\\/schema\\\/logo\\\/image\\\/\"}},{\"@type\":\"Person\",\"@id\":\"https:\\\/\\\/redenoticiaz.com.br\\\/litoralsp\\\/#\\\/schema\\\/person\\\/16057b37a3c0ee6b096d7f887c566e2e\",\"name\":\"Gustavo Silva\",\"image\":{\"@type\":\"ImageObject\",\"inLanguage\":\"pt-BR\",\"@id\":\"https:\\\/\\\/secure.gravatar.com\\\/avatar\\\/3ee4e82f93b26de0a7cf4ea5eb7893da637ed6bb0c9170c58065944c56e28a33?s=96&d=mm&r=g\",\"url\":\"https:\\\/\\\/secure.gravatar.com\\\/avatar\\\/3ee4e82f93b26de0a7cf4ea5eb7893da637ed6bb0c9170c58065944c56e28a33?s=96&d=mm&r=g\",\"contentUrl\":\"https:\\\/\\\/secure.gravatar.com\\\/avatar\\\/3ee4e82f93b26de0a7cf4ea5eb7893da637ed6bb0c9170c58065944c56e28a33?s=96&d=mm&r=g\",\"caption\":\"Gustavo Silva\"},\"url\":\"https:\\\/\\\/redenoticiaz.com.br\\\/litoralsp\\\/author\\\/gustavosilva\"}]}<\/script>\n<!-- \/ Yoast SEO plugin. -->","yoast_head_json":{"title":"Ver\u00e3o: Como economizar energia sem abrir m\u00e3o de conforto e seguran\u00e7a - Litoral SP","description":"O ver\u00e3o de 2025 promete ser um dos mais intensos j\u00e1 registrados no Brasil, segundo a Organiza\u00e7\u00e3o Meteorol\u00f3gica Mundial (OMM).","robots":{"index":"index","follow":"follow","max-snippet":"max-snippet:-1","max-image-preview":"max-image-preview:large","max-video-preview":"max-video-preview:-1"},"canonical":"https:\/\/redenoticiaz.com.br\/litoralsp\/2025\/01\/11\/verao-como-economizar-energia-sem-abrir-mao-de-conforto-e-seguranca","og_locale":"pt_BR","og_type":"article","og_title":"Ver\u00e3o: Como economizar energia sem abrir m\u00e3o de conforto e seguran\u00e7a - Litoral SP","og_description":"O ver\u00e3o de 2025 promete ser um dos mais intensos j\u00e1 registrados no Brasil, segundo a Organiza\u00e7\u00e3o Meteorol\u00f3gica Mundial (OMM).","og_url":"https:\/\/redenoticiaz.com.br\/litoralsp\/2025\/01\/11\/verao-como-economizar-energia-sem-abrir-mao-de-conforto-e-seguranca","og_site_name":"Litoral SP","article_published_time":"2025-01-11T18:00:45+00:00","og_image":[{"width":541,"height":379,"url":"https:\/\/redenoticiaz.com.br\/litoralsp\/wp-content\/uploads\/sites\/3\/2025\/01\/Captura-de-tela-2024-03-05-122828.jpg?v=1709652679","type":"image\/jpeg"}],"author":"Gustavo Silva","twitter_card":"summary_large_image","twitter_misc":{"Escrito por":"Gustavo Silva","Est. tempo de leitura":"5 minutos"},"schema":{"@context":"https:\/\/schema.org","@graph":[{"@type":"Article","@id":"https:\/\/redenoticiaz.com.br\/litoralsp\/2025\/01\/11\/verao-como-economizar-energia-sem-abrir-mao-de-conforto-e-seguranca#article","isPartOf":{"@id":"https:\/\/redenoticiaz.com.br\/litoralsp\/2025\/01\/11\/verao-como-economizar-energia-sem-abrir-mao-de-conforto-e-seguranca"},"author":{"name":"Gustavo Silva","@id":"https:\/\/redenoticiaz.com.br\/litoralsp\/#\/schema\/person\/16057b37a3c0ee6b096d7f887c566e2e"},"headline":"Ver\u00e3o: Como economizar energia sem abrir m\u00e3o de conforto e seguran\u00e7a","datePublished":"2025-01-11T18:00:45+00:00","mainEntityOfPage":{"@id":"https:\/\/redenoticiaz.com.br\/litoralsp\/2025\/01\/11\/verao-como-economizar-energia-sem-abrir-mao-de-conforto-e-seguranca"},"wordCount":889,"commentCount":0,"publisher":{"@id":"https:\/\/redenoticiaz.com.br\/litoralsp\/#organization"},"image":{"@id":"https:\/\/redenoticiaz.com.br\/litoralsp\/2025\/01\/11\/verao-como-economizar-energia-sem-abrir-mao-de-conforto-e-seguranca#primaryimage"},"thumbnailUrl":"https:\/\/redenoticiaz.com.br\/litoralsp\/wp-content\/uploads\/sites\/3\/2025\/01\/Captura-de-tela-2024-03-05-122828.jpg?v=1709652679","keywords":["CPFL PIRATININGA","energia","VER\u00c3O"],"articleSection":["Cidadania"],"inLanguage":"pt-BR","potentialAction":[{"@type":"CommentAction","name":"Comment","target":["https:\/\/redenoticiaz.com.br\/litoralsp\/2025\/01\/11\/verao-como-economizar-energia-sem-abrir-mao-de-conforto-e-seguranca#respond"]}]},{"@type":"WebPage","@id":"https:\/\/redenoticiaz.com.br\/litoralsp\/2025\/01\/11\/verao-como-economizar-energia-sem-abrir-mao-de-conforto-e-seguranca","url":"https:\/\/redenoticiaz.com.br\/litoralsp\/2025\/01\/11\/verao-como-economizar-energia-sem-abrir-mao-de-conforto-e-seguranca","name":"Ver\u00e3o: Como economizar energia sem abrir m\u00e3o de conforto e seguran\u00e7a - Litoral SP","isPartOf":{"@id":"https:\/\/redenoticiaz.com.br\/litoralsp\/#website"},"primaryImageOfPage":{"@id":"https:\/\/redenoticiaz.com.br\/litoralsp\/2025\/01\/11\/verao-como-economizar-energia-sem-abrir-mao-de-conforto-e-seguranca#primaryimage"},"image":{"@id":"https:\/\/redenoticiaz.com.br\/litoralsp\/2025\/01\/11\/verao-como-economizar-energia-sem-abrir-mao-de-conforto-e-seguranca#primaryimage"},"thumbnailUrl":"https:\/\/redenoticiaz.com.br\/litoralsp\/wp-content\/uploads\/sites\/3\/2025\/01\/Captura-de-tela-2024-03-05-122828.jpg?v=1709652679","datePublished":"2025-01-11T18:00:45+00:00","description":"O ver\u00e3o de 2025 promete ser um dos mais intensos j\u00e1 registrados no Brasil, segundo a Organiza\u00e7\u00e3o Meteorol\u00f3gica Mundial (OMM).","inLanguage":"pt-BR","potentialAction":[{"@type":"ReadAction","target":["https:\/\/redenoticiaz.com.br\/litoralsp\/2025\/01\/11\/verao-como-economizar-energia-sem-abrir-mao-de-conforto-e-seguranca"]}]},{"@type":"ImageObject","inLanguage":"pt-BR","@id":"https:\/\/redenoticiaz.com.br\/litoralsp\/2025\/01\/11\/verao-como-economizar-energia-sem-abrir-mao-de-conforto-e-seguranca#primaryimage","url":"https:\/\/redenoticiaz.com.br\/litoralsp\/wp-content\/uploads\/sites\/3\/2025\/01\/Captura-de-tela-2024-03-05-122828.jpg?v=1709652679","contentUrl":"https:\/\/redenoticiaz.com.br\/litoralsp\/wp-content\/uploads\/sites\/3\/2025\/01\/Captura-de-tela-2024-03-05-122828.jpg?v=1709652679","width":541,"height":379},{"@type":"WebSite","@id":"https:\/\/redenoticiaz.com.br\/litoralsp\/#website","url":"https:\/\/redenoticiaz.com.br\/litoralsp\/","name":"Litoral SP","description":"Rede NoticiaZ","publisher":{"@id":"https:\/\/redenoticiaz.com.br\/litoralsp\/#organization"},"potentialAction":[{"@type":"SearchAction","target":{"@type":"EntryPoint","urlTemplate":"https:\/\/redenoticiaz.com.br\/litoralsp\/?s={search_term_string}"},"query-input":{"@type":"PropertyValueSpecification","valueRequired":true,"valueName":"search_term_string"}}],"inLanguage":"pt-BR"},{"@type":"Organization","@id":"https:\/\/redenoticiaz.com.br\/litoralsp\/#organization","name":"Litoral SP","url":"https:\/\/redenoticiaz.com.br\/litoralsp\/","logo":{"@type":"ImageObject","inLanguage":"pt-BR","@id":"https:\/\/redenoticiaz.com.br\/litoralsp\/#\/schema\/logo\/image\/","url":"https:\/\/redenoticiaz.com.br\/litoralsp\/wp-content\/uploads\/sites\/3\/2020\/11\/logo.jpg","contentUrl":"https:\/\/redenoticiaz.com.br\/litoralsp\/wp-content\/uploads\/sites\/3\/2020\/11\/logo.jpg","width":400,"height":250,"caption":"Litoral SP"},"image":{"@id":"https:\/\/redenoticiaz.com.br\/litoralsp\/#\/schema\/logo\/image\/"}},{"@type":"Person","@id":"https:\/\/redenoticiaz.com.br\/litoralsp\/#\/schema\/person\/16057b37a3c0ee6b096d7f887c566e2e","name":"Gustavo Silva","image":{"@type":"ImageObject","inLanguage":"pt-BR","@id":"https:\/\/secure.gravatar.com\/avatar\/3ee4e82f93b26de0a7cf4ea5eb7893da637ed6bb0c9170c58065944c56e28a33?s=96&d=mm&r=g","url":"https:\/\/secure.gravatar.com\/avatar\/3ee4e82f93b26de0a7cf4ea5eb7893da637ed6bb0c9170c58065944c56e28a33?s=96&d=mm&r=g","contentUrl":"https:\/\/secure.gravatar.com\/avatar\/3ee4e82f93b26de0a7cf4ea5eb7893da637ed6bb0c9170c58065944c56e28a33?s=96&d=mm&r=g","caption":"Gustavo Silva"},"url":"https:\/\/redenoticiaz.com.br\/litoralsp\/author\/gustavosilva"}]}},"_links":{"self":[{"href":"https:\/\/redenoticiaz.com.br\/litoralsp\/wp-json\/wp\/v2\/posts\/120093","targetHints":{"allow":["GET"]}}],"collection":[{"href":"https:\/\/redenoticiaz.com.br\/litoralsp\/wp-json\/wp\/v2\/posts"}],"about":[{"href":"https:\/\/redenoticiaz.com.br\/litoralsp\/wp-json\/wp\/v2\/types\/post"}],"author":[{"embeddable":true,"href":"https:\/\/redenoticiaz.com.br\/litoralsp\/wp-json\/wp\/v2\/users\/12"}],"replies":[{"embeddable":true,"href":"https:\/\/redenoticiaz.com.br\/litoralsp\/wp-json\/wp\/v2\/comments?post=120093"}],"version-history":[{"count":1,"href":"https:\/\/redenoticiaz.com.br\/litoralsp\/wp-json\/wp\/v2\/posts\/120093\/revisions"}],"predecessor-version":[{"id":120152,"href":"https:\/\/redenoticiaz.com.br\/litoralsp\/wp-json\/wp\/v2\/posts\/120093\/revisions\/120152"}],"wp:featuredmedia":[{"embeddable":true,"href":"https:\/\/redenoticiaz.com.br\/litoralsp\/wp-json\/wp\/v2\/media\/120094"}],"wp:attachment":[{"href":"https:\/\/redenoticiaz.com.br\/litoralsp\/wp-json\/wp\/v2\/media?parent=120093"}],"wp:term":[{"taxonomy":"category","embeddable":true,"href":"https:\/\/redenoticiaz.com.br\/litoralsp\/wp-json\/wp\/v2\/categories?post=120093"},{"taxonomy":"post_tag","embeddable":true,"href":"https:\/\/redenoticiaz.com.br\/litoralsp\/wp-json\/wp\/v2\/tags?post=120093"}],"curies":[{"name":"wp","href":"https:\/\/api.w.org\/{rel}","templated":true}]}}