{"id":120122,"date":"2025-01-09T18:30:30","date_gmt":"2025-01-09T21:30:30","guid":{"rendered":"https:\/\/redenoticiaz.com.br\/litoralsp\/?p=120122"},"modified":"2025-01-09T18:03:17","modified_gmt":"2025-01-09T21:03:17","slug":"em-patrulhamento-gcm-de-sao-vicente-captura-procurado-pela-justica","status":"publish","type":"post","link":"https:\/\/redenoticiaz.com.br\/litoralsp\/2025\/01\/09\/em-patrulhamento-gcm-de-sao-vicente-captura-procurado-pela-justica","title":{"rendered":"Em patrulhamento, GCM de S\u00e3o Vicente captura procurado pela justi\u00e7a"},"content":{"rendered":"<p>A presen\u00e7a ostensiva da Guarda Civil Municipal de S\u00e3o Vicente (GCM-SV) tem fortalecido cada vez mais o apoio \u00e0s demais for\u00e7as de seguran\u00e7a e \u00e0 popula\u00e7\u00e3o. Nesta segunda-feira (6), a equipe obteve sucesso na captura de um procurado pela justi\u00e7a no Centro da Cidade.<\/p>\n<p>A Ronda Ostensiva T\u00e1tica com Apoio de Motos (Rotam) da Guarda realizava patrulhamento preventivo, quando na Rua Jos\u00e9 Bonif\u00e1cio, nas proximidades do n\u00ba 404, identificou um indiv\u00edduo utilizando tornozeleira eletr\u00f4nica, que, ao se deparar com a presen\u00e7a dos agentes, demonstrou amplo nervosismo. A suspeita motivou a abordagem, na qual, em entrevista, o mesmo confessou que deveria ter retornado ao sistema prisional no dia 3 de janeiro, estando em desacordo com as suas obriga\u00e7\u00f5es.<\/p>\n<p>Foi realizada consulta pela Rotam e confirmada a situa\u00e7\u00e3o perante \u00e0 justi\u00e7a. Diante dos fatos, o indiv\u00edduo foi conduzido ao 1\u00ba Distrito Policial (DP), ficando \u00e0 disposi\u00e7\u00e3o das autoridades.<\/p>\n<p><strong>Leia mais<\/strong><\/p>\n<p><a href=\"https:\/\/redenoticiaz.com.br\/litoralsp\/2025\/01\/09\/video-piloto-morre-em-queda-de-aviao-em-ubatuba\">V\u00cdDEO \u2014 Piloto morre em queda de avi\u00e3o em Ubatuba<\/a><\/p>\n<p><a href=\"https:\/\/redenoticiaz.com.br\/litoralsp\/2025\/01\/09\/460-vagas-de-emprego-no-litoral-de-sao-paulo\">460 vagas de emprego no Litoral de S\u00e3o Paulo<\/a><\/p>\n","protected":false},"excerpt":{"rendered":"<p>A presen\u00e7a ostensiva da Guarda Civil Municipal de S\u00e3o Vicente (GCM-SV) tem fortalecido cada vez mais o apoio \u00e0s demais for\u00e7as de seguran\u00e7a e \u00e0 popula\u00e7\u00e3o. Nesta segunda-feira (6), a equipe obteve sucesso na captura de um procurado pela justi\u00e7a no Centro da Cidade. A Ronda Ostensiva T\u00e1tica com Apoio de Motos (Rotam) da Guarda &hellip;<\/p>\n","protected":false},"author":12,"featured_media":120123,"comment_status":"open","ping_status":"closed","sticky":false,"template":"","format":"standard","meta":{"footnotes":""},"categories":[10,181],"tags":[3922,33,57500],"class_list":["post-120122","post","type-post","status-publish","format-standard","has-post-thumbnail","hentry","category-policia","category-sao-vicente","tag-justica","tag-sao-vicente","tag-sistema-prisional"],"yoast_head":"<!-- This site is optimized with the Yoast SEO plugin v27.4 - https:\/\/yoast.com\/product\/yoast-seo-wordpress\/ -->\n<title>Em patrulhamento, GCM de S\u00e3o Vicente captura procurado pela justi\u00e7a - Litoral SP<\/title>\n<meta name=\"description\" content=\"Nesta segunda-feira (6), a equipe obteve sucesso na captura de um procurado pela justi\u00e7a no Centro da Cidade.\" \/>\n<meta name=\"robots\" content=\"index, follow, max-snippet:-1, max-image-preview:large, max-video-preview:-1\" \/>\n<link rel=\"canonical\" href=\"https:\/\/redenoticiaz.com.br\/litoralsp\/2025\/01\/09\/em-patrulhamento-gcm-de-sao-vicente-captura-procurado-pela-justica\" \/>\n<meta property=\"og:locale\" content=\"pt_BR\" \/>\n<meta property=\"og:type\" content=\"article\" \/>\n<meta property=\"og:title\" content=\"Em patrulhamento, GCM de S\u00e3o Vicente captura procurado pela justi\u00e7a - Litoral SP\" \/>\n<meta property=\"og:description\" content=\"Nesta segunda-feira (6), a equipe obteve sucesso na captura de um procurado pela justi\u00e7a no Centro da Cidade.\" \/>\n<meta property=\"og:url\" content=\"https:\/\/redenoticiaz.com.br\/litoralsp\/2025\/01\/09\/em-patrulhamento-gcm-de-sao-vicente-captura-procurado-pela-justica\" \/>\n<meta property=\"og:site_name\" content=\"Litoral SP\" \/>\n<meta property=\"article:published_time\" content=\"2025-01-09T21:30:30+00:00\" \/>\n<meta property=\"og:image\" content=\"https:\/\/redenoticiaz.com.br\/litoralsp\/wp-content\/uploads\/sites\/3\/2025\/01\/image-1-scaled.jpg\" \/>\n\t<meta property=\"og:image:width\" content=\"1620\" \/>\n\t<meta property=\"og:image:height\" content=\"1080\" \/>\n\t<meta property=\"og:image:type\" content=\"image\/jpeg\" \/>\n<meta name=\"author\" content=\"Gustavo Silva\" \/>\n<meta name=\"twitter:card\" content=\"summary_large_image\" \/>\n<meta name=\"twitter:label1\" content=\"Escrito por\" \/>\n\t<meta name=\"twitter:data1\" content=\"Gustavo Silva\" \/>\n\t<meta name=\"twitter:label2\" content=\"Est. tempo de leitura\" \/>\n\t<meta name=\"twitter:data2\" content=\"2 minutos\" \/>\n<script type=\"application\/ld+json\" class=\"yoast-schema-graph\">{\"@context\":\"https:\\\/\\\/schema.org\",\"@graph\":[{\"@type\":\"Article\",\"@id\":\"https:\\\/\\\/redenoticiaz.com.br\\\/litoralsp\\\/2025\\\/01\\\/09\\\/em-patrulhamento-gcm-de-sao-vicente-captura-procurado-pela-justica#article\",\"isPartOf\":{\"@id\":\"https:\\\/\\\/redenoticiaz.com.br\\\/litoralsp\\\/2025\\\/01\\\/09\\\/em-patrulhamento-gcm-de-sao-vicente-captura-procurado-pela-justica\"},\"author\":{\"name\":\"Gustavo Silva\",\"@id\":\"https:\\\/\\\/redenoticiaz.com.br\\\/litoralsp\\\/#\\\/schema\\\/person\\\/16057b37a3c0ee6b096d7f887c566e2e\"},\"headline\":\"Em patrulhamento, GCM de S\u00e3o Vicente captura procurado pela justi\u00e7a\",\"datePublished\":\"2025-01-09T21:30:30+00:00\",\"mainEntityOfPage\":{\"@id\":\"https:\\\/\\\/redenoticiaz.com.br\\\/litoralsp\\\/2025\\\/01\\\/09\\\/em-patrulhamento-gcm-de-sao-vicente-captura-procurado-pela-justica\"},\"wordCount\":189,\"commentCount\":0,\"publisher\":{\"@id\":\"https:\\\/\\\/redenoticiaz.com.br\\\/litoralsp\\\/#organization\"},\"image\":{\"@id\":\"https:\\\/\\\/redenoticiaz.com.br\\\/litoralsp\\\/2025\\\/01\\\/09\\\/em-patrulhamento-gcm-de-sao-vicente-captura-procurado-pela-justica#primaryimage\"},\"thumbnailUrl\":\"https:\\\/\\\/redenoticiaz.com.br\\\/litoralsp\\\/wp-content\\\/uploads\\\/sites\\\/3\\\/2025\\\/01\\\/image-1-scaled.jpg\",\"keywords\":[\"justi\u00e7a\",\"S\u00e3o Vicente\",\"sistema prisional\"],\"articleSection\":[\"Pol\u00edcia\",\"S\u00e3o Vicente\"],\"inLanguage\":\"pt-BR\",\"potentialAction\":[{\"@type\":\"CommentAction\",\"name\":\"Comment\",\"target\":[\"https:\\\/\\\/redenoticiaz.com.br\\\/litoralsp\\\/2025\\\/01\\\/09\\\/em-patrulhamento-gcm-de-sao-vicente-captura-procurado-pela-justica#respond\"]}]},{\"@type\":\"WebPage\",\"@id\":\"https:\\\/\\\/redenoticiaz.com.br\\\/litoralsp\\\/2025\\\/01\\\/09\\\/em-patrulhamento-gcm-de-sao-vicente-captura-procurado-pela-justica\",\"url\":\"https:\\\/\\\/redenoticiaz.com.br\\\/litoralsp\\\/2025\\\/01\\\/09\\\/em-patrulhamento-gcm-de-sao-vicente-captura-procurado-pela-justica\",\"name\":\"Em patrulhamento, GCM de S\u00e3o Vicente captura procurado pela justi\u00e7a - Litoral SP\",\"isPartOf\":{\"@id\":\"https:\\\/\\\/redenoticiaz.com.br\\\/litoralsp\\\/#website\"},\"primaryImageOfPage\":{\"@id\":\"https:\\\/\\\/redenoticiaz.com.br\\\/litoralsp\\\/2025\\\/01\\\/09\\\/em-patrulhamento-gcm-de-sao-vicente-captura-procurado-pela-justica#primaryimage\"},\"image\":{\"@id\":\"https:\\\/\\\/redenoticiaz.com.br\\\/litoralsp\\\/2025\\\/01\\\/09\\\/em-patrulhamento-gcm-de-sao-vicente-captura-procurado-pela-justica#primaryimage\"},\"thumbnailUrl\":\"https:\\\/\\\/redenoticiaz.com.br\\\/litoralsp\\\/wp-content\\\/uploads\\\/sites\\\/3\\\/2025\\\/01\\\/image-1-scaled.jpg\",\"datePublished\":\"2025-01-09T21:30:30+00:00\",\"description\":\"Nesta segunda-feira (6), a equipe obteve sucesso na captura de um procurado pela justi\u00e7a no Centro da Cidade.\",\"inLanguage\":\"pt-BR\",\"potentialAction\":[{\"@type\":\"ReadAction\",\"target\":[\"https:\\\/\\\/redenoticiaz.com.br\\\/litoralsp\\\/2025\\\/01\\\/09\\\/em-patrulhamento-gcm-de-sao-vicente-captura-procurado-pela-justica\"]}]},{\"@type\":\"ImageObject\",\"inLanguage\":\"pt-BR\",\"@id\":\"https:\\\/\\\/redenoticiaz.com.br\\\/litoralsp\\\/2025\\\/01\\\/09\\\/em-patrulhamento-gcm-de-sao-vicente-captura-procurado-pela-justica#primaryimage\",\"url\":\"https:\\\/\\\/redenoticiaz.com.br\\\/litoralsp\\\/wp-content\\\/uploads\\\/sites\\\/3\\\/2025\\\/01\\\/image-1-scaled.jpg\",\"contentUrl\":\"https:\\\/\\\/redenoticiaz.com.br\\\/litoralsp\\\/wp-content\\\/uploads\\\/sites\\\/3\\\/2025\\\/01\\\/image-1-scaled.jpg\",\"width\":1620,\"height\":1080},{\"@type\":\"WebSite\",\"@id\":\"https:\\\/\\\/redenoticiaz.com.br\\\/litoralsp\\\/#website\",\"url\":\"https:\\\/\\\/redenoticiaz.com.br\\\/litoralsp\\\/\",\"name\":\"Litoral SP\",\"description\":\"Rede NoticiaZ\",\"publisher\":{\"@id\":\"https:\\\/\\\/redenoticiaz.com.br\\\/litoralsp\\\/#organization\"},\"potentialAction\":[{\"@type\":\"SearchAction\",\"target\":{\"@type\":\"EntryPoint\",\"urlTemplate\":\"https:\\\/\\\/redenoticiaz.com.br\\\/litoralsp\\\/?s={search_term_string}\"},\"query-input\":{\"@type\":\"PropertyValueSpecification\",\"valueRequired\":true,\"valueName\":\"search_term_string\"}}],\"inLanguage\":\"pt-BR\"},{\"@type\":\"Organization\",\"@id\":\"https:\\\/\\\/redenoticiaz.com.br\\\/litoralsp\\\/#organization\",\"name\":\"Litoral SP\",\"url\":\"https:\\\/\\\/redenoticiaz.com.br\\\/litoralsp\\\/\",\"logo\":{\"@type\":\"ImageObject\",\"inLanguage\":\"pt-BR\",\"@id\":\"https:\\\/\\\/redenoticiaz.com.br\\\/litoralsp\\\/#\\\/schema\\\/logo\\\/image\\\/\",\"url\":\"https:\\\/\\\/redenoticiaz.com.br\\\/litoralsp\\\/wp-content\\\/uploads\\\/sites\\\/3\\\/2020\\\/11\\\/logo.jpg\",\"contentUrl\":\"https:\\\/\\\/redenoticiaz.com.br\\\/litoralsp\\\/wp-content\\\/uploads\\\/sites\\\/3\\\/2020\\\/11\\\/logo.jpg\",\"width\":400,\"height\":250,\"caption\":\"Litoral SP\"},\"image\":{\"@id\":\"https:\\\/\\\/redenoticiaz.com.br\\\/litoralsp\\\/#\\\/schema\\\/logo\\\/image\\\/\"}},{\"@type\":\"Person\",\"@id\":\"https:\\\/\\\/redenoticiaz.com.br\\\/litoralsp\\\/#\\\/schema\\\/person\\\/16057b37a3c0ee6b096d7f887c566e2e\",\"name\":\"Gustavo Silva\",\"image\":{\"@type\":\"ImageObject\",\"inLanguage\":\"pt-BR\",\"@id\":\"https:\\\/\\\/secure.gravatar.com\\\/avatar\\\/3ee4e82f93b26de0a7cf4ea5eb7893da637ed6bb0c9170c58065944c56e28a33?s=96&d=mm&r=g\",\"url\":\"https:\\\/\\\/secure.gravatar.com\\\/avatar\\\/3ee4e82f93b26de0a7cf4ea5eb7893da637ed6bb0c9170c58065944c56e28a33?s=96&d=mm&r=g\",\"contentUrl\":\"https:\\\/\\\/secure.gravatar.com\\\/avatar\\\/3ee4e82f93b26de0a7cf4ea5eb7893da637ed6bb0c9170c58065944c56e28a33?s=96&d=mm&r=g\",\"caption\":\"Gustavo Silva\"},\"url\":\"https:\\\/\\\/redenoticiaz.com.br\\\/litoralsp\\\/author\\\/gustavosilva\"}]}<\/script>\n<!-- \/ Yoast SEO plugin. -->","yoast_head_json":{"title":"Em patrulhamento, GCM de S\u00e3o Vicente captura procurado pela justi\u00e7a - Litoral SP","description":"Nesta segunda-feira (6), a equipe obteve sucesso na captura de um procurado pela justi\u00e7a no Centro da Cidade.","robots":{"index":"index","follow":"follow","max-snippet":"max-snippet:-1","max-image-preview":"max-image-preview:large","max-video-preview":"max-video-preview:-1"},"canonical":"https:\/\/redenoticiaz.com.br\/litoralsp\/2025\/01\/09\/em-patrulhamento-gcm-de-sao-vicente-captura-procurado-pela-justica","og_locale":"pt_BR","og_type":"article","og_title":"Em patrulhamento, GCM de S\u00e3o Vicente captura procurado pela justi\u00e7a - Litoral SP","og_description":"Nesta segunda-feira (6), a equipe obteve sucesso na captura de um procurado pela justi\u00e7a no Centro da Cidade.","og_url":"https:\/\/redenoticiaz.com.br\/litoralsp\/2025\/01\/09\/em-patrulhamento-gcm-de-sao-vicente-captura-procurado-pela-justica","og_site_name":"Litoral SP","article_published_time":"2025-01-09T21:30:30+00:00","og_image":[{"width":1620,"height":1080,"url":"https:\/\/redenoticiaz.com.br\/litoralsp\/wp-content\/uploads\/sites\/3\/2025\/01\/image-1-scaled.jpg","type":"image\/jpeg"}],"author":"Gustavo Silva","twitter_card":"summary_large_image","twitter_misc":{"Escrito por":"Gustavo Silva","Est. tempo de leitura":"2 minutos"},"schema":{"@context":"https:\/\/schema.org","@graph":[{"@type":"Article","@id":"https:\/\/redenoticiaz.com.br\/litoralsp\/2025\/01\/09\/em-patrulhamento-gcm-de-sao-vicente-captura-procurado-pela-justica#article","isPartOf":{"@id":"https:\/\/redenoticiaz.com.br\/litoralsp\/2025\/01\/09\/em-patrulhamento-gcm-de-sao-vicente-captura-procurado-pela-justica"},"author":{"name":"Gustavo Silva","@id":"https:\/\/redenoticiaz.com.br\/litoralsp\/#\/schema\/person\/16057b37a3c0ee6b096d7f887c566e2e"},"headline":"Em patrulhamento, GCM de S\u00e3o Vicente captura procurado pela justi\u00e7a","datePublished":"2025-01-09T21:30:30+00:00","mainEntityOfPage":{"@id":"https:\/\/redenoticiaz.com.br\/litoralsp\/2025\/01\/09\/em-patrulhamento-gcm-de-sao-vicente-captura-procurado-pela-justica"},"wordCount":189,"commentCount":0,"publisher":{"@id":"https:\/\/redenoticiaz.com.br\/litoralsp\/#organization"},"image":{"@id":"https:\/\/redenoticiaz.com.br\/litoralsp\/2025\/01\/09\/em-patrulhamento-gcm-de-sao-vicente-captura-procurado-pela-justica#primaryimage"},"thumbnailUrl":"https:\/\/redenoticiaz.com.br\/litoralsp\/wp-content\/uploads\/sites\/3\/2025\/01\/image-1-scaled.jpg","keywords":["justi\u00e7a","S\u00e3o Vicente","sistema prisional"],"articleSection":["Pol\u00edcia","S\u00e3o Vicente"],"inLanguage":"pt-BR","potentialAction":[{"@type":"CommentAction","name":"Comment","target":["https:\/\/redenoticiaz.com.br\/litoralsp\/2025\/01\/09\/em-patrulhamento-gcm-de-sao-vicente-captura-procurado-pela-justica#respond"]}]},{"@type":"WebPage","@id":"https:\/\/redenoticiaz.com.br\/litoralsp\/2025\/01\/09\/em-patrulhamento-gcm-de-sao-vicente-captura-procurado-pela-justica","url":"https:\/\/redenoticiaz.com.br\/litoralsp\/2025\/01\/09\/em-patrulhamento-gcm-de-sao-vicente-captura-procurado-pela-justica","name":"Em patrulhamento, GCM de S\u00e3o Vicente captura procurado pela justi\u00e7a - Litoral SP","isPartOf":{"@id":"https:\/\/redenoticiaz.com.br\/litoralsp\/#website"},"primaryImageOfPage":{"@id":"https:\/\/redenoticiaz.com.br\/litoralsp\/2025\/01\/09\/em-patrulhamento-gcm-de-sao-vicente-captura-procurado-pela-justica#primaryimage"},"image":{"@id":"https:\/\/redenoticiaz.com.br\/litoralsp\/2025\/01\/09\/em-patrulhamento-gcm-de-sao-vicente-captura-procurado-pela-justica#primaryimage"},"thumbnailUrl":"https:\/\/redenoticiaz.com.br\/litoralsp\/wp-content\/uploads\/sites\/3\/2025\/01\/image-1-scaled.jpg","datePublished":"2025-01-09T21:30:30+00:00","description":"Nesta segunda-feira (6), a equipe obteve sucesso na captura de um procurado pela justi\u00e7a no Centro da Cidade.","inLanguage":"pt-BR","potentialAction":[{"@type":"ReadAction","target":["https:\/\/redenoticiaz.com.br\/litoralsp\/2025\/01\/09\/em-patrulhamento-gcm-de-sao-vicente-captura-procurado-pela-justica"]}]},{"@type":"ImageObject","inLanguage":"pt-BR","@id":"https:\/\/redenoticiaz.com.br\/litoralsp\/2025\/01\/09\/em-patrulhamento-gcm-de-sao-vicente-captura-procurado-pela-justica#primaryimage","url":"https:\/\/redenoticiaz.com.br\/litoralsp\/wp-content\/uploads\/sites\/3\/2025\/01\/image-1-scaled.jpg","contentUrl":"https:\/\/redenoticiaz.com.br\/litoralsp\/wp-content\/uploads\/sites\/3\/2025\/01\/image-1-scaled.jpg","width":1620,"height":1080},{"@type":"WebSite","@id":"https:\/\/redenoticiaz.com.br\/litoralsp\/#website","url":"https:\/\/redenoticiaz.com.br\/litoralsp\/","name":"Litoral SP","description":"Rede NoticiaZ","publisher":{"@id":"https:\/\/redenoticiaz.com.br\/litoralsp\/#organization"},"potentialAction":[{"@type":"SearchAction","target":{"@type":"EntryPoint","urlTemplate":"https:\/\/redenoticiaz.com.br\/litoralsp\/?s={search_term_string}"},"query-input":{"@type":"PropertyValueSpecification","valueRequired":true,"valueName":"search_term_string"}}],"inLanguage":"pt-BR"},{"@type":"Organization","@id":"https:\/\/redenoticiaz.com.br\/litoralsp\/#organization","name":"Litoral SP","url":"https:\/\/redenoticiaz.com.br\/litoralsp\/","logo":{"@type":"ImageObject","inLanguage":"pt-BR","@id":"https:\/\/redenoticiaz.com.br\/litoralsp\/#\/schema\/logo\/image\/","url":"https:\/\/redenoticiaz.com.br\/litoralsp\/wp-content\/uploads\/sites\/3\/2020\/11\/logo.jpg","contentUrl":"https:\/\/redenoticiaz.com.br\/litoralsp\/wp-content\/uploads\/sites\/3\/2020\/11\/logo.jpg","width":400,"height":250,"caption":"Litoral SP"},"image":{"@id":"https:\/\/redenoticiaz.com.br\/litoralsp\/#\/schema\/logo\/image\/"}},{"@type":"Person","@id":"https:\/\/redenoticiaz.com.br\/litoralsp\/#\/schema\/person\/16057b37a3c0ee6b096d7f887c566e2e","name":"Gustavo Silva","image":{"@type":"ImageObject","inLanguage":"pt-BR","@id":"https:\/\/secure.gravatar.com\/avatar\/3ee4e82f93b26de0a7cf4ea5eb7893da637ed6bb0c9170c58065944c56e28a33?s=96&d=mm&r=g","url":"https:\/\/secure.gravatar.com\/avatar\/3ee4e82f93b26de0a7cf4ea5eb7893da637ed6bb0c9170c58065944c56e28a33?s=96&d=mm&r=g","contentUrl":"https:\/\/secure.gravatar.com\/avatar\/3ee4e82f93b26de0a7cf4ea5eb7893da637ed6bb0c9170c58065944c56e28a33?s=96&d=mm&r=g","caption":"Gustavo Silva"},"url":"https:\/\/redenoticiaz.com.br\/litoralsp\/author\/gustavosilva"}]}},"_links":{"self":[{"href":"https:\/\/redenoticiaz.com.br\/litoralsp\/wp-json\/wp\/v2\/posts\/120122","targetHints":{"allow":["GET"]}}],"collection":[{"href":"https:\/\/redenoticiaz.com.br\/litoralsp\/wp-json\/wp\/v2\/posts"}],"about":[{"href":"https:\/\/redenoticiaz.com.br\/litoralsp\/wp-json\/wp\/v2\/types\/post"}],"author":[{"embeddable":true,"href":"https:\/\/redenoticiaz.com.br\/litoralsp\/wp-json\/wp\/v2\/users\/12"}],"replies":[{"embeddable":true,"href":"https:\/\/redenoticiaz.com.br\/litoralsp\/wp-json\/wp\/v2\/comments?post=120122"}],"version-history":[{"count":1,"href":"https:\/\/redenoticiaz.com.br\/litoralsp\/wp-json\/wp\/v2\/posts\/120122\/revisions"}],"predecessor-version":[{"id":120124,"href":"https:\/\/redenoticiaz.com.br\/litoralsp\/wp-json\/wp\/v2\/posts\/120122\/revisions\/120124"}],"wp:featuredmedia":[{"embeddable":true,"href":"https:\/\/redenoticiaz.com.br\/litoralsp\/wp-json\/wp\/v2\/media\/120123"}],"wp:attachment":[{"href":"https:\/\/redenoticiaz.com.br\/litoralsp\/wp-json\/wp\/v2\/media?parent=120122"}],"wp:term":[{"taxonomy":"category","embeddable":true,"href":"https:\/\/redenoticiaz.com.br\/litoralsp\/wp-json\/wp\/v2\/categories?post=120122"},{"taxonomy":"post_tag","embeddable":true,"href":"https:\/\/redenoticiaz.com.br\/litoralsp\/wp-json\/wp\/v2\/tags?post=120122"}],"curies":[{"name":"wp","href":"https:\/\/api.w.org\/{rel}","templated":true}]}}