{"id":120288,"date":"2025-07-16T08:24:51","date_gmt":"2025-07-16T11:24:51","guid":{"rendered":"https:\/\/redenoticiaz.com.br\/litoralsp\/2025\/07\/16\/eua-abrem-investigacao-comercial-contra-o-brasil"},"modified":"2025-07-16T08:24:51","modified_gmt":"2025-07-16T11:24:51","slug":"eua-abrem-investigacao-comercial-contra-o-brasil","status":"publish","type":"post","link":"https:\/\/redenoticiaz.com.br\/litoralsp\/2025\/07\/16\/eua-abrem-investigacao-comercial-contra-o-brasil","title":{"rendered":"EUA abrem investiga\u00e7\u00e3o comercial contra o Brasil"},"content":{"rendered":"<p>O Escrit\u00f3rio do Representante de Com\u00e9rcio dos Estados Unidos (USTR, na sigla em ingl\u00eas) anunciou nesta ter\u00e7a-feira (15) a abertura de uma <strong>investiga\u00e7\u00e3o comercial contra o Brasil,<\/strong> com base na Se\u00e7\u00e3o 301 da Lei Comercial norte-americana. A medida ocorre menos de<strong> uma semana ap\u00f3s o presidente dos EUA, Donald Trump, determinar uma tarifa de 50% sobre produtos brasileiros.<\/strong><\/p>\n<p>De acordo com comunicado oficial, a investiga\u00e7\u00e3o pretende apurar poss\u00edveis pr\u00e1ticas comerciais desleais do Brasil, especialmente no que diz respeito ao tratamento dado a empresas norte-americanas de tecnologia. Entre os exemplos citados est\u00e3o disputas judiciais envolvendo plataformas digitais dos Estados Unidos.<\/p>\n<p>A Se\u00e7\u00e3o 301, criada em 1974, autoriza o governo norte-americano a tomar medidas contra pa\u00edses que, segundo avalia\u00e7\u00e3o dos EUA, adotem pr\u00e1ticas comerciais \u201cinjustific\u00e1veis, irracionais ou discriminat\u00f3rias\u201d.<\/p>\n<p><em>\u201cSob a orienta\u00e7\u00e3o do Presidente Trump, estou iniciando uma investiga\u00e7\u00e3o nos termos da Se\u00e7\u00e3o 301 sobre os ataques do Brasil \u00e0s empresas americanas de m\u00eddia social, bem como outras pr\u00e1ticas comerciais desleais que prejudicam empresas, trabalhadores, agricultores e inovadores tecnol\u00f3gicos americanos<\/em>\u201d, afirmou o embaixador Jamieson Greer, atual Representante de Com\u00e9rcio dos EUA.<\/p>\n<p>LEIA MAIS<\/p>\n<p><a href=\"https:\/\/redenoticiaz.com.br\/blog\/2025\/07\/14\/governo-lula-reage-ao-tarifaco-de-trump-e-articula-acoes-politicas-e-economicas\">Governo Lula reage ao tarifa\u00e7o de Trump e articula a\u00e7\u00f5es pol\u00edticas e econ\u00f4micas<\/a><\/p>\n<p><a href=\"https:\/\/redenoticiaz.com.br\/blog\/2025\/07\/15\/cacau-park-abre-novas-vagas-para-diversas-areas\">Cacau Park abre NOVAS vagas para diversas \u00e1reas<\/a><\/p>\n","protected":false},"excerpt":{"rendered":"<p>O Escrit\u00f3rio do Representante de Com\u00e9rcio dos Estados Unidos (USTR, na sigla em ingl\u00eas) anunciou nesta ter\u00e7a-feira (15) a abertura de uma investiga\u00e7\u00e3o comercial contra o Brasil, com base na Se\u00e7\u00e3o 301 da Lei Comercial norte-americana. A medida ocorre menos de uma semana ap\u00f3s o presidente dos EUA, Donald Trump, determinar uma tarifa de 50% &hellip;<\/p>\n","protected":false},"author":30,"featured_media":102715,"comment_status":"open","ping_status":"closed","sticky":false,"template":"","format":"standard","meta":{"footnotes":""},"categories":[97],"tags":[173,64119,8552,4495,10972,1672],"class_list":["post-120288","post","type-post","status-publish","format-standard","has-post-thumbnail","hentry","category-economia","tag-brasil","tag-comercial","tag-donald-trump","tag-estados-unidos","tag-investigacao","tag-tarifa"],"yoast_head":"<!-- This site is optimized with the Yoast SEO plugin v27.4 - https:\/\/yoast.com\/product\/yoast-seo-wordpress\/ -->\n<title>EUA abrem investiga\u00e7\u00e3o comercial contra o Brasil - Litoral SP<\/title>\n<meta name=\"description\" content=\"O Escrit\u00f3rio do Representante de Com\u00e9rcio dos Estados Unidos (USTR) anunciou a abertura de uma investiga\u00e7\u00e3o comercial contra o Brasil,\" \/>\n<meta name=\"robots\" content=\"index, follow, max-snippet:-1, max-image-preview:large, max-video-preview:-1\" \/>\n<link rel=\"canonical\" href=\"https:\/\/redenoticiaz.com.br\/litoralsp\/2025\/07\/16\/eua-abrem-investigacao-comercial-contra-o-brasil\" \/>\n<meta property=\"og:locale\" content=\"pt_BR\" \/>\n<meta property=\"og:type\" content=\"article\" \/>\n<meta property=\"og:title\" content=\"EUA abrem investiga\u00e7\u00e3o comercial contra o Brasil - Litoral SP\" \/>\n<meta property=\"og:description\" content=\"O Escrit\u00f3rio do Representante de Com\u00e9rcio dos Estados Unidos (USTR) anunciou a abertura de uma investiga\u00e7\u00e3o comercial contra o Brasil,\" \/>\n<meta property=\"og:url\" content=\"https:\/\/redenoticiaz.com.br\/litoralsp\/2025\/07\/16\/eua-abrem-investigacao-comercial-contra-o-brasil\" \/>\n<meta property=\"og:site_name\" content=\"Litoral SP\" \/>\n<meta property=\"article:published_time\" content=\"2025-07-16T11:24:51+00:00\" \/>\n<meta property=\"og:image\" content=\"https:\/\/redenoticiaz.com.br\/litoralsp\/wp-content\/uploads\/sites\/3\/2023\/03\/trump.jpg?v=1602007613\" \/>\n\t<meta property=\"og:image:width\" content=\"1086\" \/>\n\t<meta property=\"og:image:height\" content=\"652\" \/>\n\t<meta property=\"og:image:type\" content=\"image\/jpeg\" \/>\n<meta name=\"author\" content=\"Carina Reifonas\" \/>\n<meta name=\"twitter:card\" content=\"summary_large_image\" \/>\n<meta name=\"twitter:label1\" content=\"Escrito por\" \/>\n\t<meta name=\"twitter:data1\" content=\"Carina Reifonas\" \/>\n\t<meta name=\"twitter:label2\" content=\"Est. tempo de leitura\" \/>\n\t<meta name=\"twitter:data2\" content=\"2 minutos\" \/>\n<script type=\"application\/ld+json\" class=\"yoast-schema-graph\">{\"@context\":\"https:\\\/\\\/schema.org\",\"@graph\":[{\"@type\":\"Article\",\"@id\":\"https:\\\/\\\/redenoticiaz.com.br\\\/litoralsp\\\/2025\\\/07\\\/16\\\/eua-abrem-investigacao-comercial-contra-o-brasil#article\",\"isPartOf\":{\"@id\":\"https:\\\/\\\/redenoticiaz.com.br\\\/litoralsp\\\/2025\\\/07\\\/16\\\/eua-abrem-investigacao-comercial-contra-o-brasil\"},\"author\":{\"name\":\"Carina Reifonas\",\"@id\":\"https:\\\/\\\/redenoticiaz.com.br\\\/litoralsp\\\/#\\\/schema\\\/person\\\/1f84d6e94e6a62d2d81199d7503e9e90\"},\"headline\":\"EUA abrem investiga\u00e7\u00e3o comercial contra o Brasil\",\"datePublished\":\"2025-07-16T11:24:51+00:00\",\"mainEntityOfPage\":{\"@id\":\"https:\\\/\\\/redenoticiaz.com.br\\\/litoralsp\\\/2025\\\/07\\\/16\\\/eua-abrem-investigacao-comercial-contra-o-brasil\"},\"wordCount\":231,\"commentCount\":0,\"publisher\":{\"@id\":\"https:\\\/\\\/redenoticiaz.com.br\\\/litoralsp\\\/#organization\"},\"image\":{\"@id\":\"https:\\\/\\\/redenoticiaz.com.br\\\/litoralsp\\\/2025\\\/07\\\/16\\\/eua-abrem-investigacao-comercial-contra-o-brasil#primaryimage\"},\"thumbnailUrl\":\"https:\\\/\\\/redenoticiaz.com.br\\\/litoralsp\\\/wp-content\\\/uploads\\\/sites\\\/3\\\/2023\\\/03\\\/trump.jpg?v=1602007613\",\"keywords\":[\"Brasil\",\"Comercial\",\"Donald Trump\",\"Estados Unidos\",\"investiga\u00e7\u00e3o\",\"TARIFA\"],\"articleSection\":[\"Economia\"],\"inLanguage\":\"pt-BR\",\"potentialAction\":[{\"@type\":\"CommentAction\",\"name\":\"Comment\",\"target\":[\"https:\\\/\\\/redenoticiaz.com.br\\\/litoralsp\\\/2025\\\/07\\\/16\\\/eua-abrem-investigacao-comercial-contra-o-brasil#respond\"]}]},{\"@type\":\"WebPage\",\"@id\":\"https:\\\/\\\/redenoticiaz.com.br\\\/litoralsp\\\/2025\\\/07\\\/16\\\/eua-abrem-investigacao-comercial-contra-o-brasil\",\"url\":\"https:\\\/\\\/redenoticiaz.com.br\\\/litoralsp\\\/2025\\\/07\\\/16\\\/eua-abrem-investigacao-comercial-contra-o-brasil\",\"name\":\"EUA abrem investiga\u00e7\u00e3o comercial contra o Brasil - Litoral SP\",\"isPartOf\":{\"@id\":\"https:\\\/\\\/redenoticiaz.com.br\\\/litoralsp\\\/#website\"},\"primaryImageOfPage\":{\"@id\":\"https:\\\/\\\/redenoticiaz.com.br\\\/litoralsp\\\/2025\\\/07\\\/16\\\/eua-abrem-investigacao-comercial-contra-o-brasil#primaryimage\"},\"image\":{\"@id\":\"https:\\\/\\\/redenoticiaz.com.br\\\/litoralsp\\\/2025\\\/07\\\/16\\\/eua-abrem-investigacao-comercial-contra-o-brasil#primaryimage\"},\"thumbnailUrl\":\"https:\\\/\\\/redenoticiaz.com.br\\\/litoralsp\\\/wp-content\\\/uploads\\\/sites\\\/3\\\/2023\\\/03\\\/trump.jpg?v=1602007613\",\"datePublished\":\"2025-07-16T11:24:51+00:00\",\"description\":\"O Escrit\u00f3rio do Representante de Com\u00e9rcio dos Estados Unidos (USTR) anunciou a abertura de uma investiga\u00e7\u00e3o comercial contra o Brasil,\",\"inLanguage\":\"pt-BR\",\"potentialAction\":[{\"@type\":\"ReadAction\",\"target\":[\"https:\\\/\\\/redenoticiaz.com.br\\\/litoralsp\\\/2025\\\/07\\\/16\\\/eua-abrem-investigacao-comercial-contra-o-brasil\"]}]},{\"@type\":\"ImageObject\",\"inLanguage\":\"pt-BR\",\"@id\":\"https:\\\/\\\/redenoticiaz.com.br\\\/litoralsp\\\/2025\\\/07\\\/16\\\/eua-abrem-investigacao-comercial-contra-o-brasil#primaryimage\",\"url\":\"https:\\\/\\\/redenoticiaz.com.br\\\/litoralsp\\\/wp-content\\\/uploads\\\/sites\\\/3\\\/2023\\\/03\\\/trump.jpg?v=1602007613\",\"contentUrl\":\"https:\\\/\\\/redenoticiaz.com.br\\\/litoralsp\\\/wp-content\\\/uploads\\\/sites\\\/3\\\/2023\\\/03\\\/trump.jpg?v=1602007613\",\"width\":1086,\"height\":652,\"caption\":\"Embora tenha contra\u00eddo o COVID-19, algumas atitudes do presidente tem sido desrespeitosos.\"},{\"@type\":\"WebSite\",\"@id\":\"https:\\\/\\\/redenoticiaz.com.br\\\/litoralsp\\\/#website\",\"url\":\"https:\\\/\\\/redenoticiaz.com.br\\\/litoralsp\\\/\",\"name\":\"Litoral SP\",\"description\":\"Rede NoticiaZ\",\"publisher\":{\"@id\":\"https:\\\/\\\/redenoticiaz.com.br\\\/litoralsp\\\/#organization\"},\"potentialAction\":[{\"@type\":\"SearchAction\",\"target\":{\"@type\":\"EntryPoint\",\"urlTemplate\":\"https:\\\/\\\/redenoticiaz.com.br\\\/litoralsp\\\/?s={search_term_string}\"},\"query-input\":{\"@type\":\"PropertyValueSpecification\",\"valueRequired\":true,\"valueName\":\"search_term_string\"}}],\"inLanguage\":\"pt-BR\"},{\"@type\":\"Organization\",\"@id\":\"https:\\\/\\\/redenoticiaz.com.br\\\/litoralsp\\\/#organization\",\"name\":\"Litoral SP\",\"url\":\"https:\\\/\\\/redenoticiaz.com.br\\\/litoralsp\\\/\",\"logo\":{\"@type\":\"ImageObject\",\"inLanguage\":\"pt-BR\",\"@id\":\"https:\\\/\\\/redenoticiaz.com.br\\\/litoralsp\\\/#\\\/schema\\\/logo\\\/image\\\/\",\"url\":\"https:\\\/\\\/redenoticiaz.com.br\\\/litoralsp\\\/wp-content\\\/uploads\\\/sites\\\/3\\\/2020\\\/11\\\/logo.jpg\",\"contentUrl\":\"https:\\\/\\\/redenoticiaz.com.br\\\/litoralsp\\\/wp-content\\\/uploads\\\/sites\\\/3\\\/2020\\\/11\\\/logo.jpg\",\"width\":400,\"height\":250,\"caption\":\"Litoral SP\"},\"image\":{\"@id\":\"https:\\\/\\\/redenoticiaz.com.br\\\/litoralsp\\\/#\\\/schema\\\/logo\\\/image\\\/\"}},{\"@type\":\"Person\",\"@id\":\"https:\\\/\\\/redenoticiaz.com.br\\\/litoralsp\\\/#\\\/schema\\\/person\\\/1f84d6e94e6a62d2d81199d7503e9e90\",\"name\":\"Carina Reifonas\",\"image\":{\"@type\":\"ImageObject\",\"inLanguage\":\"pt-BR\",\"@id\":\"https:\\\/\\\/secure.gravatar.com\\\/avatar\\\/04c59859b23696cf867715880f81d5c037e60109730bdb4e6670ec2a2245bc97?s=96&d=mm&r=g\",\"url\":\"https:\\\/\\\/secure.gravatar.com\\\/avatar\\\/04c59859b23696cf867715880f81d5c037e60109730bdb4e6670ec2a2245bc97?s=96&d=mm&r=g\",\"contentUrl\":\"https:\\\/\\\/secure.gravatar.com\\\/avatar\\\/04c59859b23696cf867715880f81d5c037e60109730bdb4e6670ec2a2245bc97?s=96&d=mm&r=g\",\"caption\":\"Carina Reifonas\"},\"url\":\"https:\\\/\\\/redenoticiaz.com.br\\\/litoralsp\\\/author\\\/carinareifonas\"}]}<\/script>\n<!-- \/ Yoast SEO plugin. -->","yoast_head_json":{"title":"EUA abrem investiga\u00e7\u00e3o comercial contra o Brasil - Litoral SP","description":"O Escrit\u00f3rio do Representante de Com\u00e9rcio dos Estados Unidos (USTR) anunciou a abertura de uma investiga\u00e7\u00e3o comercial contra o Brasil,","robots":{"index":"index","follow":"follow","max-snippet":"max-snippet:-1","max-image-preview":"max-image-preview:large","max-video-preview":"max-video-preview:-1"},"canonical":"https:\/\/redenoticiaz.com.br\/litoralsp\/2025\/07\/16\/eua-abrem-investigacao-comercial-contra-o-brasil","og_locale":"pt_BR","og_type":"article","og_title":"EUA abrem investiga\u00e7\u00e3o comercial contra o Brasil - Litoral SP","og_description":"O Escrit\u00f3rio do Representante de Com\u00e9rcio dos Estados Unidos (USTR) anunciou a abertura de uma investiga\u00e7\u00e3o comercial contra o Brasil,","og_url":"https:\/\/redenoticiaz.com.br\/litoralsp\/2025\/07\/16\/eua-abrem-investigacao-comercial-contra-o-brasil","og_site_name":"Litoral SP","article_published_time":"2025-07-16T11:24:51+00:00","og_image":[{"width":1086,"height":652,"url":"https:\/\/redenoticiaz.com.br\/litoralsp\/wp-content\/uploads\/sites\/3\/2023\/03\/trump.jpg?v=1602007613","type":"image\/jpeg"}],"author":"Carina Reifonas","twitter_card":"summary_large_image","twitter_misc":{"Escrito por":"Carina Reifonas","Est. tempo de leitura":"2 minutos"},"schema":{"@context":"https:\/\/schema.org","@graph":[{"@type":"Article","@id":"https:\/\/redenoticiaz.com.br\/litoralsp\/2025\/07\/16\/eua-abrem-investigacao-comercial-contra-o-brasil#article","isPartOf":{"@id":"https:\/\/redenoticiaz.com.br\/litoralsp\/2025\/07\/16\/eua-abrem-investigacao-comercial-contra-o-brasil"},"author":{"name":"Carina Reifonas","@id":"https:\/\/redenoticiaz.com.br\/litoralsp\/#\/schema\/person\/1f84d6e94e6a62d2d81199d7503e9e90"},"headline":"EUA abrem investiga\u00e7\u00e3o comercial contra o Brasil","datePublished":"2025-07-16T11:24:51+00:00","mainEntityOfPage":{"@id":"https:\/\/redenoticiaz.com.br\/litoralsp\/2025\/07\/16\/eua-abrem-investigacao-comercial-contra-o-brasil"},"wordCount":231,"commentCount":0,"publisher":{"@id":"https:\/\/redenoticiaz.com.br\/litoralsp\/#organization"},"image":{"@id":"https:\/\/redenoticiaz.com.br\/litoralsp\/2025\/07\/16\/eua-abrem-investigacao-comercial-contra-o-brasil#primaryimage"},"thumbnailUrl":"https:\/\/redenoticiaz.com.br\/litoralsp\/wp-content\/uploads\/sites\/3\/2023\/03\/trump.jpg?v=1602007613","keywords":["Brasil","Comercial","Donald Trump","Estados Unidos","investiga\u00e7\u00e3o","TARIFA"],"articleSection":["Economia"],"inLanguage":"pt-BR","potentialAction":[{"@type":"CommentAction","name":"Comment","target":["https:\/\/redenoticiaz.com.br\/litoralsp\/2025\/07\/16\/eua-abrem-investigacao-comercial-contra-o-brasil#respond"]}]},{"@type":"WebPage","@id":"https:\/\/redenoticiaz.com.br\/litoralsp\/2025\/07\/16\/eua-abrem-investigacao-comercial-contra-o-brasil","url":"https:\/\/redenoticiaz.com.br\/litoralsp\/2025\/07\/16\/eua-abrem-investigacao-comercial-contra-o-brasil","name":"EUA abrem investiga\u00e7\u00e3o comercial contra o Brasil - Litoral SP","isPartOf":{"@id":"https:\/\/redenoticiaz.com.br\/litoralsp\/#website"},"primaryImageOfPage":{"@id":"https:\/\/redenoticiaz.com.br\/litoralsp\/2025\/07\/16\/eua-abrem-investigacao-comercial-contra-o-brasil#primaryimage"},"image":{"@id":"https:\/\/redenoticiaz.com.br\/litoralsp\/2025\/07\/16\/eua-abrem-investigacao-comercial-contra-o-brasil#primaryimage"},"thumbnailUrl":"https:\/\/redenoticiaz.com.br\/litoralsp\/wp-content\/uploads\/sites\/3\/2023\/03\/trump.jpg?v=1602007613","datePublished":"2025-07-16T11:24:51+00:00","description":"O Escrit\u00f3rio do Representante de Com\u00e9rcio dos Estados Unidos (USTR) anunciou a abertura de uma investiga\u00e7\u00e3o comercial contra o Brasil,","inLanguage":"pt-BR","potentialAction":[{"@type":"ReadAction","target":["https:\/\/redenoticiaz.com.br\/litoralsp\/2025\/07\/16\/eua-abrem-investigacao-comercial-contra-o-brasil"]}]},{"@type":"ImageObject","inLanguage":"pt-BR","@id":"https:\/\/redenoticiaz.com.br\/litoralsp\/2025\/07\/16\/eua-abrem-investigacao-comercial-contra-o-brasil#primaryimage","url":"https:\/\/redenoticiaz.com.br\/litoralsp\/wp-content\/uploads\/sites\/3\/2023\/03\/trump.jpg?v=1602007613","contentUrl":"https:\/\/redenoticiaz.com.br\/litoralsp\/wp-content\/uploads\/sites\/3\/2023\/03\/trump.jpg?v=1602007613","width":1086,"height":652,"caption":"Embora tenha contra\u00eddo o COVID-19, algumas atitudes do presidente tem sido desrespeitosos."},{"@type":"WebSite","@id":"https:\/\/redenoticiaz.com.br\/litoralsp\/#website","url":"https:\/\/redenoticiaz.com.br\/litoralsp\/","name":"Litoral SP","description":"Rede NoticiaZ","publisher":{"@id":"https:\/\/redenoticiaz.com.br\/litoralsp\/#organization"},"potentialAction":[{"@type":"SearchAction","target":{"@type":"EntryPoint","urlTemplate":"https:\/\/redenoticiaz.com.br\/litoralsp\/?s={search_term_string}"},"query-input":{"@type":"PropertyValueSpecification","valueRequired":true,"valueName":"search_term_string"}}],"inLanguage":"pt-BR"},{"@type":"Organization","@id":"https:\/\/redenoticiaz.com.br\/litoralsp\/#organization","name":"Litoral SP","url":"https:\/\/redenoticiaz.com.br\/litoralsp\/","logo":{"@type":"ImageObject","inLanguage":"pt-BR","@id":"https:\/\/redenoticiaz.com.br\/litoralsp\/#\/schema\/logo\/image\/","url":"https:\/\/redenoticiaz.com.br\/litoralsp\/wp-content\/uploads\/sites\/3\/2020\/11\/logo.jpg","contentUrl":"https:\/\/redenoticiaz.com.br\/litoralsp\/wp-content\/uploads\/sites\/3\/2020\/11\/logo.jpg","width":400,"height":250,"caption":"Litoral SP"},"image":{"@id":"https:\/\/redenoticiaz.com.br\/litoralsp\/#\/schema\/logo\/image\/"}},{"@type":"Person","@id":"https:\/\/redenoticiaz.com.br\/litoralsp\/#\/schema\/person\/1f84d6e94e6a62d2d81199d7503e9e90","name":"Carina Reifonas","image":{"@type":"ImageObject","inLanguage":"pt-BR","@id":"https:\/\/secure.gravatar.com\/avatar\/04c59859b23696cf867715880f81d5c037e60109730bdb4e6670ec2a2245bc97?s=96&d=mm&r=g","url":"https:\/\/secure.gravatar.com\/avatar\/04c59859b23696cf867715880f81d5c037e60109730bdb4e6670ec2a2245bc97?s=96&d=mm&r=g","contentUrl":"https:\/\/secure.gravatar.com\/avatar\/04c59859b23696cf867715880f81d5c037e60109730bdb4e6670ec2a2245bc97?s=96&d=mm&r=g","caption":"Carina Reifonas"},"url":"https:\/\/redenoticiaz.com.br\/litoralsp\/author\/carinareifonas"}]}},"_links":{"self":[{"href":"https:\/\/redenoticiaz.com.br\/litoralsp\/wp-json\/wp\/v2\/posts\/120288","targetHints":{"allow":["GET"]}}],"collection":[{"href":"https:\/\/redenoticiaz.com.br\/litoralsp\/wp-json\/wp\/v2\/posts"}],"about":[{"href":"https:\/\/redenoticiaz.com.br\/litoralsp\/wp-json\/wp\/v2\/types\/post"}],"author":[{"embeddable":true,"href":"https:\/\/redenoticiaz.com.br\/litoralsp\/wp-json\/wp\/v2\/users\/30"}],"replies":[{"embeddable":true,"href":"https:\/\/redenoticiaz.com.br\/litoralsp\/wp-json\/wp\/v2\/comments?post=120288"}],"version-history":[{"count":0,"href":"https:\/\/redenoticiaz.com.br\/litoralsp\/wp-json\/wp\/v2\/posts\/120288\/revisions"}],"wp:featuredmedia":[{"embeddable":true,"href":"https:\/\/redenoticiaz.com.br\/litoralsp\/wp-json\/wp\/v2\/media\/102715"}],"wp:attachment":[{"href":"https:\/\/redenoticiaz.com.br\/litoralsp\/wp-json\/wp\/v2\/media?parent=120288"}],"wp:term":[{"taxonomy":"category","embeddable":true,"href":"https:\/\/redenoticiaz.com.br\/litoralsp\/wp-json\/wp\/v2\/categories?post=120288"},{"taxonomy":"post_tag","embeddable":true,"href":"https:\/\/redenoticiaz.com.br\/litoralsp\/wp-json\/wp\/v2\/tags?post=120288"}],"curies":[{"name":"wp","href":"https:\/\/api.w.org\/{rel}","templated":true}]}}