{"id":120313,"date":"2025-07-18T12:26:42","date_gmt":"2025-07-18T15:26:42","guid":{"rendered":"https:\/\/redenoticiaz.com.br\/litoralsp\/2025\/07\/18\/bolsonaro-recebe-tornozeleira-eletronica-e-diz-ser-alvo-de-suprema-humilhacao"},"modified":"2025-07-18T12:26:42","modified_gmt":"2025-07-18T15:26:42","slug":"bolsonaro-recebe-tornozeleira-eletronica-e-diz-ser-alvo-de-suprema-humilhacao","status":"publish","type":"post","link":"https:\/\/redenoticiaz.com.br\/litoralsp\/2025\/07\/18\/bolsonaro-recebe-tornozeleira-eletronica-e-diz-ser-alvo-de-suprema-humilhacao","title":{"rendered":"Bolsonaro recebe tornozeleira eletr\u00f4nica e diz ser alvo de \u201csuprema humilha\u00e7\u00e3o\u201d"},"content":{"rendered":"<p>O ex-presidente Jair Bolsonaro (PL) classificou como uma a\u00e7\u00e3o \u201cpol\u00edtica\u201d a nova opera\u00e7\u00e3o da Pol\u00edcia Federal, realizada nesta sexta-feira (18), que resultou em medidas restritivas impostas pelo Supremo Tribunal Federal (STF). Entre as determina\u00e7\u00f5es, ele foi obrigado a usar tornozeleira eletr\u00f4nica, est\u00e1 proibido de usar redes sociais, de sair de casa \u00e0 noite e de se aproximar de embaixadas e diplomatas.<\/p>\n<p><em>&#8220;Nunca pensei em sair do Brasil ou ir para embaixada&#8221;<\/em>, afirmou Bolsonaro, ao ser questionado sobre um poss\u00edvel plano de fuga. Para ele, as medidas representam uma &#8220;suprema humilha\u00e7\u00e3o&#8221;.<\/p>\n<p>As restri\u00e7\u00f5es foram determinadas pelo ministro Alexandre de Moraes, que apontou tentativa de Bolsonaro, junto ao deputado licenciado Eduardo Bolsonaro (PL-SP), de interferir em processos judiciais e condicionar o perd\u00e3o judicial \u00e0 suspens\u00e3o de san\u00e7\u00f5es dos EUA contra o Brasil.<\/p>\n<p>Na a\u00e7\u00e3o de busca e apreens\u00e3o em sua casa, em Bras\u00edlia, a PF encontrou cerca de US$ 14 mil e R$ 8 mil em esp\u00e9cie, al\u00e9m de um pendrive escondido em um banheiro. O material foi recolhido para an\u00e1lise da pol\u00edcia cient\u00edfica.<\/p>\n<p>A investiga\u00e7\u00e3o apura obstru\u00e7\u00e3o de Justi\u00e7a, coa\u00e7\u00e3o no curso do processo e amea\u00e7a \u00e0 soberania nacional.<\/p>\n<p>LEIA MAIS<\/p>\n<p><a href=\"https:\/\/redenoticiaz.com.br\/blog\/2025\/07\/14\/governo-lula-reage-ao-tarifaco-de-trump-e-articula-acoes-politicas-e-economicas\">Governo Lula reage ao tarifa\u00e7o de Trump e articula a\u00e7\u00f5es pol\u00edticas e econ\u00f4micas<\/a><\/p>\n<p><a href=\"https:\/\/redenoticiaz.com.br\/blog\/2025\/07\/18\/sp-abre-processo-seletivo-para-a-contratacao-de-ate-5-mil-professores\">SP abre processo seletivo para a contrata\u00e7\u00e3o de at\u00e9 5 mil professores<\/a><\/p>\n","protected":false},"excerpt":{"rendered":"<p>O ex-presidente Jair Bolsonaro (PL) classificou como uma a\u00e7\u00e3o \u201cpol\u00edtica\u201d a nova opera\u00e7\u00e3o da Pol\u00edcia Federal, realizada nesta sexta-feira (18), que resultou em medidas restritivas impostas pelo Supremo Tribunal Federal (STF). Entre as determina\u00e7\u00f5es, ele foi obrigado a usar tornozeleira eletr\u00f4nica, est\u00e1 proibido de usar redes sociais, de sair de casa \u00e0 noite e de &hellip;<\/p>\n","protected":false},"author":30,"featured_media":114589,"comment_status":"open","ping_status":"closed","sticky":false,"template":"","format":"standard","meta":{"footnotes":""},"categories":[10],"tags":[16,15434,15642,53063],"class_list":["post-120313","post","type-post","status-publish","format-standard","has-post-thumbnail","hentry","category-policia","tag-bolsonaro","tag-brasilia","tag-medidas-restritivas","tag-tornozeleira-eletronica"],"yoast_head":"<!-- This site is optimized with the Yoast SEO plugin v27.4 - https:\/\/yoast.com\/product\/yoast-seo-wordpress\/ -->\n<title>Bolsonaro recebe tornozeleira eletr\u00f4nica e diz ser alvo de \u201csuprema humilha\u00e7\u00e3o\u201d - Litoral SP<\/title>\n<meta name=\"description\" content=\"O ex-presidente Jair Bolsonaro (PL) classificou como uma a\u00e7\u00e3o \u201cpol\u00edtica\u201d a nova opera\u00e7\u00e3o da Pol\u00edcia Federal, realizada nesta sexta-feira (18)\" \/>\n<meta name=\"robots\" content=\"index, follow, max-snippet:-1, max-image-preview:large, max-video-preview:-1\" \/>\n<link rel=\"canonical\" href=\"https:\/\/redenoticiaz.com.br\/litoralsp\/2025\/07\/18\/bolsonaro-recebe-tornozeleira-eletronica-e-diz-ser-alvo-de-suprema-humilhacao\" \/>\n<meta property=\"og:locale\" content=\"pt_BR\" \/>\n<meta property=\"og:type\" content=\"article\" \/>\n<meta property=\"og:title\" content=\"Bolsonaro recebe tornozeleira eletr\u00f4nica e diz ser alvo de \u201csuprema humilha\u00e7\u00e3o\u201d - Litoral SP\" \/>\n<meta property=\"og:description\" content=\"O ex-presidente Jair Bolsonaro (PL) classificou como uma a\u00e7\u00e3o \u201cpol\u00edtica\u201d a nova opera\u00e7\u00e3o da Pol\u00edcia Federal, realizada nesta sexta-feira (18)\" \/>\n<meta property=\"og:url\" content=\"https:\/\/redenoticiaz.com.br\/litoralsp\/2025\/07\/18\/bolsonaro-recebe-tornozeleira-eletronica-e-diz-ser-alvo-de-suprema-humilhacao\" \/>\n<meta property=\"og:site_name\" content=\"Litoral SP\" \/>\n<meta property=\"article:published_time\" content=\"2025-07-18T15:26:42+00:00\" \/>\n<meta property=\"og:image\" content=\"https:\/\/redenoticiaz.com.br\/litoralsp\/wp-content\/uploads\/sites\/3\/2024\/02\/Captura-de-tela-2024-02-22-161207.jpg\" \/>\n\t<meta property=\"og:image:width\" content=\"746\" \/>\n\t<meta property=\"og:image:height\" content=\"504\" \/>\n\t<meta property=\"og:image:type\" content=\"image\/jpeg\" \/>\n<meta name=\"author\" content=\"Carina Reifonas\" \/>\n<meta name=\"twitter:card\" content=\"summary_large_image\" \/>\n<meta name=\"twitter:label1\" content=\"Escrito por\" \/>\n\t<meta name=\"twitter:data1\" content=\"Carina Reifonas\" \/>\n\t<meta name=\"twitter:label2\" content=\"Est. tempo de leitura\" \/>\n\t<meta name=\"twitter:data2\" content=\"2 minutos\" \/>\n<script type=\"application\/ld+json\" class=\"yoast-schema-graph\">{\"@context\":\"https:\\\/\\\/schema.org\",\"@graph\":[{\"@type\":\"Article\",\"@id\":\"https:\\\/\\\/redenoticiaz.com.br\\\/litoralsp\\\/2025\\\/07\\\/18\\\/bolsonaro-recebe-tornozeleira-eletronica-e-diz-ser-alvo-de-suprema-humilhacao#article\",\"isPartOf\":{\"@id\":\"https:\\\/\\\/redenoticiaz.com.br\\\/litoralsp\\\/2025\\\/07\\\/18\\\/bolsonaro-recebe-tornozeleira-eletronica-e-diz-ser-alvo-de-suprema-humilhacao\"},\"author\":{\"name\":\"Carina Reifonas\",\"@id\":\"https:\\\/\\\/redenoticiaz.com.br\\\/litoralsp\\\/#\\\/schema\\\/person\\\/1f84d6e94e6a62d2d81199d7503e9e90\"},\"headline\":\"Bolsonaro recebe tornozeleira eletr\u00f4nica e diz ser alvo de \u201csuprema humilha\u00e7\u00e3o\u201d\",\"datePublished\":\"2025-07-18T15:26:42+00:00\",\"mainEntityOfPage\":{\"@id\":\"https:\\\/\\\/redenoticiaz.com.br\\\/litoralsp\\\/2025\\\/07\\\/18\\\/bolsonaro-recebe-tornozeleira-eletronica-e-diz-ser-alvo-de-suprema-humilhacao\"},\"wordCount\":251,\"commentCount\":0,\"publisher\":{\"@id\":\"https:\\\/\\\/redenoticiaz.com.br\\\/litoralsp\\\/#organization\"},\"image\":{\"@id\":\"https:\\\/\\\/redenoticiaz.com.br\\\/litoralsp\\\/2025\\\/07\\\/18\\\/bolsonaro-recebe-tornozeleira-eletronica-e-diz-ser-alvo-de-suprema-humilhacao#primaryimage\"},\"thumbnailUrl\":\"https:\\\/\\\/redenoticiaz.com.br\\\/litoralsp\\\/wp-content\\\/uploads\\\/sites\\\/3\\\/2024\\\/02\\\/Captura-de-tela-2024-02-22-161207.jpg\",\"keywords\":[\"Bolsonaro\",\"BRAS\u00cdLIA\",\"MEDIDAS RESTRITIVAS\",\"TORNOZELEIRA ELETR\u00d4NICA\"],\"articleSection\":[\"Pol\u00edcia\"],\"inLanguage\":\"pt-BR\",\"potentialAction\":[{\"@type\":\"CommentAction\",\"name\":\"Comment\",\"target\":[\"https:\\\/\\\/redenoticiaz.com.br\\\/litoralsp\\\/2025\\\/07\\\/18\\\/bolsonaro-recebe-tornozeleira-eletronica-e-diz-ser-alvo-de-suprema-humilhacao#respond\"]}]},{\"@type\":\"WebPage\",\"@id\":\"https:\\\/\\\/redenoticiaz.com.br\\\/litoralsp\\\/2025\\\/07\\\/18\\\/bolsonaro-recebe-tornozeleira-eletronica-e-diz-ser-alvo-de-suprema-humilhacao\",\"url\":\"https:\\\/\\\/redenoticiaz.com.br\\\/litoralsp\\\/2025\\\/07\\\/18\\\/bolsonaro-recebe-tornozeleira-eletronica-e-diz-ser-alvo-de-suprema-humilhacao\",\"name\":\"Bolsonaro recebe tornozeleira eletr\u00f4nica e diz ser alvo de \u201csuprema humilha\u00e7\u00e3o\u201d - Litoral SP\",\"isPartOf\":{\"@id\":\"https:\\\/\\\/redenoticiaz.com.br\\\/litoralsp\\\/#website\"},\"primaryImageOfPage\":{\"@id\":\"https:\\\/\\\/redenoticiaz.com.br\\\/litoralsp\\\/2025\\\/07\\\/18\\\/bolsonaro-recebe-tornozeleira-eletronica-e-diz-ser-alvo-de-suprema-humilhacao#primaryimage\"},\"image\":{\"@id\":\"https:\\\/\\\/redenoticiaz.com.br\\\/litoralsp\\\/2025\\\/07\\\/18\\\/bolsonaro-recebe-tornozeleira-eletronica-e-diz-ser-alvo-de-suprema-humilhacao#primaryimage\"},\"thumbnailUrl\":\"https:\\\/\\\/redenoticiaz.com.br\\\/litoralsp\\\/wp-content\\\/uploads\\\/sites\\\/3\\\/2024\\\/02\\\/Captura-de-tela-2024-02-22-161207.jpg\",\"datePublished\":\"2025-07-18T15:26:42+00:00\",\"description\":\"O ex-presidente Jair Bolsonaro (PL) classificou como uma a\u00e7\u00e3o \u201cpol\u00edtica\u201d a nova opera\u00e7\u00e3o da Pol\u00edcia Federal, realizada nesta sexta-feira (18)\",\"inLanguage\":\"pt-BR\",\"potentialAction\":[{\"@type\":\"ReadAction\",\"target\":[\"https:\\\/\\\/redenoticiaz.com.br\\\/litoralsp\\\/2025\\\/07\\\/18\\\/bolsonaro-recebe-tornozeleira-eletronica-e-diz-ser-alvo-de-suprema-humilhacao\"]}]},{\"@type\":\"ImageObject\",\"inLanguage\":\"pt-BR\",\"@id\":\"https:\\\/\\\/redenoticiaz.com.br\\\/litoralsp\\\/2025\\\/07\\\/18\\\/bolsonaro-recebe-tornozeleira-eletronica-e-diz-ser-alvo-de-suprema-humilhacao#primaryimage\",\"url\":\"https:\\\/\\\/redenoticiaz.com.br\\\/litoralsp\\\/wp-content\\\/uploads\\\/sites\\\/3\\\/2024\\\/02\\\/Captura-de-tela-2024-02-22-161207.jpg\",\"contentUrl\":\"https:\\\/\\\/redenoticiaz.com.br\\\/litoralsp\\\/wp-content\\\/uploads\\\/sites\\\/3\\\/2024\\\/02\\\/Captura-de-tela-2024-02-22-161207.jpg\",\"width\":746,\"height\":504},{\"@type\":\"WebSite\",\"@id\":\"https:\\\/\\\/redenoticiaz.com.br\\\/litoralsp\\\/#website\",\"url\":\"https:\\\/\\\/redenoticiaz.com.br\\\/litoralsp\\\/\",\"name\":\"Litoral SP\",\"description\":\"Rede NoticiaZ\",\"publisher\":{\"@id\":\"https:\\\/\\\/redenoticiaz.com.br\\\/litoralsp\\\/#organization\"},\"potentialAction\":[{\"@type\":\"SearchAction\",\"target\":{\"@type\":\"EntryPoint\",\"urlTemplate\":\"https:\\\/\\\/redenoticiaz.com.br\\\/litoralsp\\\/?s={search_term_string}\"},\"query-input\":{\"@type\":\"PropertyValueSpecification\",\"valueRequired\":true,\"valueName\":\"search_term_string\"}}],\"inLanguage\":\"pt-BR\"},{\"@type\":\"Organization\",\"@id\":\"https:\\\/\\\/redenoticiaz.com.br\\\/litoralsp\\\/#organization\",\"name\":\"Litoral SP\",\"url\":\"https:\\\/\\\/redenoticiaz.com.br\\\/litoralsp\\\/\",\"logo\":{\"@type\":\"ImageObject\",\"inLanguage\":\"pt-BR\",\"@id\":\"https:\\\/\\\/redenoticiaz.com.br\\\/litoralsp\\\/#\\\/schema\\\/logo\\\/image\\\/\",\"url\":\"https:\\\/\\\/redenoticiaz.com.br\\\/litoralsp\\\/wp-content\\\/uploads\\\/sites\\\/3\\\/2020\\\/11\\\/logo.jpg\",\"contentUrl\":\"https:\\\/\\\/redenoticiaz.com.br\\\/litoralsp\\\/wp-content\\\/uploads\\\/sites\\\/3\\\/2020\\\/11\\\/logo.jpg\",\"width\":400,\"height\":250,\"caption\":\"Litoral SP\"},\"image\":{\"@id\":\"https:\\\/\\\/redenoticiaz.com.br\\\/litoralsp\\\/#\\\/schema\\\/logo\\\/image\\\/\"}},{\"@type\":\"Person\",\"@id\":\"https:\\\/\\\/redenoticiaz.com.br\\\/litoralsp\\\/#\\\/schema\\\/person\\\/1f84d6e94e6a62d2d81199d7503e9e90\",\"name\":\"Carina Reifonas\",\"image\":{\"@type\":\"ImageObject\",\"inLanguage\":\"pt-BR\",\"@id\":\"https:\\\/\\\/secure.gravatar.com\\\/avatar\\\/04c59859b23696cf867715880f81d5c037e60109730bdb4e6670ec2a2245bc97?s=96&d=mm&r=g\",\"url\":\"https:\\\/\\\/secure.gravatar.com\\\/avatar\\\/04c59859b23696cf867715880f81d5c037e60109730bdb4e6670ec2a2245bc97?s=96&d=mm&r=g\",\"contentUrl\":\"https:\\\/\\\/secure.gravatar.com\\\/avatar\\\/04c59859b23696cf867715880f81d5c037e60109730bdb4e6670ec2a2245bc97?s=96&d=mm&r=g\",\"caption\":\"Carina Reifonas\"},\"url\":\"https:\\\/\\\/redenoticiaz.com.br\\\/litoralsp\\\/author\\\/carinareifonas\"}]}<\/script>\n<!-- \/ Yoast SEO plugin. -->","yoast_head_json":{"title":"Bolsonaro recebe tornozeleira eletr\u00f4nica e diz ser alvo de \u201csuprema humilha\u00e7\u00e3o\u201d - Litoral SP","description":"O ex-presidente Jair Bolsonaro (PL) classificou como uma a\u00e7\u00e3o \u201cpol\u00edtica\u201d a nova opera\u00e7\u00e3o da Pol\u00edcia Federal, realizada nesta sexta-feira (18)","robots":{"index":"index","follow":"follow","max-snippet":"max-snippet:-1","max-image-preview":"max-image-preview:large","max-video-preview":"max-video-preview:-1"},"canonical":"https:\/\/redenoticiaz.com.br\/litoralsp\/2025\/07\/18\/bolsonaro-recebe-tornozeleira-eletronica-e-diz-ser-alvo-de-suprema-humilhacao","og_locale":"pt_BR","og_type":"article","og_title":"Bolsonaro recebe tornozeleira eletr\u00f4nica e diz ser alvo de \u201csuprema humilha\u00e7\u00e3o\u201d - Litoral SP","og_description":"O ex-presidente Jair Bolsonaro (PL) classificou como uma a\u00e7\u00e3o \u201cpol\u00edtica\u201d a nova opera\u00e7\u00e3o da Pol\u00edcia Federal, realizada nesta sexta-feira (18)","og_url":"https:\/\/redenoticiaz.com.br\/litoralsp\/2025\/07\/18\/bolsonaro-recebe-tornozeleira-eletronica-e-diz-ser-alvo-de-suprema-humilhacao","og_site_name":"Litoral SP","article_published_time":"2025-07-18T15:26:42+00:00","og_image":[{"width":746,"height":504,"url":"https:\/\/redenoticiaz.com.br\/litoralsp\/wp-content\/uploads\/sites\/3\/2024\/02\/Captura-de-tela-2024-02-22-161207.jpg","type":"image\/jpeg"}],"author":"Carina Reifonas","twitter_card":"summary_large_image","twitter_misc":{"Escrito por":"Carina Reifonas","Est. tempo de leitura":"2 minutos"},"schema":{"@context":"https:\/\/schema.org","@graph":[{"@type":"Article","@id":"https:\/\/redenoticiaz.com.br\/litoralsp\/2025\/07\/18\/bolsonaro-recebe-tornozeleira-eletronica-e-diz-ser-alvo-de-suprema-humilhacao#article","isPartOf":{"@id":"https:\/\/redenoticiaz.com.br\/litoralsp\/2025\/07\/18\/bolsonaro-recebe-tornozeleira-eletronica-e-diz-ser-alvo-de-suprema-humilhacao"},"author":{"name":"Carina Reifonas","@id":"https:\/\/redenoticiaz.com.br\/litoralsp\/#\/schema\/person\/1f84d6e94e6a62d2d81199d7503e9e90"},"headline":"Bolsonaro recebe tornozeleira eletr\u00f4nica e diz ser alvo de \u201csuprema humilha\u00e7\u00e3o\u201d","datePublished":"2025-07-18T15:26:42+00:00","mainEntityOfPage":{"@id":"https:\/\/redenoticiaz.com.br\/litoralsp\/2025\/07\/18\/bolsonaro-recebe-tornozeleira-eletronica-e-diz-ser-alvo-de-suprema-humilhacao"},"wordCount":251,"commentCount":0,"publisher":{"@id":"https:\/\/redenoticiaz.com.br\/litoralsp\/#organization"},"image":{"@id":"https:\/\/redenoticiaz.com.br\/litoralsp\/2025\/07\/18\/bolsonaro-recebe-tornozeleira-eletronica-e-diz-ser-alvo-de-suprema-humilhacao#primaryimage"},"thumbnailUrl":"https:\/\/redenoticiaz.com.br\/litoralsp\/wp-content\/uploads\/sites\/3\/2024\/02\/Captura-de-tela-2024-02-22-161207.jpg","keywords":["Bolsonaro","BRAS\u00cdLIA","MEDIDAS RESTRITIVAS","TORNOZELEIRA ELETR\u00d4NICA"],"articleSection":["Pol\u00edcia"],"inLanguage":"pt-BR","potentialAction":[{"@type":"CommentAction","name":"Comment","target":["https:\/\/redenoticiaz.com.br\/litoralsp\/2025\/07\/18\/bolsonaro-recebe-tornozeleira-eletronica-e-diz-ser-alvo-de-suprema-humilhacao#respond"]}]},{"@type":"WebPage","@id":"https:\/\/redenoticiaz.com.br\/litoralsp\/2025\/07\/18\/bolsonaro-recebe-tornozeleira-eletronica-e-diz-ser-alvo-de-suprema-humilhacao","url":"https:\/\/redenoticiaz.com.br\/litoralsp\/2025\/07\/18\/bolsonaro-recebe-tornozeleira-eletronica-e-diz-ser-alvo-de-suprema-humilhacao","name":"Bolsonaro recebe tornozeleira eletr\u00f4nica e diz ser alvo de \u201csuprema humilha\u00e7\u00e3o\u201d - Litoral SP","isPartOf":{"@id":"https:\/\/redenoticiaz.com.br\/litoralsp\/#website"},"primaryImageOfPage":{"@id":"https:\/\/redenoticiaz.com.br\/litoralsp\/2025\/07\/18\/bolsonaro-recebe-tornozeleira-eletronica-e-diz-ser-alvo-de-suprema-humilhacao#primaryimage"},"image":{"@id":"https:\/\/redenoticiaz.com.br\/litoralsp\/2025\/07\/18\/bolsonaro-recebe-tornozeleira-eletronica-e-diz-ser-alvo-de-suprema-humilhacao#primaryimage"},"thumbnailUrl":"https:\/\/redenoticiaz.com.br\/litoralsp\/wp-content\/uploads\/sites\/3\/2024\/02\/Captura-de-tela-2024-02-22-161207.jpg","datePublished":"2025-07-18T15:26:42+00:00","description":"O ex-presidente Jair Bolsonaro (PL) classificou como uma a\u00e7\u00e3o \u201cpol\u00edtica\u201d a nova opera\u00e7\u00e3o da Pol\u00edcia Federal, realizada nesta sexta-feira (18)","inLanguage":"pt-BR","potentialAction":[{"@type":"ReadAction","target":["https:\/\/redenoticiaz.com.br\/litoralsp\/2025\/07\/18\/bolsonaro-recebe-tornozeleira-eletronica-e-diz-ser-alvo-de-suprema-humilhacao"]}]},{"@type":"ImageObject","inLanguage":"pt-BR","@id":"https:\/\/redenoticiaz.com.br\/litoralsp\/2025\/07\/18\/bolsonaro-recebe-tornozeleira-eletronica-e-diz-ser-alvo-de-suprema-humilhacao#primaryimage","url":"https:\/\/redenoticiaz.com.br\/litoralsp\/wp-content\/uploads\/sites\/3\/2024\/02\/Captura-de-tela-2024-02-22-161207.jpg","contentUrl":"https:\/\/redenoticiaz.com.br\/litoralsp\/wp-content\/uploads\/sites\/3\/2024\/02\/Captura-de-tela-2024-02-22-161207.jpg","width":746,"height":504},{"@type":"WebSite","@id":"https:\/\/redenoticiaz.com.br\/litoralsp\/#website","url":"https:\/\/redenoticiaz.com.br\/litoralsp\/","name":"Litoral SP","description":"Rede NoticiaZ","publisher":{"@id":"https:\/\/redenoticiaz.com.br\/litoralsp\/#organization"},"potentialAction":[{"@type":"SearchAction","target":{"@type":"EntryPoint","urlTemplate":"https:\/\/redenoticiaz.com.br\/litoralsp\/?s={search_term_string}"},"query-input":{"@type":"PropertyValueSpecification","valueRequired":true,"valueName":"search_term_string"}}],"inLanguage":"pt-BR"},{"@type":"Organization","@id":"https:\/\/redenoticiaz.com.br\/litoralsp\/#organization","name":"Litoral SP","url":"https:\/\/redenoticiaz.com.br\/litoralsp\/","logo":{"@type":"ImageObject","inLanguage":"pt-BR","@id":"https:\/\/redenoticiaz.com.br\/litoralsp\/#\/schema\/logo\/image\/","url":"https:\/\/redenoticiaz.com.br\/litoralsp\/wp-content\/uploads\/sites\/3\/2020\/11\/logo.jpg","contentUrl":"https:\/\/redenoticiaz.com.br\/litoralsp\/wp-content\/uploads\/sites\/3\/2020\/11\/logo.jpg","width":400,"height":250,"caption":"Litoral SP"},"image":{"@id":"https:\/\/redenoticiaz.com.br\/litoralsp\/#\/schema\/logo\/image\/"}},{"@type":"Person","@id":"https:\/\/redenoticiaz.com.br\/litoralsp\/#\/schema\/person\/1f84d6e94e6a62d2d81199d7503e9e90","name":"Carina Reifonas","image":{"@type":"ImageObject","inLanguage":"pt-BR","@id":"https:\/\/secure.gravatar.com\/avatar\/04c59859b23696cf867715880f81d5c037e60109730bdb4e6670ec2a2245bc97?s=96&d=mm&r=g","url":"https:\/\/secure.gravatar.com\/avatar\/04c59859b23696cf867715880f81d5c037e60109730bdb4e6670ec2a2245bc97?s=96&d=mm&r=g","contentUrl":"https:\/\/secure.gravatar.com\/avatar\/04c59859b23696cf867715880f81d5c037e60109730bdb4e6670ec2a2245bc97?s=96&d=mm&r=g","caption":"Carina Reifonas"},"url":"https:\/\/redenoticiaz.com.br\/litoralsp\/author\/carinareifonas"}]}},"_links":{"self":[{"href":"https:\/\/redenoticiaz.com.br\/litoralsp\/wp-json\/wp\/v2\/posts\/120313","targetHints":{"allow":["GET"]}}],"collection":[{"href":"https:\/\/redenoticiaz.com.br\/litoralsp\/wp-json\/wp\/v2\/posts"}],"about":[{"href":"https:\/\/redenoticiaz.com.br\/litoralsp\/wp-json\/wp\/v2\/types\/post"}],"author":[{"embeddable":true,"href":"https:\/\/redenoticiaz.com.br\/litoralsp\/wp-json\/wp\/v2\/users\/30"}],"replies":[{"embeddable":true,"href":"https:\/\/redenoticiaz.com.br\/litoralsp\/wp-json\/wp\/v2\/comments?post=120313"}],"version-history":[{"count":0,"href":"https:\/\/redenoticiaz.com.br\/litoralsp\/wp-json\/wp\/v2\/posts\/120313\/revisions"}],"wp:featuredmedia":[{"embeddable":true,"href":"https:\/\/redenoticiaz.com.br\/litoralsp\/wp-json\/wp\/v2\/media\/114589"}],"wp:attachment":[{"href":"https:\/\/redenoticiaz.com.br\/litoralsp\/wp-json\/wp\/v2\/media?parent=120313"}],"wp:term":[{"taxonomy":"category","embeddable":true,"href":"https:\/\/redenoticiaz.com.br\/litoralsp\/wp-json\/wp\/v2\/categories?post=120313"},{"taxonomy":"post_tag","embeddable":true,"href":"https:\/\/redenoticiaz.com.br\/litoralsp\/wp-json\/wp\/v2\/tags?post=120313"}],"curies":[{"name":"wp","href":"https:\/\/api.w.org\/{rel}","templated":true}]}}