{"id":120314,"date":"2025-07-20T14:00:56","date_gmt":"2025-07-20T17:00:56","guid":{"rendered":"https:\/\/redenoticiaz.com.br\/litoralsp\/?p=120314"},"modified":"2025-07-18T13:37:43","modified_gmt":"2025-07-18T16:37:43","slug":"baleia-jubarte-e-resgatada-pela-segunda-vez-em-ubatuba-apos-novo-enredamento-em-rede-de-pesca","status":"publish","type":"post","link":"https:\/\/redenoticiaz.com.br\/litoralsp\/2025\/07\/20\/baleia-jubarte-e-resgatada-pela-segunda-vez-em-ubatuba-apos-novo-enredamento-em-rede-de-pesca","title":{"rendered":"Baleia-jubarte \u00e9 resgatada pela segunda vez em Ubatuba ap\u00f3s novo enredamento em rede de pesca"},"content":{"rendered":"<p>Uma baleia-jubarte (Megaptera novaeangliae) foi resgatada na manh\u00e3 desta quarta-feira (17), ap\u00f3s ficar presa em uma rede de pesca nas proximidades da Praia de Itamambuca, em Ubatuba (SP).<\/p>\n<p>A equipe de desemalhe do Instituto Argonauta recebeu o alerta por volta das 9h40, e logo em seguida j\u00e1 estava no local iniciando os procedimentos de abordagem.\u00a0 Ao chegar ao local a equipe, composta pelos bi\u00f3logos Beto Chagas, Danilo Camba, Carlos Vinicius Sarde e Felipe Domingos, percebeu que se tratava do mesmo indiv\u00edduo que j\u00e1 havia sido libertado em uma opera\u00e7\u00e3o anterior, realizada em 30 de junho.<\/p>\n<p>A bordo do bote de ataque, fizeram as imagens necess\u00e1rias para avaliar o grau de enredamento. A rede, ancorada por poitas, envolvia a cabe\u00e7a da baleia, com extremidades estendidas para ambos os lados. Apesar de conseguir mergulhar e retornar \u00e0 superf\u00edcie para respirar, o animal permanecia preso na mesma \u00e1rea.<\/p>\n<p>Com a boa visibilidade da \u00e1gua, foi poss\u00edvel localizar a rede a cerca de 7 metros de profundidade. Com os procedimentos precisos conseguiram efetuar os cortes que permitiram que a baleia se movimentasse e se desvencilhasse da rede, encerrando mais uma opera\u00e7\u00e3o de resgate bem-sucedida.<\/p>\n<p>\u201cEssa a\u00e7\u00e3o n\u00e3o \u00e9 apenas sobre salvar um indiv\u00edduo, mas tamb\u00e9m sobre alertar para que tenhamos uma conviv\u00eancia mais saud\u00e1vel com o oceano. Que este resgate inspire mais pessoas a cuidar de nossos mares e da vida marinha\u201d, ressalta Danilo Camba, da equipe do Instituto Argonauta.<\/p>\n<p>A a\u00e7\u00e3o seguiu protocolos internacionais de seguran\u00e7a e desenredamento, desenvolvidos pelo Center for Coastal Studies (EUA) e adaptados ao contexto brasileiro por meio de treinamentos promovidos pelo Centro Nacional de Pesquisa e Conserva\u00e7\u00e3o da Biodiversidade Marinha do Sudeste e Sul (CMA\/ICMBio) e pelo IBAMA.<\/p>\n<p>A equipe do Instituto Argonauta \u00e9 composta por profissionais capacitados de acordo com a Portaria Conjunta MMA\/IBAMA\/ICMBio n\u00ba 3, de 8 de janeiro de 2024, que regulamenta oficialmente as a\u00e7\u00f5es de desenredamento de grandes cet\u00e1ceos no Brasil. As opera\u00e7\u00f5es s\u00e3o realizadas por duplas operacionais, com apoio log\u00edstico em terra e em embarca\u00e7\u00f5es de suporte. O Instituto Argonauta, respons\u00e1vel por essas a\u00e7\u00f5es de resgate e conserva\u00e7\u00e3o marinha, \u00e9 uma organiza\u00e7\u00e3o fundada pelo Aqu\u00e1rio de Ubatuba, refer\u00eancia em educa\u00e7\u00e3o ambiental e preserva\u00e7\u00e3o da vida marinha no litoral norte paulista, e desenvolvem em parceria, entre outras a\u00e7\u00f5es,\u00a0 o Projeto de Avistagem e Monitoramento de Mam\u00edferos Marinhos Argonauta.<\/p>\n<p><strong>Importante<\/strong>: em casos de baleias enredadas ou em situa\u00e7\u00e3o de risco, a recomenda\u00e7\u00e3o \u00e9 n\u00e3o intervir. Mantenha dist\u00e2ncia, evite cercar o animal com embarca\u00e7\u00f5es e acione imediatamente as autoridades ambientais ou o Instituto Argonauta.<\/p>\n<p>LEIA MAIS<\/p>\n<p><a href=\"https:\/\/redenoticiaz.com.br\/blog\/2025\/07\/18\/bolsonaro-recebe-tornozeleira-eletronica-e-diz-ser-alvo-de-suprema-humilhacao\">Bolsonaro recebe tornozeleira eletr\u00f4nica e diz ser alvo de \u201csuprema humilha\u00e7\u00e3o\u201d<\/a><\/p>\n<p><a href=\"https:\/\/redenoticiaz.com.br\/blog\/2025\/07\/18\/c6-bank-abre-vagas-de-emprego-com-salarios-de-ate-r-5-mil\">C6 Bank abre vagas de emprego com sal\u00e1rios de at\u00e9 R$ 5 mil<\/a><\/p>\n","protected":false},"excerpt":{"rendered":"<p>Uma baleia-jubarte (Megaptera novaeangliae) foi resgatada na manh\u00e3 desta quarta-feira (17), ap\u00f3s ficar presa em uma rede de pesca nas proximidades da Praia de Itamambuca, em Ubatuba (SP). A equipe de desemalhe do Instituto Argonauta recebeu o alerta por volta das 9h40, e logo em seguida j\u00e1 estava no local iniciando os procedimentos de abordagem.\u00a0 &hellip;<\/p>\n","protected":false},"author":30,"featured_media":120316,"comment_status":"open","ping_status":"closed","sticky":false,"template":"","format":"standard","meta":{"footnotes":""},"categories":[1487],"tags":[20151,3751,1333],"class_list":["post-120314","post","type-post","status-publish","format-standard","has-post-thumbnail","hentry","category-meio-ambiente","tag-baleia-jubarte","tag-resgate","tag-ubatuba"],"yoast_head":"<!-- This site is optimized with the Yoast SEO plugin v27.5 - https:\/\/yoast.com\/product\/yoast-seo-wordpress\/ -->\n<title>Baleia-jubarte \u00e9 resgatada pela segunda vez em Ubatuba ap\u00f3s novo enredamento em rede de pesca - Litoral SP<\/title>\n<meta name=\"description\" content=\"Uma baleia-jubarte (Megaptera novaeangliae) foi resgatada ap\u00f3s ficar presa em uma rede de pesca nas proximidades da Praia de Itamambuca.\" \/>\n<meta name=\"robots\" content=\"index, follow, max-snippet:-1, max-image-preview:large, max-video-preview:-1\" \/>\n<link rel=\"canonical\" href=\"https:\/\/redenoticiaz.com.br\/litoralsp\/2025\/07\/20\/baleia-jubarte-e-resgatada-pela-segunda-vez-em-ubatuba-apos-novo-enredamento-em-rede-de-pesca\" \/>\n<meta property=\"og:locale\" content=\"pt_BR\" \/>\n<meta property=\"og:type\" content=\"article\" \/>\n<meta property=\"og:title\" content=\"Baleia-jubarte \u00e9 resgatada pela segunda vez em Ubatuba ap\u00f3s novo enredamento em rede de pesca - Litoral SP\" \/>\n<meta property=\"og:description\" content=\"Uma baleia-jubarte (Megaptera novaeangliae) foi resgatada ap\u00f3s ficar presa em uma rede de pesca nas proximidades da Praia de Itamambuca.\" \/>\n<meta property=\"og:url\" content=\"https:\/\/redenoticiaz.com.br\/litoralsp\/2025\/07\/20\/baleia-jubarte-e-resgatada-pela-segunda-vez-em-ubatuba-apos-novo-enredamento-em-rede-de-pesca\" \/>\n<meta property=\"og:site_name\" content=\"Litoral SP\" \/>\n<meta property=\"article:published_time\" content=\"2025-07-20T17:00:56+00:00\" \/>\n<meta property=\"og:image\" content=\"https:\/\/redenoticiaz.com.br\/litoralsp\/wp-content\/uploads\/sites\/3\/2025\/07\/Copia-de-IMG-6068-1--scaled.jpg?v=1752856571\" \/>\n\t<meta property=\"og:image:width\" content=\"1620\" \/>\n\t<meta property=\"og:image:height\" content=\"1080\" \/>\n\t<meta property=\"og:image:type\" content=\"image\/jpeg\" \/>\n<meta name=\"author\" content=\"Carina Reifonas\" \/>\n<meta name=\"twitter:card\" content=\"summary_large_image\" \/>\n<meta name=\"twitter:label1\" content=\"Escrito por\" \/>\n\t<meta name=\"twitter:data1\" content=\"Carina Reifonas\" \/>\n\t<meta name=\"twitter:label2\" content=\"Est. tempo de leitura\" \/>\n\t<meta name=\"twitter:data2\" content=\"3 minutos\" \/>\n<script type=\"application\/ld+json\" class=\"yoast-schema-graph\">{\"@context\":\"https:\\\/\\\/schema.org\",\"@graph\":[{\"@type\":\"Article\",\"@id\":\"https:\\\/\\\/redenoticiaz.com.br\\\/litoralsp\\\/2025\\\/07\\\/20\\\/baleia-jubarte-e-resgatada-pela-segunda-vez-em-ubatuba-apos-novo-enredamento-em-rede-de-pesca#article\",\"isPartOf\":{\"@id\":\"https:\\\/\\\/redenoticiaz.com.br\\\/litoralsp\\\/2025\\\/07\\\/20\\\/baleia-jubarte-e-resgatada-pela-segunda-vez-em-ubatuba-apos-novo-enredamento-em-rede-de-pesca\"},\"author\":{\"name\":\"Carina Reifonas\",\"@id\":\"https:\\\/\\\/redenoticiaz.com.br\\\/litoralsp\\\/#\\\/schema\\\/person\\\/1f84d6e94e6a62d2d81199d7503e9e90\"},\"headline\":\"Baleia-jubarte \u00e9 resgatada pela segunda vez em Ubatuba ap\u00f3s novo enredamento em rede de pesca\",\"datePublished\":\"2025-07-20T17:00:56+00:00\",\"mainEntityOfPage\":{\"@id\":\"https:\\\/\\\/redenoticiaz.com.br\\\/litoralsp\\\/2025\\\/07\\\/20\\\/baleia-jubarte-e-resgatada-pela-segunda-vez-em-ubatuba-apos-novo-enredamento-em-rede-de-pesca\"},\"wordCount\":492,\"commentCount\":0,\"publisher\":{\"@id\":\"https:\\\/\\\/redenoticiaz.com.br\\\/litoralsp\\\/#organization\"},\"image\":{\"@id\":\"https:\\\/\\\/redenoticiaz.com.br\\\/litoralsp\\\/2025\\\/07\\\/20\\\/baleia-jubarte-e-resgatada-pela-segunda-vez-em-ubatuba-apos-novo-enredamento-em-rede-de-pesca#primaryimage\"},\"thumbnailUrl\":\"https:\\\/\\\/redenoticiaz.com.br\\\/litoralsp\\\/wp-content\\\/uploads\\\/sites\\\/3\\\/2025\\\/07\\\/Copia-de-IMG-6068-1--scaled.jpg?v=1752856571\",\"keywords\":[\"BALEIA JUBARTE\",\"resgate\",\"UBATUBA\"],\"articleSection\":[\"Meio Ambiente\"],\"inLanguage\":\"pt-BR\",\"potentialAction\":[{\"@type\":\"CommentAction\",\"name\":\"Comment\",\"target\":[\"https:\\\/\\\/redenoticiaz.com.br\\\/litoralsp\\\/2025\\\/07\\\/20\\\/baleia-jubarte-e-resgatada-pela-segunda-vez-em-ubatuba-apos-novo-enredamento-em-rede-de-pesca#respond\"]}]},{\"@type\":\"WebPage\",\"@id\":\"https:\\\/\\\/redenoticiaz.com.br\\\/litoralsp\\\/2025\\\/07\\\/20\\\/baleia-jubarte-e-resgatada-pela-segunda-vez-em-ubatuba-apos-novo-enredamento-em-rede-de-pesca\",\"url\":\"https:\\\/\\\/redenoticiaz.com.br\\\/litoralsp\\\/2025\\\/07\\\/20\\\/baleia-jubarte-e-resgatada-pela-segunda-vez-em-ubatuba-apos-novo-enredamento-em-rede-de-pesca\",\"name\":\"Baleia-jubarte \u00e9 resgatada pela segunda vez em Ubatuba ap\u00f3s novo enredamento em rede de pesca - Litoral SP\",\"isPartOf\":{\"@id\":\"https:\\\/\\\/redenoticiaz.com.br\\\/litoralsp\\\/#website\"},\"primaryImageOfPage\":{\"@id\":\"https:\\\/\\\/redenoticiaz.com.br\\\/litoralsp\\\/2025\\\/07\\\/20\\\/baleia-jubarte-e-resgatada-pela-segunda-vez-em-ubatuba-apos-novo-enredamento-em-rede-de-pesca#primaryimage\"},\"image\":{\"@id\":\"https:\\\/\\\/redenoticiaz.com.br\\\/litoralsp\\\/2025\\\/07\\\/20\\\/baleia-jubarte-e-resgatada-pela-segunda-vez-em-ubatuba-apos-novo-enredamento-em-rede-de-pesca#primaryimage\"},\"thumbnailUrl\":\"https:\\\/\\\/redenoticiaz.com.br\\\/litoralsp\\\/wp-content\\\/uploads\\\/sites\\\/3\\\/2025\\\/07\\\/Copia-de-IMG-6068-1--scaled.jpg?v=1752856571\",\"datePublished\":\"2025-07-20T17:00:56+00:00\",\"description\":\"Uma baleia-jubarte (Megaptera novaeangliae) foi resgatada ap\u00f3s ficar presa em uma rede de pesca nas proximidades da Praia de Itamambuca.\",\"inLanguage\":\"pt-BR\",\"potentialAction\":[{\"@type\":\"ReadAction\",\"target\":[\"https:\\\/\\\/redenoticiaz.com.br\\\/litoralsp\\\/2025\\\/07\\\/20\\\/baleia-jubarte-e-resgatada-pela-segunda-vez-em-ubatuba-apos-novo-enredamento-em-rede-de-pesca\"]}]},{\"@type\":\"ImageObject\",\"inLanguage\":\"pt-BR\",\"@id\":\"https:\\\/\\\/redenoticiaz.com.br\\\/litoralsp\\\/2025\\\/07\\\/20\\\/baleia-jubarte-e-resgatada-pela-segunda-vez-em-ubatuba-apos-novo-enredamento-em-rede-de-pesca#primaryimage\",\"url\":\"https:\\\/\\\/redenoticiaz.com.br\\\/litoralsp\\\/wp-content\\\/uploads\\\/sites\\\/3\\\/2025\\\/07\\\/Copia-de-IMG-6068-1--scaled.jpg?v=1752856571\",\"contentUrl\":\"https:\\\/\\\/redenoticiaz.com.br\\\/litoralsp\\\/wp-content\\\/uploads\\\/sites\\\/3\\\/2025\\\/07\\\/Copia-de-IMG-6068-1--scaled.jpg?v=1752856571\",\"width\":1620,\"height\":1080,\"caption\":\"Baleia-jubarte \u00e9 resgatada pela segunda vez em Ubatuba ap\u00f3s novo enredamento em rede de pesca\"},{\"@type\":\"WebSite\",\"@id\":\"https:\\\/\\\/redenoticiaz.com.br\\\/litoralsp\\\/#website\",\"url\":\"https:\\\/\\\/redenoticiaz.com.br\\\/litoralsp\\\/\",\"name\":\"Litoral SP\",\"description\":\"Rede NoticiaZ\",\"publisher\":{\"@id\":\"https:\\\/\\\/redenoticiaz.com.br\\\/litoralsp\\\/#organization\"},\"potentialAction\":[{\"@type\":\"SearchAction\",\"target\":{\"@type\":\"EntryPoint\",\"urlTemplate\":\"https:\\\/\\\/redenoticiaz.com.br\\\/litoralsp\\\/?s={search_term_string}\"},\"query-input\":{\"@type\":\"PropertyValueSpecification\",\"valueRequired\":true,\"valueName\":\"search_term_string\"}}],\"inLanguage\":\"pt-BR\"},{\"@type\":\"Organization\",\"@id\":\"https:\\\/\\\/redenoticiaz.com.br\\\/litoralsp\\\/#organization\",\"name\":\"Litoral SP\",\"url\":\"https:\\\/\\\/redenoticiaz.com.br\\\/litoralsp\\\/\",\"logo\":{\"@type\":\"ImageObject\",\"inLanguage\":\"pt-BR\",\"@id\":\"https:\\\/\\\/redenoticiaz.com.br\\\/litoralsp\\\/#\\\/schema\\\/logo\\\/image\\\/\",\"url\":\"https:\\\/\\\/redenoticiaz.com.br\\\/litoralsp\\\/wp-content\\\/uploads\\\/sites\\\/3\\\/2020\\\/11\\\/logo.jpg\",\"contentUrl\":\"https:\\\/\\\/redenoticiaz.com.br\\\/litoralsp\\\/wp-content\\\/uploads\\\/sites\\\/3\\\/2020\\\/11\\\/logo.jpg\",\"width\":400,\"height\":250,\"caption\":\"Litoral SP\"},\"image\":{\"@id\":\"https:\\\/\\\/redenoticiaz.com.br\\\/litoralsp\\\/#\\\/schema\\\/logo\\\/image\\\/\"}},{\"@type\":\"Person\",\"@id\":\"https:\\\/\\\/redenoticiaz.com.br\\\/litoralsp\\\/#\\\/schema\\\/person\\\/1f84d6e94e6a62d2d81199d7503e9e90\",\"name\":\"Carina Reifonas\",\"image\":{\"@type\":\"ImageObject\",\"inLanguage\":\"pt-BR\",\"@id\":\"https:\\\/\\\/secure.gravatar.com\\\/avatar\\\/04c59859b23696cf867715880f81d5c037e60109730bdb4e6670ec2a2245bc97?s=96&d=mm&r=g\",\"url\":\"https:\\\/\\\/secure.gravatar.com\\\/avatar\\\/04c59859b23696cf867715880f81d5c037e60109730bdb4e6670ec2a2245bc97?s=96&d=mm&r=g\",\"contentUrl\":\"https:\\\/\\\/secure.gravatar.com\\\/avatar\\\/04c59859b23696cf867715880f81d5c037e60109730bdb4e6670ec2a2245bc97?s=96&d=mm&r=g\",\"caption\":\"Carina Reifonas\"},\"url\":\"https:\\\/\\\/redenoticiaz.com.br\\\/litoralsp\\\/author\\\/carinareifonas\"}]}<\/script>\n<!-- \/ Yoast SEO plugin. -->","yoast_head_json":{"title":"Baleia-jubarte \u00e9 resgatada pela segunda vez em Ubatuba ap\u00f3s novo enredamento em rede de pesca - Litoral SP","description":"Uma baleia-jubarte (Megaptera novaeangliae) foi resgatada ap\u00f3s ficar presa em uma rede de pesca nas proximidades da Praia de Itamambuca.","robots":{"index":"index","follow":"follow","max-snippet":"max-snippet:-1","max-image-preview":"max-image-preview:large","max-video-preview":"max-video-preview:-1"},"canonical":"https:\/\/redenoticiaz.com.br\/litoralsp\/2025\/07\/20\/baleia-jubarte-e-resgatada-pela-segunda-vez-em-ubatuba-apos-novo-enredamento-em-rede-de-pesca","og_locale":"pt_BR","og_type":"article","og_title":"Baleia-jubarte \u00e9 resgatada pela segunda vez em Ubatuba ap\u00f3s novo enredamento em rede de pesca - Litoral SP","og_description":"Uma baleia-jubarte (Megaptera novaeangliae) foi resgatada ap\u00f3s ficar presa em uma rede de pesca nas proximidades da Praia de Itamambuca.","og_url":"https:\/\/redenoticiaz.com.br\/litoralsp\/2025\/07\/20\/baleia-jubarte-e-resgatada-pela-segunda-vez-em-ubatuba-apos-novo-enredamento-em-rede-de-pesca","og_site_name":"Litoral SP","article_published_time":"2025-07-20T17:00:56+00:00","og_image":[{"width":1620,"height":1080,"url":"https:\/\/redenoticiaz.com.br\/litoralsp\/wp-content\/uploads\/sites\/3\/2025\/07\/Copia-de-IMG-6068-1--scaled.jpg?v=1752856571","type":"image\/jpeg"}],"author":"Carina Reifonas","twitter_card":"summary_large_image","twitter_misc":{"Escrito por":"Carina Reifonas","Est. tempo de leitura":"3 minutos"},"schema":{"@context":"https:\/\/schema.org","@graph":[{"@type":"Article","@id":"https:\/\/redenoticiaz.com.br\/litoralsp\/2025\/07\/20\/baleia-jubarte-e-resgatada-pela-segunda-vez-em-ubatuba-apos-novo-enredamento-em-rede-de-pesca#article","isPartOf":{"@id":"https:\/\/redenoticiaz.com.br\/litoralsp\/2025\/07\/20\/baleia-jubarte-e-resgatada-pela-segunda-vez-em-ubatuba-apos-novo-enredamento-em-rede-de-pesca"},"author":{"name":"Carina Reifonas","@id":"https:\/\/redenoticiaz.com.br\/litoralsp\/#\/schema\/person\/1f84d6e94e6a62d2d81199d7503e9e90"},"headline":"Baleia-jubarte \u00e9 resgatada pela segunda vez em Ubatuba ap\u00f3s novo enredamento em rede de pesca","datePublished":"2025-07-20T17:00:56+00:00","mainEntityOfPage":{"@id":"https:\/\/redenoticiaz.com.br\/litoralsp\/2025\/07\/20\/baleia-jubarte-e-resgatada-pela-segunda-vez-em-ubatuba-apos-novo-enredamento-em-rede-de-pesca"},"wordCount":492,"commentCount":0,"publisher":{"@id":"https:\/\/redenoticiaz.com.br\/litoralsp\/#organization"},"image":{"@id":"https:\/\/redenoticiaz.com.br\/litoralsp\/2025\/07\/20\/baleia-jubarte-e-resgatada-pela-segunda-vez-em-ubatuba-apos-novo-enredamento-em-rede-de-pesca#primaryimage"},"thumbnailUrl":"https:\/\/redenoticiaz.com.br\/litoralsp\/wp-content\/uploads\/sites\/3\/2025\/07\/Copia-de-IMG-6068-1--scaled.jpg?v=1752856571","keywords":["BALEIA JUBARTE","resgate","UBATUBA"],"articleSection":["Meio Ambiente"],"inLanguage":"pt-BR","potentialAction":[{"@type":"CommentAction","name":"Comment","target":["https:\/\/redenoticiaz.com.br\/litoralsp\/2025\/07\/20\/baleia-jubarte-e-resgatada-pela-segunda-vez-em-ubatuba-apos-novo-enredamento-em-rede-de-pesca#respond"]}]},{"@type":"WebPage","@id":"https:\/\/redenoticiaz.com.br\/litoralsp\/2025\/07\/20\/baleia-jubarte-e-resgatada-pela-segunda-vez-em-ubatuba-apos-novo-enredamento-em-rede-de-pesca","url":"https:\/\/redenoticiaz.com.br\/litoralsp\/2025\/07\/20\/baleia-jubarte-e-resgatada-pela-segunda-vez-em-ubatuba-apos-novo-enredamento-em-rede-de-pesca","name":"Baleia-jubarte \u00e9 resgatada pela segunda vez em Ubatuba ap\u00f3s novo enredamento em rede de pesca - Litoral SP","isPartOf":{"@id":"https:\/\/redenoticiaz.com.br\/litoralsp\/#website"},"primaryImageOfPage":{"@id":"https:\/\/redenoticiaz.com.br\/litoralsp\/2025\/07\/20\/baleia-jubarte-e-resgatada-pela-segunda-vez-em-ubatuba-apos-novo-enredamento-em-rede-de-pesca#primaryimage"},"image":{"@id":"https:\/\/redenoticiaz.com.br\/litoralsp\/2025\/07\/20\/baleia-jubarte-e-resgatada-pela-segunda-vez-em-ubatuba-apos-novo-enredamento-em-rede-de-pesca#primaryimage"},"thumbnailUrl":"https:\/\/redenoticiaz.com.br\/litoralsp\/wp-content\/uploads\/sites\/3\/2025\/07\/Copia-de-IMG-6068-1--scaled.jpg?v=1752856571","datePublished":"2025-07-20T17:00:56+00:00","description":"Uma baleia-jubarte (Megaptera novaeangliae) foi resgatada ap\u00f3s ficar presa em uma rede de pesca nas proximidades da Praia de Itamambuca.","inLanguage":"pt-BR","potentialAction":[{"@type":"ReadAction","target":["https:\/\/redenoticiaz.com.br\/litoralsp\/2025\/07\/20\/baleia-jubarte-e-resgatada-pela-segunda-vez-em-ubatuba-apos-novo-enredamento-em-rede-de-pesca"]}]},{"@type":"ImageObject","inLanguage":"pt-BR","@id":"https:\/\/redenoticiaz.com.br\/litoralsp\/2025\/07\/20\/baleia-jubarte-e-resgatada-pela-segunda-vez-em-ubatuba-apos-novo-enredamento-em-rede-de-pesca#primaryimage","url":"https:\/\/redenoticiaz.com.br\/litoralsp\/wp-content\/uploads\/sites\/3\/2025\/07\/Copia-de-IMG-6068-1--scaled.jpg?v=1752856571","contentUrl":"https:\/\/redenoticiaz.com.br\/litoralsp\/wp-content\/uploads\/sites\/3\/2025\/07\/Copia-de-IMG-6068-1--scaled.jpg?v=1752856571","width":1620,"height":1080,"caption":"Baleia-jubarte \u00e9 resgatada pela segunda vez em Ubatuba ap\u00f3s novo enredamento em rede de pesca"},{"@type":"WebSite","@id":"https:\/\/redenoticiaz.com.br\/litoralsp\/#website","url":"https:\/\/redenoticiaz.com.br\/litoralsp\/","name":"Litoral SP","description":"Rede NoticiaZ","publisher":{"@id":"https:\/\/redenoticiaz.com.br\/litoralsp\/#organization"},"potentialAction":[{"@type":"SearchAction","target":{"@type":"EntryPoint","urlTemplate":"https:\/\/redenoticiaz.com.br\/litoralsp\/?s={search_term_string}"},"query-input":{"@type":"PropertyValueSpecification","valueRequired":true,"valueName":"search_term_string"}}],"inLanguage":"pt-BR"},{"@type":"Organization","@id":"https:\/\/redenoticiaz.com.br\/litoralsp\/#organization","name":"Litoral SP","url":"https:\/\/redenoticiaz.com.br\/litoralsp\/","logo":{"@type":"ImageObject","inLanguage":"pt-BR","@id":"https:\/\/redenoticiaz.com.br\/litoralsp\/#\/schema\/logo\/image\/","url":"https:\/\/redenoticiaz.com.br\/litoralsp\/wp-content\/uploads\/sites\/3\/2020\/11\/logo.jpg","contentUrl":"https:\/\/redenoticiaz.com.br\/litoralsp\/wp-content\/uploads\/sites\/3\/2020\/11\/logo.jpg","width":400,"height":250,"caption":"Litoral SP"},"image":{"@id":"https:\/\/redenoticiaz.com.br\/litoralsp\/#\/schema\/logo\/image\/"}},{"@type":"Person","@id":"https:\/\/redenoticiaz.com.br\/litoralsp\/#\/schema\/person\/1f84d6e94e6a62d2d81199d7503e9e90","name":"Carina Reifonas","image":{"@type":"ImageObject","inLanguage":"pt-BR","@id":"https:\/\/secure.gravatar.com\/avatar\/04c59859b23696cf867715880f81d5c037e60109730bdb4e6670ec2a2245bc97?s=96&d=mm&r=g","url":"https:\/\/secure.gravatar.com\/avatar\/04c59859b23696cf867715880f81d5c037e60109730bdb4e6670ec2a2245bc97?s=96&d=mm&r=g","contentUrl":"https:\/\/secure.gravatar.com\/avatar\/04c59859b23696cf867715880f81d5c037e60109730bdb4e6670ec2a2245bc97?s=96&d=mm&r=g","caption":"Carina Reifonas"},"url":"https:\/\/redenoticiaz.com.br\/litoralsp\/author\/carinareifonas"}]}},"_links":{"self":[{"href":"https:\/\/redenoticiaz.com.br\/litoralsp\/wp-json\/wp\/v2\/posts\/120314","targetHints":{"allow":["GET"]}}],"collection":[{"href":"https:\/\/redenoticiaz.com.br\/litoralsp\/wp-json\/wp\/v2\/posts"}],"about":[{"href":"https:\/\/redenoticiaz.com.br\/litoralsp\/wp-json\/wp\/v2\/types\/post"}],"author":[{"embeddable":true,"href":"https:\/\/redenoticiaz.com.br\/litoralsp\/wp-json\/wp\/v2\/users\/30"}],"replies":[{"embeddable":true,"href":"https:\/\/redenoticiaz.com.br\/litoralsp\/wp-json\/wp\/v2\/comments?post=120314"}],"version-history":[{"count":1,"href":"https:\/\/redenoticiaz.com.br\/litoralsp\/wp-json\/wp\/v2\/posts\/120314\/revisions"}],"predecessor-version":[{"id":120327,"href":"https:\/\/redenoticiaz.com.br\/litoralsp\/wp-json\/wp\/v2\/posts\/120314\/revisions\/120327"}],"wp:featuredmedia":[{"embeddable":true,"href":"https:\/\/redenoticiaz.com.br\/litoralsp\/wp-json\/wp\/v2\/media\/120316"}],"wp:attachment":[{"href":"https:\/\/redenoticiaz.com.br\/litoralsp\/wp-json\/wp\/v2\/media?parent=120314"}],"wp:term":[{"taxonomy":"category","embeddable":true,"href":"https:\/\/redenoticiaz.com.br\/litoralsp\/wp-json\/wp\/v2\/categories?post=120314"},{"taxonomy":"post_tag","embeddable":true,"href":"https:\/\/redenoticiaz.com.br\/litoralsp\/wp-json\/wp\/v2\/tags?post=120314"}],"curies":[{"name":"wp","href":"https:\/\/api.w.org\/{rel}","templated":true}]}}