{"id":120330,"date":"2025-07-26T11:00:41","date_gmt":"2025-07-26T14:00:41","guid":{"rendered":"https:\/\/redenoticiaz.com.br\/litoralsp\/?p=120330"},"modified":"2025-07-28T10:15:04","modified_gmt":"2025-07-28T13:15:04","slug":"mais-louca-que-nunca-sequencia-de-sexta-feira-muito-louca-estreia-em-agosto-nos-cinemas","status":"publish","type":"post","link":"https:\/\/redenoticiaz.com.br\/litoralsp\/2025\/07\/26\/mais-louca-que-nunca-sequencia-de-sexta-feira-muito-louca-estreia-em-agosto-nos-cinemas","title":{"rendered":"\u201cMais louca que nunca\u201d: sequ\u00eancia de Sexta-Feira Muito Louca estreia em agosto nos cinemas"},"content":{"rendered":"<p>J\u00e1 est\u00e1 tudo pronto para o retorno de uma das duplas mais queridas do cinema! <strong>Jamie Lee Curtis e Lindsay<\/strong> <strong>Lohan<\/strong> est\u00e3o de volta como m\u00e3e e filha em <strong>Uma Sexta-Feira Mais Louca Ainda<\/strong>, continua\u00e7\u00e3o do cl\u00e1ssico de 2003. A estreia est\u00e1 marcada para o dia 7 de agosto nos cinemas.<\/p>\n<p>No novo filme, Tess e Anna enfrentam mais uma troca de corpos \u2014 mas dessa vez, n\u00e3o est\u00e3o sozinhas. As filhas das personagens tamb\u00e9m entram na confus\u00e3o, criando um cen\u00e1rio ainda mais ca\u00f3tico e divertido. A trama se passa \u00e0s v\u00e9speras do casamento de Anna e promete muitas reviravoltas.<\/p>\n<p>Al\u00e9m das protagonistas, o p\u00fablico poder\u00e1 rever personagens ic\u00f4nicos, como Jake (Chad Michael Murray), Ryan (Mark Harmon) e a gerente do restaurante Pei Pei (Rosalind Chao). Novos rostos tamb\u00e9m entram na hist\u00f3ria, incluindo Maitreyi Ramakrishnan e Vanessa Bayer.<\/p>\n<p>Outro destaque \u00e9 a nova vers\u00e3o da m\u00fasica Take Me Away, da banda fict\u00edcia Pink Slip, que j\u00e1 est\u00e1 dispon\u00edvel nas principais plataformas digitais.<\/p>\n<p>Prepare-se para rir, se emocionar e reviver a nostalgia. A contagem regressiva j\u00e1 come\u00e7ou!<\/p>\n<p>LEIA MAIS<\/p>\n<p><a href=\"https:\/\/redenoticiaz.com.br\/blog\/2025\/07\/22\/shopee-esta-contratando-veja-as-vagas-abertas-e-onde-estao-os-postos-disponiveis\">Shopee est\u00e1 contratando! Veja as vagas abertas e onde est\u00e3o os postos dispon\u00edveis<\/a><\/p>\n<p><a href=\"https:\/\/redenoticiaz.com.br\/blog\/2025\/07\/22\/futsal-amador-entra-na-fase-mata-mata-com-confrontos-definidos\">Futsal Amador entra na fase mata-mata com confrontos definidos<\/a><\/p>\n<p>&nbsp;<\/p>\n","protected":false},"excerpt":{"rendered":"<p>J\u00e1 est\u00e1 tudo pronto para o retorno de uma das duplas mais queridas do cinema! Jamie Lee Curtis e Lindsay Lohan est\u00e3o de volta como m\u00e3e e filha em Uma Sexta-Feira Mais Louca Ainda, continua\u00e7\u00e3o do cl\u00e1ssico de 2003. A estreia est\u00e1 marcada para o dia 7 de agosto nos cinemas. No novo filme, Tess &hellip;<\/p>\n","protected":false},"author":30,"featured_media":120347,"comment_status":"open","ping_status":"closed","sticky":false,"template":"","format":"standard","meta":{"footnotes":""},"categories":[62064],"tags":[44750,69180,69181,69182],"class_list":["post-120330","post","type-post","status-publish","format-standard","has-post-thumbnail","hentry","category-cameraz","tag-cinema","tag-jamie-lee-curtis-e-lindsay","tag-sexta-feira-muito-louca","tag-uma-sexta-feira-mais-louca-ainda"],"yoast_head":"<!-- This site is optimized with the Yoast SEO plugin v27.5 - https:\/\/yoast.com\/product\/yoast-seo-wordpress\/ -->\n<title>\u201cMais louca que nunca\u201d: sequ\u00eancia de Sexta-Feira Muito Louca estreia em agosto nos cinemas - Litoral SP<\/title>\n<meta name=\"description\" content=\"J\u00e1 est\u00e1 tudo pronto para o retorno de uma das duplas mais queridas do cinema! Jamie Lee Curtis e Lindsay Lohan est\u00e3o de volta como m\u00e3e e filha.\" \/>\n<meta name=\"robots\" content=\"index, follow, max-snippet:-1, max-image-preview:large, max-video-preview:-1\" \/>\n<link rel=\"canonical\" href=\"https:\/\/redenoticiaz.com.br\/litoralsp\/2025\/07\/26\/mais-louca-que-nunca-sequencia-de-sexta-feira-muito-louca-estreia-em-agosto-nos-cinemas\" \/>\n<meta property=\"og:locale\" content=\"pt_BR\" \/>\n<meta property=\"og:type\" content=\"article\" \/>\n<meta property=\"og:title\" content=\"\u201cMais louca que nunca\u201d: sequ\u00eancia de Sexta-Feira Muito Louca estreia em agosto nos cinemas - Litoral SP\" \/>\n<meta property=\"og:description\" content=\"J\u00e1 est\u00e1 tudo pronto para o retorno de uma das duplas mais queridas do cinema! Jamie Lee Curtis e Lindsay Lohan est\u00e3o de volta como m\u00e3e e filha.\" \/>\n<meta property=\"og:url\" content=\"https:\/\/redenoticiaz.com.br\/litoralsp\/2025\/07\/26\/mais-louca-que-nunca-sequencia-de-sexta-feira-muito-louca-estreia-em-agosto-nos-cinemas\" \/>\n<meta property=\"og:site_name\" content=\"Litoral SP\" \/>\n<meta property=\"article:published_time\" content=\"2025-07-26T14:00:41+00:00\" \/>\n<meta property=\"article:modified_time\" content=\"2025-07-28T13:15:04+00:00\" \/>\n<meta name=\"author\" content=\"Carina Reifonas\" \/>\n<meta name=\"twitter:card\" content=\"summary_large_image\" \/>\n<meta name=\"twitter:label1\" content=\"Escrito por\" \/>\n\t<meta name=\"twitter:data1\" content=\"Carina Reifonas\" \/>\n\t<meta name=\"twitter:label2\" content=\"Est. tempo de leitura\" \/>\n\t<meta name=\"twitter:data2\" content=\"2 minutos\" \/>\n<script type=\"application\/ld+json\" class=\"yoast-schema-graph\">{\"@context\":\"https:\\\/\\\/schema.org\",\"@graph\":[{\"@type\":\"Article\",\"@id\":\"https:\\\/\\\/redenoticiaz.com.br\\\/litoralsp\\\/2025\\\/07\\\/26\\\/mais-louca-que-nunca-sequencia-de-sexta-feira-muito-louca-estreia-em-agosto-nos-cinemas#article\",\"isPartOf\":{\"@id\":\"https:\\\/\\\/redenoticiaz.com.br\\\/litoralsp\\\/2025\\\/07\\\/26\\\/mais-louca-que-nunca-sequencia-de-sexta-feira-muito-louca-estreia-em-agosto-nos-cinemas\"},\"author\":{\"name\":\"Carina Reifonas\",\"@id\":\"https:\\\/\\\/redenoticiaz.com.br\\\/litoralsp\\\/#\\\/schema\\\/person\\\/1f84d6e94e6a62d2d81199d7503e9e90\"},\"headline\":\"\u201cMais louca que nunca\u201d: sequ\u00eancia de Sexta-Feira Muito Louca estreia em agosto nos cinemas\",\"datePublished\":\"2025-07-26T14:00:41+00:00\",\"dateModified\":\"2025-07-28T13:15:04+00:00\",\"mainEntityOfPage\":{\"@id\":\"https:\\\/\\\/redenoticiaz.com.br\\\/litoralsp\\\/2025\\\/07\\\/26\\\/mais-louca-que-nunca-sequencia-de-sexta-feira-muito-louca-estreia-em-agosto-nos-cinemas\"},\"wordCount\":235,\"commentCount\":0,\"publisher\":{\"@id\":\"https:\\\/\\\/redenoticiaz.com.br\\\/litoralsp\\\/#organization\"},\"image\":{\"@id\":\"https:\\\/\\\/redenoticiaz.com.br\\\/litoralsp\\\/2025\\\/07\\\/26\\\/mais-louca-que-nunca-sequencia-de-sexta-feira-muito-louca-estreia-em-agosto-nos-cinemas#primaryimage\"},\"thumbnailUrl\":\"https:\\\/\\\/redenoticiaz.com.br\\\/litoralsp\\\/wp-content\\\/uploads\\\/sites\\\/3\\\/2025\\\/07\\\/sexta-2-1024x576-1.jpg?v=1753708476\",\"keywords\":[\"CINEMA\",\"Jamie Lee Curtis e Lindsay\",\"Sexta-Feira Muito Louca\",\"Uma Sexta-Feira Mais Louca Ainda\"],\"articleSection\":[\"C\u00e2mera Z\"],\"inLanguage\":\"pt-BR\",\"potentialAction\":[{\"@type\":\"CommentAction\",\"name\":\"Comment\",\"target\":[\"https:\\\/\\\/redenoticiaz.com.br\\\/litoralsp\\\/2025\\\/07\\\/26\\\/mais-louca-que-nunca-sequencia-de-sexta-feira-muito-louca-estreia-em-agosto-nos-cinemas#respond\"]}]},{\"@type\":\"WebPage\",\"@id\":\"https:\\\/\\\/redenoticiaz.com.br\\\/litoralsp\\\/2025\\\/07\\\/26\\\/mais-louca-que-nunca-sequencia-de-sexta-feira-muito-louca-estreia-em-agosto-nos-cinemas\",\"url\":\"https:\\\/\\\/redenoticiaz.com.br\\\/litoralsp\\\/2025\\\/07\\\/26\\\/mais-louca-que-nunca-sequencia-de-sexta-feira-muito-louca-estreia-em-agosto-nos-cinemas\",\"name\":\"\u201cMais louca que nunca\u201d: sequ\u00eancia de Sexta-Feira Muito Louca estreia em agosto nos cinemas - Litoral SP\",\"isPartOf\":{\"@id\":\"https:\\\/\\\/redenoticiaz.com.br\\\/litoralsp\\\/#website\"},\"primaryImageOfPage\":{\"@id\":\"https:\\\/\\\/redenoticiaz.com.br\\\/litoralsp\\\/2025\\\/07\\\/26\\\/mais-louca-que-nunca-sequencia-de-sexta-feira-muito-louca-estreia-em-agosto-nos-cinemas#primaryimage\"},\"image\":{\"@id\":\"https:\\\/\\\/redenoticiaz.com.br\\\/litoralsp\\\/2025\\\/07\\\/26\\\/mais-louca-que-nunca-sequencia-de-sexta-feira-muito-louca-estreia-em-agosto-nos-cinemas#primaryimage\"},\"thumbnailUrl\":\"https:\\\/\\\/redenoticiaz.com.br\\\/litoralsp\\\/wp-content\\\/uploads\\\/sites\\\/3\\\/2025\\\/07\\\/sexta-2-1024x576-1.jpg?v=1753708476\",\"datePublished\":\"2025-07-26T14:00:41+00:00\",\"dateModified\":\"2025-07-28T13:15:04+00:00\",\"description\":\"J\u00e1 est\u00e1 tudo pronto para o retorno de uma das duplas mais queridas do cinema! Jamie Lee Curtis e Lindsay Lohan est\u00e3o de volta como m\u00e3e e filha.\",\"inLanguage\":\"pt-BR\",\"potentialAction\":[{\"@type\":\"ReadAction\",\"target\":[\"https:\\\/\\\/redenoticiaz.com.br\\\/litoralsp\\\/2025\\\/07\\\/26\\\/mais-louca-que-nunca-sequencia-de-sexta-feira-muito-louca-estreia-em-agosto-nos-cinemas\"]}]},{\"@type\":\"ImageObject\",\"inLanguage\":\"pt-BR\",\"@id\":\"https:\\\/\\\/redenoticiaz.com.br\\\/litoralsp\\\/2025\\\/07\\\/26\\\/mais-louca-que-nunca-sequencia-de-sexta-feira-muito-louca-estreia-em-agosto-nos-cinemas#primaryimage\",\"url\":\"https:\\\/\\\/redenoticiaz.com.br\\\/litoralsp\\\/wp-content\\\/uploads\\\/sites\\\/3\\\/2025\\\/07\\\/sexta-2-1024x576-1.jpg?v=1753708476\",\"contentUrl\":\"https:\\\/\\\/redenoticiaz.com.br\\\/litoralsp\\\/wp-content\\\/uploads\\\/sites\\\/3\\\/2025\\\/07\\\/sexta-2-1024x576-1.jpg?v=1753708476\",\"width\":1024,\"height\":576,\"caption\":\"Uma Sexta-Feira Mais Louca Ainda \u2014 Divulga\u00e7\u00e3o\"},{\"@type\":\"WebSite\",\"@id\":\"https:\\\/\\\/redenoticiaz.com.br\\\/litoralsp\\\/#website\",\"url\":\"https:\\\/\\\/redenoticiaz.com.br\\\/litoralsp\\\/\",\"name\":\"Litoral SP\",\"description\":\"Rede NoticiaZ\",\"publisher\":{\"@id\":\"https:\\\/\\\/redenoticiaz.com.br\\\/litoralsp\\\/#organization\"},\"potentialAction\":[{\"@type\":\"SearchAction\",\"target\":{\"@type\":\"EntryPoint\",\"urlTemplate\":\"https:\\\/\\\/redenoticiaz.com.br\\\/litoralsp\\\/?s={search_term_string}\"},\"query-input\":{\"@type\":\"PropertyValueSpecification\",\"valueRequired\":true,\"valueName\":\"search_term_string\"}}],\"inLanguage\":\"pt-BR\"},{\"@type\":\"Organization\",\"@id\":\"https:\\\/\\\/redenoticiaz.com.br\\\/litoralsp\\\/#organization\",\"name\":\"Litoral SP\",\"url\":\"https:\\\/\\\/redenoticiaz.com.br\\\/litoralsp\\\/\",\"logo\":{\"@type\":\"ImageObject\",\"inLanguage\":\"pt-BR\",\"@id\":\"https:\\\/\\\/redenoticiaz.com.br\\\/litoralsp\\\/#\\\/schema\\\/logo\\\/image\\\/\",\"url\":\"https:\\\/\\\/redenoticiaz.com.br\\\/litoralsp\\\/wp-content\\\/uploads\\\/sites\\\/3\\\/2020\\\/11\\\/logo.jpg\",\"contentUrl\":\"https:\\\/\\\/redenoticiaz.com.br\\\/litoralsp\\\/wp-content\\\/uploads\\\/sites\\\/3\\\/2020\\\/11\\\/logo.jpg\",\"width\":400,\"height\":250,\"caption\":\"Litoral SP\"},\"image\":{\"@id\":\"https:\\\/\\\/redenoticiaz.com.br\\\/litoralsp\\\/#\\\/schema\\\/logo\\\/image\\\/\"}},{\"@type\":\"Person\",\"@id\":\"https:\\\/\\\/redenoticiaz.com.br\\\/litoralsp\\\/#\\\/schema\\\/person\\\/1f84d6e94e6a62d2d81199d7503e9e90\",\"name\":\"Carina Reifonas\",\"image\":{\"@type\":\"ImageObject\",\"inLanguage\":\"pt-BR\",\"@id\":\"https:\\\/\\\/secure.gravatar.com\\\/avatar\\\/04c59859b23696cf867715880f81d5c037e60109730bdb4e6670ec2a2245bc97?s=96&d=mm&r=g\",\"url\":\"https:\\\/\\\/secure.gravatar.com\\\/avatar\\\/04c59859b23696cf867715880f81d5c037e60109730bdb4e6670ec2a2245bc97?s=96&d=mm&r=g\",\"contentUrl\":\"https:\\\/\\\/secure.gravatar.com\\\/avatar\\\/04c59859b23696cf867715880f81d5c037e60109730bdb4e6670ec2a2245bc97?s=96&d=mm&r=g\",\"caption\":\"Carina Reifonas\"},\"url\":\"https:\\\/\\\/redenoticiaz.com.br\\\/litoralsp\\\/author\\\/carinareifonas\"}]}<\/script>\n<!-- \/ Yoast SEO plugin. -->","yoast_head_json":{"title":"\u201cMais louca que nunca\u201d: sequ\u00eancia de Sexta-Feira Muito Louca estreia em agosto nos cinemas - Litoral SP","description":"J\u00e1 est\u00e1 tudo pronto para o retorno de uma das duplas mais queridas do cinema! Jamie Lee Curtis e Lindsay Lohan est\u00e3o de volta como m\u00e3e e filha.","robots":{"index":"index","follow":"follow","max-snippet":"max-snippet:-1","max-image-preview":"max-image-preview:large","max-video-preview":"max-video-preview:-1"},"canonical":"https:\/\/redenoticiaz.com.br\/litoralsp\/2025\/07\/26\/mais-louca-que-nunca-sequencia-de-sexta-feira-muito-louca-estreia-em-agosto-nos-cinemas","og_locale":"pt_BR","og_type":"article","og_title":"\u201cMais louca que nunca\u201d: sequ\u00eancia de Sexta-Feira Muito Louca estreia em agosto nos cinemas - Litoral SP","og_description":"J\u00e1 est\u00e1 tudo pronto para o retorno de uma das duplas mais queridas do cinema! Jamie Lee Curtis e Lindsay Lohan est\u00e3o de volta como m\u00e3e e filha.","og_url":"https:\/\/redenoticiaz.com.br\/litoralsp\/2025\/07\/26\/mais-louca-que-nunca-sequencia-de-sexta-feira-muito-louca-estreia-em-agosto-nos-cinemas","og_site_name":"Litoral SP","article_published_time":"2025-07-26T14:00:41+00:00","article_modified_time":"2025-07-28T13:15:04+00:00","author":"Carina Reifonas","twitter_card":"summary_large_image","twitter_misc":{"Escrito por":"Carina Reifonas","Est. tempo de leitura":"2 minutos"},"schema":{"@context":"https:\/\/schema.org","@graph":[{"@type":"Article","@id":"https:\/\/redenoticiaz.com.br\/litoralsp\/2025\/07\/26\/mais-louca-que-nunca-sequencia-de-sexta-feira-muito-louca-estreia-em-agosto-nos-cinemas#article","isPartOf":{"@id":"https:\/\/redenoticiaz.com.br\/litoralsp\/2025\/07\/26\/mais-louca-que-nunca-sequencia-de-sexta-feira-muito-louca-estreia-em-agosto-nos-cinemas"},"author":{"name":"Carina Reifonas","@id":"https:\/\/redenoticiaz.com.br\/litoralsp\/#\/schema\/person\/1f84d6e94e6a62d2d81199d7503e9e90"},"headline":"\u201cMais louca que nunca\u201d: sequ\u00eancia de Sexta-Feira Muito Louca estreia em agosto nos cinemas","datePublished":"2025-07-26T14:00:41+00:00","dateModified":"2025-07-28T13:15:04+00:00","mainEntityOfPage":{"@id":"https:\/\/redenoticiaz.com.br\/litoralsp\/2025\/07\/26\/mais-louca-que-nunca-sequencia-de-sexta-feira-muito-louca-estreia-em-agosto-nos-cinemas"},"wordCount":235,"commentCount":0,"publisher":{"@id":"https:\/\/redenoticiaz.com.br\/litoralsp\/#organization"},"image":{"@id":"https:\/\/redenoticiaz.com.br\/litoralsp\/2025\/07\/26\/mais-louca-que-nunca-sequencia-de-sexta-feira-muito-louca-estreia-em-agosto-nos-cinemas#primaryimage"},"thumbnailUrl":"https:\/\/redenoticiaz.com.br\/litoralsp\/wp-content\/uploads\/sites\/3\/2025\/07\/sexta-2-1024x576-1.jpg?v=1753708476","keywords":["CINEMA","Jamie Lee Curtis e Lindsay","Sexta-Feira Muito Louca","Uma Sexta-Feira Mais Louca Ainda"],"articleSection":["C\u00e2mera Z"],"inLanguage":"pt-BR","potentialAction":[{"@type":"CommentAction","name":"Comment","target":["https:\/\/redenoticiaz.com.br\/litoralsp\/2025\/07\/26\/mais-louca-que-nunca-sequencia-de-sexta-feira-muito-louca-estreia-em-agosto-nos-cinemas#respond"]}]},{"@type":"WebPage","@id":"https:\/\/redenoticiaz.com.br\/litoralsp\/2025\/07\/26\/mais-louca-que-nunca-sequencia-de-sexta-feira-muito-louca-estreia-em-agosto-nos-cinemas","url":"https:\/\/redenoticiaz.com.br\/litoralsp\/2025\/07\/26\/mais-louca-que-nunca-sequencia-de-sexta-feira-muito-louca-estreia-em-agosto-nos-cinemas","name":"\u201cMais louca que nunca\u201d: sequ\u00eancia de Sexta-Feira Muito Louca estreia em agosto nos cinemas - Litoral SP","isPartOf":{"@id":"https:\/\/redenoticiaz.com.br\/litoralsp\/#website"},"primaryImageOfPage":{"@id":"https:\/\/redenoticiaz.com.br\/litoralsp\/2025\/07\/26\/mais-louca-que-nunca-sequencia-de-sexta-feira-muito-louca-estreia-em-agosto-nos-cinemas#primaryimage"},"image":{"@id":"https:\/\/redenoticiaz.com.br\/litoralsp\/2025\/07\/26\/mais-louca-que-nunca-sequencia-de-sexta-feira-muito-louca-estreia-em-agosto-nos-cinemas#primaryimage"},"thumbnailUrl":"https:\/\/redenoticiaz.com.br\/litoralsp\/wp-content\/uploads\/sites\/3\/2025\/07\/sexta-2-1024x576-1.jpg?v=1753708476","datePublished":"2025-07-26T14:00:41+00:00","dateModified":"2025-07-28T13:15:04+00:00","description":"J\u00e1 est\u00e1 tudo pronto para o retorno de uma das duplas mais queridas do cinema! Jamie Lee Curtis e Lindsay Lohan est\u00e3o de volta como m\u00e3e e filha.","inLanguage":"pt-BR","potentialAction":[{"@type":"ReadAction","target":["https:\/\/redenoticiaz.com.br\/litoralsp\/2025\/07\/26\/mais-louca-que-nunca-sequencia-de-sexta-feira-muito-louca-estreia-em-agosto-nos-cinemas"]}]},{"@type":"ImageObject","inLanguage":"pt-BR","@id":"https:\/\/redenoticiaz.com.br\/litoralsp\/2025\/07\/26\/mais-louca-que-nunca-sequencia-de-sexta-feira-muito-louca-estreia-em-agosto-nos-cinemas#primaryimage","url":"https:\/\/redenoticiaz.com.br\/litoralsp\/wp-content\/uploads\/sites\/3\/2025\/07\/sexta-2-1024x576-1.jpg?v=1753708476","contentUrl":"https:\/\/redenoticiaz.com.br\/litoralsp\/wp-content\/uploads\/sites\/3\/2025\/07\/sexta-2-1024x576-1.jpg?v=1753708476","width":1024,"height":576,"caption":"Uma Sexta-Feira Mais Louca Ainda \u2014 Divulga\u00e7\u00e3o"},{"@type":"WebSite","@id":"https:\/\/redenoticiaz.com.br\/litoralsp\/#website","url":"https:\/\/redenoticiaz.com.br\/litoralsp\/","name":"Litoral SP","description":"Rede NoticiaZ","publisher":{"@id":"https:\/\/redenoticiaz.com.br\/litoralsp\/#organization"},"potentialAction":[{"@type":"SearchAction","target":{"@type":"EntryPoint","urlTemplate":"https:\/\/redenoticiaz.com.br\/litoralsp\/?s={search_term_string}"},"query-input":{"@type":"PropertyValueSpecification","valueRequired":true,"valueName":"search_term_string"}}],"inLanguage":"pt-BR"},{"@type":"Organization","@id":"https:\/\/redenoticiaz.com.br\/litoralsp\/#organization","name":"Litoral SP","url":"https:\/\/redenoticiaz.com.br\/litoralsp\/","logo":{"@type":"ImageObject","inLanguage":"pt-BR","@id":"https:\/\/redenoticiaz.com.br\/litoralsp\/#\/schema\/logo\/image\/","url":"https:\/\/redenoticiaz.com.br\/litoralsp\/wp-content\/uploads\/sites\/3\/2020\/11\/logo.jpg","contentUrl":"https:\/\/redenoticiaz.com.br\/litoralsp\/wp-content\/uploads\/sites\/3\/2020\/11\/logo.jpg","width":400,"height":250,"caption":"Litoral SP"},"image":{"@id":"https:\/\/redenoticiaz.com.br\/litoralsp\/#\/schema\/logo\/image\/"}},{"@type":"Person","@id":"https:\/\/redenoticiaz.com.br\/litoralsp\/#\/schema\/person\/1f84d6e94e6a62d2d81199d7503e9e90","name":"Carina Reifonas","image":{"@type":"ImageObject","inLanguage":"pt-BR","@id":"https:\/\/secure.gravatar.com\/avatar\/04c59859b23696cf867715880f81d5c037e60109730bdb4e6670ec2a2245bc97?s=96&d=mm&r=g","url":"https:\/\/secure.gravatar.com\/avatar\/04c59859b23696cf867715880f81d5c037e60109730bdb4e6670ec2a2245bc97?s=96&d=mm&r=g","contentUrl":"https:\/\/secure.gravatar.com\/avatar\/04c59859b23696cf867715880f81d5c037e60109730bdb4e6670ec2a2245bc97?s=96&d=mm&r=g","caption":"Carina Reifonas"},"url":"https:\/\/redenoticiaz.com.br\/litoralsp\/author\/carinareifonas"}]}},"_links":{"self":[{"href":"https:\/\/redenoticiaz.com.br\/litoralsp\/wp-json\/wp\/v2\/posts\/120330","targetHints":{"allow":["GET"]}}],"collection":[{"href":"https:\/\/redenoticiaz.com.br\/litoralsp\/wp-json\/wp\/v2\/posts"}],"about":[{"href":"https:\/\/redenoticiaz.com.br\/litoralsp\/wp-json\/wp\/v2\/types\/post"}],"author":[{"embeddable":true,"href":"https:\/\/redenoticiaz.com.br\/litoralsp\/wp-json\/wp\/v2\/users\/30"}],"replies":[{"embeddable":true,"href":"https:\/\/redenoticiaz.com.br\/litoralsp\/wp-json\/wp\/v2\/comments?post=120330"}],"version-history":[{"count":2,"href":"https:\/\/redenoticiaz.com.br\/litoralsp\/wp-json\/wp\/v2\/posts\/120330\/revisions"}],"predecessor-version":[{"id":120346,"href":"https:\/\/redenoticiaz.com.br\/litoralsp\/wp-json\/wp\/v2\/posts\/120330\/revisions\/120346"}],"wp:featuredmedia":[{"embeddable":true,"href":"https:\/\/redenoticiaz.com.br\/litoralsp\/wp-json\/wp\/v2\/media\/120347"}],"wp:attachment":[{"href":"https:\/\/redenoticiaz.com.br\/litoralsp\/wp-json\/wp\/v2\/media?parent=120330"}],"wp:term":[{"taxonomy":"category","embeddable":true,"href":"https:\/\/redenoticiaz.com.br\/litoralsp\/wp-json\/wp\/v2\/categories?post=120330"},{"taxonomy":"post_tag","embeddable":true,"href":"https:\/\/redenoticiaz.com.br\/litoralsp\/wp-json\/wp\/v2\/tags?post=120330"}],"curies":[{"name":"wp","href":"https:\/\/api.w.org\/{rel}","templated":true}]}}