{"id":120396,"date":"2025-08-04T11:52:33","date_gmt":"2025-08-04T14:52:33","guid":{"rendered":"https:\/\/redenoticiaz.com.br\/litoralsp\/2025\/08\/04\/governo-de-sp-abre-novas-vagas-de-estagio-para-estudantes-do-ensino-medio"},"modified":"2025-08-04T11:52:33","modified_gmt":"2025-08-04T14:52:33","slug":"governo-de-sp-abre-novas-vagas-de-estagio-para-estudantes-do-ensino-medio","status":"publish","type":"post","link":"https:\/\/redenoticiaz.com.br\/litoralsp\/2025\/08\/04\/governo-de-sp-abre-novas-vagas-de-estagio-para-estudantes-do-ensino-medio","title":{"rendered":"Governo de SP abre novas vagas de est\u00e1gio para estudantes do ensino m\u00e9dio"},"content":{"rendered":"<p>A Secretaria da Educa\u00e7\u00e3o do Estado de S\u00e3o Paulo (Seduc-SP) abriu uma nova fase de inscri\u00e7\u00f5es para o Bolsa Est\u00e1gio Ensino M\u00e9dio (BEEM), voltada para estudantes da 2\u00aa e 3\u00aa s\u00e9rie do ensino m\u00e9dio t\u00e9cnico que ainda n\u00e3o se cadastraram no primeiro semestre de 2025.<\/p>\n<p>As inscri\u00e7\u00f5es seguem at\u00e9 o dia 22 de setembro e devem ser feitas de forma online. As bolsas variam de R$ 422,03 a R$ 851,46, dependendo da carga hor\u00e1ria e do curso t\u00e9cnico frequentado pelo aluno. O est\u00e1gio tem dura\u00e7\u00e3o de seis meses, podendo ser prorrogado ou at\u00e9 mesmo resultar em uma contrata\u00e7\u00e3o formal.<\/p>\n<h3>\u2705 Quem pode se inscrever?<br \/>\nPara participar do programa, os estudantes devem:<\/h3>\n<ul>\n<li>Ter completado 16 anos;<\/li>\n<li>Estar cursando a 2\u00aa ou 3\u00aa s\u00e9rie do ensino m\u00e9dio t\u00e9cnico;<\/li>\n<li>Ter frequ\u00eancia escolar igual ou superior a 85% no semestre anterior;<\/li>\n<li>Ter participado do Prov\u00e3o Paulista Seriado em 2024;<\/li>\n<li>Possuir CPF.<\/li>\n<\/ul>\n<p>Alunos que j\u00e1 se inscreveram na edi\u00e7\u00e3o anterior e mant\u00eam a frequ\u00eancia exigida n\u00e3o precisam refazer o cadastro \u2014 seus dados permanecem no banco de talentos do programa.<\/p>\n<p>Al\u00e9m do pagamento da bolsa, a Seduc-SP garante seguro contra acidentes pessoais para todos os estudantes selecionados.<\/p>\n<h3>\ud83c\udfe2 Empresas tamb\u00e9m podem participar<\/h3>\n<p>A Seduc-SP tamb\u00e9m est\u00e1 com inscri\u00e7\u00f5es abertas para empresas interessadas em contratar estagi\u00e1rios pelo programa. O prazo para ades\u00e3o vai at\u00e9 15 de setembro.<\/p>\n<p><strong>Entre os requisitos, as empresas devem:<\/strong><\/p>\n<ul>\n<li>Ter CNPJ ativo h\u00e1 pelo menos seis meses;<\/li>\n<li>Contar com, no m\u00ednimo, seis funcion\u00e1rios;<\/li>\n<li>Estar sediadas no estado de S\u00e3o Paulo;<\/li>\n<\/ul>\n<p>__________________________________________________________<\/p>\n<p>Siga nossas redes sociais no <a href=\"https:\/\/www.instagram.com\/redenoticiaz\/\">Instagram<\/a> e <a href=\"https:\/\/www.facebook.com\/p\/Rede-Noticiaz-100063557592062\/?_rdr\">Facebook<\/a> para ficar por dentro de todas as novidades e atualiza\u00e7\u00f5es!<\/p>\n<p>Junte-se ao canal de empregos do<a href=\"https:\/\/chat.whatsapp.com\/IZvl6ywXD9K5Zh7loxWKGE\"> Rede Noticias WhatsApp<\/a><\/p>\n<p>LEIA MAIS<\/p>\n<p><a href=\"https:\/\/redenoticiaz.com.br\/blog\/2025\/08\/03\/insider-acelera-contratacoes-em-2025-confira-como-se-candidatar\">Insider acelera contrata\u00e7\u00f5es em 2025; confira como se candidatar<\/a><\/p>\n<p><a href=\"https:\/\/redenoticiaz.com.br\/blog\/2025\/08\/03\/apos-33-anos-emeb-peixinho-inaugura-quadra-poliesportiva-em-jundiai-mirim\">Ap\u00f3s 33 anos, EMEB \u201cPeixinho\u201d inaugura quadra poliesportiva em Jundia\u00ed Mirim<\/a><\/p>\n<p>&nbsp;<\/p>\n","protected":false},"excerpt":{"rendered":"<p>A Secretaria da Educa\u00e7\u00e3o do Estado de S\u00e3o Paulo (Seduc-SP) abriu uma nova fase de inscri\u00e7\u00f5es para o Bolsa Est\u00e1gio Ensino M\u00e9dio (BEEM), voltada para estudantes da 2\u00aa e 3\u00aa s\u00e9rie do ensino m\u00e9dio t\u00e9cnico que ainda n\u00e3o se cadastraram no primeiro semestre de 2025. As inscri\u00e7\u00f5es seguem at\u00e9 o dia 22 de setembro e &hellip;<\/p>\n","protected":false},"author":30,"featured_media":105553,"comment_status":"open","ping_status":"closed","sticky":false,"template":"","format":"standard","meta":{"footnotes":""},"categories":[67963],"tags":[69260,49062,28207,52032],"class_list":["post-120396","post","type-post","status-publish","format-standard","has-post-thumbnail","hentry","category-emprego","tag-beem","tag-bolsas","tag-ensino-medio","tag-estagio"],"yoast_head":"<!-- This site is optimized with the Yoast SEO plugin v27.4 - https:\/\/yoast.com\/product\/yoast-seo-wordpress\/ -->\n<title>Governo de SP abre novas vagas de est\u00e1gio para estudantes do ensino m\u00e9dio - Litoral SP<\/title>\n<meta name=\"description\" content=\"A Secretaria da Educa\u00e7\u00e3o do Estado de S\u00e3o Paulo (Seduc-SP) abriu uma nova fase de inscri\u00e7\u00f5es para o Bolsa Est\u00e1gio Ensino M\u00e9dio (BEEM)...\" \/>\n<meta name=\"robots\" content=\"index, follow, max-snippet:-1, max-image-preview:large, max-video-preview:-1\" \/>\n<link rel=\"canonical\" href=\"https:\/\/redenoticiaz.com.br\/litoralsp\/2025\/08\/04\/governo-de-sp-abre-novas-vagas-de-estagio-para-estudantes-do-ensino-medio\" \/>\n<meta property=\"og:locale\" content=\"pt_BR\" \/>\n<meta property=\"og:type\" content=\"article\" \/>\n<meta property=\"og:title\" content=\"Governo de SP abre novas vagas de est\u00e1gio para estudantes do ensino m\u00e9dio - Litoral SP\" \/>\n<meta property=\"og:description\" content=\"A Secretaria da Educa\u00e7\u00e3o do Estado de S\u00e3o Paulo (Seduc-SP) abriu uma nova fase de inscri\u00e7\u00f5es para o Bolsa Est\u00e1gio Ensino M\u00e9dio (BEEM)...\" \/>\n<meta property=\"og:url\" content=\"https:\/\/redenoticiaz.com.br\/litoralsp\/2025\/08\/04\/governo-de-sp-abre-novas-vagas-de-estagio-para-estudantes-do-ensino-medio\" \/>\n<meta property=\"og:site_name\" content=\"Litoral SP\" \/>\n<meta property=\"article:published_time\" content=\"2025-08-04T14:52:33+00:00\" \/>\n<meta property=\"og:image\" content=\"https:\/\/redenoticiaz.com.br\/litoralsp\/wp-content\/uploads\/sites\/3\/2023\/05\/curriculo-para-estagio-555x370-1.jpg?v=1683822864\" \/>\n\t<meta property=\"og:image:width\" content=\"555\" \/>\n\t<meta property=\"og:image:height\" content=\"370\" \/>\n\t<meta property=\"og:image:type\" content=\"image\/jpeg\" \/>\n<meta name=\"author\" content=\"Carina Reifonas\" \/>\n<meta name=\"twitter:card\" content=\"summary_large_image\" \/>\n<meta name=\"twitter:label1\" content=\"Escrito por\" \/>\n\t<meta name=\"twitter:data1\" content=\"Carina Reifonas\" \/>\n\t<meta name=\"twitter:label2\" content=\"Est. tempo de leitura\" \/>\n\t<meta name=\"twitter:data2\" content=\"2 minutos\" \/>\n<script type=\"application\/ld+json\" class=\"yoast-schema-graph\">{\"@context\":\"https:\\\/\\\/schema.org\",\"@graph\":[{\"@type\":\"Article\",\"@id\":\"https:\\\/\\\/redenoticiaz.com.br\\\/litoralsp\\\/2025\\\/08\\\/04\\\/governo-de-sp-abre-novas-vagas-de-estagio-para-estudantes-do-ensino-medio#article\",\"isPartOf\":{\"@id\":\"https:\\\/\\\/redenoticiaz.com.br\\\/litoralsp\\\/2025\\\/08\\\/04\\\/governo-de-sp-abre-novas-vagas-de-estagio-para-estudantes-do-ensino-medio\"},\"author\":{\"name\":\"Carina Reifonas\",\"@id\":\"https:\\\/\\\/redenoticiaz.com.br\\\/litoralsp\\\/#\\\/schema\\\/person\\\/1f84d6e94e6a62d2d81199d7503e9e90\"},\"headline\":\"Governo de SP abre novas vagas de est\u00e1gio para estudantes do ensino m\u00e9dio\",\"datePublished\":\"2025-08-04T14:52:33+00:00\",\"mainEntityOfPage\":{\"@id\":\"https:\\\/\\\/redenoticiaz.com.br\\\/litoralsp\\\/2025\\\/08\\\/04\\\/governo-de-sp-abre-novas-vagas-de-estagio-para-estudantes-do-ensino-medio\"},\"wordCount\":332,\"commentCount\":0,\"publisher\":{\"@id\":\"https:\\\/\\\/redenoticiaz.com.br\\\/litoralsp\\\/#organization\"},\"image\":{\"@id\":\"https:\\\/\\\/redenoticiaz.com.br\\\/litoralsp\\\/2025\\\/08\\\/04\\\/governo-de-sp-abre-novas-vagas-de-estagio-para-estudantes-do-ensino-medio#primaryimage\"},\"thumbnailUrl\":\"https:\\\/\\\/redenoticiaz.com.br\\\/litoralsp\\\/wp-content\\\/uploads\\\/sites\\\/3\\\/2023\\\/05\\\/curriculo-para-estagio-555x370-1.jpg?v=1683822864\",\"keywords\":[\"BEEM\",\"bolsas\",\"Ensino M\u00e9dio\",\"EST\u00c1GIO\"],\"articleSection\":[\"Emprego\"],\"inLanguage\":\"pt-BR\",\"potentialAction\":[{\"@type\":\"CommentAction\",\"name\":\"Comment\",\"target\":[\"https:\\\/\\\/redenoticiaz.com.br\\\/litoralsp\\\/2025\\\/08\\\/04\\\/governo-de-sp-abre-novas-vagas-de-estagio-para-estudantes-do-ensino-medio#respond\"]}]},{\"@type\":\"WebPage\",\"@id\":\"https:\\\/\\\/redenoticiaz.com.br\\\/litoralsp\\\/2025\\\/08\\\/04\\\/governo-de-sp-abre-novas-vagas-de-estagio-para-estudantes-do-ensino-medio\",\"url\":\"https:\\\/\\\/redenoticiaz.com.br\\\/litoralsp\\\/2025\\\/08\\\/04\\\/governo-de-sp-abre-novas-vagas-de-estagio-para-estudantes-do-ensino-medio\",\"name\":\"Governo de SP abre novas vagas de est\u00e1gio para estudantes do ensino m\u00e9dio - Litoral SP\",\"isPartOf\":{\"@id\":\"https:\\\/\\\/redenoticiaz.com.br\\\/litoralsp\\\/#website\"},\"primaryImageOfPage\":{\"@id\":\"https:\\\/\\\/redenoticiaz.com.br\\\/litoralsp\\\/2025\\\/08\\\/04\\\/governo-de-sp-abre-novas-vagas-de-estagio-para-estudantes-do-ensino-medio#primaryimage\"},\"image\":{\"@id\":\"https:\\\/\\\/redenoticiaz.com.br\\\/litoralsp\\\/2025\\\/08\\\/04\\\/governo-de-sp-abre-novas-vagas-de-estagio-para-estudantes-do-ensino-medio#primaryimage\"},\"thumbnailUrl\":\"https:\\\/\\\/redenoticiaz.com.br\\\/litoralsp\\\/wp-content\\\/uploads\\\/sites\\\/3\\\/2023\\\/05\\\/curriculo-para-estagio-555x370-1.jpg?v=1683822864\",\"datePublished\":\"2025-08-04T14:52:33+00:00\",\"description\":\"A Secretaria da Educa\u00e7\u00e3o do Estado de S\u00e3o Paulo (Seduc-SP) abriu uma nova fase de inscri\u00e7\u00f5es para o Bolsa Est\u00e1gio Ensino M\u00e9dio (BEEM)...\",\"inLanguage\":\"pt-BR\",\"potentialAction\":[{\"@type\":\"ReadAction\",\"target\":[\"https:\\\/\\\/redenoticiaz.com.br\\\/litoralsp\\\/2025\\\/08\\\/04\\\/governo-de-sp-abre-novas-vagas-de-estagio-para-estudantes-do-ensino-medio\"]}]},{\"@type\":\"ImageObject\",\"inLanguage\":\"pt-BR\",\"@id\":\"https:\\\/\\\/redenoticiaz.com.br\\\/litoralsp\\\/2025\\\/08\\\/04\\\/governo-de-sp-abre-novas-vagas-de-estagio-para-estudantes-do-ensino-medio#primaryimage\",\"url\":\"https:\\\/\\\/redenoticiaz.com.br\\\/litoralsp\\\/wp-content\\\/uploads\\\/sites\\\/3\\\/2023\\\/05\\\/curriculo-para-estagio-555x370-1.jpg?v=1683822864\",\"contentUrl\":\"https:\\\/\\\/redenoticiaz.com.br\\\/litoralsp\\\/wp-content\\\/uploads\\\/sites\\\/3\\\/2023\\\/05\\\/curriculo-para-estagio-555x370-1.jpg?v=1683822864\",\"width\":555,\"height\":370,\"caption\":\"Cr\u00e9ditos: Divulga\u00e7\u00e3o\\\/Vagas.com\"},{\"@type\":\"WebSite\",\"@id\":\"https:\\\/\\\/redenoticiaz.com.br\\\/litoralsp\\\/#website\",\"url\":\"https:\\\/\\\/redenoticiaz.com.br\\\/litoralsp\\\/\",\"name\":\"Litoral SP\",\"description\":\"Rede NoticiaZ\",\"publisher\":{\"@id\":\"https:\\\/\\\/redenoticiaz.com.br\\\/litoralsp\\\/#organization\"},\"potentialAction\":[{\"@type\":\"SearchAction\",\"target\":{\"@type\":\"EntryPoint\",\"urlTemplate\":\"https:\\\/\\\/redenoticiaz.com.br\\\/litoralsp\\\/?s={search_term_string}\"},\"query-input\":{\"@type\":\"PropertyValueSpecification\",\"valueRequired\":true,\"valueName\":\"search_term_string\"}}],\"inLanguage\":\"pt-BR\"},{\"@type\":\"Organization\",\"@id\":\"https:\\\/\\\/redenoticiaz.com.br\\\/litoralsp\\\/#organization\",\"name\":\"Litoral SP\",\"url\":\"https:\\\/\\\/redenoticiaz.com.br\\\/litoralsp\\\/\",\"logo\":{\"@type\":\"ImageObject\",\"inLanguage\":\"pt-BR\",\"@id\":\"https:\\\/\\\/redenoticiaz.com.br\\\/litoralsp\\\/#\\\/schema\\\/logo\\\/image\\\/\",\"url\":\"https:\\\/\\\/redenoticiaz.com.br\\\/litoralsp\\\/wp-content\\\/uploads\\\/sites\\\/3\\\/2020\\\/11\\\/logo.jpg\",\"contentUrl\":\"https:\\\/\\\/redenoticiaz.com.br\\\/litoralsp\\\/wp-content\\\/uploads\\\/sites\\\/3\\\/2020\\\/11\\\/logo.jpg\",\"width\":400,\"height\":250,\"caption\":\"Litoral SP\"},\"image\":{\"@id\":\"https:\\\/\\\/redenoticiaz.com.br\\\/litoralsp\\\/#\\\/schema\\\/logo\\\/image\\\/\"}},{\"@type\":\"Person\",\"@id\":\"https:\\\/\\\/redenoticiaz.com.br\\\/litoralsp\\\/#\\\/schema\\\/person\\\/1f84d6e94e6a62d2d81199d7503e9e90\",\"name\":\"Carina Reifonas\",\"image\":{\"@type\":\"ImageObject\",\"inLanguage\":\"pt-BR\",\"@id\":\"https:\\\/\\\/secure.gravatar.com\\\/avatar\\\/04c59859b23696cf867715880f81d5c037e60109730bdb4e6670ec2a2245bc97?s=96&d=mm&r=g\",\"url\":\"https:\\\/\\\/secure.gravatar.com\\\/avatar\\\/04c59859b23696cf867715880f81d5c037e60109730bdb4e6670ec2a2245bc97?s=96&d=mm&r=g\",\"contentUrl\":\"https:\\\/\\\/secure.gravatar.com\\\/avatar\\\/04c59859b23696cf867715880f81d5c037e60109730bdb4e6670ec2a2245bc97?s=96&d=mm&r=g\",\"caption\":\"Carina Reifonas\"},\"url\":\"https:\\\/\\\/redenoticiaz.com.br\\\/litoralsp\\\/author\\\/carinareifonas\"}]}<\/script>\n<!-- \/ Yoast SEO plugin. -->","yoast_head_json":{"title":"Governo de SP abre novas vagas de est\u00e1gio para estudantes do ensino m\u00e9dio - Litoral SP","description":"A Secretaria da Educa\u00e7\u00e3o do Estado de S\u00e3o Paulo (Seduc-SP) abriu uma nova fase de inscri\u00e7\u00f5es para o Bolsa Est\u00e1gio Ensino M\u00e9dio (BEEM)...","robots":{"index":"index","follow":"follow","max-snippet":"max-snippet:-1","max-image-preview":"max-image-preview:large","max-video-preview":"max-video-preview:-1"},"canonical":"https:\/\/redenoticiaz.com.br\/litoralsp\/2025\/08\/04\/governo-de-sp-abre-novas-vagas-de-estagio-para-estudantes-do-ensino-medio","og_locale":"pt_BR","og_type":"article","og_title":"Governo de SP abre novas vagas de est\u00e1gio para estudantes do ensino m\u00e9dio - Litoral SP","og_description":"A Secretaria da Educa\u00e7\u00e3o do Estado de S\u00e3o Paulo (Seduc-SP) abriu uma nova fase de inscri\u00e7\u00f5es para o Bolsa Est\u00e1gio Ensino M\u00e9dio (BEEM)...","og_url":"https:\/\/redenoticiaz.com.br\/litoralsp\/2025\/08\/04\/governo-de-sp-abre-novas-vagas-de-estagio-para-estudantes-do-ensino-medio","og_site_name":"Litoral SP","article_published_time":"2025-08-04T14:52:33+00:00","og_image":[{"width":555,"height":370,"url":"https:\/\/redenoticiaz.com.br\/litoralsp\/wp-content\/uploads\/sites\/3\/2023\/05\/curriculo-para-estagio-555x370-1.jpg?v=1683822864","type":"image\/jpeg"}],"author":"Carina Reifonas","twitter_card":"summary_large_image","twitter_misc":{"Escrito por":"Carina Reifonas","Est. tempo de leitura":"2 minutos"},"schema":{"@context":"https:\/\/schema.org","@graph":[{"@type":"Article","@id":"https:\/\/redenoticiaz.com.br\/litoralsp\/2025\/08\/04\/governo-de-sp-abre-novas-vagas-de-estagio-para-estudantes-do-ensino-medio#article","isPartOf":{"@id":"https:\/\/redenoticiaz.com.br\/litoralsp\/2025\/08\/04\/governo-de-sp-abre-novas-vagas-de-estagio-para-estudantes-do-ensino-medio"},"author":{"name":"Carina Reifonas","@id":"https:\/\/redenoticiaz.com.br\/litoralsp\/#\/schema\/person\/1f84d6e94e6a62d2d81199d7503e9e90"},"headline":"Governo de SP abre novas vagas de est\u00e1gio para estudantes do ensino m\u00e9dio","datePublished":"2025-08-04T14:52:33+00:00","mainEntityOfPage":{"@id":"https:\/\/redenoticiaz.com.br\/litoralsp\/2025\/08\/04\/governo-de-sp-abre-novas-vagas-de-estagio-para-estudantes-do-ensino-medio"},"wordCount":332,"commentCount":0,"publisher":{"@id":"https:\/\/redenoticiaz.com.br\/litoralsp\/#organization"},"image":{"@id":"https:\/\/redenoticiaz.com.br\/litoralsp\/2025\/08\/04\/governo-de-sp-abre-novas-vagas-de-estagio-para-estudantes-do-ensino-medio#primaryimage"},"thumbnailUrl":"https:\/\/redenoticiaz.com.br\/litoralsp\/wp-content\/uploads\/sites\/3\/2023\/05\/curriculo-para-estagio-555x370-1.jpg?v=1683822864","keywords":["BEEM","bolsas","Ensino M\u00e9dio","EST\u00c1GIO"],"articleSection":["Emprego"],"inLanguage":"pt-BR","potentialAction":[{"@type":"CommentAction","name":"Comment","target":["https:\/\/redenoticiaz.com.br\/litoralsp\/2025\/08\/04\/governo-de-sp-abre-novas-vagas-de-estagio-para-estudantes-do-ensino-medio#respond"]}]},{"@type":"WebPage","@id":"https:\/\/redenoticiaz.com.br\/litoralsp\/2025\/08\/04\/governo-de-sp-abre-novas-vagas-de-estagio-para-estudantes-do-ensino-medio","url":"https:\/\/redenoticiaz.com.br\/litoralsp\/2025\/08\/04\/governo-de-sp-abre-novas-vagas-de-estagio-para-estudantes-do-ensino-medio","name":"Governo de SP abre novas vagas de est\u00e1gio para estudantes do ensino m\u00e9dio - Litoral SP","isPartOf":{"@id":"https:\/\/redenoticiaz.com.br\/litoralsp\/#website"},"primaryImageOfPage":{"@id":"https:\/\/redenoticiaz.com.br\/litoralsp\/2025\/08\/04\/governo-de-sp-abre-novas-vagas-de-estagio-para-estudantes-do-ensino-medio#primaryimage"},"image":{"@id":"https:\/\/redenoticiaz.com.br\/litoralsp\/2025\/08\/04\/governo-de-sp-abre-novas-vagas-de-estagio-para-estudantes-do-ensino-medio#primaryimage"},"thumbnailUrl":"https:\/\/redenoticiaz.com.br\/litoralsp\/wp-content\/uploads\/sites\/3\/2023\/05\/curriculo-para-estagio-555x370-1.jpg?v=1683822864","datePublished":"2025-08-04T14:52:33+00:00","description":"A Secretaria da Educa\u00e7\u00e3o do Estado de S\u00e3o Paulo (Seduc-SP) abriu uma nova fase de inscri\u00e7\u00f5es para o Bolsa Est\u00e1gio Ensino M\u00e9dio (BEEM)...","inLanguage":"pt-BR","potentialAction":[{"@type":"ReadAction","target":["https:\/\/redenoticiaz.com.br\/litoralsp\/2025\/08\/04\/governo-de-sp-abre-novas-vagas-de-estagio-para-estudantes-do-ensino-medio"]}]},{"@type":"ImageObject","inLanguage":"pt-BR","@id":"https:\/\/redenoticiaz.com.br\/litoralsp\/2025\/08\/04\/governo-de-sp-abre-novas-vagas-de-estagio-para-estudantes-do-ensino-medio#primaryimage","url":"https:\/\/redenoticiaz.com.br\/litoralsp\/wp-content\/uploads\/sites\/3\/2023\/05\/curriculo-para-estagio-555x370-1.jpg?v=1683822864","contentUrl":"https:\/\/redenoticiaz.com.br\/litoralsp\/wp-content\/uploads\/sites\/3\/2023\/05\/curriculo-para-estagio-555x370-1.jpg?v=1683822864","width":555,"height":370,"caption":"Cr\u00e9ditos: Divulga\u00e7\u00e3o\/Vagas.com"},{"@type":"WebSite","@id":"https:\/\/redenoticiaz.com.br\/litoralsp\/#website","url":"https:\/\/redenoticiaz.com.br\/litoralsp\/","name":"Litoral SP","description":"Rede NoticiaZ","publisher":{"@id":"https:\/\/redenoticiaz.com.br\/litoralsp\/#organization"},"potentialAction":[{"@type":"SearchAction","target":{"@type":"EntryPoint","urlTemplate":"https:\/\/redenoticiaz.com.br\/litoralsp\/?s={search_term_string}"},"query-input":{"@type":"PropertyValueSpecification","valueRequired":true,"valueName":"search_term_string"}}],"inLanguage":"pt-BR"},{"@type":"Organization","@id":"https:\/\/redenoticiaz.com.br\/litoralsp\/#organization","name":"Litoral SP","url":"https:\/\/redenoticiaz.com.br\/litoralsp\/","logo":{"@type":"ImageObject","inLanguage":"pt-BR","@id":"https:\/\/redenoticiaz.com.br\/litoralsp\/#\/schema\/logo\/image\/","url":"https:\/\/redenoticiaz.com.br\/litoralsp\/wp-content\/uploads\/sites\/3\/2020\/11\/logo.jpg","contentUrl":"https:\/\/redenoticiaz.com.br\/litoralsp\/wp-content\/uploads\/sites\/3\/2020\/11\/logo.jpg","width":400,"height":250,"caption":"Litoral SP"},"image":{"@id":"https:\/\/redenoticiaz.com.br\/litoralsp\/#\/schema\/logo\/image\/"}},{"@type":"Person","@id":"https:\/\/redenoticiaz.com.br\/litoralsp\/#\/schema\/person\/1f84d6e94e6a62d2d81199d7503e9e90","name":"Carina Reifonas","image":{"@type":"ImageObject","inLanguage":"pt-BR","@id":"https:\/\/secure.gravatar.com\/avatar\/04c59859b23696cf867715880f81d5c037e60109730bdb4e6670ec2a2245bc97?s=96&d=mm&r=g","url":"https:\/\/secure.gravatar.com\/avatar\/04c59859b23696cf867715880f81d5c037e60109730bdb4e6670ec2a2245bc97?s=96&d=mm&r=g","contentUrl":"https:\/\/secure.gravatar.com\/avatar\/04c59859b23696cf867715880f81d5c037e60109730bdb4e6670ec2a2245bc97?s=96&d=mm&r=g","caption":"Carina Reifonas"},"url":"https:\/\/redenoticiaz.com.br\/litoralsp\/author\/carinareifonas"}]}},"_links":{"self":[{"href":"https:\/\/redenoticiaz.com.br\/litoralsp\/wp-json\/wp\/v2\/posts\/120396","targetHints":{"allow":["GET"]}}],"collection":[{"href":"https:\/\/redenoticiaz.com.br\/litoralsp\/wp-json\/wp\/v2\/posts"}],"about":[{"href":"https:\/\/redenoticiaz.com.br\/litoralsp\/wp-json\/wp\/v2\/types\/post"}],"author":[{"embeddable":true,"href":"https:\/\/redenoticiaz.com.br\/litoralsp\/wp-json\/wp\/v2\/users\/30"}],"replies":[{"embeddable":true,"href":"https:\/\/redenoticiaz.com.br\/litoralsp\/wp-json\/wp\/v2\/comments?post=120396"}],"version-history":[{"count":1,"href":"https:\/\/redenoticiaz.com.br\/litoralsp\/wp-json\/wp\/v2\/posts\/120396\/revisions"}],"predecessor-version":[{"id":120397,"href":"https:\/\/redenoticiaz.com.br\/litoralsp\/wp-json\/wp\/v2\/posts\/120396\/revisions\/120397"}],"wp:featuredmedia":[{"embeddable":true,"href":"https:\/\/redenoticiaz.com.br\/litoralsp\/wp-json\/wp\/v2\/media\/105553"}],"wp:attachment":[{"href":"https:\/\/redenoticiaz.com.br\/litoralsp\/wp-json\/wp\/v2\/media?parent=120396"}],"wp:term":[{"taxonomy":"category","embeddable":true,"href":"https:\/\/redenoticiaz.com.br\/litoralsp\/wp-json\/wp\/v2\/categories?post=120396"},{"taxonomy":"post_tag","embeddable":true,"href":"https:\/\/redenoticiaz.com.br\/litoralsp\/wp-json\/wp\/v2\/tags?post=120396"}],"curies":[{"name":"wp","href":"https:\/\/api.w.org\/{rel}","templated":true}]}}