{"id":120405,"date":"2025-08-09T11:00:04","date_gmt":"2025-08-09T14:00:04","guid":{"rendered":"https:\/\/redenoticiaz.com.br\/litoralsp\/?p=120405"},"modified":"2025-08-04T13:47:26","modified_gmt":"2025-08-04T16:47:26","slug":"medicamento-vencido-traz-risco-a-saude-e-ao-meio-ambiente","status":"publish","type":"post","link":"https:\/\/redenoticiaz.com.br\/litoralsp\/2025\/08\/09\/medicamento-vencido-traz-risco-a-saude-e-ao-meio-ambiente","title":{"rendered":"Medicamento vencido traz risco \u00e0 sa\u00fade e ao meio ambiente"},"content":{"rendered":"<p>Vale a pena guardar em casa aqueles analg\u00e9sicos que sobraram do \u00faltimo tratamento contra a gripe ou os antibi\u00f3ticos que &#8220;podem ser \u00fateis algum dia&#8221;? O h\u00e1bito de formar um estoque de medicamentos vencidos ou em desuso ainda \u00e9 comum em muitos lares brasileiros, mas essa pr\u00e1tica pode trazer s\u00e9rios riscos \u00e0 sa\u00fade e ao meio ambiente.<\/p>\n<p>O alerta \u00e9 da p\u00f3s-doutora em Ci\u00eancias Biol\u00f3gicas e coordenadora do curso de Farm\u00e1cia do Centro Universit\u00e1rio Integrado de Campo Mour\u00e3o (PR), Ana Carla Broetto Biazon. &#8220;Com o tempo, f\u00e1rmacos perdem a efic\u00e1cia e podem comprometer o tratamento das doen\u00e7as. Al\u00e9m disso, mant\u00ea-los em casa ap\u00f3s o prazo de validade descrito nas embalagens aumenta a chance de acidentes como intoxica\u00e7\u00f5es por ingest\u00e3o, especialmente por crian\u00e7as, pets ou pessoas vulner\u00e1veis&#8221;, explica.<\/p>\n<p>Por outro lado, o descarte incorreto &#8211; seja no lixo comum, na pia ou no vaso sanit\u00e1rio &#8211; contamina a \u00e1gua, o solo, a fauna, a flora e a pr\u00f3pria sa\u00fade humana com subst\u00e2ncias como horm\u00f4nios e antibi\u00f3ticos que impactam diferentes ecossistemas e promovem a resist\u00eancia microbiana.<\/p>\n<h3>Onde fazer o descarte?<\/h3>\n<p>A RDC 318\/2019 \u00e9 uma resolu\u00e7\u00e3o da Ag\u00eancia Nacional de Vigil\u00e2ncia Sanit\u00e1ria (Anvisa) que estabelece crit\u00e9rios para a realiza\u00e7\u00e3o de estudos de estabilidade de insumos farmac\u00eauticos ativos e medicamentos novos e os j\u00e1 existentes no mercado. O objetivo \u00e9 garantir a qualidade, seguran\u00e7a e efic\u00e1cia dos produtos durante um per\u00edodo.<\/p>\n<p>&#8220;A data de validade indica o prazo em que o fabricante garante que o princ\u00edpio ativo manter\u00e1 sua pot\u00eancia, sob condi\u00e7\u00f5es ideais de armazenamento como temperatura, umidade e luminosidade. Ap\u00f3s esse limite, o medicamento pode n\u00e3o s\u00f3 perder a efic\u00e1cia, mas tamb\u00e9m se decompor e formar subprodutos t\u00f3xicos, aumentando os riscos de rea\u00e7\u00f5es adversas&#8221;, explica Ana Carla.<\/p>\n<p>Segundo o Decreto n\u00ba 10.388 de 2020 do Governo Federal, o destino para os medicamentos vencidos \u2013 mesmo aqueles que estejam completos ou parcialmente consumidos &#8211; s\u00e3o as pr\u00f3prias drogarias e farm\u00e1cias.<\/p>\n<p>A coordenadora do curso de Farm\u00e1cia do Integrado destaca que as exce\u00e7\u00f5es s\u00e3o para materiais perfurocortantes &#8211; como agulhas, ampolas e canetas de insulina &#8211; que devem ser acondicionados em recipientes r\u00edgidos, resistentes \u00e0 perfura\u00e7\u00e3o, vazamentos, com tampa bem vedada e devem ser entregues apenas em unidades de sa\u00fade autorizadas, como UBSs, que est\u00e3o preparadas para receber e descartar esses res\u00edduos com seguran\u00e7a.<\/p>\n<h3>Como fazer o descarte de forma segura?<\/h3>\n<p>Ana Carla ressalta que a embalagem prim\u00e1ria &#8211; aquela que est\u00e1 em contato direto com o medicamento &#8211; deve ser mantida intacta. &#8220;Os comprimidos n\u00e3o devem ser retirados do blister, nem os l\u00edquidos removidos de frascos ou ampolas. Isso ajuda a identificar o produto e evita a contamina\u00e7\u00e3o. Blisters, potes e frascos usados s\u00e3o considerados res\u00edduos qu\u00edmicos e devem ir junto com os medicamentos para o descarte&#8221;, alerta.<\/p>\n<p>No entanto, as embalagens secund\u00e1rias &#8211; como caixas de papel\u00e3o, bulas e r\u00f3tulos que n\u00e3o possuem contato direto com o medicamento &#8211; podem ser recicladas normalmente, junto com outros itens dom\u00e9sticos. &#8220;N\u00e3o h\u00e1 impedimento desses itens tamb\u00e9m serem encaminhados aos postos de coleta junto com os comprimidos ou l\u00edquidos. Mas, se as pessoas preferirem, eles podem ser descartados em casa mesmo&#8221;, completa Ana Carla.<\/p>\n<p>O que \u00e9 feito com os medicamentos descartados?<\/p>\n<p>Os objetos perfurocortantes &#8211; como seringas e agulhas &#8211; s\u00e3o levados a uma usina de tratamento, onde s\u00e3o descontaminados. Depois, s\u00e3o encaminhados para aterros nos quais s\u00e3o descartados os materiais s\u00f3lidos. J\u00e1 com rela\u00e7\u00e3o aos medicamentos vencidos e produtos qu\u00edmicos, a maior parte \u00e9 incinerada (queimada) em usinas preparadas ambientalmente para essa a\u00e7\u00e3o.<\/p>\n<h3>Consumo respons\u00e1vel<\/h3>\n<p>A &#8220;farmacinha dom\u00e9stica&#8221; n\u00e3o deve ser um dep\u00f3sito de sobras, mas sim um kit para emerg\u00eancias, com verifica\u00e7\u00e3o peri\u00f3dica. &#8220;Medicamento n\u00e3o \u00e9 alimento, nem cosm\u00e9tico. \u00c9 um insumo de sa\u00fade que se mal conservado ou descartado de maneira incorreta, vira amea\u00e7a&#8221;, enfatiza Ana\u202fCarla.<\/p>\n<p>Adotar h\u00e1bitos de compra consciente, armazenamento adequado e descarte ambientalmente seguro reduz acidentes, protege a efic\u00e1cia dos tratamentos e contribui para um planeta mais saud\u00e1vel. Em caso de d\u00favida, a recomenda\u00e7\u00e3o \u00e9 procurar a orienta\u00e7\u00e3o de um farmac\u00eautico para explicar a posologia correta, checar intera\u00e7\u00f5es e indicar o ponto de coleta mais pr\u00f3ximo.<\/p>\n<p>Para evitar o ac\u00famulo de medicamentos em casa e incentivar o uso racional, Ana Carla Broetto Biazon separou 5 dicas simples e f\u00e1ceis de colocar em pr\u00e1tica. Confira!<\/p>\n<p>1. Compra consciente: adquira apenas o necess\u00e1rio para o tratamento, seguindo a prescri\u00e7\u00e3o m\u00e9dica.<\/p>\n<p>2. Organiza\u00e7\u00e3o: use caixas com divis\u00f3rias por dia\/hor\u00e1rio e fa\u00e7a uma revis\u00e3o mensal das validades.<\/p>\n<p>3. Armazenamento correto: local fresco, seco, longe de calor e luz. Evite cozinha e banheiro, que sofrem varia\u00e7\u00f5es de temperatura e umidade.<\/p>\n<p>4. Doa\u00e7\u00e3o solid\u00e1ria: medicamentos dentro do prazo, guardados sob condi\u00e7\u00f5es adequadas, podem ser destinados a farm\u00e1cias solid\u00e1rias, como a Farm\u00e1cia Escola do Centro Universit\u00e1rio Integrado.<\/p>\n<p>5. Dist\u00e2ncia de crian\u00e7as e pets: mantenha os frascos fora do alcance para prevenir ingest\u00f5es acidentais.<\/p>\n<p>LEIA MAIS<\/p>\n<p><a href=\"https:\/\/redenoticiaz.com.br\/blog\/2025\/08\/04\/cursos-gratuitos-online-ajudam-a-turbinar-o-curriculo-e-aumentar-as-chances-no-mercado-de-trabalho\">Cursos gratuitos online ajudam a turbinar o curr\u00edculo e aumentar as chances no mercado de trabalho<\/a><\/p>\n<p><a href=\"https:\/\/redenoticiaz.com.br\/blog\/2025\/08\/04\/empresa-do-setor-de-joias-abre-19-vagas-de-emprego-em-diversas-cidades\">Empresa do setor de joias abre 19 vagas de emprego em diversas cidades<\/a><\/p>\n","protected":false},"excerpt":{"rendered":"<p>Vale a pena guardar em casa aqueles analg\u00e9sicos que sobraram do \u00faltimo tratamento contra a gripe ou os antibi\u00f3ticos que &#8220;podem ser \u00fateis algum dia&#8221;? O h\u00e1bito de formar um estoque de medicamentos vencidos ou em desuso ainda \u00e9 comum em muitos lares brasileiros, mas essa pr\u00e1tica pode trazer s\u00e9rios riscos \u00e0 sa\u00fade e ao &hellip;<\/p>\n","protected":false},"author":30,"featured_media":120406,"comment_status":"open","ping_status":"closed","sticky":false,"template":"","format":"standard","meta":{"footnotes":""},"categories":[1487,23],"tags":[910,10103,12263,96],"class_list":["post-120405","post","type-post","status-publish","format-standard","has-post-thumbnail","hentry","category-meio-ambiente","category-saude","tag-descarte","tag-medicamento","tag-meio-ambiente","tag-saude"],"yoast_head":"<!-- This site is optimized with the Yoast SEO plugin v27.5 - https:\/\/yoast.com\/product\/yoast-seo-wordpress\/ -->\n<title>Medicamento vencido traz risco \u00e0 sa\u00fade e ao meio ambiente - Litoral SP<\/title>\n<meta name=\"description\" content=\"O h\u00e1bito de formar um estoque de medicamentos vencidos ou em desuso ainda \u00e9 comum em muitos lares brasileiros, mas essa pr\u00e1tica pode trazer s\u00e9rios riscos \u00e0 sa\u00fade\" \/>\n<meta name=\"robots\" content=\"index, follow, max-snippet:-1, max-image-preview:large, max-video-preview:-1\" \/>\n<link rel=\"canonical\" href=\"https:\/\/redenoticiaz.com.br\/litoralsp\/2025\/08\/09\/medicamento-vencido-traz-risco-a-saude-e-ao-meio-ambiente\" \/>\n<meta property=\"og:locale\" content=\"pt_BR\" \/>\n<meta property=\"og:type\" content=\"article\" \/>\n<meta property=\"og:title\" content=\"Medicamento vencido traz risco \u00e0 sa\u00fade e ao meio ambiente - Litoral SP\" \/>\n<meta property=\"og:description\" content=\"O h\u00e1bito de formar um estoque de medicamentos vencidos ou em desuso ainda \u00e9 comum em muitos lares brasileiros, mas essa pr\u00e1tica pode trazer s\u00e9rios riscos \u00e0 sa\u00fade\" \/>\n<meta property=\"og:url\" content=\"https:\/\/redenoticiaz.com.br\/litoralsp\/2025\/08\/09\/medicamento-vencido-traz-risco-a-saude-e-ao-meio-ambiente\" \/>\n<meta property=\"og:site_name\" content=\"Litoral SP\" \/>\n<meta property=\"article:published_time\" content=\"2025-08-09T14:00:04+00:00\" \/>\n<meta property=\"og:image\" content=\"https:\/\/redenoticiaz.com.br\/litoralsp\/wp-content\/uploads\/sites\/3\/2025\/08\/ed9e8c60-b35d-4a6e-8359-6b99e66c1eaa.jpg?v=1754325941\" \/>\n\t<meta property=\"og:image:width\" content=\"1000\" \/>\n\t<meta property=\"og:image:height\" content=\"668\" \/>\n\t<meta property=\"og:image:type\" content=\"image\/jpeg\" \/>\n<meta name=\"author\" content=\"Carina Reifonas\" \/>\n<meta name=\"twitter:card\" content=\"summary_large_image\" \/>\n<meta name=\"twitter:label1\" content=\"Escrito por\" \/>\n\t<meta name=\"twitter:data1\" content=\"Carina Reifonas\" \/>\n\t<meta name=\"twitter:label2\" content=\"Est. tempo de leitura\" \/>\n\t<meta name=\"twitter:data2\" content=\"5 minutos\" \/>\n<script type=\"application\/ld+json\" class=\"yoast-schema-graph\">{\"@context\":\"https:\\\/\\\/schema.org\",\"@graph\":[{\"@type\":\"Article\",\"@id\":\"https:\\\/\\\/redenoticiaz.com.br\\\/litoralsp\\\/2025\\\/08\\\/09\\\/medicamento-vencido-traz-risco-a-saude-e-ao-meio-ambiente#article\",\"isPartOf\":{\"@id\":\"https:\\\/\\\/redenoticiaz.com.br\\\/litoralsp\\\/2025\\\/08\\\/09\\\/medicamento-vencido-traz-risco-a-saude-e-ao-meio-ambiente\"},\"author\":{\"name\":\"Carina Reifonas\",\"@id\":\"https:\\\/\\\/redenoticiaz.com.br\\\/litoralsp\\\/#\\\/schema\\\/person\\\/1f84d6e94e6a62d2d81199d7503e9e90\"},\"headline\":\"Medicamento vencido traz risco \u00e0 sa\u00fade e ao meio ambiente\",\"datePublished\":\"2025-08-09T14:00:04+00:00\",\"mainEntityOfPage\":{\"@id\":\"https:\\\/\\\/redenoticiaz.com.br\\\/litoralsp\\\/2025\\\/08\\\/09\\\/medicamento-vencido-traz-risco-a-saude-e-ao-meio-ambiente\"},\"wordCount\":945,\"commentCount\":0,\"publisher\":{\"@id\":\"https:\\\/\\\/redenoticiaz.com.br\\\/litoralsp\\\/#organization\"},\"image\":{\"@id\":\"https:\\\/\\\/redenoticiaz.com.br\\\/litoralsp\\\/2025\\\/08\\\/09\\\/medicamento-vencido-traz-risco-a-saude-e-ao-meio-ambiente#primaryimage\"},\"thumbnailUrl\":\"https:\\\/\\\/redenoticiaz.com.br\\\/litoralsp\\\/wp-content\\\/uploads\\\/sites\\\/3\\\/2025\\\/08\\\/ed9e8c60-b35d-4a6e-8359-6b99e66c1eaa.jpg?v=1754325941\",\"keywords\":[\"DESCARTE\",\"MEDICAMENTO\",\"MEIO AMBIENTE\",\"saude\"],\"articleSection\":[\"Meio Ambiente\",\"Sa\u00fade\"],\"inLanguage\":\"pt-BR\",\"potentialAction\":[{\"@type\":\"CommentAction\",\"name\":\"Comment\",\"target\":[\"https:\\\/\\\/redenoticiaz.com.br\\\/litoralsp\\\/2025\\\/08\\\/09\\\/medicamento-vencido-traz-risco-a-saude-e-ao-meio-ambiente#respond\"]}]},{\"@type\":\"WebPage\",\"@id\":\"https:\\\/\\\/redenoticiaz.com.br\\\/litoralsp\\\/2025\\\/08\\\/09\\\/medicamento-vencido-traz-risco-a-saude-e-ao-meio-ambiente\",\"url\":\"https:\\\/\\\/redenoticiaz.com.br\\\/litoralsp\\\/2025\\\/08\\\/09\\\/medicamento-vencido-traz-risco-a-saude-e-ao-meio-ambiente\",\"name\":\"Medicamento vencido traz risco \u00e0 sa\u00fade e ao meio ambiente - Litoral SP\",\"isPartOf\":{\"@id\":\"https:\\\/\\\/redenoticiaz.com.br\\\/litoralsp\\\/#website\"},\"primaryImageOfPage\":{\"@id\":\"https:\\\/\\\/redenoticiaz.com.br\\\/litoralsp\\\/2025\\\/08\\\/09\\\/medicamento-vencido-traz-risco-a-saude-e-ao-meio-ambiente#primaryimage\"},\"image\":{\"@id\":\"https:\\\/\\\/redenoticiaz.com.br\\\/litoralsp\\\/2025\\\/08\\\/09\\\/medicamento-vencido-traz-risco-a-saude-e-ao-meio-ambiente#primaryimage\"},\"thumbnailUrl\":\"https:\\\/\\\/redenoticiaz.com.br\\\/litoralsp\\\/wp-content\\\/uploads\\\/sites\\\/3\\\/2025\\\/08\\\/ed9e8c60-b35d-4a6e-8359-6b99e66c1eaa.jpg?v=1754325941\",\"datePublished\":\"2025-08-09T14:00:04+00:00\",\"description\":\"O h\u00e1bito de formar um estoque de medicamentos vencidos ou em desuso ainda \u00e9 comum em muitos lares brasileiros, mas essa pr\u00e1tica pode trazer s\u00e9rios riscos \u00e0 sa\u00fade\",\"inLanguage\":\"pt-BR\",\"potentialAction\":[{\"@type\":\"ReadAction\",\"target\":[\"https:\\\/\\\/redenoticiaz.com.br\\\/litoralsp\\\/2025\\\/08\\\/09\\\/medicamento-vencido-traz-risco-a-saude-e-ao-meio-ambiente\"]}]},{\"@type\":\"ImageObject\",\"inLanguage\":\"pt-BR\",\"@id\":\"https:\\\/\\\/redenoticiaz.com.br\\\/litoralsp\\\/2025\\\/08\\\/09\\\/medicamento-vencido-traz-risco-a-saude-e-ao-meio-ambiente#primaryimage\",\"url\":\"https:\\\/\\\/redenoticiaz.com.br\\\/litoralsp\\\/wp-content\\\/uploads\\\/sites\\\/3\\\/2025\\\/08\\\/ed9e8c60-b35d-4a6e-8359-6b99e66c1eaa.jpg?v=1754325941\",\"contentUrl\":\"https:\\\/\\\/redenoticiaz.com.br\\\/litoralsp\\\/wp-content\\\/uploads\\\/sites\\\/3\\\/2025\\\/08\\\/ed9e8c60-b35d-4a6e-8359-6b99e66c1eaa.jpg?v=1754325941\",\"width\":1000,\"height\":668,\"caption\":\"Medicamento vencido traz risco \u00e0 sa\u00fade e ao meio ambiente \u2014 Foto: Divulga\u00e7\u00e3o\"},{\"@type\":\"WebSite\",\"@id\":\"https:\\\/\\\/redenoticiaz.com.br\\\/litoralsp\\\/#website\",\"url\":\"https:\\\/\\\/redenoticiaz.com.br\\\/litoralsp\\\/\",\"name\":\"Litoral SP\",\"description\":\"Rede NoticiaZ\",\"publisher\":{\"@id\":\"https:\\\/\\\/redenoticiaz.com.br\\\/litoralsp\\\/#organization\"},\"potentialAction\":[{\"@type\":\"SearchAction\",\"target\":{\"@type\":\"EntryPoint\",\"urlTemplate\":\"https:\\\/\\\/redenoticiaz.com.br\\\/litoralsp\\\/?s={search_term_string}\"},\"query-input\":{\"@type\":\"PropertyValueSpecification\",\"valueRequired\":true,\"valueName\":\"search_term_string\"}}],\"inLanguage\":\"pt-BR\"},{\"@type\":\"Organization\",\"@id\":\"https:\\\/\\\/redenoticiaz.com.br\\\/litoralsp\\\/#organization\",\"name\":\"Litoral SP\",\"url\":\"https:\\\/\\\/redenoticiaz.com.br\\\/litoralsp\\\/\",\"logo\":{\"@type\":\"ImageObject\",\"inLanguage\":\"pt-BR\",\"@id\":\"https:\\\/\\\/redenoticiaz.com.br\\\/litoralsp\\\/#\\\/schema\\\/logo\\\/image\\\/\",\"url\":\"https:\\\/\\\/redenoticiaz.com.br\\\/litoralsp\\\/wp-content\\\/uploads\\\/sites\\\/3\\\/2020\\\/11\\\/logo.jpg\",\"contentUrl\":\"https:\\\/\\\/redenoticiaz.com.br\\\/litoralsp\\\/wp-content\\\/uploads\\\/sites\\\/3\\\/2020\\\/11\\\/logo.jpg\",\"width\":400,\"height\":250,\"caption\":\"Litoral SP\"},\"image\":{\"@id\":\"https:\\\/\\\/redenoticiaz.com.br\\\/litoralsp\\\/#\\\/schema\\\/logo\\\/image\\\/\"}},{\"@type\":\"Person\",\"@id\":\"https:\\\/\\\/redenoticiaz.com.br\\\/litoralsp\\\/#\\\/schema\\\/person\\\/1f84d6e94e6a62d2d81199d7503e9e90\",\"name\":\"Carina Reifonas\",\"image\":{\"@type\":\"ImageObject\",\"inLanguage\":\"pt-BR\",\"@id\":\"https:\\\/\\\/secure.gravatar.com\\\/avatar\\\/04c59859b23696cf867715880f81d5c037e60109730bdb4e6670ec2a2245bc97?s=96&d=mm&r=g\",\"url\":\"https:\\\/\\\/secure.gravatar.com\\\/avatar\\\/04c59859b23696cf867715880f81d5c037e60109730bdb4e6670ec2a2245bc97?s=96&d=mm&r=g\",\"contentUrl\":\"https:\\\/\\\/secure.gravatar.com\\\/avatar\\\/04c59859b23696cf867715880f81d5c037e60109730bdb4e6670ec2a2245bc97?s=96&d=mm&r=g\",\"caption\":\"Carina Reifonas\"},\"url\":\"https:\\\/\\\/redenoticiaz.com.br\\\/litoralsp\\\/author\\\/carinareifonas\"}]}<\/script>\n<!-- \/ Yoast SEO plugin. -->","yoast_head_json":{"title":"Medicamento vencido traz risco \u00e0 sa\u00fade e ao meio ambiente - Litoral SP","description":"O h\u00e1bito de formar um estoque de medicamentos vencidos ou em desuso ainda \u00e9 comum em muitos lares brasileiros, mas essa pr\u00e1tica pode trazer s\u00e9rios riscos \u00e0 sa\u00fade","robots":{"index":"index","follow":"follow","max-snippet":"max-snippet:-1","max-image-preview":"max-image-preview:large","max-video-preview":"max-video-preview:-1"},"canonical":"https:\/\/redenoticiaz.com.br\/litoralsp\/2025\/08\/09\/medicamento-vencido-traz-risco-a-saude-e-ao-meio-ambiente","og_locale":"pt_BR","og_type":"article","og_title":"Medicamento vencido traz risco \u00e0 sa\u00fade e ao meio ambiente - Litoral SP","og_description":"O h\u00e1bito de formar um estoque de medicamentos vencidos ou em desuso ainda \u00e9 comum em muitos lares brasileiros, mas essa pr\u00e1tica pode trazer s\u00e9rios riscos \u00e0 sa\u00fade","og_url":"https:\/\/redenoticiaz.com.br\/litoralsp\/2025\/08\/09\/medicamento-vencido-traz-risco-a-saude-e-ao-meio-ambiente","og_site_name":"Litoral SP","article_published_time":"2025-08-09T14:00:04+00:00","og_image":[{"width":1000,"height":668,"url":"https:\/\/redenoticiaz.com.br\/litoralsp\/wp-content\/uploads\/sites\/3\/2025\/08\/ed9e8c60-b35d-4a6e-8359-6b99e66c1eaa.jpg?v=1754325941","type":"image\/jpeg"}],"author":"Carina Reifonas","twitter_card":"summary_large_image","twitter_misc":{"Escrito por":"Carina Reifonas","Est. tempo de leitura":"5 minutos"},"schema":{"@context":"https:\/\/schema.org","@graph":[{"@type":"Article","@id":"https:\/\/redenoticiaz.com.br\/litoralsp\/2025\/08\/09\/medicamento-vencido-traz-risco-a-saude-e-ao-meio-ambiente#article","isPartOf":{"@id":"https:\/\/redenoticiaz.com.br\/litoralsp\/2025\/08\/09\/medicamento-vencido-traz-risco-a-saude-e-ao-meio-ambiente"},"author":{"name":"Carina Reifonas","@id":"https:\/\/redenoticiaz.com.br\/litoralsp\/#\/schema\/person\/1f84d6e94e6a62d2d81199d7503e9e90"},"headline":"Medicamento vencido traz risco \u00e0 sa\u00fade e ao meio ambiente","datePublished":"2025-08-09T14:00:04+00:00","mainEntityOfPage":{"@id":"https:\/\/redenoticiaz.com.br\/litoralsp\/2025\/08\/09\/medicamento-vencido-traz-risco-a-saude-e-ao-meio-ambiente"},"wordCount":945,"commentCount":0,"publisher":{"@id":"https:\/\/redenoticiaz.com.br\/litoralsp\/#organization"},"image":{"@id":"https:\/\/redenoticiaz.com.br\/litoralsp\/2025\/08\/09\/medicamento-vencido-traz-risco-a-saude-e-ao-meio-ambiente#primaryimage"},"thumbnailUrl":"https:\/\/redenoticiaz.com.br\/litoralsp\/wp-content\/uploads\/sites\/3\/2025\/08\/ed9e8c60-b35d-4a6e-8359-6b99e66c1eaa.jpg?v=1754325941","keywords":["DESCARTE","MEDICAMENTO","MEIO AMBIENTE","saude"],"articleSection":["Meio Ambiente","Sa\u00fade"],"inLanguage":"pt-BR","potentialAction":[{"@type":"CommentAction","name":"Comment","target":["https:\/\/redenoticiaz.com.br\/litoralsp\/2025\/08\/09\/medicamento-vencido-traz-risco-a-saude-e-ao-meio-ambiente#respond"]}]},{"@type":"WebPage","@id":"https:\/\/redenoticiaz.com.br\/litoralsp\/2025\/08\/09\/medicamento-vencido-traz-risco-a-saude-e-ao-meio-ambiente","url":"https:\/\/redenoticiaz.com.br\/litoralsp\/2025\/08\/09\/medicamento-vencido-traz-risco-a-saude-e-ao-meio-ambiente","name":"Medicamento vencido traz risco \u00e0 sa\u00fade e ao meio ambiente - Litoral SP","isPartOf":{"@id":"https:\/\/redenoticiaz.com.br\/litoralsp\/#website"},"primaryImageOfPage":{"@id":"https:\/\/redenoticiaz.com.br\/litoralsp\/2025\/08\/09\/medicamento-vencido-traz-risco-a-saude-e-ao-meio-ambiente#primaryimage"},"image":{"@id":"https:\/\/redenoticiaz.com.br\/litoralsp\/2025\/08\/09\/medicamento-vencido-traz-risco-a-saude-e-ao-meio-ambiente#primaryimage"},"thumbnailUrl":"https:\/\/redenoticiaz.com.br\/litoralsp\/wp-content\/uploads\/sites\/3\/2025\/08\/ed9e8c60-b35d-4a6e-8359-6b99e66c1eaa.jpg?v=1754325941","datePublished":"2025-08-09T14:00:04+00:00","description":"O h\u00e1bito de formar um estoque de medicamentos vencidos ou em desuso ainda \u00e9 comum em muitos lares brasileiros, mas essa pr\u00e1tica pode trazer s\u00e9rios riscos \u00e0 sa\u00fade","inLanguage":"pt-BR","potentialAction":[{"@type":"ReadAction","target":["https:\/\/redenoticiaz.com.br\/litoralsp\/2025\/08\/09\/medicamento-vencido-traz-risco-a-saude-e-ao-meio-ambiente"]}]},{"@type":"ImageObject","inLanguage":"pt-BR","@id":"https:\/\/redenoticiaz.com.br\/litoralsp\/2025\/08\/09\/medicamento-vencido-traz-risco-a-saude-e-ao-meio-ambiente#primaryimage","url":"https:\/\/redenoticiaz.com.br\/litoralsp\/wp-content\/uploads\/sites\/3\/2025\/08\/ed9e8c60-b35d-4a6e-8359-6b99e66c1eaa.jpg?v=1754325941","contentUrl":"https:\/\/redenoticiaz.com.br\/litoralsp\/wp-content\/uploads\/sites\/3\/2025\/08\/ed9e8c60-b35d-4a6e-8359-6b99e66c1eaa.jpg?v=1754325941","width":1000,"height":668,"caption":"Medicamento vencido traz risco \u00e0 sa\u00fade e ao meio ambiente \u2014 Foto: Divulga\u00e7\u00e3o"},{"@type":"WebSite","@id":"https:\/\/redenoticiaz.com.br\/litoralsp\/#website","url":"https:\/\/redenoticiaz.com.br\/litoralsp\/","name":"Litoral SP","description":"Rede NoticiaZ","publisher":{"@id":"https:\/\/redenoticiaz.com.br\/litoralsp\/#organization"},"potentialAction":[{"@type":"SearchAction","target":{"@type":"EntryPoint","urlTemplate":"https:\/\/redenoticiaz.com.br\/litoralsp\/?s={search_term_string}"},"query-input":{"@type":"PropertyValueSpecification","valueRequired":true,"valueName":"search_term_string"}}],"inLanguage":"pt-BR"},{"@type":"Organization","@id":"https:\/\/redenoticiaz.com.br\/litoralsp\/#organization","name":"Litoral SP","url":"https:\/\/redenoticiaz.com.br\/litoralsp\/","logo":{"@type":"ImageObject","inLanguage":"pt-BR","@id":"https:\/\/redenoticiaz.com.br\/litoralsp\/#\/schema\/logo\/image\/","url":"https:\/\/redenoticiaz.com.br\/litoralsp\/wp-content\/uploads\/sites\/3\/2020\/11\/logo.jpg","contentUrl":"https:\/\/redenoticiaz.com.br\/litoralsp\/wp-content\/uploads\/sites\/3\/2020\/11\/logo.jpg","width":400,"height":250,"caption":"Litoral SP"},"image":{"@id":"https:\/\/redenoticiaz.com.br\/litoralsp\/#\/schema\/logo\/image\/"}},{"@type":"Person","@id":"https:\/\/redenoticiaz.com.br\/litoralsp\/#\/schema\/person\/1f84d6e94e6a62d2d81199d7503e9e90","name":"Carina Reifonas","image":{"@type":"ImageObject","inLanguage":"pt-BR","@id":"https:\/\/secure.gravatar.com\/avatar\/04c59859b23696cf867715880f81d5c037e60109730bdb4e6670ec2a2245bc97?s=96&d=mm&r=g","url":"https:\/\/secure.gravatar.com\/avatar\/04c59859b23696cf867715880f81d5c037e60109730bdb4e6670ec2a2245bc97?s=96&d=mm&r=g","contentUrl":"https:\/\/secure.gravatar.com\/avatar\/04c59859b23696cf867715880f81d5c037e60109730bdb4e6670ec2a2245bc97?s=96&d=mm&r=g","caption":"Carina Reifonas"},"url":"https:\/\/redenoticiaz.com.br\/litoralsp\/author\/carinareifonas"}]}},"_links":{"self":[{"href":"https:\/\/redenoticiaz.com.br\/litoralsp\/wp-json\/wp\/v2\/posts\/120405","targetHints":{"allow":["GET"]}}],"collection":[{"href":"https:\/\/redenoticiaz.com.br\/litoralsp\/wp-json\/wp\/v2\/posts"}],"about":[{"href":"https:\/\/redenoticiaz.com.br\/litoralsp\/wp-json\/wp\/v2\/types\/post"}],"author":[{"embeddable":true,"href":"https:\/\/redenoticiaz.com.br\/litoralsp\/wp-json\/wp\/v2\/users\/30"}],"replies":[{"embeddable":true,"href":"https:\/\/redenoticiaz.com.br\/litoralsp\/wp-json\/wp\/v2\/comments?post=120405"}],"version-history":[{"count":1,"href":"https:\/\/redenoticiaz.com.br\/litoralsp\/wp-json\/wp\/v2\/posts\/120405\/revisions"}],"predecessor-version":[{"id":120452,"href":"https:\/\/redenoticiaz.com.br\/litoralsp\/wp-json\/wp\/v2\/posts\/120405\/revisions\/120452"}],"wp:featuredmedia":[{"embeddable":true,"href":"https:\/\/redenoticiaz.com.br\/litoralsp\/wp-json\/wp\/v2\/media\/120406"}],"wp:attachment":[{"href":"https:\/\/redenoticiaz.com.br\/litoralsp\/wp-json\/wp\/v2\/media?parent=120405"}],"wp:term":[{"taxonomy":"category","embeddable":true,"href":"https:\/\/redenoticiaz.com.br\/litoralsp\/wp-json\/wp\/v2\/categories?post=120405"},{"taxonomy":"post_tag","embeddable":true,"href":"https:\/\/redenoticiaz.com.br\/litoralsp\/wp-json\/wp\/v2\/tags?post=120405"}],"curies":[{"name":"wp","href":"https:\/\/api.w.org\/{rel}","templated":true}]}}