{"id":120433,"date":"2025-08-07T12:05:16","date_gmt":"2025-08-07T15:05:16","guid":{"rendered":"https:\/\/redenoticiaz.com.br\/litoralsp\/2025\/08\/07\/vaga-home-office-no-mec-avaliadores-serao-contratados-sem-prova-nem-entrevista"},"modified":"2025-08-07T12:37:57","modified_gmt":"2025-08-07T15:37:57","slug":"vaga-home-office-no-mec-avaliadores-serao-contratados-sem-prova-nem-entrevista","status":"publish","type":"post","link":"https:\/\/redenoticiaz.com.br\/litoralsp\/2025\/08\/07\/vaga-home-office-no-mec-avaliadores-serao-contratados-sem-prova-nem-entrevista","title":{"rendered":"Vaga home office no MEC: avaliadores ser\u00e3o contratados sem prova nem entrevista"},"content":{"rendered":"<p>O Minist\u00e9rio da Educa\u00e7\u00e3o (MEC) est\u00e1 com inscri\u00e7\u00f5es abertas at\u00e9 23 de agosto para formar um Banco de Avaliadores de projetos pedag\u00f3gicos de cursos t\u00e9cnicos. O trabalho ser\u00e1 100% remoto, e a sele\u00e7\u00e3o dispensa provas e entrevistas.<\/p>\n<p>A oportunidade est\u00e1 dispon\u00edvel por meio do<a href=\"https:\/\/www.gov.br\/mec\/pt-br\/acesso-a-informacao\/institucional\/estrutura-organizacional\/orgaos-especificos-singulares\/secretaria-de-educacao-profissional\/SEI_6030953_Edital_7.pdf\"> Edital n\u00ba 7\/2025<\/a>, publicado nesta segunda-feira (4\/8), e \u00e9 voltada a profissionais da Educa\u00e7\u00e3o Profissional e Tecnol\u00f3gica com experi\u00eancia na \u00e1rea e t\u00edtulo de mestrado. O foco ser\u00e1 a avalia\u00e7\u00e3o de cursos t\u00e9cnicos oferecidos por institui\u00e7\u00f5es privadas de ensino superior (Ipes).<\/p>\n<p>A remunera\u00e7\u00e3o ser\u00e1 por servi\u00e7o prestado, conforme a Resolu\u00e7\u00e3o CD\/FNDE n\u00ba 24\/2011, sem v\u00ednculo empregat\u00edcio direto com o MEC. Os selecionados atuar\u00e3o de forma virtual, com exce\u00e7\u00f5es previstas para casos espec\u00edficos.<\/p>\n<p>\u2705 Requisitos para participar da sele\u00e7\u00e3o:<br \/>\nAtuar na rede p\u00fablica de ensino em regime de dedica\u00e7\u00e3o exclusiva;<\/p>\n<ul>\n<li>Ter t\u00edtulo de mestrado (acad\u00eamico ou profissional) reconhecido pelo MEC;<\/li>\n<li>Ter, no m\u00ednimo, 3 anos de experi\u00eancia docente ou em \u00e1reas correlatas da educa\u00e7\u00e3o t\u00e9cnica;<\/li>\n<li>Ter conhecimento ou experi\u00eancia em organiza\u00e7\u00e3o curricular de cursos t\u00e9cnicos;<\/li>\n<li>N\u00e3o ter v\u00ednculo com institui\u00e7\u00f5es privadas de ensino nem com o MEC, Capes, FNDE ou Inep;<\/li>\n<li>Estar regular junto aos \u00f3rg\u00e3os tribut\u00e1rios e previdenci\u00e1rios;<\/li>\n<li>N\u00e3o ter parentesco at\u00e9 terceiro grau com dirigentes de Ipes.<\/li>\n<\/ul>\n<p>As inscri\u00e7\u00f5es devem ser feitas pelo site do Monitoramento e Avalia\u00e7\u00e3o de Programas (MAP), na aba Cadastro de Especialistas \u2014 Banco de Avaliadores. Para fins de pagamento, \u00e9 necess\u00e1rio tamb\u00e9m o cadastro no Sistema de Avalia\u00e7\u00e3o Educacional (SAE).<\/p>\n<p>N\u00e3o h\u00e1 um n\u00famero exato de vagas, j\u00e1 que o objetivo \u00e9 formar um banco nacional de especialistas. Caso o n\u00famero de inscritos ultrapasse a demanda, a sele\u00e7\u00e3o poder\u00e1 incluir sorteio eletr\u00f4nico, com base no eixo tecnol\u00f3gico informado pelo candidato.<\/p>\n<p>Os profissionais aprovados passar\u00e3o por uma capacita\u00e7\u00e3o online e integrar\u00e3o o banco por at\u00e9 24 meses. As inscri\u00e7\u00f5es devem ser feitas no <a href=\"https:\/\/map.mec.gov.br\/\">site do Monitoramento e Avalia\u00e7\u00e3o de Programas (MAP), na aba Cadastro de Especialistas de Avaliadores \u2014 Banco de Avaliadores.<\/a><\/p>\n<p>LEIA MAIS<\/p>\n<p><a href=\"https:\/\/redenoticiaz.com.br\/blog\/2025\/08\/05\/elo-abre-vagas-com-modelo-hibrido-e-pacote-de-beneficios\">Elo abre vagas com modelo h\u00edbrido e pacote de benef\u00edcios<\/a><\/p>\n<p><a href=\"https:\/\/redenoticiaz.com.br\/blog\/2025\/08\/04\/itau-oferece-110-vagas-de-emprego-em-diferentes-areas-ha-posicoes-em-modelo-hibrido\">Ita\u00fa oferece 110 vagas de emprego em diferentes \u00e1reas; h\u00e1 posi\u00e7\u00f5es em modelo h\u00edbrido<\/a><\/p>\n","protected":false},"excerpt":{"rendered":"<p>O Minist\u00e9rio da Educa\u00e7\u00e3o (MEC) est\u00e1 com inscri\u00e7\u00f5es abertas at\u00e9 23 de agosto para formar um Banco de Avaliadores de projetos pedag\u00f3gicos de cursos t\u00e9cnicos. O trabalho ser\u00e1 100% remoto, e a sele\u00e7\u00e3o dispensa provas e entrevistas. A oportunidade est\u00e1 dispon\u00edvel por meio do Edital n\u00ba 7\/2025, publicado nesta segunda-feira (4\/8), e \u00e9 voltada a &hellip;<\/p>\n","protected":false},"author":30,"featured_media":120434,"comment_status":"open","ping_status":"closed","sticky":false,"template":"","format":"standard","meta":{"footnotes":""},"categories":[67963],"tags":[69299,58981,55812,69300,36316,59141],"class_list":["post-120433","post","type-post","status-publish","format-standard","has-post-thumbnail","hentry","category-emprego","tag-avaliadores","tag-entrevista","tag-mec","tag-office","tag-prova","tag-vaga"],"yoast_head":"<!-- This site is optimized with the Yoast SEO plugin v27.4 - https:\/\/yoast.com\/product\/yoast-seo-wordpress\/ -->\n<title>Vaga home office no MEC: avaliadores ser\u00e3o contratados sem prova nem entrevista - Litoral SP<\/title>\n<meta name=\"description\" content=\"O Minist\u00e9rio da Educa\u00e7\u00e3o (MEC) est\u00e1 com inscri\u00e7\u00f5es abertas at\u00e9 23 de agosto para formar um Banco de Avaliadores de projetos pedag\u00f3gicos de cursos t\u00e9cnicos.\" \/>\n<meta name=\"robots\" content=\"index, follow, max-snippet:-1, max-image-preview:large, max-video-preview:-1\" \/>\n<link rel=\"canonical\" href=\"https:\/\/redenoticiaz.com.br\/litoralsp\/2025\/08\/07\/vaga-home-office-no-mec-avaliadores-serao-contratados-sem-prova-nem-entrevista\" \/>\n<meta property=\"og:locale\" content=\"pt_BR\" \/>\n<meta property=\"og:type\" content=\"article\" \/>\n<meta property=\"og:title\" content=\"Vaga home office no MEC: avaliadores ser\u00e3o contratados sem prova nem entrevista - Litoral SP\" \/>\n<meta property=\"og:description\" content=\"O Minist\u00e9rio da Educa\u00e7\u00e3o (MEC) est\u00e1 com inscri\u00e7\u00f5es abertas at\u00e9 23 de agosto para formar um Banco de Avaliadores de projetos pedag\u00f3gicos de cursos t\u00e9cnicos.\" \/>\n<meta property=\"og:url\" content=\"https:\/\/redenoticiaz.com.br\/litoralsp\/2025\/08\/07\/vaga-home-office-no-mec-avaliadores-serao-contratados-sem-prova-nem-entrevista\" \/>\n<meta property=\"og:site_name\" content=\"Litoral SP\" \/>\n<meta property=\"article:published_time\" content=\"2025-08-07T15:05:16+00:00\" \/>\n<meta property=\"article:modified_time\" content=\"2025-08-07T15:37:57+00:00\" \/>\n<meta property=\"og:image\" content=\"https:\/\/redenoticiaz.com.br\/litoralsp\/wp-content\/uploads\/sites\/3\/2025\/08\/Captura-de-tela-2025-08-07-115227.jpg?v=1754578871\" \/>\n\t<meta property=\"og:image:width\" content=\"623\" \/>\n\t<meta property=\"og:image:height\" content=\"396\" \/>\n\t<meta property=\"og:image:type\" content=\"image\/jpeg\" \/>\n<meta name=\"author\" content=\"Carina Reifonas\" \/>\n<meta name=\"twitter:card\" content=\"summary_large_image\" \/>\n<meta name=\"twitter:label1\" content=\"Escrito por\" \/>\n\t<meta name=\"twitter:data1\" content=\"Carina Reifonas\" \/>\n\t<meta name=\"twitter:label2\" content=\"Est. tempo de leitura\" \/>\n\t<meta name=\"twitter:data2\" content=\"3 minutos\" \/>\n<script type=\"application\/ld+json\" class=\"yoast-schema-graph\">{\"@context\":\"https:\\\/\\\/schema.org\",\"@graph\":[{\"@type\":\"Article\",\"@id\":\"https:\\\/\\\/redenoticiaz.com.br\\\/litoralsp\\\/2025\\\/08\\\/07\\\/vaga-home-office-no-mec-avaliadores-serao-contratados-sem-prova-nem-entrevista#article\",\"isPartOf\":{\"@id\":\"https:\\\/\\\/redenoticiaz.com.br\\\/litoralsp\\\/2025\\\/08\\\/07\\\/vaga-home-office-no-mec-avaliadores-serao-contratados-sem-prova-nem-entrevista\"},\"author\":{\"name\":\"Carina Reifonas\",\"@id\":\"https:\\\/\\\/redenoticiaz.com.br\\\/litoralsp\\\/#\\\/schema\\\/person\\\/1f84d6e94e6a62d2d81199d7503e9e90\"},\"headline\":\"Vaga home office no MEC: avaliadores ser\u00e3o contratados sem prova nem entrevista\",\"datePublished\":\"2025-08-07T15:05:16+00:00\",\"dateModified\":\"2025-08-07T15:37:57+00:00\",\"mainEntityOfPage\":{\"@id\":\"https:\\\/\\\/redenoticiaz.com.br\\\/litoralsp\\\/2025\\\/08\\\/07\\\/vaga-home-office-no-mec-avaliadores-serao-contratados-sem-prova-nem-entrevista\"},\"wordCount\":408,\"commentCount\":0,\"publisher\":{\"@id\":\"https:\\\/\\\/redenoticiaz.com.br\\\/litoralsp\\\/#organization\"},\"image\":{\"@id\":\"https:\\\/\\\/redenoticiaz.com.br\\\/litoralsp\\\/2025\\\/08\\\/07\\\/vaga-home-office-no-mec-avaliadores-serao-contratados-sem-prova-nem-entrevista#primaryimage\"},\"thumbnailUrl\":\"https:\\\/\\\/redenoticiaz.com.br\\\/litoralsp\\\/wp-content\\\/uploads\\\/sites\\\/3\\\/2025\\\/08\\\/Captura-de-tela-2025-08-07-115227.jpg?v=1754578871\",\"keywords\":[\"avaliadores\",\"entrevista\",\"MEC\",\"Office\",\"PROVA\",\"VAGA\"],\"articleSection\":[\"Emprego\"],\"inLanguage\":\"pt-BR\",\"potentialAction\":[{\"@type\":\"CommentAction\",\"name\":\"Comment\",\"target\":[\"https:\\\/\\\/redenoticiaz.com.br\\\/litoralsp\\\/2025\\\/08\\\/07\\\/vaga-home-office-no-mec-avaliadores-serao-contratados-sem-prova-nem-entrevista#respond\"]}]},{\"@type\":\"WebPage\",\"@id\":\"https:\\\/\\\/redenoticiaz.com.br\\\/litoralsp\\\/2025\\\/08\\\/07\\\/vaga-home-office-no-mec-avaliadores-serao-contratados-sem-prova-nem-entrevista\",\"url\":\"https:\\\/\\\/redenoticiaz.com.br\\\/litoralsp\\\/2025\\\/08\\\/07\\\/vaga-home-office-no-mec-avaliadores-serao-contratados-sem-prova-nem-entrevista\",\"name\":\"Vaga home office no MEC: avaliadores ser\u00e3o contratados sem prova nem entrevista - Litoral SP\",\"isPartOf\":{\"@id\":\"https:\\\/\\\/redenoticiaz.com.br\\\/litoralsp\\\/#website\"},\"primaryImageOfPage\":{\"@id\":\"https:\\\/\\\/redenoticiaz.com.br\\\/litoralsp\\\/2025\\\/08\\\/07\\\/vaga-home-office-no-mec-avaliadores-serao-contratados-sem-prova-nem-entrevista#primaryimage\"},\"image\":{\"@id\":\"https:\\\/\\\/redenoticiaz.com.br\\\/litoralsp\\\/2025\\\/08\\\/07\\\/vaga-home-office-no-mec-avaliadores-serao-contratados-sem-prova-nem-entrevista#primaryimage\"},\"thumbnailUrl\":\"https:\\\/\\\/redenoticiaz.com.br\\\/litoralsp\\\/wp-content\\\/uploads\\\/sites\\\/3\\\/2025\\\/08\\\/Captura-de-tela-2025-08-07-115227.jpg?v=1754578871\",\"datePublished\":\"2025-08-07T15:05:16+00:00\",\"dateModified\":\"2025-08-07T15:37:57+00:00\",\"description\":\"O Minist\u00e9rio da Educa\u00e7\u00e3o (MEC) est\u00e1 com inscri\u00e7\u00f5es abertas at\u00e9 23 de agosto para formar um Banco de Avaliadores de projetos pedag\u00f3gicos de cursos t\u00e9cnicos.\",\"inLanguage\":\"pt-BR\",\"potentialAction\":[{\"@type\":\"ReadAction\",\"target\":[\"https:\\\/\\\/redenoticiaz.com.br\\\/litoralsp\\\/2025\\\/08\\\/07\\\/vaga-home-office-no-mec-avaliadores-serao-contratados-sem-prova-nem-entrevista\"]}]},{\"@type\":\"ImageObject\",\"inLanguage\":\"pt-BR\",\"@id\":\"https:\\\/\\\/redenoticiaz.com.br\\\/litoralsp\\\/2025\\\/08\\\/07\\\/vaga-home-office-no-mec-avaliadores-serao-contratados-sem-prova-nem-entrevista#primaryimage\",\"url\":\"https:\\\/\\\/redenoticiaz.com.br\\\/litoralsp\\\/wp-content\\\/uploads\\\/sites\\\/3\\\/2025\\\/08\\\/Captura-de-tela-2025-08-07-115227.jpg?v=1754578871\",\"contentUrl\":\"https:\\\/\\\/redenoticiaz.com.br\\\/litoralsp\\\/wp-content\\\/uploads\\\/sites\\\/3\\\/2025\\\/08\\\/Captura-de-tela-2025-08-07-115227.jpg?v=1754578871\",\"width\":623,\"height\":396,\"caption\":\"Vaga home office no MEC: avaliadores ser\u00e3o contratados sem prova nem entrevista\"},{\"@type\":\"WebSite\",\"@id\":\"https:\\\/\\\/redenoticiaz.com.br\\\/litoralsp\\\/#website\",\"url\":\"https:\\\/\\\/redenoticiaz.com.br\\\/litoralsp\\\/\",\"name\":\"Litoral SP\",\"description\":\"Rede NoticiaZ\",\"publisher\":{\"@id\":\"https:\\\/\\\/redenoticiaz.com.br\\\/litoralsp\\\/#organization\"},\"potentialAction\":[{\"@type\":\"SearchAction\",\"target\":{\"@type\":\"EntryPoint\",\"urlTemplate\":\"https:\\\/\\\/redenoticiaz.com.br\\\/litoralsp\\\/?s={search_term_string}\"},\"query-input\":{\"@type\":\"PropertyValueSpecification\",\"valueRequired\":true,\"valueName\":\"search_term_string\"}}],\"inLanguage\":\"pt-BR\"},{\"@type\":\"Organization\",\"@id\":\"https:\\\/\\\/redenoticiaz.com.br\\\/litoralsp\\\/#organization\",\"name\":\"Litoral SP\",\"url\":\"https:\\\/\\\/redenoticiaz.com.br\\\/litoralsp\\\/\",\"logo\":{\"@type\":\"ImageObject\",\"inLanguage\":\"pt-BR\",\"@id\":\"https:\\\/\\\/redenoticiaz.com.br\\\/litoralsp\\\/#\\\/schema\\\/logo\\\/image\\\/\",\"url\":\"https:\\\/\\\/redenoticiaz.com.br\\\/litoralsp\\\/wp-content\\\/uploads\\\/sites\\\/3\\\/2020\\\/11\\\/logo.jpg\",\"contentUrl\":\"https:\\\/\\\/redenoticiaz.com.br\\\/litoralsp\\\/wp-content\\\/uploads\\\/sites\\\/3\\\/2020\\\/11\\\/logo.jpg\",\"width\":400,\"height\":250,\"caption\":\"Litoral SP\"},\"image\":{\"@id\":\"https:\\\/\\\/redenoticiaz.com.br\\\/litoralsp\\\/#\\\/schema\\\/logo\\\/image\\\/\"}},{\"@type\":\"Person\",\"@id\":\"https:\\\/\\\/redenoticiaz.com.br\\\/litoralsp\\\/#\\\/schema\\\/person\\\/1f84d6e94e6a62d2d81199d7503e9e90\",\"name\":\"Carina Reifonas\",\"image\":{\"@type\":\"ImageObject\",\"inLanguage\":\"pt-BR\",\"@id\":\"https:\\\/\\\/secure.gravatar.com\\\/avatar\\\/04c59859b23696cf867715880f81d5c037e60109730bdb4e6670ec2a2245bc97?s=96&d=mm&r=g\",\"url\":\"https:\\\/\\\/secure.gravatar.com\\\/avatar\\\/04c59859b23696cf867715880f81d5c037e60109730bdb4e6670ec2a2245bc97?s=96&d=mm&r=g\",\"contentUrl\":\"https:\\\/\\\/secure.gravatar.com\\\/avatar\\\/04c59859b23696cf867715880f81d5c037e60109730bdb4e6670ec2a2245bc97?s=96&d=mm&r=g\",\"caption\":\"Carina Reifonas\"},\"url\":\"https:\\\/\\\/redenoticiaz.com.br\\\/litoralsp\\\/author\\\/carinareifonas\"}]}<\/script>\n<!-- \/ Yoast SEO plugin. -->","yoast_head_json":{"title":"Vaga home office no MEC: avaliadores ser\u00e3o contratados sem prova nem entrevista - Litoral SP","description":"O Minist\u00e9rio da Educa\u00e7\u00e3o (MEC) est\u00e1 com inscri\u00e7\u00f5es abertas at\u00e9 23 de agosto para formar um Banco de Avaliadores de projetos pedag\u00f3gicos de cursos t\u00e9cnicos.","robots":{"index":"index","follow":"follow","max-snippet":"max-snippet:-1","max-image-preview":"max-image-preview:large","max-video-preview":"max-video-preview:-1"},"canonical":"https:\/\/redenoticiaz.com.br\/litoralsp\/2025\/08\/07\/vaga-home-office-no-mec-avaliadores-serao-contratados-sem-prova-nem-entrevista","og_locale":"pt_BR","og_type":"article","og_title":"Vaga home office no MEC: avaliadores ser\u00e3o contratados sem prova nem entrevista - Litoral SP","og_description":"O Minist\u00e9rio da Educa\u00e7\u00e3o (MEC) est\u00e1 com inscri\u00e7\u00f5es abertas at\u00e9 23 de agosto para formar um Banco de Avaliadores de projetos pedag\u00f3gicos de cursos t\u00e9cnicos.","og_url":"https:\/\/redenoticiaz.com.br\/litoralsp\/2025\/08\/07\/vaga-home-office-no-mec-avaliadores-serao-contratados-sem-prova-nem-entrevista","og_site_name":"Litoral SP","article_published_time":"2025-08-07T15:05:16+00:00","article_modified_time":"2025-08-07T15:37:57+00:00","og_image":[{"width":623,"height":396,"url":"https:\/\/redenoticiaz.com.br\/litoralsp\/wp-content\/uploads\/sites\/3\/2025\/08\/Captura-de-tela-2025-08-07-115227.jpg?v=1754578871","type":"image\/jpeg"}],"author":"Carina Reifonas","twitter_card":"summary_large_image","twitter_misc":{"Escrito por":"Carina Reifonas","Est. tempo de leitura":"3 minutos"},"schema":{"@context":"https:\/\/schema.org","@graph":[{"@type":"Article","@id":"https:\/\/redenoticiaz.com.br\/litoralsp\/2025\/08\/07\/vaga-home-office-no-mec-avaliadores-serao-contratados-sem-prova-nem-entrevista#article","isPartOf":{"@id":"https:\/\/redenoticiaz.com.br\/litoralsp\/2025\/08\/07\/vaga-home-office-no-mec-avaliadores-serao-contratados-sem-prova-nem-entrevista"},"author":{"name":"Carina Reifonas","@id":"https:\/\/redenoticiaz.com.br\/litoralsp\/#\/schema\/person\/1f84d6e94e6a62d2d81199d7503e9e90"},"headline":"Vaga home office no MEC: avaliadores ser\u00e3o contratados sem prova nem entrevista","datePublished":"2025-08-07T15:05:16+00:00","dateModified":"2025-08-07T15:37:57+00:00","mainEntityOfPage":{"@id":"https:\/\/redenoticiaz.com.br\/litoralsp\/2025\/08\/07\/vaga-home-office-no-mec-avaliadores-serao-contratados-sem-prova-nem-entrevista"},"wordCount":408,"commentCount":0,"publisher":{"@id":"https:\/\/redenoticiaz.com.br\/litoralsp\/#organization"},"image":{"@id":"https:\/\/redenoticiaz.com.br\/litoralsp\/2025\/08\/07\/vaga-home-office-no-mec-avaliadores-serao-contratados-sem-prova-nem-entrevista#primaryimage"},"thumbnailUrl":"https:\/\/redenoticiaz.com.br\/litoralsp\/wp-content\/uploads\/sites\/3\/2025\/08\/Captura-de-tela-2025-08-07-115227.jpg?v=1754578871","keywords":["avaliadores","entrevista","MEC","Office","PROVA","VAGA"],"articleSection":["Emprego"],"inLanguage":"pt-BR","potentialAction":[{"@type":"CommentAction","name":"Comment","target":["https:\/\/redenoticiaz.com.br\/litoralsp\/2025\/08\/07\/vaga-home-office-no-mec-avaliadores-serao-contratados-sem-prova-nem-entrevista#respond"]}]},{"@type":"WebPage","@id":"https:\/\/redenoticiaz.com.br\/litoralsp\/2025\/08\/07\/vaga-home-office-no-mec-avaliadores-serao-contratados-sem-prova-nem-entrevista","url":"https:\/\/redenoticiaz.com.br\/litoralsp\/2025\/08\/07\/vaga-home-office-no-mec-avaliadores-serao-contratados-sem-prova-nem-entrevista","name":"Vaga home office no MEC: avaliadores ser\u00e3o contratados sem prova nem entrevista - Litoral SP","isPartOf":{"@id":"https:\/\/redenoticiaz.com.br\/litoralsp\/#website"},"primaryImageOfPage":{"@id":"https:\/\/redenoticiaz.com.br\/litoralsp\/2025\/08\/07\/vaga-home-office-no-mec-avaliadores-serao-contratados-sem-prova-nem-entrevista#primaryimage"},"image":{"@id":"https:\/\/redenoticiaz.com.br\/litoralsp\/2025\/08\/07\/vaga-home-office-no-mec-avaliadores-serao-contratados-sem-prova-nem-entrevista#primaryimage"},"thumbnailUrl":"https:\/\/redenoticiaz.com.br\/litoralsp\/wp-content\/uploads\/sites\/3\/2025\/08\/Captura-de-tela-2025-08-07-115227.jpg?v=1754578871","datePublished":"2025-08-07T15:05:16+00:00","dateModified":"2025-08-07T15:37:57+00:00","description":"O Minist\u00e9rio da Educa\u00e7\u00e3o (MEC) est\u00e1 com inscri\u00e7\u00f5es abertas at\u00e9 23 de agosto para formar um Banco de Avaliadores de projetos pedag\u00f3gicos de cursos t\u00e9cnicos.","inLanguage":"pt-BR","potentialAction":[{"@type":"ReadAction","target":["https:\/\/redenoticiaz.com.br\/litoralsp\/2025\/08\/07\/vaga-home-office-no-mec-avaliadores-serao-contratados-sem-prova-nem-entrevista"]}]},{"@type":"ImageObject","inLanguage":"pt-BR","@id":"https:\/\/redenoticiaz.com.br\/litoralsp\/2025\/08\/07\/vaga-home-office-no-mec-avaliadores-serao-contratados-sem-prova-nem-entrevista#primaryimage","url":"https:\/\/redenoticiaz.com.br\/litoralsp\/wp-content\/uploads\/sites\/3\/2025\/08\/Captura-de-tela-2025-08-07-115227.jpg?v=1754578871","contentUrl":"https:\/\/redenoticiaz.com.br\/litoralsp\/wp-content\/uploads\/sites\/3\/2025\/08\/Captura-de-tela-2025-08-07-115227.jpg?v=1754578871","width":623,"height":396,"caption":"Vaga home office no MEC: avaliadores ser\u00e3o contratados sem prova nem entrevista"},{"@type":"WebSite","@id":"https:\/\/redenoticiaz.com.br\/litoralsp\/#website","url":"https:\/\/redenoticiaz.com.br\/litoralsp\/","name":"Litoral SP","description":"Rede NoticiaZ","publisher":{"@id":"https:\/\/redenoticiaz.com.br\/litoralsp\/#organization"},"potentialAction":[{"@type":"SearchAction","target":{"@type":"EntryPoint","urlTemplate":"https:\/\/redenoticiaz.com.br\/litoralsp\/?s={search_term_string}"},"query-input":{"@type":"PropertyValueSpecification","valueRequired":true,"valueName":"search_term_string"}}],"inLanguage":"pt-BR"},{"@type":"Organization","@id":"https:\/\/redenoticiaz.com.br\/litoralsp\/#organization","name":"Litoral SP","url":"https:\/\/redenoticiaz.com.br\/litoralsp\/","logo":{"@type":"ImageObject","inLanguage":"pt-BR","@id":"https:\/\/redenoticiaz.com.br\/litoralsp\/#\/schema\/logo\/image\/","url":"https:\/\/redenoticiaz.com.br\/litoralsp\/wp-content\/uploads\/sites\/3\/2020\/11\/logo.jpg","contentUrl":"https:\/\/redenoticiaz.com.br\/litoralsp\/wp-content\/uploads\/sites\/3\/2020\/11\/logo.jpg","width":400,"height":250,"caption":"Litoral SP"},"image":{"@id":"https:\/\/redenoticiaz.com.br\/litoralsp\/#\/schema\/logo\/image\/"}},{"@type":"Person","@id":"https:\/\/redenoticiaz.com.br\/litoralsp\/#\/schema\/person\/1f84d6e94e6a62d2d81199d7503e9e90","name":"Carina Reifonas","image":{"@type":"ImageObject","inLanguage":"pt-BR","@id":"https:\/\/secure.gravatar.com\/avatar\/04c59859b23696cf867715880f81d5c037e60109730bdb4e6670ec2a2245bc97?s=96&d=mm&r=g","url":"https:\/\/secure.gravatar.com\/avatar\/04c59859b23696cf867715880f81d5c037e60109730bdb4e6670ec2a2245bc97?s=96&d=mm&r=g","contentUrl":"https:\/\/secure.gravatar.com\/avatar\/04c59859b23696cf867715880f81d5c037e60109730bdb4e6670ec2a2245bc97?s=96&d=mm&r=g","caption":"Carina Reifonas"},"url":"https:\/\/redenoticiaz.com.br\/litoralsp\/author\/carinareifonas"}]}},"_links":{"self":[{"href":"https:\/\/redenoticiaz.com.br\/litoralsp\/wp-json\/wp\/v2\/posts\/120433","targetHints":{"allow":["GET"]}}],"collection":[{"href":"https:\/\/redenoticiaz.com.br\/litoralsp\/wp-json\/wp\/v2\/posts"}],"about":[{"href":"https:\/\/redenoticiaz.com.br\/litoralsp\/wp-json\/wp\/v2\/types\/post"}],"author":[{"embeddable":true,"href":"https:\/\/redenoticiaz.com.br\/litoralsp\/wp-json\/wp\/v2\/users\/30"}],"replies":[{"embeddable":true,"href":"https:\/\/redenoticiaz.com.br\/litoralsp\/wp-json\/wp\/v2\/comments?post=120433"}],"version-history":[{"count":1,"href":"https:\/\/redenoticiaz.com.br\/litoralsp\/wp-json\/wp\/v2\/posts\/120433\/revisions"}],"predecessor-version":[{"id":120437,"href":"https:\/\/redenoticiaz.com.br\/litoralsp\/wp-json\/wp\/v2\/posts\/120433\/revisions\/120437"}],"wp:featuredmedia":[{"embeddable":true,"href":"https:\/\/redenoticiaz.com.br\/litoralsp\/wp-json\/wp\/v2\/media\/120434"}],"wp:attachment":[{"href":"https:\/\/redenoticiaz.com.br\/litoralsp\/wp-json\/wp\/v2\/media?parent=120433"}],"wp:term":[{"taxonomy":"category","embeddable":true,"href":"https:\/\/redenoticiaz.com.br\/litoralsp\/wp-json\/wp\/v2\/categories?post=120433"},{"taxonomy":"post_tag","embeddable":true,"href":"https:\/\/redenoticiaz.com.br\/litoralsp\/wp-json\/wp\/v2\/tags?post=120433"}],"curies":[{"name":"wp","href":"https:\/\/api.w.org\/{rel}","templated":true}]}}