{"id":120445,"date":"2025-08-08T12:01:13","date_gmt":"2025-08-08T15:01:13","guid":{"rendered":"https:\/\/redenoticiaz.com.br\/litoralsp\/2025\/08\/08\/quer-trabalhar-na-nestle-confira-as-93-vagas-abertas-agora-mesmo"},"modified":"2025-08-08T13:47:07","modified_gmt":"2025-08-08T16:47:07","slug":"quer-trabalhar-na-nestle-confira-as-93-vagas-abertas-agora-mesmo","status":"publish","type":"post","link":"https:\/\/redenoticiaz.com.br\/litoralsp\/2025\/08\/08\/quer-trabalhar-na-nestle-confira-as-93-vagas-abertas-agora-mesmo","title":{"rendered":"Quer trabalhar na Nestl\u00e9? Confira as 93 vagas abertas agora mesmo"},"content":{"rendered":"<p>A Nestl\u00e9 abriu 93 vagas para profissionais de diversas \u00e1reas em diferentes regi\u00f5es do Brasil. As oportunidades s\u00e3o para cargos presenciais e tamb\u00e9m para trabalho remoto, com foco em produ\u00e7\u00e3o, manuten\u00e7\u00e3o, opera\u00e7\u00e3o de m\u00e1quinas, vendas e log\u00edstica.<\/p>\n<h3><strong>Entre as posi\u00e7\u00f5es dispon\u00edveis est\u00e3o:<\/strong><\/h3>\n<ul>\n<li style=\"list-style-type: none\">\n<ul>\n<li>Operador de M\u00e1quinas III \u2013 Ribeir\u00e3o Preto (SP)<\/li>\n<li>Mec\u00e2nico de Manuten\u00e7\u00e3o Pleno \u2013 Ara\u00e7atuba (SP)<\/li>\n<li>Auxiliar de Armaz\u00e9m \u2013 Cordeir\u00f3polis (SP)<\/li>\n<li>Representante de Nutri\u00e7\u00e3o J\u00fanior \u2013 Juiz de Fora (MG) e Caxias do Sul (RS)<\/li>\n<li>Banco de Talentos para profissionais em Ara\u00e7atuba e Araras (SP)<\/li>\n<\/ul>\n<\/li>\n<\/ul>\n<h3><strong>Vagas exclusivas para S\u00e3o Paulo Capital:<\/strong><\/h3>\n<ul>\n<li>Repositor(a) \u2013 capital e interior de S\u00e3o Paulo (vendas)<\/li>\n<li>Consultoria Boutique Nespresso \u2013 unidades no Morumbi, Shopping Higien\u00f3polis e Campinas (SP)<\/li>\n<li>Banco de Talentos para vendas em boutiques Nespresso na capital paulista<\/li>\n<li>Analista de Log\u00edstica Internacional Jr \u2013 S\u00e3o Paulo (supply chain)<\/li>\n<li>Analista de Abastecimento de Exporta\u00e7\u00e3o Pleno \u2013 S\u00e3o Paulo<\/li>\n<li>Coordena\u00e7\u00e3o de Gest\u00e3o de Dados Mestres \u2013 S\u00e3o Paulo<\/li>\n<\/ul>\n<p>A Nestl\u00e9 tamb\u00e9m mant\u00e9m um banco de curr\u00edculos espec\u00edfico para pessoas com defici\u00eancia, refor\u00e7ando seu compromisso com a inclus\u00e3o.<\/p>\n<p>Os interessados podem conferir as vagas e se candidatar no <a href=\"https:\/\/www.nestle.com\/jobs\/search-jobs?keyword=&amp;country=BR&amp;location=S%C3%A3o+Paulo&amp;career_area=All\">site oficial de carreiras da Nestl\u00e9.\u00a0<\/a><\/p>\n<p>LEIA MAIS<\/p>\n<p><a href=\"https:\/\/redenoticiaz.com.br\/blog\/2025\/08\/04\/cursos-gratuitos-online-ajudam-a-turbinar-o-curriculo-e-aumentar-as-chances-no-mercado-de-trabalho\">Cursos gratuitos online ajudam a turbinar o curr\u00edculo e aumentar as chances no mercado de trabalho\u00a0<\/a><\/p>\n<p><a href=\"https:\/\/redenoticiaz.com.br\/blog\/2025\/08\/08\/golpe-digital-com-falso-suporte-de-plataforma-de-vendas-causa-prejuizo-de-quase-r-8-mil\">Golpe digital com falso suporte de plataforma de vendas causa preju\u00edzo de quase R$ 8 mil<\/a><\/p>\n","protected":false},"excerpt":{"rendered":"<p>A Nestl\u00e9 abriu 93 vagas para profissionais de diversas \u00e1reas em diferentes regi\u00f5es do Brasil. As oportunidades s\u00e3o para cargos presenciais e tamb\u00e9m para trabalho remoto, com foco em produ\u00e7\u00e3o, manuten\u00e7\u00e3o, opera\u00e7\u00e3o de m\u00e1quinas, vendas e log\u00edstica. Entre as posi\u00e7\u00f5es dispon\u00edveis est\u00e3o: Operador de M\u00e1quinas III \u2013 Ribeir\u00e3o Preto (SP) Mec\u00e2nico de Manuten\u00e7\u00e3o Pleno \u2013 &hellip;<\/p>\n","protected":false},"author":30,"featured_media":120447,"comment_status":"open","ping_status":"closed","sticky":false,"template":"","format":"standard","meta":{"footnotes":""},"categories":[67963],"tags":[68527,65,22019],"class_list":["post-120445","post","type-post","status-publish","format-standard","has-post-thumbnail","hentry","category-emprego","tag-nestle","tag-sao-paulo","tag-vagas"],"yoast_head":"<!-- This site is optimized with the Yoast SEO plugin v27.5 - https:\/\/yoast.com\/product\/yoast-seo-wordpress\/ -->\n<title>Quer trabalhar na Nestl\u00e9? Confira as 93 vagas abertas agora mesmo - Litoral SP<\/title>\n<meta name=\"description\" content=\"A Nestl\u00e9 abriu 93 vagas para profissionais de diversas \u00e1reas em diferentes regi\u00f5es do Brasil. As oportunidades s\u00e3o para cargos presenciais e tamb\u00e9m para trabalho remoto\" \/>\n<meta name=\"robots\" content=\"index, follow, max-snippet:-1, max-image-preview:large, max-video-preview:-1\" \/>\n<link rel=\"canonical\" href=\"https:\/\/redenoticiaz.com.br\/litoralsp\/2025\/08\/08\/quer-trabalhar-na-nestle-confira-as-93-vagas-abertas-agora-mesmo\" \/>\n<meta property=\"og:locale\" content=\"pt_BR\" \/>\n<meta property=\"og:type\" content=\"article\" \/>\n<meta property=\"og:title\" content=\"Quer trabalhar na Nestl\u00e9? Confira as 93 vagas abertas agora mesmo - Litoral SP\" \/>\n<meta property=\"og:description\" content=\"A Nestl\u00e9 abriu 93 vagas para profissionais de diversas \u00e1reas em diferentes regi\u00f5es do Brasil. As oportunidades s\u00e3o para cargos presenciais e tamb\u00e9m para trabalho remoto\" \/>\n<meta property=\"og:url\" content=\"https:\/\/redenoticiaz.com.br\/litoralsp\/2025\/08\/08\/quer-trabalhar-na-nestle-confira-as-93-vagas-abertas-agora-mesmo\" \/>\n<meta property=\"og:site_name\" content=\"Litoral SP\" \/>\n<meta property=\"article:published_time\" content=\"2025-08-08T15:01:13+00:00\" \/>\n<meta property=\"article:modified_time\" content=\"2025-08-08T16:47:07+00:00\" \/>\n<meta property=\"og:image\" content=\"https:\/\/redenoticiaz.com.br\/litoralsp\/wp-content\/uploads\/sites\/3\/2024\/09\/Nestle-.jpg?v=1712329553\" \/>\n\t<meta property=\"og:image:width\" content=\"1920\" \/>\n\t<meta property=\"og:image:height\" content=\"1005\" \/>\n\t<meta property=\"og:image:type\" content=\"image\/jpeg\" \/>\n<meta name=\"author\" content=\"Carina Reifonas\" \/>\n<meta name=\"twitter:card\" content=\"summary_large_image\" \/>\n<meta name=\"twitter:label1\" content=\"Escrito por\" \/>\n\t<meta name=\"twitter:data1\" content=\"Carina Reifonas\" \/>\n\t<meta name=\"twitter:label2\" content=\"Est. tempo de leitura\" \/>\n\t<meta name=\"twitter:data2\" content=\"2 minutos\" \/>\n<script type=\"application\/ld+json\" class=\"yoast-schema-graph\">{\"@context\":\"https:\\\/\\\/schema.org\",\"@graph\":[{\"@type\":\"Article\",\"@id\":\"https:\\\/\\\/redenoticiaz.com.br\\\/litoralsp\\\/2025\\\/08\\\/08\\\/quer-trabalhar-na-nestle-confira-as-93-vagas-abertas-agora-mesmo#article\",\"isPartOf\":{\"@id\":\"https:\\\/\\\/redenoticiaz.com.br\\\/litoralsp\\\/2025\\\/08\\\/08\\\/quer-trabalhar-na-nestle-confira-as-93-vagas-abertas-agora-mesmo\"},\"author\":{\"name\":\"Carina Reifonas\",\"@id\":\"https:\\\/\\\/redenoticiaz.com.br\\\/litoralsp\\\/#\\\/schema\\\/person\\\/1f84d6e94e6a62d2d81199d7503e9e90\"},\"headline\":\"Quer trabalhar na Nestl\u00e9? Confira as 93 vagas abertas agora mesmo\",\"datePublished\":\"2025-08-08T15:01:13+00:00\",\"dateModified\":\"2025-08-08T16:47:07+00:00\",\"mainEntityOfPage\":{\"@id\":\"https:\\\/\\\/redenoticiaz.com.br\\\/litoralsp\\\/2025\\\/08\\\/08\\\/quer-trabalhar-na-nestle-confira-as-93-vagas-abertas-agora-mesmo\"},\"wordCount\":262,\"commentCount\":0,\"publisher\":{\"@id\":\"https:\\\/\\\/redenoticiaz.com.br\\\/litoralsp\\\/#organization\"},\"image\":{\"@id\":\"https:\\\/\\\/redenoticiaz.com.br\\\/litoralsp\\\/2025\\\/08\\\/08\\\/quer-trabalhar-na-nestle-confira-as-93-vagas-abertas-agora-mesmo#primaryimage\"},\"thumbnailUrl\":\"https:\\\/\\\/redenoticiaz.com.br\\\/litoralsp\\\/wp-content\\\/uploads\\\/sites\\\/3\\\/2025\\\/08\\\/Captura-de-tela-2025-08-08-134544.jpg?v=1754671608\",\"keywords\":[\"nestl\u00e9\",\"S\u00e3o Paulo\",\"VAGAS\"],\"articleSection\":[\"Emprego\"],\"inLanguage\":\"pt-BR\",\"potentialAction\":[{\"@type\":\"CommentAction\",\"name\":\"Comment\",\"target\":[\"https:\\\/\\\/redenoticiaz.com.br\\\/litoralsp\\\/2025\\\/08\\\/08\\\/quer-trabalhar-na-nestle-confira-as-93-vagas-abertas-agora-mesmo#respond\"]}]},{\"@type\":\"WebPage\",\"@id\":\"https:\\\/\\\/redenoticiaz.com.br\\\/litoralsp\\\/2025\\\/08\\\/08\\\/quer-trabalhar-na-nestle-confira-as-93-vagas-abertas-agora-mesmo\",\"url\":\"https:\\\/\\\/redenoticiaz.com.br\\\/litoralsp\\\/2025\\\/08\\\/08\\\/quer-trabalhar-na-nestle-confira-as-93-vagas-abertas-agora-mesmo\",\"name\":\"Quer trabalhar na Nestl\u00e9? Confira as 93 vagas abertas agora mesmo - Litoral SP\",\"isPartOf\":{\"@id\":\"https:\\\/\\\/redenoticiaz.com.br\\\/litoralsp\\\/#website\"},\"primaryImageOfPage\":{\"@id\":\"https:\\\/\\\/redenoticiaz.com.br\\\/litoralsp\\\/2025\\\/08\\\/08\\\/quer-trabalhar-na-nestle-confira-as-93-vagas-abertas-agora-mesmo#primaryimage\"},\"image\":{\"@id\":\"https:\\\/\\\/redenoticiaz.com.br\\\/litoralsp\\\/2025\\\/08\\\/08\\\/quer-trabalhar-na-nestle-confira-as-93-vagas-abertas-agora-mesmo#primaryimage\"},\"thumbnailUrl\":\"https:\\\/\\\/redenoticiaz.com.br\\\/litoralsp\\\/wp-content\\\/uploads\\\/sites\\\/3\\\/2025\\\/08\\\/Captura-de-tela-2025-08-08-134544.jpg?v=1754671608\",\"datePublished\":\"2025-08-08T15:01:13+00:00\",\"dateModified\":\"2025-08-08T16:47:07+00:00\",\"description\":\"A Nestl\u00e9 abriu 93 vagas para profissionais de diversas \u00e1reas em diferentes regi\u00f5es do Brasil. As oportunidades s\u00e3o para cargos presenciais e tamb\u00e9m para trabalho remoto\",\"inLanguage\":\"pt-BR\",\"potentialAction\":[{\"@type\":\"ReadAction\",\"target\":[\"https:\\\/\\\/redenoticiaz.com.br\\\/litoralsp\\\/2025\\\/08\\\/08\\\/quer-trabalhar-na-nestle-confira-as-93-vagas-abertas-agora-mesmo\"]}]},{\"@type\":\"ImageObject\",\"inLanguage\":\"pt-BR\",\"@id\":\"https:\\\/\\\/redenoticiaz.com.br\\\/litoralsp\\\/2025\\\/08\\\/08\\\/quer-trabalhar-na-nestle-confira-as-93-vagas-abertas-agora-mesmo#primaryimage\",\"url\":\"https:\\\/\\\/redenoticiaz.com.br\\\/litoralsp\\\/wp-content\\\/uploads\\\/sites\\\/3\\\/2025\\\/08\\\/Captura-de-tela-2025-08-08-134544.jpg?v=1754671608\",\"contentUrl\":\"https:\\\/\\\/redenoticiaz.com.br\\\/litoralsp\\\/wp-content\\\/uploads\\\/sites\\\/3\\\/2025\\\/08\\\/Captura-de-tela-2025-08-08-134544.jpg?v=1754671608\",\"width\":651,\"height\":426,\"caption\":\"Nestl\u00e9\"},{\"@type\":\"WebSite\",\"@id\":\"https:\\\/\\\/redenoticiaz.com.br\\\/litoralsp\\\/#website\",\"url\":\"https:\\\/\\\/redenoticiaz.com.br\\\/litoralsp\\\/\",\"name\":\"Litoral SP\",\"description\":\"Rede NoticiaZ\",\"publisher\":{\"@id\":\"https:\\\/\\\/redenoticiaz.com.br\\\/litoralsp\\\/#organization\"},\"potentialAction\":[{\"@type\":\"SearchAction\",\"target\":{\"@type\":\"EntryPoint\",\"urlTemplate\":\"https:\\\/\\\/redenoticiaz.com.br\\\/litoralsp\\\/?s={search_term_string}\"},\"query-input\":{\"@type\":\"PropertyValueSpecification\",\"valueRequired\":true,\"valueName\":\"search_term_string\"}}],\"inLanguage\":\"pt-BR\"},{\"@type\":\"Organization\",\"@id\":\"https:\\\/\\\/redenoticiaz.com.br\\\/litoralsp\\\/#organization\",\"name\":\"Litoral SP\",\"url\":\"https:\\\/\\\/redenoticiaz.com.br\\\/litoralsp\\\/\",\"logo\":{\"@type\":\"ImageObject\",\"inLanguage\":\"pt-BR\",\"@id\":\"https:\\\/\\\/redenoticiaz.com.br\\\/litoralsp\\\/#\\\/schema\\\/logo\\\/image\\\/\",\"url\":\"https:\\\/\\\/redenoticiaz.com.br\\\/litoralsp\\\/wp-content\\\/uploads\\\/sites\\\/3\\\/2020\\\/11\\\/logo.jpg\",\"contentUrl\":\"https:\\\/\\\/redenoticiaz.com.br\\\/litoralsp\\\/wp-content\\\/uploads\\\/sites\\\/3\\\/2020\\\/11\\\/logo.jpg\",\"width\":400,\"height\":250,\"caption\":\"Litoral SP\"},\"image\":{\"@id\":\"https:\\\/\\\/redenoticiaz.com.br\\\/litoralsp\\\/#\\\/schema\\\/logo\\\/image\\\/\"}},{\"@type\":\"Person\",\"@id\":\"https:\\\/\\\/redenoticiaz.com.br\\\/litoralsp\\\/#\\\/schema\\\/person\\\/1f84d6e94e6a62d2d81199d7503e9e90\",\"name\":\"Carina Reifonas\",\"image\":{\"@type\":\"ImageObject\",\"inLanguage\":\"pt-BR\",\"@id\":\"https:\\\/\\\/secure.gravatar.com\\\/avatar\\\/04c59859b23696cf867715880f81d5c037e60109730bdb4e6670ec2a2245bc97?s=96&d=mm&r=g\",\"url\":\"https:\\\/\\\/secure.gravatar.com\\\/avatar\\\/04c59859b23696cf867715880f81d5c037e60109730bdb4e6670ec2a2245bc97?s=96&d=mm&r=g\",\"contentUrl\":\"https:\\\/\\\/secure.gravatar.com\\\/avatar\\\/04c59859b23696cf867715880f81d5c037e60109730bdb4e6670ec2a2245bc97?s=96&d=mm&r=g\",\"caption\":\"Carina Reifonas\"},\"url\":\"https:\\\/\\\/redenoticiaz.com.br\\\/litoralsp\\\/author\\\/carinareifonas\"}]}<\/script>\n<!-- \/ Yoast SEO plugin. -->","yoast_head_json":{"title":"Quer trabalhar na Nestl\u00e9? Confira as 93 vagas abertas agora mesmo - Litoral SP","description":"A Nestl\u00e9 abriu 93 vagas para profissionais de diversas \u00e1reas em diferentes regi\u00f5es do Brasil. As oportunidades s\u00e3o para cargos presenciais e tamb\u00e9m para trabalho remoto","robots":{"index":"index","follow":"follow","max-snippet":"max-snippet:-1","max-image-preview":"max-image-preview:large","max-video-preview":"max-video-preview:-1"},"canonical":"https:\/\/redenoticiaz.com.br\/litoralsp\/2025\/08\/08\/quer-trabalhar-na-nestle-confira-as-93-vagas-abertas-agora-mesmo","og_locale":"pt_BR","og_type":"article","og_title":"Quer trabalhar na Nestl\u00e9? Confira as 93 vagas abertas agora mesmo - Litoral SP","og_description":"A Nestl\u00e9 abriu 93 vagas para profissionais de diversas \u00e1reas em diferentes regi\u00f5es do Brasil. As oportunidades s\u00e3o para cargos presenciais e tamb\u00e9m para trabalho remoto","og_url":"https:\/\/redenoticiaz.com.br\/litoralsp\/2025\/08\/08\/quer-trabalhar-na-nestle-confira-as-93-vagas-abertas-agora-mesmo","og_site_name":"Litoral SP","article_published_time":"2025-08-08T15:01:13+00:00","article_modified_time":"2025-08-08T16:47:07+00:00","og_image":[{"width":1920,"height":1005,"url":"https:\/\/redenoticiaz.com.br\/litoralsp\/wp-content\/uploads\/sites\/3\/2024\/09\/Nestle-.jpg?v=1712329553","type":"image\/jpeg"}],"author":"Carina Reifonas","twitter_card":"summary_large_image","twitter_misc":{"Escrito por":"Carina Reifonas","Est. tempo de leitura":"2 minutos"},"schema":{"@context":"https:\/\/schema.org","@graph":[{"@type":"Article","@id":"https:\/\/redenoticiaz.com.br\/litoralsp\/2025\/08\/08\/quer-trabalhar-na-nestle-confira-as-93-vagas-abertas-agora-mesmo#article","isPartOf":{"@id":"https:\/\/redenoticiaz.com.br\/litoralsp\/2025\/08\/08\/quer-trabalhar-na-nestle-confira-as-93-vagas-abertas-agora-mesmo"},"author":{"name":"Carina Reifonas","@id":"https:\/\/redenoticiaz.com.br\/litoralsp\/#\/schema\/person\/1f84d6e94e6a62d2d81199d7503e9e90"},"headline":"Quer trabalhar na Nestl\u00e9? Confira as 93 vagas abertas agora mesmo","datePublished":"2025-08-08T15:01:13+00:00","dateModified":"2025-08-08T16:47:07+00:00","mainEntityOfPage":{"@id":"https:\/\/redenoticiaz.com.br\/litoralsp\/2025\/08\/08\/quer-trabalhar-na-nestle-confira-as-93-vagas-abertas-agora-mesmo"},"wordCount":262,"commentCount":0,"publisher":{"@id":"https:\/\/redenoticiaz.com.br\/litoralsp\/#organization"},"image":{"@id":"https:\/\/redenoticiaz.com.br\/litoralsp\/2025\/08\/08\/quer-trabalhar-na-nestle-confira-as-93-vagas-abertas-agora-mesmo#primaryimage"},"thumbnailUrl":"https:\/\/redenoticiaz.com.br\/litoralsp\/wp-content\/uploads\/sites\/3\/2025\/08\/Captura-de-tela-2025-08-08-134544.jpg?v=1754671608","keywords":["nestl\u00e9","S\u00e3o Paulo","VAGAS"],"articleSection":["Emprego"],"inLanguage":"pt-BR","potentialAction":[{"@type":"CommentAction","name":"Comment","target":["https:\/\/redenoticiaz.com.br\/litoralsp\/2025\/08\/08\/quer-trabalhar-na-nestle-confira-as-93-vagas-abertas-agora-mesmo#respond"]}]},{"@type":"WebPage","@id":"https:\/\/redenoticiaz.com.br\/litoralsp\/2025\/08\/08\/quer-trabalhar-na-nestle-confira-as-93-vagas-abertas-agora-mesmo","url":"https:\/\/redenoticiaz.com.br\/litoralsp\/2025\/08\/08\/quer-trabalhar-na-nestle-confira-as-93-vagas-abertas-agora-mesmo","name":"Quer trabalhar na Nestl\u00e9? Confira as 93 vagas abertas agora mesmo - Litoral SP","isPartOf":{"@id":"https:\/\/redenoticiaz.com.br\/litoralsp\/#website"},"primaryImageOfPage":{"@id":"https:\/\/redenoticiaz.com.br\/litoralsp\/2025\/08\/08\/quer-trabalhar-na-nestle-confira-as-93-vagas-abertas-agora-mesmo#primaryimage"},"image":{"@id":"https:\/\/redenoticiaz.com.br\/litoralsp\/2025\/08\/08\/quer-trabalhar-na-nestle-confira-as-93-vagas-abertas-agora-mesmo#primaryimage"},"thumbnailUrl":"https:\/\/redenoticiaz.com.br\/litoralsp\/wp-content\/uploads\/sites\/3\/2025\/08\/Captura-de-tela-2025-08-08-134544.jpg?v=1754671608","datePublished":"2025-08-08T15:01:13+00:00","dateModified":"2025-08-08T16:47:07+00:00","description":"A Nestl\u00e9 abriu 93 vagas para profissionais de diversas \u00e1reas em diferentes regi\u00f5es do Brasil. As oportunidades s\u00e3o para cargos presenciais e tamb\u00e9m para trabalho remoto","inLanguage":"pt-BR","potentialAction":[{"@type":"ReadAction","target":["https:\/\/redenoticiaz.com.br\/litoralsp\/2025\/08\/08\/quer-trabalhar-na-nestle-confira-as-93-vagas-abertas-agora-mesmo"]}]},{"@type":"ImageObject","inLanguage":"pt-BR","@id":"https:\/\/redenoticiaz.com.br\/litoralsp\/2025\/08\/08\/quer-trabalhar-na-nestle-confira-as-93-vagas-abertas-agora-mesmo#primaryimage","url":"https:\/\/redenoticiaz.com.br\/litoralsp\/wp-content\/uploads\/sites\/3\/2025\/08\/Captura-de-tela-2025-08-08-134544.jpg?v=1754671608","contentUrl":"https:\/\/redenoticiaz.com.br\/litoralsp\/wp-content\/uploads\/sites\/3\/2025\/08\/Captura-de-tela-2025-08-08-134544.jpg?v=1754671608","width":651,"height":426,"caption":"Nestl\u00e9"},{"@type":"WebSite","@id":"https:\/\/redenoticiaz.com.br\/litoralsp\/#website","url":"https:\/\/redenoticiaz.com.br\/litoralsp\/","name":"Litoral SP","description":"Rede NoticiaZ","publisher":{"@id":"https:\/\/redenoticiaz.com.br\/litoralsp\/#organization"},"potentialAction":[{"@type":"SearchAction","target":{"@type":"EntryPoint","urlTemplate":"https:\/\/redenoticiaz.com.br\/litoralsp\/?s={search_term_string}"},"query-input":{"@type":"PropertyValueSpecification","valueRequired":true,"valueName":"search_term_string"}}],"inLanguage":"pt-BR"},{"@type":"Organization","@id":"https:\/\/redenoticiaz.com.br\/litoralsp\/#organization","name":"Litoral SP","url":"https:\/\/redenoticiaz.com.br\/litoralsp\/","logo":{"@type":"ImageObject","inLanguage":"pt-BR","@id":"https:\/\/redenoticiaz.com.br\/litoralsp\/#\/schema\/logo\/image\/","url":"https:\/\/redenoticiaz.com.br\/litoralsp\/wp-content\/uploads\/sites\/3\/2020\/11\/logo.jpg","contentUrl":"https:\/\/redenoticiaz.com.br\/litoralsp\/wp-content\/uploads\/sites\/3\/2020\/11\/logo.jpg","width":400,"height":250,"caption":"Litoral SP"},"image":{"@id":"https:\/\/redenoticiaz.com.br\/litoralsp\/#\/schema\/logo\/image\/"}},{"@type":"Person","@id":"https:\/\/redenoticiaz.com.br\/litoralsp\/#\/schema\/person\/1f84d6e94e6a62d2d81199d7503e9e90","name":"Carina Reifonas","image":{"@type":"ImageObject","inLanguage":"pt-BR","@id":"https:\/\/secure.gravatar.com\/avatar\/04c59859b23696cf867715880f81d5c037e60109730bdb4e6670ec2a2245bc97?s=96&d=mm&r=g","url":"https:\/\/secure.gravatar.com\/avatar\/04c59859b23696cf867715880f81d5c037e60109730bdb4e6670ec2a2245bc97?s=96&d=mm&r=g","contentUrl":"https:\/\/secure.gravatar.com\/avatar\/04c59859b23696cf867715880f81d5c037e60109730bdb4e6670ec2a2245bc97?s=96&d=mm&r=g","caption":"Carina Reifonas"},"url":"https:\/\/redenoticiaz.com.br\/litoralsp\/author\/carinareifonas"}]}},"_links":{"self":[{"href":"https:\/\/redenoticiaz.com.br\/litoralsp\/wp-json\/wp\/v2\/posts\/120445","targetHints":{"allow":["GET"]}}],"collection":[{"href":"https:\/\/redenoticiaz.com.br\/litoralsp\/wp-json\/wp\/v2\/posts"}],"about":[{"href":"https:\/\/redenoticiaz.com.br\/litoralsp\/wp-json\/wp\/v2\/types\/post"}],"author":[{"embeddable":true,"href":"https:\/\/redenoticiaz.com.br\/litoralsp\/wp-json\/wp\/v2\/users\/30"}],"replies":[{"embeddable":true,"href":"https:\/\/redenoticiaz.com.br\/litoralsp\/wp-json\/wp\/v2\/comments?post=120445"}],"version-history":[{"count":1,"href":"https:\/\/redenoticiaz.com.br\/litoralsp\/wp-json\/wp\/v2\/posts\/120445\/revisions"}],"predecessor-version":[{"id":120446,"href":"https:\/\/redenoticiaz.com.br\/litoralsp\/wp-json\/wp\/v2\/posts\/120445\/revisions\/120446"}],"wp:featuredmedia":[{"embeddable":true,"href":"https:\/\/redenoticiaz.com.br\/litoralsp\/wp-json\/wp\/v2\/media\/120447"}],"wp:attachment":[{"href":"https:\/\/redenoticiaz.com.br\/litoralsp\/wp-json\/wp\/v2\/media?parent=120445"}],"wp:term":[{"taxonomy":"category","embeddable":true,"href":"https:\/\/redenoticiaz.com.br\/litoralsp\/wp-json\/wp\/v2\/categories?post=120445"},{"taxonomy":"post_tag","embeddable":true,"href":"https:\/\/redenoticiaz.com.br\/litoralsp\/wp-json\/wp\/v2\/tags?post=120445"}],"curies":[{"name":"wp","href":"https:\/\/api.w.org\/{rel}","templated":true}]}}